{"id":19650,"date":"2015-02-23T09:47:00","date_gmt":"2015-02-23T09:47:00","guid":{"rendered":"http:\/\/www.starsislandlapalma.es\/organizan-un-encuentro-para-poner-en-valor-el-cielo-de-la-isla-como-foco-de-atraccion-turistica-2\/"},"modified":"2020-10-08T08:43:09","modified_gmt":"2020-10-08T08:43:09","slug":"organizan-un-encuentro-para-poner-en-valor-el-cielo-de-la-isla-como-foco-de-atraccion-turistica","status":"publish","type":"post","link":"https:\/\/www.starsislandlapalma.es\/de\/organizan-un-encuentro-para-poner-en-valor-el-cielo-de-la-isla-como-foco-de-atraccion-turistica\/","title":{"rendered":"Organizan un encuentro para poner en valor el cielo de la Isla como foco de atracci\u00f3n tur\u00edstica"},"content":{"rendered":"<p class=\"mce\" style=\"text-align: justify;\">El Instituto Tecnol\u00f3gico de Canarias, en colaboraci\u00f3n con el Cabildo de La Palma y la Agencia Canaria de Investigaci\u00f3n, Innovaci\u00f3n y Sociedad de la Informaci\u00f3n del Gobierno de Canarias, organiza este martes, 24 de febrero, en la Casa Salazar de Santa Cruz de La Palma, la \u2018Segunda Jornada Iniciativa Clustars para el refuerzo de la competitividad de las empresas de astroturismo en La Palma\u201d, cuyo objetivo es poner en valor el cielo de la Isla como producto diferenciador y potenciar las posibilidades que ofrece la astronom\u00eda para el sector tur\u00edstico palmero, se\u00f1ala en un comunicado.<\/p>\n<p class=\"mce\" style=\"text-align: justify;\">La presentaci\u00f3n de la Jornada estar\u00e1 a cargo del gerente del Instituto Tecnol\u00f3gico de Canarias, Antonio M\u00e1rquez Fern\u00e1ndez; el consejero de Turismo del Cabildo de La Palma, Ra\u00fal Camacho Sosa; y el director de la Agencia Canaria de Investigaci\u00f3n, Innovaci\u00f3n y Sociedad de la Informaci\u00f3n, Juan Ruiz Alzola.<\/p>\n<div class=\"no-adv-socios\" style=\"text-align: justify;\">\n<div id=\"SC_InPage.Layer.0.9168924898840487.singleton\">En la nota se indica que \u201ctras la celebraci\u00f3n de la jornada de presentaci\u00f3n de la iniciativa, el pasado 30 de septiembre, organizamos esta segunda jornada con el objetivo de presentar a las entidades involucradas en la cadena de valor del astroturismo en La Palma, cu\u00e1les son los avances que se han alcanzado en este trabajo de campo enmarcado en el proyecto Clustars, a trav\u00e9s de la metodolog\u00eda ofrecida por la Fundaci\u00f3n Europea para la Excelencia de Cl\u00fasteres (http:\/\/www.clusterexcellence.org\/)\u201d.<\/div>\n<\/div>\n<p class=\"mce\" style=\"text-align: justify;\">A\u00f1ade que \u201cse presentar\u00e1n, adem\u00e1s, las principales tendencias de esta actividad y se compartir\u00e1n buenas pr\u00e1cticas identificadas en otros enclaves, en cuanto a la gesti\u00f3n del destino y actividades generadas en torno a la observaci\u00f3n astron\u00f3mica, que pueden servir de referentes a La Palma\u201d.<\/p>\n<p class=\"mce\" style=\"text-align: justify;\">Tambi\u00e9n se ofrecer\u00e1 informaci\u00f3n sobre las l\u00edneas de financiaci\u00f3n regional, nacional y europea identificadas para la realizaci\u00f3n de proyectos innovadores de inter\u00e9s para las empresas y profesionales dedicados al turismo de estrellas en la Isla.<\/p>\n<p class=\"mce\" style=\"text-align: justify;\">Por \u00faltimo, se organizar\u00e1n grupos de trabajo para el desarrollo de las opciones estrat\u00e9gicas m\u00e1s viables para las empresas de astroturismo en La Palma.<\/p>\n<p class=\"mce\" style=\"text-align: justify;\">La jornada est\u00e1 dirigida, por un lado, a los profesionales del sector tur\u00edstico (alojamiento, restauraci\u00f3n, comercio, ocio, etc.) cuya actividad est\u00e9 directa o indirectamente relacionada con el astroturismo, la astronom\u00eda y gu\u00edas Starlight. Y por otro lado, a organismos de investigaci\u00f3n, observatorios astron\u00f3micos, administraciones p\u00fablicas y otros organismos de apoyo.<\/p>\n","protected":false},"excerpt":{"rendered":"<p>El Instituto Tecnol\u00f3gico de Canarias, en colaboraci\u00f3n con el Cabildo de La Palma y la Agencia Canaria de Investigaci\u00f3n, Innovaci\u00f3n y Sociedad de la Informaci\u00f3n del Gobierno de Canarias, organiza este martes, 24 de febrero, en la Casa Salazar de Santa Cruz de La Palma,&#8230;<\/p>\n","protected":false},"author":1,"featured_media":21968,"comment_status":"open","ping_status":"open","sticky":false,"template":"","format":"standard","meta":{"footnotes":""},"categories":[135],"tags":[],"yoast_head":"<!-- This site is optimized with the Yoast SEO plugin v24.5 - https:\/\/yoast.com\/wordpress\/plugins\/seo\/ -->\n<title>Organizan un encuentro para poner en valor el cielo de la Isla como foco de atracci\u00f3n tur\u00edstica &#8902; Stars Island La Palma<\/title>\n<meta name=\"robots\" content=\"index, follow, max-snippet:-1, max-image-preview:large, max-video-preview:-1\" \/>\n<link rel=\"canonical\" href=\"https:\/\/www.starsislandlapalma.es\/de\/organizan-un-encuentro-para-poner-en-valor-el-cielo-de-la-isla-como-foco-de-atraccion-turistica\/\" \/>\n<meta property=\"og:locale\" content=\"de_DE\" \/>\n<meta property=\"og:type\" content=\"article\" \/>\n<meta property=\"og:title\" content=\"Organizan un encuentro para poner en valor el cielo de la Isla como foco de atracci\u00f3n tur\u00edstica &#8902; Stars Island La Palma\" \/>\n<meta property=\"og:description\" content=\"El Instituto Tecnol\u00f3gico de Canarias, en colaboraci\u00f3n con el Cabildo de La Palma y la Agencia Canaria de Investigaci\u00f3n, Innovaci\u00f3n y Sociedad de la Informaci\u00f3n del Gobierno de Canarias, organiza este martes, 24 de febrero, en la Casa Salazar de Santa Cruz de La Palma,...\" \/>\n<meta property=\"og:url\" content=\"https:\/\/www.starsislandlapalma.es\/de\/organizan-un-encuentro-para-poner-en-valor-el-cielo-de-la-isla-como-foco-de-atraccion-turistica\/\" \/>\n<meta property=\"og:site_name\" content=\"Stars Island La Palma\" \/>\n<meta property=\"article:publisher\" content=\"https:\/\/www.facebook.com\/pages\/Starsisland-La-Palma\/210888162375006?ref=hl\" \/>\n<meta property=\"article:published_time\" content=\"2015-02-23T09:47:00+00:00\" \/>\n<meta property=\"article:modified_time\" content=\"2020-10-08T08:43:09+00:00\" \/>\n<meta property=\"og:image\" content=\"https:\/\/www.starsislandlapalma.es\/wp-content\/uploads\/2015\/01\/adastra-lapalma.jpg\" \/>\n\t<meta property=\"og:image:width\" content=\"960\" \/>\n\t<meta property=\"og:image:height\" content=\"640\" \/>\n\t<meta property=\"og:image:type\" content=\"image\/jpeg\" \/>\n<meta name=\"author\" content=\"Stars Island La Palma\" \/>\n<meta name=\"twitter:label1\" content=\"Verfasst von\" \/>\n\t<meta name=\"twitter:data1\" content=\"Stars Island La Palma\" \/>\n\t<meta name=\"twitter:label2\" content=\"Gesch\u00e4tzte Lesezeit\" \/>\n\t<meta name=\"twitter:data2\" content=\"2\u00a0Minuten\" \/>\n<script type=\"application\/ld+json\" class=\"yoast-schema-graph\">{\"@context\":\"https:\/\/schema.org\",\"@graph\":[{\"@type\":\"Article\",\"@id\":\"https:\/\/www.starsislandlapalma.es\/de\/organizan-un-encuentro-para-poner-en-valor-el-cielo-de-la-isla-como-foco-de-atraccion-turistica\/#article\",\"isPartOf\":{\"@id\":\"https:\/\/www.starsislandlapalma.es\/de\/organizan-un-encuentro-para-poner-en-valor-el-cielo-de-la-isla-como-foco-de-atraccion-turistica\/\"},\"author\":{\"name\":\"Stars Island La Palma\",\"@id\":\"https:\/\/www.starsislandlapalma.es\/#\/schema\/person\/9043f5bd4f379ca7532bf525fa88073b\"},\"headline\":\"Organizan un encuentro para poner en valor el cielo de la Isla como foco de atracci\u00f3n tur\u00edstica\",\"datePublished\":\"2015-02-23T09:47:00+00:00\",\"dateModified\":\"2020-10-08T08:43:09+00:00\",\"mainEntityOfPage\":{\"@id\":\"https:\/\/www.starsislandlapalma.es\/de\/organizan-un-encuentro-para-poner-en-valor-el-cielo-de-la-isla-como-foco-de-atraccion-turistica\/\"},\"wordCount\":442,\"commentCount\":0,\"publisher\":{\"@id\":\"https:\/\/www.starsislandlapalma.es\/#organization\"},\"image\":{\"@id\":\"https:\/\/www.starsislandlapalma.es\/de\/organizan-un-encuentro-para-poner-en-valor-el-cielo-de-la-isla-como-foco-de-atraccion-turistica\/#primaryimage\"},\"thumbnailUrl\":\"https:\/\/www.starsislandlapalma.es\/wp-content\/uploads\/2015\/01\/adastra-lapalma.jpg\",\"articleSection\":[\"Nachricht\"],\"inLanguage\":\"de\",\"potentialAction\":[{\"@type\":\"CommentAction\",\"name\":\"Comment\",\"target\":[\"https:\/\/www.starsislandlapalma.es\/de\/organizan-un-encuentro-para-poner-en-valor-el-cielo-de-la-isla-como-foco-de-atraccion-turistica\/#respond\"]}]},{\"@type\":\"WebPage\",\"@id\":\"https:\/\/www.starsislandlapalma.es\/de\/organizan-un-encuentro-para-poner-en-valor-el-cielo-de-la-isla-como-foco-de-atraccion-turistica\/\",\"url\":\"https:\/\/www.starsislandlapalma.es\/de\/organizan-un-encuentro-para-poner-en-valor-el-cielo-de-la-isla-como-foco-de-atraccion-turistica\/\",\"name\":\"Organizan un encuentro para poner en valor el cielo de la Isla como foco de atracci\u00f3n tur\u00edstica &#8902; Stars Island La Palma\",\"isPartOf\":{\"@id\":\"https:\/\/www.starsislandlapalma.es\/#website\"},\"primaryImageOfPage\":{\"@id\":\"https:\/\/www.starsislandlapalma.es\/de\/organizan-un-encuentro-para-poner-en-valor-el-cielo-de-la-isla-como-foco-de-atraccion-turistica\/#primaryimage\"},\"image\":{\"@id\":\"https:\/\/www.starsislandlapalma.es\/de\/organizan-un-encuentro-para-poner-en-valor-el-cielo-de-la-isla-como-foco-de-atraccion-turistica\/#primaryimage\"},\"thumbnailUrl\":\"https:\/\/www.starsislandlapalma.es\/wp-content\/uploads\/2015\/01\/adastra-lapalma.jpg\",\"datePublished\":\"2015-02-23T09:47:00+00:00\",\"dateModified\":\"2020-10-08T08:43:09+00:00\",\"breadcrumb\":{\"@id\":\"https:\/\/www.starsislandlapalma.es\/de\/organizan-un-encuentro-para-poner-en-valor-el-cielo-de-la-isla-como-foco-de-atraccion-turistica\/#breadcrumb\"},\"inLanguage\":\"de\",\"potentialAction\":[{\"@type\":\"ReadAction\",\"target\":[\"https:\/\/www.starsislandlapalma.es\/de\/organizan-un-encuentro-para-poner-en-valor-el-cielo-de-la-isla-como-foco-de-atraccion-turistica\/\"]}]},{\"@type\":\"ImageObject\",\"inLanguage\":\"de\",\"@id\":\"https:\/\/www.starsislandlapalma.es\/de\/organizan-un-encuentro-para-poner-en-valor-el-cielo-de-la-isla-como-foco-de-atraccion-turistica\/#primaryimage\",\"url\":\"https:\/\/www.starsislandlapalma.es\/wp-content\/uploads\/2015\/01\/adastra-lapalma.jpg\",\"contentUrl\":\"https:\/\/www.starsislandlapalma.es\/wp-content\/uploads\/2015\/01\/adastra-lapalma.jpg\",\"width\":960,\"height\":640},{\"@type\":\"BreadcrumbList\",\"@id\":\"https:\/\/www.starsislandlapalma.es\/de\/organizan-un-encuentro-para-poner-en-valor-el-cielo-de-la-isla-como-foco-de-atraccion-turistica\/#breadcrumb\",\"itemListElement\":[{\"@type\":\"ListItem\",\"position\":1,\"name\":\"Portada\",\"item\":\"https:\/\/www.starsislandlapalma.es\/de\/\"},{\"@type\":\"ListItem\",\"position\":2,\"name\":\"Organizan un encuentro para poner en valor el cielo de la Isla como foco de atracci\u00f3n tur\u00edstica\"}]},{\"@type\":\"WebSite\",\"@id\":\"https:\/\/www.starsislandlapalma.es\/#website\",\"url\":\"https:\/\/www.starsislandlapalma.es\/\",\"name\":\"Stars Island La Palma\",\"description\":\"La Palma, el lugar perfecto para disfrutar del universo. Primera Reserva Starlight del mundo, en 2012 se reconoce como Destino Tur\u00edstico Starlight\",\"publisher\":{\"@id\":\"https:\/\/www.starsislandlapalma.es\/#organization\"},\"potentialAction\":[{\"@type\":\"SearchAction\",\"target\":{\"@type\":\"EntryPoint\",\"urlTemplate\":\"https:\/\/www.starsislandlapalma.es\/?s={search_term_string}\"},\"query-input\":{\"@type\":\"PropertyValueSpecification\",\"valueRequired\":true,\"valueName\":\"search_term_string\"}}],\"inLanguage\":\"de\"},{\"@type\":\"Organization\",\"@id\":\"https:\/\/www.starsislandlapalma.es\/#organization\",\"name\":\"Star Island La Palma\",\"url\":\"https:\/\/www.starsislandlapalma.es\/\",\"logo\":{\"@type\":\"ImageObject\",\"inLanguage\":\"de\",\"@id\":\"https:\/\/www.starsislandlapalma.es\/#\/schema\/logo\/image\/\",\"url\":\"https:\/\/www.starsislandlapalma.es\/wp-content\/uploads\/2022\/01\/logo_starisland.png\",\"contentUrl\":\"https:\/\/www.starsislandlapalma.es\/wp-content\/uploads\/2022\/01\/logo_starisland.png\",\"width\":172,\"height\":139,\"caption\":\"Star Island La Palma\"},\"image\":{\"@id\":\"https:\/\/www.starsislandlapalma.es\/#\/schema\/logo\/image\/\"},\"sameAs\":[\"https:\/\/www.facebook.com\/pages\/Starsisland-La-Palma\/210888162375006?ref=hl\",\"https:\/\/x.com\/starsislandlapa\",\"https:\/\/www.pinterest.com\/astroturismo\/\",\"https:\/\/www.youtube.com\/channel\/UCV7sju1ggcBpJG39HQCBtsA\"]},{\"@type\":\"Person\",\"@id\":\"https:\/\/www.starsislandlapalma.es\/#\/schema\/person\/9043f5bd4f379ca7532bf525fa88073b\",\"name\":\"Stars Island La Palma\",\"image\":{\"@type\":\"ImageObject\",\"inLanguage\":\"de\",\"@id\":\"https:\/\/www.starsislandlapalma.es\/#\/schema\/person\/image\/\",\"url\":\"https:\/\/secure.gravatar.com\/avatar\/214edfeae37af83662fa1058aeebfb41?s=96&d=mm&r=g\",\"contentUrl\":\"https:\/\/secure.gravatar.com\/avatar\/214edfeae37af83662fa1058aeebfb41?s=96&d=mm&r=g\",\"caption\":\"Stars Island La Palma\"},\"url\":\"https:\/\/www.starsislandlapalma.es\/de\/author\/star\/\"}]}<\/script>\n<!-- \/ Yoast SEO plugin. -->","yoast_head_json":{"title":"Organizan un encuentro para poner en valor el cielo de la Isla como foco de atracci\u00f3n tur\u00edstica &#8902; Stars Island La Palma","robots":{"index":"index","follow":"follow","max-snippet":"max-snippet:-1","max-image-preview":"max-image-preview:large","max-video-preview":"max-video-preview:-1"},"canonical":"https:\/\/www.starsislandlapalma.es\/de\/organizan-un-encuentro-para-poner-en-valor-el-cielo-de-la-isla-como-foco-de-atraccion-turistica\/","og_locale":"de_DE","og_type":"article","og_title":"Organizan un encuentro para poner en valor el cielo de la Isla como foco de atracci\u00f3n tur\u00edstica &#8902; Stars Island La Palma","og_description":"El Instituto Tecnol\u00f3gico de Canarias, en colaboraci\u00f3n con el Cabildo de La Palma y la Agencia Canaria de Investigaci\u00f3n, Innovaci\u00f3n y Sociedad de la Informaci\u00f3n del Gobierno de Canarias, organiza este martes, 24 de febrero, en la Casa Salazar de Santa Cruz de La Palma,...","og_url":"https:\/\/www.starsislandlapalma.es\/de\/organizan-un-encuentro-para-poner-en-valor-el-cielo-de-la-isla-como-foco-de-atraccion-turistica\/","og_site_name":"Stars Island La Palma","article_publisher":"https:\/\/www.facebook.com\/pages\/Starsisland-La-Palma\/210888162375006?ref=hl","article_published_time":"2015-02-23T09:47:00+00:00","article_modified_time":"2020-10-08T08:43:09+00:00","og_image":[{"width":960,"height":640,"url":"https:\/\/www.starsislandlapalma.es\/wp-content\/uploads\/2015\/01\/adastra-lapalma.jpg","type":"image\/jpeg"}],"author":"Stars Island La Palma","twitter_misc":{"Verfasst von":"Stars Island La Palma","Gesch\u00e4tzte Lesezeit":"2\u00a0Minuten"},"schema":{"@context":"https:\/\/schema.org","@graph":[{"@type":"Article","@id":"https:\/\/www.starsislandlapalma.es\/de\/organizan-un-encuentro-para-poner-en-valor-el-cielo-de-la-isla-como-foco-de-atraccion-turistica\/#article","isPartOf":{"@id":"https:\/\/www.starsislandlapalma.es\/de\/organizan-un-encuentro-para-poner-en-valor-el-cielo-de-la-isla-como-foco-de-atraccion-turistica\/"},"author":{"name":"Stars Island La Palma","@id":"https:\/\/www.starsislandlapalma.es\/#\/schema\/person\/9043f5bd4f379ca7532bf525fa88073b"},"headline":"Organizan un encuentro para poner en valor el cielo de la Isla como foco de atracci\u00f3n tur\u00edstica","datePublished":"2015-02-23T09:47:00+00:00","dateModified":"2020-10-08T08:43:09+00:00","mainEntityOfPage":{"@id":"https:\/\/www.starsislandlapalma.es\/de\/organizan-un-encuentro-para-poner-en-valor-el-cielo-de-la-isla-como-foco-de-atraccion-turistica\/"},"wordCount":442,"commentCount":0,"publisher":{"@id":"https:\/\/www.starsislandlapalma.es\/#organization"},"image":{"@id":"https:\/\/www.starsislandlapalma.es\/de\/organizan-un-encuentro-para-poner-en-valor-el-cielo-de-la-isla-como-foco-de-atraccion-turistica\/#primaryimage"},"thumbnailUrl":"https:\/\/www.starsislandlapalma.es\/wp-content\/uploads\/2015\/01\/adastra-lapalma.jpg","articleSection":["Nachricht"],"inLanguage":"de","potentialAction":[{"@type":"CommentAction","name":"Comment","target":["https:\/\/www.starsislandlapalma.es\/de\/organizan-un-encuentro-para-poner-en-valor-el-cielo-de-la-isla-como-foco-de-atraccion-turistica\/#respond"]}]},{"@type":"WebPage","@id":"https:\/\/www.starsislandlapalma.es\/de\/organizan-un-encuentro-para-poner-en-valor-el-cielo-de-la-isla-como-foco-de-atraccion-turistica\/","url":"https:\/\/www.starsislandlapalma.es\/de\/organizan-un-encuentro-para-poner-en-valor-el-cielo-de-la-isla-como-foco-de-atraccion-turistica\/","name":"Organizan un encuentro para poner en valor el cielo de la Isla como foco de atracci\u00f3n tur\u00edstica &#8902; Stars Island La Palma","isPartOf":{"@id":"https:\/\/www.starsislandlapalma.es\/#website"},"primaryImageOfPage":{"@id":"https:\/\/www.starsislandlapalma.es\/de\/organizan-un-encuentro-para-poner-en-valor-el-cielo-de-la-isla-como-foco-de-atraccion-turistica\/#primaryimage"},"image":{"@id":"https:\/\/www.starsislandlapalma.es\/de\/organizan-un-encuentro-para-poner-en-valor-el-cielo-de-la-isla-como-foco-de-atraccion-turistica\/#primaryimage"},"thumbnailUrl":"https:\/\/www.starsislandlapalma.es\/wp-content\/uploads\/2015\/01\/adastra-lapalma.jpg","datePublished":"2015-02-23T09:47:00+00:00","dateModified":"2020-10-08T08:43:09+00:00","breadcrumb":{"@id":"https:\/\/www.starsislandlapalma.es\/de\/organizan-un-encuentro-para-poner-en-valor-el-cielo-de-la-isla-como-foco-de-atraccion-turistica\/#breadcrumb"},"inLanguage":"de","potentialAction":[{"@type":"ReadAction","target":["https:\/\/www.starsislandlapalma.es\/de\/organizan-un-encuentro-para-poner-en-valor-el-cielo-de-la-isla-como-foco-de-atraccion-turistica\/"]}]},{"@type":"ImageObject","inLanguage":"de","@id":"https:\/\/www.starsislandlapalma.es\/de\/organizan-un-encuentro-para-poner-en-valor-el-cielo-de-la-isla-como-foco-de-atraccion-turistica\/#primaryimage","url":"https:\/\/www.starsislandlapalma.es\/wp-content\/uploads\/2015\/01\/adastra-lapalma.jpg","contentUrl":"https:\/\/www.starsislandlapalma.es\/wp-content\/uploads\/2015\/01\/adastra-lapalma.jpg","width":960,"height":640},{"@type":"BreadcrumbList","@id":"https:\/\/www.starsislandlapalma.es\/de\/organizan-un-encuentro-para-poner-en-valor-el-cielo-de-la-isla-como-foco-de-atraccion-turistica\/#breadcrumb","itemListElement":[{"@type":"ListItem","position":1,"name":"Portada","item":"https:\/\/www.starsislandlapalma.es\/de\/"},{"@type":"ListItem","position":2,"name":"Organizan un encuentro para poner en valor el cielo de la Isla como foco de atracci\u00f3n tur\u00edstica"}]},{"@type":"WebSite","@id":"https:\/\/www.starsislandlapalma.es\/#website","url":"https:\/\/www.starsislandlapalma.es\/","name":"Stars Island La Palma","description":"La Palma, el lugar perfecto para disfrutar del universo. Primera Reserva Starlight del mundo, en 2012 se reconoce como Destino Tur\u00edstico Starlight","publisher":{"@id":"https:\/\/www.starsislandlapalma.es\/#organization"},"potentialAction":[{"@type":"SearchAction","target":{"@type":"EntryPoint","urlTemplate":"https:\/\/www.starsislandlapalma.es\/?s={search_term_string}"},"query-input":{"@type":"PropertyValueSpecification","valueRequired":true,"valueName":"search_term_string"}}],"inLanguage":"de"},{"@type":"Organization","@id":"https:\/\/www.starsislandlapalma.es\/#organization","name":"Star Island La Palma","url":"https:\/\/www.starsislandlapalma.es\/","logo":{"@type":"ImageObject","inLanguage":"de","@id":"https:\/\/www.starsislandlapalma.es\/#\/schema\/logo\/image\/","url":"https:\/\/www.starsislandlapalma.es\/wp-content\/uploads\/2022\/01\/logo_starisland.png","contentUrl":"https:\/\/www.starsislandlapalma.es\/wp-content\/uploads\/2022\/01\/logo_starisland.png","width":172,"height":139,"caption":"Star Island La Palma"},"image":{"@id":"https:\/\/www.starsislandlapalma.es\/#\/schema\/logo\/image\/"},"sameAs":["https:\/\/www.facebook.com\/pages\/Starsisland-La-Palma\/210888162375006?ref=hl","https:\/\/x.com\/starsislandlapa","https:\/\/www.pinterest.com\/astroturismo\/","https:\/\/www.youtube.com\/channel\/UCV7sju1ggcBpJG39HQCBtsA"]},{"@type":"Person","@id":"https:\/\/www.starsislandlapalma.es\/#\/schema\/person\/9043f5bd4f379ca7532bf525fa88073b","name":"Stars Island La Palma","image":{"@type":"ImageObject","inLanguage":"de","@id":"https:\/\/www.starsislandlapalma.es\/#\/schema\/person\/image\/","url":"https:\/\/secure.gravatar.com\/avatar\/214edfeae37af83662fa1058aeebfb41?s=96&d=mm&r=g","contentUrl":"https:\/\/secure.gravatar.com\/avatar\/214edfeae37af83662fa1058aeebfb41?s=96&d=mm&r=g","caption":"Stars Island La Palma"},"url":"https:\/\/www.starsislandlapalma.es\/de\/author\/star\/"}]}},"_links":{"self":[{"href":"https:\/\/www.starsislandlapalma.es\/de\/wp-json\/wp\/v2\/posts\/19650\/"}],"collection":[{"href":"https:\/\/www.starsislandlapalma.es\/de\/wp-json\/wp\/v2\/posts\/"}],"about":[{"href":"https:\/\/www.starsislandlapalma.es\/de\/wp-json\/wp\/v2\/types\/post\/"}],"author":[{"embeddable":true,"href":"https:\/\/www.starsislandlapalma.es\/de\/wp-json\/wp\/v2\/users\/1\/"}],"replies":[{"embeddable":true,"href":"https:\/\/www.starsislandlapalma.es\/de\/wp-json\/wp\/v2\/comments\/?post=19650"}],"version-history":[{"count":0,"href":"https:\/\/www.starsislandlapalma.es\/de\/wp-json\/wp\/v2\/posts\/19650\/revisions\/"}],"wp:featuredmedia":[{"embeddable":true,"href":"https:\/\/www.starsislandlapalma.es\/de\/wp-json\/wp\/v2\/media\/21968\/"}],"wp:attachment":[{"href":"https:\/\/www.starsislandlapalma.es\/de\/wp-json\/wp\/v2\/media\/?parent=19650"}],"wp:term":[{"taxonomy":"category","embeddable":true,"href":"https:\/\/www.starsislandlapalma.es\/de\/wp-json\/wp\/v2\/categories\/?post=19650"},{"taxonomy":"post_tag","embeddable":true,"href":"https:\/\/www.starsislandlapalma.es\/de\/wp-json\/wp\/v2\/tags\/?post=19650"}],"curies":[{"name":"wp","href":"https:\/\/api.w.org\/{rel}","templated":true}]}}