{"id":19770,"date":"2015-06-08T06:47:27","date_gmt":"2015-06-08T06:47:27","guid":{"rendered":"http:\/\/www.starsislandlapalma.es\/?p=19770"},"modified":"2015-07-07T13:16:26","modified_gmt":"2015-07-07T13:16:26","slug":"un-rayo-verde-lunar-captado-desde-la-isla-imagen-del-dia-de-la-nasa","status":"publish","type":"post","link":"https:\/\/www.starsislandlapalma.es\/de\/un-rayo-verde-lunar-captado-desde-la-isla-imagen-del-dia-de-la-nasa\/","title":{"rendered":"Un \u2018rayo verde lunar\u2019 captado desde la Isla, imagen del d\u00eda de la NASA"},"content":{"rendered":"<p style=\"text-align: justify;\"><span style=\"color: #999999;\"><em>La fotograf\u00eda ha sido tomada por Daniel L\u00f3pez desde el Roque de Los Muchachos en la tarde del pasado martes y seleccionada este viernes por la Agencia Espacial Estadounidense.<\/em><\/span><\/p>\n<p class=\"mce\" style=\"text-align: justify;\">Los <strong><em>\u2018rayos verdes lunares\u2019<\/em><\/strong> son rar\u00edsimos, pero el astrofot\u00f3grafo <strong>Daniel L\u00f3pez<\/strong> (<a class=\"mce\" href=\"http:\/\/www.elcielodecanarias.com\/\">elcielodecanarias.com<\/a>) tuvo la suerte de captar en la tarde del pasado martes, desde <strong>El Roque de Los Muchachos<\/strong>, una espectacular imagen de este fen\u00f3meno \u00f3ptico que se produce poco despu\u00e9s de la puesta o de la salida del Sol, y, a veces, tambi\u00e9n de la Luna. La instant\u00e1nea ha sido seleccionada este viernes por la <strong>NASA<\/strong> con la distinci\u00f3n \u2018Imagen del D\u00eda\u2019.<\/p>\n<p class=\"mce\" style=\"text-align: justify;\">El <strong><em>\u2018rayo verde\u2019<\/em><\/strong>, un fen\u00f3meno de refracci\u00f3n de la luz, fue captado desde los observatorios de El Roque de Los Muchachos en el momento de la salida de la Luna llena, explica Daniel L\u00f3pez en su p\u00e1gina de facebook. En la imagen se percibe la m\u00edtica l\u00ednea verde sobre la c\u00fapula del complejo astrof\u00edsico de El Teide, en Iza\u00f1a, situado a 143 kil\u00f3metros de distancia de las cumbres palmeras.<\/p>\n<p class=\"mce\">El astrofot\u00f3grafo destaca que no es f\u00e1cil lograr una imagen con las c\u00fapulas de El Teide tan n\u00edtidas a esa distancia.<\/p>\n<p class=\"mce\"><strong>La Agencia Espacial Estadounidense (NASA)<\/strong> publica en su web este viernes la foto de Daniel L\u00f3pez en el apartado \u2018Imagen del D\u00eda\u2019 dada su singular belleza y la dificultad que supone inmortalizar este fen\u00f3meno atmosf\u00e9rico, m\u00e1xime a la salida de la Luna.<\/p>\n<p class=\"mce\" style=\"font-size: 9px;\">Fuente: <a href=\"http:\/\/www.eldiario.es\/lapalmaahora\/sociedad\/rayo_verde_lunar-Daniel_Lopez-imagen_del_dia-NASA_0_395461374.html\" target=\"_blank\">www.eldiario.es<\/a><\/p>\n","protected":false},"excerpt":{"rendered":"<p>La fotograf\u00eda ha sido tomada por Daniel L\u00f3pez desde el Roque de Los Muchachos en la tarde del pasado martes y seleccionada este viernes por la Agencia Espacial Estadounidense. Los \u2018rayos verdes lunares\u2019 son rar\u00edsimos, pero el astrofot\u00f3grafo Daniel L\u00f3pez (elcielodecanarias.com) tuvo la suerte de&#8230;<\/p>\n","protected":false},"author":1,"featured_media":19762,"comment_status":"open","ping_status":"open","sticky":false,"template":"","format":"standard","meta":{"footnotes":""},"categories":[135],"tags":[170],"yoast_head":"<!-- This site is optimized with the Yoast SEO plugin v24.5 - https:\/\/yoast.com\/wordpress\/plugins\/seo\/ -->\n<title>Un \u2018rayo verde lunar\u2019 captado desde la Isla, imagen del d\u00eda de la NASA &#8902; Stars Island La Palma<\/title>\n<meta name=\"robots\" content=\"index, follow, max-snippet:-1, max-image-preview:large, max-video-preview:-1\" \/>\n<link rel=\"canonical\" href=\"https:\/\/www.starsislandlapalma.es\/de\/un-rayo-verde-lunar-captado-desde-la-isla-imagen-del-dia-de-la-nasa\/\" \/>\n<meta property=\"og:locale\" content=\"de_DE\" \/>\n<meta property=\"og:type\" content=\"article\" \/>\n<meta property=\"og:title\" content=\"Un \u2018rayo verde lunar\u2019 captado desde la Isla, imagen del d\u00eda de la NASA &#8902; Stars Island La Palma\" \/>\n<meta property=\"og:description\" content=\"La fotograf\u00eda ha sido tomada por Daniel L\u00f3pez desde el Roque de Los Muchachos en la tarde del pasado martes y seleccionada este viernes por la Agencia Espacial Estadounidense. Los \u2018rayos verdes lunares\u2019 son rar\u00edsimos, pero el astrofot\u00f3grafo Daniel L\u00f3pez (elcielodecanarias.com) tuvo la suerte de...\" \/>\n<meta property=\"og:url\" content=\"https:\/\/www.starsislandlapalma.es\/de\/un-rayo-verde-lunar-captado-desde-la-isla-imagen-del-dia-de-la-nasa\/\" \/>\n<meta property=\"og:site_name\" content=\"Stars Island La Palma\" \/>\n<meta property=\"article:publisher\" content=\"https:\/\/www.facebook.com\/pages\/Starsisland-La-Palma\/210888162375006?ref=hl\" \/>\n<meta property=\"article:published_time\" content=\"2015-06-08T06:47:27+00:00\" \/>\n<meta property=\"article:modified_time\" content=\"2015-07-07T13:16:26+00:00\" \/>\n<meta property=\"og:image\" content=\"https:\/\/www.starsislandlapalma.es\/wp-content\/uploads\/2015\/06\/rayo_verde_lunar-Daniel_Lopez.jpg\" \/>\n\t<meta property=\"og:image:width\" content=\"643\" \/>\n\t<meta property=\"og:image:height\" content=\"363\" \/>\n\t<meta property=\"og:image:type\" content=\"image\/jpeg\" \/>\n<meta name=\"author\" content=\"Stars Island La Palma\" \/>\n<meta name=\"twitter:label1\" content=\"Verfasst von\" \/>\n\t<meta name=\"twitter:data1\" content=\"Stars Island La Palma\" \/>\n\t<meta name=\"twitter:label2\" content=\"Gesch\u00e4tzte Lesezeit\" \/>\n\t<meta name=\"twitter:data2\" content=\"1\u00a0Minute\" \/>\n<script type=\"application\/ld+json\" class=\"yoast-schema-graph\">{\"@context\":\"https:\/\/schema.org\",\"@graph\":[{\"@type\":\"Article\",\"@id\":\"https:\/\/www.starsislandlapalma.es\/de\/un-rayo-verde-lunar-captado-desde-la-isla-imagen-del-dia-de-la-nasa\/#article\",\"isPartOf\":{\"@id\":\"https:\/\/www.starsislandlapalma.es\/de\/un-rayo-verde-lunar-captado-desde-la-isla-imagen-del-dia-de-la-nasa\/\"},\"author\":{\"name\":\"Stars Island La Palma\",\"@id\":\"https:\/\/www.starsislandlapalma.es\/#\/schema\/person\/9043f5bd4f379ca7532bf525fa88073b\"},\"headline\":\"Un \u2018rayo verde lunar\u2019 captado desde la Isla, imagen del d\u00eda de la NASA\",\"datePublished\":\"2015-06-08T06:47:27+00:00\",\"dateModified\":\"2015-07-07T13:16:26+00:00\",\"mainEntityOfPage\":{\"@id\":\"https:\/\/www.starsislandlapalma.es\/de\/un-rayo-verde-lunar-captado-desde-la-isla-imagen-del-dia-de-la-nasa\/\"},\"wordCount\":283,\"commentCount\":0,\"publisher\":{\"@id\":\"https:\/\/www.starsislandlapalma.es\/#organization\"},\"image\":{\"@id\":\"https:\/\/www.starsislandlapalma.es\/de\/un-rayo-verde-lunar-captado-desde-la-isla-imagen-del-dia-de-la-nasa\/#primaryimage\"},\"thumbnailUrl\":\"https:\/\/www.starsislandlapalma.es\/wp-content\/uploads\/2015\/06\/rayo_verde_lunar-Daniel_Lopez.jpg\",\"keywords\":[\"roque de los muchachos\"],\"articleSection\":[\"Nachricht\"],\"inLanguage\":\"de\",\"potentialAction\":[{\"@type\":\"CommentAction\",\"name\":\"Comment\",\"target\":[\"https:\/\/www.starsislandlapalma.es\/de\/un-rayo-verde-lunar-captado-desde-la-isla-imagen-del-dia-de-la-nasa\/#respond\"]}]},{\"@type\":\"WebPage\",\"@id\":\"https:\/\/www.starsislandlapalma.es\/de\/un-rayo-verde-lunar-captado-desde-la-isla-imagen-del-dia-de-la-nasa\/\",\"url\":\"https:\/\/www.starsislandlapalma.es\/de\/un-rayo-verde-lunar-captado-desde-la-isla-imagen-del-dia-de-la-nasa\/\",\"name\":\"Un \u2018rayo verde lunar\u2019 captado desde la Isla, imagen del d\u00eda de la NASA &#8902; Stars Island La Palma\",\"isPartOf\":{\"@id\":\"https:\/\/www.starsislandlapalma.es\/#website\"},\"primaryImageOfPage\":{\"@id\":\"https:\/\/www.starsislandlapalma.es\/de\/un-rayo-verde-lunar-captado-desde-la-isla-imagen-del-dia-de-la-nasa\/#primaryimage\"},\"image\":{\"@id\":\"https:\/\/www.starsislandlapalma.es\/de\/un-rayo-verde-lunar-captado-desde-la-isla-imagen-del-dia-de-la-nasa\/#primaryimage\"},\"thumbnailUrl\":\"https:\/\/www.starsislandlapalma.es\/wp-content\/uploads\/2015\/06\/rayo_verde_lunar-Daniel_Lopez.jpg\",\"datePublished\":\"2015-06-08T06:47:27+00:00\",\"dateModified\":\"2015-07-07T13:16:26+00:00\",\"breadcrumb\":{\"@id\":\"https:\/\/www.starsislandlapalma.es\/de\/un-rayo-verde-lunar-captado-desde-la-isla-imagen-del-dia-de-la-nasa\/#breadcrumb\"},\"inLanguage\":\"de\",\"potentialAction\":[{\"@type\":\"ReadAction\",\"target\":[\"https:\/\/www.starsislandlapalma.es\/de\/un-rayo-verde-lunar-captado-desde-la-isla-imagen-del-dia-de-la-nasa\/\"]}]},{\"@type\":\"ImageObject\",\"inLanguage\":\"de\",\"@id\":\"https:\/\/www.starsislandlapalma.es\/de\/un-rayo-verde-lunar-captado-desde-la-isla-imagen-del-dia-de-la-nasa\/#primaryimage\",\"url\":\"https:\/\/www.starsislandlapalma.es\/wp-content\/uploads\/2015\/06\/rayo_verde_lunar-Daniel_Lopez.jpg\",\"contentUrl\":\"https:\/\/www.starsislandlapalma.es\/wp-content\/uploads\/2015\/06\/rayo_verde_lunar-Daniel_Lopez.jpg\",\"width\":643,\"height\":363},{\"@type\":\"BreadcrumbList\",\"@id\":\"https:\/\/www.starsislandlapalma.es\/de\/un-rayo-verde-lunar-captado-desde-la-isla-imagen-del-dia-de-la-nasa\/#breadcrumb\",\"itemListElement\":[{\"@type\":\"ListItem\",\"position\":1,\"name\":\"Portada\",\"item\":\"https:\/\/www.starsislandlapalma.es\/de\/\"},{\"@type\":\"ListItem\",\"position\":2,\"name\":\"Un \u2018rayo verde lunar\u2019 captado desde la Isla, imagen del d\u00eda de la NASA\"}]},{\"@type\":\"WebSite\",\"@id\":\"https:\/\/www.starsislandlapalma.es\/#website\",\"url\":\"https:\/\/www.starsislandlapalma.es\/\",\"name\":\"Stars Island La Palma\",\"description\":\"La Palma, el lugar perfecto para disfrutar del universo. Primera Reserva Starlight del mundo, en 2012 se reconoce como Destino Tur\u00edstico Starlight\",\"publisher\":{\"@id\":\"https:\/\/www.starsislandlapalma.es\/#organization\"},\"potentialAction\":[{\"@type\":\"SearchAction\",\"target\":{\"@type\":\"EntryPoint\",\"urlTemplate\":\"https:\/\/www.starsislandlapalma.es\/?s={search_term_string}\"},\"query-input\":{\"@type\":\"PropertyValueSpecification\",\"valueRequired\":true,\"valueName\":\"search_term_string\"}}],\"inLanguage\":\"de\"},{\"@type\":\"Organization\",\"@id\":\"https:\/\/www.starsislandlapalma.es\/#organization\",\"name\":\"Star Island La Palma\",\"url\":\"https:\/\/www.starsislandlapalma.es\/\",\"logo\":{\"@type\":\"ImageObject\",\"inLanguage\":\"de\",\"@id\":\"https:\/\/www.starsislandlapalma.es\/#\/schema\/logo\/image\/\",\"url\":\"https:\/\/www.starsislandlapalma.es\/wp-content\/uploads\/2022\/01\/logo_starisland.png\",\"contentUrl\":\"https:\/\/www.starsislandlapalma.es\/wp-content\/uploads\/2022\/01\/logo_starisland.png\",\"width\":172,\"height\":139,\"caption\":\"Star Island La Palma\"},\"image\":{\"@id\":\"https:\/\/www.starsislandlapalma.es\/#\/schema\/logo\/image\/\"},\"sameAs\":[\"https:\/\/www.facebook.com\/pages\/Starsisland-La-Palma\/210888162375006?ref=hl\",\"https:\/\/x.com\/starsislandlapa\",\"https:\/\/www.pinterest.com\/astroturismo\/\",\"https:\/\/www.youtube.com\/channel\/UCV7sju1ggcBpJG39HQCBtsA\"]},{\"@type\":\"Person\",\"@id\":\"https:\/\/www.starsislandlapalma.es\/#\/schema\/person\/9043f5bd4f379ca7532bf525fa88073b\",\"name\":\"Stars Island La Palma\",\"image\":{\"@type\":\"ImageObject\",\"inLanguage\":\"de\",\"@id\":\"https:\/\/www.starsislandlapalma.es\/#\/schema\/person\/image\/\",\"url\":\"https:\/\/secure.gravatar.com\/avatar\/214edfeae37af83662fa1058aeebfb41?s=96&d=mm&r=g\",\"contentUrl\":\"https:\/\/secure.gravatar.com\/avatar\/214edfeae37af83662fa1058aeebfb41?s=96&d=mm&r=g\",\"caption\":\"Stars Island La Palma\"},\"url\":\"https:\/\/www.starsislandlapalma.es\/de\/author\/star\/\"}]}<\/script>\n<!-- \/ Yoast SEO plugin. -->","yoast_head_json":{"title":"Un \u2018rayo verde lunar\u2019 captado desde la Isla, imagen del d\u00eda de la NASA &#8902; Stars Island La Palma","robots":{"index":"index","follow":"follow","max-snippet":"max-snippet:-1","max-image-preview":"max-image-preview:large","max-video-preview":"max-video-preview:-1"},"canonical":"https:\/\/www.starsislandlapalma.es\/de\/un-rayo-verde-lunar-captado-desde-la-isla-imagen-del-dia-de-la-nasa\/","og_locale":"de_DE","og_type":"article","og_title":"Un \u2018rayo verde lunar\u2019 captado desde la Isla, imagen del d\u00eda de la NASA &#8902; Stars Island La Palma","og_description":"La fotograf\u00eda ha sido tomada por Daniel L\u00f3pez desde el Roque de Los Muchachos en la tarde del pasado martes y seleccionada este viernes por la Agencia Espacial Estadounidense. Los \u2018rayos verdes lunares\u2019 son rar\u00edsimos, pero el astrofot\u00f3grafo Daniel L\u00f3pez (elcielodecanarias.com) tuvo la suerte de...","og_url":"https:\/\/www.starsislandlapalma.es\/de\/un-rayo-verde-lunar-captado-desde-la-isla-imagen-del-dia-de-la-nasa\/","og_site_name":"Stars Island La Palma","article_publisher":"https:\/\/www.facebook.com\/pages\/Starsisland-La-Palma\/210888162375006?ref=hl","article_published_time":"2015-06-08T06:47:27+00:00","article_modified_time":"2015-07-07T13:16:26+00:00","og_image":[{"width":643,"height":363,"url":"https:\/\/www.starsislandlapalma.es\/wp-content\/uploads\/2015\/06\/rayo_verde_lunar-Daniel_Lopez.jpg","type":"image\/jpeg"}],"author":"Stars Island La Palma","twitter_misc":{"Verfasst von":"Stars Island La Palma","Gesch\u00e4tzte Lesezeit":"1\u00a0Minute"},"schema":{"@context":"https:\/\/schema.org","@graph":[{"@type":"Article","@id":"https:\/\/www.starsislandlapalma.es\/de\/un-rayo-verde-lunar-captado-desde-la-isla-imagen-del-dia-de-la-nasa\/#article","isPartOf":{"@id":"https:\/\/www.starsislandlapalma.es\/de\/un-rayo-verde-lunar-captado-desde-la-isla-imagen-del-dia-de-la-nasa\/"},"author":{"name":"Stars Island La Palma","@id":"https:\/\/www.starsislandlapalma.es\/#\/schema\/person\/9043f5bd4f379ca7532bf525fa88073b"},"headline":"Un \u2018rayo verde lunar\u2019 captado desde la Isla, imagen del d\u00eda de la NASA","datePublished":"2015-06-08T06:47:27+00:00","dateModified":"2015-07-07T13:16:26+00:00","mainEntityOfPage":{"@id":"https:\/\/www.starsislandlapalma.es\/de\/un-rayo-verde-lunar-captado-desde-la-isla-imagen-del-dia-de-la-nasa\/"},"wordCount":283,"commentCount":0,"publisher":{"@id":"https:\/\/www.starsislandlapalma.es\/#organization"},"image":{"@id":"https:\/\/www.starsislandlapalma.es\/de\/un-rayo-verde-lunar-captado-desde-la-isla-imagen-del-dia-de-la-nasa\/#primaryimage"},"thumbnailUrl":"https:\/\/www.starsislandlapalma.es\/wp-content\/uploads\/2015\/06\/rayo_verde_lunar-Daniel_Lopez.jpg","keywords":["roque de los muchachos"],"articleSection":["Nachricht"],"inLanguage":"de","potentialAction":[{"@type":"CommentAction","name":"Comment","target":["https:\/\/www.starsislandlapalma.es\/de\/un-rayo-verde-lunar-captado-desde-la-isla-imagen-del-dia-de-la-nasa\/#respond"]}]},{"@type":"WebPage","@id":"https:\/\/www.starsislandlapalma.es\/de\/un-rayo-verde-lunar-captado-desde-la-isla-imagen-del-dia-de-la-nasa\/","url":"https:\/\/www.starsislandlapalma.es\/de\/un-rayo-verde-lunar-captado-desde-la-isla-imagen-del-dia-de-la-nasa\/","name":"Un \u2018rayo verde lunar\u2019 captado desde la Isla, imagen del d\u00eda de la NASA &#8902; Stars Island La Palma","isPartOf":{"@id":"https:\/\/www.starsislandlapalma.es\/#website"},"primaryImageOfPage":{"@id":"https:\/\/www.starsislandlapalma.es\/de\/un-rayo-verde-lunar-captado-desde-la-isla-imagen-del-dia-de-la-nasa\/#primaryimage"},"image":{"@id":"https:\/\/www.starsislandlapalma.es\/de\/un-rayo-verde-lunar-captado-desde-la-isla-imagen-del-dia-de-la-nasa\/#primaryimage"},"thumbnailUrl":"https:\/\/www.starsislandlapalma.es\/wp-content\/uploads\/2015\/06\/rayo_verde_lunar-Daniel_Lopez.jpg","datePublished":"2015-06-08T06:47:27+00:00","dateModified":"2015-07-07T13:16:26+00:00","breadcrumb":{"@id":"https:\/\/www.starsislandlapalma.es\/de\/un-rayo-verde-lunar-captado-desde-la-isla-imagen-del-dia-de-la-nasa\/#breadcrumb"},"inLanguage":"de","potentialAction":[{"@type":"ReadAction","target":["https:\/\/www.starsislandlapalma.es\/de\/un-rayo-verde-lunar-captado-desde-la-isla-imagen-del-dia-de-la-nasa\/"]}]},{"@type":"ImageObject","inLanguage":"de","@id":"https:\/\/www.starsislandlapalma.es\/de\/un-rayo-verde-lunar-captado-desde-la-isla-imagen-del-dia-de-la-nasa\/#primaryimage","url":"https:\/\/www.starsislandlapalma.es\/wp-content\/uploads\/2015\/06\/rayo_verde_lunar-Daniel_Lopez.jpg","contentUrl":"https:\/\/www.starsislandlapalma.es\/wp-content\/uploads\/2015\/06\/rayo_verde_lunar-Daniel_Lopez.jpg","width":643,"height":363},{"@type":"BreadcrumbList","@id":"https:\/\/www.starsislandlapalma.es\/de\/un-rayo-verde-lunar-captado-desde-la-isla-imagen-del-dia-de-la-nasa\/#breadcrumb","itemListElement":[{"@type":"ListItem","position":1,"name":"Portada","item":"https:\/\/www.starsislandlapalma.es\/de\/"},{"@type":"ListItem","position":2,"name":"Un \u2018rayo verde lunar\u2019 captado desde la Isla, imagen del d\u00eda de la NASA"}]},{"@type":"WebSite","@id":"https:\/\/www.starsislandlapalma.es\/#website","url":"https:\/\/www.starsislandlapalma.es\/","name":"Stars Island La Palma","description":"La Palma, el lugar perfecto para disfrutar del universo. Primera Reserva Starlight del mundo, en 2012 se reconoce como Destino Tur\u00edstico Starlight","publisher":{"@id":"https:\/\/www.starsislandlapalma.es\/#organization"},"potentialAction":[{"@type":"SearchAction","target":{"@type":"EntryPoint","urlTemplate":"https:\/\/www.starsislandlapalma.es\/?s={search_term_string}"},"query-input":{"@type":"PropertyValueSpecification","valueRequired":true,"valueName":"search_term_string"}}],"inLanguage":"de"},{"@type":"Organization","@id":"https:\/\/www.starsislandlapalma.es\/#organization","name":"Star Island La Palma","url":"https:\/\/www.starsislandlapalma.es\/","logo":{"@type":"ImageObject","inLanguage":"de","@id":"https:\/\/www.starsislandlapalma.es\/#\/schema\/logo\/image\/","url":"https:\/\/www.starsislandlapalma.es\/wp-content\/uploads\/2022\/01\/logo_starisland.png","contentUrl":"https:\/\/www.starsislandlapalma.es\/wp-content\/uploads\/2022\/01\/logo_starisland.png","width":172,"height":139,"caption":"Star Island La Palma"},"image":{"@id":"https:\/\/www.starsislandlapalma.es\/#\/schema\/logo\/image\/"},"sameAs":["https:\/\/www.facebook.com\/pages\/Starsisland-La-Palma\/210888162375006?ref=hl","https:\/\/x.com\/starsislandlapa","https:\/\/www.pinterest.com\/astroturismo\/","https:\/\/www.youtube.com\/channel\/UCV7sju1ggcBpJG39HQCBtsA"]},{"@type":"Person","@id":"https:\/\/www.starsislandlapalma.es\/#\/schema\/person\/9043f5bd4f379ca7532bf525fa88073b","name":"Stars Island La Palma","image":{"@type":"ImageObject","inLanguage":"de","@id":"https:\/\/www.starsislandlapalma.es\/#\/schema\/person\/image\/","url":"https:\/\/secure.gravatar.com\/avatar\/214edfeae37af83662fa1058aeebfb41?s=96&d=mm&r=g","contentUrl":"https:\/\/secure.gravatar.com\/avatar\/214edfeae37af83662fa1058aeebfb41?s=96&d=mm&r=g","caption":"Stars Island La Palma"},"url":"https:\/\/www.starsislandlapalma.es\/de\/author\/star\/"}]}},"_links":{"self":[{"href":"https:\/\/www.starsislandlapalma.es\/de\/wp-json\/wp\/v2\/posts\/19770\/"}],"collection":[{"href":"https:\/\/www.starsislandlapalma.es\/de\/wp-json\/wp\/v2\/posts\/"}],"about":[{"href":"https:\/\/www.starsislandlapalma.es\/de\/wp-json\/wp\/v2\/types\/post\/"}],"author":[{"embeddable":true,"href":"https:\/\/www.starsislandlapalma.es\/de\/wp-json\/wp\/v2\/users\/1\/"}],"replies":[{"embeddable":true,"href":"https:\/\/www.starsislandlapalma.es\/de\/wp-json\/wp\/v2\/comments\/?post=19770"}],"version-history":[{"count":0,"href":"https:\/\/www.starsislandlapalma.es\/de\/wp-json\/wp\/v2\/posts\/19770\/revisions\/"}],"wp:featuredmedia":[{"embeddable":true,"href":"https:\/\/www.starsislandlapalma.es\/de\/wp-json\/wp\/v2\/media\/19762\/"}],"wp:attachment":[{"href":"https:\/\/www.starsislandlapalma.es\/de\/wp-json\/wp\/v2\/media\/?parent=19770"}],"wp:term":[{"taxonomy":"category","embeddable":true,"href":"https:\/\/www.starsislandlapalma.es\/de\/wp-json\/wp\/v2\/categories\/?post=19770"},{"taxonomy":"post_tag","embeddable":true,"href":"https:\/\/www.starsislandlapalma.es\/de\/wp-json\/wp\/v2\/tags\/?post=19770"}],"curies":[{"name":"wp","href":"https:\/\/api.w.org\/{rel}","templated":true}]}}