{"id":19846,"date":"2015-07-01T12:17:20","date_gmt":"2015-07-01T12:17:20","guid":{"rendered":"http:\/\/www.starsislandlapalma.es\/?p=19846"},"modified":"2015-07-07T13:08:03","modified_gmt":"2015-07-07T13:08:03","slug":"brena-baja-acoge-una-escultura-del-proyecto-astronomia-y-arte-3","status":"publish","type":"post","link":"https:\/\/www.starsislandlapalma.es\/de\/brena-baja-acoge-una-escultura-del-proyecto-astronomia-y-arte-3\/","title":{"rendered":"Bre\u00f1a Baja acoge una escultura del proyecto \u2018Astronom\u00eda y Arte\u2019"},"content":{"rendered":"<ul>\n<li style=\"text-align: justify;\"><span style=\"color: #999999;\">La obra, con boceto de la artista Marylyn Mart\u00edn, se enmarca dentro de un proyecto que impulsa el Telescopio Nazionale Galileo en colaboraci\u00f3n con la Escuela de Arte.<\/span><\/li>\n<\/ul>\n<p class=\"mce\" style=\"text-align: justify;\">El Telescopio Nazionale Galileo, con la colaboraci\u00f3n de la Escuela de Arte Manolo Blahnik, ha inaugurado este martes en Bre\u00f1a Baja la primera escultura astron\u00f3mica del proyecto <strong>\u2018AstrArte: Astronom\u00eda y Arte\u2019,<\/strong> bautizada con el nombre de <strong>\u2018La Galaxia con Jet MS33\u2019,<\/strong> seg\u00fan informa en una nota de prensa Gloria Andreuzzi, responsable del divulgaci\u00f3n del citado instrumento de observaci\u00f3n. Este acto se enmarca dentro del programa del A\u00f1o Internacional de la Luz proclamado por la Unesco.<\/p>\n<p class=\"mce\" style=\"text-align: justify;\">En la inauguraci\u00f3n han estado presentes, entre otros, el presidente del Cabildo, Anselmo Pestana; el alcalde de Bre\u00f1a Baja, Borja P\u00e9rez; el administrador del complejo astrof\u00edsico del Roque de Los Muchachos, y el artista Marylyn P\u00e9rez.<\/p>\n<p class=\"mce\" style=\"text-align: justify;\">Este proyecto comienza en el a\u00f1o 2009 en colaboraci\u00f3n con la Escuela de Arte Manolo Blahnik y el Telescopio Nazionale Galileo (TNGINAF), con el fin de acercar a los estudiantes del citado centro docente <em>\u201cel mundo de la astronom\u00eda y en particular, el Observatorio del Roque de Los Muchachos, sede del Telescopio Nazionale Galileo\u201d,<\/em> explican. Esta iniciativa ha permitido a los estudiantes desarrollar su tesis de final de curso presentando una obra de arte basada en un tema astron\u00f3mico.<\/p>\n<p class=\"mce\" style=\"text-align: justify;\">Detalla que<em> \u201ccon el objetivo de descubrir los puntos en com\u00fan entre la Astronom\u00eda y el arte y dar a conocer el proyecto AstrArte, se ha impartido una charla informativa para mostrar algunas de las propiedades del Universo y poder elaborar y desarrollarlas a trav\u00e9s de una obra de arte: materia, forma y color\u201d.<\/em> <em>\u201cLos estudiantes han seguido profundizando en sus propios conocimientos sobre la astronom\u00eda visitando el telescopio y los talleres anexos con el fin de tocar con las manos los instrumentos utilizados por los astr\u00f3nomos durante su trabajo\u201d<\/em>, agrega.<\/p>\n<p class=\"mce\" style=\"text-align: justify;\">A partir de estas experiencias, los alumnos han preparado y presentado a una comisi\u00f3n una serie de bocetos. Entre todos, ha sido seleccionado el trabajo realizado por Marylyn Mart\u00edn P\u00e9rez con el nombre de &#8218;La Galaxia con Jet MS33&#8216;. <em>\u201cEsta obra de arte, con sus casi tres metros de di\u00e1metro y 500 kilos de peso, completamente construida en acero y hormig\u00f3n, muestra dos cosas: una representaci\u00f3n art\u00edstica de una galaxia con un agujero negro en el centro que expulsa material y energ\u00eda hacia el Universo, y una representaci\u00f3n de la uni\u00f3n entre los habitantes de La Palma y el \u2018Astrof\u00edsico\u2019, nombre que utilizan los habitantes de la isla para identificar el Observatorio Astron\u00f3mico del Roque de Los Muchachos\u201d,<\/em> detalla.<\/p>\n<p class=\"mce\" style=\"text-align: justify;\"><em>\u201cEl trabajo realizado por la artista y el esfuerzo de la Fundaci\u00f3n Galileo Galilei, sede administrativa del Telescopio Nazionale Galileo, han sido premiados con un lugar para la escultura, cedido gracias a la ayuda del Ayuntamiento de Bre\u00f1a Baja, en cuyas dependencias se ubican las oficinas de la Fundaci\u00f3n Galileo Galilei\u201d<\/em>, concluye.<\/p>\n<p><span style=\"font-size: 9px;\">Fuente: www.eldiario.es<\/span><\/p>\n","protected":false},"excerpt":{"rendered":"<p>La obra, con boceto de la artista Marylyn Mart\u00edn, se enmarca dentro de un proyecto que impulsa el Telescopio Nazionale Galileo en colaboraci\u00f3n con la Escuela de Arte. El Telescopio Nazionale Galileo, con la colaboraci\u00f3n de la Escuela de Arte Manolo Blahnik, ha inaugurado este&#8230;<\/p>\n","protected":false},"author":1,"featured_media":19842,"comment_status":"open","ping_status":"open","sticky":false,"template":"","format":"standard","meta":{"footnotes":""},"categories":[135],"tags":[252,170],"yoast_head":"<!-- This site is optimized with the Yoast SEO plugin v24.5 - https:\/\/yoast.com\/wordpress\/plugins\/seo\/ -->\n<title>Bre\u00f1a Baja acoge una escultura del proyecto \u2018Astronom\u00eda y Arte\u2019 &#8902; Stars Island La Palma<\/title>\n<meta name=\"robots\" content=\"index, follow, max-snippet:-1, max-image-preview:large, max-video-preview:-1\" \/>\n<link rel=\"canonical\" href=\"https:\/\/www.starsislandlapalma.es\/de\/brena-baja-acoge-una-escultura-del-proyecto-astronomia-y-arte-3\/\" \/>\n<meta property=\"og:locale\" content=\"de_DE\" \/>\n<meta property=\"og:type\" content=\"article\" \/>\n<meta property=\"og:title\" content=\"Bre\u00f1a Baja acoge una escultura del proyecto \u2018Astronom\u00eda y Arte\u2019 &#8902; Stars Island La Palma\" \/>\n<meta property=\"og:description\" content=\"La obra, con boceto de la artista Marylyn Mart\u00edn, se enmarca dentro de un proyecto que impulsa el Telescopio Nazionale Galileo en colaboraci\u00f3n con la Escuela de Arte. El Telescopio Nazionale Galileo, con la colaboraci\u00f3n de la Escuela de Arte Manolo Blahnik, ha inaugurado este...\" \/>\n<meta property=\"og:url\" content=\"https:\/\/www.starsislandlapalma.es\/de\/brena-baja-acoge-una-escultura-del-proyecto-astronomia-y-arte-3\/\" \/>\n<meta property=\"og:site_name\" content=\"Stars Island La Palma\" \/>\n<meta property=\"article:publisher\" content=\"https:\/\/www.facebook.com\/pages\/Starsisland-La-Palma\/210888162375006?ref=hl\" \/>\n<meta property=\"article:published_time\" content=\"2015-07-01T12:17:20+00:00\" \/>\n<meta property=\"article:modified_time\" content=\"2015-07-07T13:08:03+00:00\" \/>\n<meta property=\"og:image\" content=\"https:\/\/www.starsislandlapalma.es\/wp-content\/uploads\/2015\/07\/escultura-Brena_Baja-proyecto_-Astronomia_y_Arte_EDIIMA20150630_0891_18.jpg\" \/>\n\t<meta property=\"og:image:width\" content=\"643\" \/>\n\t<meta property=\"og:image:height\" content=\"379\" \/>\n\t<meta property=\"og:image:type\" content=\"image\/jpeg\" \/>\n<meta name=\"author\" content=\"Stars Island La Palma\" \/>\n<meta name=\"twitter:label1\" content=\"Verfasst von\" \/>\n\t<meta name=\"twitter:data1\" content=\"Stars Island La Palma\" \/>\n\t<meta name=\"twitter:label2\" content=\"Gesch\u00e4tzte Lesezeit\" \/>\n\t<meta name=\"twitter:data2\" content=\"3\u00a0Minuten\" \/>\n<script type=\"application\/ld+json\" class=\"yoast-schema-graph\">{\"@context\":\"https:\/\/schema.org\",\"@graph\":[{\"@type\":\"Article\",\"@id\":\"https:\/\/www.starsislandlapalma.es\/de\/brena-baja-acoge-una-escultura-del-proyecto-astronomia-y-arte-3\/#article\",\"isPartOf\":{\"@id\":\"https:\/\/www.starsislandlapalma.es\/de\/brena-baja-acoge-una-escultura-del-proyecto-astronomia-y-arte-3\/\"},\"author\":{\"name\":\"Stars Island La Palma\",\"@id\":\"https:\/\/www.starsislandlapalma.es\/#\/schema\/person\/9043f5bd4f379ca7532bf525fa88073b\"},\"headline\":\"Bre\u00f1a Baja acoge una escultura del proyecto \u2018Astronom\u00eda y Arte\u2019\",\"datePublished\":\"2015-07-01T12:17:20+00:00\",\"dateModified\":\"2015-07-07T13:08:03+00:00\",\"mainEntityOfPage\":{\"@id\":\"https:\/\/www.starsislandlapalma.es\/de\/brena-baja-acoge-una-escultura-del-proyecto-astronomia-y-arte-3\/\"},\"wordCount\":534,\"commentCount\":0,\"publisher\":{\"@id\":\"https:\/\/www.starsislandlapalma.es\/#organization\"},\"image\":{\"@id\":\"https:\/\/www.starsislandlapalma.es\/de\/brena-baja-acoge-una-escultura-del-proyecto-astronomia-y-arte-3\/#primaryimage\"},\"thumbnailUrl\":\"https:\/\/www.starsislandlapalma.es\/wp-content\/uploads\/2015\/07\/escultura-Brena_Baja-proyecto_-Astronomia_y_Arte_EDIIMA20150630_0891_18.jpg\",\"keywords\":[\"astronom\u00eda\",\"roque de los muchachos\"],\"articleSection\":[\"Nachricht\"],\"inLanguage\":\"de\",\"potentialAction\":[{\"@type\":\"CommentAction\",\"name\":\"Comment\",\"target\":[\"https:\/\/www.starsislandlapalma.es\/de\/brena-baja-acoge-una-escultura-del-proyecto-astronomia-y-arte-3\/#respond\"]}]},{\"@type\":\"WebPage\",\"@id\":\"https:\/\/www.starsislandlapalma.es\/de\/brena-baja-acoge-una-escultura-del-proyecto-astronomia-y-arte-3\/\",\"url\":\"https:\/\/www.starsislandlapalma.es\/de\/brena-baja-acoge-una-escultura-del-proyecto-astronomia-y-arte-3\/\",\"name\":\"Bre\u00f1a Baja acoge una escultura del proyecto \u2018Astronom\u00eda y Arte\u2019 &#8902; Stars Island La Palma\",\"isPartOf\":{\"@id\":\"https:\/\/www.starsislandlapalma.es\/#website\"},\"primaryImageOfPage\":{\"@id\":\"https:\/\/www.starsislandlapalma.es\/de\/brena-baja-acoge-una-escultura-del-proyecto-astronomia-y-arte-3\/#primaryimage\"},\"image\":{\"@id\":\"https:\/\/www.starsislandlapalma.es\/de\/brena-baja-acoge-una-escultura-del-proyecto-astronomia-y-arte-3\/#primaryimage\"},\"thumbnailUrl\":\"https:\/\/www.starsislandlapalma.es\/wp-content\/uploads\/2015\/07\/escultura-Brena_Baja-proyecto_-Astronomia_y_Arte_EDIIMA20150630_0891_18.jpg\",\"datePublished\":\"2015-07-01T12:17:20+00:00\",\"dateModified\":\"2015-07-07T13:08:03+00:00\",\"breadcrumb\":{\"@id\":\"https:\/\/www.starsislandlapalma.es\/de\/brena-baja-acoge-una-escultura-del-proyecto-astronomia-y-arte-3\/#breadcrumb\"},\"inLanguage\":\"de\",\"potentialAction\":[{\"@type\":\"ReadAction\",\"target\":[\"https:\/\/www.starsislandlapalma.es\/de\/brena-baja-acoge-una-escultura-del-proyecto-astronomia-y-arte-3\/\"]}]},{\"@type\":\"ImageObject\",\"inLanguage\":\"de\",\"@id\":\"https:\/\/www.starsislandlapalma.es\/de\/brena-baja-acoge-una-escultura-del-proyecto-astronomia-y-arte-3\/#primaryimage\",\"url\":\"https:\/\/www.starsislandlapalma.es\/wp-content\/uploads\/2015\/07\/escultura-Brena_Baja-proyecto_-Astronomia_y_Arte_EDIIMA20150630_0891_18.jpg\",\"contentUrl\":\"https:\/\/www.starsislandlapalma.es\/wp-content\/uploads\/2015\/07\/escultura-Brena_Baja-proyecto_-Astronomia_y_Arte_EDIIMA20150630_0891_18.jpg\",\"width\":643,\"height\":379},{\"@type\":\"BreadcrumbList\",\"@id\":\"https:\/\/www.starsislandlapalma.es\/de\/brena-baja-acoge-una-escultura-del-proyecto-astronomia-y-arte-3\/#breadcrumb\",\"itemListElement\":[{\"@type\":\"ListItem\",\"position\":1,\"name\":\"Portada\",\"item\":\"https:\/\/www.starsislandlapalma.es\/de\/\"},{\"@type\":\"ListItem\",\"position\":2,\"name\":\"Bre\u00f1a Baja acoge una escultura del proyecto \u2018Astronom\u00eda y Arte\u2019\"}]},{\"@type\":\"WebSite\",\"@id\":\"https:\/\/www.starsislandlapalma.es\/#website\",\"url\":\"https:\/\/www.starsislandlapalma.es\/\",\"name\":\"Stars Island La Palma\",\"description\":\"La Palma, el lugar perfecto para disfrutar del universo. Primera Reserva Starlight del mundo, en 2012 se reconoce como Destino Tur\u00edstico Starlight\",\"publisher\":{\"@id\":\"https:\/\/www.starsislandlapalma.es\/#organization\"},\"potentialAction\":[{\"@type\":\"SearchAction\",\"target\":{\"@type\":\"EntryPoint\",\"urlTemplate\":\"https:\/\/www.starsislandlapalma.es\/?s={search_term_string}\"},\"query-input\":{\"@type\":\"PropertyValueSpecification\",\"valueRequired\":true,\"valueName\":\"search_term_string\"}}],\"inLanguage\":\"de\"},{\"@type\":\"Organization\",\"@id\":\"https:\/\/www.starsislandlapalma.es\/#organization\",\"name\":\"Star Island La Palma\",\"url\":\"https:\/\/www.starsislandlapalma.es\/\",\"logo\":{\"@type\":\"ImageObject\",\"inLanguage\":\"de\",\"@id\":\"https:\/\/www.starsislandlapalma.es\/#\/schema\/logo\/image\/\",\"url\":\"https:\/\/www.starsislandlapalma.es\/wp-content\/uploads\/2022\/01\/logo_starisland.png\",\"contentUrl\":\"https:\/\/www.starsislandlapalma.es\/wp-content\/uploads\/2022\/01\/logo_starisland.png\",\"width\":172,\"height\":139,\"caption\":\"Star Island La Palma\"},\"image\":{\"@id\":\"https:\/\/www.starsislandlapalma.es\/#\/schema\/logo\/image\/\"},\"sameAs\":[\"https:\/\/www.facebook.com\/pages\/Starsisland-La-Palma\/210888162375006?ref=hl\",\"https:\/\/x.com\/starsislandlapa\",\"https:\/\/www.pinterest.com\/astroturismo\/\",\"https:\/\/www.youtube.com\/channel\/UCV7sju1ggcBpJG39HQCBtsA\"]},{\"@type\":\"Person\",\"@id\":\"https:\/\/www.starsislandlapalma.es\/#\/schema\/person\/9043f5bd4f379ca7532bf525fa88073b\",\"name\":\"Stars Island La Palma\",\"image\":{\"@type\":\"ImageObject\",\"inLanguage\":\"de\",\"@id\":\"https:\/\/www.starsislandlapalma.es\/#\/schema\/person\/image\/\",\"url\":\"https:\/\/secure.gravatar.com\/avatar\/214edfeae37af83662fa1058aeebfb41?s=96&d=mm&r=g\",\"contentUrl\":\"https:\/\/secure.gravatar.com\/avatar\/214edfeae37af83662fa1058aeebfb41?s=96&d=mm&r=g\",\"caption\":\"Stars Island La Palma\"},\"url\":\"https:\/\/www.starsislandlapalma.es\/de\/author\/star\/\"}]}<\/script>\n<!-- \/ Yoast SEO plugin. -->","yoast_head_json":{"title":"Bre\u00f1a Baja acoge una escultura del proyecto \u2018Astronom\u00eda y Arte\u2019 &#8902; Stars Island La Palma","robots":{"index":"index","follow":"follow","max-snippet":"max-snippet:-1","max-image-preview":"max-image-preview:large","max-video-preview":"max-video-preview:-1"},"canonical":"https:\/\/www.starsislandlapalma.es\/de\/brena-baja-acoge-una-escultura-del-proyecto-astronomia-y-arte-3\/","og_locale":"de_DE","og_type":"article","og_title":"Bre\u00f1a Baja acoge una escultura del proyecto \u2018Astronom\u00eda y Arte\u2019 &#8902; Stars Island La Palma","og_description":"La obra, con boceto de la artista Marylyn Mart\u00edn, se enmarca dentro de un proyecto que impulsa el Telescopio Nazionale Galileo en colaboraci\u00f3n con la Escuela de Arte. El Telescopio Nazionale Galileo, con la colaboraci\u00f3n de la Escuela de Arte Manolo Blahnik, ha inaugurado este...","og_url":"https:\/\/www.starsislandlapalma.es\/de\/brena-baja-acoge-una-escultura-del-proyecto-astronomia-y-arte-3\/","og_site_name":"Stars Island La Palma","article_publisher":"https:\/\/www.facebook.com\/pages\/Starsisland-La-Palma\/210888162375006?ref=hl","article_published_time":"2015-07-01T12:17:20+00:00","article_modified_time":"2015-07-07T13:08:03+00:00","og_image":[{"width":643,"height":379,"url":"https:\/\/www.starsislandlapalma.es\/wp-content\/uploads\/2015\/07\/escultura-Brena_Baja-proyecto_-Astronomia_y_Arte_EDIIMA20150630_0891_18.jpg","type":"image\/jpeg"}],"author":"Stars Island La Palma","twitter_misc":{"Verfasst von":"Stars Island La Palma","Gesch\u00e4tzte Lesezeit":"3\u00a0Minuten"},"schema":{"@context":"https:\/\/schema.org","@graph":[{"@type":"Article","@id":"https:\/\/www.starsislandlapalma.es\/de\/brena-baja-acoge-una-escultura-del-proyecto-astronomia-y-arte-3\/#article","isPartOf":{"@id":"https:\/\/www.starsislandlapalma.es\/de\/brena-baja-acoge-una-escultura-del-proyecto-astronomia-y-arte-3\/"},"author":{"name":"Stars Island La Palma","@id":"https:\/\/www.starsislandlapalma.es\/#\/schema\/person\/9043f5bd4f379ca7532bf525fa88073b"},"headline":"Bre\u00f1a Baja acoge una escultura del proyecto \u2018Astronom\u00eda y Arte\u2019","datePublished":"2015-07-01T12:17:20+00:00","dateModified":"2015-07-07T13:08:03+00:00","mainEntityOfPage":{"@id":"https:\/\/www.starsislandlapalma.es\/de\/brena-baja-acoge-una-escultura-del-proyecto-astronomia-y-arte-3\/"},"wordCount":534,"commentCount":0,"publisher":{"@id":"https:\/\/www.starsislandlapalma.es\/#organization"},"image":{"@id":"https:\/\/www.starsislandlapalma.es\/de\/brena-baja-acoge-una-escultura-del-proyecto-astronomia-y-arte-3\/#primaryimage"},"thumbnailUrl":"https:\/\/www.starsislandlapalma.es\/wp-content\/uploads\/2015\/07\/escultura-Brena_Baja-proyecto_-Astronomia_y_Arte_EDIIMA20150630_0891_18.jpg","keywords":["astronom\u00eda","roque de los muchachos"],"articleSection":["Nachricht"],"inLanguage":"de","potentialAction":[{"@type":"CommentAction","name":"Comment","target":["https:\/\/www.starsislandlapalma.es\/de\/brena-baja-acoge-una-escultura-del-proyecto-astronomia-y-arte-3\/#respond"]}]},{"@type":"WebPage","@id":"https:\/\/www.starsislandlapalma.es\/de\/brena-baja-acoge-una-escultura-del-proyecto-astronomia-y-arte-3\/","url":"https:\/\/www.starsislandlapalma.es\/de\/brena-baja-acoge-una-escultura-del-proyecto-astronomia-y-arte-3\/","name":"Bre\u00f1a Baja acoge una escultura del proyecto \u2018Astronom\u00eda y Arte\u2019 &#8902; Stars Island La Palma","isPartOf":{"@id":"https:\/\/www.starsislandlapalma.es\/#website"},"primaryImageOfPage":{"@id":"https:\/\/www.starsislandlapalma.es\/de\/brena-baja-acoge-una-escultura-del-proyecto-astronomia-y-arte-3\/#primaryimage"},"image":{"@id":"https:\/\/www.starsislandlapalma.es\/de\/brena-baja-acoge-una-escultura-del-proyecto-astronomia-y-arte-3\/#primaryimage"},"thumbnailUrl":"https:\/\/www.starsislandlapalma.es\/wp-content\/uploads\/2015\/07\/escultura-Brena_Baja-proyecto_-Astronomia_y_Arte_EDIIMA20150630_0891_18.jpg","datePublished":"2015-07-01T12:17:20+00:00","dateModified":"2015-07-07T13:08:03+00:00","breadcrumb":{"@id":"https:\/\/www.starsislandlapalma.es\/de\/brena-baja-acoge-una-escultura-del-proyecto-astronomia-y-arte-3\/#breadcrumb"},"inLanguage":"de","potentialAction":[{"@type":"ReadAction","target":["https:\/\/www.starsislandlapalma.es\/de\/brena-baja-acoge-una-escultura-del-proyecto-astronomia-y-arte-3\/"]}]},{"@type":"ImageObject","inLanguage":"de","@id":"https:\/\/www.starsislandlapalma.es\/de\/brena-baja-acoge-una-escultura-del-proyecto-astronomia-y-arte-3\/#primaryimage","url":"https:\/\/www.starsislandlapalma.es\/wp-content\/uploads\/2015\/07\/escultura-Brena_Baja-proyecto_-Astronomia_y_Arte_EDIIMA20150630_0891_18.jpg","contentUrl":"https:\/\/www.starsislandlapalma.es\/wp-content\/uploads\/2015\/07\/escultura-Brena_Baja-proyecto_-Astronomia_y_Arte_EDIIMA20150630_0891_18.jpg","width":643,"height":379},{"@type":"BreadcrumbList","@id":"https:\/\/www.starsislandlapalma.es\/de\/brena-baja-acoge-una-escultura-del-proyecto-astronomia-y-arte-3\/#breadcrumb","itemListElement":[{"@type":"ListItem","position":1,"name":"Portada","item":"https:\/\/www.starsislandlapalma.es\/de\/"},{"@type":"ListItem","position":2,"name":"Bre\u00f1a Baja acoge una escultura del proyecto \u2018Astronom\u00eda y Arte\u2019"}]},{"@type":"WebSite","@id":"https:\/\/www.starsislandlapalma.es\/#website","url":"https:\/\/www.starsislandlapalma.es\/","name":"Stars Island La Palma","description":"La Palma, el lugar perfecto para disfrutar del universo. Primera Reserva Starlight del mundo, en 2012 se reconoce como Destino Tur\u00edstico Starlight","publisher":{"@id":"https:\/\/www.starsislandlapalma.es\/#organization"},"potentialAction":[{"@type":"SearchAction","target":{"@type":"EntryPoint","urlTemplate":"https:\/\/www.starsislandlapalma.es\/?s={search_term_string}"},"query-input":{"@type":"PropertyValueSpecification","valueRequired":true,"valueName":"search_term_string"}}],"inLanguage":"de"},{"@type":"Organization","@id":"https:\/\/www.starsislandlapalma.es\/#organization","name":"Star Island La Palma","url":"https:\/\/www.starsislandlapalma.es\/","logo":{"@type":"ImageObject","inLanguage":"de","@id":"https:\/\/www.starsislandlapalma.es\/#\/schema\/logo\/image\/","url":"https:\/\/www.starsislandlapalma.es\/wp-content\/uploads\/2022\/01\/logo_starisland.png","contentUrl":"https:\/\/www.starsislandlapalma.es\/wp-content\/uploads\/2022\/01\/logo_starisland.png","width":172,"height":139,"caption":"Star Island La Palma"},"image":{"@id":"https:\/\/www.starsislandlapalma.es\/#\/schema\/logo\/image\/"},"sameAs":["https:\/\/www.facebook.com\/pages\/Starsisland-La-Palma\/210888162375006?ref=hl","https:\/\/x.com\/starsislandlapa","https:\/\/www.pinterest.com\/astroturismo\/","https:\/\/www.youtube.com\/channel\/UCV7sju1ggcBpJG39HQCBtsA"]},{"@type":"Person","@id":"https:\/\/www.starsislandlapalma.es\/#\/schema\/person\/9043f5bd4f379ca7532bf525fa88073b","name":"Stars Island La Palma","image":{"@type":"ImageObject","inLanguage":"de","@id":"https:\/\/www.starsislandlapalma.es\/#\/schema\/person\/image\/","url":"https:\/\/secure.gravatar.com\/avatar\/214edfeae37af83662fa1058aeebfb41?s=96&d=mm&r=g","contentUrl":"https:\/\/secure.gravatar.com\/avatar\/214edfeae37af83662fa1058aeebfb41?s=96&d=mm&r=g","caption":"Stars Island La Palma"},"url":"https:\/\/www.starsislandlapalma.es\/de\/author\/star\/"}]}},"_links":{"self":[{"href":"https:\/\/www.starsislandlapalma.es\/de\/wp-json\/wp\/v2\/posts\/19846\/"}],"collection":[{"href":"https:\/\/www.starsislandlapalma.es\/de\/wp-json\/wp\/v2\/posts\/"}],"about":[{"href":"https:\/\/www.starsislandlapalma.es\/de\/wp-json\/wp\/v2\/types\/post\/"}],"author":[{"embeddable":true,"href":"https:\/\/www.starsislandlapalma.es\/de\/wp-json\/wp\/v2\/users\/1\/"}],"replies":[{"embeddable":true,"href":"https:\/\/www.starsislandlapalma.es\/de\/wp-json\/wp\/v2\/comments\/?post=19846"}],"version-history":[{"count":0,"href":"https:\/\/www.starsislandlapalma.es\/de\/wp-json\/wp\/v2\/posts\/19846\/revisions\/"}],"wp:featuredmedia":[{"embeddable":true,"href":"https:\/\/www.starsislandlapalma.es\/de\/wp-json\/wp\/v2\/media\/19842\/"}],"wp:attachment":[{"href":"https:\/\/www.starsislandlapalma.es\/de\/wp-json\/wp\/v2\/media\/?parent=19846"}],"wp:term":[{"taxonomy":"category","embeddable":true,"href":"https:\/\/www.starsislandlapalma.es\/de\/wp-json\/wp\/v2\/categories\/?post=19846"},{"taxonomy":"post_tag","embeddable":true,"href":"https:\/\/www.starsislandlapalma.es\/de\/wp-json\/wp\/v2\/tags\/?post=19846"}],"curies":[{"name":"wp","href":"https:\/\/api.w.org\/{rel}","templated":true}]}}