{"id":20101,"date":"2015-08-03T09:35:39","date_gmt":"2015-08-03T09:35:39","guid":{"rendered":"http:\/\/www.starsislandlapalma.es\/las-estrellas-son-para-el-verano-2\/"},"modified":"2020-10-08T08:14:53","modified_gmt":"2020-10-08T08:14:53","slug":"las-estrellas-son-para-el-verano","status":"publish","type":"post","link":"https:\/\/www.starsislandlapalma.es\/de\/las-estrellas-son-para-el-verano\/","title":{"rendered":"Las estrellas son para el verano"},"content":{"rendered":"<p style=\"text-align: justify;\">La Palma cuenta adem\u00e1s con numerosos miradores y observatorios en los que el cabildo insular ha querido promocionar uno de sus patrimonios, ese paisaje nocturno espl\u00e9ndido, que completa a la naturaleza exuberante de d\u00eda. Por toda la isla uno encuentra las indicaciones de \u201cObservatorio Astron\u00f3mico\u201d, conduciendo a miradores en los que algunas veces se encuentran cartas del cielo y en otros peque\u00f1os telescopios. Diversas empresas ofrecen adem\u00e1s excursiones de turismo astron\u00f3mico, complementadas con las visitas en las ma\u00f1anas de los d\u00edas de labor al Observatorio del Roque de los Muchachos, que conviene reservar con antelaci\u00f3n (visitasorm@iac.es).<\/p>\n<p>Origen: <a href=\"http:\/\/elpais.com\/elpais\/2015\/07\/31\/ciencia\/1438358207_527592.html\" target=\"_blank\" rel=\"noopener noreferrer\">El Pais<\/a><\/p>\n<p>&nbsp;<\/p>\n","protected":false},"excerpt":{"rendered":"<p>La Palma cuenta adem\u00e1s con numerosos miradores y observatorios en los que el cabildo insular ha querido promocionar uno de sus patrimonios, ese paisaje nocturno espl\u00e9ndido, que completa a la naturaleza exuberante de d\u00eda. Por toda la isla uno encuentra las indicaciones de \u201cObservatorio Astron\u00f3mico\u201d,&#8230;<\/p>\n","protected":false},"author":1,"featured_media":21859,"comment_status":"open","ping_status":"open","sticky":false,"template":"","format":"standard","meta":{"footnotes":""},"categories":[135],"tags":[],"yoast_head":"<!-- This site is optimized with the Yoast SEO plugin v24.5 - https:\/\/yoast.com\/wordpress\/plugins\/seo\/ -->\n<title>Las estrellas son para el verano &#8902; Stars Island La Palma<\/title>\n<meta name=\"robots\" content=\"index, follow, max-snippet:-1, max-image-preview:large, max-video-preview:-1\" \/>\n<link rel=\"canonical\" href=\"https:\/\/www.starsislandlapalma.es\/de\/las-estrellas-son-para-el-verano\/\" \/>\n<meta property=\"og:locale\" content=\"de_DE\" \/>\n<meta property=\"og:type\" content=\"article\" \/>\n<meta property=\"og:title\" content=\"Las estrellas son para el verano &#8902; Stars Island La Palma\" \/>\n<meta property=\"og:description\" content=\"La Palma cuenta adem\u00e1s con numerosos miradores y observatorios en los que el cabildo insular ha querido promocionar uno de sus patrimonios, ese paisaje nocturno espl\u00e9ndido, que completa a la naturaleza exuberante de d\u00eda. Por toda la isla uno encuentra las indicaciones de \u201cObservatorio Astron\u00f3mico\u201d,...\" \/>\n<meta property=\"og:url\" content=\"https:\/\/www.starsislandlapalma.es\/de\/las-estrellas-son-para-el-verano\/\" \/>\n<meta property=\"og:site_name\" content=\"Stars Island La Palma\" \/>\n<meta property=\"article:publisher\" content=\"https:\/\/www.facebook.com\/pages\/Starsisland-La-Palma\/210888162375006?ref=hl\" \/>\n<meta property=\"article:published_time\" content=\"2015-08-03T09:35:39+00:00\" \/>\n<meta property=\"article:modified_time\" content=\"2020-10-08T08:14:53+00:00\" \/>\n<meta property=\"og:image\" content=\"https:\/\/www.starsislandlapalma.es\/wp-content\/uploads\/2015\/08\/estrellassonverano.jpg\" \/>\n\t<meta property=\"og:image:width\" content=\"560\" \/>\n\t<meta property=\"og:image:height\" content=\"307\" \/>\n\t<meta property=\"og:image:type\" content=\"image\/jpeg\" \/>\n<meta name=\"author\" content=\"Stars Island La Palma\" \/>\n<meta name=\"twitter:label1\" content=\"Verfasst von\" \/>\n\t<meta name=\"twitter:data1\" content=\"Stars Island La Palma\" \/>\n\t<meta name=\"twitter:label2\" content=\"Gesch\u00e4tzte Lesezeit\" \/>\n\t<meta name=\"twitter:data2\" content=\"1\u00a0Minute\" \/>\n<script type=\"application\/ld+json\" class=\"yoast-schema-graph\">{\"@context\":\"https:\/\/schema.org\",\"@graph\":[{\"@type\":\"Article\",\"@id\":\"https:\/\/www.starsislandlapalma.es\/de\/las-estrellas-son-para-el-verano\/#article\",\"isPartOf\":{\"@id\":\"https:\/\/www.starsislandlapalma.es\/de\/las-estrellas-son-para-el-verano\/\"},\"author\":{\"name\":\"Stars Island La Palma\",\"@id\":\"https:\/\/www.starsislandlapalma.es\/#\/schema\/person\/9043f5bd4f379ca7532bf525fa88073b\"},\"headline\":\"Las estrellas son para el verano\",\"datePublished\":\"2015-08-03T09:35:39+00:00\",\"dateModified\":\"2020-10-08T08:14:53+00:00\",\"mainEntityOfPage\":{\"@id\":\"https:\/\/www.starsislandlapalma.es\/de\/las-estrellas-son-para-el-verano\/\"},\"wordCount\":118,\"commentCount\":0,\"publisher\":{\"@id\":\"https:\/\/www.starsislandlapalma.es\/#organization\"},\"image\":{\"@id\":\"https:\/\/www.starsislandlapalma.es\/de\/las-estrellas-son-para-el-verano\/#primaryimage\"},\"thumbnailUrl\":\"https:\/\/www.starsislandlapalma.es\/wp-content\/uploads\/2015\/08\/estrellassonverano.jpg\",\"articleSection\":[\"Nachricht\"],\"inLanguage\":\"de\",\"potentialAction\":[{\"@type\":\"CommentAction\",\"name\":\"Comment\",\"target\":[\"https:\/\/www.starsislandlapalma.es\/de\/las-estrellas-son-para-el-verano\/#respond\"]}]},{\"@type\":\"WebPage\",\"@id\":\"https:\/\/www.starsislandlapalma.es\/de\/las-estrellas-son-para-el-verano\/\",\"url\":\"https:\/\/www.starsislandlapalma.es\/de\/las-estrellas-son-para-el-verano\/\",\"name\":\"Las estrellas son para el verano &#8902; Stars Island La Palma\",\"isPartOf\":{\"@id\":\"https:\/\/www.starsislandlapalma.es\/#website\"},\"primaryImageOfPage\":{\"@id\":\"https:\/\/www.starsislandlapalma.es\/de\/las-estrellas-son-para-el-verano\/#primaryimage\"},\"image\":{\"@id\":\"https:\/\/www.starsislandlapalma.es\/de\/las-estrellas-son-para-el-verano\/#primaryimage\"},\"thumbnailUrl\":\"https:\/\/www.starsislandlapalma.es\/wp-content\/uploads\/2015\/08\/estrellassonverano.jpg\",\"datePublished\":\"2015-08-03T09:35:39+00:00\",\"dateModified\":\"2020-10-08T08:14:53+00:00\",\"breadcrumb\":{\"@id\":\"https:\/\/www.starsislandlapalma.es\/de\/las-estrellas-son-para-el-verano\/#breadcrumb\"},\"inLanguage\":\"de\",\"potentialAction\":[{\"@type\":\"ReadAction\",\"target\":[\"https:\/\/www.starsislandlapalma.es\/de\/las-estrellas-son-para-el-verano\/\"]}]},{\"@type\":\"ImageObject\",\"inLanguage\":\"de\",\"@id\":\"https:\/\/www.starsislandlapalma.es\/de\/las-estrellas-son-para-el-verano\/#primaryimage\",\"url\":\"https:\/\/www.starsislandlapalma.es\/wp-content\/uploads\/2015\/08\/estrellassonverano.jpg\",\"contentUrl\":\"https:\/\/www.starsislandlapalma.es\/wp-content\/uploads\/2015\/08\/estrellassonverano.jpg\",\"width\":560,\"height\":307},{\"@type\":\"BreadcrumbList\",\"@id\":\"https:\/\/www.starsislandlapalma.es\/de\/las-estrellas-son-para-el-verano\/#breadcrumb\",\"itemListElement\":[{\"@type\":\"ListItem\",\"position\":1,\"name\":\"Portada\",\"item\":\"https:\/\/www.starsislandlapalma.es\/de\/\"},{\"@type\":\"ListItem\",\"position\":2,\"name\":\"Las estrellas son para el verano\"}]},{\"@type\":\"WebSite\",\"@id\":\"https:\/\/www.starsislandlapalma.es\/#website\",\"url\":\"https:\/\/www.starsislandlapalma.es\/\",\"name\":\"Stars Island La Palma\",\"description\":\"La Palma, el lugar perfecto para disfrutar del universo. Primera Reserva Starlight del mundo, en 2012 se reconoce como Destino Tur\u00edstico Starlight\",\"publisher\":{\"@id\":\"https:\/\/www.starsislandlapalma.es\/#organization\"},\"potentialAction\":[{\"@type\":\"SearchAction\",\"target\":{\"@type\":\"EntryPoint\",\"urlTemplate\":\"https:\/\/www.starsislandlapalma.es\/?s={search_term_string}\"},\"query-input\":{\"@type\":\"PropertyValueSpecification\",\"valueRequired\":true,\"valueName\":\"search_term_string\"}}],\"inLanguage\":\"de\"},{\"@type\":\"Organization\",\"@id\":\"https:\/\/www.starsislandlapalma.es\/#organization\",\"name\":\"Star Island La Palma\",\"url\":\"https:\/\/www.starsislandlapalma.es\/\",\"logo\":{\"@type\":\"ImageObject\",\"inLanguage\":\"de\",\"@id\":\"https:\/\/www.starsislandlapalma.es\/#\/schema\/logo\/image\/\",\"url\":\"https:\/\/www.starsislandlapalma.es\/wp-content\/uploads\/2022\/01\/logo_starisland.png\",\"contentUrl\":\"https:\/\/www.starsislandlapalma.es\/wp-content\/uploads\/2022\/01\/logo_starisland.png\",\"width\":172,\"height\":139,\"caption\":\"Star Island La Palma\"},\"image\":{\"@id\":\"https:\/\/www.starsislandlapalma.es\/#\/schema\/logo\/image\/\"},\"sameAs\":[\"https:\/\/www.facebook.com\/pages\/Starsisland-La-Palma\/210888162375006?ref=hl\",\"https:\/\/x.com\/starsislandlapa\",\"https:\/\/www.pinterest.com\/astroturismo\/\",\"https:\/\/www.youtube.com\/channel\/UCV7sju1ggcBpJG39HQCBtsA\"]},{\"@type\":\"Person\",\"@id\":\"https:\/\/www.starsislandlapalma.es\/#\/schema\/person\/9043f5bd4f379ca7532bf525fa88073b\",\"name\":\"Stars Island La Palma\",\"image\":{\"@type\":\"ImageObject\",\"inLanguage\":\"de\",\"@id\":\"https:\/\/www.starsislandlapalma.es\/#\/schema\/person\/image\/\",\"url\":\"https:\/\/secure.gravatar.com\/avatar\/214edfeae37af83662fa1058aeebfb41?s=96&d=mm&r=g\",\"contentUrl\":\"https:\/\/secure.gravatar.com\/avatar\/214edfeae37af83662fa1058aeebfb41?s=96&d=mm&r=g\",\"caption\":\"Stars Island La Palma\"},\"url\":\"https:\/\/www.starsislandlapalma.es\/de\/author\/star\/\"}]}<\/script>\n<!-- \/ Yoast SEO plugin. -->","yoast_head_json":{"title":"Las estrellas son para el verano &#8902; Stars Island La Palma","robots":{"index":"index","follow":"follow","max-snippet":"max-snippet:-1","max-image-preview":"max-image-preview:large","max-video-preview":"max-video-preview:-1"},"canonical":"https:\/\/www.starsislandlapalma.es\/de\/las-estrellas-son-para-el-verano\/","og_locale":"de_DE","og_type":"article","og_title":"Las estrellas son para el verano &#8902; Stars Island La Palma","og_description":"La Palma cuenta adem\u00e1s con numerosos miradores y observatorios en los que el cabildo insular ha querido promocionar uno de sus patrimonios, ese paisaje nocturno espl\u00e9ndido, que completa a la naturaleza exuberante de d\u00eda. Por toda la isla uno encuentra las indicaciones de \u201cObservatorio Astron\u00f3mico\u201d,...","og_url":"https:\/\/www.starsislandlapalma.es\/de\/las-estrellas-son-para-el-verano\/","og_site_name":"Stars Island La Palma","article_publisher":"https:\/\/www.facebook.com\/pages\/Starsisland-La-Palma\/210888162375006?ref=hl","article_published_time":"2015-08-03T09:35:39+00:00","article_modified_time":"2020-10-08T08:14:53+00:00","og_image":[{"width":560,"height":307,"url":"https:\/\/www.starsislandlapalma.es\/wp-content\/uploads\/2015\/08\/estrellassonverano.jpg","type":"image\/jpeg"}],"author":"Stars Island La Palma","twitter_misc":{"Verfasst von":"Stars Island La Palma","Gesch\u00e4tzte Lesezeit":"1\u00a0Minute"},"schema":{"@context":"https:\/\/schema.org","@graph":[{"@type":"Article","@id":"https:\/\/www.starsislandlapalma.es\/de\/las-estrellas-son-para-el-verano\/#article","isPartOf":{"@id":"https:\/\/www.starsislandlapalma.es\/de\/las-estrellas-son-para-el-verano\/"},"author":{"name":"Stars Island La Palma","@id":"https:\/\/www.starsislandlapalma.es\/#\/schema\/person\/9043f5bd4f379ca7532bf525fa88073b"},"headline":"Las estrellas son para el verano","datePublished":"2015-08-03T09:35:39+00:00","dateModified":"2020-10-08T08:14:53+00:00","mainEntityOfPage":{"@id":"https:\/\/www.starsislandlapalma.es\/de\/las-estrellas-son-para-el-verano\/"},"wordCount":118,"commentCount":0,"publisher":{"@id":"https:\/\/www.starsislandlapalma.es\/#organization"},"image":{"@id":"https:\/\/www.starsislandlapalma.es\/de\/las-estrellas-son-para-el-verano\/#primaryimage"},"thumbnailUrl":"https:\/\/www.starsislandlapalma.es\/wp-content\/uploads\/2015\/08\/estrellassonverano.jpg","articleSection":["Nachricht"],"inLanguage":"de","potentialAction":[{"@type":"CommentAction","name":"Comment","target":["https:\/\/www.starsislandlapalma.es\/de\/las-estrellas-son-para-el-verano\/#respond"]}]},{"@type":"WebPage","@id":"https:\/\/www.starsislandlapalma.es\/de\/las-estrellas-son-para-el-verano\/","url":"https:\/\/www.starsislandlapalma.es\/de\/las-estrellas-son-para-el-verano\/","name":"Las estrellas son para el verano &#8902; Stars Island La Palma","isPartOf":{"@id":"https:\/\/www.starsislandlapalma.es\/#website"},"primaryImageOfPage":{"@id":"https:\/\/www.starsislandlapalma.es\/de\/las-estrellas-son-para-el-verano\/#primaryimage"},"image":{"@id":"https:\/\/www.starsislandlapalma.es\/de\/las-estrellas-son-para-el-verano\/#primaryimage"},"thumbnailUrl":"https:\/\/www.starsislandlapalma.es\/wp-content\/uploads\/2015\/08\/estrellassonverano.jpg","datePublished":"2015-08-03T09:35:39+00:00","dateModified":"2020-10-08T08:14:53+00:00","breadcrumb":{"@id":"https:\/\/www.starsislandlapalma.es\/de\/las-estrellas-son-para-el-verano\/#breadcrumb"},"inLanguage":"de","potentialAction":[{"@type":"ReadAction","target":["https:\/\/www.starsislandlapalma.es\/de\/las-estrellas-son-para-el-verano\/"]}]},{"@type":"ImageObject","inLanguage":"de","@id":"https:\/\/www.starsislandlapalma.es\/de\/las-estrellas-son-para-el-verano\/#primaryimage","url":"https:\/\/www.starsislandlapalma.es\/wp-content\/uploads\/2015\/08\/estrellassonverano.jpg","contentUrl":"https:\/\/www.starsislandlapalma.es\/wp-content\/uploads\/2015\/08\/estrellassonverano.jpg","width":560,"height":307},{"@type":"BreadcrumbList","@id":"https:\/\/www.starsislandlapalma.es\/de\/las-estrellas-son-para-el-verano\/#breadcrumb","itemListElement":[{"@type":"ListItem","position":1,"name":"Portada","item":"https:\/\/www.starsislandlapalma.es\/de\/"},{"@type":"ListItem","position":2,"name":"Las estrellas son para el verano"}]},{"@type":"WebSite","@id":"https:\/\/www.starsislandlapalma.es\/#website","url":"https:\/\/www.starsislandlapalma.es\/","name":"Stars Island La Palma","description":"La Palma, el lugar perfecto para disfrutar del universo. Primera Reserva Starlight del mundo, en 2012 se reconoce como Destino Tur\u00edstico Starlight","publisher":{"@id":"https:\/\/www.starsislandlapalma.es\/#organization"},"potentialAction":[{"@type":"SearchAction","target":{"@type":"EntryPoint","urlTemplate":"https:\/\/www.starsislandlapalma.es\/?s={search_term_string}"},"query-input":{"@type":"PropertyValueSpecification","valueRequired":true,"valueName":"search_term_string"}}],"inLanguage":"de"},{"@type":"Organization","@id":"https:\/\/www.starsislandlapalma.es\/#organization","name":"Star Island La Palma","url":"https:\/\/www.starsislandlapalma.es\/","logo":{"@type":"ImageObject","inLanguage":"de","@id":"https:\/\/www.starsislandlapalma.es\/#\/schema\/logo\/image\/","url":"https:\/\/www.starsislandlapalma.es\/wp-content\/uploads\/2022\/01\/logo_starisland.png","contentUrl":"https:\/\/www.starsislandlapalma.es\/wp-content\/uploads\/2022\/01\/logo_starisland.png","width":172,"height":139,"caption":"Star Island La Palma"},"image":{"@id":"https:\/\/www.starsislandlapalma.es\/#\/schema\/logo\/image\/"},"sameAs":["https:\/\/www.facebook.com\/pages\/Starsisland-La-Palma\/210888162375006?ref=hl","https:\/\/x.com\/starsislandlapa","https:\/\/www.pinterest.com\/astroturismo\/","https:\/\/www.youtube.com\/channel\/UCV7sju1ggcBpJG39HQCBtsA"]},{"@type":"Person","@id":"https:\/\/www.starsislandlapalma.es\/#\/schema\/person\/9043f5bd4f379ca7532bf525fa88073b","name":"Stars Island La Palma","image":{"@type":"ImageObject","inLanguage":"de","@id":"https:\/\/www.starsislandlapalma.es\/#\/schema\/person\/image\/","url":"https:\/\/secure.gravatar.com\/avatar\/214edfeae37af83662fa1058aeebfb41?s=96&d=mm&r=g","contentUrl":"https:\/\/secure.gravatar.com\/avatar\/214edfeae37af83662fa1058aeebfb41?s=96&d=mm&r=g","caption":"Stars Island La Palma"},"url":"https:\/\/www.starsislandlapalma.es\/de\/author\/star\/"}]}},"_links":{"self":[{"href":"https:\/\/www.starsislandlapalma.es\/de\/wp-json\/wp\/v2\/posts\/20101\/"}],"collection":[{"href":"https:\/\/www.starsislandlapalma.es\/de\/wp-json\/wp\/v2\/posts\/"}],"about":[{"href":"https:\/\/www.starsislandlapalma.es\/de\/wp-json\/wp\/v2\/types\/post\/"}],"author":[{"embeddable":true,"href":"https:\/\/www.starsislandlapalma.es\/de\/wp-json\/wp\/v2\/users\/1\/"}],"replies":[{"embeddable":true,"href":"https:\/\/www.starsislandlapalma.es\/de\/wp-json\/wp\/v2\/comments\/?post=20101"}],"version-history":[{"count":0,"href":"https:\/\/www.starsislandlapalma.es\/de\/wp-json\/wp\/v2\/posts\/20101\/revisions\/"}],"wp:featuredmedia":[{"embeddable":true,"href":"https:\/\/www.starsislandlapalma.es\/de\/wp-json\/wp\/v2\/media\/21859\/"}],"wp:attachment":[{"href":"https:\/\/www.starsislandlapalma.es\/de\/wp-json\/wp\/v2\/media\/?parent=20101"}],"wp:term":[{"taxonomy":"category","embeddable":true,"href":"https:\/\/www.starsislandlapalma.es\/de\/wp-json\/wp\/v2\/categories\/?post=20101"},{"taxonomy":"post_tag","embeddable":true,"href":"https:\/\/www.starsislandlapalma.es\/de\/wp-json\/wp\/v2\/tags\/?post=20101"}],"curies":[{"name":"wp","href":"https:\/\/api.w.org\/{rel}","templated":true}]}}