{"id":20106,"date":"2015-09-03T10:58:19","date_gmt":"2015-09-03T10:58:19","guid":{"rendered":"http:\/\/www.starsislandlapalma.es\/la-primera-edicion-de-astrofest-la-palma-reunira-en-la-isla-a-profesionales-de-todo-el-mundo-de-la-astronomia-el-astroturismo-y-la-astrofotografia-y-ofertara-actividades-para-todos-2\/"},"modified":"2020-10-08T08:13:11","modified_gmt":"2020-10-08T08:13:11","slug":"la-primera-edicion-de-astrofest-la-palma-reunira-en-la-isla-a-profesionales-de-todo-el-mundo-de-la-astronomia-el-astroturismo-y-la-astrofotografia-y-ofertara-actividades-para-todos","status":"publish","type":"post","link":"https:\/\/www.starsislandlapalma.es\/de\/la-primera-edicion-de-astrofest-la-palma-reunira-en-la-isla-a-profesionales-de-todo-el-mundo-de-la-astronomia-el-astroturismo-y-la-astrofotografia-y-ofertara-actividades-para-todos\/","title":{"rendered":"La primera edici\u00f3n de \u2018Astrofest La Palma\u2019 reunir\u00e1 en la Isla a profesionales de todo el mundo de la astronom\u00eda, el astroturismo y la astrofotograf\u00eda y ofertar\u00e1 actividades para todos los p\u00fablicos"},"content":{"rendered":"<p style=\"text-align: center;\"><em>La Palma ser\u00e1 epicentro de la actividad astron\u00f3mica el \u00faltimo fin de semana de septiembre y los primeros d\u00edas de octubre con citas \u00fanicas en su g\u00e9nero<\/em><\/p>\n<p style=\"text-align: justify;\">La Palma ser\u00e1 el centro de la actividad astron\u00f3mica con motivo de la primera edici\u00f3n del <em>Astrofest La Palma<\/em>, un encuentro en torno a varias citas profesionales de m\u00e1ximo inter\u00e9s que traer\u00e1n a la Isla Bonita el \u00faltimo fin de semana de septiembre y los primeros d\u00edas de octubre a grandes profesionales del turismo, la ciencia o la fotograf\u00eda astron\u00f3mica, entre otras materias. El festival tambi\u00e9n convocar\u00e1 una serie de actividades abiertas a la participaci\u00f3n de todos los interesados, entre las que destaca la observaci\u00f3n de un eclipse total de luna.<\/p>\n<p style=\"text-align: justify;\">La consejera de Turismo del Cabildo de La Palma, Alicia Vanoostende, present\u00f3 hoy en rueda de prensa este festival, acompa\u00f1ada por la jefa de secci\u00f3n del \u00e1rea, Ana Casta\u00f1eda; la representante de <em>Astro La Palma<\/em> y encargada de la <em>Conferencia Internacional de Fotograf\u00eda Nocturna <\/em>y el taller <em>AstroMaster<\/em>, Ana Garc\u00eda y el responsable de <em>Ecointur<\/em>, Carlos Fern\u00e1ndez, encargado de la Conferencia Internacional de Astroturismo.<\/p>\n<p style=\"text-align: justify;\">&nbsp;\u201cLa Palma ha consolidado definitivamente su posicionamiento en el sector del astroturismo, tal y como lo muestra el reconocimiento que la Isla recibi\u00f3 en este sentido por parte del Ministerio de Industria, Energ\u00eda y Turismo del Gobierno de Espa\u00f1a con la \u201cPlaca al M\u00e9rito Tur\u00edstico\u201d como destino emergente. El Astrofest La Palma da continuidad a la tarea que realizamos desde el Cabildo y desde el \u00e1rea de Turismo de la instituci\u00f3n insular, con una serie de encuentros de m\u00e1ximo inter\u00e9s para los profesionales, pero con actividades abiertas a todo tipo de p\u00fablico, que entendemos que son de m\u00e1ximo inter\u00e9s y, a buen seguro, tendr\u00e1n una gran aceptaci\u00f3n y mantendr\u00e1n la atenci\u00f3n del mundo de la astronom\u00eda sobre nuestro territorio\u201d, se\u00f1al\u00f3 la consejera de Turismo.<\/p>\n<p style=\"text-align: justify;\"><em>Astrofest La Palma<\/em> se abrir\u00e1 el 25 de septiembre con la celebraci\u00f3n de la segunda <em>Conferencia Internacional de Astroturismo<\/em>, un encuentro \u00fanico en su g\u00e9nero, y que se prolongar\u00e1 hasta el d\u00eda 27 al objeto de conocer y profundizar en las propuestas de astroturismo desarrolladas a nivel internacional, crear una red de intercambio de experiencias entre territorios, expertos en viajes, responsables de promoci\u00f3n de destinos tur\u00edsticos, cient\u00edficos promotores de actividades de astroturismo, entre otros profesionales, que pongan en com\u00fan sus experiencias y reflexiones.<\/p>\n<p style=\"text-align: justify;\">La segunda cita ser\u00e1 justo a continuaci\u00f3n, ya que en la noche del 27 al 28 de septiembre se producir\u00e1 un eclipse total de luna que ser\u00e1 visible desde La Palma. Los asistentes a la actividad podr\u00e1n disfrutar con telescopios de este eclipse desde un \u00e1rea oscura protegida y tambi\u00e9n podr\u00e1n participar en otras actividades paralelas.<\/p>\n<p style=\"text-align: justify;\">Entre el 29 de septiembre y el 1 de octubre se celebrar\u00e1 la primera edici\u00f3n de la <em>Conferencia Internacional de Fotograf\u00eda Nocturna<\/em> (<em>Nightscape Conference)<\/em>, un evento pionero respaldado por la organizaci\u00f3n internacional de fot\u00f3grafos de paisajes nocturnos The World at Night (TWAN), que reunir\u00e1 a profesionales de la imagen y a artistas que centran su actividad en el cielo nocturno, los paisajes, la astrofotograf\u00eda y, en general, a quienes trabajan en la conexi\u00f3n entre arte, noche, fotograf\u00eda y astronom\u00eda.<\/p>\n<p style=\"text-align: justify;\">El 2 de octubre se celebrar\u00e1 el <em>D\u00eda del Viaje Fotogr\u00e1fico<\/em> (<em>Photography Day Trip<\/em>), un itinerario a trav\u00e9s de paisajes caracter\u00edsticos insulares, que llevar\u00e1 a los participantes a lo largo de una ruta guiada por el noreste de La Palma, con visita al Observatorio del Roque de Los Muchachos y paradas espec\u00edficas en los emplazamientos m\u00e1s singulares para la pr\u00e1ctica de la fotograf\u00eda ambiental.<\/p>\n<p style=\"text-align: justify;\"><em>Astrofest La Palma<\/em> concluir\u00e1 con la cuarta edici\u00f3n de <em>AstroMaster<\/em>, que se celebrar\u00e1 entre el 3 y el 8 de octubre, impulsado y organizado por <em>Astro La Palma<\/em>. Se trata de un taller internacional avanzado dedicado a la fotograf\u00eda de paisajes nocturnos, <em>timelapse<\/em> y sus t\u00e9cnicas. Esta formaci\u00f3n te\u00f3rico-pr\u00e1ctica incluye una breve introducci\u00f3n para participantes de nivel medio, y lecciones avanzadas y pr\u00e1cticas al aire libre. <em>AstroMaste<\/em>r es el taller de mayor \u00e9xito de fotograf\u00eda nocturna que se celebra en La Palma con la participaci\u00f3n de TWAN y que atrae a los fans del cielo nocturno, a fot\u00f3grafos profesionales y aficionados de todo el mundo.<\/p>\n","protected":false},"excerpt":{"rendered":"<p>La Palma ser\u00e1 epicentro de la actividad astron\u00f3mica el \u00faltimo fin de semana de septiembre y los primeros d\u00edas de octubre con citas \u00fanicas en su g\u00e9nero La Palma ser\u00e1 el centro de la actividad astron\u00f3mica con motivo de la primera edici\u00f3n del Astrofest La&#8230;<\/p>\n","protected":false},"author":1,"featured_media":21821,"comment_status":"open","ping_status":"open","sticky":false,"template":"","format":"standard","meta":{"footnotes":""},"categories":[140,135],"tags":[],"yoast_head":"<!-- This site is optimized with the Yoast SEO plugin v24.5 - https:\/\/yoast.com\/wordpress\/plugins\/seo\/ -->\n<title>La primera edici\u00f3n de \u2018Astrofest La Palma\u2019 reunir\u00e1 en la Isla a profesionales de todo el mundo de la astronom\u00eda, el astroturismo y la astrofotograf\u00eda y ofertar\u00e1 actividades para todos los p\u00fablicos &#8902; Stars Island La Palma<\/title>\n<meta name=\"robots\" content=\"index, follow, max-snippet:-1, max-image-preview:large, max-video-preview:-1\" \/>\n<link rel=\"canonical\" href=\"https:\/\/www.starsislandlapalma.es\/de\/la-primera-edicion-de-astrofest-la-palma-reunira-en-la-isla-a-profesionales-de-todo-el-mundo-de-la-astronomia-el-astroturismo-y-la-astrofotografia-y-ofertara-actividades-para-todos\/\" \/>\n<meta property=\"og:locale\" content=\"de_DE\" \/>\n<meta property=\"og:type\" content=\"article\" \/>\n<meta property=\"og:title\" content=\"La primera edici\u00f3n de \u2018Astrofest La Palma\u2019 reunir\u00e1 en la Isla a profesionales de todo el mundo de la astronom\u00eda, el astroturismo y la astrofotograf\u00eda y ofertar\u00e1 actividades para todos los p\u00fablicos &#8902; Stars Island La Palma\" \/>\n<meta property=\"og:description\" content=\"La Palma ser\u00e1 epicentro de la actividad astron\u00f3mica el \u00faltimo fin de semana de septiembre y los primeros d\u00edas de octubre con citas \u00fanicas en su g\u00e9nero La Palma ser\u00e1 el centro de la actividad astron\u00f3mica con motivo de la primera edici\u00f3n del Astrofest La...\" \/>\n<meta property=\"og:url\" content=\"https:\/\/www.starsislandlapalma.es\/de\/la-primera-edicion-de-astrofest-la-palma-reunira-en-la-isla-a-profesionales-de-todo-el-mundo-de-la-astronomia-el-astroturismo-y-la-astrofotografia-y-ofertara-actividades-para-todos\/\" \/>\n<meta property=\"og:site_name\" content=\"Stars Island La Palma\" \/>\n<meta property=\"article:publisher\" content=\"https:\/\/www.facebook.com\/pages\/Starsisland-La-Palma\/210888162375006?ref=hl\" \/>\n<meta property=\"article:published_time\" content=\"2015-09-03T10:58:19+00:00\" \/>\n<meta property=\"article:modified_time\" content=\"2020-10-08T08:13:11+00:00\" \/>\n<meta property=\"og:image\" content=\"https:\/\/www.starsislandlapalma.es\/wp-content\/uploads\/2015\/07\/astrofest.jpg\" \/>\n\t<meta property=\"og:image:width\" content=\"960\" \/>\n\t<meta property=\"og:image:height\" content=\"640\" \/>\n\t<meta property=\"og:image:type\" content=\"image\/jpeg\" \/>\n<meta name=\"author\" content=\"Stars Island La Palma\" \/>\n<meta name=\"twitter:label1\" content=\"Verfasst von\" \/>\n\t<meta name=\"twitter:data1\" content=\"Stars Island La Palma\" \/>\n\t<meta name=\"twitter:label2\" content=\"Gesch\u00e4tzte Lesezeit\" \/>\n\t<meta name=\"twitter:data2\" content=\"4\u00a0Minuten\" \/>\n<script type=\"application\/ld+json\" class=\"yoast-schema-graph\">{\"@context\":\"https:\/\/schema.org\",\"@graph\":[{\"@type\":\"Article\",\"@id\":\"https:\/\/www.starsislandlapalma.es\/de\/la-primera-edicion-de-astrofest-la-palma-reunira-en-la-isla-a-profesionales-de-todo-el-mundo-de-la-astronomia-el-astroturismo-y-la-astrofotografia-y-ofertara-actividades-para-todos\/#article\",\"isPartOf\":{\"@id\":\"https:\/\/www.starsislandlapalma.es\/de\/la-primera-edicion-de-astrofest-la-palma-reunira-en-la-isla-a-profesionales-de-todo-el-mundo-de-la-astronomia-el-astroturismo-y-la-astrofotografia-y-ofertara-actividades-para-todos\/\"},\"author\":{\"name\":\"Stars Island La Palma\",\"@id\":\"https:\/\/www.starsislandlapalma.es\/#\/schema\/person\/9043f5bd4f379ca7532bf525fa88073b\"},\"headline\":\"La primera edici\u00f3n de \u2018Astrofest La Palma\u2019 reunir\u00e1 en la Isla a profesionales de todo el mundo de la astronom\u00eda, el astroturismo y la astrofotograf\u00eda y ofertar\u00e1 actividades para todos los p\u00fablicos\",\"datePublished\":\"2015-09-03T10:58:19+00:00\",\"dateModified\":\"2020-10-08T08:13:11+00:00\",\"mainEntityOfPage\":{\"@id\":\"https:\/\/www.starsislandlapalma.es\/de\/la-primera-edicion-de-astrofest-la-palma-reunira-en-la-isla-a-profesionales-de-todo-el-mundo-de-la-astronomia-el-astroturismo-y-la-astrofotografia-y-ofertara-actividades-para-todos\/\"},\"wordCount\":795,\"commentCount\":0,\"publisher\":{\"@id\":\"https:\/\/www.starsislandlapalma.es\/#organization\"},\"image\":{\"@id\":\"https:\/\/www.starsislandlapalma.es\/de\/la-primera-edicion-de-astrofest-la-palma-reunira-en-la-isla-a-profesionales-de-todo-el-mundo-de-la-astronomia-el-astroturismo-y-la-astrofotografia-y-ofertara-actividades-para-todos\/#primaryimage\"},\"thumbnailUrl\":\"https:\/\/www.starsislandlapalma.es\/wp-content\/uploads\/2015\/07\/astrofest.jpg\",\"articleSection\":[\"Event\",\"Nachricht\"],\"inLanguage\":\"de\",\"potentialAction\":[{\"@type\":\"CommentAction\",\"name\":\"Comment\",\"target\":[\"https:\/\/www.starsislandlapalma.es\/de\/la-primera-edicion-de-astrofest-la-palma-reunira-en-la-isla-a-profesionales-de-todo-el-mundo-de-la-astronomia-el-astroturismo-y-la-astrofotografia-y-ofertara-actividades-para-todos\/#respond\"]}]},{\"@type\":\"WebPage\",\"@id\":\"https:\/\/www.starsislandlapalma.es\/de\/la-primera-edicion-de-astrofest-la-palma-reunira-en-la-isla-a-profesionales-de-todo-el-mundo-de-la-astronomia-el-astroturismo-y-la-astrofotografia-y-ofertara-actividades-para-todos\/\",\"url\":\"https:\/\/www.starsislandlapalma.es\/de\/la-primera-edicion-de-astrofest-la-palma-reunira-en-la-isla-a-profesionales-de-todo-el-mundo-de-la-astronomia-el-astroturismo-y-la-astrofotografia-y-ofertara-actividades-para-todos\/\",\"name\":\"La primera edici\u00f3n de \u2018Astrofest La Palma\u2019 reunir\u00e1 en la Isla a profesionales de todo el mundo de la astronom\u00eda, el astroturismo y la astrofotograf\u00eda y ofertar\u00e1 actividades para todos los p\u00fablicos &#8902; Stars Island La Palma\",\"isPartOf\":{\"@id\":\"https:\/\/www.starsislandlapalma.es\/#website\"},\"primaryImageOfPage\":{\"@id\":\"https:\/\/www.starsislandlapalma.es\/de\/la-primera-edicion-de-astrofest-la-palma-reunira-en-la-isla-a-profesionales-de-todo-el-mundo-de-la-astronomia-el-astroturismo-y-la-astrofotografia-y-ofertara-actividades-para-todos\/#primaryimage\"},\"image\":{\"@id\":\"https:\/\/www.starsislandlapalma.es\/de\/la-primera-edicion-de-astrofest-la-palma-reunira-en-la-isla-a-profesionales-de-todo-el-mundo-de-la-astronomia-el-astroturismo-y-la-astrofotografia-y-ofertara-actividades-para-todos\/#primaryimage\"},\"thumbnailUrl\":\"https:\/\/www.starsislandlapalma.es\/wp-content\/uploads\/2015\/07\/astrofest.jpg\",\"datePublished\":\"2015-09-03T10:58:19+00:00\",\"dateModified\":\"2020-10-08T08:13:11+00:00\",\"breadcrumb\":{\"@id\":\"https:\/\/www.starsislandlapalma.es\/de\/la-primera-edicion-de-astrofest-la-palma-reunira-en-la-isla-a-profesionales-de-todo-el-mundo-de-la-astronomia-el-astroturismo-y-la-astrofotografia-y-ofertara-actividades-para-todos\/#breadcrumb\"},\"inLanguage\":\"de\",\"potentialAction\":[{\"@type\":\"ReadAction\",\"target\":[\"https:\/\/www.starsislandlapalma.es\/de\/la-primera-edicion-de-astrofest-la-palma-reunira-en-la-isla-a-profesionales-de-todo-el-mundo-de-la-astronomia-el-astroturismo-y-la-astrofotografia-y-ofertara-actividades-para-todos\/\"]}]},{\"@type\":\"ImageObject\",\"inLanguage\":\"de\",\"@id\":\"https:\/\/www.starsislandlapalma.es\/de\/la-primera-edicion-de-astrofest-la-palma-reunira-en-la-isla-a-profesionales-de-todo-el-mundo-de-la-astronomia-el-astroturismo-y-la-astrofotografia-y-ofertara-actividades-para-todos\/#primaryimage\",\"url\":\"https:\/\/www.starsislandlapalma.es\/wp-content\/uploads\/2015\/07\/astrofest.jpg\",\"contentUrl\":\"https:\/\/www.starsislandlapalma.es\/wp-content\/uploads\/2015\/07\/astrofest.jpg\",\"width\":960,\"height\":640},{\"@type\":\"BreadcrumbList\",\"@id\":\"https:\/\/www.starsislandlapalma.es\/de\/la-primera-edicion-de-astrofest-la-palma-reunira-en-la-isla-a-profesionales-de-todo-el-mundo-de-la-astronomia-el-astroturismo-y-la-astrofotografia-y-ofertara-actividades-para-todos\/#breadcrumb\",\"itemListElement\":[{\"@type\":\"ListItem\",\"position\":1,\"name\":\"Portada\",\"item\":\"https:\/\/www.starsislandlapalma.es\/de\/\"},{\"@type\":\"ListItem\",\"position\":2,\"name\":\"La primera edici\u00f3n de \u2018Astrofest La Palma\u2019 reunir\u00e1 en la Isla a profesionales de todo el mundo de la astronom\u00eda, el astroturismo y la astrofotograf\u00eda y ofertar\u00e1 actividades para todos los p\u00fablicos\"}]},{\"@type\":\"WebSite\",\"@id\":\"https:\/\/www.starsislandlapalma.es\/#website\",\"url\":\"https:\/\/www.starsislandlapalma.es\/\",\"name\":\"Stars Island La Palma\",\"description\":\"La Palma, el lugar perfecto para disfrutar del universo. Primera Reserva Starlight del mundo, en 2012 se reconoce como Destino Tur\u00edstico Starlight\",\"publisher\":{\"@id\":\"https:\/\/www.starsislandlapalma.es\/#organization\"},\"potentialAction\":[{\"@type\":\"SearchAction\",\"target\":{\"@type\":\"EntryPoint\",\"urlTemplate\":\"https:\/\/www.starsislandlapalma.es\/?s={search_term_string}\"},\"query-input\":{\"@type\":\"PropertyValueSpecification\",\"valueRequired\":true,\"valueName\":\"search_term_string\"}}],\"inLanguage\":\"de\"},{\"@type\":\"Organization\",\"@id\":\"https:\/\/www.starsislandlapalma.es\/#organization\",\"name\":\"Star Island La Palma\",\"url\":\"https:\/\/www.starsislandlapalma.es\/\",\"logo\":{\"@type\":\"ImageObject\",\"inLanguage\":\"de\",\"@id\":\"https:\/\/www.starsislandlapalma.es\/#\/schema\/logo\/image\/\",\"url\":\"https:\/\/www.starsislandlapalma.es\/wp-content\/uploads\/2022\/01\/logo_starisland.png\",\"contentUrl\":\"https:\/\/www.starsislandlapalma.es\/wp-content\/uploads\/2022\/01\/logo_starisland.png\",\"width\":172,\"height\":139,\"caption\":\"Star Island La Palma\"},\"image\":{\"@id\":\"https:\/\/www.starsislandlapalma.es\/#\/schema\/logo\/image\/\"},\"sameAs\":[\"https:\/\/www.facebook.com\/pages\/Starsisland-La-Palma\/210888162375006?ref=hl\",\"https:\/\/x.com\/starsislandlapa\",\"https:\/\/www.pinterest.com\/astroturismo\/\",\"https:\/\/www.youtube.com\/channel\/UCV7sju1ggcBpJG39HQCBtsA\"]},{\"@type\":\"Person\",\"@id\":\"https:\/\/www.starsislandlapalma.es\/#\/schema\/person\/9043f5bd4f379ca7532bf525fa88073b\",\"name\":\"Stars Island La Palma\",\"image\":{\"@type\":\"ImageObject\",\"inLanguage\":\"de\",\"@id\":\"https:\/\/www.starsislandlapalma.es\/#\/schema\/person\/image\/\",\"url\":\"https:\/\/secure.gravatar.com\/avatar\/214edfeae37af83662fa1058aeebfb41?s=96&d=mm&r=g\",\"contentUrl\":\"https:\/\/secure.gravatar.com\/avatar\/214edfeae37af83662fa1058aeebfb41?s=96&d=mm&r=g\",\"caption\":\"Stars Island La Palma\"},\"url\":\"https:\/\/www.starsislandlapalma.es\/de\/author\/star\/\"}]}<\/script>\n<!-- \/ Yoast SEO plugin. -->","yoast_head_json":{"title":"La primera edici\u00f3n de \u2018Astrofest La Palma\u2019 reunir\u00e1 en la Isla a profesionales de todo el mundo de la astronom\u00eda, el astroturismo y la astrofotograf\u00eda y ofertar\u00e1 actividades para todos los p\u00fablicos &#8902; Stars Island La Palma","robots":{"index":"index","follow":"follow","max-snippet":"max-snippet:-1","max-image-preview":"max-image-preview:large","max-video-preview":"max-video-preview:-1"},"canonical":"https:\/\/www.starsislandlapalma.es\/de\/la-primera-edicion-de-astrofest-la-palma-reunira-en-la-isla-a-profesionales-de-todo-el-mundo-de-la-astronomia-el-astroturismo-y-la-astrofotografia-y-ofertara-actividades-para-todos\/","og_locale":"de_DE","og_type":"article","og_title":"La primera edici\u00f3n de \u2018Astrofest La Palma\u2019 reunir\u00e1 en la Isla a profesionales de todo el mundo de la astronom\u00eda, el astroturismo y la astrofotograf\u00eda y ofertar\u00e1 actividades para todos los p\u00fablicos &#8902; Stars Island La Palma","og_description":"La Palma ser\u00e1 epicentro de la actividad astron\u00f3mica el \u00faltimo fin de semana de septiembre y los primeros d\u00edas de octubre con citas \u00fanicas en su g\u00e9nero La Palma ser\u00e1 el centro de la actividad astron\u00f3mica con motivo de la primera edici\u00f3n del Astrofest La...","og_url":"https:\/\/www.starsislandlapalma.es\/de\/la-primera-edicion-de-astrofest-la-palma-reunira-en-la-isla-a-profesionales-de-todo-el-mundo-de-la-astronomia-el-astroturismo-y-la-astrofotografia-y-ofertara-actividades-para-todos\/","og_site_name":"Stars Island La Palma","article_publisher":"https:\/\/www.facebook.com\/pages\/Starsisland-La-Palma\/210888162375006?ref=hl","article_published_time":"2015-09-03T10:58:19+00:00","article_modified_time":"2020-10-08T08:13:11+00:00","og_image":[{"width":960,"height":640,"url":"https:\/\/www.starsislandlapalma.es\/wp-content\/uploads\/2015\/07\/astrofest.jpg","type":"image\/jpeg"}],"author":"Stars Island La Palma","twitter_misc":{"Verfasst von":"Stars Island La Palma","Gesch\u00e4tzte Lesezeit":"4\u00a0Minuten"},"schema":{"@context":"https:\/\/schema.org","@graph":[{"@type":"Article","@id":"https:\/\/www.starsislandlapalma.es\/de\/la-primera-edicion-de-astrofest-la-palma-reunira-en-la-isla-a-profesionales-de-todo-el-mundo-de-la-astronomia-el-astroturismo-y-la-astrofotografia-y-ofertara-actividades-para-todos\/#article","isPartOf":{"@id":"https:\/\/www.starsislandlapalma.es\/de\/la-primera-edicion-de-astrofest-la-palma-reunira-en-la-isla-a-profesionales-de-todo-el-mundo-de-la-astronomia-el-astroturismo-y-la-astrofotografia-y-ofertara-actividades-para-todos\/"},"author":{"name":"Stars Island La Palma","@id":"https:\/\/www.starsislandlapalma.es\/#\/schema\/person\/9043f5bd4f379ca7532bf525fa88073b"},"headline":"La primera edici\u00f3n de \u2018Astrofest La Palma\u2019 reunir\u00e1 en la Isla a profesionales de todo el mundo de la astronom\u00eda, el astroturismo y la astrofotograf\u00eda y ofertar\u00e1 actividades para todos los p\u00fablicos","datePublished":"2015-09-03T10:58:19+00:00","dateModified":"2020-10-08T08:13:11+00:00","mainEntityOfPage":{"@id":"https:\/\/www.starsislandlapalma.es\/de\/la-primera-edicion-de-astrofest-la-palma-reunira-en-la-isla-a-profesionales-de-todo-el-mundo-de-la-astronomia-el-astroturismo-y-la-astrofotografia-y-ofertara-actividades-para-todos\/"},"wordCount":795,"commentCount":0,"publisher":{"@id":"https:\/\/www.starsislandlapalma.es\/#organization"},"image":{"@id":"https:\/\/www.starsislandlapalma.es\/de\/la-primera-edicion-de-astrofest-la-palma-reunira-en-la-isla-a-profesionales-de-todo-el-mundo-de-la-astronomia-el-astroturismo-y-la-astrofotografia-y-ofertara-actividades-para-todos\/#primaryimage"},"thumbnailUrl":"https:\/\/www.starsislandlapalma.es\/wp-content\/uploads\/2015\/07\/astrofest.jpg","articleSection":["Event","Nachricht"],"inLanguage":"de","potentialAction":[{"@type":"CommentAction","name":"Comment","target":["https:\/\/www.starsislandlapalma.es\/de\/la-primera-edicion-de-astrofest-la-palma-reunira-en-la-isla-a-profesionales-de-todo-el-mundo-de-la-astronomia-el-astroturismo-y-la-astrofotografia-y-ofertara-actividades-para-todos\/#respond"]}]},{"@type":"WebPage","@id":"https:\/\/www.starsislandlapalma.es\/de\/la-primera-edicion-de-astrofest-la-palma-reunira-en-la-isla-a-profesionales-de-todo-el-mundo-de-la-astronomia-el-astroturismo-y-la-astrofotografia-y-ofertara-actividades-para-todos\/","url":"https:\/\/www.starsislandlapalma.es\/de\/la-primera-edicion-de-astrofest-la-palma-reunira-en-la-isla-a-profesionales-de-todo-el-mundo-de-la-astronomia-el-astroturismo-y-la-astrofotografia-y-ofertara-actividades-para-todos\/","name":"La primera edici\u00f3n de \u2018Astrofest La Palma\u2019 reunir\u00e1 en la Isla a profesionales de todo el mundo de la astronom\u00eda, el astroturismo y la astrofotograf\u00eda y ofertar\u00e1 actividades para todos los p\u00fablicos &#8902; Stars Island La Palma","isPartOf":{"@id":"https:\/\/www.starsislandlapalma.es\/#website"},"primaryImageOfPage":{"@id":"https:\/\/www.starsislandlapalma.es\/de\/la-primera-edicion-de-astrofest-la-palma-reunira-en-la-isla-a-profesionales-de-todo-el-mundo-de-la-astronomia-el-astroturismo-y-la-astrofotografia-y-ofertara-actividades-para-todos\/#primaryimage"},"image":{"@id":"https:\/\/www.starsislandlapalma.es\/de\/la-primera-edicion-de-astrofest-la-palma-reunira-en-la-isla-a-profesionales-de-todo-el-mundo-de-la-astronomia-el-astroturismo-y-la-astrofotografia-y-ofertara-actividades-para-todos\/#primaryimage"},"thumbnailUrl":"https:\/\/www.starsislandlapalma.es\/wp-content\/uploads\/2015\/07\/astrofest.jpg","datePublished":"2015-09-03T10:58:19+00:00","dateModified":"2020-10-08T08:13:11+00:00","breadcrumb":{"@id":"https:\/\/www.starsislandlapalma.es\/de\/la-primera-edicion-de-astrofest-la-palma-reunira-en-la-isla-a-profesionales-de-todo-el-mundo-de-la-astronomia-el-astroturismo-y-la-astrofotografia-y-ofertara-actividades-para-todos\/#breadcrumb"},"inLanguage":"de","potentialAction":[{"@type":"ReadAction","target":["https:\/\/www.starsislandlapalma.es\/de\/la-primera-edicion-de-astrofest-la-palma-reunira-en-la-isla-a-profesionales-de-todo-el-mundo-de-la-astronomia-el-astroturismo-y-la-astrofotografia-y-ofertara-actividades-para-todos\/"]}]},{"@type":"ImageObject","inLanguage":"de","@id":"https:\/\/www.starsislandlapalma.es\/de\/la-primera-edicion-de-astrofest-la-palma-reunira-en-la-isla-a-profesionales-de-todo-el-mundo-de-la-astronomia-el-astroturismo-y-la-astrofotografia-y-ofertara-actividades-para-todos\/#primaryimage","url":"https:\/\/www.starsislandlapalma.es\/wp-content\/uploads\/2015\/07\/astrofest.jpg","contentUrl":"https:\/\/www.starsislandlapalma.es\/wp-content\/uploads\/2015\/07\/astrofest.jpg","width":960,"height":640},{"@type":"BreadcrumbList","@id":"https:\/\/www.starsislandlapalma.es\/de\/la-primera-edicion-de-astrofest-la-palma-reunira-en-la-isla-a-profesionales-de-todo-el-mundo-de-la-astronomia-el-astroturismo-y-la-astrofotografia-y-ofertara-actividades-para-todos\/#breadcrumb","itemListElement":[{"@type":"ListItem","position":1,"name":"Portada","item":"https:\/\/www.starsislandlapalma.es\/de\/"},{"@type":"ListItem","position":2,"name":"La primera edici\u00f3n de \u2018Astrofest La Palma\u2019 reunir\u00e1 en la Isla a profesionales de todo el mundo de la astronom\u00eda, el astroturismo y la astrofotograf\u00eda y ofertar\u00e1 actividades para todos los p\u00fablicos"}]},{"@type":"WebSite","@id":"https:\/\/www.starsislandlapalma.es\/#website","url":"https:\/\/www.starsislandlapalma.es\/","name":"Stars Island La Palma","description":"La Palma, el lugar perfecto para disfrutar del universo. Primera Reserva Starlight del mundo, en 2012 se reconoce como Destino Tur\u00edstico Starlight","publisher":{"@id":"https:\/\/www.starsislandlapalma.es\/#organization"},"potentialAction":[{"@type":"SearchAction","target":{"@type":"EntryPoint","urlTemplate":"https:\/\/www.starsislandlapalma.es\/?s={search_term_string}"},"query-input":{"@type":"PropertyValueSpecification","valueRequired":true,"valueName":"search_term_string"}}],"inLanguage":"de"},{"@type":"Organization","@id":"https:\/\/www.starsislandlapalma.es\/#organization","name":"Star Island La Palma","url":"https:\/\/www.starsislandlapalma.es\/","logo":{"@type":"ImageObject","inLanguage":"de","@id":"https:\/\/www.starsislandlapalma.es\/#\/schema\/logo\/image\/","url":"https:\/\/www.starsislandlapalma.es\/wp-content\/uploads\/2022\/01\/logo_starisland.png","contentUrl":"https:\/\/www.starsislandlapalma.es\/wp-content\/uploads\/2022\/01\/logo_starisland.png","width":172,"height":139,"caption":"Star Island La Palma"},"image":{"@id":"https:\/\/www.starsislandlapalma.es\/#\/schema\/logo\/image\/"},"sameAs":["https:\/\/www.facebook.com\/pages\/Starsisland-La-Palma\/210888162375006?ref=hl","https:\/\/x.com\/starsislandlapa","https:\/\/www.pinterest.com\/astroturismo\/","https:\/\/www.youtube.com\/channel\/UCV7sju1ggcBpJG39HQCBtsA"]},{"@type":"Person","@id":"https:\/\/www.starsislandlapalma.es\/#\/schema\/person\/9043f5bd4f379ca7532bf525fa88073b","name":"Stars Island La Palma","image":{"@type":"ImageObject","inLanguage":"de","@id":"https:\/\/www.starsislandlapalma.es\/#\/schema\/person\/image\/","url":"https:\/\/secure.gravatar.com\/avatar\/214edfeae37af83662fa1058aeebfb41?s=96&d=mm&r=g","contentUrl":"https:\/\/secure.gravatar.com\/avatar\/214edfeae37af83662fa1058aeebfb41?s=96&d=mm&r=g","caption":"Stars Island La Palma"},"url":"https:\/\/www.starsislandlapalma.es\/de\/author\/star\/"}]}},"_links":{"self":[{"href":"https:\/\/www.starsislandlapalma.es\/de\/wp-json\/wp\/v2\/posts\/20106\/"}],"collection":[{"href":"https:\/\/www.starsislandlapalma.es\/de\/wp-json\/wp\/v2\/posts\/"}],"about":[{"href":"https:\/\/www.starsislandlapalma.es\/de\/wp-json\/wp\/v2\/types\/post\/"}],"author":[{"embeddable":true,"href":"https:\/\/www.starsislandlapalma.es\/de\/wp-json\/wp\/v2\/users\/1\/"}],"replies":[{"embeddable":true,"href":"https:\/\/www.starsislandlapalma.es\/de\/wp-json\/wp\/v2\/comments\/?post=20106"}],"version-history":[{"count":0,"href":"https:\/\/www.starsislandlapalma.es\/de\/wp-json\/wp\/v2\/posts\/20106\/revisions\/"}],"wp:featuredmedia":[{"embeddable":true,"href":"https:\/\/www.starsislandlapalma.es\/de\/wp-json\/wp\/v2\/media\/21821\/"}],"wp:attachment":[{"href":"https:\/\/www.starsislandlapalma.es\/de\/wp-json\/wp\/v2\/media\/?parent=20106"}],"wp:term":[{"taxonomy":"category","embeddable":true,"href":"https:\/\/www.starsislandlapalma.es\/de\/wp-json\/wp\/v2\/categories\/?post=20106"},{"taxonomy":"post_tag","embeddable":true,"href":"https:\/\/www.starsislandlapalma.es\/de\/wp-json\/wp\/v2\/tags\/?post=20106"}],"curies":[{"name":"wp","href":"https:\/\/api.w.org\/{rel}","templated":true}]}}