{"id":20324,"date":"2015-11-06T15:08:16","date_gmt":"2015-11-06T15:08:16","guid":{"rendered":"http:\/\/www.starsislandlapalma.es\/gerald-rhemann-logra-el-primer-premio-del-septimo-concurso-internacional-de-astrofotografia-del-cabildo-de-la-palma-2\/"},"modified":"2015-11-06T15:12:55","modified_gmt":"2015-11-06T15:12:55","slug":"gerald-rhemann-logra-el-primer-premio-del-septimo-concurso-internacional-de-astrofotografia-del-cabildo-de-la-palma","status":"publish","type":"post","link":"https:\/\/www.starsislandlapalma.es\/de\/gerald-rhemann-logra-el-primer-premio-del-septimo-concurso-internacional-de-astrofotografia-del-cabildo-de-la-palma\/","title":{"rendered":"Gerald Rhemann logra el primer premio del s\u00e9ptimo \u2018Concurso Internacional de Astrofotograf\u00eda del Cabildo de La Palma\u2019"},"content":{"rendered":"<p><a href=\"http:\/\/www.starsislandlapalma.es\/wp-content\/uploads\/2015\/11\/Part-of-the-Milky-Way.jpg\"><img decoding=\"async\" class=\"aligncenter wp-image-20321\" src=\"http:\/\/www.starsislandlapalma.es\/wp-content\/uploads\/2015\/11\/Part-of-the-Milky-Way.jpg\" alt=\"\" width=\"523\" height=\"395\" srcset=\"https:\/\/www.starsislandlapalma.es\/wp-content\/uploads\/2015\/11\/Part-of-the-Milky-Way.jpg 495w, https:\/\/www.starsislandlapalma.es\/wp-content\/uploads\/2015\/11\/Part-of-the-Milky-Way-300x227.jpg 300w\" sizes=\"(max-width: 523px) 100vw, 523px\" \/><\/a><\/p>\n<p style=\"text-align: center;\">La imagen de este fot\u00f3grafo austr\u00edaco titulada \u2018Part of the Milky Way\u2019 ha sido seleccionada en la modalidad de \u2018Cielo profundo\u2019, mientras que una obra de Montserrat Alejandre, de Los Llanos de Aridane, ha ganado en el apartado de \u2018Paisaje astron\u00f3mico desde La Palma\u2019<\/p>\n<p>&nbsp;<\/p>\n<p>La fotograf\u00eda <em>Part of the Milky Way<\/em>, del austr\u00edaco Gerald Rhemann, ha sido la ganadora de la s\u00e9ptima edici\u00f3n del <em>Concurso Internacional de Astrofotograf\u00eda La Palma 2015<\/em>, organizado por el Cabildo de La Palma, cuyo jurado se reuni\u00f3 recientemente para analizar las 112 obras presentadas por 43 participantes de 8 pa\u00edses y elegir tanto las premiadas como la treintena que se utilizar\u00e1n en una pr\u00f3xima exposici\u00f3n itinerante.<\/p>\n<p>La imagen de Gerald Rhemann se inscribe dentro de la modalidad de <em>Cielo profundo<\/em>, mientras que en el apartado de <em>Paisaje astron\u00f3mico desde La Palma<\/em> la ganadora ha sido Montserrat Alejandre, de Los Llanos de Aridane, con la fotograf\u00eda <em>Por la vereda azul seguir\u00e9 mi camino, hasta que el universo quepa en mi coraz\u00f3n<\/em>. El primero obtendr\u00e1 un premio de 2.600 euros, mientras que Alejandre recibir\u00e1 1.600 euros.<\/p>\n<p>El consejero de Cultura del Cabildo Insular, Primitivo Jer\u00f3nimo ha destacado que este concurso de astrofotograf\u00eda es ya una cita ineludible de prestigio: \u201cTras seis ediciones, este certamen se ha consolidado como una iniciativa de gran \u00e9xito internacional que ayuda a dar a conocer los magn\u00edficos cielos de La Palma\u201d.<\/p>\n<p>Tambi\u00e9n ha se\u00f1alado que \u201ceste a\u00f1o es especialmente destacable la celebraci\u00f3n del concurso porque se ha tratado de la edici\u00f3n con mayor n\u00famero de obras presentadas, ya que se hizo una campa\u00f1a de promoci\u00f3n del certamen durante la celebraci\u00f3n del festival Astrofest, que reuni\u00f3 en la Isla Bonita durante dos semanas a decenas de aficionados y profesionales de la astrofotograf\u00eda de todo el mundo\u201d.<\/p>\n<p>En la modalidad de <em>Cielo profundo<\/em> tambi\u00e9n ha sido premiada la imagen <em>Cosmic Maelstorm<\/em>, de Alessandro Falesiedi, con 1.500 euros, y el tercer premio ha sido para Ra\u00fal Villaverde, con la imagen <em>Una flor en la constelaci\u00f3n de Ori\u00f3n<\/em>.<\/p>\n<p>En el caso de la modalidad de <em>Paisaje astron\u00f3mico desde La Palma<\/em>, el segundo clasificado fue Sergi Luque, con <em>Mirando al universo,<\/em> con un premio de 1.000 euros, y el tercero fue Nicholas Buer con <em>Shores of Fuencaliente<\/em>, que recibir\u00e1 500 euros.<\/p>\n<p>El jurado que eligi\u00f3 las im\u00e1genes ganadoras estuvo presidido por el consejero de Cultura y Patrimonio Hist\u00f3rico del Cabildo de La Palma, Primitivo Jer\u00f3nimo, y tambi\u00e9n formaron parte Romano Corradi, Riccardo Scarpa y Marco Pedani, en representaci\u00f3n de tres de los telescopios del Observatorio Roque de Los Muchachos, as\u00ed como Silvia D\u00edaz, de la Reserva Mundial de La Biosfera, adem\u00e1s de Carmen Acosta, jefa de la Secci\u00f3n de Cultura de la Corporaci\u00f3n Insular, que actu\u00f3 como secretaria del jurado.<\/p>\n","protected":false},"excerpt":{"rendered":"<p>La imagen de este fot\u00f3grafo austr\u00edaco titulada \u2018Part of the Milky Way\u2019 ha sido seleccionada en la modalidad de \u2018Cielo profundo\u2019, mientras que una obra de Montserrat Alejandre, de Los Llanos de Aridane, ha ganado en el apartado de \u2018Paisaje astron\u00f3mico desde La Palma\u2019 &nbsp;&#8230;<\/p>\n","protected":false},"author":1,"featured_media":20321,"comment_status":"open","ping_status":"open","sticky":false,"template":"","format":"standard","meta":{"footnotes":""},"categories":[135],"tags":[],"yoast_head":"<!-- This site is optimized with the Yoast SEO plugin v24.5 - https:\/\/yoast.com\/wordpress\/plugins\/seo\/ -->\n<title>Gerald Rhemann logra el primer premio del s\u00e9ptimo \u2018Concurso Internacional de Astrofotograf\u00eda del Cabildo de La Palma\u2019 &#8902; Stars Island La Palma<\/title>\n<meta name=\"robots\" content=\"index, follow, max-snippet:-1, max-image-preview:large, max-video-preview:-1\" \/>\n<link rel=\"canonical\" href=\"https:\/\/www.starsislandlapalma.es\/de\/gerald-rhemann-logra-el-primer-premio-del-septimo-concurso-internacional-de-astrofotografia-del-cabildo-de-la-palma\/\" \/>\n<meta property=\"og:locale\" content=\"de_DE\" \/>\n<meta property=\"og:type\" content=\"article\" \/>\n<meta property=\"og:title\" content=\"Gerald Rhemann logra el primer premio del s\u00e9ptimo \u2018Concurso Internacional de Astrofotograf\u00eda del Cabildo de La Palma\u2019 &#8902; Stars Island La Palma\" \/>\n<meta property=\"og:description\" content=\"La imagen de este fot\u00f3grafo austr\u00edaco titulada \u2018Part of the Milky Way\u2019 ha sido seleccionada en la modalidad de \u2018Cielo profundo\u2019, mientras que una obra de Montserrat Alejandre, de Los Llanos de Aridane, ha ganado en el apartado de \u2018Paisaje astron\u00f3mico desde La Palma\u2019 &nbsp;...\" \/>\n<meta property=\"og:url\" content=\"https:\/\/www.starsislandlapalma.es\/de\/gerald-rhemann-logra-el-primer-premio-del-septimo-concurso-internacional-de-astrofotografia-del-cabildo-de-la-palma\/\" \/>\n<meta property=\"og:site_name\" content=\"Stars Island La Palma\" \/>\n<meta property=\"article:publisher\" content=\"https:\/\/www.facebook.com\/pages\/Starsisland-La-Palma\/210888162375006?ref=hl\" \/>\n<meta property=\"article:published_time\" content=\"2015-11-06T15:08:16+00:00\" \/>\n<meta property=\"article:modified_time\" content=\"2015-11-06T15:12:55+00:00\" \/>\n<meta property=\"og:image\" content=\"https:\/\/www.starsislandlapalma.es\/wp-content\/uploads\/2015\/11\/Part-of-the-Milky-Way.jpg\" \/>\n\t<meta property=\"og:image:width\" content=\"495\" \/>\n\t<meta property=\"og:image:height\" content=\"374\" \/>\n\t<meta property=\"og:image:type\" content=\"image\/jpeg\" \/>\n<meta name=\"author\" content=\"Stars Island La Palma\" \/>\n<meta name=\"twitter:label1\" content=\"Verfasst von\" \/>\n\t<meta name=\"twitter:data1\" content=\"Stars Island La Palma\" \/>\n\t<meta name=\"twitter:label2\" content=\"Gesch\u00e4tzte Lesezeit\" \/>\n\t<meta name=\"twitter:data2\" content=\"2\u00a0Minuten\" \/>\n<script type=\"application\/ld+json\" class=\"yoast-schema-graph\">{\"@context\":\"https:\/\/schema.org\",\"@graph\":[{\"@type\":\"Article\",\"@id\":\"https:\/\/www.starsislandlapalma.es\/de\/gerald-rhemann-logra-el-primer-premio-del-septimo-concurso-internacional-de-astrofotografia-del-cabildo-de-la-palma\/#article\",\"isPartOf\":{\"@id\":\"https:\/\/www.starsislandlapalma.es\/de\/gerald-rhemann-logra-el-primer-premio-del-septimo-concurso-internacional-de-astrofotografia-del-cabildo-de-la-palma\/\"},\"author\":{\"name\":\"Stars Island La Palma\",\"@id\":\"https:\/\/www.starsislandlapalma.es\/#\/schema\/person\/9043f5bd4f379ca7532bf525fa88073b\"},\"headline\":\"Gerald Rhemann logra el primer premio del s\u00e9ptimo \u2018Concurso Internacional de Astrofotograf\u00eda del Cabildo de La Palma\u2019\",\"datePublished\":\"2015-11-06T15:08:16+00:00\",\"dateModified\":\"2015-11-06T15:12:55+00:00\",\"mainEntityOfPage\":{\"@id\":\"https:\/\/www.starsislandlapalma.es\/de\/gerald-rhemann-logra-el-primer-premio-del-septimo-concurso-internacional-de-astrofotografia-del-cabildo-de-la-palma\/\"},\"wordCount\":506,\"commentCount\":0,\"publisher\":{\"@id\":\"https:\/\/www.starsislandlapalma.es\/#organization\"},\"image\":{\"@id\":\"https:\/\/www.starsislandlapalma.es\/de\/gerald-rhemann-logra-el-primer-premio-del-septimo-concurso-internacional-de-astrofotografia-del-cabildo-de-la-palma\/#primaryimage\"},\"thumbnailUrl\":\"https:\/\/www.starsislandlapalma.es\/wp-content\/uploads\/2015\/11\/Part-of-the-Milky-Way.jpg\",\"articleSection\":[\"Nachricht\"],\"inLanguage\":\"de\",\"potentialAction\":[{\"@type\":\"CommentAction\",\"name\":\"Comment\",\"target\":[\"https:\/\/www.starsislandlapalma.es\/de\/gerald-rhemann-logra-el-primer-premio-del-septimo-concurso-internacional-de-astrofotografia-del-cabildo-de-la-palma\/#respond\"]}]},{\"@type\":\"WebPage\",\"@id\":\"https:\/\/www.starsislandlapalma.es\/de\/gerald-rhemann-logra-el-primer-premio-del-septimo-concurso-internacional-de-astrofotografia-del-cabildo-de-la-palma\/\",\"url\":\"https:\/\/www.starsislandlapalma.es\/de\/gerald-rhemann-logra-el-primer-premio-del-septimo-concurso-internacional-de-astrofotografia-del-cabildo-de-la-palma\/\",\"name\":\"Gerald Rhemann logra el primer premio del s\u00e9ptimo \u2018Concurso Internacional de Astrofotograf\u00eda del Cabildo de La Palma\u2019 &#8902; Stars Island La Palma\",\"isPartOf\":{\"@id\":\"https:\/\/www.starsislandlapalma.es\/#website\"},\"primaryImageOfPage\":{\"@id\":\"https:\/\/www.starsislandlapalma.es\/de\/gerald-rhemann-logra-el-primer-premio-del-septimo-concurso-internacional-de-astrofotografia-del-cabildo-de-la-palma\/#primaryimage\"},\"image\":{\"@id\":\"https:\/\/www.starsislandlapalma.es\/de\/gerald-rhemann-logra-el-primer-premio-del-septimo-concurso-internacional-de-astrofotografia-del-cabildo-de-la-palma\/#primaryimage\"},\"thumbnailUrl\":\"https:\/\/www.starsislandlapalma.es\/wp-content\/uploads\/2015\/11\/Part-of-the-Milky-Way.jpg\",\"datePublished\":\"2015-11-06T15:08:16+00:00\",\"dateModified\":\"2015-11-06T15:12:55+00:00\",\"breadcrumb\":{\"@id\":\"https:\/\/www.starsislandlapalma.es\/de\/gerald-rhemann-logra-el-primer-premio-del-septimo-concurso-internacional-de-astrofotografia-del-cabildo-de-la-palma\/#breadcrumb\"},\"inLanguage\":\"de\",\"potentialAction\":[{\"@type\":\"ReadAction\",\"target\":[\"https:\/\/www.starsislandlapalma.es\/de\/gerald-rhemann-logra-el-primer-premio-del-septimo-concurso-internacional-de-astrofotografia-del-cabildo-de-la-palma\/\"]}]},{\"@type\":\"ImageObject\",\"inLanguage\":\"de\",\"@id\":\"https:\/\/www.starsislandlapalma.es\/de\/gerald-rhemann-logra-el-primer-premio-del-septimo-concurso-internacional-de-astrofotografia-del-cabildo-de-la-palma\/#primaryimage\",\"url\":\"https:\/\/www.starsislandlapalma.es\/wp-content\/uploads\/2015\/11\/Part-of-the-Milky-Way.jpg\",\"contentUrl\":\"https:\/\/www.starsislandlapalma.es\/wp-content\/uploads\/2015\/11\/Part-of-the-Milky-Way.jpg\",\"width\":495,\"height\":374,\"caption\":\"Part of the Milky Way. Foto ganadora del Concurso Internacional de Astrofotograf\u00eda del Cabildo de La Palma\"},{\"@type\":\"BreadcrumbList\",\"@id\":\"https:\/\/www.starsislandlapalma.es\/de\/gerald-rhemann-logra-el-primer-premio-del-septimo-concurso-internacional-de-astrofotografia-del-cabildo-de-la-palma\/#breadcrumb\",\"itemListElement\":[{\"@type\":\"ListItem\",\"position\":1,\"name\":\"Portada\",\"item\":\"https:\/\/www.starsislandlapalma.es\/de\/\"},{\"@type\":\"ListItem\",\"position\":2,\"name\":\"Gerald Rhemann logra el primer premio del s\u00e9ptimo \u2018Concurso Internacional de Astrofotograf\u00eda del Cabildo de La Palma\u2019\"}]},{\"@type\":\"WebSite\",\"@id\":\"https:\/\/www.starsislandlapalma.es\/#website\",\"url\":\"https:\/\/www.starsislandlapalma.es\/\",\"name\":\"Stars Island La Palma\",\"description\":\"La Palma, el lugar perfecto para disfrutar del universo. Primera Reserva Starlight del mundo, en 2012 se reconoce como Destino Tur\u00edstico Starlight\",\"publisher\":{\"@id\":\"https:\/\/www.starsislandlapalma.es\/#organization\"},\"potentialAction\":[{\"@type\":\"SearchAction\",\"target\":{\"@type\":\"EntryPoint\",\"urlTemplate\":\"https:\/\/www.starsislandlapalma.es\/?s={search_term_string}\"},\"query-input\":{\"@type\":\"PropertyValueSpecification\",\"valueRequired\":true,\"valueName\":\"search_term_string\"}}],\"inLanguage\":\"de\"},{\"@type\":\"Organization\",\"@id\":\"https:\/\/www.starsislandlapalma.es\/#organization\",\"name\":\"Star Island La Palma\",\"url\":\"https:\/\/www.starsislandlapalma.es\/\",\"logo\":{\"@type\":\"ImageObject\",\"inLanguage\":\"de\",\"@id\":\"https:\/\/www.starsislandlapalma.es\/#\/schema\/logo\/image\/\",\"url\":\"https:\/\/www.starsislandlapalma.es\/wp-content\/uploads\/2022\/01\/logo_starisland.png\",\"contentUrl\":\"https:\/\/www.starsislandlapalma.es\/wp-content\/uploads\/2022\/01\/logo_starisland.png\",\"width\":172,\"height\":139,\"caption\":\"Star Island La Palma\"},\"image\":{\"@id\":\"https:\/\/www.starsislandlapalma.es\/#\/schema\/logo\/image\/\"},\"sameAs\":[\"https:\/\/www.facebook.com\/pages\/Starsisland-La-Palma\/210888162375006?ref=hl\",\"https:\/\/x.com\/starsislandlapa\",\"https:\/\/www.pinterest.com\/astroturismo\/\",\"https:\/\/www.youtube.com\/channel\/UCV7sju1ggcBpJG39HQCBtsA\"]},{\"@type\":\"Person\",\"@id\":\"https:\/\/www.starsislandlapalma.es\/#\/schema\/person\/9043f5bd4f379ca7532bf525fa88073b\",\"name\":\"Stars Island La Palma\",\"image\":{\"@type\":\"ImageObject\",\"inLanguage\":\"de\",\"@id\":\"https:\/\/www.starsislandlapalma.es\/#\/schema\/person\/image\/\",\"url\":\"https:\/\/secure.gravatar.com\/avatar\/214edfeae37af83662fa1058aeebfb41?s=96&d=mm&r=g\",\"contentUrl\":\"https:\/\/secure.gravatar.com\/avatar\/214edfeae37af83662fa1058aeebfb41?s=96&d=mm&r=g\",\"caption\":\"Stars Island La Palma\"},\"url\":\"https:\/\/www.starsislandlapalma.es\/de\/author\/star\/\"}]}<\/script>\n<!-- \/ Yoast SEO plugin. -->","yoast_head_json":{"title":"Gerald Rhemann logra el primer premio del s\u00e9ptimo \u2018Concurso Internacional de Astrofotograf\u00eda del Cabildo de La Palma\u2019 &#8902; Stars Island La Palma","robots":{"index":"index","follow":"follow","max-snippet":"max-snippet:-1","max-image-preview":"max-image-preview:large","max-video-preview":"max-video-preview:-1"},"canonical":"https:\/\/www.starsislandlapalma.es\/de\/gerald-rhemann-logra-el-primer-premio-del-septimo-concurso-internacional-de-astrofotografia-del-cabildo-de-la-palma\/","og_locale":"de_DE","og_type":"article","og_title":"Gerald Rhemann logra el primer premio del s\u00e9ptimo \u2018Concurso Internacional de Astrofotograf\u00eda del Cabildo de La Palma\u2019 &#8902; Stars Island La Palma","og_description":"La imagen de este fot\u00f3grafo austr\u00edaco titulada \u2018Part of the Milky Way\u2019 ha sido seleccionada en la modalidad de \u2018Cielo profundo\u2019, mientras que una obra de Montserrat Alejandre, de Los Llanos de Aridane, ha ganado en el apartado de \u2018Paisaje astron\u00f3mico desde La Palma\u2019 &nbsp;...","og_url":"https:\/\/www.starsislandlapalma.es\/de\/gerald-rhemann-logra-el-primer-premio-del-septimo-concurso-internacional-de-astrofotografia-del-cabildo-de-la-palma\/","og_site_name":"Stars Island La Palma","article_publisher":"https:\/\/www.facebook.com\/pages\/Starsisland-La-Palma\/210888162375006?ref=hl","article_published_time":"2015-11-06T15:08:16+00:00","article_modified_time":"2015-11-06T15:12:55+00:00","og_image":[{"width":495,"height":374,"url":"https:\/\/www.starsislandlapalma.es\/wp-content\/uploads\/2015\/11\/Part-of-the-Milky-Way.jpg","type":"image\/jpeg"}],"author":"Stars Island La Palma","twitter_misc":{"Verfasst von":"Stars Island La Palma","Gesch\u00e4tzte Lesezeit":"2\u00a0Minuten"},"schema":{"@context":"https:\/\/schema.org","@graph":[{"@type":"Article","@id":"https:\/\/www.starsislandlapalma.es\/de\/gerald-rhemann-logra-el-primer-premio-del-septimo-concurso-internacional-de-astrofotografia-del-cabildo-de-la-palma\/#article","isPartOf":{"@id":"https:\/\/www.starsislandlapalma.es\/de\/gerald-rhemann-logra-el-primer-premio-del-septimo-concurso-internacional-de-astrofotografia-del-cabildo-de-la-palma\/"},"author":{"name":"Stars Island La Palma","@id":"https:\/\/www.starsislandlapalma.es\/#\/schema\/person\/9043f5bd4f379ca7532bf525fa88073b"},"headline":"Gerald Rhemann logra el primer premio del s\u00e9ptimo \u2018Concurso Internacional de Astrofotograf\u00eda del Cabildo de La Palma\u2019","datePublished":"2015-11-06T15:08:16+00:00","dateModified":"2015-11-06T15:12:55+00:00","mainEntityOfPage":{"@id":"https:\/\/www.starsislandlapalma.es\/de\/gerald-rhemann-logra-el-primer-premio-del-septimo-concurso-internacional-de-astrofotografia-del-cabildo-de-la-palma\/"},"wordCount":506,"commentCount":0,"publisher":{"@id":"https:\/\/www.starsislandlapalma.es\/#organization"},"image":{"@id":"https:\/\/www.starsislandlapalma.es\/de\/gerald-rhemann-logra-el-primer-premio-del-septimo-concurso-internacional-de-astrofotografia-del-cabildo-de-la-palma\/#primaryimage"},"thumbnailUrl":"https:\/\/www.starsislandlapalma.es\/wp-content\/uploads\/2015\/11\/Part-of-the-Milky-Way.jpg","articleSection":["Nachricht"],"inLanguage":"de","potentialAction":[{"@type":"CommentAction","name":"Comment","target":["https:\/\/www.starsislandlapalma.es\/de\/gerald-rhemann-logra-el-primer-premio-del-septimo-concurso-internacional-de-astrofotografia-del-cabildo-de-la-palma\/#respond"]}]},{"@type":"WebPage","@id":"https:\/\/www.starsislandlapalma.es\/de\/gerald-rhemann-logra-el-primer-premio-del-septimo-concurso-internacional-de-astrofotografia-del-cabildo-de-la-palma\/","url":"https:\/\/www.starsislandlapalma.es\/de\/gerald-rhemann-logra-el-primer-premio-del-septimo-concurso-internacional-de-astrofotografia-del-cabildo-de-la-palma\/","name":"Gerald Rhemann logra el primer premio del s\u00e9ptimo \u2018Concurso Internacional de Astrofotograf\u00eda del Cabildo de La Palma\u2019 &#8902; Stars Island La Palma","isPartOf":{"@id":"https:\/\/www.starsislandlapalma.es\/#website"},"primaryImageOfPage":{"@id":"https:\/\/www.starsislandlapalma.es\/de\/gerald-rhemann-logra-el-primer-premio-del-septimo-concurso-internacional-de-astrofotografia-del-cabildo-de-la-palma\/#primaryimage"},"image":{"@id":"https:\/\/www.starsislandlapalma.es\/de\/gerald-rhemann-logra-el-primer-premio-del-septimo-concurso-internacional-de-astrofotografia-del-cabildo-de-la-palma\/#primaryimage"},"thumbnailUrl":"https:\/\/www.starsislandlapalma.es\/wp-content\/uploads\/2015\/11\/Part-of-the-Milky-Way.jpg","datePublished":"2015-11-06T15:08:16+00:00","dateModified":"2015-11-06T15:12:55+00:00","breadcrumb":{"@id":"https:\/\/www.starsislandlapalma.es\/de\/gerald-rhemann-logra-el-primer-premio-del-septimo-concurso-internacional-de-astrofotografia-del-cabildo-de-la-palma\/#breadcrumb"},"inLanguage":"de","potentialAction":[{"@type":"ReadAction","target":["https:\/\/www.starsislandlapalma.es\/de\/gerald-rhemann-logra-el-primer-premio-del-septimo-concurso-internacional-de-astrofotografia-del-cabildo-de-la-palma\/"]}]},{"@type":"ImageObject","inLanguage":"de","@id":"https:\/\/www.starsislandlapalma.es\/de\/gerald-rhemann-logra-el-primer-premio-del-septimo-concurso-internacional-de-astrofotografia-del-cabildo-de-la-palma\/#primaryimage","url":"https:\/\/www.starsislandlapalma.es\/wp-content\/uploads\/2015\/11\/Part-of-the-Milky-Way.jpg","contentUrl":"https:\/\/www.starsislandlapalma.es\/wp-content\/uploads\/2015\/11\/Part-of-the-Milky-Way.jpg","width":495,"height":374,"caption":"Part of the Milky Way. Foto ganadora del Concurso Internacional de Astrofotograf\u00eda del Cabildo de La Palma"},{"@type":"BreadcrumbList","@id":"https:\/\/www.starsislandlapalma.es\/de\/gerald-rhemann-logra-el-primer-premio-del-septimo-concurso-internacional-de-astrofotografia-del-cabildo-de-la-palma\/#breadcrumb","itemListElement":[{"@type":"ListItem","position":1,"name":"Portada","item":"https:\/\/www.starsislandlapalma.es\/de\/"},{"@type":"ListItem","position":2,"name":"Gerald Rhemann logra el primer premio del s\u00e9ptimo \u2018Concurso Internacional de Astrofotograf\u00eda del Cabildo de La Palma\u2019"}]},{"@type":"WebSite","@id":"https:\/\/www.starsislandlapalma.es\/#website","url":"https:\/\/www.starsislandlapalma.es\/","name":"Stars Island La Palma","description":"La Palma, el lugar perfecto para disfrutar del universo. Primera Reserva Starlight del mundo, en 2012 se reconoce como Destino Tur\u00edstico Starlight","publisher":{"@id":"https:\/\/www.starsislandlapalma.es\/#organization"},"potentialAction":[{"@type":"SearchAction","target":{"@type":"EntryPoint","urlTemplate":"https:\/\/www.starsislandlapalma.es\/?s={search_term_string}"},"query-input":{"@type":"PropertyValueSpecification","valueRequired":true,"valueName":"search_term_string"}}],"inLanguage":"de"},{"@type":"Organization","@id":"https:\/\/www.starsislandlapalma.es\/#organization","name":"Star Island La Palma","url":"https:\/\/www.starsislandlapalma.es\/","logo":{"@type":"ImageObject","inLanguage":"de","@id":"https:\/\/www.starsislandlapalma.es\/#\/schema\/logo\/image\/","url":"https:\/\/www.starsislandlapalma.es\/wp-content\/uploads\/2022\/01\/logo_starisland.png","contentUrl":"https:\/\/www.starsislandlapalma.es\/wp-content\/uploads\/2022\/01\/logo_starisland.png","width":172,"height":139,"caption":"Star Island La Palma"},"image":{"@id":"https:\/\/www.starsislandlapalma.es\/#\/schema\/logo\/image\/"},"sameAs":["https:\/\/www.facebook.com\/pages\/Starsisland-La-Palma\/210888162375006?ref=hl","https:\/\/x.com\/starsislandlapa","https:\/\/www.pinterest.com\/astroturismo\/","https:\/\/www.youtube.com\/channel\/UCV7sju1ggcBpJG39HQCBtsA"]},{"@type":"Person","@id":"https:\/\/www.starsislandlapalma.es\/#\/schema\/person\/9043f5bd4f379ca7532bf525fa88073b","name":"Stars Island La Palma","image":{"@type":"ImageObject","inLanguage":"de","@id":"https:\/\/www.starsislandlapalma.es\/#\/schema\/person\/image\/","url":"https:\/\/secure.gravatar.com\/avatar\/214edfeae37af83662fa1058aeebfb41?s=96&d=mm&r=g","contentUrl":"https:\/\/secure.gravatar.com\/avatar\/214edfeae37af83662fa1058aeebfb41?s=96&d=mm&r=g","caption":"Stars Island La Palma"},"url":"https:\/\/www.starsislandlapalma.es\/de\/author\/star\/"}]}},"_links":{"self":[{"href":"https:\/\/www.starsislandlapalma.es\/de\/wp-json\/wp\/v2\/posts\/20324\/"}],"collection":[{"href":"https:\/\/www.starsislandlapalma.es\/de\/wp-json\/wp\/v2\/posts\/"}],"about":[{"href":"https:\/\/www.starsislandlapalma.es\/de\/wp-json\/wp\/v2\/types\/post\/"}],"author":[{"embeddable":true,"href":"https:\/\/www.starsislandlapalma.es\/de\/wp-json\/wp\/v2\/users\/1\/"}],"replies":[{"embeddable":true,"href":"https:\/\/www.starsislandlapalma.es\/de\/wp-json\/wp\/v2\/comments\/?post=20324"}],"version-history":[{"count":0,"href":"https:\/\/www.starsislandlapalma.es\/de\/wp-json\/wp\/v2\/posts\/20324\/revisions\/"}],"wp:featuredmedia":[{"embeddable":true,"href":"https:\/\/www.starsislandlapalma.es\/de\/wp-json\/wp\/v2\/media\/20321\/"}],"wp:attachment":[{"href":"https:\/\/www.starsislandlapalma.es\/de\/wp-json\/wp\/v2\/media\/?parent=20324"}],"wp:term":[{"taxonomy":"category","embeddable":true,"href":"https:\/\/www.starsislandlapalma.es\/de\/wp-json\/wp\/v2\/categories\/?post=20324"},{"taxonomy":"post_tag","embeddable":true,"href":"https:\/\/www.starsislandlapalma.es\/de\/wp-json\/wp\/v2\/tags\/?post=20324"}],"curies":[{"name":"wp","href":"https:\/\/api.w.org\/{rel}","templated":true}]}}