{"id":20753,"date":"2016-11-21T11:25:59","date_gmt":"2016-11-21T11:25:59","guid":{"rendered":"http:\/\/www.starsislandlapalma.es\/de\/gerald-rhemann-logra-el-primer-premio-del-octavo-concurso-internacional-de-astrofotografia-del-cabildo-de-la-palma\/"},"modified":"2017-02-21T17:31:28","modified_gmt":"2017-02-21T17:31:28","slug":"gerald-rhemann-logra-el-primer-premio-del-octavo-concurso-internacional-de-astrofotografia-del-cabildo-de-la-palma","status":"publish","type":"post","link":"https:\/\/www.starsislandlapalma.es\/de\/gerald-rhemann-logra-el-primer-premio-del-octavo-concurso-internacional-de-astrofotografia-del-cabildo-de-la-palma\/","title":{"rendered":"Gerald Rhemann logra el primer premio del octavo \u2018Concurso Internacional de Astrofotograf\u00eda del Cabildo de La Palma\u2019"},"content":{"rendered":"<p style=\"text-align: center;\"><em>La imagen de este fot\u00f3grafo austr\u00edaco titulada \u2018Comet C2013X1 Panstarrs and NGC 7293\u2019 ha sido seleccionada en la modalidad de \u2018Cielo profundo\u2019, mientras que una obra de Giovanni Tessicini ha ganado en el apartado de \u2018Paisaje astron\u00f3mico desde La Palma\u2019<\/em><\/p>\n<p>&nbsp;<\/p>\n<p style=\"text-align: justify;\">La fotograf\u00eda <em>Comet C2013X1 Panstarrs and NGC7293<\/em>, del austr\u00edaco Gerald Rhemann, ha sido la ganadora de la octava edici\u00f3n del <em>Concurso Internacional de Astrofotograf\u00eda La Palma 2016<\/em>, organizado por el Cabildo de La Palma.<\/p>\n<p style=\"text-align: justify;\">La imagen de Gerald Rhemann \u2013que se alza con el primer premio por segundo a\u00f1o consecutivo- se inscribe en la modalidad de <em>Cielo profundo<\/em>, mientras que en el apartado de <em>Paisaje astron\u00f3mico desde La Palma<\/em> el ganador ha sido Giovanni Tessicini, de Santa Cruz de La Palma, con la fotograf\u00eda <em>\u00a1Perdido!<\/em> El primero obtendr\u00e1 un premio de 2.600 euros, mientras que Tessicini recibir\u00e1 1.600 euros.<\/p>\n<p style=\"text-align: justify;\">En la presente edici\u00f3n se han presentado a concurso un total de 111 obras de 41 fot\u00f3grafos procedentes de ocho pa\u00edses. El jurado ha reconocido tres im\u00e1genes por categor\u00eda adem\u00e1s de seleccionar una treintena de trabajos que se utilizar\u00e1n en una pr\u00f3xima exposici\u00f3n itinerante.<\/p>\n<p style=\"text-align: justify;\">El consejero de Cultura del Cabildo Insular, Primitivo Jer\u00f3nimo ha destacado que este concurso de astrofotograf\u00eda es ya una cita ineludible de prestigio para los aficionados a inmortalizar estrellas, cometas, galaxias, nebulosas y cualquier espect\u00e1culo de los muchos que nos brinda el cielo. \u201cTras ocho ediciones, este certamen se ha consolidado como una iniciativa de gran \u00e9xito internacional que ayuda a dar a conocer los magn\u00edficos cielos de La Palma, los mejores del mundo para la observaci\u00f3n astron\u00f3mica\u201d, ha apuntado.<\/p>\n<p style=\"text-align: justify;\">En la modalidad de <em>Cielo profundo<\/em> tambi\u00e9n ha sido premiada la imagen de Fritz Helmut, <em>Cruce la Galaxia Andr\u00f3meda: un delta-aquaride<\/em>, con 1.500 euros, y el tercer premio ha sido para Juli\u00e1n Garc\u00eda, con la imagen <em>Nebulosa del coraz\u00f3n<\/em>, con 750 euros.<\/p>\n<p style=\"text-align: justify;\">En el caso de la modalidad de <em>Paisaje astron\u00f3mico desde La Palma<\/em>, el segundo clasificado fue Kai Stockrahm, con <em>The Arc,<\/em> con un premio de 1.000 euros, y el tercero Alexis Javier Acosta con <em>Luz de Luna<\/em>, que recibir\u00e1 500 euros.<\/p>\n<p style=\"text-align: justify;\">El jurado ha estado presidido por el consejero de Cultura y Patrimonio Hist\u00f3rico del Cabildo de La Palma, Primitivo Jer\u00f3nimo, y tambi\u00e9n formaron parte Dave Jones, Gianluca Lombardi y Marco Pedani, en representaci\u00f3n de los telescopios del Observatorio Roque de Los Muchachos, as\u00ed como Silvia D\u00edaz, de la Reserva Mundial de La Biosfera.<\/p>\n\n\t\t<style type=\"text\/css\">\n\t\t\t#gallery-1 {\n\t\t\t\tmargin: auto;\n\t\t\t}\n\t\t\t#gallery-1 .gallery-item {\n\t\t\t\tfloat: left;\n\t\t\t\tmargin-top: 10px;\n\t\t\t\ttext-align: center;\n\t\t\t\twidth: 33%;\n\t\t\t}\n\t\t\t#gallery-1 img {\n\t\t\t\tborder: 2px solid #cfcfcf;\n\t\t\t}\n\t\t\t#gallery-1 .gallery-caption {\n\t\t\t\tmargin-left: 0;\n\t\t\t}\n\t\t\t\/* see gallery_shortcode() in wp-includes\/media.php *\/\n\t\t<\/style>\n\t\t<div id='gallery-1' class='gallery galleryid-20753 gallery-columns-3 gallery-size-thumbnail'><dl class='gallery-item'>\n\t\t\t<dt class='gallery-icon landscape'>\n\t\t\t\t<a href='https:\/\/www.starsislandlapalma.es\/de\/gerald-rhemann-logra-el-primer-premio-del-octavo-concurso-internacional-de-astrofotografia-del-cabildo-de-la-palma\/luz-de-luna-2\/'><img decoding=\"async\" width=\"150\" height=\"150\" src=\"https:\/\/www.starsislandlapalma.es\/wp-content\/uploads\/2016\/11\/LUZ-DE-LUNA-150x150.jpg\" class=\"attachment-thumbnail size-thumbnail\" alt=\"\" \/><\/a>\n\t\t\t<\/dt><\/dl><dl class='gallery-item'>\n\t\t\t<dt class='gallery-icon landscape'>\n\t\t\t\t<a href='https:\/\/www.starsislandlapalma.es\/de\/gerald-rhemann-logra-el-primer-premio-del-octavo-concurso-internacional-de-astrofotografia-del-cabildo-de-la-palma\/perdido\/'><img decoding=\"async\" width=\"150\" height=\"150\" src=\"https:\/\/www.starsislandlapalma.es\/wp-content\/uploads\/2016\/11\/PERDIDO-150x150.jpg\" class=\"attachment-thumbnail size-thumbnail\" alt=\"\" \/><\/a>\n\t\t\t<\/dt><\/dl><dl class='gallery-item'>\n\t\t\t<dt class='gallery-icon landscape'>\n\t\t\t\t<a href='https:\/\/www.starsislandlapalma.es\/de\/gerald-rhemann-logra-el-primer-premio-del-octavo-concurso-internacional-de-astrofotografia-del-cabildo-de-la-palma\/the-arc\/'><img decoding=\"async\" width=\"150\" height=\"150\" src=\"https:\/\/www.starsislandlapalma.es\/wp-content\/uploads\/2016\/11\/The-Arc-150x150.jpg\" class=\"attachment-thumbnail size-thumbnail\" alt=\"\" \/><\/a>\n\t\t\t<\/dt><\/dl><br style=\"clear: both\" \/><dl class='gallery-item'>\n\t\t\t<dt class='gallery-icon portrait'>\n\t\t\t\t<a href='https:\/\/www.starsislandlapalma.es\/de\/gerald-rhemann-logra-el-primer-premio-del-octavo-concurso-internacional-de-astrofotografia-del-cabildo-de-la-palma\/cruze-la-galaxia-andromeda-un-delta-aquaride\/'><img decoding=\"async\" width=\"150\" height=\"150\" src=\"https:\/\/www.starsislandlapalma.es\/wp-content\/uploads\/2016\/11\/Cruze-la-Galaxia-Andromeda-un-Delta-Aquaride-150x150.jpg\" class=\"attachment-thumbnail size-thumbnail\" alt=\"\" srcset=\"https:\/\/www.starsislandlapalma.es\/wp-content\/uploads\/2016\/11\/Cruze-la-Galaxia-Andromeda-un-Delta-Aquaride-150x150.jpg 150w, https:\/\/www.starsislandlapalma.es\/wp-content\/uploads\/2016\/11\/Cruze-la-Galaxia-Andromeda-un-Delta-Aquaride-570x570.jpg 570w, https:\/\/www.starsislandlapalma.es\/wp-content\/uploads\/2016\/11\/Cruze-la-Galaxia-Andromeda-un-Delta-Aquaride-500x500.jpg 500w\" sizes=\"(max-width: 150px) 100vw, 150px\" \/><\/a>\n\t\t\t<\/dt><\/dl><dl class='gallery-item'>\n\t\t\t<dt class='gallery-icon landscape'>\n\t\t\t\t<a href='https:\/\/www.starsislandlapalma.es\/de\/gerald-rhemann-logra-el-primer-premio-del-octavo-concurso-internacional-de-astrofotografia-del-cabildo-de-la-palma\/nebulosa-del-corazon_ic-1805\/'><img decoding=\"async\" width=\"150\" height=\"150\" src=\"https:\/\/www.starsislandlapalma.es\/wp-content\/uploads\/2016\/11\/Nebulosa-del-CORAZON_Ic-1805-150x150.jpg\" class=\"attachment-thumbnail size-thumbnail\" alt=\"\" \/><\/a>\n\t\t\t<\/dt><\/dl><dl class='gallery-item'>\n\t\t\t<dt class='gallery-icon landscape'>\n\t\t\t\t<a href='https:\/\/www.starsislandlapalma.es\/de\/gerald-rhemann-logra-el-primer-premio-del-octavo-concurso-internacional-de-astrofotografia-del-cabildo-de-la-palma\/comet-c2013x1-panstarrs-and-ngc-7293\/'><img decoding=\"async\" width=\"150\" height=\"150\" src=\"https:\/\/www.starsislandlapalma.es\/wp-content\/uploads\/2016\/11\/Comet-C2013X1-Panstarrs-and-NGC-7293-150x150.jpg\" class=\"attachment-thumbnail size-thumbnail\" alt=\"\" \/><\/a>\n\t\t\t<\/dt><\/dl><br style=\"clear: both\" \/>\n\t\t<\/div>\n\n","protected":false},"excerpt":{"rendered":"<p>La imagen de este fot\u00f3grafo austr\u00edaco titulada \u2018Comet C2013X1 Panstarrs and NGC 7293\u2019 ha sido seleccionada en la modalidad de \u2018Cielo profundo\u2019, mientras que una obra de Giovanni Tessicini ha ganado en el apartado de \u2018Paisaje astron\u00f3mico desde La Palma\u2019 &nbsp; La fotograf\u00eda Comet C2013X1&#8230;<\/p>\n","protected":false},"author":1,"featured_media":20707,"comment_status":"open","ping_status":"open","sticky":false,"template":"","format":"standard","meta":{"footnotes":""},"categories":[135],"tags":[434,435,436,437,438],"yoast_head":"<!-- This site is optimized with the Yoast SEO plugin v24.5 - https:\/\/yoast.com\/wordpress\/plugins\/seo\/ -->\n<title>Gerald Rhemann logra el primer premio del octavo \u2018Concurso Internacional de Astrofotograf\u00eda del Cabildo de La Palma\u2019 &#8902; Stars Island La Palma<\/title>\n<meta name=\"robots\" content=\"index, follow, max-snippet:-1, max-image-preview:large, max-video-preview:-1\" \/>\n<link rel=\"canonical\" href=\"https:\/\/www.starsislandlapalma.es\/de\/gerald-rhemann-logra-el-primer-premio-del-octavo-concurso-internacional-de-astrofotografia-del-cabildo-de-la-palma\/\" \/>\n<meta property=\"og:locale\" content=\"de_DE\" \/>\n<meta property=\"og:type\" content=\"article\" \/>\n<meta property=\"og:title\" content=\"Gerald Rhemann logra el primer premio del octavo \u2018Concurso Internacional de Astrofotograf\u00eda del Cabildo de La Palma\u2019 &#8902; Stars Island La Palma\" \/>\n<meta property=\"og:description\" content=\"La imagen de este fot\u00f3grafo austr\u00edaco titulada \u2018Comet C2013X1 Panstarrs and NGC 7293\u2019 ha sido seleccionada en la modalidad de \u2018Cielo profundo\u2019, mientras que una obra de Giovanni Tessicini ha ganado en el apartado de \u2018Paisaje astron\u00f3mico desde La Palma\u2019 &nbsp; La fotograf\u00eda Comet C2013X1...\" \/>\n<meta property=\"og:url\" content=\"https:\/\/www.starsislandlapalma.es\/de\/gerald-rhemann-logra-el-primer-premio-del-octavo-concurso-internacional-de-astrofotografia-del-cabildo-de-la-palma\/\" \/>\n<meta property=\"og:site_name\" content=\"Stars Island La Palma\" \/>\n<meta property=\"article:publisher\" content=\"https:\/\/www.facebook.com\/pages\/Starsisland-La-Palma\/210888162375006?ref=hl\" \/>\n<meta property=\"article:published_time\" content=\"2016-11-21T11:25:59+00:00\" \/>\n<meta property=\"article:modified_time\" content=\"2017-02-21T17:31:28+00:00\" \/>\n<meta property=\"og:image\" content=\"https:\/\/www.starsislandlapalma.es\/wp-content\/uploads\/2016\/11\/Comet-C2013X1-Panstarrs-and-NGC-7293.jpg\" \/>\n\t<meta property=\"og:image:width\" content=\"640\" \/>\n\t<meta property=\"og:image:height\" content=\"445\" \/>\n\t<meta property=\"og:image:type\" content=\"image\/jpeg\" \/>\n<meta name=\"author\" content=\"Stars Island La Palma\" \/>\n<meta name=\"twitter:label1\" content=\"Verfasst von\" \/>\n\t<meta name=\"twitter:data1\" content=\"Stars Island La Palma\" \/>\n\t<meta name=\"twitter:label2\" content=\"Gesch\u00e4tzte Lesezeit\" \/>\n\t<meta name=\"twitter:data2\" content=\"2\u00a0Minuten\" \/>\n<script type=\"application\/ld+json\" class=\"yoast-schema-graph\">{\"@context\":\"https:\/\/schema.org\",\"@graph\":[{\"@type\":\"Article\",\"@id\":\"https:\/\/www.starsislandlapalma.es\/de\/gerald-rhemann-logra-el-primer-premio-del-octavo-concurso-internacional-de-astrofotografia-del-cabildo-de-la-palma\/#article\",\"isPartOf\":{\"@id\":\"https:\/\/www.starsislandlapalma.es\/de\/gerald-rhemann-logra-el-primer-premio-del-octavo-concurso-internacional-de-astrofotografia-del-cabildo-de-la-palma\/\"},\"author\":{\"name\":\"Stars Island La Palma\",\"@id\":\"https:\/\/www.starsislandlapalma.es\/#\/schema\/person\/9043f5bd4f379ca7532bf525fa88073b\"},\"headline\":\"Gerald Rhemann logra el primer premio del octavo \u2018Concurso Internacional de Astrofotograf\u00eda del Cabildo de La Palma\u2019\",\"datePublished\":\"2016-11-21T11:25:59+00:00\",\"dateModified\":\"2017-02-21T17:31:28+00:00\",\"mainEntityOfPage\":{\"@id\":\"https:\/\/www.starsislandlapalma.es\/de\/gerald-rhemann-logra-el-primer-premio-del-octavo-concurso-internacional-de-astrofotografia-del-cabildo-de-la-palma\/\"},\"wordCount\":448,\"commentCount\":0,\"publisher\":{\"@id\":\"https:\/\/www.starsislandlapalma.es\/#organization\"},\"image\":{\"@id\":\"https:\/\/www.starsislandlapalma.es\/de\/gerald-rhemann-logra-el-primer-premio-del-octavo-concurso-internacional-de-astrofotografia-del-cabildo-de-la-palma\/#primaryimage\"},\"thumbnailUrl\":\"https:\/\/www.starsislandlapalma.es\/wp-content\/uploads\/2016\/11\/Comet-C2013X1-Panstarrs-and-NGC-7293.jpg\",\"keywords\":[\"cielo profundo\",\"Concurso Internacional de Astrofotograf\u00eda La Palma\",\"cornet\",\"giovanni tessicini\",\"paisaje astron\u00f3mico\"],\"articleSection\":[\"Nachricht\"],\"inLanguage\":\"de\",\"potentialAction\":[{\"@type\":\"CommentAction\",\"name\":\"Comment\",\"target\":[\"https:\/\/www.starsislandlapalma.es\/de\/gerald-rhemann-logra-el-primer-premio-del-octavo-concurso-internacional-de-astrofotografia-del-cabildo-de-la-palma\/#respond\"]}]},{\"@type\":\"WebPage\",\"@id\":\"https:\/\/www.starsislandlapalma.es\/de\/gerald-rhemann-logra-el-primer-premio-del-octavo-concurso-internacional-de-astrofotografia-del-cabildo-de-la-palma\/\",\"url\":\"https:\/\/www.starsislandlapalma.es\/de\/gerald-rhemann-logra-el-primer-premio-del-octavo-concurso-internacional-de-astrofotografia-del-cabildo-de-la-palma\/\",\"name\":\"Gerald Rhemann logra el primer premio del octavo \u2018Concurso Internacional de Astrofotograf\u00eda del Cabildo de La Palma\u2019 &#8902; Stars Island La Palma\",\"isPartOf\":{\"@id\":\"https:\/\/www.starsislandlapalma.es\/#website\"},\"primaryImageOfPage\":{\"@id\":\"https:\/\/www.starsislandlapalma.es\/de\/gerald-rhemann-logra-el-primer-premio-del-octavo-concurso-internacional-de-astrofotografia-del-cabildo-de-la-palma\/#primaryimage\"},\"image\":{\"@id\":\"https:\/\/www.starsislandlapalma.es\/de\/gerald-rhemann-logra-el-primer-premio-del-octavo-concurso-internacional-de-astrofotografia-del-cabildo-de-la-palma\/#primaryimage\"},\"thumbnailUrl\":\"https:\/\/www.starsislandlapalma.es\/wp-content\/uploads\/2016\/11\/Comet-C2013X1-Panstarrs-and-NGC-7293.jpg\",\"datePublished\":\"2016-11-21T11:25:59+00:00\",\"dateModified\":\"2017-02-21T17:31:28+00:00\",\"breadcrumb\":{\"@id\":\"https:\/\/www.starsislandlapalma.es\/de\/gerald-rhemann-logra-el-primer-premio-del-octavo-concurso-internacional-de-astrofotografia-del-cabildo-de-la-palma\/#breadcrumb\"},\"inLanguage\":\"de\",\"potentialAction\":[{\"@type\":\"ReadAction\",\"target\":[\"https:\/\/www.starsislandlapalma.es\/de\/gerald-rhemann-logra-el-primer-premio-del-octavo-concurso-internacional-de-astrofotografia-del-cabildo-de-la-palma\/\"]}]},{\"@type\":\"ImageObject\",\"inLanguage\":\"de\",\"@id\":\"https:\/\/www.starsislandlapalma.es\/de\/gerald-rhemann-logra-el-primer-premio-del-octavo-concurso-internacional-de-astrofotografia-del-cabildo-de-la-palma\/#primaryimage\",\"url\":\"https:\/\/www.starsislandlapalma.es\/wp-content\/uploads\/2016\/11\/Comet-C2013X1-Panstarrs-and-NGC-7293.jpg\",\"contentUrl\":\"https:\/\/www.starsislandlapalma.es\/wp-content\/uploads\/2016\/11\/Comet-C2013X1-Panstarrs-and-NGC-7293.jpg\",\"width\":640,\"height\":445},{\"@type\":\"BreadcrumbList\",\"@id\":\"https:\/\/www.starsislandlapalma.es\/de\/gerald-rhemann-logra-el-primer-premio-del-octavo-concurso-internacional-de-astrofotografia-del-cabildo-de-la-palma\/#breadcrumb\",\"itemListElement\":[{\"@type\":\"ListItem\",\"position\":1,\"name\":\"Portada\",\"item\":\"https:\/\/www.starsislandlapalma.es\/de\/\"},{\"@type\":\"ListItem\",\"position\":2,\"name\":\"Gerald Rhemann logra el primer premio del octavo \u2018Concurso Internacional de Astrofotograf\u00eda del Cabildo de La Palma\u2019\"}]},{\"@type\":\"WebSite\",\"@id\":\"https:\/\/www.starsislandlapalma.es\/#website\",\"url\":\"https:\/\/www.starsislandlapalma.es\/\",\"name\":\"Stars Island La Palma\",\"description\":\"La Palma, el lugar perfecto para disfrutar del universo. Primera Reserva Starlight del mundo, en 2012 se reconoce como Destino Tur\u00edstico Starlight\",\"publisher\":{\"@id\":\"https:\/\/www.starsislandlapalma.es\/#organization\"},\"potentialAction\":[{\"@type\":\"SearchAction\",\"target\":{\"@type\":\"EntryPoint\",\"urlTemplate\":\"https:\/\/www.starsislandlapalma.es\/?s={search_term_string}\"},\"query-input\":{\"@type\":\"PropertyValueSpecification\",\"valueRequired\":true,\"valueName\":\"search_term_string\"}}],\"inLanguage\":\"de\"},{\"@type\":\"Organization\",\"@id\":\"https:\/\/www.starsislandlapalma.es\/#organization\",\"name\":\"Star Island La Palma\",\"url\":\"https:\/\/www.starsislandlapalma.es\/\",\"logo\":{\"@type\":\"ImageObject\",\"inLanguage\":\"de\",\"@id\":\"https:\/\/www.starsislandlapalma.es\/#\/schema\/logo\/image\/\",\"url\":\"https:\/\/www.starsislandlapalma.es\/wp-content\/uploads\/2022\/01\/logo_starisland.png\",\"contentUrl\":\"https:\/\/www.starsislandlapalma.es\/wp-content\/uploads\/2022\/01\/logo_starisland.png\",\"width\":172,\"height\":139,\"caption\":\"Star Island La Palma\"},\"image\":{\"@id\":\"https:\/\/www.starsislandlapalma.es\/#\/schema\/logo\/image\/\"},\"sameAs\":[\"https:\/\/www.facebook.com\/pages\/Starsisland-La-Palma\/210888162375006?ref=hl\",\"https:\/\/x.com\/starsislandlapa\",\"https:\/\/www.pinterest.com\/astroturismo\/\",\"https:\/\/www.youtube.com\/channel\/UCV7sju1ggcBpJG39HQCBtsA\"]},{\"@type\":\"Person\",\"@id\":\"https:\/\/www.starsislandlapalma.es\/#\/schema\/person\/9043f5bd4f379ca7532bf525fa88073b\",\"name\":\"Stars Island La Palma\",\"image\":{\"@type\":\"ImageObject\",\"inLanguage\":\"de\",\"@id\":\"https:\/\/www.starsislandlapalma.es\/#\/schema\/person\/image\/\",\"url\":\"https:\/\/secure.gravatar.com\/avatar\/214edfeae37af83662fa1058aeebfb41?s=96&d=mm&r=g\",\"contentUrl\":\"https:\/\/secure.gravatar.com\/avatar\/214edfeae37af83662fa1058aeebfb41?s=96&d=mm&r=g\",\"caption\":\"Stars Island La Palma\"},\"url\":\"https:\/\/www.starsislandlapalma.es\/de\/author\/star\/\"}]}<\/script>\n<!-- \/ Yoast SEO plugin. -->","yoast_head_json":{"title":"Gerald Rhemann logra el primer premio del octavo \u2018Concurso Internacional de Astrofotograf\u00eda del Cabildo de La Palma\u2019 &#8902; Stars Island La Palma","robots":{"index":"index","follow":"follow","max-snippet":"max-snippet:-1","max-image-preview":"max-image-preview:large","max-video-preview":"max-video-preview:-1"},"canonical":"https:\/\/www.starsislandlapalma.es\/de\/gerald-rhemann-logra-el-primer-premio-del-octavo-concurso-internacional-de-astrofotografia-del-cabildo-de-la-palma\/","og_locale":"de_DE","og_type":"article","og_title":"Gerald Rhemann logra el primer premio del octavo \u2018Concurso Internacional de Astrofotograf\u00eda del Cabildo de La Palma\u2019 &#8902; Stars Island La Palma","og_description":"La imagen de este fot\u00f3grafo austr\u00edaco titulada \u2018Comet C2013X1 Panstarrs and NGC 7293\u2019 ha sido seleccionada en la modalidad de \u2018Cielo profundo\u2019, mientras que una obra de Giovanni Tessicini ha ganado en el apartado de \u2018Paisaje astron\u00f3mico desde La Palma\u2019 &nbsp; La fotograf\u00eda Comet C2013X1...","og_url":"https:\/\/www.starsislandlapalma.es\/de\/gerald-rhemann-logra-el-primer-premio-del-octavo-concurso-internacional-de-astrofotografia-del-cabildo-de-la-palma\/","og_site_name":"Stars Island La Palma","article_publisher":"https:\/\/www.facebook.com\/pages\/Starsisland-La-Palma\/210888162375006?ref=hl","article_published_time":"2016-11-21T11:25:59+00:00","article_modified_time":"2017-02-21T17:31:28+00:00","og_image":[{"width":640,"height":445,"url":"https:\/\/www.starsislandlapalma.es\/wp-content\/uploads\/2016\/11\/Comet-C2013X1-Panstarrs-and-NGC-7293.jpg","type":"image\/jpeg"}],"author":"Stars Island La Palma","twitter_misc":{"Verfasst von":"Stars Island La Palma","Gesch\u00e4tzte Lesezeit":"2\u00a0Minuten"},"schema":{"@context":"https:\/\/schema.org","@graph":[{"@type":"Article","@id":"https:\/\/www.starsislandlapalma.es\/de\/gerald-rhemann-logra-el-primer-premio-del-octavo-concurso-internacional-de-astrofotografia-del-cabildo-de-la-palma\/#article","isPartOf":{"@id":"https:\/\/www.starsislandlapalma.es\/de\/gerald-rhemann-logra-el-primer-premio-del-octavo-concurso-internacional-de-astrofotografia-del-cabildo-de-la-palma\/"},"author":{"name":"Stars Island La Palma","@id":"https:\/\/www.starsislandlapalma.es\/#\/schema\/person\/9043f5bd4f379ca7532bf525fa88073b"},"headline":"Gerald Rhemann logra el primer premio del octavo \u2018Concurso Internacional de Astrofotograf\u00eda del Cabildo de La Palma\u2019","datePublished":"2016-11-21T11:25:59+00:00","dateModified":"2017-02-21T17:31:28+00:00","mainEntityOfPage":{"@id":"https:\/\/www.starsislandlapalma.es\/de\/gerald-rhemann-logra-el-primer-premio-del-octavo-concurso-internacional-de-astrofotografia-del-cabildo-de-la-palma\/"},"wordCount":448,"commentCount":0,"publisher":{"@id":"https:\/\/www.starsislandlapalma.es\/#organization"},"image":{"@id":"https:\/\/www.starsislandlapalma.es\/de\/gerald-rhemann-logra-el-primer-premio-del-octavo-concurso-internacional-de-astrofotografia-del-cabildo-de-la-palma\/#primaryimage"},"thumbnailUrl":"https:\/\/www.starsislandlapalma.es\/wp-content\/uploads\/2016\/11\/Comet-C2013X1-Panstarrs-and-NGC-7293.jpg","keywords":["cielo profundo","Concurso Internacional de Astrofotograf\u00eda La Palma","cornet","giovanni tessicini","paisaje astron\u00f3mico"],"articleSection":["Nachricht"],"inLanguage":"de","potentialAction":[{"@type":"CommentAction","name":"Comment","target":["https:\/\/www.starsislandlapalma.es\/de\/gerald-rhemann-logra-el-primer-premio-del-octavo-concurso-internacional-de-astrofotografia-del-cabildo-de-la-palma\/#respond"]}]},{"@type":"WebPage","@id":"https:\/\/www.starsislandlapalma.es\/de\/gerald-rhemann-logra-el-primer-premio-del-octavo-concurso-internacional-de-astrofotografia-del-cabildo-de-la-palma\/","url":"https:\/\/www.starsislandlapalma.es\/de\/gerald-rhemann-logra-el-primer-premio-del-octavo-concurso-internacional-de-astrofotografia-del-cabildo-de-la-palma\/","name":"Gerald Rhemann logra el primer premio del octavo \u2018Concurso Internacional de Astrofotograf\u00eda del Cabildo de La Palma\u2019 &#8902; Stars Island La Palma","isPartOf":{"@id":"https:\/\/www.starsislandlapalma.es\/#website"},"primaryImageOfPage":{"@id":"https:\/\/www.starsislandlapalma.es\/de\/gerald-rhemann-logra-el-primer-premio-del-octavo-concurso-internacional-de-astrofotografia-del-cabildo-de-la-palma\/#primaryimage"},"image":{"@id":"https:\/\/www.starsislandlapalma.es\/de\/gerald-rhemann-logra-el-primer-premio-del-octavo-concurso-internacional-de-astrofotografia-del-cabildo-de-la-palma\/#primaryimage"},"thumbnailUrl":"https:\/\/www.starsislandlapalma.es\/wp-content\/uploads\/2016\/11\/Comet-C2013X1-Panstarrs-and-NGC-7293.jpg","datePublished":"2016-11-21T11:25:59+00:00","dateModified":"2017-02-21T17:31:28+00:00","breadcrumb":{"@id":"https:\/\/www.starsislandlapalma.es\/de\/gerald-rhemann-logra-el-primer-premio-del-octavo-concurso-internacional-de-astrofotografia-del-cabildo-de-la-palma\/#breadcrumb"},"inLanguage":"de","potentialAction":[{"@type":"ReadAction","target":["https:\/\/www.starsislandlapalma.es\/de\/gerald-rhemann-logra-el-primer-premio-del-octavo-concurso-internacional-de-astrofotografia-del-cabildo-de-la-palma\/"]}]},{"@type":"ImageObject","inLanguage":"de","@id":"https:\/\/www.starsislandlapalma.es\/de\/gerald-rhemann-logra-el-primer-premio-del-octavo-concurso-internacional-de-astrofotografia-del-cabildo-de-la-palma\/#primaryimage","url":"https:\/\/www.starsislandlapalma.es\/wp-content\/uploads\/2016\/11\/Comet-C2013X1-Panstarrs-and-NGC-7293.jpg","contentUrl":"https:\/\/www.starsislandlapalma.es\/wp-content\/uploads\/2016\/11\/Comet-C2013X1-Panstarrs-and-NGC-7293.jpg","width":640,"height":445},{"@type":"BreadcrumbList","@id":"https:\/\/www.starsislandlapalma.es\/de\/gerald-rhemann-logra-el-primer-premio-del-octavo-concurso-internacional-de-astrofotografia-del-cabildo-de-la-palma\/#breadcrumb","itemListElement":[{"@type":"ListItem","position":1,"name":"Portada","item":"https:\/\/www.starsislandlapalma.es\/de\/"},{"@type":"ListItem","position":2,"name":"Gerald Rhemann logra el primer premio del octavo \u2018Concurso Internacional de Astrofotograf\u00eda del Cabildo de La Palma\u2019"}]},{"@type":"WebSite","@id":"https:\/\/www.starsislandlapalma.es\/#website","url":"https:\/\/www.starsislandlapalma.es\/","name":"Stars Island La Palma","description":"La Palma, el lugar perfecto para disfrutar del universo. Primera Reserva Starlight del mundo, en 2012 se reconoce como Destino Tur\u00edstico Starlight","publisher":{"@id":"https:\/\/www.starsislandlapalma.es\/#organization"},"potentialAction":[{"@type":"SearchAction","target":{"@type":"EntryPoint","urlTemplate":"https:\/\/www.starsislandlapalma.es\/?s={search_term_string}"},"query-input":{"@type":"PropertyValueSpecification","valueRequired":true,"valueName":"search_term_string"}}],"inLanguage":"de"},{"@type":"Organization","@id":"https:\/\/www.starsislandlapalma.es\/#organization","name":"Star Island La Palma","url":"https:\/\/www.starsislandlapalma.es\/","logo":{"@type":"ImageObject","inLanguage":"de","@id":"https:\/\/www.starsislandlapalma.es\/#\/schema\/logo\/image\/","url":"https:\/\/www.starsislandlapalma.es\/wp-content\/uploads\/2022\/01\/logo_starisland.png","contentUrl":"https:\/\/www.starsislandlapalma.es\/wp-content\/uploads\/2022\/01\/logo_starisland.png","width":172,"height":139,"caption":"Star Island La Palma"},"image":{"@id":"https:\/\/www.starsislandlapalma.es\/#\/schema\/logo\/image\/"},"sameAs":["https:\/\/www.facebook.com\/pages\/Starsisland-La-Palma\/210888162375006?ref=hl","https:\/\/x.com\/starsislandlapa","https:\/\/www.pinterest.com\/astroturismo\/","https:\/\/www.youtube.com\/channel\/UCV7sju1ggcBpJG39HQCBtsA"]},{"@type":"Person","@id":"https:\/\/www.starsislandlapalma.es\/#\/schema\/person\/9043f5bd4f379ca7532bf525fa88073b","name":"Stars Island La Palma","image":{"@type":"ImageObject","inLanguage":"de","@id":"https:\/\/www.starsislandlapalma.es\/#\/schema\/person\/image\/","url":"https:\/\/secure.gravatar.com\/avatar\/214edfeae37af83662fa1058aeebfb41?s=96&d=mm&r=g","contentUrl":"https:\/\/secure.gravatar.com\/avatar\/214edfeae37af83662fa1058aeebfb41?s=96&d=mm&r=g","caption":"Stars Island La Palma"},"url":"https:\/\/www.starsislandlapalma.es\/de\/author\/star\/"}]}},"_links":{"self":[{"href":"https:\/\/www.starsislandlapalma.es\/de\/wp-json\/wp\/v2\/posts\/20753\/"}],"collection":[{"href":"https:\/\/www.starsislandlapalma.es\/de\/wp-json\/wp\/v2\/posts\/"}],"about":[{"href":"https:\/\/www.starsislandlapalma.es\/de\/wp-json\/wp\/v2\/types\/post\/"}],"author":[{"embeddable":true,"href":"https:\/\/www.starsislandlapalma.es\/de\/wp-json\/wp\/v2\/users\/1\/"}],"replies":[{"embeddable":true,"href":"https:\/\/www.starsislandlapalma.es\/de\/wp-json\/wp\/v2\/comments\/?post=20753"}],"version-history":[{"count":0,"href":"https:\/\/www.starsislandlapalma.es\/de\/wp-json\/wp\/v2\/posts\/20753\/revisions\/"}],"wp:featuredmedia":[{"embeddable":true,"href":"https:\/\/www.starsislandlapalma.es\/de\/wp-json\/wp\/v2\/media\/20707\/"}],"wp:attachment":[{"href":"https:\/\/www.starsislandlapalma.es\/de\/wp-json\/wp\/v2\/media\/?parent=20753"}],"wp:term":[{"taxonomy":"category","embeddable":true,"href":"https:\/\/www.starsislandlapalma.es\/de\/wp-json\/wp\/v2\/categories\/?post=20753"},{"taxonomy":"post_tag","embeddable":true,"href":"https:\/\/www.starsislandlapalma.es\/de\/wp-json\/wp\/v2\/tags\/?post=20753"}],"curies":[{"name":"wp","href":"https:\/\/api.w.org\/{rel}","templated":true}]}}