{"id":20915,"date":"2018-02-15T13:00:59","date_gmt":"2018-02-15T13:00:59","guid":{"rendered":"http:\/\/www.starsislandlapalma.es\/astrofest-volvera-a-situar-a-la-palma-como-referente-internacional-de-la-astronomia-y-el-astroturismo\/"},"modified":"2018-06-08T07:33:59","modified_gmt":"2018-06-08T07:33:59","slug":"astrofest-volvera-a-situar-a-la-palma-como-referente-internacional-de-la-astronomia-y-el-astroturismo","status":"publish","type":"post","link":"https:\/\/www.starsislandlapalma.es\/de\/astrofest-volvera-a-situar-a-la-palma-como-referente-internacional-de-la-astronomia-y-el-astroturismo\/","title":{"rendered":"Astrofest volver\u00e1 a situar a La Palma como referente internacional de la astronom\u00eda y el astroturismo"},"content":{"rendered":"<blockquote>\n<p class=\"p1\"><strong>En abril y mayo se celebrar\u00e1 un calendario de eventos y actividades con el astroturismo y la calidad del cielo palmero como protagonistas y bajo el cual Transvulcania, Reventon Trail y Festivalito promocionar\u00e1n La Palma como \u2018isla de estrellas\u2019.<\/strong><\/p>\n<p><strong>La Palma volver\u00e1 a ser un referente internacional de la astronom\u00eda y del astroturismo. <\/strong><\/p><\/blockquote>\n<p class=\"p1\">Durante los meses de abril y mayo llega la segunda edici\u00f3n de <b>Astrofest<\/b>, que reunir\u00e1 en la isla un compendio de eventos de relevancia internacional de diversa \u00edndole, cuyo nexo de uni\u00f3n es que todos se celebran bajo el privilegiado cielo palmero. Las acciones y actividades se inspiran y tematizan con las estrellas, el universo y el patrimonio astron\u00f3mico de La Palma. Se trata de eventos nocturnos, pero tambi\u00e9n diurnos, en los que se combinan diferentes disciplinas y \u00e1mbitos de actuaci\u00f3n.<\/p>\n<p><img decoding=\"async\" class=\"alignleft wp-image-1954 size-medium\" src=\"http:\/\/astrofestlapalma.es\/wp-content\/uploads\/2018\/02\/140218-Presentacio\u0301n-Astrofest-2-300x185.jpg\" alt=\"\" width=\"300\" height=\"185\" \/><\/p>\n<p class=\"p1\">La consejera de Turismo del Cabildo de La Palma, Alicia Vanoostende, adelantaba hoy en rueda de prensa esta filosof\u00eda de trabajo y programa de actos de Astrofest: <em>\u201ctodo con un objetivo com\u00fan: resaltar el potencial que tienen en La Palma la astronom\u00eda, el astroturismo y el valor diferencial que le dan sus cielos, los mejores del mundo para observar las estrellas\u201d<\/em>, aseguraba.<\/p>\n<p class=\"p1\">El Astrofest 2018 tendr\u00e1 como plato fuerte el <b>D\u00eda Mundial Starlight<\/b> el pr\u00f3ximo 20 de abril, cuya efem\u00e9ride recuerda su primera declaraci\u00f3n mundial, que tuvo lugar en La Palma en 2007, hace 11 a\u00f1os. Como ya ocurriera el a\u00f1o pasado, ese d\u00eda se realizar\u00e1 un apag\u00f3n generalizado en distintas localizaciones de la isla, con la colaboraci\u00f3n de los ayuntamientos palmeros y con el objetivo de realizar actos culturales en un ambiente muy especial bajo la luz de las estrellas. Cabe recordar que La Palma fue el primer lugar del mundo en ser declarada Reserva Starlight en 2012.<\/p>\n<p class=\"p1\">La primera parada de este evento de eventos que supone el Astrofest se iniciar\u00e1 el 5 de abril con la <b>Revent\u00f3n Trail El Paso<\/b>. El alcalde de El Paso (municipio en el que se celebra), Sergio Rodr\u00edguez, explicaba hoy que se trata de una exigente prueba de monta\u00f1a, que desde 2016 ha adquirido un posicionamiento estrat\u00e9gico y que ahora redobla su vinculaci\u00f3n a las estrellas gracias a una nueva modalidad: la <i>Subida a las estrellas<\/i>. Adem\u00e1s, Revent\u00f3n Trail ser\u00e1 la primera prueba deportiva del mundo con el sello Starlight.<\/p>\n<p class=\"p1\">No ser\u00e1 la \u00fanica prueba deportiva que se tematice este a\u00f1o con el patrimonio astron\u00f3mico palmero. La consejera de Deportes del Cabildo de La Palma, Ascensi\u00f3n Rodr\u00edguez, explicaba hoy que <b>Transvulcania<\/b>\u00a0vivir\u00e1 el 12 de mayo una edici\u00f3n muy especial, cumpliendo su d\u00e9cimo aniversario bajo el t\u00edtulo de <i>Space Runners<\/i>, con una clara vinculaci\u00f3n con el cielo y la astronom\u00eda. No se trata de una carrera cualquiera, sino que est\u00e1 considerada como una de las ultramaratones de monta\u00f1a m\u00e1s prestigiosas y duras del mundo. El recorrido total tiene una longitud de 74,6 kil\u00f3metros y un desnivel acumulado de 8.525 metros, que oscila entre el nivel del mar hasta el punto m\u00e1s alto de la isla, en el Roque de los Muchachos. All\u00ed, a 2.426 metros de altitud, est\u00e1 la sede del Instituto de Astrof\u00edsica de Canarias. El objetivo es aprovechar la gran difusi\u00f3n internacional del evento para dar a conocer las bondades del cielo palmero.<\/p>\n<p><img decoding=\"async\" class=\"alignleft wp-image-1955 size-medium\" src=\"http:\/\/astrofestlapalma.es\/wp-content\/uploads\/2018\/02\/140218-Presentacio\u0301n-Astrofest-1-300x138.jpg\" alt=\"\" width=\"300\" height=\"138\" \/><\/p>\n<p class=\"p1\">El <b>Festivalito, Festival de las Estrellas,<\/b> tambi\u00e9n se enmarca este a\u00f1o en el Astrofest. El Festival de Cine que patrocina el Cabildo de La Palma se celebrar\u00e1 entre el 18 y el 26 de mayo. Su director, Jos\u00e9 V\u00edctor Fuentes, adelantaba que est\u00e1 cita dar\u00e1 cabida a actividades programadas de cine, teatro, danza, g-astronom\u00eda y talleres, todos ellos tematizados con la astronom\u00eda a modo de herramientas divulgativas para todos los p\u00fablicos.<\/p>\n<p class=\"p1\">Unos d\u00edas antes, del 15 al 21 de mayo, tendr\u00e1 lugar <b>Astromaster<\/b>, un taller profesional de fotograf\u00eda nocturna; mientras que otra gran cita llegar\u00e1 del 23 al 26 de mayo con una <b>Conferencia Internacional de Paisaje Nocturno<\/b> co-organizada por el \u00c1rea de Turismo del Cabildo Insular de La Palma, junto a la asociaci\u00f3n <i>The World at Night<\/i>, en la que se congregar\u00e1n en la isla de La Palma a expertos de todo el mundo. No ser\u00e1 la \u00fanica cita profesional importante, ya que tambi\u00e9n se prev\u00e9 la celebraci\u00f3n de una <b>Conferencia de Astroturismo<\/b>.<\/p>\n<h3 class=\"p1\">El valor del cielo palmero<\/h3>\n<p class=\"p1\">Alicia Vanoostende recordaba hoy que el modelo de colaboraci\u00f3n p\u00fablico-privado de astroturismo en la isla de La Palma fue escogido como uno de los ganadores del <b>XXIII Concurso al Mejor Producto de Turismo Activo en Fitur<\/b>. Un prestigioso certamen que, desde hace 23 a\u00f1os, se convoca tanto en la modalidad nacional como en la internacional y que fue notificado en la pasada edici\u00f3n de la feria. El acto sirvi\u00f3 de antesala de la gala oficial de entrega de los premios, que tendr\u00e1 lugar en mayo en IFEMA .<\/p>\n<p class=\"p1\">Adem\u00e1s, 2017 ha sido un gran a\u00f1o para la consolidaci\u00f3n del astroturismo como valor diferencial de la isla, ya que La Palma fue escogida por la Organizaci\u00f3n Mundial del Turismo (OMT) como ejemplo mundial de evoluci\u00f3n y afianzamiento de este producto tur\u00edstico. El astroturismo supone un denominador com\u00fan para m\u00e1s de 60 empresas tur\u00edsticas de diferente \u00edndole en La Palma, que est\u00e1n tematizadas con este recurso y que ven como a\u00f1o a a\u00f1o aumentan su volumen de negocio vinculado con este segmento.<\/p>\n","protected":false},"excerpt":{"rendered":"<p>En abril y mayo se celebrar\u00e1 un calendario de eventos y actividades con el astroturismo y la calidad del cielo palmero como protagonistas y bajo el cual Transvulcania, Reventon Trail y Festivalito promocionar\u00e1n La Palma como \u2018isla de estrellas\u2019. La Palma volver\u00e1 a ser un&#8230;<\/p>\n","protected":false},"author":1,"featured_media":20912,"comment_status":"open","ping_status":"open","sticky":false,"template":"","format":"standard","meta":{"footnotes":""},"categories":[140,135],"tags":[484,252],"yoast_head":"<!-- This site is optimized with the Yoast SEO plugin v24.5 - https:\/\/yoast.com\/wordpress\/plugins\/seo\/ -->\n<title>Astrofest volver\u00e1 a situar a La Palma como referente internacional de la astronom\u00eda y el astroturismo &#8902; Stars Island La Palma<\/title>\n<meta name=\"robots\" content=\"index, follow, max-snippet:-1, max-image-preview:large, max-video-preview:-1\" \/>\n<link rel=\"canonical\" href=\"https:\/\/www.starsislandlapalma.es\/de\/astrofest-volvera-a-situar-a-la-palma-como-referente-internacional-de-la-astronomia-y-el-astroturismo\/\" \/>\n<meta property=\"og:locale\" content=\"de_DE\" \/>\n<meta property=\"og:type\" content=\"article\" \/>\n<meta property=\"og:title\" content=\"Astrofest volver\u00e1 a situar a La Palma como referente internacional de la astronom\u00eda y el astroturismo &#8902; Stars Island La Palma\" \/>\n<meta property=\"og:description\" content=\"En abril y mayo se celebrar\u00e1 un calendario de eventos y actividades con el astroturismo y la calidad del cielo palmero como protagonistas y bajo el cual Transvulcania, Reventon Trail y Festivalito promocionar\u00e1n La Palma como \u2018isla de estrellas\u2019. La Palma volver\u00e1 a ser un...\" \/>\n<meta property=\"og:url\" content=\"https:\/\/www.starsislandlapalma.es\/de\/astrofest-volvera-a-situar-a-la-palma-como-referente-internacional-de-la-astronomia-y-el-astroturismo\/\" \/>\n<meta property=\"og:site_name\" content=\"Stars Island La Palma\" \/>\n<meta property=\"article:publisher\" content=\"https:\/\/www.facebook.com\/pages\/Starsisland-La-Palma\/210888162375006?ref=hl\" \/>\n<meta property=\"article:published_time\" content=\"2018-02-15T13:00:59+00:00\" \/>\n<meta property=\"article:modified_time\" content=\"2018-06-08T07:33:59+00:00\" \/>\n<meta property=\"og:image\" content=\"https:\/\/www.starsislandlapalma.es\/wp-content\/uploads\/2018\/02\/140218-Presentacio\u0301n-Astrofest-2.jpg\" \/>\n\t<meta property=\"og:image:width\" content=\"650\" \/>\n\t<meta property=\"og:image:height\" content=\"400\" \/>\n\t<meta property=\"og:image:type\" content=\"image\/jpeg\" \/>\n<meta name=\"author\" content=\"Stars Island La Palma\" \/>\n<meta name=\"twitter:label1\" content=\"Verfasst von\" \/>\n\t<meta name=\"twitter:data1\" content=\"Stars Island La Palma\" \/>\n\t<meta name=\"twitter:label2\" content=\"Gesch\u00e4tzte Lesezeit\" \/>\n\t<meta name=\"twitter:data2\" content=\"5\u00a0Minuten\" \/>\n<script type=\"application\/ld+json\" class=\"yoast-schema-graph\">{\"@context\":\"https:\/\/schema.org\",\"@graph\":[{\"@type\":\"Article\",\"@id\":\"https:\/\/www.starsislandlapalma.es\/de\/astrofest-volvera-a-situar-a-la-palma-como-referente-internacional-de-la-astronomia-y-el-astroturismo\/#article\",\"isPartOf\":{\"@id\":\"https:\/\/www.starsislandlapalma.es\/de\/astrofest-volvera-a-situar-a-la-palma-como-referente-internacional-de-la-astronomia-y-el-astroturismo\/\"},\"author\":{\"name\":\"Stars Island La Palma\",\"@id\":\"https:\/\/www.starsislandlapalma.es\/#\/schema\/person\/9043f5bd4f379ca7532bf525fa88073b\"},\"headline\":\"Astrofest volver\u00e1 a situar a La Palma como referente internacional de la astronom\u00eda y el astroturismo\",\"datePublished\":\"2018-02-15T13:00:59+00:00\",\"dateModified\":\"2018-06-08T07:33:59+00:00\",\"mainEntityOfPage\":{\"@id\":\"https:\/\/www.starsislandlapalma.es\/de\/astrofest-volvera-a-situar-a-la-palma-como-referente-internacional-de-la-astronomia-y-el-astroturismo\/\"},\"wordCount\":941,\"commentCount\":0,\"publisher\":{\"@id\":\"https:\/\/www.starsislandlapalma.es\/#organization\"},\"image\":{\"@id\":\"https:\/\/www.starsislandlapalma.es\/de\/astrofest-volvera-a-situar-a-la-palma-como-referente-internacional-de-la-astronomia-y-el-astroturismo\/#primaryimage\"},\"thumbnailUrl\":\"https:\/\/www.starsislandlapalma.es\/wp-content\/uploads\/2018\/02\/140218-Presentacio\u0301n-Astrofest-2.jpg\",\"keywords\":[\"astrofest\",\"astronom\u00eda\"],\"articleSection\":[\"Event\",\"Nachricht\"],\"inLanguage\":\"de\",\"potentialAction\":[{\"@type\":\"CommentAction\",\"name\":\"Comment\",\"target\":[\"https:\/\/www.starsislandlapalma.es\/de\/astrofest-volvera-a-situar-a-la-palma-como-referente-internacional-de-la-astronomia-y-el-astroturismo\/#respond\"]}]},{\"@type\":\"WebPage\",\"@id\":\"https:\/\/www.starsislandlapalma.es\/de\/astrofest-volvera-a-situar-a-la-palma-como-referente-internacional-de-la-astronomia-y-el-astroturismo\/\",\"url\":\"https:\/\/www.starsislandlapalma.es\/de\/astrofest-volvera-a-situar-a-la-palma-como-referente-internacional-de-la-astronomia-y-el-astroturismo\/\",\"name\":\"Astrofest volver\u00e1 a situar a La Palma como referente internacional de la astronom\u00eda y el astroturismo &#8902; Stars Island La Palma\",\"isPartOf\":{\"@id\":\"https:\/\/www.starsislandlapalma.es\/#website\"},\"primaryImageOfPage\":{\"@id\":\"https:\/\/www.starsislandlapalma.es\/de\/astrofest-volvera-a-situar-a-la-palma-como-referente-internacional-de-la-astronomia-y-el-astroturismo\/#primaryimage\"},\"image\":{\"@id\":\"https:\/\/www.starsislandlapalma.es\/de\/astrofest-volvera-a-situar-a-la-palma-como-referente-internacional-de-la-astronomia-y-el-astroturismo\/#primaryimage\"},\"thumbnailUrl\":\"https:\/\/www.starsislandlapalma.es\/wp-content\/uploads\/2018\/02\/140218-Presentacio\u0301n-Astrofest-2.jpg\",\"datePublished\":\"2018-02-15T13:00:59+00:00\",\"dateModified\":\"2018-06-08T07:33:59+00:00\",\"breadcrumb\":{\"@id\":\"https:\/\/www.starsislandlapalma.es\/de\/astrofest-volvera-a-situar-a-la-palma-como-referente-internacional-de-la-astronomia-y-el-astroturismo\/#breadcrumb\"},\"inLanguage\":\"de\",\"potentialAction\":[{\"@type\":\"ReadAction\",\"target\":[\"https:\/\/www.starsislandlapalma.es\/de\/astrofest-volvera-a-situar-a-la-palma-como-referente-internacional-de-la-astronomia-y-el-astroturismo\/\"]}]},{\"@type\":\"ImageObject\",\"inLanguage\":\"de\",\"@id\":\"https:\/\/www.starsislandlapalma.es\/de\/astrofest-volvera-a-situar-a-la-palma-como-referente-internacional-de-la-astronomia-y-el-astroturismo\/#primaryimage\",\"url\":\"https:\/\/www.starsislandlapalma.es\/wp-content\/uploads\/2018\/02\/140218-Presentacio\u0301n-Astrofest-2.jpg\",\"contentUrl\":\"https:\/\/www.starsislandlapalma.es\/wp-content\/uploads\/2018\/02\/140218-Presentacio\u0301n-Astrofest-2.jpg\",\"width\":650,\"height\":400},{\"@type\":\"BreadcrumbList\",\"@id\":\"https:\/\/www.starsislandlapalma.es\/de\/astrofest-volvera-a-situar-a-la-palma-como-referente-internacional-de-la-astronomia-y-el-astroturismo\/#breadcrumb\",\"itemListElement\":[{\"@type\":\"ListItem\",\"position\":1,\"name\":\"Portada\",\"item\":\"https:\/\/www.starsislandlapalma.es\/de\/\"},{\"@type\":\"ListItem\",\"position\":2,\"name\":\"Astrofest volver\u00e1 a situar a La Palma como referente internacional de la astronom\u00eda y el astroturismo\"}]},{\"@type\":\"WebSite\",\"@id\":\"https:\/\/www.starsislandlapalma.es\/#website\",\"url\":\"https:\/\/www.starsislandlapalma.es\/\",\"name\":\"Stars Island La Palma\",\"description\":\"La Palma, el lugar perfecto para disfrutar del universo. Primera Reserva Starlight del mundo, en 2012 se reconoce como Destino Tur\u00edstico Starlight\",\"publisher\":{\"@id\":\"https:\/\/www.starsislandlapalma.es\/#organization\"},\"potentialAction\":[{\"@type\":\"SearchAction\",\"target\":{\"@type\":\"EntryPoint\",\"urlTemplate\":\"https:\/\/www.starsislandlapalma.es\/?s={search_term_string}\"},\"query-input\":{\"@type\":\"PropertyValueSpecification\",\"valueRequired\":true,\"valueName\":\"search_term_string\"}}],\"inLanguage\":\"de\"},{\"@type\":\"Organization\",\"@id\":\"https:\/\/www.starsislandlapalma.es\/#organization\",\"name\":\"Star Island La Palma\",\"url\":\"https:\/\/www.starsislandlapalma.es\/\",\"logo\":{\"@type\":\"ImageObject\",\"inLanguage\":\"de\",\"@id\":\"https:\/\/www.starsislandlapalma.es\/#\/schema\/logo\/image\/\",\"url\":\"https:\/\/www.starsislandlapalma.es\/wp-content\/uploads\/2022\/01\/logo_starisland.png\",\"contentUrl\":\"https:\/\/www.starsislandlapalma.es\/wp-content\/uploads\/2022\/01\/logo_starisland.png\",\"width\":172,\"height\":139,\"caption\":\"Star Island La Palma\"},\"image\":{\"@id\":\"https:\/\/www.starsislandlapalma.es\/#\/schema\/logo\/image\/\"},\"sameAs\":[\"https:\/\/www.facebook.com\/pages\/Starsisland-La-Palma\/210888162375006?ref=hl\",\"https:\/\/x.com\/starsislandlapa\",\"https:\/\/www.pinterest.com\/astroturismo\/\",\"https:\/\/www.youtube.com\/channel\/UCV7sju1ggcBpJG39HQCBtsA\"]},{\"@type\":\"Person\",\"@id\":\"https:\/\/www.starsislandlapalma.es\/#\/schema\/person\/9043f5bd4f379ca7532bf525fa88073b\",\"name\":\"Stars Island La Palma\",\"image\":{\"@type\":\"ImageObject\",\"inLanguage\":\"de\",\"@id\":\"https:\/\/www.starsislandlapalma.es\/#\/schema\/person\/image\/\",\"url\":\"https:\/\/secure.gravatar.com\/avatar\/214edfeae37af83662fa1058aeebfb41?s=96&d=mm&r=g\",\"contentUrl\":\"https:\/\/secure.gravatar.com\/avatar\/214edfeae37af83662fa1058aeebfb41?s=96&d=mm&r=g\",\"caption\":\"Stars Island La Palma\"},\"url\":\"https:\/\/www.starsislandlapalma.es\/de\/author\/star\/\"}]}<\/script>\n<!-- \/ Yoast SEO plugin. -->","yoast_head_json":{"title":"Astrofest volver\u00e1 a situar a La Palma como referente internacional de la astronom\u00eda y el astroturismo &#8902; Stars Island La Palma","robots":{"index":"index","follow":"follow","max-snippet":"max-snippet:-1","max-image-preview":"max-image-preview:large","max-video-preview":"max-video-preview:-1"},"canonical":"https:\/\/www.starsislandlapalma.es\/de\/astrofest-volvera-a-situar-a-la-palma-como-referente-internacional-de-la-astronomia-y-el-astroturismo\/","og_locale":"de_DE","og_type":"article","og_title":"Astrofest volver\u00e1 a situar a La Palma como referente internacional de la astronom\u00eda y el astroturismo &#8902; Stars Island La Palma","og_description":"En abril y mayo se celebrar\u00e1 un calendario de eventos y actividades con el astroturismo y la calidad del cielo palmero como protagonistas y bajo el cual Transvulcania, Reventon Trail y Festivalito promocionar\u00e1n La Palma como \u2018isla de estrellas\u2019. La Palma volver\u00e1 a ser un...","og_url":"https:\/\/www.starsislandlapalma.es\/de\/astrofest-volvera-a-situar-a-la-palma-como-referente-internacional-de-la-astronomia-y-el-astroturismo\/","og_site_name":"Stars Island La Palma","article_publisher":"https:\/\/www.facebook.com\/pages\/Starsisland-La-Palma\/210888162375006?ref=hl","article_published_time":"2018-02-15T13:00:59+00:00","article_modified_time":"2018-06-08T07:33:59+00:00","og_image":[{"width":650,"height":400,"url":"https:\/\/www.starsislandlapalma.es\/wp-content\/uploads\/2018\/02\/140218-Presentacio\u0301n-Astrofest-2.jpg","type":"image\/jpeg"}],"author":"Stars Island La Palma","twitter_misc":{"Verfasst von":"Stars Island La Palma","Gesch\u00e4tzte Lesezeit":"5\u00a0Minuten"},"schema":{"@context":"https:\/\/schema.org","@graph":[{"@type":"Article","@id":"https:\/\/www.starsislandlapalma.es\/de\/astrofest-volvera-a-situar-a-la-palma-como-referente-internacional-de-la-astronomia-y-el-astroturismo\/#article","isPartOf":{"@id":"https:\/\/www.starsislandlapalma.es\/de\/astrofest-volvera-a-situar-a-la-palma-como-referente-internacional-de-la-astronomia-y-el-astroturismo\/"},"author":{"name":"Stars Island La Palma","@id":"https:\/\/www.starsislandlapalma.es\/#\/schema\/person\/9043f5bd4f379ca7532bf525fa88073b"},"headline":"Astrofest volver\u00e1 a situar a La Palma como referente internacional de la astronom\u00eda y el astroturismo","datePublished":"2018-02-15T13:00:59+00:00","dateModified":"2018-06-08T07:33:59+00:00","mainEntityOfPage":{"@id":"https:\/\/www.starsislandlapalma.es\/de\/astrofest-volvera-a-situar-a-la-palma-como-referente-internacional-de-la-astronomia-y-el-astroturismo\/"},"wordCount":941,"commentCount":0,"publisher":{"@id":"https:\/\/www.starsislandlapalma.es\/#organization"},"image":{"@id":"https:\/\/www.starsislandlapalma.es\/de\/astrofest-volvera-a-situar-a-la-palma-como-referente-internacional-de-la-astronomia-y-el-astroturismo\/#primaryimage"},"thumbnailUrl":"https:\/\/www.starsislandlapalma.es\/wp-content\/uploads\/2018\/02\/140218-Presentacio\u0301n-Astrofest-2.jpg","keywords":["astrofest","astronom\u00eda"],"articleSection":["Event","Nachricht"],"inLanguage":"de","potentialAction":[{"@type":"CommentAction","name":"Comment","target":["https:\/\/www.starsislandlapalma.es\/de\/astrofest-volvera-a-situar-a-la-palma-como-referente-internacional-de-la-astronomia-y-el-astroturismo\/#respond"]}]},{"@type":"WebPage","@id":"https:\/\/www.starsislandlapalma.es\/de\/astrofest-volvera-a-situar-a-la-palma-como-referente-internacional-de-la-astronomia-y-el-astroturismo\/","url":"https:\/\/www.starsislandlapalma.es\/de\/astrofest-volvera-a-situar-a-la-palma-como-referente-internacional-de-la-astronomia-y-el-astroturismo\/","name":"Astrofest volver\u00e1 a situar a La Palma como referente internacional de la astronom\u00eda y el astroturismo &#8902; Stars Island La Palma","isPartOf":{"@id":"https:\/\/www.starsislandlapalma.es\/#website"},"primaryImageOfPage":{"@id":"https:\/\/www.starsislandlapalma.es\/de\/astrofest-volvera-a-situar-a-la-palma-como-referente-internacional-de-la-astronomia-y-el-astroturismo\/#primaryimage"},"image":{"@id":"https:\/\/www.starsislandlapalma.es\/de\/astrofest-volvera-a-situar-a-la-palma-como-referente-internacional-de-la-astronomia-y-el-astroturismo\/#primaryimage"},"thumbnailUrl":"https:\/\/www.starsislandlapalma.es\/wp-content\/uploads\/2018\/02\/140218-Presentacio\u0301n-Astrofest-2.jpg","datePublished":"2018-02-15T13:00:59+00:00","dateModified":"2018-06-08T07:33:59+00:00","breadcrumb":{"@id":"https:\/\/www.starsislandlapalma.es\/de\/astrofest-volvera-a-situar-a-la-palma-como-referente-internacional-de-la-astronomia-y-el-astroturismo\/#breadcrumb"},"inLanguage":"de","potentialAction":[{"@type":"ReadAction","target":["https:\/\/www.starsislandlapalma.es\/de\/astrofest-volvera-a-situar-a-la-palma-como-referente-internacional-de-la-astronomia-y-el-astroturismo\/"]}]},{"@type":"ImageObject","inLanguage":"de","@id":"https:\/\/www.starsislandlapalma.es\/de\/astrofest-volvera-a-situar-a-la-palma-como-referente-internacional-de-la-astronomia-y-el-astroturismo\/#primaryimage","url":"https:\/\/www.starsislandlapalma.es\/wp-content\/uploads\/2018\/02\/140218-Presentacio\u0301n-Astrofest-2.jpg","contentUrl":"https:\/\/www.starsislandlapalma.es\/wp-content\/uploads\/2018\/02\/140218-Presentacio\u0301n-Astrofest-2.jpg","width":650,"height":400},{"@type":"BreadcrumbList","@id":"https:\/\/www.starsislandlapalma.es\/de\/astrofest-volvera-a-situar-a-la-palma-como-referente-internacional-de-la-astronomia-y-el-astroturismo\/#breadcrumb","itemListElement":[{"@type":"ListItem","position":1,"name":"Portada","item":"https:\/\/www.starsislandlapalma.es\/de\/"},{"@type":"ListItem","position":2,"name":"Astrofest volver\u00e1 a situar a La Palma como referente internacional de la astronom\u00eda y el astroturismo"}]},{"@type":"WebSite","@id":"https:\/\/www.starsislandlapalma.es\/#website","url":"https:\/\/www.starsislandlapalma.es\/","name":"Stars Island La Palma","description":"La Palma, el lugar perfecto para disfrutar del universo. Primera Reserva Starlight del mundo, en 2012 se reconoce como Destino Tur\u00edstico Starlight","publisher":{"@id":"https:\/\/www.starsislandlapalma.es\/#organization"},"potentialAction":[{"@type":"SearchAction","target":{"@type":"EntryPoint","urlTemplate":"https:\/\/www.starsislandlapalma.es\/?s={search_term_string}"},"query-input":{"@type":"PropertyValueSpecification","valueRequired":true,"valueName":"search_term_string"}}],"inLanguage":"de"},{"@type":"Organization","@id":"https:\/\/www.starsislandlapalma.es\/#organization","name":"Star Island La Palma","url":"https:\/\/www.starsislandlapalma.es\/","logo":{"@type":"ImageObject","inLanguage":"de","@id":"https:\/\/www.starsislandlapalma.es\/#\/schema\/logo\/image\/","url":"https:\/\/www.starsislandlapalma.es\/wp-content\/uploads\/2022\/01\/logo_starisland.png","contentUrl":"https:\/\/www.starsislandlapalma.es\/wp-content\/uploads\/2022\/01\/logo_starisland.png","width":172,"height":139,"caption":"Star Island La Palma"},"image":{"@id":"https:\/\/www.starsislandlapalma.es\/#\/schema\/logo\/image\/"},"sameAs":["https:\/\/www.facebook.com\/pages\/Starsisland-La-Palma\/210888162375006?ref=hl","https:\/\/x.com\/starsislandlapa","https:\/\/www.pinterest.com\/astroturismo\/","https:\/\/www.youtube.com\/channel\/UCV7sju1ggcBpJG39HQCBtsA"]},{"@type":"Person","@id":"https:\/\/www.starsislandlapalma.es\/#\/schema\/person\/9043f5bd4f379ca7532bf525fa88073b","name":"Stars Island La Palma","image":{"@type":"ImageObject","inLanguage":"de","@id":"https:\/\/www.starsislandlapalma.es\/#\/schema\/person\/image\/","url":"https:\/\/secure.gravatar.com\/avatar\/214edfeae37af83662fa1058aeebfb41?s=96&d=mm&r=g","contentUrl":"https:\/\/secure.gravatar.com\/avatar\/214edfeae37af83662fa1058aeebfb41?s=96&d=mm&r=g","caption":"Stars Island La Palma"},"url":"https:\/\/www.starsislandlapalma.es\/de\/author\/star\/"}]}},"_links":{"self":[{"href":"https:\/\/www.starsislandlapalma.es\/de\/wp-json\/wp\/v2\/posts\/20915\/"}],"collection":[{"href":"https:\/\/www.starsislandlapalma.es\/de\/wp-json\/wp\/v2\/posts\/"}],"about":[{"href":"https:\/\/www.starsislandlapalma.es\/de\/wp-json\/wp\/v2\/types\/post\/"}],"author":[{"embeddable":true,"href":"https:\/\/www.starsislandlapalma.es\/de\/wp-json\/wp\/v2\/users\/1\/"}],"replies":[{"embeddable":true,"href":"https:\/\/www.starsislandlapalma.es\/de\/wp-json\/wp\/v2\/comments\/?post=20915"}],"version-history":[{"count":0,"href":"https:\/\/www.starsislandlapalma.es\/de\/wp-json\/wp\/v2\/posts\/20915\/revisions\/"}],"wp:featuredmedia":[{"embeddable":true,"href":"https:\/\/www.starsislandlapalma.es\/de\/wp-json\/wp\/v2\/media\/20912\/"}],"wp:attachment":[{"href":"https:\/\/www.starsislandlapalma.es\/de\/wp-json\/wp\/v2\/media\/?parent=20915"}],"wp:term":[{"taxonomy":"category","embeddable":true,"href":"https:\/\/www.starsislandlapalma.es\/de\/wp-json\/wp\/v2\/categories\/?post=20915"},{"taxonomy":"post_tag","embeddable":true,"href":"https:\/\/www.starsislandlapalma.es\/de\/wp-json\/wp\/v2\/tags\/?post=20915"}],"curies":[{"name":"wp","href":"https:\/\/api.w.org\/{rel}","templated":true}]}}