{"id":21073,"date":"2018-09-28T13:14:32","date_gmt":"2018-09-28T13:14:32","guid":{"rendered":"http:\/\/www.starsislandlapalma.es\/la-palma-acoge-la-reunion-del-proyecto-europeo-night-light-sobre-control-de-la-contaminacion-luminica-y-astroturismo\/"},"modified":"2018-09-28T14:02:46","modified_gmt":"2018-09-28T14:02:46","slug":"proyecto-europeo-night-light","status":"publish","type":"post","link":"https:\/\/www.starsislandlapalma.es\/de\/proyecto-europeo-night-light\/","title":{"rendered":"La Palma acoge la reuni\u00f3n del proyecto europeo \u2018Night Light\u2019 sobre control de la contaminaci\u00f3n lum\u00ednica y astroturismo"},"content":{"rendered":"<p style=\"text-align: justify;\">La Isla de La Palma ser\u00e1 sede durante la primera semana de octubre de una nueva sesi\u00f3n del programa europeo Interreg <em>Night Light,<\/em> dedicado al control de la contaminaci\u00f3n lum\u00ednica y del astroturismo. Ser\u00e1 en <em>La Isla Bonita<\/em> donde se celebre una <em>peer review<\/em> (revisi\u00f3n por pares) en la que la comisi\u00f3n t\u00e9cnica har\u00e1 una primera revisi\u00f3n de los programas que se est\u00e1n implementando en nuestra isla, tal y como se ha realizado en las otras regiones europeas de Holanda, Luxemburgo, Italia, Dinamarca, Eslovenia, Hungr\u00eda y Espa\u00f1a que toman parte en <em>Night Light<\/em>.<\/p>\n<p style=\"text-align: justify;\">\u201cDesde el comienzo de este programa, La Palma ha sido un referente para el resto de regiones europeas participantes como emplazamiento ejemplar en el control de la contaminaci\u00f3n lum\u00ednica y el desarrollo del astroturismo. Por esta raz\u00f3n estamos expectantes ante la llegada de este grupo de t\u00e9cnicos y con que sea nuestra isla el lugar donde se revise lo ejecutado hasta ahora y que se conozca el modelo de La Palma entre el resto de participantes de <em>Night Light<\/em>\u201d, se\u00f1ala la consejera de Turismo del Cabildo de La Palma, Alicia Vanoostende.<\/p>\n<p style=\"text-align: justify;\">La sesi\u00f3n del programa <em>Night Light<\/em> en La Palma prev\u00e9 reuniones de trabajo dedicadas a asuntos como el turismo astron\u00f3mico, el turismo verde y las posibilidades de dinamizaci\u00f3n econ\u00f3mica en torno al aprovechamiento de los cielos oscuros, entre otras.<\/p>\n<p style=\"text-align: justify;\">Tambi\u00e9n est\u00e1n previstas visitas guiadas a emplazamientos de inter\u00e9s para este grupo, como el Observatorio del Roque de Los Muchachos, as\u00ed como una serie de reuniones con entidades como la Reserva Mundial de la Biosfera de La Palma o la Asociaci\u00f3n para el Desarrollo Rural de La Palma (ADER).<\/p>\n","protected":false},"excerpt":{"rendered":"<p>La Isla de La Palma ser\u00e1 sede durante la primera semana de octubre de una nueva sesi\u00f3n del programa europeo Interreg Night Light, dedicado al control de la contaminaci\u00f3n lum\u00ednica y del astroturismo. Ser\u00e1 en La Isla Bonita donde se celebre una peer review (revisi\u00f3n&#8230;<\/p>\n","protected":false},"author":1,"featured_media":21074,"comment_status":"open","ping_status":"open","sticky":false,"template":"","format":"standard","meta":{"footnotes":""},"categories":[135],"tags":[509],"yoast_head":"<!-- This site is optimized with the Yoast SEO plugin v24.5 - https:\/\/yoast.com\/wordpress\/plugins\/seo\/ -->\n<title>La Palma acoge la reuni\u00f3n del proyecto europeo \u2018Night Light\u2019 sobre control de la contaminaci\u00f3n lum\u00ednica y astroturismo &#8902; Stars Island La Palma<\/title>\n<meta name=\"robots\" content=\"index, follow, max-snippet:-1, max-image-preview:large, max-video-preview:-1\" \/>\n<link rel=\"canonical\" href=\"https:\/\/www.starsislandlapalma.es\/de\/proyecto-europeo-night-light\/\" \/>\n<meta property=\"og:locale\" content=\"de_DE\" \/>\n<meta property=\"og:type\" content=\"article\" \/>\n<meta property=\"og:title\" content=\"La Palma acoge la reuni\u00f3n del proyecto europeo \u2018Night Light\u2019 sobre control de la contaminaci\u00f3n lum\u00ednica y astroturismo &#8902; Stars Island La Palma\" \/>\n<meta property=\"og:description\" content=\"La Isla de La Palma ser\u00e1 sede durante la primera semana de octubre de una nueva sesi\u00f3n del programa europeo Interreg Night Light, dedicado al control de la contaminaci\u00f3n lum\u00ednica y del astroturismo. Ser\u00e1 en La Isla Bonita donde se celebre una peer review (revisi\u00f3n...\" \/>\n<meta property=\"og:url\" content=\"https:\/\/www.starsislandlapalma.es\/de\/proyecto-europeo-night-light\/\" \/>\n<meta property=\"og:site_name\" content=\"Stars Island La Palma\" \/>\n<meta property=\"article:publisher\" content=\"https:\/\/www.facebook.com\/pages\/Starsisland-La-Palma\/210888162375006?ref=hl\" \/>\n<meta property=\"article:published_time\" content=\"2018-09-28T13:14:32+00:00\" \/>\n<meta property=\"article:modified_time\" content=\"2018-09-28T14:02:46+00:00\" \/>\n<meta property=\"og:image\" content=\"https:\/\/www.starsislandlapalma.es\/wp-content\/uploads\/2016\/11\/LUZ-DE-LUNA.jpg\" \/>\n\t<meta property=\"og:image:width\" content=\"640\" \/>\n\t<meta property=\"og:image:height\" content=\"454\" \/>\n\t<meta property=\"og:image:type\" content=\"image\/jpeg\" \/>\n<meta name=\"author\" content=\"Stars Island La Palma\" \/>\n<meta name=\"twitter:label1\" content=\"Verfasst von\" \/>\n\t<meta name=\"twitter:data1\" content=\"Stars Island La Palma\" \/>\n\t<meta name=\"twitter:label2\" content=\"Gesch\u00e4tzte Lesezeit\" \/>\n\t<meta name=\"twitter:data2\" content=\"1\u00a0Minute\" \/>\n<script type=\"application\/ld+json\" class=\"yoast-schema-graph\">{\"@context\":\"https:\/\/schema.org\",\"@graph\":[{\"@type\":\"Article\",\"@id\":\"https:\/\/www.starsislandlapalma.es\/de\/proyecto-europeo-night-light\/#article\",\"isPartOf\":{\"@id\":\"https:\/\/www.starsislandlapalma.es\/de\/proyecto-europeo-night-light\/\"},\"author\":{\"name\":\"Stars Island La Palma\",\"@id\":\"https:\/\/www.starsislandlapalma.es\/#\/schema\/person\/9043f5bd4f379ca7532bf525fa88073b\"},\"headline\":\"La Palma acoge la reuni\u00f3n del proyecto europeo \u2018Night Light\u2019 sobre control de la contaminaci\u00f3n lum\u00ednica y astroturismo\",\"datePublished\":\"2018-09-28T13:14:32+00:00\",\"dateModified\":\"2018-09-28T14:02:46+00:00\",\"mainEntityOfPage\":{\"@id\":\"https:\/\/www.starsislandlapalma.es\/de\/proyecto-europeo-night-light\/\"},\"wordCount\":316,\"commentCount\":0,\"publisher\":{\"@id\":\"https:\/\/www.starsislandlapalma.es\/#organization\"},\"image\":{\"@id\":\"https:\/\/www.starsislandlapalma.es\/de\/proyecto-europeo-night-light\/#primaryimage\"},\"thumbnailUrl\":\"https:\/\/www.starsislandlapalma.es\/wp-content\/uploads\/2016\/11\/LUZ-DE-LUNA.jpg\",\"keywords\":[\"Night Light; Astron\u00f3mico; Astroturismo\"],\"articleSection\":[\"Nachricht\"],\"inLanguage\":\"de\",\"potentialAction\":[{\"@type\":\"CommentAction\",\"name\":\"Comment\",\"target\":[\"https:\/\/www.starsislandlapalma.es\/de\/proyecto-europeo-night-light\/#respond\"]}]},{\"@type\":\"WebPage\",\"@id\":\"https:\/\/www.starsislandlapalma.es\/de\/proyecto-europeo-night-light\/\",\"url\":\"https:\/\/www.starsislandlapalma.es\/de\/proyecto-europeo-night-light\/\",\"name\":\"La Palma acoge la reuni\u00f3n del proyecto europeo \u2018Night Light\u2019 sobre control de la contaminaci\u00f3n lum\u00ednica y astroturismo &#8902; Stars Island La Palma\",\"isPartOf\":{\"@id\":\"https:\/\/www.starsislandlapalma.es\/#website\"},\"primaryImageOfPage\":{\"@id\":\"https:\/\/www.starsislandlapalma.es\/de\/proyecto-europeo-night-light\/#primaryimage\"},\"image\":{\"@id\":\"https:\/\/www.starsislandlapalma.es\/de\/proyecto-europeo-night-light\/#primaryimage\"},\"thumbnailUrl\":\"https:\/\/www.starsislandlapalma.es\/wp-content\/uploads\/2016\/11\/LUZ-DE-LUNA.jpg\",\"datePublished\":\"2018-09-28T13:14:32+00:00\",\"dateModified\":\"2018-09-28T14:02:46+00:00\",\"breadcrumb\":{\"@id\":\"https:\/\/www.starsislandlapalma.es\/de\/proyecto-europeo-night-light\/#breadcrumb\"},\"inLanguage\":\"de\",\"potentialAction\":[{\"@type\":\"ReadAction\",\"target\":[\"https:\/\/www.starsislandlapalma.es\/de\/proyecto-europeo-night-light\/\"]}]},{\"@type\":\"ImageObject\",\"inLanguage\":\"de\",\"@id\":\"https:\/\/www.starsislandlapalma.es\/de\/proyecto-europeo-night-light\/#primaryimage\",\"url\":\"https:\/\/www.starsislandlapalma.es\/wp-content\/uploads\/2016\/11\/LUZ-DE-LUNA.jpg\",\"contentUrl\":\"https:\/\/www.starsislandlapalma.es\/wp-content\/uploads\/2016\/11\/LUZ-DE-LUNA.jpg\",\"width\":640,\"height\":454},{\"@type\":\"BreadcrumbList\",\"@id\":\"https:\/\/www.starsislandlapalma.es\/de\/proyecto-europeo-night-light\/#breadcrumb\",\"itemListElement\":[{\"@type\":\"ListItem\",\"position\":1,\"name\":\"Portada\",\"item\":\"https:\/\/www.starsislandlapalma.es\/de\/\"},{\"@type\":\"ListItem\",\"position\":2,\"name\":\"La Palma acoge la reuni\u00f3n del proyecto europeo \u2018Night Light\u2019 sobre control de la contaminaci\u00f3n lum\u00ednica y astroturismo\"}]},{\"@type\":\"WebSite\",\"@id\":\"https:\/\/www.starsislandlapalma.es\/#website\",\"url\":\"https:\/\/www.starsislandlapalma.es\/\",\"name\":\"Stars Island La Palma\",\"description\":\"La Palma, el lugar perfecto para disfrutar del universo. Primera Reserva Starlight del mundo, en 2012 se reconoce como Destino Tur\u00edstico Starlight\",\"publisher\":{\"@id\":\"https:\/\/www.starsislandlapalma.es\/#organization\"},\"potentialAction\":[{\"@type\":\"SearchAction\",\"target\":{\"@type\":\"EntryPoint\",\"urlTemplate\":\"https:\/\/www.starsislandlapalma.es\/?s={search_term_string}\"},\"query-input\":{\"@type\":\"PropertyValueSpecification\",\"valueRequired\":true,\"valueName\":\"search_term_string\"}}],\"inLanguage\":\"de\"},{\"@type\":\"Organization\",\"@id\":\"https:\/\/www.starsislandlapalma.es\/#organization\",\"name\":\"Star Island La Palma\",\"url\":\"https:\/\/www.starsislandlapalma.es\/\",\"logo\":{\"@type\":\"ImageObject\",\"inLanguage\":\"de\",\"@id\":\"https:\/\/www.starsislandlapalma.es\/#\/schema\/logo\/image\/\",\"url\":\"https:\/\/www.starsislandlapalma.es\/wp-content\/uploads\/2022\/01\/logo_starisland.png\",\"contentUrl\":\"https:\/\/www.starsislandlapalma.es\/wp-content\/uploads\/2022\/01\/logo_starisland.png\",\"width\":172,\"height\":139,\"caption\":\"Star Island La Palma\"},\"image\":{\"@id\":\"https:\/\/www.starsislandlapalma.es\/#\/schema\/logo\/image\/\"},\"sameAs\":[\"https:\/\/www.facebook.com\/pages\/Starsisland-La-Palma\/210888162375006?ref=hl\",\"https:\/\/x.com\/starsislandlapa\",\"https:\/\/www.pinterest.com\/astroturismo\/\",\"https:\/\/www.youtube.com\/channel\/UCV7sju1ggcBpJG39HQCBtsA\"]},{\"@type\":\"Person\",\"@id\":\"https:\/\/www.starsislandlapalma.es\/#\/schema\/person\/9043f5bd4f379ca7532bf525fa88073b\",\"name\":\"Stars Island La Palma\",\"image\":{\"@type\":\"ImageObject\",\"inLanguage\":\"de\",\"@id\":\"https:\/\/www.starsislandlapalma.es\/#\/schema\/person\/image\/\",\"url\":\"https:\/\/secure.gravatar.com\/avatar\/214edfeae37af83662fa1058aeebfb41?s=96&d=mm&r=g\",\"contentUrl\":\"https:\/\/secure.gravatar.com\/avatar\/214edfeae37af83662fa1058aeebfb41?s=96&d=mm&r=g\",\"caption\":\"Stars Island La Palma\"},\"url\":\"https:\/\/www.starsislandlapalma.es\/de\/author\/star\/\"}]}<\/script>\n<!-- \/ Yoast SEO plugin. -->","yoast_head_json":{"title":"La Palma acoge la reuni\u00f3n del proyecto europeo \u2018Night Light\u2019 sobre control de la contaminaci\u00f3n lum\u00ednica y astroturismo &#8902; Stars Island La Palma","robots":{"index":"index","follow":"follow","max-snippet":"max-snippet:-1","max-image-preview":"max-image-preview:large","max-video-preview":"max-video-preview:-1"},"canonical":"https:\/\/www.starsislandlapalma.es\/de\/proyecto-europeo-night-light\/","og_locale":"de_DE","og_type":"article","og_title":"La Palma acoge la reuni\u00f3n del proyecto europeo \u2018Night Light\u2019 sobre control de la contaminaci\u00f3n lum\u00ednica y astroturismo &#8902; Stars Island La Palma","og_description":"La Isla de La Palma ser\u00e1 sede durante la primera semana de octubre de una nueva sesi\u00f3n del programa europeo Interreg Night Light, dedicado al control de la contaminaci\u00f3n lum\u00ednica y del astroturismo. Ser\u00e1 en La Isla Bonita donde se celebre una peer review (revisi\u00f3n...","og_url":"https:\/\/www.starsislandlapalma.es\/de\/proyecto-europeo-night-light\/","og_site_name":"Stars Island La Palma","article_publisher":"https:\/\/www.facebook.com\/pages\/Starsisland-La-Palma\/210888162375006?ref=hl","article_published_time":"2018-09-28T13:14:32+00:00","article_modified_time":"2018-09-28T14:02:46+00:00","og_image":[{"width":640,"height":454,"url":"https:\/\/www.starsislandlapalma.es\/wp-content\/uploads\/2016\/11\/LUZ-DE-LUNA.jpg","type":"image\/jpeg"}],"author":"Stars Island La Palma","twitter_misc":{"Verfasst von":"Stars Island La Palma","Gesch\u00e4tzte Lesezeit":"1\u00a0Minute"},"schema":{"@context":"https:\/\/schema.org","@graph":[{"@type":"Article","@id":"https:\/\/www.starsislandlapalma.es\/de\/proyecto-europeo-night-light\/#article","isPartOf":{"@id":"https:\/\/www.starsislandlapalma.es\/de\/proyecto-europeo-night-light\/"},"author":{"name":"Stars Island La Palma","@id":"https:\/\/www.starsislandlapalma.es\/#\/schema\/person\/9043f5bd4f379ca7532bf525fa88073b"},"headline":"La Palma acoge la reuni\u00f3n del proyecto europeo \u2018Night Light\u2019 sobre control de la contaminaci\u00f3n lum\u00ednica y astroturismo","datePublished":"2018-09-28T13:14:32+00:00","dateModified":"2018-09-28T14:02:46+00:00","mainEntityOfPage":{"@id":"https:\/\/www.starsislandlapalma.es\/de\/proyecto-europeo-night-light\/"},"wordCount":316,"commentCount":0,"publisher":{"@id":"https:\/\/www.starsislandlapalma.es\/#organization"},"image":{"@id":"https:\/\/www.starsislandlapalma.es\/de\/proyecto-europeo-night-light\/#primaryimage"},"thumbnailUrl":"https:\/\/www.starsislandlapalma.es\/wp-content\/uploads\/2016\/11\/LUZ-DE-LUNA.jpg","keywords":["Night Light; Astron\u00f3mico; Astroturismo"],"articleSection":["Nachricht"],"inLanguage":"de","potentialAction":[{"@type":"CommentAction","name":"Comment","target":["https:\/\/www.starsislandlapalma.es\/de\/proyecto-europeo-night-light\/#respond"]}]},{"@type":"WebPage","@id":"https:\/\/www.starsislandlapalma.es\/de\/proyecto-europeo-night-light\/","url":"https:\/\/www.starsislandlapalma.es\/de\/proyecto-europeo-night-light\/","name":"La Palma acoge la reuni\u00f3n del proyecto europeo \u2018Night Light\u2019 sobre control de la contaminaci\u00f3n lum\u00ednica y astroturismo &#8902; Stars Island La Palma","isPartOf":{"@id":"https:\/\/www.starsislandlapalma.es\/#website"},"primaryImageOfPage":{"@id":"https:\/\/www.starsislandlapalma.es\/de\/proyecto-europeo-night-light\/#primaryimage"},"image":{"@id":"https:\/\/www.starsislandlapalma.es\/de\/proyecto-europeo-night-light\/#primaryimage"},"thumbnailUrl":"https:\/\/www.starsislandlapalma.es\/wp-content\/uploads\/2016\/11\/LUZ-DE-LUNA.jpg","datePublished":"2018-09-28T13:14:32+00:00","dateModified":"2018-09-28T14:02:46+00:00","breadcrumb":{"@id":"https:\/\/www.starsislandlapalma.es\/de\/proyecto-europeo-night-light\/#breadcrumb"},"inLanguage":"de","potentialAction":[{"@type":"ReadAction","target":["https:\/\/www.starsislandlapalma.es\/de\/proyecto-europeo-night-light\/"]}]},{"@type":"ImageObject","inLanguage":"de","@id":"https:\/\/www.starsislandlapalma.es\/de\/proyecto-europeo-night-light\/#primaryimage","url":"https:\/\/www.starsislandlapalma.es\/wp-content\/uploads\/2016\/11\/LUZ-DE-LUNA.jpg","contentUrl":"https:\/\/www.starsislandlapalma.es\/wp-content\/uploads\/2016\/11\/LUZ-DE-LUNA.jpg","width":640,"height":454},{"@type":"BreadcrumbList","@id":"https:\/\/www.starsislandlapalma.es\/de\/proyecto-europeo-night-light\/#breadcrumb","itemListElement":[{"@type":"ListItem","position":1,"name":"Portada","item":"https:\/\/www.starsislandlapalma.es\/de\/"},{"@type":"ListItem","position":2,"name":"La Palma acoge la reuni\u00f3n del proyecto europeo \u2018Night Light\u2019 sobre control de la contaminaci\u00f3n lum\u00ednica y astroturismo"}]},{"@type":"WebSite","@id":"https:\/\/www.starsislandlapalma.es\/#website","url":"https:\/\/www.starsislandlapalma.es\/","name":"Stars Island La Palma","description":"La Palma, el lugar perfecto para disfrutar del universo. Primera Reserva Starlight del mundo, en 2012 se reconoce como Destino Tur\u00edstico Starlight","publisher":{"@id":"https:\/\/www.starsislandlapalma.es\/#organization"},"potentialAction":[{"@type":"SearchAction","target":{"@type":"EntryPoint","urlTemplate":"https:\/\/www.starsislandlapalma.es\/?s={search_term_string}"},"query-input":{"@type":"PropertyValueSpecification","valueRequired":true,"valueName":"search_term_string"}}],"inLanguage":"de"},{"@type":"Organization","@id":"https:\/\/www.starsislandlapalma.es\/#organization","name":"Star Island La Palma","url":"https:\/\/www.starsislandlapalma.es\/","logo":{"@type":"ImageObject","inLanguage":"de","@id":"https:\/\/www.starsislandlapalma.es\/#\/schema\/logo\/image\/","url":"https:\/\/www.starsislandlapalma.es\/wp-content\/uploads\/2022\/01\/logo_starisland.png","contentUrl":"https:\/\/www.starsislandlapalma.es\/wp-content\/uploads\/2022\/01\/logo_starisland.png","width":172,"height":139,"caption":"Star Island La Palma"},"image":{"@id":"https:\/\/www.starsislandlapalma.es\/#\/schema\/logo\/image\/"},"sameAs":["https:\/\/www.facebook.com\/pages\/Starsisland-La-Palma\/210888162375006?ref=hl","https:\/\/x.com\/starsislandlapa","https:\/\/www.pinterest.com\/astroturismo\/","https:\/\/www.youtube.com\/channel\/UCV7sju1ggcBpJG39HQCBtsA"]},{"@type":"Person","@id":"https:\/\/www.starsislandlapalma.es\/#\/schema\/person\/9043f5bd4f379ca7532bf525fa88073b","name":"Stars Island La Palma","image":{"@type":"ImageObject","inLanguage":"de","@id":"https:\/\/www.starsislandlapalma.es\/#\/schema\/person\/image\/","url":"https:\/\/secure.gravatar.com\/avatar\/214edfeae37af83662fa1058aeebfb41?s=96&d=mm&r=g","contentUrl":"https:\/\/secure.gravatar.com\/avatar\/214edfeae37af83662fa1058aeebfb41?s=96&d=mm&r=g","caption":"Stars Island La Palma"},"url":"https:\/\/www.starsislandlapalma.es\/de\/author\/star\/"}]}},"_links":{"self":[{"href":"https:\/\/www.starsislandlapalma.es\/de\/wp-json\/wp\/v2\/posts\/21073\/"}],"collection":[{"href":"https:\/\/www.starsislandlapalma.es\/de\/wp-json\/wp\/v2\/posts\/"}],"about":[{"href":"https:\/\/www.starsislandlapalma.es\/de\/wp-json\/wp\/v2\/types\/post\/"}],"author":[{"embeddable":true,"href":"https:\/\/www.starsislandlapalma.es\/de\/wp-json\/wp\/v2\/users\/1\/"}],"replies":[{"embeddable":true,"href":"https:\/\/www.starsislandlapalma.es\/de\/wp-json\/wp\/v2\/comments\/?post=21073"}],"version-history":[{"count":0,"href":"https:\/\/www.starsislandlapalma.es\/de\/wp-json\/wp\/v2\/posts\/21073\/revisions\/"}],"wp:featuredmedia":[{"embeddable":true,"href":"https:\/\/www.starsislandlapalma.es\/de\/wp-json\/wp\/v2\/media\/21074\/"}],"wp:attachment":[{"href":"https:\/\/www.starsislandlapalma.es\/de\/wp-json\/wp\/v2\/media\/?parent=21073"}],"wp:term":[{"taxonomy":"category","embeddable":true,"href":"https:\/\/www.starsislandlapalma.es\/de\/wp-json\/wp\/v2\/categories\/?post=21073"},{"taxonomy":"post_tag","embeddable":true,"href":"https:\/\/www.starsislandlapalma.es\/de\/wp-json\/wp\/v2\/tags\/?post=21073"}],"curies":[{"name":"wp","href":"https:\/\/api.w.org\/{rel}","templated":true}]}}