{"id":22349,"date":"2021-05-21T11:51:18","date_gmt":"2021-05-21T11:51:18","guid":{"rendered":"https:\/\/www.starsislandlapalma.es\/el-festivalito-la-palma-proyecta-esta-noche-su-maraton-de-cortos-admitidos-en-esta-edicion-de-la-palma-rueda\/"},"modified":"2021-05-25T12:54:13","modified_gmt":"2021-05-25T12:54:13","slug":"el-festivalito-la-palma-proyecta-esta-noche-su-maraton-de-cortos-admitidos-en-esta-edicion-de-la-palma-rueda","status":"publish","type":"post","link":"https:\/\/www.starsislandlapalma.es\/de\/el-festivalito-la-palma-proyecta-esta-noche-su-maraton-de-cortos-admitidos-en-esta-edicion-de-la-palma-rueda\/","title":{"rendered":"El Festivalito La Palma proyecta esta noche su Marat\u00f3n de Cortos admitidos en esta edici\u00f3n de La Palma Rueda"},"content":{"rendered":"<blockquote>\n<p style=\"text-align: justify;\">Los directores participantes tienen hasta hoy a las 13:30 horas para entregar los cortos a concurso en la Plaza Juan Pablo II de Los Llanos de Aridane<\/p>\n<p style=\"text-align: justify;\">A las 16:00 horas, empezar\u00e1 la proyecci\u00f3n de los cortos de la categor\u00eda Lyra y a las 20:30, los de la categor\u00eda Andr\u00f3meda en los multicines Millenium de Los Llanos<\/p>\n<p style=\"text-align: justify;\">Los cortos finalistas se proyectar\u00e1n ma\u00f1ana viernes en la ceremonia de clausura, donde se conocer\u00e1 el nombre de los cortos m\u00e1s destacados de esta edici\u00f3n<\/p>\n<\/blockquote>\n<p style=\"text-align: justify;\">La XVI edici\u00f3n del Festivalito La Palma-Festival de Cine de las Estrellas llega a su recta final con la proyecci\u00f3n, durante la tarde y noche de hoy en los multicines Milenium de Los Llanos de Aridane, de todos los cortometrajes rodados durante esta semana de convivencia cinematogr\u00e1fica de los participantes en la Palma Rueda.<\/p>\n<p style=\"text-align: justify;\">La organizaci\u00f3n espera que se entreguen entre 140 y 150, una cifra superior al dato del a\u00f1o pasado. P\u00fablico y jurado podr\u00e1n verlos todos a partir de las 16:00 horas en una marat\u00f3n que se prolongar\u00e1 hasta las 00:30 horas. M\u00e1s de ocho horas de pel\u00edculas que podr\u00e1n verse en dos pases. De 16:00 a 20:00 horas, se proyectar\u00e1n los cortos de la categor\u00eda Lyra (participantes noveles y no profesionales); mientras que a partir de las 20:30 horas, lo har\u00e1n los cortos presentados en la categor\u00eda Andr\u00f3meda (para directores con experiencia que ya han participado en festivales).<\/p>\n<p style=\"text-align: justify;\">El jurado de este a\u00f1o, que valorar\u00e1 los cortometrajes a concurso, est\u00e1 formado por Sonia Bautista Alarc\u00f3n, codirectora del Festival de Cine de Madrid y presidenta de la Plataforma de Nuevos Realizadores; Jos\u00e9 Alay\u00f3n, cineasta y productor en El Viaje Films; Marina Gonz\u00e1lez, productora de El Viaje Films; Alba Gonz\u00e1lez de Molina, cineasta; Daniel Mendoza, cineasta, productor y dise\u00f1ador de Sonido en Mendo Pro Audio, y Benjam\u00edn Reyes, guionista y periodista. Se entregar\u00e1n 12 galardones o Estrellas a los trabajos m\u00e1s destacados: Estrella del p\u00fablico al cortometraje m\u00e1s destacado \u2018Premio Miguel Brito\u2019, Estrella del jurado al cortometraje m\u00e1s destacado de La Palma Rueda Andr\u00f3meda, Estrella del jurado al cortometraje m\u00e1s destacado de La Palma Rueda Lyra \u2018Premio Roberto Rodr\u00edguez\u2019, Estrella del jurado a la actriz m\u00e1s destacada \u2018Premio Pilar Rey\u2019, Estrella del jurado al actor m\u00e1s destacado, Estrella del jurado a la fotograf\u00eda m\u00e1s destacada, Estrella del jurado al sonido m\u00e1s destacado, Estrella del jurado a la m\u00fasica original m\u00e1s destacada, Premio especial a la distribuci\u00f3n Digital 104, Premio especial Cielo Estrellado de la Palma, Premio especial Arco Iris Love Festival y Premio especial Reserva de la Biosfera.<\/p>\n<p style=\"text-align: justify;\"><strong>Plat\u00f3 natural<\/strong><\/p>\n<p style=\"text-align: justify;\">Entre la multitud de rodajes que se han llevado a cabo estos d\u00edas en los paisajes de la Isla Bonita, convirti\u00e9ndola en un plat\u00f3 natural, han participado t\u00e9cnicos de todas las especialidades necesarias para una producci\u00f3n audiovisual como maquilladores o sonidistas. Es el caso de Tom\u00e1s Luis-Ravelo, sonidista tinerfe\u00f1o que acude por primera vez al Festivalito La Palma. \u201cMi idea era venir a hacer un corto con unos amigos pero, una vez aqu\u00ed, empiezas a conocer gente y, al final, he participado en tres cortos m\u00e1s\u201d. En su cortometraje, que ya ha entregado, ha hecho de todo, gui\u00f3n, sonido, edici\u00f3n de v\u00eddeo y eso es una de las cosas que m\u00e1s valora de La Palma Rueda que \u201ctienes que improvisar y hacer lo que puedas con lo que tienes. Para m\u00ed, est\u00e1 siendo una experiencia muy intensa, de mucho trabajo pero estoy encantado con el ambiente y sobre todo, por estar con gente que le gusta lo mismo que a ti y con la que puedes intercambiar conocimientos y experiencias\u201d, agrega el sonidista que ya ha trabajado en conciertos y publicidad.<\/p>\n<p style=\"text-align: justify;\">La misma experiencia la est\u00e1 viviendo Melany Garc\u00eda, estudiante del Instituto de Cine de Canarias que ha venido con otra compa\u00f1era contratada por la productora IM Producciones para trabajar como maquilladora en sus cortometrajes. Melany que estudia maquillaje, peluquer\u00eda y caracterizaci\u00f3n de cine, es la primera vez que viene al Festivalito La Palma y define la experiencia como muy interesante y enriquecedora. \u201cAqu\u00ed los tiempos son distintos, se trabaja de otra manera, m\u00e1s r\u00e1pida. Lo que he hecho aqu\u00ed han sido, sobre todo, maquillajes naturales\u201d, explica la joven maquilladora.<\/p>\n<p style=\"text-align: justify;\">Otro punto de vista lo ofrece la actriz Nadia de Santiago, que ven\u00eda a presentar su pel\u00edcula \u2018Ali\u2019 y reconoce no haber podido evitar el gusanillo y ha aceptado rodar un corto para el director Juanjo Neris. \u201c No he podido resistirme a la citaci\u00f3n de rodaje. Este formato tan innovador, de rodar cortos con tanto poco tiempo, es irresistible. Con solo unas pautas del director, la idea de lo que queremos transmitir y lo surja\u2026\u201d Por su parte, Juanjo Neris es uno de los incondicionales del Festivalito La Palma, en el que lleva participando desde 2007.<\/p>\n<p style=\"text-align: justify;\"><strong>Gala de clausura<\/strong><\/p>\n<p style=\"text-align: justify;\">Y el s\u00e1bado a las 19:00 horas, la Plaza de Espa\u00f1a de Los Llanos de Aridane pondr\u00e1 el punto final a esta edici\u00f3n del Festivalito La Palma con la ceremonia de clausura. La recaudaci\u00f3n de la entrada para esta gala al precio simb\u00f3lico de un euro y los beneficios de las ventas de camisetas, se donar\u00e1 \u00edntegramente a la asociaci\u00f3n Meraki La Palma para el desarrollo pleno de la infancia a trav\u00e9s de la asistencia, la formaci\u00f3n y el soporte de los ni\u00f1os y las familias.<\/p>\n<p style=\"text-align: justify;\">Luifer Rodr\u00edguez y Kike P\u00e9rez ser\u00e1n los encargados de presentar esta gala que contar\u00e1, adem\u00e1s, con la actuaci\u00f3n del reconocido chelista canario \u00c1ngel Luis Quintana, solista de la Orquesta Nacional de Espa\u00f1a. Durante la ceremonia de clausura, se proyectar\u00e1n los cortos finalistas de La Palma Rueda y al final de la gala, se proceder\u00e1 a la entrega de los premios Estrella a los m\u00e1s destacados en las diferentes categor\u00edas. De esta manera, se pondr\u00e1 el broche de oro a la XVI edici\u00f3n del Festivalito La Palma &#8211; Festival de las Estrellas que, un a\u00f1o m\u00e1s ha convertido a La Palma en el punto de mira internacional como un festival distinto, en el que, adem\u00e1s de ver cine, se hace cine y se vive una experiencia que los participantes coinciden en definir como \u00fanica.<\/p>\n<p style=\"text-align: justify;\">El Festivalito La Palma est\u00e1 organizado por la productora Chukumi Studio. Su m\u00e1ximo impulsor es el Cabildo de La Palma, a trav\u00e9s de la Consejer\u00eda Cultura y Patrimonio Hist\u00f3rico y de la Consejer\u00eda de Turismo. Es tambi\u00e9n patrocinador del certamen el Gobierno de Canarias a trav\u00e9s del Instituto Canario de Desarrollo Cultural y de Promotur, as\u00ed como el Ayuntamiento de Los Llanos de Aridane y el Ayuntamiento de El Paso. Adem\u00e1s, cuenta con el patrocinio y colaboraci\u00f3n de diferentes empresas como Cajamar, Universidad del Atl\u00e1ntico Medio, Digital 104, Autos Oasis, Viajes insular, Fundaci\u00f3n Cajamar, Isla Bonita Love Festival, Fundaci\u00f3n Canaria Reserva Mundial de la Biosfera de La Palma, Plataforma Nuevos Realizadores, entre otros.<\/p>\n","protected":false},"excerpt":{"rendered":"<p>Los directores participantes tienen hasta hoy a las 13:30 horas para entregar los cortos a concurso en la Plaza Juan Pablo II de Los Llanos de Aridane A las 16:00 horas, empezar\u00e1 la proyecci\u00f3n de los cortos de la categor\u00eda Lyra y a las 20:30,&#8230;<\/p>\n","protected":false},"author":4,"featured_media":22327,"comment_status":"open","ping_status":"open","sticky":false,"template":"","format":"standard","meta":{"footnotes":""},"categories":[135],"tags":[284],"yoast_head":"<!-- This site is optimized with the Yoast SEO plugin v24.5 - https:\/\/yoast.com\/wordpress\/plugins\/seo\/ -->\n<title>El Festivalito La Palma proyecta esta noche su Marat\u00f3n de Cortos admitidos en esta edici\u00f3n de La Palma Rueda &#8902; Stars Island La Palma<\/title>\n<meta name=\"robots\" content=\"index, follow, max-snippet:-1, max-image-preview:large, max-video-preview:-1\" \/>\n<link rel=\"canonical\" href=\"https:\/\/www.starsislandlapalma.es\/de\/el-festivalito-la-palma-proyecta-esta-noche-su-maraton-de-cortos-admitidos-en-esta-edicion-de-la-palma-rueda\/\" \/>\n<meta property=\"og:locale\" content=\"de_DE\" \/>\n<meta property=\"og:type\" content=\"article\" \/>\n<meta property=\"og:title\" content=\"El Festivalito La Palma proyecta esta noche su Marat\u00f3n de Cortos admitidos en esta edici\u00f3n de La Palma Rueda &#8902; Stars Island La Palma\" \/>\n<meta property=\"og:description\" content=\"Los directores participantes tienen hasta hoy a las 13:30 horas para entregar los cortos a concurso en la Plaza Juan Pablo II de Los Llanos de Aridane A las 16:00 horas, empezar\u00e1 la proyecci\u00f3n de los cortos de la categor\u00eda Lyra y a las 20:30,...\" \/>\n<meta property=\"og:url\" content=\"https:\/\/www.starsislandlapalma.es\/de\/el-festivalito-la-palma-proyecta-esta-noche-su-maraton-de-cortos-admitidos-en-esta-edicion-de-la-palma-rueda\/\" \/>\n<meta property=\"og:site_name\" content=\"Stars Island La Palma\" \/>\n<meta property=\"article:publisher\" content=\"https:\/\/www.facebook.com\/pages\/Starsisland-La-Palma\/210888162375006?ref=hl\" \/>\n<meta property=\"article:published_time\" content=\"2021-05-21T11:51:18+00:00\" \/>\n<meta property=\"article:modified_time\" content=\"2021-05-25T12:54:13+00:00\" \/>\n<meta property=\"og:image\" content=\"https:\/\/www.starsislandlapalma.es\/wp-content\/uploads\/2021\/05\/Rodaje-Festivalito.jpeg\" \/>\n\t<meta property=\"og:image:width\" content=\"1600\" \/>\n\t<meta property=\"og:image:height\" content=\"1200\" \/>\n\t<meta property=\"og:image:type\" content=\"image\/jpeg\" \/>\n<meta name=\"author\" content=\"StarsIsland\" \/>\n<meta name=\"twitter:label1\" content=\"Verfasst von\" \/>\n\t<meta name=\"twitter:data1\" content=\"StarsIsland\" \/>\n\t<meta name=\"twitter:label2\" content=\"Gesch\u00e4tzte Lesezeit\" \/>\n\t<meta name=\"twitter:data2\" content=\"6\u00a0Minuten\" \/>\n<script type=\"application\/ld+json\" class=\"yoast-schema-graph\">{\"@context\":\"https:\/\/schema.org\",\"@graph\":[{\"@type\":\"Article\",\"@id\":\"https:\/\/www.starsislandlapalma.es\/de\/el-festivalito-la-palma-proyecta-esta-noche-su-maraton-de-cortos-admitidos-en-esta-edicion-de-la-palma-rueda\/#article\",\"isPartOf\":{\"@id\":\"https:\/\/www.starsislandlapalma.es\/de\/el-festivalito-la-palma-proyecta-esta-noche-su-maraton-de-cortos-admitidos-en-esta-edicion-de-la-palma-rueda\/\"},\"author\":{\"name\":\"StarsIsland\",\"@id\":\"https:\/\/www.starsislandlapalma.es\/#\/schema\/person\/d2618b46c3dc5c031ddd56a658f9ab25\"},\"headline\":\"El Festivalito La Palma proyecta esta noche su Marat\u00f3n de Cortos admitidos en esta edici\u00f3n de La Palma Rueda\",\"datePublished\":\"2021-05-21T11:51:18+00:00\",\"dateModified\":\"2021-05-25T12:54:13+00:00\",\"mainEntityOfPage\":{\"@id\":\"https:\/\/www.starsislandlapalma.es\/de\/el-festivalito-la-palma-proyecta-esta-noche-su-maraton-de-cortos-admitidos-en-esta-edicion-de-la-palma-rueda\/\"},\"wordCount\":1231,\"commentCount\":0,\"publisher\":{\"@id\":\"https:\/\/www.starsislandlapalma.es\/#organization\"},\"image\":{\"@id\":\"https:\/\/www.starsislandlapalma.es\/de\/el-festivalito-la-palma-proyecta-esta-noche-su-maraton-de-cortos-admitidos-en-esta-edicion-de-la-palma-rueda\/#primaryimage\"},\"thumbnailUrl\":\"https:\/\/www.starsislandlapalma.es\/wp-content\/uploads\/2021\/05\/Rodaje-Festivalito.jpeg\",\"keywords\":[\"Festivalito La Palma\"],\"articleSection\":[\"Nachricht\"],\"inLanguage\":\"de\",\"potentialAction\":[{\"@type\":\"CommentAction\",\"name\":\"Comment\",\"target\":[\"https:\/\/www.starsislandlapalma.es\/de\/el-festivalito-la-palma-proyecta-esta-noche-su-maraton-de-cortos-admitidos-en-esta-edicion-de-la-palma-rueda\/#respond\"]}]},{\"@type\":\"WebPage\",\"@id\":\"https:\/\/www.starsislandlapalma.es\/de\/el-festivalito-la-palma-proyecta-esta-noche-su-maraton-de-cortos-admitidos-en-esta-edicion-de-la-palma-rueda\/\",\"url\":\"https:\/\/www.starsislandlapalma.es\/de\/el-festivalito-la-palma-proyecta-esta-noche-su-maraton-de-cortos-admitidos-en-esta-edicion-de-la-palma-rueda\/\",\"name\":\"El Festivalito La Palma proyecta esta noche su Marat\u00f3n de Cortos admitidos en esta edici\u00f3n de La Palma Rueda &#8902; Stars Island La Palma\",\"isPartOf\":{\"@id\":\"https:\/\/www.starsislandlapalma.es\/#website\"},\"primaryImageOfPage\":{\"@id\":\"https:\/\/www.starsislandlapalma.es\/de\/el-festivalito-la-palma-proyecta-esta-noche-su-maraton-de-cortos-admitidos-en-esta-edicion-de-la-palma-rueda\/#primaryimage\"},\"image\":{\"@id\":\"https:\/\/www.starsislandlapalma.es\/de\/el-festivalito-la-palma-proyecta-esta-noche-su-maraton-de-cortos-admitidos-en-esta-edicion-de-la-palma-rueda\/#primaryimage\"},\"thumbnailUrl\":\"https:\/\/www.starsislandlapalma.es\/wp-content\/uploads\/2021\/05\/Rodaje-Festivalito.jpeg\",\"datePublished\":\"2021-05-21T11:51:18+00:00\",\"dateModified\":\"2021-05-25T12:54:13+00:00\",\"breadcrumb\":{\"@id\":\"https:\/\/www.starsislandlapalma.es\/de\/el-festivalito-la-palma-proyecta-esta-noche-su-maraton-de-cortos-admitidos-en-esta-edicion-de-la-palma-rueda\/#breadcrumb\"},\"inLanguage\":\"de\",\"potentialAction\":[{\"@type\":\"ReadAction\",\"target\":[\"https:\/\/www.starsislandlapalma.es\/de\/el-festivalito-la-palma-proyecta-esta-noche-su-maraton-de-cortos-admitidos-en-esta-edicion-de-la-palma-rueda\/\"]}]},{\"@type\":\"ImageObject\",\"inLanguage\":\"de\",\"@id\":\"https:\/\/www.starsislandlapalma.es\/de\/el-festivalito-la-palma-proyecta-esta-noche-su-maraton-de-cortos-admitidos-en-esta-edicion-de-la-palma-rueda\/#primaryimage\",\"url\":\"https:\/\/www.starsislandlapalma.es\/wp-content\/uploads\/2021\/05\/Rodaje-Festivalito.jpeg\",\"contentUrl\":\"https:\/\/www.starsislandlapalma.es\/wp-content\/uploads\/2021\/05\/Rodaje-Festivalito.jpeg\",\"width\":1600,\"height\":1200},{\"@type\":\"BreadcrumbList\",\"@id\":\"https:\/\/www.starsislandlapalma.es\/de\/el-festivalito-la-palma-proyecta-esta-noche-su-maraton-de-cortos-admitidos-en-esta-edicion-de-la-palma-rueda\/#breadcrumb\",\"itemListElement\":[{\"@type\":\"ListItem\",\"position\":1,\"name\":\"Portada\",\"item\":\"https:\/\/www.starsislandlapalma.es\/de\/\"},{\"@type\":\"ListItem\",\"position\":2,\"name\":\"El Festivalito La Palma proyecta esta noche su Marat\u00f3n de Cortos admitidos en esta edici\u00f3n de La Palma Rueda\"}]},{\"@type\":\"WebSite\",\"@id\":\"https:\/\/www.starsislandlapalma.es\/#website\",\"url\":\"https:\/\/www.starsislandlapalma.es\/\",\"name\":\"Stars Island La Palma\",\"description\":\"La Palma, el lugar perfecto para disfrutar del universo. Primera Reserva Starlight del mundo, en 2012 se reconoce como Destino Tur\u00edstico Starlight\",\"publisher\":{\"@id\":\"https:\/\/www.starsislandlapalma.es\/#organization\"},\"potentialAction\":[{\"@type\":\"SearchAction\",\"target\":{\"@type\":\"EntryPoint\",\"urlTemplate\":\"https:\/\/www.starsislandlapalma.es\/?s={search_term_string}\"},\"query-input\":{\"@type\":\"PropertyValueSpecification\",\"valueRequired\":true,\"valueName\":\"search_term_string\"}}],\"inLanguage\":\"de\"},{\"@type\":\"Organization\",\"@id\":\"https:\/\/www.starsislandlapalma.es\/#organization\",\"name\":\"Star Island La Palma\",\"url\":\"https:\/\/www.starsislandlapalma.es\/\",\"logo\":{\"@type\":\"ImageObject\",\"inLanguage\":\"de\",\"@id\":\"https:\/\/www.starsislandlapalma.es\/#\/schema\/logo\/image\/\",\"url\":\"https:\/\/www.starsislandlapalma.es\/wp-content\/uploads\/2022\/01\/logo_starisland.png\",\"contentUrl\":\"https:\/\/www.starsislandlapalma.es\/wp-content\/uploads\/2022\/01\/logo_starisland.png\",\"width\":172,\"height\":139,\"caption\":\"Star Island La Palma\"},\"image\":{\"@id\":\"https:\/\/www.starsislandlapalma.es\/#\/schema\/logo\/image\/\"},\"sameAs\":[\"https:\/\/www.facebook.com\/pages\/Starsisland-La-Palma\/210888162375006?ref=hl\",\"https:\/\/x.com\/starsislandlapa\",\"https:\/\/www.pinterest.com\/astroturismo\/\",\"https:\/\/www.youtube.com\/channel\/UCV7sju1ggcBpJG39HQCBtsA\"]},{\"@type\":\"Person\",\"@id\":\"https:\/\/www.starsislandlapalma.es\/#\/schema\/person\/d2618b46c3dc5c031ddd56a658f9ab25\",\"name\":\"StarsIsland\",\"image\":{\"@type\":\"ImageObject\",\"inLanguage\":\"de\",\"@id\":\"https:\/\/www.starsislandlapalma.es\/#\/schema\/person\/image\/\",\"url\":\"https:\/\/secure.gravatar.com\/avatar\/30a35f2b7b8f976566433f1ab7d6402f?s=96&d=mm&r=g\",\"contentUrl\":\"https:\/\/secure.gravatar.com\/avatar\/30a35f2b7b8f976566433f1ab7d6402f?s=96&d=mm&r=g\",\"caption\":\"StarsIsland\"},\"url\":\"https:\/\/www.starsislandlapalma.es\/de\/author\/starsisland\/\"}]}<\/script>\n<!-- \/ Yoast SEO plugin. -->","yoast_head_json":{"title":"El Festivalito La Palma proyecta esta noche su Marat\u00f3n de Cortos admitidos en esta edici\u00f3n de La Palma Rueda &#8902; Stars Island La Palma","robots":{"index":"index","follow":"follow","max-snippet":"max-snippet:-1","max-image-preview":"max-image-preview:large","max-video-preview":"max-video-preview:-1"},"canonical":"https:\/\/www.starsislandlapalma.es\/de\/el-festivalito-la-palma-proyecta-esta-noche-su-maraton-de-cortos-admitidos-en-esta-edicion-de-la-palma-rueda\/","og_locale":"de_DE","og_type":"article","og_title":"El Festivalito La Palma proyecta esta noche su Marat\u00f3n de Cortos admitidos en esta edici\u00f3n de La Palma Rueda &#8902; Stars Island La Palma","og_description":"Los directores participantes tienen hasta hoy a las 13:30 horas para entregar los cortos a concurso en la Plaza Juan Pablo II de Los Llanos de Aridane A las 16:00 horas, empezar\u00e1 la proyecci\u00f3n de los cortos de la categor\u00eda Lyra y a las 20:30,...","og_url":"https:\/\/www.starsislandlapalma.es\/de\/el-festivalito-la-palma-proyecta-esta-noche-su-maraton-de-cortos-admitidos-en-esta-edicion-de-la-palma-rueda\/","og_site_name":"Stars Island La Palma","article_publisher":"https:\/\/www.facebook.com\/pages\/Starsisland-La-Palma\/210888162375006?ref=hl","article_published_time":"2021-05-21T11:51:18+00:00","article_modified_time":"2021-05-25T12:54:13+00:00","og_image":[{"width":1600,"height":1200,"url":"https:\/\/www.starsislandlapalma.es\/wp-content\/uploads\/2021\/05\/Rodaje-Festivalito.jpeg","type":"image\/jpeg"}],"author":"StarsIsland","twitter_misc":{"Verfasst von":"StarsIsland","Gesch\u00e4tzte Lesezeit":"6\u00a0Minuten"},"schema":{"@context":"https:\/\/schema.org","@graph":[{"@type":"Article","@id":"https:\/\/www.starsislandlapalma.es\/de\/el-festivalito-la-palma-proyecta-esta-noche-su-maraton-de-cortos-admitidos-en-esta-edicion-de-la-palma-rueda\/#article","isPartOf":{"@id":"https:\/\/www.starsislandlapalma.es\/de\/el-festivalito-la-palma-proyecta-esta-noche-su-maraton-de-cortos-admitidos-en-esta-edicion-de-la-palma-rueda\/"},"author":{"name":"StarsIsland","@id":"https:\/\/www.starsislandlapalma.es\/#\/schema\/person\/d2618b46c3dc5c031ddd56a658f9ab25"},"headline":"El Festivalito La Palma proyecta esta noche su Marat\u00f3n de Cortos admitidos en esta edici\u00f3n de La Palma Rueda","datePublished":"2021-05-21T11:51:18+00:00","dateModified":"2021-05-25T12:54:13+00:00","mainEntityOfPage":{"@id":"https:\/\/www.starsislandlapalma.es\/de\/el-festivalito-la-palma-proyecta-esta-noche-su-maraton-de-cortos-admitidos-en-esta-edicion-de-la-palma-rueda\/"},"wordCount":1231,"commentCount":0,"publisher":{"@id":"https:\/\/www.starsislandlapalma.es\/#organization"},"image":{"@id":"https:\/\/www.starsislandlapalma.es\/de\/el-festivalito-la-palma-proyecta-esta-noche-su-maraton-de-cortos-admitidos-en-esta-edicion-de-la-palma-rueda\/#primaryimage"},"thumbnailUrl":"https:\/\/www.starsislandlapalma.es\/wp-content\/uploads\/2021\/05\/Rodaje-Festivalito.jpeg","keywords":["Festivalito La Palma"],"articleSection":["Nachricht"],"inLanguage":"de","potentialAction":[{"@type":"CommentAction","name":"Comment","target":["https:\/\/www.starsislandlapalma.es\/de\/el-festivalito-la-palma-proyecta-esta-noche-su-maraton-de-cortos-admitidos-en-esta-edicion-de-la-palma-rueda\/#respond"]}]},{"@type":"WebPage","@id":"https:\/\/www.starsislandlapalma.es\/de\/el-festivalito-la-palma-proyecta-esta-noche-su-maraton-de-cortos-admitidos-en-esta-edicion-de-la-palma-rueda\/","url":"https:\/\/www.starsislandlapalma.es\/de\/el-festivalito-la-palma-proyecta-esta-noche-su-maraton-de-cortos-admitidos-en-esta-edicion-de-la-palma-rueda\/","name":"El Festivalito La Palma proyecta esta noche su Marat\u00f3n de Cortos admitidos en esta edici\u00f3n de La Palma Rueda &#8902; Stars Island La Palma","isPartOf":{"@id":"https:\/\/www.starsislandlapalma.es\/#website"},"primaryImageOfPage":{"@id":"https:\/\/www.starsislandlapalma.es\/de\/el-festivalito-la-palma-proyecta-esta-noche-su-maraton-de-cortos-admitidos-en-esta-edicion-de-la-palma-rueda\/#primaryimage"},"image":{"@id":"https:\/\/www.starsislandlapalma.es\/de\/el-festivalito-la-palma-proyecta-esta-noche-su-maraton-de-cortos-admitidos-en-esta-edicion-de-la-palma-rueda\/#primaryimage"},"thumbnailUrl":"https:\/\/www.starsislandlapalma.es\/wp-content\/uploads\/2021\/05\/Rodaje-Festivalito.jpeg","datePublished":"2021-05-21T11:51:18+00:00","dateModified":"2021-05-25T12:54:13+00:00","breadcrumb":{"@id":"https:\/\/www.starsislandlapalma.es\/de\/el-festivalito-la-palma-proyecta-esta-noche-su-maraton-de-cortos-admitidos-en-esta-edicion-de-la-palma-rueda\/#breadcrumb"},"inLanguage":"de","potentialAction":[{"@type":"ReadAction","target":["https:\/\/www.starsislandlapalma.es\/de\/el-festivalito-la-palma-proyecta-esta-noche-su-maraton-de-cortos-admitidos-en-esta-edicion-de-la-palma-rueda\/"]}]},{"@type":"ImageObject","inLanguage":"de","@id":"https:\/\/www.starsislandlapalma.es\/de\/el-festivalito-la-palma-proyecta-esta-noche-su-maraton-de-cortos-admitidos-en-esta-edicion-de-la-palma-rueda\/#primaryimage","url":"https:\/\/www.starsislandlapalma.es\/wp-content\/uploads\/2021\/05\/Rodaje-Festivalito.jpeg","contentUrl":"https:\/\/www.starsislandlapalma.es\/wp-content\/uploads\/2021\/05\/Rodaje-Festivalito.jpeg","width":1600,"height":1200},{"@type":"BreadcrumbList","@id":"https:\/\/www.starsislandlapalma.es\/de\/el-festivalito-la-palma-proyecta-esta-noche-su-maraton-de-cortos-admitidos-en-esta-edicion-de-la-palma-rueda\/#breadcrumb","itemListElement":[{"@type":"ListItem","position":1,"name":"Portada","item":"https:\/\/www.starsislandlapalma.es\/de\/"},{"@type":"ListItem","position":2,"name":"El Festivalito La Palma proyecta esta noche su Marat\u00f3n de Cortos admitidos en esta edici\u00f3n de La Palma Rueda"}]},{"@type":"WebSite","@id":"https:\/\/www.starsislandlapalma.es\/#website","url":"https:\/\/www.starsislandlapalma.es\/","name":"Stars Island La Palma","description":"La Palma, el lugar perfecto para disfrutar del universo. Primera Reserva Starlight del mundo, en 2012 se reconoce como Destino Tur\u00edstico Starlight","publisher":{"@id":"https:\/\/www.starsislandlapalma.es\/#organization"},"potentialAction":[{"@type":"SearchAction","target":{"@type":"EntryPoint","urlTemplate":"https:\/\/www.starsislandlapalma.es\/?s={search_term_string}"},"query-input":{"@type":"PropertyValueSpecification","valueRequired":true,"valueName":"search_term_string"}}],"inLanguage":"de"},{"@type":"Organization","@id":"https:\/\/www.starsislandlapalma.es\/#organization","name":"Star Island La Palma","url":"https:\/\/www.starsislandlapalma.es\/","logo":{"@type":"ImageObject","inLanguage":"de","@id":"https:\/\/www.starsislandlapalma.es\/#\/schema\/logo\/image\/","url":"https:\/\/www.starsislandlapalma.es\/wp-content\/uploads\/2022\/01\/logo_starisland.png","contentUrl":"https:\/\/www.starsislandlapalma.es\/wp-content\/uploads\/2022\/01\/logo_starisland.png","width":172,"height":139,"caption":"Star Island La Palma"},"image":{"@id":"https:\/\/www.starsislandlapalma.es\/#\/schema\/logo\/image\/"},"sameAs":["https:\/\/www.facebook.com\/pages\/Starsisland-La-Palma\/210888162375006?ref=hl","https:\/\/x.com\/starsislandlapa","https:\/\/www.pinterest.com\/astroturismo\/","https:\/\/www.youtube.com\/channel\/UCV7sju1ggcBpJG39HQCBtsA"]},{"@type":"Person","@id":"https:\/\/www.starsislandlapalma.es\/#\/schema\/person\/d2618b46c3dc5c031ddd56a658f9ab25","name":"StarsIsland","image":{"@type":"ImageObject","inLanguage":"de","@id":"https:\/\/www.starsislandlapalma.es\/#\/schema\/person\/image\/","url":"https:\/\/secure.gravatar.com\/avatar\/30a35f2b7b8f976566433f1ab7d6402f?s=96&d=mm&r=g","contentUrl":"https:\/\/secure.gravatar.com\/avatar\/30a35f2b7b8f976566433f1ab7d6402f?s=96&d=mm&r=g","caption":"StarsIsland"},"url":"https:\/\/www.starsislandlapalma.es\/de\/author\/starsisland\/"}]}},"_links":{"self":[{"href":"https:\/\/www.starsislandlapalma.es\/de\/wp-json\/wp\/v2\/posts\/22349\/"}],"collection":[{"href":"https:\/\/www.starsislandlapalma.es\/de\/wp-json\/wp\/v2\/posts\/"}],"about":[{"href":"https:\/\/www.starsislandlapalma.es\/de\/wp-json\/wp\/v2\/types\/post\/"}],"author":[{"embeddable":true,"href":"https:\/\/www.starsislandlapalma.es\/de\/wp-json\/wp\/v2\/users\/4\/"}],"replies":[{"embeddable":true,"href":"https:\/\/www.starsislandlapalma.es\/de\/wp-json\/wp\/v2\/comments\/?post=22349"}],"version-history":[{"count":0,"href":"https:\/\/www.starsislandlapalma.es\/de\/wp-json\/wp\/v2\/posts\/22349\/revisions\/"}],"wp:featuredmedia":[{"embeddable":true,"href":"https:\/\/www.starsislandlapalma.es\/de\/wp-json\/wp\/v2\/media\/22327\/"}],"wp:attachment":[{"href":"https:\/\/www.starsislandlapalma.es\/de\/wp-json\/wp\/v2\/media\/?parent=22349"}],"wp:term":[{"taxonomy":"category","embeddable":true,"href":"https:\/\/www.starsislandlapalma.es\/de\/wp-json\/wp\/v2\/categories\/?post=22349"},{"taxonomy":"post_tag","embeddable":true,"href":"https:\/\/www.starsislandlapalma.es\/de\/wp-json\/wp\/v2\/tags\/?post=22349"}],"curies":[{"name":"wp","href":"https:\/\/api.w.org\/{rel}","templated":true}]}}