{"id":22357,"date":"2021-05-19T12:03:57","date_gmt":"2021-05-19T12:03:57","guid":{"rendered":"https:\/\/www.starsislandlapalma.es\/el-festivalito-la-palma-alcanza-su-ecuador-con-exito-de-convivencia-participantes-y-rodajes\/"},"modified":"2021-05-25T12:56:00","modified_gmt":"2021-05-25T12:56:00","slug":"el-festivalito-la-palma-alcanza-su-ecuador-con-exito-de-convivencia-participantes-y-rodajes","status":"publish","type":"post","link":"https:\/\/www.starsislandlapalma.es\/de\/el-festivalito-la-palma-alcanza-su-ecuador-con-exito-de-convivencia-participantes-y-rodajes\/","title":{"rendered":"El Festivalito La Palma alcanza su ecuador con \u00e9xito de convivencia, participantes y rodajes"},"content":{"rendered":"<blockquote>\n<p style=\"text-align: justify;\"><em>Los 300 participantes, entre veteranos y noveles, destacan el esp\u00edritu de convivencia, solidaridad y &#8222;buen rollo&#8220; como signos de identidad de este festival<\/em><\/p>\n<p style=\"text-align: justify;\"><em>Figuras destacadas de nuestro cine conviven estos d\u00edas con amateurs y poblaci\u00f3n local para lograr en tiempo r\u00e9cord un producto audiovisual con una historia<\/em><\/p>\n<p style=\"text-align: justify;\"><em>Nadia de Santiago: &#8222;El Festivalito La Palma es un festival muy libre, muy punky&#8220;<\/em><\/p>\n<p style=\"text-align: justify;\"><em>Aar\u00f3n G\u00f3mez, Javier Tolentino, Miguel \u00c1ngel C\u00e1rcano, Jos\u00e9 Alay\u00f3n, David Pantale\u00f3n, V\u00edctor Hubara, Vasni Ramos, C\u00e1ndido de Armas, David Sainz, Ruth Angelina, Kike P\u00e9rez, Juan Carlos Fresnadilo o Antonia San Juan son solo alguno de los nombres asociados al Festivalito<\/em><\/p>\n<\/blockquote>\n<p style=\"text-align: justify;\">El Festivalito La Palma alcanza su ecuador con \u00e9xito de participantes y rodajes, pero sobre todo, siguiendo el esp\u00edritu que impregna el festival, con ganas de vivir una experiencia \u00fanica, conviviendo con los otros participantes, conociendo la Isla e interactuando con la poblaci\u00f3n local. Todo esto son las se\u00f1as de identidad que definen el Festivalito La Palma y que, edici\u00f3n tras edici\u00f3n, atrae a cineastas consagrados y noveles de todo el mundo.<\/p>\n<div style=\"text-align: justify;\"><\/div>\n<div style=\"text-align: justify;\">Uno de los rostros m\u00e1s conocidos que han pasado estos d\u00edas por La Palma es la actriz madrile\u00f1a Nadia de Santiago, que ha venido a presentar la pel\u00edcula &#8218;Ali&#8216; de Paco R. Ba\u00f1os que protagoniza. La actriz, que es la primera vez que viene al Festivalito La Palma, reconoce que ya ten\u00eda referentes de la profesi\u00f3n de que es un festival muy divertido y lo que ha visto in situ lo corrobora. &#8222;Es un festival muy poco convencional, libre y creativo que da la oportunidad a los artistas de jugar contando historias que, al fin y al cabo, es a lo que nos dedicamos&#8220;. Resalta sobre todo que no hay certeza de nada, que hay mucha improvisaci\u00f3n y creatividad por lo que lo califica como &#8222;un festival muy punky, muy diferente a lo que estamos acostumbrados en la industria que vamos a los festivales solo a ver cine y aqu\u00ed no, aqu\u00ed la prioridad es hacerlo&#8220;. Dice que se queda con muchas ganas de pasar m\u00e1s d\u00edas en la Isla, una isla &#8222;con monta\u00f1as poderosas&#8220; a la que promete volver pronto con m\u00e1s calma. Y como nadie en el Festivalito La Palma se queda con las ganas de participar, Juanjo Neris ya la ha convocado para grabar un corto &#8222;sobre la marcha, solo un par de indicaciones y sabiendo lo que queremos contar&#8220;.<\/div>\n<div style=\"text-align: justify;\"><\/div>\n<div style=\"text-align: justify;\">Entre los artistas canarios, Aar\u00f3n G\u00f3mez ha sido, sin duda, uno de los m\u00e1s reconocidos por las calles de El Paso y Los Llanos de Aridane. Para el tinerfe\u00f1o cumplir con La Palma Rueda es ya una tradici\u00f3n para &#8222;matar el gusanillo que te va comiendo de un a\u00f1o a otro y que hace que lo cojas cada vez con m\u00e1s ganas&#8220;. Su pel\u00edcula &#8218;Limbo&#8216; cuenta la historia de un pu\u00f1ado de actores y t\u00e9cnicos que se re\u00fanen durante diez d\u00edas en una casa para rodar una dudosa pel\u00edcula. Seis meses despu\u00e9s, un editor recibe el material rodado y realiza el montaje sin ninguna gu\u00eda. &#8222;En realidad, es la continuaci\u00f3n del esp\u00edritu del Festivalito La Palma, amigos que se unen para pasarlo bien, convivir y disfrutar juntos&#8220;, explica Aar\u00f3n G\u00f3mez que, aunque esta es su primera incursi\u00f3n en la direcci\u00f3n de un largometraje, ya ha participado en seis ediciones de La Palma Rueda. Pero es el \u00fanico &#8222;producto local&#8220; conocido y reconocido en el mundo audiovisual que pasa estos d\u00edas por La Palma Rueda. El Festivalito La Palma es un laboratorio de cine para el talento canario que luego hemos exportado a nivel nacional o internacional como en el caso del director David Pantale\u00f3n, entre otros, cuyos trabajos se han exhibido en festivales internacionales. El esp\u00edritu del Festivalito atrapa y se pone al servicio de la creatividad de nombres como V\u00edctor Hubara (Abubukaka), Vasni Ramos con su pel\u00edcula &#8218;Apocalipsis Voodoo&#8216;; C\u00e1ndido de Armas, cuyo corto &#8218;\u00c1pice&#8216; se llev\u00f3 Estrella el a\u00f1o pasado; el polifac\u00e9tico David Sainz o al lanzarote\u00f1o Kike P\u00e9rez, entre otros muchos nombres, todos profesionales canarios de prestigo, renocodidos a nivel no solo regional sino nacional y muy asiduos al Festivalito La Palma. El listado de nombres de artistas y cineastas asociados al Festivalito es interminable e incluye a Juan Carlos Fresnadillo, Antonio Betancor, Antonia San Juan, Caco Senante, Nayra Sanz, Mi hoa Lee, Diane Malherbe, Elisa Cano, Ruth Angelina, entre otros muchos nombres.<\/div>\n<div style=\"text-align: justify;\"><\/div>\n<div style=\"text-align: justify;\">Tambi\u00e9n presenta pel\u00edcula el director de cine Miguel \u00c1ngel C\u00e1rcano, cuya cinta &#8218;De paso&#8216; se proyecta el jueves 20 de mayo cuya principal peculiaridad es que se rod\u00f3 \u00edntegramente con un m\u00f3vil. Sobre Festivalito La Palma, el director dice que se considera parte de la &#8222;familia festivalera&#8220; en la que se introdujo cuando hace muchos a\u00f1os present\u00f3 su pel\u00edcula &#8218;Interior noche&#8216; que result\u00f3 premiada y que le sirvi\u00f3 de excusa para volver a rodar el primer largometraje que se rod\u00f3 en La Palma Rueda, &#8218;Entre islas&#8216;. &#8222;El Festivalito es un para\u00edso cinematogr\u00e1fico, con un ambiente tan c\u00e1lido, tan art\u00edstico y tan guerrillero que no he visto en ning\u00fan otro festival. El esp\u00edritu es contar historias&#8220;, a\u00f1ade el cineasta argentino afincado en Madrid. C\u00e1rcano llegar\u00e1 a La Palma el jueves as\u00ed que tendr\u00e1 poco tiempo para rodar y presentar a concurso el corto que ha prometido y que, seguro, sorprender\u00e1.<\/div>\n<div style=\"text-align: justify;\"><\/div>\n<div style=\"text-align: justify;\">&#8218;Un blues para Teher\u00e1n&#8216; es la pel\u00edcula de Javier Tolentino que se proyect\u00f3 el pasado s\u00e1bado 15 de mayo y en la que nos muestra un Ir\u00e1n donde tradici\u00f3n y modernidad conviven y se confrontan. Sobre su experiencia palmera, Tolentino recuerda que ah\u00ed rod\u00f3 sus primeros cortos por lo que se siente muy palmero. Sobre el Festivalito La Palma dice que es un festival \u00fanico, hiperactivo y guerrillero donde uno no solo tiene ganas de ver cine sino de rodar, &#8222;el ambiente te contagia. Ir a La Palma es no sentirse nunca forastero, toda la organizaci\u00f3n y la isla te acogen y te sientes en casa&#8220;. Respecto a su pel\u00edcula, el cineasta dice sentirse muy feliz con el respaldo que vio en el p\u00fablico, no solo como asistente a la proyecci\u00f3n sino interviniendo de manera activa en el coloquio, que fue interesante y enriquecedor&#8220;.<\/div>\n<div style=\"text-align: justify;\"><\/div>\n<div style=\"text-align: justify;\">Por su parte, el cineasta Jos\u00e9 Alay\u00f3n de El viaje Films presenta este a\u00f1o la pel\u00edcula &#8218;Entre perro y lobo&#8216; y tambi\u00e9n ser\u00e1 jurado de la actual edici\u00f3n. Para \u00e9l sobre todo la importancia del Festivalito La Palma y de La Palma Rueda es que act\u00faan como &#8222;un banco de pruebas de talento. De La Palma Rueda han salido cineastas y eso tiene mucho valor&#8220;. El a\u00f1o pasado recibi\u00f3 el premio Estrella Polar y agradece &#8222;el inmenso cari\u00f1o con el que siempre me han tratado en el Festivalito&#8220; del que por encima de todo destaca &#8222;los v\u00ednculos que se crean, la camarader\u00eda y la amistad que fluye en todos lados&#8220;. Alay\u00f3n reconoce que rodar un cortometraje en La Palma Rueda es una de sus asignaturas pendientes aunque s\u00ed que ha ayudado a otros amigos que vienen cada a\u00f1o a rodar, &#8222;es una manera maravillosa de coincidir y disfrutar&#8220;.<\/div>\n<div style=\"text-align: justify;\"><\/div>\n<div style=\"text-align: justify;\">En lo que todos coinciden es en el esp\u00edritu del Festivalito La Palma. Disfrutar de la experiencia, dejarse llevar e impregnar por la Isla y vivir cada momento son las \u00fanicas condiciones para experimentar el verdadero Festivalito.<\/div>\n<div style=\"text-align: justify;\"><\/div>\n<div style=\"text-align: justify;\">El Festivalito La Palma est\u00e1 organizado por la productora Chukumi Studio. Su m\u00e1ximo impulsor es el Cabildo de La Palma, a trav\u00e9s de la Consejer\u00eda Cultura y Patrimonio Hist\u00f3rico y de la Consejer\u00eda de Turismo. Es tambi\u00e9n patrocinador del certamen el Gobierno de Canarias a trav\u00e9s del Instituto Canario de Desarrollo Cultural y de Promotur, as\u00ed como el Ayuntamiento de Los Llanos de Aridane y el Ayuntamiento de El Paso. Adem\u00e1s, cuenta con el patrocinio y colaboraci\u00f3n de diferentes empresas como Cajamar, Universidad del Atl\u00e1ntico Medio, Digital 104, Autos Oasis, Viajes insular, Fundaci\u00f3n Cajamar, Isla Bonita Love Festival, Fundaci\u00f3n Canaria Reserva Mundial de la Biosfera de La Palma, Plataforma Nuevos Realizadores, entre otros.<\/div>\n<div><\/div>\n","protected":false},"excerpt":{"rendered":"<p>Los 300 participantes, entre veteranos y noveles, destacan el esp\u00edritu de convivencia, solidaridad y &#8222;buen rollo&#8220; como signos de identidad de este festival Figuras destacadas de nuestro cine conviven estos d\u00edas con amateurs y poblaci\u00f3n local para lograr en tiempo r\u00e9cord un producto audiovisual con&#8230;<\/p>\n","protected":false},"author":4,"featured_media":22332,"comment_status":"open","ping_status":"open","sticky":false,"template":"","format":"standard","meta":{"footnotes":""},"categories":[135],"tags":[284],"yoast_head":"<!-- This site is optimized with the Yoast SEO plugin v24.5 - https:\/\/yoast.com\/wordpress\/plugins\/seo\/ -->\n<title>El Festivalito La Palma alcanza su ecuador con \u00e9xito de convivencia, participantes y rodajes &#8902; Stars Island La Palma<\/title>\n<meta name=\"robots\" content=\"index, follow, max-snippet:-1, max-image-preview:large, max-video-preview:-1\" \/>\n<link rel=\"canonical\" href=\"https:\/\/www.starsislandlapalma.es\/de\/el-festivalito-la-palma-alcanza-su-ecuador-con-exito-de-convivencia-participantes-y-rodajes\/\" \/>\n<meta property=\"og:locale\" content=\"de_DE\" \/>\n<meta property=\"og:type\" content=\"article\" \/>\n<meta property=\"og:title\" content=\"El Festivalito La Palma alcanza su ecuador con \u00e9xito de convivencia, participantes y rodajes &#8902; Stars Island La Palma\" \/>\n<meta property=\"og:description\" content=\"Los 300 participantes, entre veteranos y noveles, destacan el esp\u00edritu de convivencia, solidaridad y &#8222;buen rollo&#8220; como signos de identidad de este festival Figuras destacadas de nuestro cine conviven estos d\u00edas con amateurs y poblaci\u00f3n local para lograr en tiempo r\u00e9cord un producto audiovisual con...\" \/>\n<meta property=\"og:url\" content=\"https:\/\/www.starsislandlapalma.es\/de\/el-festivalito-la-palma-alcanza-su-ecuador-con-exito-de-convivencia-participantes-y-rodajes\/\" \/>\n<meta property=\"og:site_name\" content=\"Stars Island La Palma\" \/>\n<meta property=\"article:publisher\" content=\"https:\/\/www.facebook.com\/pages\/Starsisland-La-Palma\/210888162375006?ref=hl\" \/>\n<meta property=\"article:published_time\" content=\"2021-05-19T12:03:57+00:00\" \/>\n<meta property=\"article:modified_time\" content=\"2021-05-25T12:56:00+00:00\" \/>\n<meta property=\"og:image\" content=\"https:\/\/www.starsislandlapalma.es\/wp-content\/uploads\/2021\/05\/rodaje-Diane.jpg\" \/>\n\t<meta property=\"og:image:width\" content=\"2048\" \/>\n\t<meta property=\"og:image:height\" content=\"1536\" \/>\n\t<meta property=\"og:image:type\" content=\"image\/jpeg\" \/>\n<meta name=\"author\" content=\"StarsIsland\" \/>\n<meta name=\"twitter:label1\" content=\"Verfasst von\" \/>\n\t<meta name=\"twitter:data1\" content=\"StarsIsland\" \/>\n\t<meta name=\"twitter:label2\" content=\"Gesch\u00e4tzte Lesezeit\" \/>\n\t<meta name=\"twitter:data2\" content=\"7\u00a0Minuten\" \/>\n<script type=\"application\/ld+json\" class=\"yoast-schema-graph\">{\"@context\":\"https:\/\/schema.org\",\"@graph\":[{\"@type\":\"Article\",\"@id\":\"https:\/\/www.starsislandlapalma.es\/de\/el-festivalito-la-palma-alcanza-su-ecuador-con-exito-de-convivencia-participantes-y-rodajes\/#article\",\"isPartOf\":{\"@id\":\"https:\/\/www.starsislandlapalma.es\/de\/el-festivalito-la-palma-alcanza-su-ecuador-con-exito-de-convivencia-participantes-y-rodajes\/\"},\"author\":{\"name\":\"StarsIsland\",\"@id\":\"https:\/\/www.starsislandlapalma.es\/#\/schema\/person\/d2618b46c3dc5c031ddd56a658f9ab25\"},\"headline\":\"El Festivalito La Palma alcanza su ecuador con \u00e9xito de convivencia, participantes y rodajes\",\"datePublished\":\"2021-05-19T12:03:57+00:00\",\"dateModified\":\"2021-05-25T12:56:00+00:00\",\"mainEntityOfPage\":{\"@id\":\"https:\/\/www.starsislandlapalma.es\/de\/el-festivalito-la-palma-alcanza-su-ecuador-con-exito-de-convivencia-participantes-y-rodajes\/\"},\"wordCount\":1432,\"commentCount\":0,\"publisher\":{\"@id\":\"https:\/\/www.starsislandlapalma.es\/#organization\"},\"image\":{\"@id\":\"https:\/\/www.starsislandlapalma.es\/de\/el-festivalito-la-palma-alcanza-su-ecuador-con-exito-de-convivencia-participantes-y-rodajes\/#primaryimage\"},\"thumbnailUrl\":\"https:\/\/www.starsislandlapalma.es\/wp-content\/uploads\/2021\/05\/rodaje-Diane.jpg\",\"keywords\":[\"Festivalito La Palma\"],\"articleSection\":[\"Nachricht\"],\"inLanguage\":\"de\",\"potentialAction\":[{\"@type\":\"CommentAction\",\"name\":\"Comment\",\"target\":[\"https:\/\/www.starsislandlapalma.es\/de\/el-festivalito-la-palma-alcanza-su-ecuador-con-exito-de-convivencia-participantes-y-rodajes\/#respond\"]}]},{\"@type\":\"WebPage\",\"@id\":\"https:\/\/www.starsislandlapalma.es\/de\/el-festivalito-la-palma-alcanza-su-ecuador-con-exito-de-convivencia-participantes-y-rodajes\/\",\"url\":\"https:\/\/www.starsislandlapalma.es\/de\/el-festivalito-la-palma-alcanza-su-ecuador-con-exito-de-convivencia-participantes-y-rodajes\/\",\"name\":\"El Festivalito La Palma alcanza su ecuador con \u00e9xito de convivencia, participantes y rodajes &#8902; Stars Island La Palma\",\"isPartOf\":{\"@id\":\"https:\/\/www.starsislandlapalma.es\/#website\"},\"primaryImageOfPage\":{\"@id\":\"https:\/\/www.starsislandlapalma.es\/de\/el-festivalito-la-palma-alcanza-su-ecuador-con-exito-de-convivencia-participantes-y-rodajes\/#primaryimage\"},\"image\":{\"@id\":\"https:\/\/www.starsislandlapalma.es\/de\/el-festivalito-la-palma-alcanza-su-ecuador-con-exito-de-convivencia-participantes-y-rodajes\/#primaryimage\"},\"thumbnailUrl\":\"https:\/\/www.starsislandlapalma.es\/wp-content\/uploads\/2021\/05\/rodaje-Diane.jpg\",\"datePublished\":\"2021-05-19T12:03:57+00:00\",\"dateModified\":\"2021-05-25T12:56:00+00:00\",\"breadcrumb\":{\"@id\":\"https:\/\/www.starsislandlapalma.es\/de\/el-festivalito-la-palma-alcanza-su-ecuador-con-exito-de-convivencia-participantes-y-rodajes\/#breadcrumb\"},\"inLanguage\":\"de\",\"potentialAction\":[{\"@type\":\"ReadAction\",\"target\":[\"https:\/\/www.starsislandlapalma.es\/de\/el-festivalito-la-palma-alcanza-su-ecuador-con-exito-de-convivencia-participantes-y-rodajes\/\"]}]},{\"@type\":\"ImageObject\",\"inLanguage\":\"de\",\"@id\":\"https:\/\/www.starsislandlapalma.es\/de\/el-festivalito-la-palma-alcanza-su-ecuador-con-exito-de-convivencia-participantes-y-rodajes\/#primaryimage\",\"url\":\"https:\/\/www.starsislandlapalma.es\/wp-content\/uploads\/2021\/05\/rodaje-Diane.jpg\",\"contentUrl\":\"https:\/\/www.starsislandlapalma.es\/wp-content\/uploads\/2021\/05\/rodaje-Diane.jpg\",\"width\":2048,\"height\":1536},{\"@type\":\"BreadcrumbList\",\"@id\":\"https:\/\/www.starsislandlapalma.es\/de\/el-festivalito-la-palma-alcanza-su-ecuador-con-exito-de-convivencia-participantes-y-rodajes\/#breadcrumb\",\"itemListElement\":[{\"@type\":\"ListItem\",\"position\":1,\"name\":\"Portada\",\"item\":\"https:\/\/www.starsislandlapalma.es\/de\/\"},{\"@type\":\"ListItem\",\"position\":2,\"name\":\"El Festivalito La Palma alcanza su ecuador con \u00e9xito de convivencia, participantes y rodajes\"}]},{\"@type\":\"WebSite\",\"@id\":\"https:\/\/www.starsislandlapalma.es\/#website\",\"url\":\"https:\/\/www.starsislandlapalma.es\/\",\"name\":\"Stars Island La Palma\",\"description\":\"La Palma, el lugar perfecto para disfrutar del universo. Primera Reserva Starlight del mundo, en 2012 se reconoce como Destino Tur\u00edstico Starlight\",\"publisher\":{\"@id\":\"https:\/\/www.starsislandlapalma.es\/#organization\"},\"potentialAction\":[{\"@type\":\"SearchAction\",\"target\":{\"@type\":\"EntryPoint\",\"urlTemplate\":\"https:\/\/www.starsislandlapalma.es\/?s={search_term_string}\"},\"query-input\":{\"@type\":\"PropertyValueSpecification\",\"valueRequired\":true,\"valueName\":\"search_term_string\"}}],\"inLanguage\":\"de\"},{\"@type\":\"Organization\",\"@id\":\"https:\/\/www.starsislandlapalma.es\/#organization\",\"name\":\"Star Island La Palma\",\"url\":\"https:\/\/www.starsislandlapalma.es\/\",\"logo\":{\"@type\":\"ImageObject\",\"inLanguage\":\"de\",\"@id\":\"https:\/\/www.starsislandlapalma.es\/#\/schema\/logo\/image\/\",\"url\":\"https:\/\/www.starsislandlapalma.es\/wp-content\/uploads\/2022\/01\/logo_starisland.png\",\"contentUrl\":\"https:\/\/www.starsislandlapalma.es\/wp-content\/uploads\/2022\/01\/logo_starisland.png\",\"width\":172,\"height\":139,\"caption\":\"Star Island La Palma\"},\"image\":{\"@id\":\"https:\/\/www.starsislandlapalma.es\/#\/schema\/logo\/image\/\"},\"sameAs\":[\"https:\/\/www.facebook.com\/pages\/Starsisland-La-Palma\/210888162375006?ref=hl\",\"https:\/\/x.com\/starsislandlapa\",\"https:\/\/www.pinterest.com\/astroturismo\/\",\"https:\/\/www.youtube.com\/channel\/UCV7sju1ggcBpJG39HQCBtsA\"]},{\"@type\":\"Person\",\"@id\":\"https:\/\/www.starsislandlapalma.es\/#\/schema\/person\/d2618b46c3dc5c031ddd56a658f9ab25\",\"name\":\"StarsIsland\",\"image\":{\"@type\":\"ImageObject\",\"inLanguage\":\"de\",\"@id\":\"https:\/\/www.starsislandlapalma.es\/#\/schema\/person\/image\/\",\"url\":\"https:\/\/secure.gravatar.com\/avatar\/30a35f2b7b8f976566433f1ab7d6402f?s=96&d=mm&r=g\",\"contentUrl\":\"https:\/\/secure.gravatar.com\/avatar\/30a35f2b7b8f976566433f1ab7d6402f?s=96&d=mm&r=g\",\"caption\":\"StarsIsland\"},\"url\":\"https:\/\/www.starsislandlapalma.es\/de\/author\/starsisland\/\"}]}<\/script>\n<!-- \/ Yoast SEO plugin. -->","yoast_head_json":{"title":"El Festivalito La Palma alcanza su ecuador con \u00e9xito de convivencia, participantes y rodajes &#8902; Stars Island La Palma","robots":{"index":"index","follow":"follow","max-snippet":"max-snippet:-1","max-image-preview":"max-image-preview:large","max-video-preview":"max-video-preview:-1"},"canonical":"https:\/\/www.starsislandlapalma.es\/de\/el-festivalito-la-palma-alcanza-su-ecuador-con-exito-de-convivencia-participantes-y-rodajes\/","og_locale":"de_DE","og_type":"article","og_title":"El Festivalito La Palma alcanza su ecuador con \u00e9xito de convivencia, participantes y rodajes &#8902; Stars Island La Palma","og_description":"Los 300 participantes, entre veteranos y noveles, destacan el esp\u00edritu de convivencia, solidaridad y &#8222;buen rollo&#8220; como signos de identidad de este festival Figuras destacadas de nuestro cine conviven estos d\u00edas con amateurs y poblaci\u00f3n local para lograr en tiempo r\u00e9cord un producto audiovisual con...","og_url":"https:\/\/www.starsislandlapalma.es\/de\/el-festivalito-la-palma-alcanza-su-ecuador-con-exito-de-convivencia-participantes-y-rodajes\/","og_site_name":"Stars Island La Palma","article_publisher":"https:\/\/www.facebook.com\/pages\/Starsisland-La-Palma\/210888162375006?ref=hl","article_published_time":"2021-05-19T12:03:57+00:00","article_modified_time":"2021-05-25T12:56:00+00:00","og_image":[{"width":2048,"height":1536,"url":"https:\/\/www.starsislandlapalma.es\/wp-content\/uploads\/2021\/05\/rodaje-Diane.jpg","type":"image\/jpeg"}],"author":"StarsIsland","twitter_misc":{"Verfasst von":"StarsIsland","Gesch\u00e4tzte Lesezeit":"7\u00a0Minuten"},"schema":{"@context":"https:\/\/schema.org","@graph":[{"@type":"Article","@id":"https:\/\/www.starsislandlapalma.es\/de\/el-festivalito-la-palma-alcanza-su-ecuador-con-exito-de-convivencia-participantes-y-rodajes\/#article","isPartOf":{"@id":"https:\/\/www.starsislandlapalma.es\/de\/el-festivalito-la-palma-alcanza-su-ecuador-con-exito-de-convivencia-participantes-y-rodajes\/"},"author":{"name":"StarsIsland","@id":"https:\/\/www.starsislandlapalma.es\/#\/schema\/person\/d2618b46c3dc5c031ddd56a658f9ab25"},"headline":"El Festivalito La Palma alcanza su ecuador con \u00e9xito de convivencia, participantes y rodajes","datePublished":"2021-05-19T12:03:57+00:00","dateModified":"2021-05-25T12:56:00+00:00","mainEntityOfPage":{"@id":"https:\/\/www.starsislandlapalma.es\/de\/el-festivalito-la-palma-alcanza-su-ecuador-con-exito-de-convivencia-participantes-y-rodajes\/"},"wordCount":1432,"commentCount":0,"publisher":{"@id":"https:\/\/www.starsislandlapalma.es\/#organization"},"image":{"@id":"https:\/\/www.starsislandlapalma.es\/de\/el-festivalito-la-palma-alcanza-su-ecuador-con-exito-de-convivencia-participantes-y-rodajes\/#primaryimage"},"thumbnailUrl":"https:\/\/www.starsislandlapalma.es\/wp-content\/uploads\/2021\/05\/rodaje-Diane.jpg","keywords":["Festivalito La Palma"],"articleSection":["Nachricht"],"inLanguage":"de","potentialAction":[{"@type":"CommentAction","name":"Comment","target":["https:\/\/www.starsislandlapalma.es\/de\/el-festivalito-la-palma-alcanza-su-ecuador-con-exito-de-convivencia-participantes-y-rodajes\/#respond"]}]},{"@type":"WebPage","@id":"https:\/\/www.starsislandlapalma.es\/de\/el-festivalito-la-palma-alcanza-su-ecuador-con-exito-de-convivencia-participantes-y-rodajes\/","url":"https:\/\/www.starsislandlapalma.es\/de\/el-festivalito-la-palma-alcanza-su-ecuador-con-exito-de-convivencia-participantes-y-rodajes\/","name":"El Festivalito La Palma alcanza su ecuador con \u00e9xito de convivencia, participantes y rodajes &#8902; Stars Island La Palma","isPartOf":{"@id":"https:\/\/www.starsislandlapalma.es\/#website"},"primaryImageOfPage":{"@id":"https:\/\/www.starsislandlapalma.es\/de\/el-festivalito-la-palma-alcanza-su-ecuador-con-exito-de-convivencia-participantes-y-rodajes\/#primaryimage"},"image":{"@id":"https:\/\/www.starsislandlapalma.es\/de\/el-festivalito-la-palma-alcanza-su-ecuador-con-exito-de-convivencia-participantes-y-rodajes\/#primaryimage"},"thumbnailUrl":"https:\/\/www.starsislandlapalma.es\/wp-content\/uploads\/2021\/05\/rodaje-Diane.jpg","datePublished":"2021-05-19T12:03:57+00:00","dateModified":"2021-05-25T12:56:00+00:00","breadcrumb":{"@id":"https:\/\/www.starsislandlapalma.es\/de\/el-festivalito-la-palma-alcanza-su-ecuador-con-exito-de-convivencia-participantes-y-rodajes\/#breadcrumb"},"inLanguage":"de","potentialAction":[{"@type":"ReadAction","target":["https:\/\/www.starsislandlapalma.es\/de\/el-festivalito-la-palma-alcanza-su-ecuador-con-exito-de-convivencia-participantes-y-rodajes\/"]}]},{"@type":"ImageObject","inLanguage":"de","@id":"https:\/\/www.starsislandlapalma.es\/de\/el-festivalito-la-palma-alcanza-su-ecuador-con-exito-de-convivencia-participantes-y-rodajes\/#primaryimage","url":"https:\/\/www.starsislandlapalma.es\/wp-content\/uploads\/2021\/05\/rodaje-Diane.jpg","contentUrl":"https:\/\/www.starsislandlapalma.es\/wp-content\/uploads\/2021\/05\/rodaje-Diane.jpg","width":2048,"height":1536},{"@type":"BreadcrumbList","@id":"https:\/\/www.starsislandlapalma.es\/de\/el-festivalito-la-palma-alcanza-su-ecuador-con-exito-de-convivencia-participantes-y-rodajes\/#breadcrumb","itemListElement":[{"@type":"ListItem","position":1,"name":"Portada","item":"https:\/\/www.starsislandlapalma.es\/de\/"},{"@type":"ListItem","position":2,"name":"El Festivalito La Palma alcanza su ecuador con \u00e9xito de convivencia, participantes y rodajes"}]},{"@type":"WebSite","@id":"https:\/\/www.starsislandlapalma.es\/#website","url":"https:\/\/www.starsislandlapalma.es\/","name":"Stars Island La Palma","description":"La Palma, el lugar perfecto para disfrutar del universo. Primera Reserva Starlight del mundo, en 2012 se reconoce como Destino Tur\u00edstico Starlight","publisher":{"@id":"https:\/\/www.starsislandlapalma.es\/#organization"},"potentialAction":[{"@type":"SearchAction","target":{"@type":"EntryPoint","urlTemplate":"https:\/\/www.starsislandlapalma.es\/?s={search_term_string}"},"query-input":{"@type":"PropertyValueSpecification","valueRequired":true,"valueName":"search_term_string"}}],"inLanguage":"de"},{"@type":"Organization","@id":"https:\/\/www.starsislandlapalma.es\/#organization","name":"Star Island La Palma","url":"https:\/\/www.starsislandlapalma.es\/","logo":{"@type":"ImageObject","inLanguage":"de","@id":"https:\/\/www.starsislandlapalma.es\/#\/schema\/logo\/image\/","url":"https:\/\/www.starsislandlapalma.es\/wp-content\/uploads\/2022\/01\/logo_starisland.png","contentUrl":"https:\/\/www.starsislandlapalma.es\/wp-content\/uploads\/2022\/01\/logo_starisland.png","width":172,"height":139,"caption":"Star Island La Palma"},"image":{"@id":"https:\/\/www.starsislandlapalma.es\/#\/schema\/logo\/image\/"},"sameAs":["https:\/\/www.facebook.com\/pages\/Starsisland-La-Palma\/210888162375006?ref=hl","https:\/\/x.com\/starsislandlapa","https:\/\/www.pinterest.com\/astroturismo\/","https:\/\/www.youtube.com\/channel\/UCV7sju1ggcBpJG39HQCBtsA"]},{"@type":"Person","@id":"https:\/\/www.starsislandlapalma.es\/#\/schema\/person\/d2618b46c3dc5c031ddd56a658f9ab25","name":"StarsIsland","image":{"@type":"ImageObject","inLanguage":"de","@id":"https:\/\/www.starsislandlapalma.es\/#\/schema\/person\/image\/","url":"https:\/\/secure.gravatar.com\/avatar\/30a35f2b7b8f976566433f1ab7d6402f?s=96&d=mm&r=g","contentUrl":"https:\/\/secure.gravatar.com\/avatar\/30a35f2b7b8f976566433f1ab7d6402f?s=96&d=mm&r=g","caption":"StarsIsland"},"url":"https:\/\/www.starsislandlapalma.es\/de\/author\/starsisland\/"}]}},"_links":{"self":[{"href":"https:\/\/www.starsislandlapalma.es\/de\/wp-json\/wp\/v2\/posts\/22357\/"}],"collection":[{"href":"https:\/\/www.starsislandlapalma.es\/de\/wp-json\/wp\/v2\/posts\/"}],"about":[{"href":"https:\/\/www.starsislandlapalma.es\/de\/wp-json\/wp\/v2\/types\/post\/"}],"author":[{"embeddable":true,"href":"https:\/\/www.starsislandlapalma.es\/de\/wp-json\/wp\/v2\/users\/4\/"}],"replies":[{"embeddable":true,"href":"https:\/\/www.starsislandlapalma.es\/de\/wp-json\/wp\/v2\/comments\/?post=22357"}],"version-history":[{"count":0,"href":"https:\/\/www.starsislandlapalma.es\/de\/wp-json\/wp\/v2\/posts\/22357\/revisions\/"}],"wp:featuredmedia":[{"embeddable":true,"href":"https:\/\/www.starsislandlapalma.es\/de\/wp-json\/wp\/v2\/media\/22332\/"}],"wp:attachment":[{"href":"https:\/\/www.starsislandlapalma.es\/de\/wp-json\/wp\/v2\/media\/?parent=22357"}],"wp:term":[{"taxonomy":"category","embeddable":true,"href":"https:\/\/www.starsislandlapalma.es\/de\/wp-json\/wp\/v2\/categories\/?post=22357"},{"taxonomy":"post_tag","embeddable":true,"href":"https:\/\/www.starsislandlapalma.es\/de\/wp-json\/wp\/v2\/tags\/?post=22357"}],"curies":[{"name":"wp","href":"https:\/\/api.w.org\/{rel}","templated":true}]}}