{"id":22369,"date":"2021-05-18T11:01:28","date_gmt":"2021-05-18T11:01:28","guid":{"rendered":"https:\/\/www.starsislandlapalma.es\/el-humorista-y-actor-aaron-gomez-presenta-su-primer-proyecto-de-largometraje-en-la-sesion-de-exhibicion\/"},"modified":"2021-05-25T13:00:08","modified_gmt":"2021-05-25T13:00:08","slug":"el-humorista-y-actor-aaron-gomez-presenta-su-primer-proyecto-de-largometraje-en-la-sesion-de-exhibicion","status":"publish","type":"post","link":"https:\/\/www.starsislandlapalma.es\/de\/el-humorista-y-actor-aaron-gomez-presenta-su-primer-proyecto-de-largometraje-en-la-sesion-de-exhibicion\/","title":{"rendered":"El humorista y actor Aar\u00f3n G\u00f3mez presenta su primer proyecto de largometraje en la sesi\u00f3n de exhibici\u00f3n"},"content":{"rendered":"<blockquote><p>&#8218;Limbo&#8216;, que ver\u00e1 la luz en los pr\u00f3ximos meses, es el primer largometraje del polifac\u00e9tico artista tinerfe\u00f1o que ya hab\u00eda participado en La Palma Rueda en otras ediciones<\/p>\n<p>La jornada de exhibici\u00f3n del mi\u00e9rcoles 19 de mayo se completa con &#8218;\u00c9xodo clim\u00e1tico&#8216; y &#8218;El \u00faltimo arquero&#8216;, adem\u00e1s de una nueva proyecci\u00f3n de &#8218;Trangeneracional&#8216; para escolares<\/p><\/blockquote>\n<div><\/div>\n<div style=\"text-align: justify;\">El programa de exhibici\u00f3n de esta decimosexta edici\u00f3n del Festivalito La Palma contin\u00faa ma\u00f1ana mi\u00e9rcoles, 19 de mayo con la proyecci\u00f3n de dos nuevos largometrajes y la presentaci\u00f3n del nuevo proyecto de Aar\u00f3n G\u00f3mez y Sof\u00eda Privitera en los multicines Millenium de Los Llanos de Aridane. Antes de eso, el mi\u00e9rcoles por la ma\u00f1ana, habr\u00e1 una nueva proyecci\u00f3n para escolares de la cinta &#8218;Transgeneracional&#8216;. La pel\u00edcula de Lisandro M. Rodr\u00edguez habla sobre la problem\u00e1tica de un joven de la d\u00e9cada de los 90 para explicar su condici\u00f3n sexual a sus padres y se proyectar\u00e1 a las 10:30 horas en el IES P\u00e9rez Pulido ante 80 alumnos.<\/div>\n<div style=\"text-align: justify;\"><\/div>\n<div style=\"text-align: justify;\">Por la tarde, a las 18:00 horas, y ya en los multicines Millenium, comienzan la exhibici\u00f3n de las cintas que terminan con un coloquio entre el p\u00fablico y parte del equipo de la pel\u00edcula. La primera que se proyectar\u00e1 en esta jornada es &#8218;\u00c9xodo clim\u00e1tico&#8216;, de David Baute, una cinta de 63 minutos sobre los efectos del cambio clim\u00e1tico. Despu\u00e9s de haberlo perdido todo a causa del cambio clim\u00e1tico, tres mujeres de diferentes pa\u00edses y continentes -Kenia (\u00c1frica), India (Asia) y el Caribe (Am\u00e9rica) &#8211; tienen que emigrar para comenzar una nueva vida. Los temas medioambientales y el Festivalito La Palma est\u00e1n estrechamente relacionados ya que no hay que olvidar que la Isla Bonita es Reserva Mundial de la Biosfera.<\/div>\n<div style=\"text-align: justify;\"><\/div>\n<div style=\"text-align: justify;\">A las 21:00 horas se proyectar\u00e1 el documental de D\u00e1cil Manrique de Lara. &#8218;El \u00faltimo arquero&#8216; es un conmovedor e \u00edntimo retrato de su abuelo Alberto Manrique, uno de los artistas m\u00e1s innovadores de las islas Canarias en el siglo XX. Fundador en los a\u00f1os 50 del grupo LADAC &#8218;Los Arqueros del Arte Contempor\u00e1neo&#8216; junto a Felo Monz\u00f3n, Juan Ismael y Manolo Millares, la mirada de su nieta nos sumerge en la vida del reconocido acuarelista.<\/div>\n<div style=\"text-align: justify;\"><\/div>\n<div style=\"text-align: justify;\">Y, cerrando la jornada, a las 21:30 horas, se proyectar\u00e1 un adelanto de &#8218;Limbo&#8216;, de Aar\u00f3n G\u00f3mez y Sof\u00eda Privitera que est\u00e1 ahora mismo en fase de posproducci\u00f3n para ser exhibida en los pr\u00f3ximos meses. Con todo, la organizaci\u00f3n del Festivalito La Palma ha querido que el equipo de la pel\u00edcula cuya idea se gest\u00f3 en la edici\u00f3n del a\u00f1o pasado, ense\u00f1en parte de la cinta y expliquen su trabajo. &#8218;Limbo&#8216; cuenta la historia de un pu\u00f1ado de actores y t\u00e9cnicos que se re\u00fanen durante diez d\u00edas en una casa para rodar una dudosa pel\u00edcula. Seis meses despu\u00e9s, un editor recibe el material rodado y realiza el montaje sin ninguna gu\u00eda. &#8222;En realidad, es la continuaci\u00f3n del esp\u00edritu del Festivalito La Palma, amigos que se unen para pasarlo bien, convivir y disfrutar juntos&#8220;, explica Aar\u00f3n G\u00f3mez que, aunque esta es su primera incursi\u00f3n en la direcci\u00f3n de un largometraje, ya ha participado en seis ediciones de La Palma Rueda.\u00a0 En la presentaci\u00f3n en los multicines Millenium se ver\u00e1 el teaser de la pel\u00edcula as\u00ed como un\u00a0<em>work in progress<\/em>\u00a0de 20 minutos de la misma. Al coloquio asistir\u00e1n los autores de la idea, Aar\u00f3n G\u00f3mez y Sof\u00eda Privitera; as\u00ed como parte del equipo t\u00e9cnico y el actor V\u00edctor Hubara, entre otros.<\/div>\n<div><\/div>\n<div style=\"text-align: justify;\">El Festivalito La Palma est\u00e1 organizado por la productora Chukumi Studio. Su m\u00e1ximo impulsor es el Cabildo de La Palma, a trav\u00e9s de la Consejer\u00eda Cultura y Patrimonio Hist\u00f3rico y de la Consejer\u00eda de Turismo. Es tambi\u00e9n patrocinador del certamen el Gobierno de Canarias a trav\u00e9s del Instituto Canario de Desarrollo Cultural y de Promotur, as\u00ed como el Ayuntamiento de Los Llanos de Aridane y el Ayuntamiento de El Paso. Adem\u00e1s, cuenta con el patrocinio y colaboraci\u00f3n de diferentes empresas como Cajamar, Universidad del Atl\u00e1ntico Medio, Digital 104, Autos Oasis, Viajes insular, Fundaci\u00f3n Cajamar, Isla Bonita Love Festival, Fundaci\u00f3n Canaria Reserva Mundial de la Biosfera de La Palma, Plataforma Nuevos Realizadores, entre otros.<\/div>\n","protected":false},"excerpt":{"rendered":"<p>&#8218;Limbo&#8216;, que ver\u00e1 la luz en los pr\u00f3ximos meses, es el primer largometraje del polifac\u00e9tico artista tinerfe\u00f1o que ya hab\u00eda participado en La Palma Rueda en otras ediciones La jornada de exhibici\u00f3n del mi\u00e9rcoles 19 de mayo se completa con &#8218;\u00c9xodo clim\u00e1tico&#8216; y &#8218;El \u00faltimo&#8230;<\/p>\n","protected":false},"author":4,"featured_media":22291,"comment_status":"open","ping_status":"open","sticky":false,"template":"","format":"standard","meta":{"footnotes":""},"categories":[135],"tags":[284],"yoast_head":"<!-- This site is optimized with the Yoast SEO plugin v24.5 - https:\/\/yoast.com\/wordpress\/plugins\/seo\/ -->\n<title>El humorista y actor Aar\u00f3n G\u00f3mez presenta su primer proyecto de largometraje en la sesi\u00f3n de exhibici\u00f3n &#8902; Stars Island La Palma<\/title>\n<meta name=\"robots\" content=\"index, follow, max-snippet:-1, max-image-preview:large, max-video-preview:-1\" \/>\n<link rel=\"canonical\" href=\"https:\/\/www.starsislandlapalma.es\/de\/el-humorista-y-actor-aaron-gomez-presenta-su-primer-proyecto-de-largometraje-en-la-sesion-de-exhibicion\/\" \/>\n<meta property=\"og:locale\" content=\"de_DE\" \/>\n<meta property=\"og:type\" content=\"article\" \/>\n<meta property=\"og:title\" content=\"El humorista y actor Aar\u00f3n G\u00f3mez presenta su primer proyecto de largometraje en la sesi\u00f3n de exhibici\u00f3n &#8902; Stars Island La Palma\" \/>\n<meta property=\"og:description\" content=\"&#8218;Limbo&#8216;, que ver\u00e1 la luz en los pr\u00f3ximos meses, es el primer largometraje del polifac\u00e9tico artista tinerfe\u00f1o que ya hab\u00eda participado en La Palma Rueda en otras ediciones La jornada de exhibici\u00f3n del mi\u00e9rcoles 19 de mayo se completa con &#8218;\u00c9xodo clim\u00e1tico&#8216; y &#8218;El \u00faltimo...\" \/>\n<meta property=\"og:url\" content=\"https:\/\/www.starsislandlapalma.es\/de\/el-humorista-y-actor-aaron-gomez-presenta-su-primer-proyecto-de-largometraje-en-la-sesion-de-exhibicion\/\" \/>\n<meta property=\"og:site_name\" content=\"Stars Island La Palma\" \/>\n<meta property=\"article:publisher\" content=\"https:\/\/www.facebook.com\/pages\/Starsisland-La-Palma\/210888162375006?ref=hl\" \/>\n<meta property=\"article:published_time\" content=\"2021-05-18T11:01:28+00:00\" \/>\n<meta property=\"article:modified_time\" content=\"2021-05-25T13:00:08+00:00\" \/>\n<meta property=\"og:image\" content=\"https:\/\/www.starsislandlapalma.es\/wp-content\/uploads\/2021\/05\/Limbo_fotograma.jpeg\" \/>\n\t<meta property=\"og:image:width\" content=\"1600\" \/>\n\t<meta property=\"og:image:height\" content=\"900\" \/>\n\t<meta property=\"og:image:type\" content=\"image\/jpeg\" \/>\n<meta name=\"author\" content=\"StarsIsland\" \/>\n<meta name=\"twitter:label1\" content=\"Verfasst von\" \/>\n\t<meta name=\"twitter:data1\" content=\"StarsIsland\" \/>\n\t<meta name=\"twitter:label2\" content=\"Gesch\u00e4tzte Lesezeit\" \/>\n\t<meta name=\"twitter:data2\" content=\"4\u00a0Minuten\" \/>\n<script type=\"application\/ld+json\" class=\"yoast-schema-graph\">{\"@context\":\"https:\/\/schema.org\",\"@graph\":[{\"@type\":\"Article\",\"@id\":\"https:\/\/www.starsislandlapalma.es\/de\/el-humorista-y-actor-aaron-gomez-presenta-su-primer-proyecto-de-largometraje-en-la-sesion-de-exhibicion\/#article\",\"isPartOf\":{\"@id\":\"https:\/\/www.starsislandlapalma.es\/de\/el-humorista-y-actor-aaron-gomez-presenta-su-primer-proyecto-de-largometraje-en-la-sesion-de-exhibicion\/\"},\"author\":{\"name\":\"StarsIsland\",\"@id\":\"https:\/\/www.starsislandlapalma.es\/#\/schema\/person\/d2618b46c3dc5c031ddd56a658f9ab25\"},\"headline\":\"El humorista y actor Aar\u00f3n G\u00f3mez presenta su primer proyecto de largometraje en la sesi\u00f3n de exhibici\u00f3n\",\"datePublished\":\"2021-05-18T11:01:28+00:00\",\"dateModified\":\"2021-05-25T13:00:08+00:00\",\"mainEntityOfPage\":{\"@id\":\"https:\/\/www.starsislandlapalma.es\/de\/el-humorista-y-actor-aaron-gomez-presenta-su-primer-proyecto-de-largometraje-en-la-sesion-de-exhibicion\/\"},\"wordCount\":778,\"commentCount\":0,\"publisher\":{\"@id\":\"https:\/\/www.starsislandlapalma.es\/#organization\"},\"image\":{\"@id\":\"https:\/\/www.starsislandlapalma.es\/de\/el-humorista-y-actor-aaron-gomez-presenta-su-primer-proyecto-de-largometraje-en-la-sesion-de-exhibicion\/#primaryimage\"},\"thumbnailUrl\":\"https:\/\/www.starsislandlapalma.es\/wp-content\/uploads\/2021\/05\/Limbo_fotograma.jpeg\",\"keywords\":[\"Festivalito La Palma\"],\"articleSection\":[\"Nachricht\"],\"inLanguage\":\"de\",\"potentialAction\":[{\"@type\":\"CommentAction\",\"name\":\"Comment\",\"target\":[\"https:\/\/www.starsislandlapalma.es\/de\/el-humorista-y-actor-aaron-gomez-presenta-su-primer-proyecto-de-largometraje-en-la-sesion-de-exhibicion\/#respond\"]}]},{\"@type\":\"WebPage\",\"@id\":\"https:\/\/www.starsislandlapalma.es\/de\/el-humorista-y-actor-aaron-gomez-presenta-su-primer-proyecto-de-largometraje-en-la-sesion-de-exhibicion\/\",\"url\":\"https:\/\/www.starsislandlapalma.es\/de\/el-humorista-y-actor-aaron-gomez-presenta-su-primer-proyecto-de-largometraje-en-la-sesion-de-exhibicion\/\",\"name\":\"El humorista y actor Aar\u00f3n G\u00f3mez presenta su primer proyecto de largometraje en la sesi\u00f3n de exhibici\u00f3n &#8902; Stars Island La Palma\",\"isPartOf\":{\"@id\":\"https:\/\/www.starsislandlapalma.es\/#website\"},\"primaryImageOfPage\":{\"@id\":\"https:\/\/www.starsislandlapalma.es\/de\/el-humorista-y-actor-aaron-gomez-presenta-su-primer-proyecto-de-largometraje-en-la-sesion-de-exhibicion\/#primaryimage\"},\"image\":{\"@id\":\"https:\/\/www.starsislandlapalma.es\/de\/el-humorista-y-actor-aaron-gomez-presenta-su-primer-proyecto-de-largometraje-en-la-sesion-de-exhibicion\/#primaryimage\"},\"thumbnailUrl\":\"https:\/\/www.starsislandlapalma.es\/wp-content\/uploads\/2021\/05\/Limbo_fotograma.jpeg\",\"datePublished\":\"2021-05-18T11:01:28+00:00\",\"dateModified\":\"2021-05-25T13:00:08+00:00\",\"breadcrumb\":{\"@id\":\"https:\/\/www.starsislandlapalma.es\/de\/el-humorista-y-actor-aaron-gomez-presenta-su-primer-proyecto-de-largometraje-en-la-sesion-de-exhibicion\/#breadcrumb\"},\"inLanguage\":\"de\",\"potentialAction\":[{\"@type\":\"ReadAction\",\"target\":[\"https:\/\/www.starsislandlapalma.es\/de\/el-humorista-y-actor-aaron-gomez-presenta-su-primer-proyecto-de-largometraje-en-la-sesion-de-exhibicion\/\"]}]},{\"@type\":\"ImageObject\",\"inLanguage\":\"de\",\"@id\":\"https:\/\/www.starsislandlapalma.es\/de\/el-humorista-y-actor-aaron-gomez-presenta-su-primer-proyecto-de-largometraje-en-la-sesion-de-exhibicion\/#primaryimage\",\"url\":\"https:\/\/www.starsislandlapalma.es\/wp-content\/uploads\/2021\/05\/Limbo_fotograma.jpeg\",\"contentUrl\":\"https:\/\/www.starsislandlapalma.es\/wp-content\/uploads\/2021\/05\/Limbo_fotograma.jpeg\",\"width\":1600,\"height\":900},{\"@type\":\"BreadcrumbList\",\"@id\":\"https:\/\/www.starsislandlapalma.es\/de\/el-humorista-y-actor-aaron-gomez-presenta-su-primer-proyecto-de-largometraje-en-la-sesion-de-exhibicion\/#breadcrumb\",\"itemListElement\":[{\"@type\":\"ListItem\",\"position\":1,\"name\":\"Portada\",\"item\":\"https:\/\/www.starsislandlapalma.es\/de\/\"},{\"@type\":\"ListItem\",\"position\":2,\"name\":\"El humorista y actor Aar\u00f3n G\u00f3mez presenta su primer proyecto de largometraje en la sesi\u00f3n de exhibici\u00f3n\"}]},{\"@type\":\"WebSite\",\"@id\":\"https:\/\/www.starsislandlapalma.es\/#website\",\"url\":\"https:\/\/www.starsislandlapalma.es\/\",\"name\":\"Stars Island La Palma\",\"description\":\"La Palma, el lugar perfecto para disfrutar del universo. Primera Reserva Starlight del mundo, en 2012 se reconoce como Destino Tur\u00edstico Starlight\",\"publisher\":{\"@id\":\"https:\/\/www.starsislandlapalma.es\/#organization\"},\"potentialAction\":[{\"@type\":\"SearchAction\",\"target\":{\"@type\":\"EntryPoint\",\"urlTemplate\":\"https:\/\/www.starsislandlapalma.es\/?s={search_term_string}\"},\"query-input\":{\"@type\":\"PropertyValueSpecification\",\"valueRequired\":true,\"valueName\":\"search_term_string\"}}],\"inLanguage\":\"de\"},{\"@type\":\"Organization\",\"@id\":\"https:\/\/www.starsislandlapalma.es\/#organization\",\"name\":\"Star Island La Palma\",\"url\":\"https:\/\/www.starsislandlapalma.es\/\",\"logo\":{\"@type\":\"ImageObject\",\"inLanguage\":\"de\",\"@id\":\"https:\/\/www.starsislandlapalma.es\/#\/schema\/logo\/image\/\",\"url\":\"https:\/\/www.starsislandlapalma.es\/wp-content\/uploads\/2022\/01\/logo_starisland.png\",\"contentUrl\":\"https:\/\/www.starsislandlapalma.es\/wp-content\/uploads\/2022\/01\/logo_starisland.png\",\"width\":172,\"height\":139,\"caption\":\"Star Island La Palma\"},\"image\":{\"@id\":\"https:\/\/www.starsislandlapalma.es\/#\/schema\/logo\/image\/\"},\"sameAs\":[\"https:\/\/www.facebook.com\/pages\/Starsisland-La-Palma\/210888162375006?ref=hl\",\"https:\/\/x.com\/starsislandlapa\",\"https:\/\/www.pinterest.com\/astroturismo\/\",\"https:\/\/www.youtube.com\/channel\/UCV7sju1ggcBpJG39HQCBtsA\"]},{\"@type\":\"Person\",\"@id\":\"https:\/\/www.starsislandlapalma.es\/#\/schema\/person\/d2618b46c3dc5c031ddd56a658f9ab25\",\"name\":\"StarsIsland\",\"image\":{\"@type\":\"ImageObject\",\"inLanguage\":\"de\",\"@id\":\"https:\/\/www.starsislandlapalma.es\/#\/schema\/person\/image\/\",\"url\":\"https:\/\/secure.gravatar.com\/avatar\/30a35f2b7b8f976566433f1ab7d6402f?s=96&d=mm&r=g\",\"contentUrl\":\"https:\/\/secure.gravatar.com\/avatar\/30a35f2b7b8f976566433f1ab7d6402f?s=96&d=mm&r=g\",\"caption\":\"StarsIsland\"},\"url\":\"https:\/\/www.starsislandlapalma.es\/de\/author\/starsisland\/\"}]}<\/script>\n<!-- \/ Yoast SEO plugin. -->","yoast_head_json":{"title":"El humorista y actor Aar\u00f3n G\u00f3mez presenta su primer proyecto de largometraje en la sesi\u00f3n de exhibici\u00f3n &#8902; Stars Island La Palma","robots":{"index":"index","follow":"follow","max-snippet":"max-snippet:-1","max-image-preview":"max-image-preview:large","max-video-preview":"max-video-preview:-1"},"canonical":"https:\/\/www.starsislandlapalma.es\/de\/el-humorista-y-actor-aaron-gomez-presenta-su-primer-proyecto-de-largometraje-en-la-sesion-de-exhibicion\/","og_locale":"de_DE","og_type":"article","og_title":"El humorista y actor Aar\u00f3n G\u00f3mez presenta su primer proyecto de largometraje en la sesi\u00f3n de exhibici\u00f3n &#8902; Stars Island La Palma","og_description":"&#8218;Limbo&#8216;, que ver\u00e1 la luz en los pr\u00f3ximos meses, es el primer largometraje del polifac\u00e9tico artista tinerfe\u00f1o que ya hab\u00eda participado en La Palma Rueda en otras ediciones La jornada de exhibici\u00f3n del mi\u00e9rcoles 19 de mayo se completa con &#8218;\u00c9xodo clim\u00e1tico&#8216; y &#8218;El \u00faltimo...","og_url":"https:\/\/www.starsislandlapalma.es\/de\/el-humorista-y-actor-aaron-gomez-presenta-su-primer-proyecto-de-largometraje-en-la-sesion-de-exhibicion\/","og_site_name":"Stars Island La Palma","article_publisher":"https:\/\/www.facebook.com\/pages\/Starsisland-La-Palma\/210888162375006?ref=hl","article_published_time":"2021-05-18T11:01:28+00:00","article_modified_time":"2021-05-25T13:00:08+00:00","og_image":[{"width":1600,"height":900,"url":"https:\/\/www.starsislandlapalma.es\/wp-content\/uploads\/2021\/05\/Limbo_fotograma.jpeg","type":"image\/jpeg"}],"author":"StarsIsland","twitter_misc":{"Verfasst von":"StarsIsland","Gesch\u00e4tzte Lesezeit":"4\u00a0Minuten"},"schema":{"@context":"https:\/\/schema.org","@graph":[{"@type":"Article","@id":"https:\/\/www.starsislandlapalma.es\/de\/el-humorista-y-actor-aaron-gomez-presenta-su-primer-proyecto-de-largometraje-en-la-sesion-de-exhibicion\/#article","isPartOf":{"@id":"https:\/\/www.starsislandlapalma.es\/de\/el-humorista-y-actor-aaron-gomez-presenta-su-primer-proyecto-de-largometraje-en-la-sesion-de-exhibicion\/"},"author":{"name":"StarsIsland","@id":"https:\/\/www.starsislandlapalma.es\/#\/schema\/person\/d2618b46c3dc5c031ddd56a658f9ab25"},"headline":"El humorista y actor Aar\u00f3n G\u00f3mez presenta su primer proyecto de largometraje en la sesi\u00f3n de exhibici\u00f3n","datePublished":"2021-05-18T11:01:28+00:00","dateModified":"2021-05-25T13:00:08+00:00","mainEntityOfPage":{"@id":"https:\/\/www.starsislandlapalma.es\/de\/el-humorista-y-actor-aaron-gomez-presenta-su-primer-proyecto-de-largometraje-en-la-sesion-de-exhibicion\/"},"wordCount":778,"commentCount":0,"publisher":{"@id":"https:\/\/www.starsislandlapalma.es\/#organization"},"image":{"@id":"https:\/\/www.starsislandlapalma.es\/de\/el-humorista-y-actor-aaron-gomez-presenta-su-primer-proyecto-de-largometraje-en-la-sesion-de-exhibicion\/#primaryimage"},"thumbnailUrl":"https:\/\/www.starsislandlapalma.es\/wp-content\/uploads\/2021\/05\/Limbo_fotograma.jpeg","keywords":["Festivalito La Palma"],"articleSection":["Nachricht"],"inLanguage":"de","potentialAction":[{"@type":"CommentAction","name":"Comment","target":["https:\/\/www.starsislandlapalma.es\/de\/el-humorista-y-actor-aaron-gomez-presenta-su-primer-proyecto-de-largometraje-en-la-sesion-de-exhibicion\/#respond"]}]},{"@type":"WebPage","@id":"https:\/\/www.starsislandlapalma.es\/de\/el-humorista-y-actor-aaron-gomez-presenta-su-primer-proyecto-de-largometraje-en-la-sesion-de-exhibicion\/","url":"https:\/\/www.starsislandlapalma.es\/de\/el-humorista-y-actor-aaron-gomez-presenta-su-primer-proyecto-de-largometraje-en-la-sesion-de-exhibicion\/","name":"El humorista y actor Aar\u00f3n G\u00f3mez presenta su primer proyecto de largometraje en la sesi\u00f3n de exhibici\u00f3n &#8902; Stars Island La Palma","isPartOf":{"@id":"https:\/\/www.starsislandlapalma.es\/#website"},"primaryImageOfPage":{"@id":"https:\/\/www.starsislandlapalma.es\/de\/el-humorista-y-actor-aaron-gomez-presenta-su-primer-proyecto-de-largometraje-en-la-sesion-de-exhibicion\/#primaryimage"},"image":{"@id":"https:\/\/www.starsislandlapalma.es\/de\/el-humorista-y-actor-aaron-gomez-presenta-su-primer-proyecto-de-largometraje-en-la-sesion-de-exhibicion\/#primaryimage"},"thumbnailUrl":"https:\/\/www.starsislandlapalma.es\/wp-content\/uploads\/2021\/05\/Limbo_fotograma.jpeg","datePublished":"2021-05-18T11:01:28+00:00","dateModified":"2021-05-25T13:00:08+00:00","breadcrumb":{"@id":"https:\/\/www.starsislandlapalma.es\/de\/el-humorista-y-actor-aaron-gomez-presenta-su-primer-proyecto-de-largometraje-en-la-sesion-de-exhibicion\/#breadcrumb"},"inLanguage":"de","potentialAction":[{"@type":"ReadAction","target":["https:\/\/www.starsislandlapalma.es\/de\/el-humorista-y-actor-aaron-gomez-presenta-su-primer-proyecto-de-largometraje-en-la-sesion-de-exhibicion\/"]}]},{"@type":"ImageObject","inLanguage":"de","@id":"https:\/\/www.starsislandlapalma.es\/de\/el-humorista-y-actor-aaron-gomez-presenta-su-primer-proyecto-de-largometraje-en-la-sesion-de-exhibicion\/#primaryimage","url":"https:\/\/www.starsislandlapalma.es\/wp-content\/uploads\/2021\/05\/Limbo_fotograma.jpeg","contentUrl":"https:\/\/www.starsislandlapalma.es\/wp-content\/uploads\/2021\/05\/Limbo_fotograma.jpeg","width":1600,"height":900},{"@type":"BreadcrumbList","@id":"https:\/\/www.starsislandlapalma.es\/de\/el-humorista-y-actor-aaron-gomez-presenta-su-primer-proyecto-de-largometraje-en-la-sesion-de-exhibicion\/#breadcrumb","itemListElement":[{"@type":"ListItem","position":1,"name":"Portada","item":"https:\/\/www.starsislandlapalma.es\/de\/"},{"@type":"ListItem","position":2,"name":"El humorista y actor Aar\u00f3n G\u00f3mez presenta su primer proyecto de largometraje en la sesi\u00f3n de exhibici\u00f3n"}]},{"@type":"WebSite","@id":"https:\/\/www.starsislandlapalma.es\/#website","url":"https:\/\/www.starsislandlapalma.es\/","name":"Stars Island La Palma","description":"La Palma, el lugar perfecto para disfrutar del universo. Primera Reserva Starlight del mundo, en 2012 se reconoce como Destino Tur\u00edstico Starlight","publisher":{"@id":"https:\/\/www.starsislandlapalma.es\/#organization"},"potentialAction":[{"@type":"SearchAction","target":{"@type":"EntryPoint","urlTemplate":"https:\/\/www.starsislandlapalma.es\/?s={search_term_string}"},"query-input":{"@type":"PropertyValueSpecification","valueRequired":true,"valueName":"search_term_string"}}],"inLanguage":"de"},{"@type":"Organization","@id":"https:\/\/www.starsislandlapalma.es\/#organization","name":"Star Island La Palma","url":"https:\/\/www.starsislandlapalma.es\/","logo":{"@type":"ImageObject","inLanguage":"de","@id":"https:\/\/www.starsislandlapalma.es\/#\/schema\/logo\/image\/","url":"https:\/\/www.starsislandlapalma.es\/wp-content\/uploads\/2022\/01\/logo_starisland.png","contentUrl":"https:\/\/www.starsislandlapalma.es\/wp-content\/uploads\/2022\/01\/logo_starisland.png","width":172,"height":139,"caption":"Star Island La Palma"},"image":{"@id":"https:\/\/www.starsislandlapalma.es\/#\/schema\/logo\/image\/"},"sameAs":["https:\/\/www.facebook.com\/pages\/Starsisland-La-Palma\/210888162375006?ref=hl","https:\/\/x.com\/starsislandlapa","https:\/\/www.pinterest.com\/astroturismo\/","https:\/\/www.youtube.com\/channel\/UCV7sju1ggcBpJG39HQCBtsA"]},{"@type":"Person","@id":"https:\/\/www.starsislandlapalma.es\/#\/schema\/person\/d2618b46c3dc5c031ddd56a658f9ab25","name":"StarsIsland","image":{"@type":"ImageObject","inLanguage":"de","@id":"https:\/\/www.starsislandlapalma.es\/#\/schema\/person\/image\/","url":"https:\/\/secure.gravatar.com\/avatar\/30a35f2b7b8f976566433f1ab7d6402f?s=96&d=mm&r=g","contentUrl":"https:\/\/secure.gravatar.com\/avatar\/30a35f2b7b8f976566433f1ab7d6402f?s=96&d=mm&r=g","caption":"StarsIsland"},"url":"https:\/\/www.starsislandlapalma.es\/de\/author\/starsisland\/"}]}},"_links":{"self":[{"href":"https:\/\/www.starsislandlapalma.es\/de\/wp-json\/wp\/v2\/posts\/22369\/"}],"collection":[{"href":"https:\/\/www.starsislandlapalma.es\/de\/wp-json\/wp\/v2\/posts\/"}],"about":[{"href":"https:\/\/www.starsislandlapalma.es\/de\/wp-json\/wp\/v2\/types\/post\/"}],"author":[{"embeddable":true,"href":"https:\/\/www.starsislandlapalma.es\/de\/wp-json\/wp\/v2\/users\/4\/"}],"replies":[{"embeddable":true,"href":"https:\/\/www.starsislandlapalma.es\/de\/wp-json\/wp\/v2\/comments\/?post=22369"}],"version-history":[{"count":0,"href":"https:\/\/www.starsislandlapalma.es\/de\/wp-json\/wp\/v2\/posts\/22369\/revisions\/"}],"wp:featuredmedia":[{"embeddable":true,"href":"https:\/\/www.starsislandlapalma.es\/de\/wp-json\/wp\/v2\/media\/22291\/"}],"wp:attachment":[{"href":"https:\/\/www.starsislandlapalma.es\/de\/wp-json\/wp\/v2\/media\/?parent=22369"}],"wp:term":[{"taxonomy":"category","embeddable":true,"href":"https:\/\/www.starsislandlapalma.es\/de\/wp-json\/wp\/v2\/categories\/?post=22369"},{"taxonomy":"post_tag","embeddable":true,"href":"https:\/\/www.starsislandlapalma.es\/de\/wp-json\/wp\/v2\/tags\/?post=22369"}],"curies":[{"name":"wp","href":"https:\/\/api.w.org\/{rel}","templated":true}]}}