{"id":22387,"date":"2015-04-20T12:15:34","date_gmt":"2015-04-20T12:15:34","guid":{"rendered":"https:\/\/www.starsislandlapalma.es\/la-isla-celebra-el-octavo-aniversario-de-la-declaracion-starlight\/"},"modified":"2021-05-25T13:23:59","modified_gmt":"2021-05-25T13:23:59","slug":"la-isla-celebra-el-octavo-aniversario-de-la-declaracion-starlight","status":"publish","type":"post","link":"https:\/\/www.starsislandlapalma.es\/de\/la-isla-celebra-el-octavo-aniversario-de-la-declaracion-starlight\/","title":{"rendered":"La Isla celebra el octavo aniversario de la \u2018Declaraci\u00f3n Starlight\u2019"},"content":{"rendered":"<p class=\"mce\" style=\"text-align: justify;\">La Palma ha celebrado este lunes, 20 de abril, el octavo aniversario de su declaraci\u00f3n como entorno \u2018Starlight\u2019 por la calidad y transparencia de su b\u00f3veda celeste. El acto institucional tuvo lugar, a partir de las 19:15 horas, en el Sal\u00f3n Noble de la Casa de Salazar de Santa Cruz de La Palma. A\u00a0 continuaci\u00f3n se inaugur\u00f3 una exposici\u00f3n referida al tema. Estuvieron presentes el presidente del Cabildo de La Palma, Anselmo Pestana; el consejero de Turismo, Ra\u00fal Camacho; el gerente de la Reserva Mundial de la Biosfera, Antonio San Blas; y representantes de la Asociaci\u00f3n para el Desarrollo Rural (Ader) de la Isla.<\/p>\n<p class=\"mce\" style=\"text-align: justify;\">Desde el a\u00f1o 1988, La Palma \u201cse ha convertido en referente internacional de la estrategia de protecci\u00f3n de la calidad de los cielos establecida en la Ley del Cielo\u201d, informa la Reserva Mundial de la Biosfera. A lo largo de los a\u00f1os, a\u00f1ade, \u201clos anhelos alentados por la necesidad de proteger el cielo nocturno y la ambici\u00f3n de extender esta cultura y sus beneficios al conjunto de la sociedad dieron lugar a la celebraci\u00f3n de la Conferencia Internacional Starlight en el a\u00f1o 2007 en la Isla\u201d.<\/p>\n<p class=\"mce\" style=\"text-align: justify;\">Esta Conferencia culmin\u00f3 con la Declaraci\u00f3n sobre la Defensa del Cielo Nocturno y el Derecho a la Luz de las Estrellas \u2018Starlight\u2019, conocida como Declaraci\u00f3n de La Palma.<\/p>\n<p class=\"mce\" style=\"text-align: justify;\">Este hecho marca \u201cun hito en el compromiso por encontrar nuevas oportunidades para el desarrollo social y econ\u00f3mico de la mano de la calidad de sus cielos y la presencia de las instalaciones cient\u00edficas astrof\u00edsicas en El Roque de Los Muchachos\u201d.<\/p>\n<p class=\"mce\" style=\"text-align: justify;\">Los participantes de la Conferencia Internacional en Defensa de la Calidad del Cielo Nocturno y el Derecho a Observar las Estrellas, conjuntamente con los representantes de la Unesco, OMT, IAU, y otras agencias y organizaciones internacional citadas en la versi\u00f3n \u00edntegra de la Declaraci\u00f3n, as\u00ed como miembros de la comunidad cient\u00edfica y acad\u00e9mica, reunidos en La Palma el 20 de abril de 2007, \u201csiendo conscientes que la visi\u00f3n de la luz de las estrellas ha sido y es una inspiraci\u00f3n para toda la Humanidad, y que su observaci\u00f3n ha representado un elemento esencial en el desarrollo cultural y cient\u00edfico de todas las civilizaciones\u201d, acordadaron la aludida declaraci\u00f3n en la que se indica que \u201cel derecho a un cielo nocturno no contaminado que permita disfrutar de la contemplaci\u00f3n del firmamento, debe considerarse como un derecho inalienable de la Humanidad, equiparable al resto de los derechos ambientales, sociales y culturales. La progresiva degradaci\u00f3n del cielo nocturno ha de ser considerada como un riesgo inminente que conlleva la p\u00e9rdida de un recurso fundamental\u201d.<\/p>\n<p class=\"mce\" style=\"text-align: justify;\">En la rese\u00f1ada declaraci\u00f3n se apunta asimismo que \u201cel conocimiento, apoyado en la educaci\u00f3n, constituye la clave que permite integrar la ciencia en nuestra cultura actual, contribuyendo al avance de toda la Humanidad. La difusi\u00f3n de la astronom\u00eda y de los valores cient\u00edficos y culturales asociados deber\u00e1n considerarse como contenidos b\u00e1sicos a incluir en la actividad educativa&#8220;.<\/p>\n<p class=\"mce\" style=\"text-align: justify;\">Tambi\u00e9n indica que \u201cel control de la contaminaci\u00f3n lum\u00ednica debe ser un requisito b\u00e1sico en las pol\u00edticas de conservaci\u00f3n de la naturaleza dado\u00a0 el impacto\u00a0 que genera sobre muchas especies, h\u00e1bitats, ecosistemas y paisajes\u201d.<\/p>\n","protected":false},"excerpt":{"rendered":"<p>La Palma ha celebrado este lunes, 20 de abril, el octavo aniversario de su declaraci\u00f3n como entorno \u2018Starlight\u2019 por la calidad y transparencia de su b\u00f3veda celeste. El acto institucional tuvo lugar, a partir de las 19:15 horas, en el Sal\u00f3n Noble de la Casa&#8230;<\/p>\n","protected":false},"author":1,"featured_media":22388,"comment_status":"open","ping_status":"open","sticky":false,"template":"","format":"standard","meta":{"footnotes":""},"categories":[135],"tags":[],"yoast_head":"<!-- This site is optimized with the Yoast SEO plugin v24.5 - https:\/\/yoast.com\/wordpress\/plugins\/seo\/ -->\n<title>La Isla celebra el octavo aniversario de la \u2018Declaraci\u00f3n Starlight\u2019 &#8902; Stars Island La Palma<\/title>\n<meta name=\"robots\" content=\"index, follow, max-snippet:-1, max-image-preview:large, max-video-preview:-1\" \/>\n<link rel=\"canonical\" href=\"https:\/\/www.starsislandlapalma.es\/de\/la-isla-celebra-el-octavo-aniversario-de-la-declaracion-starlight\/\" \/>\n<meta property=\"og:locale\" content=\"de_DE\" \/>\n<meta property=\"og:type\" content=\"article\" \/>\n<meta property=\"og:title\" content=\"La Isla celebra el octavo aniversario de la \u2018Declaraci\u00f3n Starlight\u2019 &#8902; Stars Island La Palma\" \/>\n<meta property=\"og:description\" content=\"La Palma ha celebrado este lunes, 20 de abril, el octavo aniversario de su declaraci\u00f3n como entorno \u2018Starlight\u2019 por la calidad y transparencia de su b\u00f3veda celeste. El acto institucional tuvo lugar, a partir de las 19:15 horas, en el Sal\u00f3n Noble de la Casa...\" \/>\n<meta property=\"og:url\" content=\"https:\/\/www.starsislandlapalma.es\/de\/la-isla-celebra-el-octavo-aniversario-de-la-declaracion-starlight\/\" \/>\n<meta property=\"og:site_name\" content=\"Stars Island La Palma\" \/>\n<meta property=\"article:publisher\" content=\"https:\/\/www.facebook.com\/pages\/Starsisland-La-Palma\/210888162375006?ref=hl\" \/>\n<meta property=\"article:published_time\" content=\"2015-04-20T12:15:34+00:00\" \/>\n<meta property=\"article:modified_time\" content=\"2021-05-25T13:23:59+00:00\" \/>\n<meta property=\"og:image\" content=\"https:\/\/www.starsislandlapalma.es\/wp-content\/uploads\/2015\/05\/Isla-celebra-aniversario-Declaracion-Starlight.jpg\" \/>\n\t<meta property=\"og:image:width\" content=\"643\" \/>\n\t<meta property=\"og:image:height\" content=\"362\" \/>\n\t<meta property=\"og:image:type\" content=\"image\/jpeg\" \/>\n<meta name=\"author\" content=\"Stars Island La Palma\" \/>\n<meta name=\"twitter:label1\" content=\"Verfasst von\" \/>\n\t<meta name=\"twitter:data1\" content=\"Stars Island La Palma\" \/>\n\t<meta name=\"twitter:label2\" content=\"Gesch\u00e4tzte Lesezeit\" \/>\n\t<meta name=\"twitter:data2\" content=\"3\u00a0Minuten\" \/>\n<script type=\"application\/ld+json\" class=\"yoast-schema-graph\">{\"@context\":\"https:\/\/schema.org\",\"@graph\":[{\"@type\":\"Article\",\"@id\":\"https:\/\/www.starsislandlapalma.es\/de\/la-isla-celebra-el-octavo-aniversario-de-la-declaracion-starlight\/#article\",\"isPartOf\":{\"@id\":\"https:\/\/www.starsislandlapalma.es\/de\/la-isla-celebra-el-octavo-aniversario-de-la-declaracion-starlight\/\"},\"author\":{\"name\":\"Stars Island La Palma\",\"@id\":\"https:\/\/www.starsislandlapalma.es\/#\/schema\/person\/9043f5bd4f379ca7532bf525fa88073b\"},\"headline\":\"La Isla celebra el octavo aniversario de la \u2018Declaraci\u00f3n Starlight\u2019\",\"datePublished\":\"2015-04-20T12:15:34+00:00\",\"dateModified\":\"2021-05-25T13:23:59+00:00\",\"mainEntityOfPage\":{\"@id\":\"https:\/\/www.starsislandlapalma.es\/de\/la-isla-celebra-el-octavo-aniversario-de-la-declaracion-starlight\/\"},\"wordCount\":571,\"commentCount\":0,\"publisher\":{\"@id\":\"https:\/\/www.starsislandlapalma.es\/#organization\"},\"image\":{\"@id\":\"https:\/\/www.starsislandlapalma.es\/de\/la-isla-celebra-el-octavo-aniversario-de-la-declaracion-starlight\/#primaryimage\"},\"thumbnailUrl\":\"https:\/\/www.starsislandlapalma.es\/wp-content\/uploads\/2015\/05\/Isla-celebra-aniversario-Declaracion-Starlight.jpg\",\"articleSection\":[\"Nachricht\"],\"inLanguage\":\"de\",\"potentialAction\":[{\"@type\":\"CommentAction\",\"name\":\"Comment\",\"target\":[\"https:\/\/www.starsislandlapalma.es\/de\/la-isla-celebra-el-octavo-aniversario-de-la-declaracion-starlight\/#respond\"]}]},{\"@type\":\"WebPage\",\"@id\":\"https:\/\/www.starsislandlapalma.es\/de\/la-isla-celebra-el-octavo-aniversario-de-la-declaracion-starlight\/\",\"url\":\"https:\/\/www.starsislandlapalma.es\/de\/la-isla-celebra-el-octavo-aniversario-de-la-declaracion-starlight\/\",\"name\":\"La Isla celebra el octavo aniversario de la \u2018Declaraci\u00f3n Starlight\u2019 &#8902; Stars Island La Palma\",\"isPartOf\":{\"@id\":\"https:\/\/www.starsislandlapalma.es\/#website\"},\"primaryImageOfPage\":{\"@id\":\"https:\/\/www.starsislandlapalma.es\/de\/la-isla-celebra-el-octavo-aniversario-de-la-declaracion-starlight\/#primaryimage\"},\"image\":{\"@id\":\"https:\/\/www.starsislandlapalma.es\/de\/la-isla-celebra-el-octavo-aniversario-de-la-declaracion-starlight\/#primaryimage\"},\"thumbnailUrl\":\"https:\/\/www.starsislandlapalma.es\/wp-content\/uploads\/2015\/05\/Isla-celebra-aniversario-Declaracion-Starlight.jpg\",\"datePublished\":\"2015-04-20T12:15:34+00:00\",\"dateModified\":\"2021-05-25T13:23:59+00:00\",\"breadcrumb\":{\"@id\":\"https:\/\/www.starsislandlapalma.es\/de\/la-isla-celebra-el-octavo-aniversario-de-la-declaracion-starlight\/#breadcrumb\"},\"inLanguage\":\"de\",\"potentialAction\":[{\"@type\":\"ReadAction\",\"target\":[\"https:\/\/www.starsislandlapalma.es\/de\/la-isla-celebra-el-octavo-aniversario-de-la-declaracion-starlight\/\"]}]},{\"@type\":\"ImageObject\",\"inLanguage\":\"de\",\"@id\":\"https:\/\/www.starsislandlapalma.es\/de\/la-isla-celebra-el-octavo-aniversario-de-la-declaracion-starlight\/#primaryimage\",\"url\":\"https:\/\/www.starsislandlapalma.es\/wp-content\/uploads\/2015\/05\/Isla-celebra-aniversario-Declaracion-Starlight.jpg\",\"contentUrl\":\"https:\/\/www.starsislandlapalma.es\/wp-content\/uploads\/2015\/05\/Isla-celebra-aniversario-Declaracion-Starlight.jpg\",\"width\":643,\"height\":362},{\"@type\":\"BreadcrumbList\",\"@id\":\"https:\/\/www.starsislandlapalma.es\/de\/la-isla-celebra-el-octavo-aniversario-de-la-declaracion-starlight\/#breadcrumb\",\"itemListElement\":[{\"@type\":\"ListItem\",\"position\":1,\"name\":\"Portada\",\"item\":\"https:\/\/www.starsislandlapalma.es\/de\/\"},{\"@type\":\"ListItem\",\"position\":2,\"name\":\"La Isla celebra el octavo aniversario de la \u2018Declaraci\u00f3n Starlight\u2019\"}]},{\"@type\":\"WebSite\",\"@id\":\"https:\/\/www.starsislandlapalma.es\/#website\",\"url\":\"https:\/\/www.starsislandlapalma.es\/\",\"name\":\"Stars Island La Palma\",\"description\":\"La Palma, el lugar perfecto para disfrutar del universo. Primera Reserva Starlight del mundo, en 2012 se reconoce como Destino Tur\u00edstico Starlight\",\"publisher\":{\"@id\":\"https:\/\/www.starsislandlapalma.es\/#organization\"},\"potentialAction\":[{\"@type\":\"SearchAction\",\"target\":{\"@type\":\"EntryPoint\",\"urlTemplate\":\"https:\/\/www.starsislandlapalma.es\/?s={search_term_string}\"},\"query-input\":{\"@type\":\"PropertyValueSpecification\",\"valueRequired\":true,\"valueName\":\"search_term_string\"}}],\"inLanguage\":\"de\"},{\"@type\":\"Organization\",\"@id\":\"https:\/\/www.starsislandlapalma.es\/#organization\",\"name\":\"Star Island La Palma\",\"url\":\"https:\/\/www.starsislandlapalma.es\/\",\"logo\":{\"@type\":\"ImageObject\",\"inLanguage\":\"de\",\"@id\":\"https:\/\/www.starsislandlapalma.es\/#\/schema\/logo\/image\/\",\"url\":\"https:\/\/www.starsislandlapalma.es\/wp-content\/uploads\/2022\/01\/logo_starisland.png\",\"contentUrl\":\"https:\/\/www.starsislandlapalma.es\/wp-content\/uploads\/2022\/01\/logo_starisland.png\",\"width\":172,\"height\":139,\"caption\":\"Star Island La Palma\"},\"image\":{\"@id\":\"https:\/\/www.starsislandlapalma.es\/#\/schema\/logo\/image\/\"},\"sameAs\":[\"https:\/\/www.facebook.com\/pages\/Starsisland-La-Palma\/210888162375006?ref=hl\",\"https:\/\/x.com\/starsislandlapa\",\"https:\/\/www.pinterest.com\/astroturismo\/\",\"https:\/\/www.youtube.com\/channel\/UCV7sju1ggcBpJG39HQCBtsA\"]},{\"@type\":\"Person\",\"@id\":\"https:\/\/www.starsislandlapalma.es\/#\/schema\/person\/9043f5bd4f379ca7532bf525fa88073b\",\"name\":\"Stars Island La Palma\",\"image\":{\"@type\":\"ImageObject\",\"inLanguage\":\"de\",\"@id\":\"https:\/\/www.starsislandlapalma.es\/#\/schema\/person\/image\/\",\"url\":\"https:\/\/secure.gravatar.com\/avatar\/214edfeae37af83662fa1058aeebfb41?s=96&d=mm&r=g\",\"contentUrl\":\"https:\/\/secure.gravatar.com\/avatar\/214edfeae37af83662fa1058aeebfb41?s=96&d=mm&r=g\",\"caption\":\"Stars Island La Palma\"},\"url\":\"https:\/\/www.starsislandlapalma.es\/de\/author\/star\/\"}]}<\/script>\n<!-- \/ Yoast SEO plugin. -->","yoast_head_json":{"title":"La Isla celebra el octavo aniversario de la \u2018Declaraci\u00f3n Starlight\u2019 &#8902; Stars Island La Palma","robots":{"index":"index","follow":"follow","max-snippet":"max-snippet:-1","max-image-preview":"max-image-preview:large","max-video-preview":"max-video-preview:-1"},"canonical":"https:\/\/www.starsislandlapalma.es\/de\/la-isla-celebra-el-octavo-aniversario-de-la-declaracion-starlight\/","og_locale":"de_DE","og_type":"article","og_title":"La Isla celebra el octavo aniversario de la \u2018Declaraci\u00f3n Starlight\u2019 &#8902; Stars Island La Palma","og_description":"La Palma ha celebrado este lunes, 20 de abril, el octavo aniversario de su declaraci\u00f3n como entorno \u2018Starlight\u2019 por la calidad y transparencia de su b\u00f3veda celeste. El acto institucional tuvo lugar, a partir de las 19:15 horas, en el Sal\u00f3n Noble de la Casa...","og_url":"https:\/\/www.starsislandlapalma.es\/de\/la-isla-celebra-el-octavo-aniversario-de-la-declaracion-starlight\/","og_site_name":"Stars Island La Palma","article_publisher":"https:\/\/www.facebook.com\/pages\/Starsisland-La-Palma\/210888162375006?ref=hl","article_published_time":"2015-04-20T12:15:34+00:00","article_modified_time":"2021-05-25T13:23:59+00:00","og_image":[{"width":643,"height":362,"url":"https:\/\/www.starsislandlapalma.es\/wp-content\/uploads\/2015\/05\/Isla-celebra-aniversario-Declaracion-Starlight.jpg","type":"image\/jpeg"}],"author":"Stars Island La Palma","twitter_misc":{"Verfasst von":"Stars Island La Palma","Gesch\u00e4tzte Lesezeit":"3\u00a0Minuten"},"schema":{"@context":"https:\/\/schema.org","@graph":[{"@type":"Article","@id":"https:\/\/www.starsislandlapalma.es\/de\/la-isla-celebra-el-octavo-aniversario-de-la-declaracion-starlight\/#article","isPartOf":{"@id":"https:\/\/www.starsislandlapalma.es\/de\/la-isla-celebra-el-octavo-aniversario-de-la-declaracion-starlight\/"},"author":{"name":"Stars Island La Palma","@id":"https:\/\/www.starsislandlapalma.es\/#\/schema\/person\/9043f5bd4f379ca7532bf525fa88073b"},"headline":"La Isla celebra el octavo aniversario de la \u2018Declaraci\u00f3n Starlight\u2019","datePublished":"2015-04-20T12:15:34+00:00","dateModified":"2021-05-25T13:23:59+00:00","mainEntityOfPage":{"@id":"https:\/\/www.starsislandlapalma.es\/de\/la-isla-celebra-el-octavo-aniversario-de-la-declaracion-starlight\/"},"wordCount":571,"commentCount":0,"publisher":{"@id":"https:\/\/www.starsislandlapalma.es\/#organization"},"image":{"@id":"https:\/\/www.starsislandlapalma.es\/de\/la-isla-celebra-el-octavo-aniversario-de-la-declaracion-starlight\/#primaryimage"},"thumbnailUrl":"https:\/\/www.starsislandlapalma.es\/wp-content\/uploads\/2015\/05\/Isla-celebra-aniversario-Declaracion-Starlight.jpg","articleSection":["Nachricht"],"inLanguage":"de","potentialAction":[{"@type":"CommentAction","name":"Comment","target":["https:\/\/www.starsislandlapalma.es\/de\/la-isla-celebra-el-octavo-aniversario-de-la-declaracion-starlight\/#respond"]}]},{"@type":"WebPage","@id":"https:\/\/www.starsislandlapalma.es\/de\/la-isla-celebra-el-octavo-aniversario-de-la-declaracion-starlight\/","url":"https:\/\/www.starsislandlapalma.es\/de\/la-isla-celebra-el-octavo-aniversario-de-la-declaracion-starlight\/","name":"La Isla celebra el octavo aniversario de la \u2018Declaraci\u00f3n Starlight\u2019 &#8902; Stars Island La Palma","isPartOf":{"@id":"https:\/\/www.starsislandlapalma.es\/#website"},"primaryImageOfPage":{"@id":"https:\/\/www.starsislandlapalma.es\/de\/la-isla-celebra-el-octavo-aniversario-de-la-declaracion-starlight\/#primaryimage"},"image":{"@id":"https:\/\/www.starsislandlapalma.es\/de\/la-isla-celebra-el-octavo-aniversario-de-la-declaracion-starlight\/#primaryimage"},"thumbnailUrl":"https:\/\/www.starsislandlapalma.es\/wp-content\/uploads\/2015\/05\/Isla-celebra-aniversario-Declaracion-Starlight.jpg","datePublished":"2015-04-20T12:15:34+00:00","dateModified":"2021-05-25T13:23:59+00:00","breadcrumb":{"@id":"https:\/\/www.starsislandlapalma.es\/de\/la-isla-celebra-el-octavo-aniversario-de-la-declaracion-starlight\/#breadcrumb"},"inLanguage":"de","potentialAction":[{"@type":"ReadAction","target":["https:\/\/www.starsislandlapalma.es\/de\/la-isla-celebra-el-octavo-aniversario-de-la-declaracion-starlight\/"]}]},{"@type":"ImageObject","inLanguage":"de","@id":"https:\/\/www.starsislandlapalma.es\/de\/la-isla-celebra-el-octavo-aniversario-de-la-declaracion-starlight\/#primaryimage","url":"https:\/\/www.starsislandlapalma.es\/wp-content\/uploads\/2015\/05\/Isla-celebra-aniversario-Declaracion-Starlight.jpg","contentUrl":"https:\/\/www.starsislandlapalma.es\/wp-content\/uploads\/2015\/05\/Isla-celebra-aniversario-Declaracion-Starlight.jpg","width":643,"height":362},{"@type":"BreadcrumbList","@id":"https:\/\/www.starsislandlapalma.es\/de\/la-isla-celebra-el-octavo-aniversario-de-la-declaracion-starlight\/#breadcrumb","itemListElement":[{"@type":"ListItem","position":1,"name":"Portada","item":"https:\/\/www.starsislandlapalma.es\/de\/"},{"@type":"ListItem","position":2,"name":"La Isla celebra el octavo aniversario de la \u2018Declaraci\u00f3n Starlight\u2019"}]},{"@type":"WebSite","@id":"https:\/\/www.starsislandlapalma.es\/#website","url":"https:\/\/www.starsislandlapalma.es\/","name":"Stars Island La Palma","description":"La Palma, el lugar perfecto para disfrutar del universo. Primera Reserva Starlight del mundo, en 2012 se reconoce como Destino Tur\u00edstico Starlight","publisher":{"@id":"https:\/\/www.starsislandlapalma.es\/#organization"},"potentialAction":[{"@type":"SearchAction","target":{"@type":"EntryPoint","urlTemplate":"https:\/\/www.starsislandlapalma.es\/?s={search_term_string}"},"query-input":{"@type":"PropertyValueSpecification","valueRequired":true,"valueName":"search_term_string"}}],"inLanguage":"de"},{"@type":"Organization","@id":"https:\/\/www.starsislandlapalma.es\/#organization","name":"Star Island La Palma","url":"https:\/\/www.starsislandlapalma.es\/","logo":{"@type":"ImageObject","inLanguage":"de","@id":"https:\/\/www.starsislandlapalma.es\/#\/schema\/logo\/image\/","url":"https:\/\/www.starsislandlapalma.es\/wp-content\/uploads\/2022\/01\/logo_starisland.png","contentUrl":"https:\/\/www.starsislandlapalma.es\/wp-content\/uploads\/2022\/01\/logo_starisland.png","width":172,"height":139,"caption":"Star Island La Palma"},"image":{"@id":"https:\/\/www.starsislandlapalma.es\/#\/schema\/logo\/image\/"},"sameAs":["https:\/\/www.facebook.com\/pages\/Starsisland-La-Palma\/210888162375006?ref=hl","https:\/\/x.com\/starsislandlapa","https:\/\/www.pinterest.com\/astroturismo\/","https:\/\/www.youtube.com\/channel\/UCV7sju1ggcBpJG39HQCBtsA"]},{"@type":"Person","@id":"https:\/\/www.starsislandlapalma.es\/#\/schema\/person\/9043f5bd4f379ca7532bf525fa88073b","name":"Stars Island La Palma","image":{"@type":"ImageObject","inLanguage":"de","@id":"https:\/\/www.starsislandlapalma.es\/#\/schema\/person\/image\/","url":"https:\/\/secure.gravatar.com\/avatar\/214edfeae37af83662fa1058aeebfb41?s=96&d=mm&r=g","contentUrl":"https:\/\/secure.gravatar.com\/avatar\/214edfeae37af83662fa1058aeebfb41?s=96&d=mm&r=g","caption":"Stars Island La Palma"},"url":"https:\/\/www.starsislandlapalma.es\/de\/author\/star\/"}]}},"_links":{"self":[{"href":"https:\/\/www.starsislandlapalma.es\/de\/wp-json\/wp\/v2\/posts\/22387\/"}],"collection":[{"href":"https:\/\/www.starsislandlapalma.es\/de\/wp-json\/wp\/v2\/posts\/"}],"about":[{"href":"https:\/\/www.starsislandlapalma.es\/de\/wp-json\/wp\/v2\/types\/post\/"}],"author":[{"embeddable":true,"href":"https:\/\/www.starsislandlapalma.es\/de\/wp-json\/wp\/v2\/users\/1\/"}],"replies":[{"embeddable":true,"href":"https:\/\/www.starsislandlapalma.es\/de\/wp-json\/wp\/v2\/comments\/?post=22387"}],"version-history":[{"count":0,"href":"https:\/\/www.starsislandlapalma.es\/de\/wp-json\/wp\/v2\/posts\/22387\/revisions\/"}],"wp:featuredmedia":[{"embeddable":true,"href":"https:\/\/www.starsislandlapalma.es\/de\/wp-json\/wp\/v2\/media\/22388\/"}],"wp:attachment":[{"href":"https:\/\/www.starsislandlapalma.es\/de\/wp-json\/wp\/v2\/media\/?parent=22387"}],"wp:term":[{"taxonomy":"category","embeddable":true,"href":"https:\/\/www.starsislandlapalma.es\/de\/wp-json\/wp\/v2\/categories\/?post=22387"},{"taxonomy":"post_tag","embeddable":true,"href":"https:\/\/www.starsislandlapalma.es\/de\/wp-json\/wp\/v2\/tags\/?post=22387"}],"curies":[{"name":"wp","href":"https:\/\/api.w.org\/{rel}","templated":true}]}}