{"id":22491,"date":"2021-05-14T13:04:13","date_gmt":"2021-05-14T13:04:13","guid":{"rendered":"https:\/\/www.starsislandlapalma.es\/musica-cine-y-mucha-emocion-para-la-gala-de-inauguracion-de-la-decimosexta-edicion-del-festivalito-la-palma\/"},"modified":"2021-05-25T14:03:02","modified_gmt":"2021-05-25T14:03:02","slug":"musica-cine-y-mucha-emocion-para-la-gala-de-inauguracion-de-la-decimosexta-edicion-del-festivalito-la-palma","status":"publish","type":"post","link":"https:\/\/www.starsislandlapalma.es\/de\/musica-cine-y-mucha-emocion-para-la-gala-de-inauguracion-de-la-decimosexta-edicion-del-festivalito-la-palma\/","title":{"rendered":"M\u00fasica, cine y mucha emoci\u00f3n para la gala de inauguraci\u00f3n de la decimosexta edici\u00f3n del Festivalito La Palma"},"content":{"rendered":"<blockquote>\n<p style=\"text-align: justify;\"><em>La plaza Francisca de Gazmira de El Paso acoge la gala inaugural del Festival, con la actuaci\u00f3n de Tihuya Cats,Pimienta Selectoras y el Quinteto de Viento de la Escuela Municipal de El Paso<\/em><\/p>\n<p style=\"text-align: justify;\"><em>Los momentos cumbre de la noche ser\u00e1n la entrega de la Estrella Polar a Petit Lorena y la lectura del nuevo lema de La Palma Rueda por parte de Elsa L\u00f3pez y Ar\u00edstides Moreno<\/em><\/p>\n<\/blockquote>\n<p style=\"text-align: justify;\">Arranca la decimosexta edici\u00f3n del Festivalito La Palma. La gran cita de la creaci\u00f3n cinematogr\u00e1fica en Canarias congregar\u00e1 en la isla de La Palma, durante ocho d\u00edas de intensa convivencia, a m\u00e1s de 300 participantes, entre invitados, directores, actores, t\u00e9cnicos y aficionados al s\u00e9ptimo arte. Entre los inscritos de este a\u00f1o, 150 cineastas que se prev\u00e9 rueden un m\u00ednimo de 150 cortos con la Isla Bonita como plat\u00f3 natural.<\/p>\n<p style=\"text-align: justify;\">La ceremonia de inauguraci\u00f3n tendr\u00e1 lugar esta tarde 14 de mayo a las 19:00 en la Plaza Francisca de Gazmira de El Paso. Jos\u00e9 V\u00edctor Fuentes y Alba Cabrera, director y coordinadora, respectivamente, del Festivalito La Palma ser\u00e1n los encargados de abrir la gala y dar la bienvenida a p\u00fablico y participantes.<\/p>\n<p style=\"text-align: justify;\">La banda sonora durante toda la gala la pondr\u00e1n los Tihuya Cats, banda local de rock &amp; roll y m\u00fasica retro americana. Tambi\u00e9n actuar\u00e1 el Quinteto de Viento de la Escuela Municipal de El Paso y habr\u00e1 sesi\u00f3n de dj\u2019s a cargo de Pimienta Selectoras.<\/p>\n<p style=\"text-align: justify;\">Habr\u00e1 tiempo para la proyecci\u00f3n de cortos de otras ediciones pero, sin duda, el momento m\u00e1s emotivo de la noche ser\u00e1 la entrega del primero de los premios Estrella Polar Festivalito 2021 a Petite Lorena, humorista y actriz natural de La Palma. Ar\u00edstides Moreno, en su calidad de padrino del Festivalito La Palma, ser\u00e1 el encargado de entregarle este galard\u00f3n que quiere rendir homenaje a esta artista que se caracteriza por contar historias desde la verdad, sin ning\u00fan tipo de concesiones y de una forma atrevida, fresca y descarada.<\/p>\n<p style=\"text-align: justify;\">Y as\u00ed llegaremos a otro momento clave de la noche que ser\u00e1 la lectura del lema que este a\u00f1o ser\u00e1 el<em> leit motiv <\/em>en torno al que giren los rodajes inscritos en el concurso La Palma Rueda. Los encargados de desvelar el secreto mejor guardado del festival ser\u00e1n sus padrinos Elsa L\u00f3pez y Ar\u00edstides Moreno.<\/p>\n<p style=\"text-align: justify;\">Como broche de cierre, todos juntos se unir\u00e1n a Petit Lorena, Ar\u00edstides Moreno y Tihuya Cats para cantar el que ya se ha convertido en el himno del Festival La Palma, la canci\u00f3n \u2018Sigo siendo el rey\u2019 que populariz\u00f3 el mejicano Vicente Fern\u00e1ndez. Con esto se pondr\u00e1 fin a la gala que da el pistoletazo de salida a ocho d\u00edas de intensa actividad en torno al arte de contar historias en una pantalla.<\/p>\n<p style=\"text-align: justify;\">El aforo para asistir de manera presencial a la ceremonia es limitado para poder cumplir escrupulosamente con las medidas de distancia y seguridad previstas por las autoridades sanitarias por lo era preciso adquirir las entradas gratuitas a trav\u00e9s de la p\u00e1gina web del Festivalito La Palma.<\/p>\n<p style=\"text-align: justify;\">El Festivalito La Palma est\u00e1 organizado por la productora Chukumi Studio. Su m\u00e1ximo impulsor es el Cabildo de La Palma, a trav\u00e9s de la Consejer\u00eda Cultura y Patrimonio Hist\u00f3rico y de la Consejer\u00eda de Turismo. Es tambi\u00e9n patrocinador del certamen el Gobierno de Canarias a trav\u00e9s del Instituto Canario de Desarrollo Cultural y de Promotur, as\u00ed como el Ayuntamiento de Los Llanos de Aridane y el Ayuntamiento de El Paso. Adem\u00e1s, cuenta con el patrocinio y colaboraci\u00f3n de diferentes empresas como Fundaci\u00f3n Cajamar, Universidad del Atl\u00e1ntico Medio, Digital 104, Autos Oasis, Viajes Insular, Isla Bonita Love Festival, Fundaci\u00f3n Canaria Reserva Mundial de la Biosfera de La Palma, Plataforma Nuevos Realizadores, entre otros.<\/p>\n","protected":false},"excerpt":{"rendered":"<p>La plaza Francisca de Gazmira de El Paso acoge la gala inaugural del Festival, con la actuaci\u00f3n de Tihuya Cats,Pimienta Selectoras y el Quinteto de Viento de la Escuela Municipal de El Paso Los momentos cumbre de la noche ser\u00e1n la entrega de la Estrella&#8230;<\/p>\n","protected":false},"author":4,"featured_media":22322,"comment_status":"open","ping_status":"open","sticky":false,"template":"","format":"standard","meta":{"footnotes":""},"categories":[140,135],"tags":[595],"yoast_head":"<!-- This site is optimized with the Yoast SEO plugin v24.5 - https:\/\/yoast.com\/wordpress\/plugins\/seo\/ -->\n<title>M\u00fasica, cine y mucha emoci\u00f3n para la gala de inauguraci\u00f3n de la decimosexta edici\u00f3n del Festivalito La Palma &#8902; Stars Island La Palma<\/title>\n<meta name=\"robots\" content=\"index, follow, max-snippet:-1, max-image-preview:large, max-video-preview:-1\" \/>\n<link rel=\"canonical\" href=\"https:\/\/www.starsislandlapalma.es\/de\/musica-cine-y-mucha-emocion-para-la-gala-de-inauguracion-de-la-decimosexta-edicion-del-festivalito-la-palma\/\" \/>\n<meta property=\"og:locale\" content=\"de_DE\" \/>\n<meta property=\"og:type\" content=\"article\" \/>\n<meta property=\"og:title\" content=\"M\u00fasica, cine y mucha emoci\u00f3n para la gala de inauguraci\u00f3n de la decimosexta edici\u00f3n del Festivalito La Palma &#8902; Stars Island La Palma\" \/>\n<meta property=\"og:description\" content=\"La plaza Francisca de Gazmira de El Paso acoge la gala inaugural del Festival, con la actuaci\u00f3n de Tihuya Cats,Pimienta Selectoras y el Quinteto de Viento de la Escuela Municipal de El Paso Los momentos cumbre de la noche ser\u00e1n la entrega de la Estrella...\" \/>\n<meta property=\"og:url\" content=\"https:\/\/www.starsislandlapalma.es\/de\/musica-cine-y-mucha-emocion-para-la-gala-de-inauguracion-de-la-decimosexta-edicion-del-festivalito-la-palma\/\" \/>\n<meta property=\"og:site_name\" content=\"Stars Island La Palma\" \/>\n<meta property=\"article:publisher\" content=\"https:\/\/www.facebook.com\/pages\/Starsisland-La-Palma\/210888162375006?ref=hl\" \/>\n<meta property=\"article:published_time\" content=\"2021-05-14T13:04:13+00:00\" \/>\n<meta property=\"article:modified_time\" content=\"2021-05-25T14:03:02+00:00\" \/>\n<meta property=\"og:image\" content=\"https:\/\/www.starsislandlapalma.es\/wp-content\/uploads\/2021\/05\/GalaInauguracionFestivalito2020_2.jpg\" \/>\n\t<meta property=\"og:image:width\" content=\"1599\" \/>\n\t<meta property=\"og:image:height\" content=\"758\" \/>\n\t<meta property=\"og:image:type\" content=\"image\/jpeg\" \/>\n<meta name=\"author\" content=\"StarsIsland\" \/>\n<meta name=\"twitter:label1\" content=\"Verfasst von\" \/>\n\t<meta name=\"twitter:data1\" content=\"StarsIsland\" \/>\n\t<meta name=\"twitter:label2\" content=\"Gesch\u00e4tzte Lesezeit\" \/>\n\t<meta name=\"twitter:data2\" content=\"3\u00a0Minuten\" \/>\n<script type=\"application\/ld+json\" class=\"yoast-schema-graph\">{\"@context\":\"https:\/\/schema.org\",\"@graph\":[{\"@type\":\"Article\",\"@id\":\"https:\/\/www.starsislandlapalma.es\/de\/musica-cine-y-mucha-emocion-para-la-gala-de-inauguracion-de-la-decimosexta-edicion-del-festivalito-la-palma\/#article\",\"isPartOf\":{\"@id\":\"https:\/\/www.starsislandlapalma.es\/de\/musica-cine-y-mucha-emocion-para-la-gala-de-inauguracion-de-la-decimosexta-edicion-del-festivalito-la-palma\/\"},\"author\":{\"name\":\"StarsIsland\",\"@id\":\"https:\/\/www.starsislandlapalma.es\/#\/schema\/person\/d2618b46c3dc5c031ddd56a658f9ab25\"},\"headline\":\"M\u00fasica, cine y mucha emoci\u00f3n para la gala de inauguraci\u00f3n de la decimosexta edici\u00f3n del Festivalito La Palma\",\"datePublished\":\"2021-05-14T13:04:13+00:00\",\"dateModified\":\"2021-05-25T14:03:02+00:00\",\"mainEntityOfPage\":{\"@id\":\"https:\/\/www.starsislandlapalma.es\/de\/musica-cine-y-mucha-emocion-para-la-gala-de-inauguracion-de-la-decimosexta-edicion-del-festivalito-la-palma\/\"},\"wordCount\":674,\"commentCount\":0,\"publisher\":{\"@id\":\"https:\/\/www.starsislandlapalma.es\/#organization\"},\"image\":{\"@id\":\"https:\/\/www.starsislandlapalma.es\/de\/musica-cine-y-mucha-emocion-para-la-gala-de-inauguracion-de-la-decimosexta-edicion-del-festivalito-la-palma\/#primaryimage\"},\"thumbnailUrl\":\"https:\/\/www.starsislandlapalma.es\/wp-content\/uploads\/2021\/05\/GalaInauguracionFestivalito2020_2.jpg\",\"keywords\":[\"Festivalito de La Palma\"],\"articleSection\":[\"Event\",\"Nachricht\"],\"inLanguage\":\"de\",\"potentialAction\":[{\"@type\":\"CommentAction\",\"name\":\"Comment\",\"target\":[\"https:\/\/www.starsislandlapalma.es\/de\/musica-cine-y-mucha-emocion-para-la-gala-de-inauguracion-de-la-decimosexta-edicion-del-festivalito-la-palma\/#respond\"]}]},{\"@type\":\"WebPage\",\"@id\":\"https:\/\/www.starsislandlapalma.es\/de\/musica-cine-y-mucha-emocion-para-la-gala-de-inauguracion-de-la-decimosexta-edicion-del-festivalito-la-palma\/\",\"url\":\"https:\/\/www.starsislandlapalma.es\/de\/musica-cine-y-mucha-emocion-para-la-gala-de-inauguracion-de-la-decimosexta-edicion-del-festivalito-la-palma\/\",\"name\":\"M\u00fasica, cine y mucha emoci\u00f3n para la gala de inauguraci\u00f3n de la decimosexta edici\u00f3n del Festivalito La Palma &#8902; Stars Island La Palma\",\"isPartOf\":{\"@id\":\"https:\/\/www.starsislandlapalma.es\/#website\"},\"primaryImageOfPage\":{\"@id\":\"https:\/\/www.starsislandlapalma.es\/de\/musica-cine-y-mucha-emocion-para-la-gala-de-inauguracion-de-la-decimosexta-edicion-del-festivalito-la-palma\/#primaryimage\"},\"image\":{\"@id\":\"https:\/\/www.starsislandlapalma.es\/de\/musica-cine-y-mucha-emocion-para-la-gala-de-inauguracion-de-la-decimosexta-edicion-del-festivalito-la-palma\/#primaryimage\"},\"thumbnailUrl\":\"https:\/\/www.starsislandlapalma.es\/wp-content\/uploads\/2021\/05\/GalaInauguracionFestivalito2020_2.jpg\",\"datePublished\":\"2021-05-14T13:04:13+00:00\",\"dateModified\":\"2021-05-25T14:03:02+00:00\",\"breadcrumb\":{\"@id\":\"https:\/\/www.starsislandlapalma.es\/de\/musica-cine-y-mucha-emocion-para-la-gala-de-inauguracion-de-la-decimosexta-edicion-del-festivalito-la-palma\/#breadcrumb\"},\"inLanguage\":\"de\",\"potentialAction\":[{\"@type\":\"ReadAction\",\"target\":[\"https:\/\/www.starsislandlapalma.es\/de\/musica-cine-y-mucha-emocion-para-la-gala-de-inauguracion-de-la-decimosexta-edicion-del-festivalito-la-palma\/\"]}]},{\"@type\":\"ImageObject\",\"inLanguage\":\"de\",\"@id\":\"https:\/\/www.starsislandlapalma.es\/de\/musica-cine-y-mucha-emocion-para-la-gala-de-inauguracion-de-la-decimosexta-edicion-del-festivalito-la-palma\/#primaryimage\",\"url\":\"https:\/\/www.starsislandlapalma.es\/wp-content\/uploads\/2021\/05\/GalaInauguracionFestivalito2020_2.jpg\",\"contentUrl\":\"https:\/\/www.starsislandlapalma.es\/wp-content\/uploads\/2021\/05\/GalaInauguracionFestivalito2020_2.jpg\",\"width\":1599,\"height\":758},{\"@type\":\"BreadcrumbList\",\"@id\":\"https:\/\/www.starsislandlapalma.es\/de\/musica-cine-y-mucha-emocion-para-la-gala-de-inauguracion-de-la-decimosexta-edicion-del-festivalito-la-palma\/#breadcrumb\",\"itemListElement\":[{\"@type\":\"ListItem\",\"position\":1,\"name\":\"Portada\",\"item\":\"https:\/\/www.starsislandlapalma.es\/de\/\"},{\"@type\":\"ListItem\",\"position\":2,\"name\":\"M\u00fasica, cine y mucha emoci\u00f3n para la gala de inauguraci\u00f3n de la decimosexta edici\u00f3n del Festivalito La Palma\"}]},{\"@type\":\"WebSite\",\"@id\":\"https:\/\/www.starsislandlapalma.es\/#website\",\"url\":\"https:\/\/www.starsislandlapalma.es\/\",\"name\":\"Stars Island La Palma\",\"description\":\"La Palma, el lugar perfecto para disfrutar del universo. Primera Reserva Starlight del mundo, en 2012 se reconoce como Destino Tur\u00edstico Starlight\",\"publisher\":{\"@id\":\"https:\/\/www.starsislandlapalma.es\/#organization\"},\"potentialAction\":[{\"@type\":\"SearchAction\",\"target\":{\"@type\":\"EntryPoint\",\"urlTemplate\":\"https:\/\/www.starsislandlapalma.es\/?s={search_term_string}\"},\"query-input\":{\"@type\":\"PropertyValueSpecification\",\"valueRequired\":true,\"valueName\":\"search_term_string\"}}],\"inLanguage\":\"de\"},{\"@type\":\"Organization\",\"@id\":\"https:\/\/www.starsislandlapalma.es\/#organization\",\"name\":\"Star Island La Palma\",\"url\":\"https:\/\/www.starsislandlapalma.es\/\",\"logo\":{\"@type\":\"ImageObject\",\"inLanguage\":\"de\",\"@id\":\"https:\/\/www.starsislandlapalma.es\/#\/schema\/logo\/image\/\",\"url\":\"https:\/\/www.starsislandlapalma.es\/wp-content\/uploads\/2022\/01\/logo_starisland.png\",\"contentUrl\":\"https:\/\/www.starsislandlapalma.es\/wp-content\/uploads\/2022\/01\/logo_starisland.png\",\"width\":172,\"height\":139,\"caption\":\"Star Island La Palma\"},\"image\":{\"@id\":\"https:\/\/www.starsislandlapalma.es\/#\/schema\/logo\/image\/\"},\"sameAs\":[\"https:\/\/www.facebook.com\/pages\/Starsisland-La-Palma\/210888162375006?ref=hl\",\"https:\/\/x.com\/starsislandlapa\",\"https:\/\/www.pinterest.com\/astroturismo\/\",\"https:\/\/www.youtube.com\/channel\/UCV7sju1ggcBpJG39HQCBtsA\"]},{\"@type\":\"Person\",\"@id\":\"https:\/\/www.starsislandlapalma.es\/#\/schema\/person\/d2618b46c3dc5c031ddd56a658f9ab25\",\"name\":\"StarsIsland\",\"image\":{\"@type\":\"ImageObject\",\"inLanguage\":\"de\",\"@id\":\"https:\/\/www.starsislandlapalma.es\/#\/schema\/person\/image\/\",\"url\":\"https:\/\/secure.gravatar.com\/avatar\/30a35f2b7b8f976566433f1ab7d6402f?s=96&d=mm&r=g\",\"contentUrl\":\"https:\/\/secure.gravatar.com\/avatar\/30a35f2b7b8f976566433f1ab7d6402f?s=96&d=mm&r=g\",\"caption\":\"StarsIsland\"},\"url\":\"https:\/\/www.starsislandlapalma.es\/de\/author\/starsisland\/\"}]}<\/script>\n<!-- \/ Yoast SEO plugin. -->","yoast_head_json":{"title":"M\u00fasica, cine y mucha emoci\u00f3n para la gala de inauguraci\u00f3n de la decimosexta edici\u00f3n del Festivalito La Palma &#8902; Stars Island La Palma","robots":{"index":"index","follow":"follow","max-snippet":"max-snippet:-1","max-image-preview":"max-image-preview:large","max-video-preview":"max-video-preview:-1"},"canonical":"https:\/\/www.starsislandlapalma.es\/de\/musica-cine-y-mucha-emocion-para-la-gala-de-inauguracion-de-la-decimosexta-edicion-del-festivalito-la-palma\/","og_locale":"de_DE","og_type":"article","og_title":"M\u00fasica, cine y mucha emoci\u00f3n para la gala de inauguraci\u00f3n de la decimosexta edici\u00f3n del Festivalito La Palma &#8902; Stars Island La Palma","og_description":"La plaza Francisca de Gazmira de El Paso acoge la gala inaugural del Festival, con la actuaci\u00f3n de Tihuya Cats,Pimienta Selectoras y el Quinteto de Viento de la Escuela Municipal de El Paso Los momentos cumbre de la noche ser\u00e1n la entrega de la Estrella...","og_url":"https:\/\/www.starsislandlapalma.es\/de\/musica-cine-y-mucha-emocion-para-la-gala-de-inauguracion-de-la-decimosexta-edicion-del-festivalito-la-palma\/","og_site_name":"Stars Island La Palma","article_publisher":"https:\/\/www.facebook.com\/pages\/Starsisland-La-Palma\/210888162375006?ref=hl","article_published_time":"2021-05-14T13:04:13+00:00","article_modified_time":"2021-05-25T14:03:02+00:00","og_image":[{"width":1599,"height":758,"url":"https:\/\/www.starsislandlapalma.es\/wp-content\/uploads\/2021\/05\/GalaInauguracionFestivalito2020_2.jpg","type":"image\/jpeg"}],"author":"StarsIsland","twitter_misc":{"Verfasst von":"StarsIsland","Gesch\u00e4tzte Lesezeit":"3\u00a0Minuten"},"schema":{"@context":"https:\/\/schema.org","@graph":[{"@type":"Article","@id":"https:\/\/www.starsislandlapalma.es\/de\/musica-cine-y-mucha-emocion-para-la-gala-de-inauguracion-de-la-decimosexta-edicion-del-festivalito-la-palma\/#article","isPartOf":{"@id":"https:\/\/www.starsislandlapalma.es\/de\/musica-cine-y-mucha-emocion-para-la-gala-de-inauguracion-de-la-decimosexta-edicion-del-festivalito-la-palma\/"},"author":{"name":"StarsIsland","@id":"https:\/\/www.starsislandlapalma.es\/#\/schema\/person\/d2618b46c3dc5c031ddd56a658f9ab25"},"headline":"M\u00fasica, cine y mucha emoci\u00f3n para la gala de inauguraci\u00f3n de la decimosexta edici\u00f3n del Festivalito La Palma","datePublished":"2021-05-14T13:04:13+00:00","dateModified":"2021-05-25T14:03:02+00:00","mainEntityOfPage":{"@id":"https:\/\/www.starsislandlapalma.es\/de\/musica-cine-y-mucha-emocion-para-la-gala-de-inauguracion-de-la-decimosexta-edicion-del-festivalito-la-palma\/"},"wordCount":674,"commentCount":0,"publisher":{"@id":"https:\/\/www.starsislandlapalma.es\/#organization"},"image":{"@id":"https:\/\/www.starsislandlapalma.es\/de\/musica-cine-y-mucha-emocion-para-la-gala-de-inauguracion-de-la-decimosexta-edicion-del-festivalito-la-palma\/#primaryimage"},"thumbnailUrl":"https:\/\/www.starsislandlapalma.es\/wp-content\/uploads\/2021\/05\/GalaInauguracionFestivalito2020_2.jpg","keywords":["Festivalito de La Palma"],"articleSection":["Event","Nachricht"],"inLanguage":"de","potentialAction":[{"@type":"CommentAction","name":"Comment","target":["https:\/\/www.starsislandlapalma.es\/de\/musica-cine-y-mucha-emocion-para-la-gala-de-inauguracion-de-la-decimosexta-edicion-del-festivalito-la-palma\/#respond"]}]},{"@type":"WebPage","@id":"https:\/\/www.starsislandlapalma.es\/de\/musica-cine-y-mucha-emocion-para-la-gala-de-inauguracion-de-la-decimosexta-edicion-del-festivalito-la-palma\/","url":"https:\/\/www.starsislandlapalma.es\/de\/musica-cine-y-mucha-emocion-para-la-gala-de-inauguracion-de-la-decimosexta-edicion-del-festivalito-la-palma\/","name":"M\u00fasica, cine y mucha emoci\u00f3n para la gala de inauguraci\u00f3n de la decimosexta edici\u00f3n del Festivalito La Palma &#8902; Stars Island La Palma","isPartOf":{"@id":"https:\/\/www.starsislandlapalma.es\/#website"},"primaryImageOfPage":{"@id":"https:\/\/www.starsislandlapalma.es\/de\/musica-cine-y-mucha-emocion-para-la-gala-de-inauguracion-de-la-decimosexta-edicion-del-festivalito-la-palma\/#primaryimage"},"image":{"@id":"https:\/\/www.starsislandlapalma.es\/de\/musica-cine-y-mucha-emocion-para-la-gala-de-inauguracion-de-la-decimosexta-edicion-del-festivalito-la-palma\/#primaryimage"},"thumbnailUrl":"https:\/\/www.starsislandlapalma.es\/wp-content\/uploads\/2021\/05\/GalaInauguracionFestivalito2020_2.jpg","datePublished":"2021-05-14T13:04:13+00:00","dateModified":"2021-05-25T14:03:02+00:00","breadcrumb":{"@id":"https:\/\/www.starsislandlapalma.es\/de\/musica-cine-y-mucha-emocion-para-la-gala-de-inauguracion-de-la-decimosexta-edicion-del-festivalito-la-palma\/#breadcrumb"},"inLanguage":"de","potentialAction":[{"@type":"ReadAction","target":["https:\/\/www.starsislandlapalma.es\/de\/musica-cine-y-mucha-emocion-para-la-gala-de-inauguracion-de-la-decimosexta-edicion-del-festivalito-la-palma\/"]}]},{"@type":"ImageObject","inLanguage":"de","@id":"https:\/\/www.starsislandlapalma.es\/de\/musica-cine-y-mucha-emocion-para-la-gala-de-inauguracion-de-la-decimosexta-edicion-del-festivalito-la-palma\/#primaryimage","url":"https:\/\/www.starsislandlapalma.es\/wp-content\/uploads\/2021\/05\/GalaInauguracionFestivalito2020_2.jpg","contentUrl":"https:\/\/www.starsislandlapalma.es\/wp-content\/uploads\/2021\/05\/GalaInauguracionFestivalito2020_2.jpg","width":1599,"height":758},{"@type":"BreadcrumbList","@id":"https:\/\/www.starsislandlapalma.es\/de\/musica-cine-y-mucha-emocion-para-la-gala-de-inauguracion-de-la-decimosexta-edicion-del-festivalito-la-palma\/#breadcrumb","itemListElement":[{"@type":"ListItem","position":1,"name":"Portada","item":"https:\/\/www.starsislandlapalma.es\/de\/"},{"@type":"ListItem","position":2,"name":"M\u00fasica, cine y mucha emoci\u00f3n para la gala de inauguraci\u00f3n de la decimosexta edici\u00f3n del Festivalito La Palma"}]},{"@type":"WebSite","@id":"https:\/\/www.starsislandlapalma.es\/#website","url":"https:\/\/www.starsislandlapalma.es\/","name":"Stars Island La Palma","description":"La Palma, el lugar perfecto para disfrutar del universo. Primera Reserva Starlight del mundo, en 2012 se reconoce como Destino Tur\u00edstico Starlight","publisher":{"@id":"https:\/\/www.starsislandlapalma.es\/#organization"},"potentialAction":[{"@type":"SearchAction","target":{"@type":"EntryPoint","urlTemplate":"https:\/\/www.starsislandlapalma.es\/?s={search_term_string}"},"query-input":{"@type":"PropertyValueSpecification","valueRequired":true,"valueName":"search_term_string"}}],"inLanguage":"de"},{"@type":"Organization","@id":"https:\/\/www.starsislandlapalma.es\/#organization","name":"Star Island La Palma","url":"https:\/\/www.starsislandlapalma.es\/","logo":{"@type":"ImageObject","inLanguage":"de","@id":"https:\/\/www.starsislandlapalma.es\/#\/schema\/logo\/image\/","url":"https:\/\/www.starsislandlapalma.es\/wp-content\/uploads\/2022\/01\/logo_starisland.png","contentUrl":"https:\/\/www.starsislandlapalma.es\/wp-content\/uploads\/2022\/01\/logo_starisland.png","width":172,"height":139,"caption":"Star Island La Palma"},"image":{"@id":"https:\/\/www.starsislandlapalma.es\/#\/schema\/logo\/image\/"},"sameAs":["https:\/\/www.facebook.com\/pages\/Starsisland-La-Palma\/210888162375006?ref=hl","https:\/\/x.com\/starsislandlapa","https:\/\/www.pinterest.com\/astroturismo\/","https:\/\/www.youtube.com\/channel\/UCV7sju1ggcBpJG39HQCBtsA"]},{"@type":"Person","@id":"https:\/\/www.starsislandlapalma.es\/#\/schema\/person\/d2618b46c3dc5c031ddd56a658f9ab25","name":"StarsIsland","image":{"@type":"ImageObject","inLanguage":"de","@id":"https:\/\/www.starsislandlapalma.es\/#\/schema\/person\/image\/","url":"https:\/\/secure.gravatar.com\/avatar\/30a35f2b7b8f976566433f1ab7d6402f?s=96&d=mm&r=g","contentUrl":"https:\/\/secure.gravatar.com\/avatar\/30a35f2b7b8f976566433f1ab7d6402f?s=96&d=mm&r=g","caption":"StarsIsland"},"url":"https:\/\/www.starsislandlapalma.es\/de\/author\/starsisland\/"}]}},"_links":{"self":[{"href":"https:\/\/www.starsislandlapalma.es\/de\/wp-json\/wp\/v2\/posts\/22491\/"}],"collection":[{"href":"https:\/\/www.starsislandlapalma.es\/de\/wp-json\/wp\/v2\/posts\/"}],"about":[{"href":"https:\/\/www.starsislandlapalma.es\/de\/wp-json\/wp\/v2\/types\/post\/"}],"author":[{"embeddable":true,"href":"https:\/\/www.starsislandlapalma.es\/de\/wp-json\/wp\/v2\/users\/4\/"}],"replies":[{"embeddable":true,"href":"https:\/\/www.starsislandlapalma.es\/de\/wp-json\/wp\/v2\/comments\/?post=22491"}],"version-history":[{"count":0,"href":"https:\/\/www.starsislandlapalma.es\/de\/wp-json\/wp\/v2\/posts\/22491\/revisions\/"}],"wp:featuredmedia":[{"embeddable":true,"href":"https:\/\/www.starsislandlapalma.es\/de\/wp-json\/wp\/v2\/media\/22322\/"}],"wp:attachment":[{"href":"https:\/\/www.starsislandlapalma.es\/de\/wp-json\/wp\/v2\/media\/?parent=22491"}],"wp:term":[{"taxonomy":"category","embeddable":true,"href":"https:\/\/www.starsislandlapalma.es\/de\/wp-json\/wp\/v2\/categories\/?post=22491"},{"taxonomy":"post_tag","embeddable":true,"href":"https:\/\/www.starsislandlapalma.es\/de\/wp-json\/wp\/v2\/tags\/?post=22491"}],"curies":[{"name":"wp","href":"https:\/\/api.w.org\/{rel}","templated":true}]}}