{"id":22495,"date":"2021-05-12T11:24:49","date_gmt":"2021-05-12T11:24:49","guid":{"rendered":"https:\/\/www.starsislandlapalma.es\/el-festivalito-la-palma-arranca-el-proximo-viernes-14-de-mayo-con-record-de-participante\/"},"modified":"2021-05-25T14:03:12","modified_gmt":"2021-05-25T14:03:12","slug":"el-festivalito-la-palma-arranca-el-proximo-viernes-14-de-mayo-con-record-de-participante","status":"publish","type":"post","link":"https:\/\/www.starsislandlapalma.es\/de\/el-festivalito-la-palma-arranca-el-proximo-viernes-14-de-mayo-con-record-de-participante\/","title":{"rendered":"El Festivalito La Palma arranca el pr\u00f3ximo viernes 14 de mayo con r\u00e9cord de participante"},"content":{"rendered":"<blockquote><p>La decimosexta edici\u00f3n, que se celebrar\u00e1 entre el 14 y el 22 de mayo, contar\u00e1 con m\u00e1s de 300 participantes, la cifra m\u00e1s alta de su historia<\/p>\n<p>La novedad de este a\u00f1o es el programa Festivalito Lab, un espacio dedicado al encuentro y a la formaci\u00f3n con numerosos talleres y sesiones<\/p><\/blockquote>\n<p>&nbsp;<\/p>\n<div><strong><em>12 de mayo de 2021<\/em><\/strong><\/div>\n<div><\/div>\n<div>La decimosexta edici\u00f3n del Festivalito La Palma, Festival de las Estrellas de La Palma, que se celebrar\u00e1 entre el 14 y el 22 de mayo, se erige como la edici\u00f3n con mayor \u00edndice de participaci\u00f3n de toda su historia. Esta cita con la creaci\u00f3n cinematogr\u00e1fica congregar\u00e1 en la Isla Bonita\u00a0 durante ocho d\u00edas de intensa actividad a m\u00e1s de 300 participantes entre cineastas, actrices, actores, productoras, t\u00e9cnicos y aficionados. &#8222;La respuesta este a\u00f1o ha sido masiva. De esos 300 participantes, 150 son cineastas por lo que prevemos el rodaje de 150 cortos, una cifra que nunca antes hab\u00edamos alcanzado&#8220;, ha explicado Jos\u00e9 V\u00edctor Fuentes, director del festival.<\/div>\n<div><\/div>\n<div>El pistoletazo de salida lo pondr\u00e1 la gala de inauguraci\u00f3n que se celebrar\u00e1 el viernes 14 de mayo a las 19:00 horas en la plaza Francisca de Gazmira de El Paso, donde se descubrir\u00e1 el lema de este a\u00f1o del concurso de rodajes La Palma Rueda. El evento contar\u00e1 con las actuaciones de Tihuya Cats, el Quinteto de Viento de la Escuela Municipal de El Paso, Ar\u00edstides Moreno, las Dj&#8217;s Pimienta Selectoras y los humoristas Aar\u00f3n G\u00f3mez y V\u00edctor Hubara, Durante la gala, tambi\u00e9n se proceder\u00e1 a la proyecci\u00f3n de varios cortometrajes y se rendir\u00e1 un homenaje a la artista palmera Petite Lorena.<\/div>\n<div><\/div>\n<div>Paralelamente a la grabaci\u00f3n de cortometrajes para la secci\u00f3n a concurso La Palma Rueda, que convertir\u00e1 La Palma en un plat\u00f3 natural, el Festivalito proyectar\u00e1 m\u00e1s de 30 cortos y 15 largometrajes. Los horarios y las salas de proyecci\u00f3n se pueden consultar en el programa del festival en\u00a0<a href=\"https:\/\/festivalito.com\/wp-content\/uploads\/2021\/05\/Programa-de-mano_Festivalito21.pdf\" target=\"_blank\" rel=\"noopener noreferrer\">enlace<\/a>.<\/div>\n<div><\/div>\n<div>\n<div id=\"attachment_22239\" style=\"width: 710px\" class=\"wp-caption aligncenter\"><img decoding=\"async\" aria-describedby=\"caption-attachment-22239\" class=\" wp-image-22239\" src=\"https:\/\/www.starsislandlapalma.es\/wp-content\/uploads\/2021\/05\/Festivalito_El-cineasta-boliviano-Rodrigo-Bellott-dirige-a-la-actriz-cubana-Mirta-Ibarra-en-el-cortometraje-LA-LLEGADA-foto-Virginia-Park-scaled.jpg\" alt=\"El cineasta boliviano Rodrigo Bellott dirige a la actriz cubana Mirta Ibarra en el cortometraje LA LLEGADA (foto Virginia Park\" width=\"700\" height=\"525\" srcset=\"https:\/\/www.starsislandlapalma.es\/wp-content\/uploads\/2021\/05\/Festivalito_El-cineasta-boliviano-Rodrigo-Bellott-dirige-a-la-actriz-cubana-Mirta-Ibarra-en-el-cortometraje-LA-LLEGADA-foto-Virginia-Park-scaled.jpg 2560w, https:\/\/www.starsislandlapalma.es\/wp-content\/uploads\/2021\/05\/Festivalito_El-cineasta-boliviano-Rodrigo-Bellott-dirige-a-la-actriz-cubana-Mirta-Ibarra-en-el-cortometraje-LA-LLEGADA-foto-Virginia-Park-300x225.jpg 300w, https:\/\/www.starsislandlapalma.es\/wp-content\/uploads\/2021\/05\/Festivalito_El-cineasta-boliviano-Rodrigo-Bellott-dirige-a-la-actriz-cubana-Mirta-Ibarra-en-el-cortometraje-LA-LLEGADA-foto-Virginia-Park-1024x768.jpg 1024w, https:\/\/www.starsislandlapalma.es\/wp-content\/uploads\/2021\/05\/Festivalito_El-cineasta-boliviano-Rodrigo-Bellott-dirige-a-la-actriz-cubana-Mirta-Ibarra-en-el-cortometraje-LA-LLEGADA-foto-Virginia-Park-768x576.jpg 768w, https:\/\/www.starsislandlapalma.es\/wp-content\/uploads\/2021\/05\/Festivalito_El-cineasta-boliviano-Rodrigo-Bellott-dirige-a-la-actriz-cubana-Mirta-Ibarra-en-el-cortometraje-LA-LLEGADA-foto-Virginia-Park-1536x1152.jpg 1536w, https:\/\/www.starsislandlapalma.es\/wp-content\/uploads\/2021\/05\/Festivalito_El-cineasta-boliviano-Rodrigo-Bellott-dirige-a-la-actriz-cubana-Mirta-Ibarra-en-el-cortometraje-LA-LLEGADA-foto-Virginia-Park-2048x1536.jpg 2048w\" sizes=\"(max-width: 700px) 100vw, 700px\" \/><p id=\"caption-attachment-22239\" class=\"wp-caption-text\">El cineasta boliviano Rodrigo Bellott dirige a la actriz cubana Mirta Ibarra en el cortometraje LA LLEGADA (foto Virginia Park<\/p><\/div>\n<\/div>\n<div><\/div>\n<p>&nbsp;<\/p>\n<div><strong>Festivalito Lab<\/strong><\/div>\n<div><\/div>\n<div>La gran novedad de este a\u00f1o es el\u00a0<a href=\"https:\/\/festivalito.com\/festivalito-lab\/\" target=\"_blank\" rel=\"noopener noreferrer\">Festivalito Lab<\/a>, un programa paralelo de presentaciones, talleres y sesiones divulgativas que se celebrar\u00e1 el s\u00e1bado 15 y el domingo 16 de mayo en el Teatro Monterrey de El Paso, destinado a fomentar el encuentro entre cineastas y productores emergentes e impulsar el sector audiovisual canario. Contar\u00e1 con tres encuentros sectoriales y tres talleres en los que los participantes podr\u00e1n ampliar su formaci\u00f3n en diferentes t\u00e9cnicas relacionadas con el mundo audiovisual. Para Jos\u00e9 V\u00edctor Fuentes, &#8222;la formaci\u00f3n y las sesiones de presentaciones es la tercera pata que nos faltaba en el Festivalito. Se trata de ejercer como catalizadores de sinergias, hacer que la industria en Canarias avance y ofrecer tambi\u00e9n formaci\u00f3n a las generaciones m\u00e1s j\u00f3venes para que puedan entrar en contacto con el mundo audiovisual cuanto antes. Tener un primer contacto a trav\u00e9s de los talleres que hemos preparado para los j\u00f3venes puede ser el principio de una bonita relaci\u00f3n con el cine&#8220;.<\/div>\n<div><\/div>\n<p>&nbsp;<\/p>\n<div><strong>Clausura\u00a0<\/strong><\/div>\n<div><\/div>\n<div>La ceremonia de Clausura se celebrar\u00e1 el s\u00e1bado 22 a las 19:00 horas en la Plaza de Espa\u00f1a de Los Llanos de Aridane, pondr\u00e1 el broche de oro a ocho d\u00edas de intensa actividad alrededor del cine y el audiovisual. Durante la gala, que contar\u00e1 con el actor Luifer Rodr\u00edguez y el humorista Kike P\u00e9rez como presentadores de excepci\u00f3n, se proyectar\u00e1n los cortos finalistas de La Palma Rueda. El detalle musical, previo a la entrega de galardones, correr\u00e1 a cargo del reconocido chelista \u00c1ngel Luis Quintana. Con la entrega de premios a los vencedores de la noche, concluir\u00e1 la decimosexta edici\u00f3n del Festivalito, Festival de las Estrellas de La Palma.<\/div>\n<p>&nbsp;<\/p>\n<div>El Festivalito La Palma est\u00e1 organizado por la productora Chukumi Studio. Su m\u00e1ximo impulsor es el Cabildo de La Palma, a trav\u00e9s de la Consejer\u00eda Cultura y Patrimonio Hist\u00f3rico y de la Consejer\u00eda de Turismo. Es tambi\u00e9n patrocinador del certamen el Gobierno de Canarias a trav\u00e9s del Instituto Canario de Desarrollo Cultural y de Promotur, as\u00ed como el Ayuntamiento de Los Llanos de Aridane y el Ayuntamiento de El Paso. Adem\u00e1s, cuenta con el patrocinio y colaboraci\u00f3n de diferentes empresas como Cajamar, Universidad del Atl\u00e1ntico Medio, Digital 104, Autos Oasis, Viajes insular, Fundaci\u00f3n Cajamar, Isla Bonita Love Festival, Fundaci\u00f3n Canaria Reserva Mundial de la Biosfera de La Palma y\u00a0 Plataforma Nuevos Realizadores, entre otros.<\/div>\n<div><\/div>\n<div>\n<div id=\"attachment_22242\" style=\"width: 710px\" class=\"wp-caption aligncenter\"><img decoding=\"async\" aria-describedby=\"caption-attachment-22242\" class=\" wp-image-22242\" src=\"https:\/\/www.starsislandlapalma.es\/wp-content\/uploads\/2021\/05\/Festivalito_rodaje-de-Vasni-Ramos-y-Jose-Ramallo_La-Palma-rueda_Festivalito-La-Palma-XII-2017_foto-Virginia-Park_9-scaled.jpg\" alt=\"_rodaje de Vasni Ramos y Jose Ramallo_La Palma rueda_Festivalito La Palma XII 2017_foto Virginia Park\" width=\"700\" height=\"467\" srcset=\"https:\/\/www.starsislandlapalma.es\/wp-content\/uploads\/2021\/05\/Festivalito_rodaje-de-Vasni-Ramos-y-Jose-Ramallo_La-Palma-rueda_Festivalito-La-Palma-XII-2017_foto-Virginia-Park_9-scaled.jpg 2560w, https:\/\/www.starsislandlapalma.es\/wp-content\/uploads\/2021\/05\/Festivalito_rodaje-de-Vasni-Ramos-y-Jose-Ramallo_La-Palma-rueda_Festivalito-La-Palma-XII-2017_foto-Virginia-Park_9-300x200.jpg 300w, https:\/\/www.starsislandlapalma.es\/wp-content\/uploads\/2021\/05\/Festivalito_rodaje-de-Vasni-Ramos-y-Jose-Ramallo_La-Palma-rueda_Festivalito-La-Palma-XII-2017_foto-Virginia-Park_9-1024x683.jpg 1024w, https:\/\/www.starsislandlapalma.es\/wp-content\/uploads\/2021\/05\/Festivalito_rodaje-de-Vasni-Ramos-y-Jose-Ramallo_La-Palma-rueda_Festivalito-La-Palma-XII-2017_foto-Virginia-Park_9-768x512.jpg 768w, https:\/\/www.starsislandlapalma.es\/wp-content\/uploads\/2021\/05\/Festivalito_rodaje-de-Vasni-Ramos-y-Jose-Ramallo_La-Palma-rueda_Festivalito-La-Palma-XII-2017_foto-Virginia-Park_9-1536x1024.jpg 1536w, https:\/\/www.starsislandlapalma.es\/wp-content\/uploads\/2021\/05\/Festivalito_rodaje-de-Vasni-Ramos-y-Jose-Ramallo_La-Palma-rueda_Festivalito-La-Palma-XII-2017_foto-Virginia-Park_9-2048x1365.jpg 2048w, https:\/\/www.starsislandlapalma.es\/wp-content\/uploads\/2021\/05\/Festivalito_rodaje-de-Vasni-Ramos-y-Jose-Ramallo_La-Palma-rueda_Festivalito-La-Palma-XII-2017_foto-Virginia-Park_9-480x320.jpg 480w\" sizes=\"(max-width: 700px) 100vw, 700px\" \/><p id=\"caption-attachment-22242\" class=\"wp-caption-text\">Rodaje de Vasni Ramos y Jose Ramallo_La Palma rueda_Festivalito La Palma XII 2017_foto Virginia Park<\/p><\/div>\n<\/div>\n","protected":false},"excerpt":{"rendered":"<p>La decimosexta edici\u00f3n, que se celebrar\u00e1 entre el 14 y el 22 de mayo, contar\u00e1 con m\u00e1s de 300 participantes, la cifra m\u00e1s alta de su historia La novedad de este a\u00f1o es el programa Festivalito Lab, un espacio dedicado al encuentro y a la&#8230;<\/p>\n","protected":false},"author":1,"featured_media":22247,"comment_status":"closed","ping_status":"open","sticky":false,"template":"","format":"standard","meta":{"footnotes":""},"categories":[140,135],"tags":[],"yoast_head":"<!-- This site is optimized with the Yoast SEO plugin v24.5 - https:\/\/yoast.com\/wordpress\/plugins\/seo\/ -->\n<title>El Festivalito La Palma arranca el pr\u00f3ximo viernes 14 de mayo con r\u00e9cord de participante &#8902; Stars Island La Palma<\/title>\n<meta name=\"robots\" content=\"index, follow, max-snippet:-1, max-image-preview:large, max-video-preview:-1\" \/>\n<link rel=\"canonical\" href=\"https:\/\/www.starsislandlapalma.es\/de\/el-festivalito-la-palma-arranca-el-proximo-viernes-14-de-mayo-con-record-de-participante\/\" \/>\n<meta property=\"og:locale\" content=\"de_DE\" \/>\n<meta property=\"og:type\" content=\"article\" \/>\n<meta property=\"og:title\" content=\"El Festivalito La Palma arranca el pr\u00f3ximo viernes 14 de mayo con r\u00e9cord de participante &#8902; Stars Island La Palma\" \/>\n<meta property=\"og:description\" content=\"La decimosexta edici\u00f3n, que se celebrar\u00e1 entre el 14 y el 22 de mayo, contar\u00e1 con m\u00e1s de 300 participantes, la cifra m\u00e1s alta de su historia La novedad de este a\u00f1o es el programa Festivalito Lab, un espacio dedicado al encuentro y a la...\" \/>\n<meta property=\"og:url\" content=\"https:\/\/www.starsislandlapalma.es\/de\/el-festivalito-la-palma-arranca-el-proximo-viernes-14-de-mayo-con-record-de-participante\/\" \/>\n<meta property=\"og:site_name\" content=\"Stars Island La Palma\" \/>\n<meta property=\"article:publisher\" content=\"https:\/\/www.facebook.com\/pages\/Starsisland-La-Palma\/210888162375006?ref=hl\" \/>\n<meta property=\"article:published_time\" content=\"2021-05-12T11:24:49+00:00\" \/>\n<meta property=\"article:modified_time\" content=\"2021-05-25T14:03:12+00:00\" \/>\n<meta property=\"og:image\" content=\"https:\/\/www.starsislandlapalma.es\/wp-content\/uploads\/2021\/05\/00-Festivalito_Mirando-a-las-estrellas.jpg\" \/>\n\t<meta property=\"og:image:width\" content=\"2560\" \/>\n\t<meta property=\"og:image:height\" content=\"1399\" \/>\n\t<meta property=\"og:image:type\" content=\"image\/jpeg\" \/>\n<meta name=\"author\" content=\"Stars Island La Palma\" \/>\n<meta name=\"twitter:label1\" content=\"Verfasst von\" \/>\n\t<meta name=\"twitter:data1\" content=\"Stars Island La Palma\" \/>\n\t<meta name=\"twitter:label2\" content=\"Gesch\u00e4tzte Lesezeit\" \/>\n\t<meta name=\"twitter:data2\" content=\"4\u00a0Minuten\" \/>\n<script type=\"application\/ld+json\" class=\"yoast-schema-graph\">{\"@context\":\"https:\/\/schema.org\",\"@graph\":[{\"@type\":\"Article\",\"@id\":\"https:\/\/www.starsislandlapalma.es\/de\/el-festivalito-la-palma-arranca-el-proximo-viernes-14-de-mayo-con-record-de-participante\/#article\",\"isPartOf\":{\"@id\":\"https:\/\/www.starsislandlapalma.es\/de\/el-festivalito-la-palma-arranca-el-proximo-viernes-14-de-mayo-con-record-de-participante\/\"},\"author\":{\"name\":\"Stars Island La Palma\",\"@id\":\"https:\/\/www.starsislandlapalma.es\/#\/schema\/person\/9043f5bd4f379ca7532bf525fa88073b\"},\"headline\":\"El Festivalito La Palma arranca el pr\u00f3ximo viernes 14 de mayo con r\u00e9cord de participante\",\"datePublished\":\"2021-05-12T11:24:49+00:00\",\"dateModified\":\"2021-05-25T14:03:12+00:00\",\"mainEntityOfPage\":{\"@id\":\"https:\/\/www.starsislandlapalma.es\/de\/el-festivalito-la-palma-arranca-el-proximo-viernes-14-de-mayo-con-record-de-participante\/\"},\"wordCount\":817,\"publisher\":{\"@id\":\"https:\/\/www.starsislandlapalma.es\/#organization\"},\"image\":{\"@id\":\"https:\/\/www.starsislandlapalma.es\/de\/el-festivalito-la-palma-arranca-el-proximo-viernes-14-de-mayo-con-record-de-participante\/#primaryimage\"},\"thumbnailUrl\":\"https:\/\/www.starsislandlapalma.es\/wp-content\/uploads\/2021\/05\/00-Festivalito_Mirando-a-las-estrellas.jpg\",\"articleSection\":[\"Event\",\"Nachricht\"],\"inLanguage\":\"de\"},{\"@type\":\"WebPage\",\"@id\":\"https:\/\/www.starsislandlapalma.es\/de\/el-festivalito-la-palma-arranca-el-proximo-viernes-14-de-mayo-con-record-de-participante\/\",\"url\":\"https:\/\/www.starsislandlapalma.es\/de\/el-festivalito-la-palma-arranca-el-proximo-viernes-14-de-mayo-con-record-de-participante\/\",\"name\":\"El Festivalito La Palma arranca el pr\u00f3ximo viernes 14 de mayo con r\u00e9cord de participante &#8902; Stars Island La Palma\",\"isPartOf\":{\"@id\":\"https:\/\/www.starsislandlapalma.es\/#website\"},\"primaryImageOfPage\":{\"@id\":\"https:\/\/www.starsislandlapalma.es\/de\/el-festivalito-la-palma-arranca-el-proximo-viernes-14-de-mayo-con-record-de-participante\/#primaryimage\"},\"image\":{\"@id\":\"https:\/\/www.starsislandlapalma.es\/de\/el-festivalito-la-palma-arranca-el-proximo-viernes-14-de-mayo-con-record-de-participante\/#primaryimage\"},\"thumbnailUrl\":\"https:\/\/www.starsislandlapalma.es\/wp-content\/uploads\/2021\/05\/00-Festivalito_Mirando-a-las-estrellas.jpg\",\"datePublished\":\"2021-05-12T11:24:49+00:00\",\"dateModified\":\"2021-05-25T14:03:12+00:00\",\"breadcrumb\":{\"@id\":\"https:\/\/www.starsislandlapalma.es\/de\/el-festivalito-la-palma-arranca-el-proximo-viernes-14-de-mayo-con-record-de-participante\/#breadcrumb\"},\"inLanguage\":\"de\",\"potentialAction\":[{\"@type\":\"ReadAction\",\"target\":[\"https:\/\/www.starsislandlapalma.es\/de\/el-festivalito-la-palma-arranca-el-proximo-viernes-14-de-mayo-con-record-de-participante\/\"]}]},{\"@type\":\"ImageObject\",\"inLanguage\":\"de\",\"@id\":\"https:\/\/www.starsislandlapalma.es\/de\/el-festivalito-la-palma-arranca-el-proximo-viernes-14-de-mayo-con-record-de-participante\/#primaryimage\",\"url\":\"https:\/\/www.starsislandlapalma.es\/wp-content\/uploads\/2021\/05\/00-Festivalito_Mirando-a-las-estrellas.jpg\",\"contentUrl\":\"https:\/\/www.starsislandlapalma.es\/wp-content\/uploads\/2021\/05\/00-Festivalito_Mirando-a-las-estrellas.jpg\",\"width\":2560,\"height\":1399},{\"@type\":\"BreadcrumbList\",\"@id\":\"https:\/\/www.starsislandlapalma.es\/de\/el-festivalito-la-palma-arranca-el-proximo-viernes-14-de-mayo-con-record-de-participante\/#breadcrumb\",\"itemListElement\":[{\"@type\":\"ListItem\",\"position\":1,\"name\":\"Portada\",\"item\":\"https:\/\/www.starsislandlapalma.es\/de\/\"},{\"@type\":\"ListItem\",\"position\":2,\"name\":\"El Festivalito La Palma arranca el pr\u00f3ximo viernes 14 de mayo con r\u00e9cord de participante\"}]},{\"@type\":\"WebSite\",\"@id\":\"https:\/\/www.starsislandlapalma.es\/#website\",\"url\":\"https:\/\/www.starsislandlapalma.es\/\",\"name\":\"Stars Island La Palma\",\"description\":\"La Palma, el lugar perfecto para disfrutar del universo. Primera Reserva Starlight del mundo, en 2012 se reconoce como Destino Tur\u00edstico Starlight\",\"publisher\":{\"@id\":\"https:\/\/www.starsislandlapalma.es\/#organization\"},\"potentialAction\":[{\"@type\":\"SearchAction\",\"target\":{\"@type\":\"EntryPoint\",\"urlTemplate\":\"https:\/\/www.starsislandlapalma.es\/?s={search_term_string}\"},\"query-input\":{\"@type\":\"PropertyValueSpecification\",\"valueRequired\":true,\"valueName\":\"search_term_string\"}}],\"inLanguage\":\"de\"},{\"@type\":\"Organization\",\"@id\":\"https:\/\/www.starsislandlapalma.es\/#organization\",\"name\":\"Star Island La Palma\",\"url\":\"https:\/\/www.starsislandlapalma.es\/\",\"logo\":{\"@type\":\"ImageObject\",\"inLanguage\":\"de\",\"@id\":\"https:\/\/www.starsislandlapalma.es\/#\/schema\/logo\/image\/\",\"url\":\"https:\/\/www.starsislandlapalma.es\/wp-content\/uploads\/2022\/01\/logo_starisland.png\",\"contentUrl\":\"https:\/\/www.starsislandlapalma.es\/wp-content\/uploads\/2022\/01\/logo_starisland.png\",\"width\":172,\"height\":139,\"caption\":\"Star Island La Palma\"},\"image\":{\"@id\":\"https:\/\/www.starsislandlapalma.es\/#\/schema\/logo\/image\/\"},\"sameAs\":[\"https:\/\/www.facebook.com\/pages\/Starsisland-La-Palma\/210888162375006?ref=hl\",\"https:\/\/x.com\/starsislandlapa\",\"https:\/\/www.pinterest.com\/astroturismo\/\",\"https:\/\/www.youtube.com\/channel\/UCV7sju1ggcBpJG39HQCBtsA\"]},{\"@type\":\"Person\",\"@id\":\"https:\/\/www.starsislandlapalma.es\/#\/schema\/person\/9043f5bd4f379ca7532bf525fa88073b\",\"name\":\"Stars Island La Palma\",\"image\":{\"@type\":\"ImageObject\",\"inLanguage\":\"de\",\"@id\":\"https:\/\/www.starsislandlapalma.es\/#\/schema\/person\/image\/\",\"url\":\"https:\/\/secure.gravatar.com\/avatar\/214edfeae37af83662fa1058aeebfb41?s=96&d=mm&r=g\",\"contentUrl\":\"https:\/\/secure.gravatar.com\/avatar\/214edfeae37af83662fa1058aeebfb41?s=96&d=mm&r=g\",\"caption\":\"Stars Island La Palma\"},\"url\":\"https:\/\/www.starsislandlapalma.es\/de\/author\/star\/\"}]}<\/script>\n<!-- \/ Yoast SEO plugin. -->","yoast_head_json":{"title":"El Festivalito La Palma arranca el pr\u00f3ximo viernes 14 de mayo con r\u00e9cord de participante &#8902; Stars Island La Palma","robots":{"index":"index","follow":"follow","max-snippet":"max-snippet:-1","max-image-preview":"max-image-preview:large","max-video-preview":"max-video-preview:-1"},"canonical":"https:\/\/www.starsislandlapalma.es\/de\/el-festivalito-la-palma-arranca-el-proximo-viernes-14-de-mayo-con-record-de-participante\/","og_locale":"de_DE","og_type":"article","og_title":"El Festivalito La Palma arranca el pr\u00f3ximo viernes 14 de mayo con r\u00e9cord de participante &#8902; Stars Island La Palma","og_description":"La decimosexta edici\u00f3n, que se celebrar\u00e1 entre el 14 y el 22 de mayo, contar\u00e1 con m\u00e1s de 300 participantes, la cifra m\u00e1s alta de su historia La novedad de este a\u00f1o es el programa Festivalito Lab, un espacio dedicado al encuentro y a la...","og_url":"https:\/\/www.starsislandlapalma.es\/de\/el-festivalito-la-palma-arranca-el-proximo-viernes-14-de-mayo-con-record-de-participante\/","og_site_name":"Stars Island La Palma","article_publisher":"https:\/\/www.facebook.com\/pages\/Starsisland-La-Palma\/210888162375006?ref=hl","article_published_time":"2021-05-12T11:24:49+00:00","article_modified_time":"2021-05-25T14:03:12+00:00","og_image":[{"width":2560,"height":1399,"url":"https:\/\/www.starsislandlapalma.es\/wp-content\/uploads\/2021\/05\/00-Festivalito_Mirando-a-las-estrellas.jpg","type":"image\/jpeg"}],"author":"Stars Island La Palma","twitter_misc":{"Verfasst von":"Stars Island La Palma","Gesch\u00e4tzte Lesezeit":"4\u00a0Minuten"},"schema":{"@context":"https:\/\/schema.org","@graph":[{"@type":"Article","@id":"https:\/\/www.starsislandlapalma.es\/de\/el-festivalito-la-palma-arranca-el-proximo-viernes-14-de-mayo-con-record-de-participante\/#article","isPartOf":{"@id":"https:\/\/www.starsislandlapalma.es\/de\/el-festivalito-la-palma-arranca-el-proximo-viernes-14-de-mayo-con-record-de-participante\/"},"author":{"name":"Stars Island La Palma","@id":"https:\/\/www.starsislandlapalma.es\/#\/schema\/person\/9043f5bd4f379ca7532bf525fa88073b"},"headline":"El Festivalito La Palma arranca el pr\u00f3ximo viernes 14 de mayo con r\u00e9cord de participante","datePublished":"2021-05-12T11:24:49+00:00","dateModified":"2021-05-25T14:03:12+00:00","mainEntityOfPage":{"@id":"https:\/\/www.starsislandlapalma.es\/de\/el-festivalito-la-palma-arranca-el-proximo-viernes-14-de-mayo-con-record-de-participante\/"},"wordCount":817,"publisher":{"@id":"https:\/\/www.starsislandlapalma.es\/#organization"},"image":{"@id":"https:\/\/www.starsislandlapalma.es\/de\/el-festivalito-la-palma-arranca-el-proximo-viernes-14-de-mayo-con-record-de-participante\/#primaryimage"},"thumbnailUrl":"https:\/\/www.starsislandlapalma.es\/wp-content\/uploads\/2021\/05\/00-Festivalito_Mirando-a-las-estrellas.jpg","articleSection":["Event","Nachricht"],"inLanguage":"de"},{"@type":"WebPage","@id":"https:\/\/www.starsislandlapalma.es\/de\/el-festivalito-la-palma-arranca-el-proximo-viernes-14-de-mayo-con-record-de-participante\/","url":"https:\/\/www.starsislandlapalma.es\/de\/el-festivalito-la-palma-arranca-el-proximo-viernes-14-de-mayo-con-record-de-participante\/","name":"El Festivalito La Palma arranca el pr\u00f3ximo viernes 14 de mayo con r\u00e9cord de participante &#8902; Stars Island La Palma","isPartOf":{"@id":"https:\/\/www.starsislandlapalma.es\/#website"},"primaryImageOfPage":{"@id":"https:\/\/www.starsislandlapalma.es\/de\/el-festivalito-la-palma-arranca-el-proximo-viernes-14-de-mayo-con-record-de-participante\/#primaryimage"},"image":{"@id":"https:\/\/www.starsislandlapalma.es\/de\/el-festivalito-la-palma-arranca-el-proximo-viernes-14-de-mayo-con-record-de-participante\/#primaryimage"},"thumbnailUrl":"https:\/\/www.starsislandlapalma.es\/wp-content\/uploads\/2021\/05\/00-Festivalito_Mirando-a-las-estrellas.jpg","datePublished":"2021-05-12T11:24:49+00:00","dateModified":"2021-05-25T14:03:12+00:00","breadcrumb":{"@id":"https:\/\/www.starsislandlapalma.es\/de\/el-festivalito-la-palma-arranca-el-proximo-viernes-14-de-mayo-con-record-de-participante\/#breadcrumb"},"inLanguage":"de","potentialAction":[{"@type":"ReadAction","target":["https:\/\/www.starsislandlapalma.es\/de\/el-festivalito-la-palma-arranca-el-proximo-viernes-14-de-mayo-con-record-de-participante\/"]}]},{"@type":"ImageObject","inLanguage":"de","@id":"https:\/\/www.starsislandlapalma.es\/de\/el-festivalito-la-palma-arranca-el-proximo-viernes-14-de-mayo-con-record-de-participante\/#primaryimage","url":"https:\/\/www.starsislandlapalma.es\/wp-content\/uploads\/2021\/05\/00-Festivalito_Mirando-a-las-estrellas.jpg","contentUrl":"https:\/\/www.starsislandlapalma.es\/wp-content\/uploads\/2021\/05\/00-Festivalito_Mirando-a-las-estrellas.jpg","width":2560,"height":1399},{"@type":"BreadcrumbList","@id":"https:\/\/www.starsislandlapalma.es\/de\/el-festivalito-la-palma-arranca-el-proximo-viernes-14-de-mayo-con-record-de-participante\/#breadcrumb","itemListElement":[{"@type":"ListItem","position":1,"name":"Portada","item":"https:\/\/www.starsislandlapalma.es\/de\/"},{"@type":"ListItem","position":2,"name":"El Festivalito La Palma arranca el pr\u00f3ximo viernes 14 de mayo con r\u00e9cord de participante"}]},{"@type":"WebSite","@id":"https:\/\/www.starsislandlapalma.es\/#website","url":"https:\/\/www.starsislandlapalma.es\/","name":"Stars Island La Palma","description":"La Palma, el lugar perfecto para disfrutar del universo. Primera Reserva Starlight del mundo, en 2012 se reconoce como Destino Tur\u00edstico Starlight","publisher":{"@id":"https:\/\/www.starsislandlapalma.es\/#organization"},"potentialAction":[{"@type":"SearchAction","target":{"@type":"EntryPoint","urlTemplate":"https:\/\/www.starsislandlapalma.es\/?s={search_term_string}"},"query-input":{"@type":"PropertyValueSpecification","valueRequired":true,"valueName":"search_term_string"}}],"inLanguage":"de"},{"@type":"Organization","@id":"https:\/\/www.starsislandlapalma.es\/#organization","name":"Star Island La Palma","url":"https:\/\/www.starsislandlapalma.es\/","logo":{"@type":"ImageObject","inLanguage":"de","@id":"https:\/\/www.starsislandlapalma.es\/#\/schema\/logo\/image\/","url":"https:\/\/www.starsislandlapalma.es\/wp-content\/uploads\/2022\/01\/logo_starisland.png","contentUrl":"https:\/\/www.starsislandlapalma.es\/wp-content\/uploads\/2022\/01\/logo_starisland.png","width":172,"height":139,"caption":"Star Island La Palma"},"image":{"@id":"https:\/\/www.starsislandlapalma.es\/#\/schema\/logo\/image\/"},"sameAs":["https:\/\/www.facebook.com\/pages\/Starsisland-La-Palma\/210888162375006?ref=hl","https:\/\/x.com\/starsislandlapa","https:\/\/www.pinterest.com\/astroturismo\/","https:\/\/www.youtube.com\/channel\/UCV7sju1ggcBpJG39HQCBtsA"]},{"@type":"Person","@id":"https:\/\/www.starsislandlapalma.es\/#\/schema\/person\/9043f5bd4f379ca7532bf525fa88073b","name":"Stars Island La Palma","image":{"@type":"ImageObject","inLanguage":"de","@id":"https:\/\/www.starsislandlapalma.es\/#\/schema\/person\/image\/","url":"https:\/\/secure.gravatar.com\/avatar\/214edfeae37af83662fa1058aeebfb41?s=96&d=mm&r=g","contentUrl":"https:\/\/secure.gravatar.com\/avatar\/214edfeae37af83662fa1058aeebfb41?s=96&d=mm&r=g","caption":"Stars Island La Palma"},"url":"https:\/\/www.starsislandlapalma.es\/de\/author\/star\/"}]}},"_links":{"self":[{"href":"https:\/\/www.starsislandlapalma.es\/de\/wp-json\/wp\/v2\/posts\/22495\/"}],"collection":[{"href":"https:\/\/www.starsislandlapalma.es\/de\/wp-json\/wp\/v2\/posts\/"}],"about":[{"href":"https:\/\/www.starsislandlapalma.es\/de\/wp-json\/wp\/v2\/types\/post\/"}],"author":[{"embeddable":true,"href":"https:\/\/www.starsislandlapalma.es\/de\/wp-json\/wp\/v2\/users\/1\/"}],"replies":[{"embeddable":true,"href":"https:\/\/www.starsislandlapalma.es\/de\/wp-json\/wp\/v2\/comments\/?post=22495"}],"version-history":[{"count":0,"href":"https:\/\/www.starsislandlapalma.es\/de\/wp-json\/wp\/v2\/posts\/22495\/revisions\/"}],"wp:featuredmedia":[{"embeddable":true,"href":"https:\/\/www.starsislandlapalma.es\/de\/wp-json\/wp\/v2\/media\/22247\/"}],"wp:attachment":[{"href":"https:\/\/www.starsislandlapalma.es\/de\/wp-json\/wp\/v2\/media\/?parent=22495"}],"wp:term":[{"taxonomy":"category","embeddable":true,"href":"https:\/\/www.starsislandlapalma.es\/de\/wp-json\/wp\/v2\/categories\/?post=22495"},{"taxonomy":"post_tag","embeddable":true,"href":"https:\/\/www.starsislandlapalma.es\/de\/wp-json\/wp\/v2\/tags\/?post=22495"}],"curies":[{"name":"wp","href":"https:\/\/api.w.org\/{rel}","templated":true}]}}