{"id":22557,"date":"2020-09-15T00:46:00","date_gmt":"2020-09-15T00:46:00","guid":{"rendered":"https:\/\/www.starsislandlapalma.es\/tenerife-y-la-palma-reciben-los-primeros-medidores-de-la-oscuridad-del-cielo-nocturno\/"},"modified":"2021-05-25T14:07:44","modified_gmt":"2021-05-25T14:07:44","slug":"tenerife-y-la-palma-reciben-los-primeros-medidores-de-la-oscuridad-del-cielo-nocturno","status":"publish","type":"post","link":"https:\/\/www.starsislandlapalma.es\/de\/tenerife-y-la-palma-reciben-los-primeros-medidores-de-la-oscuridad-del-cielo-nocturno\/","title":{"rendered":"Tenerife y La Palma reciben los primeros medidores de la oscuridad del cielo nocturno"},"content":{"rendered":"\r\n<p>Tras varios meses de espera, este verano ha comenzado el despliegue de las primeras redes de fot\u00f3metros del proyecto EELabs, que lidera el Instituto de Astrof\u00edsica de Canarias (IAC). Tenerife y La Palma han recibido ya los primeros medidores de la oscuridad del cielo nocturno y, en Gran Canaria, se han iniciado las labores de selecci\u00f3n de los emplazamientos en los que se instalar\u00e1n estos peque\u00f1os dispositivos.<\/p>\r\n\r\n\r\n\r\n<p>La contaminaci\u00f3n lum\u00ednica no es un problema exclusivo de la Astronom\u00eda. La p\u00e9rdida de la oscuridad, debido a la Luz Artificial Nocturna (LAN), tiene un impacto peligroso en los ecosistemas naturales y, a trav\u00e9s del proyecto EELabs, no solo va a poder cuantificarse, sino que tambi\u00e9n se plantean medidas para su soluci\u00f3n.<\/p>\r\n\r\n\r\n\r\n<p>\u201cLos principales objetivos de EELabs son medir la contaminaci\u00f3n lum\u00ednica de los ecosistemas naturales protegidos de La Macaronesia a trav\u00e9s de laboratorios de poluci\u00f3n lum\u00ednica; crear un m\u00ednimo de cuatro experimentos de poluci\u00f3n lum\u00ednica con el objetivo de averiguar c\u00f3mo se propaga la luz artificial nocturna e implicar a los m\u00e1s j\u00f3venes en la b\u00fasqueda de soluciones a este problema; y ampliar la legislaci\u00f3n en los municipios que participar\u00e1n en el proyecto para proteger los ecosistemas nocturnos\u201d, enumera\u00a0<strong>Miquel Serra-Ricart<\/strong>, astr\u00f3nomo del IAC y coordinador del proyecto.<\/p>\r\n\r\n\r\n\r\n<p>EELabs, que se desarrolla a trav\u00e9s del programa Interreg MAC 2014-2020, medir\u00e1 la oscuridad de las noches de, al menos, cinco islas macaron\u00e9sicas a trav\u00e9s de unas infraestructuras aut\u00f3nomas -y no invasivas- llamadas fot\u00f3metros. La instalaci\u00f3n de estos sensores comenz\u00f3 el pasado mes de julio en el municipio de G\u00fc\u00edmar (Tenerife), con la colaboraci\u00f3n de su Ayuntamiento; y<strong>\u00a0en el Observatorio del Roque de los Muchachos (Garaf\u00eda, La Palma) y alrededores de la Caldera de Taburiente, a trav\u00e9s del proyecto\u00a0<a href=\"http:\/\/www.lapalmasmartisland.es\/\" target=\"_blank\" rel=\"noreferrer noopener\"><u>La Palma Smart Island<\/u><\/a>, promovido por el Cabildo insular de La Palma<\/strong>. Durante el mes de agosto, una parte del equipo del proyecto se desplaz\u00f3 tambi\u00e9n a Gran Canaria para reunirse con el alcalde de Tejeda, el municipio que albergar\u00e1 el quinto laboratorio de contaminaci\u00f3n lum\u00ednica, el tercero en Canarias.<\/p>\r\n","protected":false},"excerpt":{"rendered":"<p>Tras varios meses de espera, este verano ha comenzado el despliegue de las primeras redes de fot\u00f3metros del proyecto EELabs, que lidera el Instituto de Astrof\u00edsica de Canarias (IAC). Tenerife y La Palma han recibido ya los primeros medidores de la oscuridad del cielo nocturno&#8230;<\/p>\n","protected":false},"author":1,"featured_media":21684,"comment_status":"open","ping_status":"open","sticky":false,"template":"","format":"standard","meta":{"footnotes":""},"categories":[135],"tags":[252,166,167],"yoast_head":"<!-- This site is optimized with the Yoast SEO plugin v24.5 - https:\/\/yoast.com\/wordpress\/plugins\/seo\/ -->\n<title>Tenerife y La Palma reciben los primeros medidores de la oscuridad del cielo nocturno &#8902; Stars Island La Palma<\/title>\n<meta name=\"robots\" content=\"index, follow, max-snippet:-1, max-image-preview:large, max-video-preview:-1\" \/>\n<link rel=\"canonical\" href=\"https:\/\/www.starsislandlapalma.es\/de\/tenerife-y-la-palma-reciben-los-primeros-medidores-de-la-oscuridad-del-cielo-nocturno\/\" \/>\n<meta property=\"og:locale\" content=\"de_DE\" \/>\n<meta property=\"og:type\" content=\"article\" \/>\n<meta property=\"og:title\" content=\"Tenerife y La Palma reciben los primeros medidores de la oscuridad del cielo nocturno &#8902; Stars Island La Palma\" \/>\n<meta property=\"og:description\" content=\"Tras varios meses de espera, este verano ha comenzado el despliegue de las primeras redes de fot\u00f3metros del proyecto EELabs, que lidera el Instituto de Astrof\u00edsica de Canarias (IAC). Tenerife y La Palma han recibido ya los primeros medidores de la oscuridad del cielo nocturno...\" \/>\n<meta property=\"og:url\" content=\"https:\/\/www.starsislandlapalma.es\/de\/tenerife-y-la-palma-reciben-los-primeros-medidores-de-la-oscuridad-del-cielo-nocturno\/\" \/>\n<meta property=\"og:site_name\" content=\"Stars Island La Palma\" \/>\n<meta property=\"article:publisher\" content=\"https:\/\/www.facebook.com\/pages\/Starsisland-La-Palma\/210888162375006?ref=hl\" \/>\n<meta property=\"article:published_time\" content=\"2020-09-15T00:46:00+00:00\" \/>\n<meta property=\"article:modified_time\" content=\"2021-05-25T14:07:44+00:00\" \/>\n<meta property=\"og:image\" content=\"https:\/\/www.starsislandlapalma.es\/wp-content\/uploads\/2020\/09\/lluvia-estrellas.jpg\" \/>\n\t<meta property=\"og:image:width\" content=\"900\" \/>\n\t<meta property=\"og:image:height\" content=\"600\" \/>\n\t<meta property=\"og:image:type\" content=\"image\/jpeg\" \/>\n<meta name=\"author\" content=\"Stars Island La Palma\" \/>\n<meta name=\"twitter:label1\" content=\"Verfasst von\" \/>\n\t<meta name=\"twitter:data1\" content=\"Stars Island La Palma\" \/>\n\t<meta name=\"twitter:label2\" content=\"Gesch\u00e4tzte Lesezeit\" \/>\n\t<meta name=\"twitter:data2\" content=\"2\u00a0Minuten\" \/>\n<script type=\"application\/ld+json\" class=\"yoast-schema-graph\">{\"@context\":\"https:\/\/schema.org\",\"@graph\":[{\"@type\":\"Article\",\"@id\":\"https:\/\/www.starsislandlapalma.es\/de\/tenerife-y-la-palma-reciben-los-primeros-medidores-de-la-oscuridad-del-cielo-nocturno\/#article\",\"isPartOf\":{\"@id\":\"https:\/\/www.starsislandlapalma.es\/de\/tenerife-y-la-palma-reciben-los-primeros-medidores-de-la-oscuridad-del-cielo-nocturno\/\"},\"author\":{\"name\":\"Stars Island La Palma\",\"@id\":\"https:\/\/www.starsislandlapalma.es\/#\/schema\/person\/9043f5bd4f379ca7532bf525fa88073b\"},\"headline\":\"Tenerife y La Palma reciben los primeros medidores de la oscuridad del cielo nocturno\",\"datePublished\":\"2020-09-15T00:46:00+00:00\",\"dateModified\":\"2021-05-25T14:07:44+00:00\",\"mainEntityOfPage\":{\"@id\":\"https:\/\/www.starsislandlapalma.es\/de\/tenerife-y-la-palma-reciben-los-primeros-medidores-de-la-oscuridad-del-cielo-nocturno\/\"},\"wordCount\":390,\"commentCount\":0,\"publisher\":{\"@id\":\"https:\/\/www.starsislandlapalma.es\/#organization\"},\"image\":{\"@id\":\"https:\/\/www.starsislandlapalma.es\/de\/tenerife-y-la-palma-reciben-los-primeros-medidores-de-la-oscuridad-del-cielo-nocturno\/#primaryimage\"},\"thumbnailUrl\":\"https:\/\/www.starsislandlapalma.es\/wp-content\/uploads\/2020\/09\/lluvia-estrellas.jpg\",\"keywords\":[\"astronom\u00eda\",\"IAC\",\"la palma\"],\"articleSection\":[\"Nachricht\"],\"inLanguage\":\"de\",\"potentialAction\":[{\"@type\":\"CommentAction\",\"name\":\"Comment\",\"target\":[\"https:\/\/www.starsislandlapalma.es\/de\/tenerife-y-la-palma-reciben-los-primeros-medidores-de-la-oscuridad-del-cielo-nocturno\/#respond\"]}]},{\"@type\":\"WebPage\",\"@id\":\"https:\/\/www.starsislandlapalma.es\/de\/tenerife-y-la-palma-reciben-los-primeros-medidores-de-la-oscuridad-del-cielo-nocturno\/\",\"url\":\"https:\/\/www.starsislandlapalma.es\/de\/tenerife-y-la-palma-reciben-los-primeros-medidores-de-la-oscuridad-del-cielo-nocturno\/\",\"name\":\"Tenerife y La Palma reciben los primeros medidores de la oscuridad del cielo nocturno &#8902; Stars Island La Palma\",\"isPartOf\":{\"@id\":\"https:\/\/www.starsislandlapalma.es\/#website\"},\"primaryImageOfPage\":{\"@id\":\"https:\/\/www.starsislandlapalma.es\/de\/tenerife-y-la-palma-reciben-los-primeros-medidores-de-la-oscuridad-del-cielo-nocturno\/#primaryimage\"},\"image\":{\"@id\":\"https:\/\/www.starsislandlapalma.es\/de\/tenerife-y-la-palma-reciben-los-primeros-medidores-de-la-oscuridad-del-cielo-nocturno\/#primaryimage\"},\"thumbnailUrl\":\"https:\/\/www.starsislandlapalma.es\/wp-content\/uploads\/2020\/09\/lluvia-estrellas.jpg\",\"datePublished\":\"2020-09-15T00:46:00+00:00\",\"dateModified\":\"2021-05-25T14:07:44+00:00\",\"breadcrumb\":{\"@id\":\"https:\/\/www.starsislandlapalma.es\/de\/tenerife-y-la-palma-reciben-los-primeros-medidores-de-la-oscuridad-del-cielo-nocturno\/#breadcrumb\"},\"inLanguage\":\"de\",\"potentialAction\":[{\"@type\":\"ReadAction\",\"target\":[\"https:\/\/www.starsislandlapalma.es\/de\/tenerife-y-la-palma-reciben-los-primeros-medidores-de-la-oscuridad-del-cielo-nocturno\/\"]}]},{\"@type\":\"ImageObject\",\"inLanguage\":\"de\",\"@id\":\"https:\/\/www.starsislandlapalma.es\/de\/tenerife-y-la-palma-reciben-los-primeros-medidores-de-la-oscuridad-del-cielo-nocturno\/#primaryimage\",\"url\":\"https:\/\/www.starsislandlapalma.es\/wp-content\/uploads\/2020\/09\/lluvia-estrellas.jpg\",\"contentUrl\":\"https:\/\/www.starsislandlapalma.es\/wp-content\/uploads\/2020\/09\/lluvia-estrellas.jpg\",\"width\":900,\"height\":600},{\"@type\":\"BreadcrumbList\",\"@id\":\"https:\/\/www.starsislandlapalma.es\/de\/tenerife-y-la-palma-reciben-los-primeros-medidores-de-la-oscuridad-del-cielo-nocturno\/#breadcrumb\",\"itemListElement\":[{\"@type\":\"ListItem\",\"position\":1,\"name\":\"Portada\",\"item\":\"https:\/\/www.starsislandlapalma.es\/de\/\"},{\"@type\":\"ListItem\",\"position\":2,\"name\":\"Tenerife y La Palma reciben los primeros medidores de la oscuridad del cielo nocturno\"}]},{\"@type\":\"WebSite\",\"@id\":\"https:\/\/www.starsislandlapalma.es\/#website\",\"url\":\"https:\/\/www.starsislandlapalma.es\/\",\"name\":\"Stars Island La Palma\",\"description\":\"La Palma, el lugar perfecto para disfrutar del universo. Primera Reserva Starlight del mundo, en 2012 se reconoce como Destino Tur\u00edstico Starlight\",\"publisher\":{\"@id\":\"https:\/\/www.starsislandlapalma.es\/#organization\"},\"potentialAction\":[{\"@type\":\"SearchAction\",\"target\":{\"@type\":\"EntryPoint\",\"urlTemplate\":\"https:\/\/www.starsislandlapalma.es\/?s={search_term_string}\"},\"query-input\":{\"@type\":\"PropertyValueSpecification\",\"valueRequired\":true,\"valueName\":\"search_term_string\"}}],\"inLanguage\":\"de\"},{\"@type\":\"Organization\",\"@id\":\"https:\/\/www.starsislandlapalma.es\/#organization\",\"name\":\"Star Island La Palma\",\"url\":\"https:\/\/www.starsislandlapalma.es\/\",\"logo\":{\"@type\":\"ImageObject\",\"inLanguage\":\"de\",\"@id\":\"https:\/\/www.starsislandlapalma.es\/#\/schema\/logo\/image\/\",\"url\":\"https:\/\/www.starsislandlapalma.es\/wp-content\/uploads\/2022\/01\/logo_starisland.png\",\"contentUrl\":\"https:\/\/www.starsislandlapalma.es\/wp-content\/uploads\/2022\/01\/logo_starisland.png\",\"width\":172,\"height\":139,\"caption\":\"Star Island La Palma\"},\"image\":{\"@id\":\"https:\/\/www.starsislandlapalma.es\/#\/schema\/logo\/image\/\"},\"sameAs\":[\"https:\/\/www.facebook.com\/pages\/Starsisland-La-Palma\/210888162375006?ref=hl\",\"https:\/\/x.com\/starsislandlapa\",\"https:\/\/www.pinterest.com\/astroturismo\/\",\"https:\/\/www.youtube.com\/channel\/UCV7sju1ggcBpJG39HQCBtsA\"]},{\"@type\":\"Person\",\"@id\":\"https:\/\/www.starsislandlapalma.es\/#\/schema\/person\/9043f5bd4f379ca7532bf525fa88073b\",\"name\":\"Stars Island La Palma\",\"image\":{\"@type\":\"ImageObject\",\"inLanguage\":\"de\",\"@id\":\"https:\/\/www.starsislandlapalma.es\/#\/schema\/person\/image\/\",\"url\":\"https:\/\/secure.gravatar.com\/avatar\/214edfeae37af83662fa1058aeebfb41?s=96&d=mm&r=g\",\"contentUrl\":\"https:\/\/secure.gravatar.com\/avatar\/214edfeae37af83662fa1058aeebfb41?s=96&d=mm&r=g\",\"caption\":\"Stars Island La Palma\"},\"url\":\"https:\/\/www.starsislandlapalma.es\/de\/author\/star\/\"}]}<\/script>\n<!-- \/ Yoast SEO plugin. -->","yoast_head_json":{"title":"Tenerife y La Palma reciben los primeros medidores de la oscuridad del cielo nocturno &#8902; Stars Island La Palma","robots":{"index":"index","follow":"follow","max-snippet":"max-snippet:-1","max-image-preview":"max-image-preview:large","max-video-preview":"max-video-preview:-1"},"canonical":"https:\/\/www.starsislandlapalma.es\/de\/tenerife-y-la-palma-reciben-los-primeros-medidores-de-la-oscuridad-del-cielo-nocturno\/","og_locale":"de_DE","og_type":"article","og_title":"Tenerife y La Palma reciben los primeros medidores de la oscuridad del cielo nocturno &#8902; Stars Island La Palma","og_description":"Tras varios meses de espera, este verano ha comenzado el despliegue de las primeras redes de fot\u00f3metros del proyecto EELabs, que lidera el Instituto de Astrof\u00edsica de Canarias (IAC). Tenerife y La Palma han recibido ya los primeros medidores de la oscuridad del cielo nocturno...","og_url":"https:\/\/www.starsislandlapalma.es\/de\/tenerife-y-la-palma-reciben-los-primeros-medidores-de-la-oscuridad-del-cielo-nocturno\/","og_site_name":"Stars Island La Palma","article_publisher":"https:\/\/www.facebook.com\/pages\/Starsisland-La-Palma\/210888162375006?ref=hl","article_published_time":"2020-09-15T00:46:00+00:00","article_modified_time":"2021-05-25T14:07:44+00:00","og_image":[{"width":900,"height":600,"url":"https:\/\/www.starsislandlapalma.es\/wp-content\/uploads\/2020\/09\/lluvia-estrellas.jpg","type":"image\/jpeg"}],"author":"Stars Island La Palma","twitter_misc":{"Verfasst von":"Stars Island La Palma","Gesch\u00e4tzte Lesezeit":"2\u00a0Minuten"},"schema":{"@context":"https:\/\/schema.org","@graph":[{"@type":"Article","@id":"https:\/\/www.starsislandlapalma.es\/de\/tenerife-y-la-palma-reciben-los-primeros-medidores-de-la-oscuridad-del-cielo-nocturno\/#article","isPartOf":{"@id":"https:\/\/www.starsislandlapalma.es\/de\/tenerife-y-la-palma-reciben-los-primeros-medidores-de-la-oscuridad-del-cielo-nocturno\/"},"author":{"name":"Stars Island La Palma","@id":"https:\/\/www.starsislandlapalma.es\/#\/schema\/person\/9043f5bd4f379ca7532bf525fa88073b"},"headline":"Tenerife y La Palma reciben los primeros medidores de la oscuridad del cielo nocturno","datePublished":"2020-09-15T00:46:00+00:00","dateModified":"2021-05-25T14:07:44+00:00","mainEntityOfPage":{"@id":"https:\/\/www.starsislandlapalma.es\/de\/tenerife-y-la-palma-reciben-los-primeros-medidores-de-la-oscuridad-del-cielo-nocturno\/"},"wordCount":390,"commentCount":0,"publisher":{"@id":"https:\/\/www.starsislandlapalma.es\/#organization"},"image":{"@id":"https:\/\/www.starsislandlapalma.es\/de\/tenerife-y-la-palma-reciben-los-primeros-medidores-de-la-oscuridad-del-cielo-nocturno\/#primaryimage"},"thumbnailUrl":"https:\/\/www.starsislandlapalma.es\/wp-content\/uploads\/2020\/09\/lluvia-estrellas.jpg","keywords":["astronom\u00eda","IAC","la palma"],"articleSection":["Nachricht"],"inLanguage":"de","potentialAction":[{"@type":"CommentAction","name":"Comment","target":["https:\/\/www.starsislandlapalma.es\/de\/tenerife-y-la-palma-reciben-los-primeros-medidores-de-la-oscuridad-del-cielo-nocturno\/#respond"]}]},{"@type":"WebPage","@id":"https:\/\/www.starsislandlapalma.es\/de\/tenerife-y-la-palma-reciben-los-primeros-medidores-de-la-oscuridad-del-cielo-nocturno\/","url":"https:\/\/www.starsislandlapalma.es\/de\/tenerife-y-la-palma-reciben-los-primeros-medidores-de-la-oscuridad-del-cielo-nocturno\/","name":"Tenerife y La Palma reciben los primeros medidores de la oscuridad del cielo nocturno &#8902; Stars Island La Palma","isPartOf":{"@id":"https:\/\/www.starsislandlapalma.es\/#website"},"primaryImageOfPage":{"@id":"https:\/\/www.starsislandlapalma.es\/de\/tenerife-y-la-palma-reciben-los-primeros-medidores-de-la-oscuridad-del-cielo-nocturno\/#primaryimage"},"image":{"@id":"https:\/\/www.starsislandlapalma.es\/de\/tenerife-y-la-palma-reciben-los-primeros-medidores-de-la-oscuridad-del-cielo-nocturno\/#primaryimage"},"thumbnailUrl":"https:\/\/www.starsislandlapalma.es\/wp-content\/uploads\/2020\/09\/lluvia-estrellas.jpg","datePublished":"2020-09-15T00:46:00+00:00","dateModified":"2021-05-25T14:07:44+00:00","breadcrumb":{"@id":"https:\/\/www.starsislandlapalma.es\/de\/tenerife-y-la-palma-reciben-los-primeros-medidores-de-la-oscuridad-del-cielo-nocturno\/#breadcrumb"},"inLanguage":"de","potentialAction":[{"@type":"ReadAction","target":["https:\/\/www.starsislandlapalma.es\/de\/tenerife-y-la-palma-reciben-los-primeros-medidores-de-la-oscuridad-del-cielo-nocturno\/"]}]},{"@type":"ImageObject","inLanguage":"de","@id":"https:\/\/www.starsislandlapalma.es\/de\/tenerife-y-la-palma-reciben-los-primeros-medidores-de-la-oscuridad-del-cielo-nocturno\/#primaryimage","url":"https:\/\/www.starsislandlapalma.es\/wp-content\/uploads\/2020\/09\/lluvia-estrellas.jpg","contentUrl":"https:\/\/www.starsislandlapalma.es\/wp-content\/uploads\/2020\/09\/lluvia-estrellas.jpg","width":900,"height":600},{"@type":"BreadcrumbList","@id":"https:\/\/www.starsislandlapalma.es\/de\/tenerife-y-la-palma-reciben-los-primeros-medidores-de-la-oscuridad-del-cielo-nocturno\/#breadcrumb","itemListElement":[{"@type":"ListItem","position":1,"name":"Portada","item":"https:\/\/www.starsislandlapalma.es\/de\/"},{"@type":"ListItem","position":2,"name":"Tenerife y La Palma reciben los primeros medidores de la oscuridad del cielo nocturno"}]},{"@type":"WebSite","@id":"https:\/\/www.starsislandlapalma.es\/#website","url":"https:\/\/www.starsislandlapalma.es\/","name":"Stars Island La Palma","description":"La Palma, el lugar perfecto para disfrutar del universo. Primera Reserva Starlight del mundo, en 2012 se reconoce como Destino Tur\u00edstico Starlight","publisher":{"@id":"https:\/\/www.starsislandlapalma.es\/#organization"},"potentialAction":[{"@type":"SearchAction","target":{"@type":"EntryPoint","urlTemplate":"https:\/\/www.starsislandlapalma.es\/?s={search_term_string}"},"query-input":{"@type":"PropertyValueSpecification","valueRequired":true,"valueName":"search_term_string"}}],"inLanguage":"de"},{"@type":"Organization","@id":"https:\/\/www.starsislandlapalma.es\/#organization","name":"Star Island La Palma","url":"https:\/\/www.starsislandlapalma.es\/","logo":{"@type":"ImageObject","inLanguage":"de","@id":"https:\/\/www.starsislandlapalma.es\/#\/schema\/logo\/image\/","url":"https:\/\/www.starsislandlapalma.es\/wp-content\/uploads\/2022\/01\/logo_starisland.png","contentUrl":"https:\/\/www.starsislandlapalma.es\/wp-content\/uploads\/2022\/01\/logo_starisland.png","width":172,"height":139,"caption":"Star Island La Palma"},"image":{"@id":"https:\/\/www.starsislandlapalma.es\/#\/schema\/logo\/image\/"},"sameAs":["https:\/\/www.facebook.com\/pages\/Starsisland-La-Palma\/210888162375006?ref=hl","https:\/\/x.com\/starsislandlapa","https:\/\/www.pinterest.com\/astroturismo\/","https:\/\/www.youtube.com\/channel\/UCV7sju1ggcBpJG39HQCBtsA"]},{"@type":"Person","@id":"https:\/\/www.starsislandlapalma.es\/#\/schema\/person\/9043f5bd4f379ca7532bf525fa88073b","name":"Stars Island La Palma","image":{"@type":"ImageObject","inLanguage":"de","@id":"https:\/\/www.starsislandlapalma.es\/#\/schema\/person\/image\/","url":"https:\/\/secure.gravatar.com\/avatar\/214edfeae37af83662fa1058aeebfb41?s=96&d=mm&r=g","contentUrl":"https:\/\/secure.gravatar.com\/avatar\/214edfeae37af83662fa1058aeebfb41?s=96&d=mm&r=g","caption":"Stars Island La Palma"},"url":"https:\/\/www.starsislandlapalma.es\/de\/author\/star\/"}]}},"_links":{"self":[{"href":"https:\/\/www.starsislandlapalma.es\/de\/wp-json\/wp\/v2\/posts\/22557\/"}],"collection":[{"href":"https:\/\/www.starsislandlapalma.es\/de\/wp-json\/wp\/v2\/posts\/"}],"about":[{"href":"https:\/\/www.starsislandlapalma.es\/de\/wp-json\/wp\/v2\/types\/post\/"}],"author":[{"embeddable":true,"href":"https:\/\/www.starsislandlapalma.es\/de\/wp-json\/wp\/v2\/users\/1\/"}],"replies":[{"embeddable":true,"href":"https:\/\/www.starsislandlapalma.es\/de\/wp-json\/wp\/v2\/comments\/?post=22557"}],"version-history":[{"count":0,"href":"https:\/\/www.starsislandlapalma.es\/de\/wp-json\/wp\/v2\/posts\/22557\/revisions\/"}],"wp:featuredmedia":[{"embeddable":true,"href":"https:\/\/www.starsislandlapalma.es\/de\/wp-json\/wp\/v2\/media\/21684\/"}],"wp:attachment":[{"href":"https:\/\/www.starsislandlapalma.es\/de\/wp-json\/wp\/v2\/media\/?parent=22557"}],"wp:term":[{"taxonomy":"category","embeddable":true,"href":"https:\/\/www.starsislandlapalma.es\/de\/wp-json\/wp\/v2\/categories\/?post=22557"},{"taxonomy":"post_tag","embeddable":true,"href":"https:\/\/www.starsislandlapalma.es\/de\/wp-json\/wp\/v2\/tags\/?post=22557"}],"curies":[{"name":"wp","href":"https:\/\/api.w.org\/{rel}","templated":true}]}}