{"id":22596,"date":"2020-03-06T13:11:00","date_gmt":"2020-03-06T13:11:00","guid":{"rendered":"https:\/\/www.starsislandlapalma.es\/la-union-europea-felicita-a-la-palma-por-la-iniciativa-apaga-la-luz-y-enciende-las-estrellas\/"},"modified":"2021-05-25T14:10:22","modified_gmt":"2021-05-25T14:10:22","slug":"la-union-europea-felicita-a-la-palma-por-la-iniciativa-apaga-la-luz-y-enciende-las-estrellas","status":"publish","type":"post","link":"https:\/\/www.starsislandlapalma.es\/de\/la-union-europea-felicita-a-la-palma-por-la-iniciativa-apaga-la-luz-y-enciende-las-estrellas\/","title":{"rendered":"La Uni\u00f3n Europea felicita a La Palma por la iniciativa \u2018Apaga la luz y enciende las estrellas\u2019"},"content":{"rendered":"\r\n<p class=\"has-text-align-justify\">La Plataforma de Aprendizaje de Pol\u00edticas Europeas Interreg ha publicado en su base de datos de buenas pr\u00e1cticas el evento <em>Apaga la luz y enciende las estrellas<\/em> que promueve y organiza el Cabildo Insular de La Palma a trav\u00e9s de la Consejer\u00eda de Turismo para concienciar y sensibilizar a la poblaci\u00f3n de la isla sobre la importancia de mantener la calidad de los cielos nocturnos.<\/p>\r\n\r\n\r\n\r\n<p class=\"has-text-align-justify\">El consejero del \u00c1rea, Ra\u00fal Camacho, recuerda que \u201cen abril de 2007, la Isla de La Palma fue pionera, a trav\u00e9s de la Declaraci\u00f3n Starlight, en mandar un mensaje a todo el mundo con el fin de considerar el cielo una herencia universal a valorar como un recurso cultural, cient\u00edfico y paisaj\u00edstico. La actividad <em>Apaga la luz y enciende las estrellas<\/em> es, desde 2017, un recordatorio anual de este mensaje en torno a un evento en el que la sociedad, la cultura y nuestro cielo se dan la mano. Es significativo que la Uni\u00f3n Europea nos felicite precisamente por una buena pr\u00e1ctica que se inscribe en el marca del programa Interreg <em>Night Light<\/em> sobre la calidad del cielo nocturno y el aprovechamiento del mismo como recurso tur\u00edstico en el que La Palma forma parte junto a otros territorios europeos\u201d.<\/p>\r\n\r\n\r\n\r\n<p class=\"has-text-align-justify\"><em>Apaga la luz y enciende las estrellas<\/em> es una iniciativa de la Consejer\u00eda de Turismo del Cabildo Insular de La Palma que en sus tres ediciones ya realizadas, siguiendo el ejemplo del apag\u00f3n de 1986 con motivo del paso del cometa Halley, ha conseguido aunar la colaboraci\u00f3n del Gobierno de Canarias, de Instituto de Astrof\u00edsica de Canarias, y de la Fundaci\u00f3n Starlight, as\u00ed como de los Ayuntamientos y las empresas palmeras emprendedoras en astroturismo bajo el sello <em>Starsisland,<\/em> para convocar a la ciudadan\u00eda en horario nocturno en espacios emblem\u00e1ticos de cada una de las localidades palmeras. En estos lugares se han combinado dos tipos de acciones, por un lado, un acto cultural \u2013conciertos, teatro, exposiciones\u2026-, con una posterior observaci\u00f3n guiada del cielo con telescopios amateurs y profesionales.<\/p>\r\n\r\n\r\n\r\n<p class=\"has-text-align-justify\">\u201cQue la Uni\u00f3n Europea ponga como ejemplo de buenas pr\u00e1cticas\u00a0a esta iniciativa da cuenta de un trabajo bien hecho desde la Consejer\u00eda de Turismo del Cabildo Insular en pos de que La Palma siga manteniendo alto el list\u00f3n de un territorio que apuesta por el segmento especializado del astroturismo\u201d, asegura Ra\u00fal Camacho. En la referida Plataforma de Aprendizaje de Pol\u00edticas Europeas Interreg, se recoge una opini\u00f3n de uno de sus expertos responsable sobre la iniciativa <em>Apaga la luz y enciende las estrellas<\/em> que reza as\u00ed: \u201c<em>La buena pr\u00e1ctica es un ejemplo de una iniciativa original en una isla con el objetivo de devolver a las personas a la naturaleza y a un estado de asombro y admiraci\u00f3n. El proyecto desarrollado en la Isla de La Palma ha requerido una preparaci\u00f3n seria y un trabajo organizativo en el que los socios del proyecto Interreg podr\u00edan profundizar m\u00e1s a fondo. Al mismo tiempo, proporciona una experiencia l\u00fadica digna de recordarse. Se combina con actividades cient\u00edficas vinculadas a la astronom\u00eda. La buena pr\u00e1ctica podr\u00eda ser de inter\u00e9s para otras islas o municipios que deseen ofrecer una experiencia inolvidable a la gente. Los socios del proyecto \u2018Night Light\u2019 podr\u00edan explorar m\u00e1s a fondo el tipo de estrategia de comunicaci\u00f3n utilizada por la Consejer\u00eda de Turismo del Cabildo de La Palma, as\u00ed como los aspectos del proceso de consulta\u201d<\/em>.<\/p>\r\n","protected":false},"excerpt":{"rendered":"<p>La Plataforma de Aprendizaje de Pol\u00edticas Europeas Interreg ha publicado en su base de datos de buenas pr\u00e1cticas el evento Apaga la luz y enciende las estrellas que promueve y organiza el Cabildo Insular de La Palma a trav\u00e9s de la Consejer\u00eda de Turismo para&#8230;<\/p>\n","protected":false},"author":4,"featured_media":21509,"comment_status":"open","ping_status":"open","sticky":false,"template":"","format":"standard","meta":{"footnotes":""},"categories":[135],"tags":[],"yoast_head":"<!-- This site is optimized with the Yoast SEO plugin v24.5 - https:\/\/yoast.com\/wordpress\/plugins\/seo\/ -->\n<title>La Uni\u00f3n Europea felicita a La Palma por la iniciativa \u2018Apaga la luz y enciende las estrellas\u2019 &#8902; Stars Island La Palma<\/title>\n<meta name=\"robots\" content=\"index, follow, max-snippet:-1, max-image-preview:large, max-video-preview:-1\" \/>\n<link rel=\"canonical\" href=\"https:\/\/www.starsislandlapalma.es\/de\/la-union-europea-felicita-a-la-palma-por-la-iniciativa-apaga-la-luz-y-enciende-las-estrellas\/\" \/>\n<meta property=\"og:locale\" content=\"de_DE\" \/>\n<meta property=\"og:type\" content=\"article\" \/>\n<meta property=\"og:title\" content=\"La Uni\u00f3n Europea felicita a La Palma por la iniciativa \u2018Apaga la luz y enciende las estrellas\u2019 &#8902; Stars Island La Palma\" \/>\n<meta property=\"og:description\" content=\"La Plataforma de Aprendizaje de Pol\u00edticas Europeas Interreg ha publicado en su base de datos de buenas pr\u00e1cticas el evento Apaga la luz y enciende las estrellas que promueve y organiza el Cabildo Insular de La Palma a trav\u00e9s de la Consejer\u00eda de Turismo para...\" \/>\n<meta property=\"og:url\" content=\"https:\/\/www.starsislandlapalma.es\/de\/la-union-europea-felicita-a-la-palma-por-la-iniciativa-apaga-la-luz-y-enciende-las-estrellas\/\" \/>\n<meta property=\"og:site_name\" content=\"Stars Island La Palma\" \/>\n<meta property=\"article:publisher\" content=\"https:\/\/www.facebook.com\/pages\/Starsisland-La-Palma\/210888162375006?ref=hl\" \/>\n<meta property=\"article:published_time\" content=\"2020-03-06T13:11:00+00:00\" \/>\n<meta property=\"article:modified_time\" content=\"2021-05-25T14:10:22+00:00\" \/>\n<meta property=\"og:image\" content=\"https:\/\/www.starsislandlapalma.es\/wp-content\/uploads\/2020\/03\/130419_Apaga_la_luz_y_enciende_las_estrellas_2019-El_Paso.jpg\" \/>\n\t<meta property=\"og:image:width\" content=\"1024\" \/>\n\t<meta property=\"og:image:height\" content=\"639\" \/>\n\t<meta property=\"og:image:type\" content=\"image\/jpeg\" \/>\n<meta name=\"author\" content=\"StarsIsland\" \/>\n<meta name=\"twitter:label1\" content=\"Verfasst von\" \/>\n\t<meta name=\"twitter:data1\" content=\"StarsIsland\" \/>\n\t<meta name=\"twitter:label2\" content=\"Gesch\u00e4tzte Lesezeit\" \/>\n\t<meta name=\"twitter:data2\" content=\"3\u00a0Minuten\" \/>\n<script type=\"application\/ld+json\" class=\"yoast-schema-graph\">{\"@context\":\"https:\/\/schema.org\",\"@graph\":[{\"@type\":\"Article\",\"@id\":\"https:\/\/www.starsislandlapalma.es\/de\/la-union-europea-felicita-a-la-palma-por-la-iniciativa-apaga-la-luz-y-enciende-las-estrellas\/#article\",\"isPartOf\":{\"@id\":\"https:\/\/www.starsislandlapalma.es\/de\/la-union-europea-felicita-a-la-palma-por-la-iniciativa-apaga-la-luz-y-enciende-las-estrellas\/\"},\"author\":{\"name\":\"StarsIsland\",\"@id\":\"https:\/\/www.starsislandlapalma.es\/#\/schema\/person\/d2618b46c3dc5c031ddd56a658f9ab25\"},\"headline\":\"La Uni\u00f3n Europea felicita a La Palma por la iniciativa \u2018Apaga la luz y enciende las estrellas\u2019\",\"datePublished\":\"2020-03-06T13:11:00+00:00\",\"dateModified\":\"2021-05-25T14:10:22+00:00\",\"mainEntityOfPage\":{\"@id\":\"https:\/\/www.starsislandlapalma.es\/de\/la-union-europea-felicita-a-la-palma-por-la-iniciativa-apaga-la-luz-y-enciende-las-estrellas\/\"},\"wordCount\":615,\"commentCount\":0,\"publisher\":{\"@id\":\"https:\/\/www.starsislandlapalma.es\/#organization\"},\"image\":{\"@id\":\"https:\/\/www.starsislandlapalma.es\/de\/la-union-europea-felicita-a-la-palma-por-la-iniciativa-apaga-la-luz-y-enciende-las-estrellas\/#primaryimage\"},\"thumbnailUrl\":\"https:\/\/www.starsislandlapalma.es\/wp-content\/uploads\/2020\/03\/130419_Apaga_la_luz_y_enciende_las_estrellas_2019-El_Paso.jpg\",\"articleSection\":[\"Nachricht\"],\"inLanguage\":\"de\",\"potentialAction\":[{\"@type\":\"CommentAction\",\"name\":\"Comment\",\"target\":[\"https:\/\/www.starsislandlapalma.es\/de\/la-union-europea-felicita-a-la-palma-por-la-iniciativa-apaga-la-luz-y-enciende-las-estrellas\/#respond\"]}]},{\"@type\":\"WebPage\",\"@id\":\"https:\/\/www.starsislandlapalma.es\/de\/la-union-europea-felicita-a-la-palma-por-la-iniciativa-apaga-la-luz-y-enciende-las-estrellas\/\",\"url\":\"https:\/\/www.starsislandlapalma.es\/de\/la-union-europea-felicita-a-la-palma-por-la-iniciativa-apaga-la-luz-y-enciende-las-estrellas\/\",\"name\":\"La Uni\u00f3n Europea felicita a La Palma por la iniciativa \u2018Apaga la luz y enciende las estrellas\u2019 &#8902; Stars Island La Palma\",\"isPartOf\":{\"@id\":\"https:\/\/www.starsislandlapalma.es\/#website\"},\"primaryImageOfPage\":{\"@id\":\"https:\/\/www.starsislandlapalma.es\/de\/la-union-europea-felicita-a-la-palma-por-la-iniciativa-apaga-la-luz-y-enciende-las-estrellas\/#primaryimage\"},\"image\":{\"@id\":\"https:\/\/www.starsislandlapalma.es\/de\/la-union-europea-felicita-a-la-palma-por-la-iniciativa-apaga-la-luz-y-enciende-las-estrellas\/#primaryimage\"},\"thumbnailUrl\":\"https:\/\/www.starsislandlapalma.es\/wp-content\/uploads\/2020\/03\/130419_Apaga_la_luz_y_enciende_las_estrellas_2019-El_Paso.jpg\",\"datePublished\":\"2020-03-06T13:11:00+00:00\",\"dateModified\":\"2021-05-25T14:10:22+00:00\",\"breadcrumb\":{\"@id\":\"https:\/\/www.starsislandlapalma.es\/de\/la-union-europea-felicita-a-la-palma-por-la-iniciativa-apaga-la-luz-y-enciende-las-estrellas\/#breadcrumb\"},\"inLanguage\":\"de\",\"potentialAction\":[{\"@type\":\"ReadAction\",\"target\":[\"https:\/\/www.starsislandlapalma.es\/de\/la-union-europea-felicita-a-la-palma-por-la-iniciativa-apaga-la-luz-y-enciende-las-estrellas\/\"]}]},{\"@type\":\"ImageObject\",\"inLanguage\":\"de\",\"@id\":\"https:\/\/www.starsislandlapalma.es\/de\/la-union-europea-felicita-a-la-palma-por-la-iniciativa-apaga-la-luz-y-enciende-las-estrellas\/#primaryimage\",\"url\":\"https:\/\/www.starsislandlapalma.es\/wp-content\/uploads\/2020\/03\/130419_Apaga_la_luz_y_enciende_las_estrellas_2019-El_Paso.jpg\",\"contentUrl\":\"https:\/\/www.starsislandlapalma.es\/wp-content\/uploads\/2020\/03\/130419_Apaga_la_luz_y_enciende_las_estrellas_2019-El_Paso.jpg\",\"width\":1024,\"height\":639},{\"@type\":\"BreadcrumbList\",\"@id\":\"https:\/\/www.starsislandlapalma.es\/de\/la-union-europea-felicita-a-la-palma-por-la-iniciativa-apaga-la-luz-y-enciende-las-estrellas\/#breadcrumb\",\"itemListElement\":[{\"@type\":\"ListItem\",\"position\":1,\"name\":\"Portada\",\"item\":\"https:\/\/www.starsislandlapalma.es\/de\/\"},{\"@type\":\"ListItem\",\"position\":2,\"name\":\"La Uni\u00f3n Europea felicita a La Palma por la iniciativa \u2018Apaga la luz y enciende las estrellas\u2019\"}]},{\"@type\":\"WebSite\",\"@id\":\"https:\/\/www.starsislandlapalma.es\/#website\",\"url\":\"https:\/\/www.starsislandlapalma.es\/\",\"name\":\"Stars Island La Palma\",\"description\":\"La Palma, el lugar perfecto para disfrutar del universo. Primera Reserva Starlight del mundo, en 2012 se reconoce como Destino Tur\u00edstico Starlight\",\"publisher\":{\"@id\":\"https:\/\/www.starsislandlapalma.es\/#organization\"},\"potentialAction\":[{\"@type\":\"SearchAction\",\"target\":{\"@type\":\"EntryPoint\",\"urlTemplate\":\"https:\/\/www.starsislandlapalma.es\/?s={search_term_string}\"},\"query-input\":{\"@type\":\"PropertyValueSpecification\",\"valueRequired\":true,\"valueName\":\"search_term_string\"}}],\"inLanguage\":\"de\"},{\"@type\":\"Organization\",\"@id\":\"https:\/\/www.starsislandlapalma.es\/#organization\",\"name\":\"Star Island La Palma\",\"url\":\"https:\/\/www.starsislandlapalma.es\/\",\"logo\":{\"@type\":\"ImageObject\",\"inLanguage\":\"de\",\"@id\":\"https:\/\/www.starsislandlapalma.es\/#\/schema\/logo\/image\/\",\"url\":\"https:\/\/www.starsislandlapalma.es\/wp-content\/uploads\/2022\/01\/logo_starisland.png\",\"contentUrl\":\"https:\/\/www.starsislandlapalma.es\/wp-content\/uploads\/2022\/01\/logo_starisland.png\",\"width\":172,\"height\":139,\"caption\":\"Star Island La Palma\"},\"image\":{\"@id\":\"https:\/\/www.starsislandlapalma.es\/#\/schema\/logo\/image\/\"},\"sameAs\":[\"https:\/\/www.facebook.com\/pages\/Starsisland-La-Palma\/210888162375006?ref=hl\",\"https:\/\/x.com\/starsislandlapa\",\"https:\/\/www.pinterest.com\/astroturismo\/\",\"https:\/\/www.youtube.com\/channel\/UCV7sju1ggcBpJG39HQCBtsA\"]},{\"@type\":\"Person\",\"@id\":\"https:\/\/www.starsislandlapalma.es\/#\/schema\/person\/d2618b46c3dc5c031ddd56a658f9ab25\",\"name\":\"StarsIsland\",\"image\":{\"@type\":\"ImageObject\",\"inLanguage\":\"de\",\"@id\":\"https:\/\/www.starsislandlapalma.es\/#\/schema\/person\/image\/\",\"url\":\"https:\/\/secure.gravatar.com\/avatar\/30a35f2b7b8f976566433f1ab7d6402f?s=96&d=mm&r=g\",\"contentUrl\":\"https:\/\/secure.gravatar.com\/avatar\/30a35f2b7b8f976566433f1ab7d6402f?s=96&d=mm&r=g\",\"caption\":\"StarsIsland\"},\"url\":\"https:\/\/www.starsislandlapalma.es\/de\/author\/starsisland\/\"}]}<\/script>\n<!-- \/ Yoast SEO plugin. -->","yoast_head_json":{"title":"La Uni\u00f3n Europea felicita a La Palma por la iniciativa \u2018Apaga la luz y enciende las estrellas\u2019 &#8902; Stars Island La Palma","robots":{"index":"index","follow":"follow","max-snippet":"max-snippet:-1","max-image-preview":"max-image-preview:large","max-video-preview":"max-video-preview:-1"},"canonical":"https:\/\/www.starsislandlapalma.es\/de\/la-union-europea-felicita-a-la-palma-por-la-iniciativa-apaga-la-luz-y-enciende-las-estrellas\/","og_locale":"de_DE","og_type":"article","og_title":"La Uni\u00f3n Europea felicita a La Palma por la iniciativa \u2018Apaga la luz y enciende las estrellas\u2019 &#8902; Stars Island La Palma","og_description":"La Plataforma de Aprendizaje de Pol\u00edticas Europeas Interreg ha publicado en su base de datos de buenas pr\u00e1cticas el evento Apaga la luz y enciende las estrellas que promueve y organiza el Cabildo Insular de La Palma a trav\u00e9s de la Consejer\u00eda de Turismo para...","og_url":"https:\/\/www.starsislandlapalma.es\/de\/la-union-europea-felicita-a-la-palma-por-la-iniciativa-apaga-la-luz-y-enciende-las-estrellas\/","og_site_name":"Stars Island La Palma","article_publisher":"https:\/\/www.facebook.com\/pages\/Starsisland-La-Palma\/210888162375006?ref=hl","article_published_time":"2020-03-06T13:11:00+00:00","article_modified_time":"2021-05-25T14:10:22+00:00","og_image":[{"width":1024,"height":639,"url":"https:\/\/www.starsislandlapalma.es\/wp-content\/uploads\/2020\/03\/130419_Apaga_la_luz_y_enciende_las_estrellas_2019-El_Paso.jpg","type":"image\/jpeg"}],"author":"StarsIsland","twitter_misc":{"Verfasst von":"StarsIsland","Gesch\u00e4tzte Lesezeit":"3\u00a0Minuten"},"schema":{"@context":"https:\/\/schema.org","@graph":[{"@type":"Article","@id":"https:\/\/www.starsislandlapalma.es\/de\/la-union-europea-felicita-a-la-palma-por-la-iniciativa-apaga-la-luz-y-enciende-las-estrellas\/#article","isPartOf":{"@id":"https:\/\/www.starsislandlapalma.es\/de\/la-union-europea-felicita-a-la-palma-por-la-iniciativa-apaga-la-luz-y-enciende-las-estrellas\/"},"author":{"name":"StarsIsland","@id":"https:\/\/www.starsislandlapalma.es\/#\/schema\/person\/d2618b46c3dc5c031ddd56a658f9ab25"},"headline":"La Uni\u00f3n Europea felicita a La Palma por la iniciativa \u2018Apaga la luz y enciende las estrellas\u2019","datePublished":"2020-03-06T13:11:00+00:00","dateModified":"2021-05-25T14:10:22+00:00","mainEntityOfPage":{"@id":"https:\/\/www.starsislandlapalma.es\/de\/la-union-europea-felicita-a-la-palma-por-la-iniciativa-apaga-la-luz-y-enciende-las-estrellas\/"},"wordCount":615,"commentCount":0,"publisher":{"@id":"https:\/\/www.starsislandlapalma.es\/#organization"},"image":{"@id":"https:\/\/www.starsislandlapalma.es\/de\/la-union-europea-felicita-a-la-palma-por-la-iniciativa-apaga-la-luz-y-enciende-las-estrellas\/#primaryimage"},"thumbnailUrl":"https:\/\/www.starsislandlapalma.es\/wp-content\/uploads\/2020\/03\/130419_Apaga_la_luz_y_enciende_las_estrellas_2019-El_Paso.jpg","articleSection":["Nachricht"],"inLanguage":"de","potentialAction":[{"@type":"CommentAction","name":"Comment","target":["https:\/\/www.starsislandlapalma.es\/de\/la-union-europea-felicita-a-la-palma-por-la-iniciativa-apaga-la-luz-y-enciende-las-estrellas\/#respond"]}]},{"@type":"WebPage","@id":"https:\/\/www.starsislandlapalma.es\/de\/la-union-europea-felicita-a-la-palma-por-la-iniciativa-apaga-la-luz-y-enciende-las-estrellas\/","url":"https:\/\/www.starsislandlapalma.es\/de\/la-union-europea-felicita-a-la-palma-por-la-iniciativa-apaga-la-luz-y-enciende-las-estrellas\/","name":"La Uni\u00f3n Europea felicita a La Palma por la iniciativa \u2018Apaga la luz y enciende las estrellas\u2019 &#8902; Stars Island La Palma","isPartOf":{"@id":"https:\/\/www.starsislandlapalma.es\/#website"},"primaryImageOfPage":{"@id":"https:\/\/www.starsislandlapalma.es\/de\/la-union-europea-felicita-a-la-palma-por-la-iniciativa-apaga-la-luz-y-enciende-las-estrellas\/#primaryimage"},"image":{"@id":"https:\/\/www.starsislandlapalma.es\/de\/la-union-europea-felicita-a-la-palma-por-la-iniciativa-apaga-la-luz-y-enciende-las-estrellas\/#primaryimage"},"thumbnailUrl":"https:\/\/www.starsislandlapalma.es\/wp-content\/uploads\/2020\/03\/130419_Apaga_la_luz_y_enciende_las_estrellas_2019-El_Paso.jpg","datePublished":"2020-03-06T13:11:00+00:00","dateModified":"2021-05-25T14:10:22+00:00","breadcrumb":{"@id":"https:\/\/www.starsislandlapalma.es\/de\/la-union-europea-felicita-a-la-palma-por-la-iniciativa-apaga-la-luz-y-enciende-las-estrellas\/#breadcrumb"},"inLanguage":"de","potentialAction":[{"@type":"ReadAction","target":["https:\/\/www.starsislandlapalma.es\/de\/la-union-europea-felicita-a-la-palma-por-la-iniciativa-apaga-la-luz-y-enciende-las-estrellas\/"]}]},{"@type":"ImageObject","inLanguage":"de","@id":"https:\/\/www.starsislandlapalma.es\/de\/la-union-europea-felicita-a-la-palma-por-la-iniciativa-apaga-la-luz-y-enciende-las-estrellas\/#primaryimage","url":"https:\/\/www.starsislandlapalma.es\/wp-content\/uploads\/2020\/03\/130419_Apaga_la_luz_y_enciende_las_estrellas_2019-El_Paso.jpg","contentUrl":"https:\/\/www.starsislandlapalma.es\/wp-content\/uploads\/2020\/03\/130419_Apaga_la_luz_y_enciende_las_estrellas_2019-El_Paso.jpg","width":1024,"height":639},{"@type":"BreadcrumbList","@id":"https:\/\/www.starsislandlapalma.es\/de\/la-union-europea-felicita-a-la-palma-por-la-iniciativa-apaga-la-luz-y-enciende-las-estrellas\/#breadcrumb","itemListElement":[{"@type":"ListItem","position":1,"name":"Portada","item":"https:\/\/www.starsislandlapalma.es\/de\/"},{"@type":"ListItem","position":2,"name":"La Uni\u00f3n Europea felicita a La Palma por la iniciativa \u2018Apaga la luz y enciende las estrellas\u2019"}]},{"@type":"WebSite","@id":"https:\/\/www.starsislandlapalma.es\/#website","url":"https:\/\/www.starsislandlapalma.es\/","name":"Stars Island La Palma","description":"La Palma, el lugar perfecto para disfrutar del universo. Primera Reserva Starlight del mundo, en 2012 se reconoce como Destino Tur\u00edstico Starlight","publisher":{"@id":"https:\/\/www.starsislandlapalma.es\/#organization"},"potentialAction":[{"@type":"SearchAction","target":{"@type":"EntryPoint","urlTemplate":"https:\/\/www.starsislandlapalma.es\/?s={search_term_string}"},"query-input":{"@type":"PropertyValueSpecification","valueRequired":true,"valueName":"search_term_string"}}],"inLanguage":"de"},{"@type":"Organization","@id":"https:\/\/www.starsislandlapalma.es\/#organization","name":"Star Island La Palma","url":"https:\/\/www.starsislandlapalma.es\/","logo":{"@type":"ImageObject","inLanguage":"de","@id":"https:\/\/www.starsislandlapalma.es\/#\/schema\/logo\/image\/","url":"https:\/\/www.starsislandlapalma.es\/wp-content\/uploads\/2022\/01\/logo_starisland.png","contentUrl":"https:\/\/www.starsislandlapalma.es\/wp-content\/uploads\/2022\/01\/logo_starisland.png","width":172,"height":139,"caption":"Star Island La Palma"},"image":{"@id":"https:\/\/www.starsislandlapalma.es\/#\/schema\/logo\/image\/"},"sameAs":["https:\/\/www.facebook.com\/pages\/Starsisland-La-Palma\/210888162375006?ref=hl","https:\/\/x.com\/starsislandlapa","https:\/\/www.pinterest.com\/astroturismo\/","https:\/\/www.youtube.com\/channel\/UCV7sju1ggcBpJG39HQCBtsA"]},{"@type":"Person","@id":"https:\/\/www.starsislandlapalma.es\/#\/schema\/person\/d2618b46c3dc5c031ddd56a658f9ab25","name":"StarsIsland","image":{"@type":"ImageObject","inLanguage":"de","@id":"https:\/\/www.starsislandlapalma.es\/#\/schema\/person\/image\/","url":"https:\/\/secure.gravatar.com\/avatar\/30a35f2b7b8f976566433f1ab7d6402f?s=96&d=mm&r=g","contentUrl":"https:\/\/secure.gravatar.com\/avatar\/30a35f2b7b8f976566433f1ab7d6402f?s=96&d=mm&r=g","caption":"StarsIsland"},"url":"https:\/\/www.starsislandlapalma.es\/de\/author\/starsisland\/"}]}},"_links":{"self":[{"href":"https:\/\/www.starsislandlapalma.es\/de\/wp-json\/wp\/v2\/posts\/22596\/"}],"collection":[{"href":"https:\/\/www.starsislandlapalma.es\/de\/wp-json\/wp\/v2\/posts\/"}],"about":[{"href":"https:\/\/www.starsislandlapalma.es\/de\/wp-json\/wp\/v2\/types\/post\/"}],"author":[{"embeddable":true,"href":"https:\/\/www.starsislandlapalma.es\/de\/wp-json\/wp\/v2\/users\/4\/"}],"replies":[{"embeddable":true,"href":"https:\/\/www.starsislandlapalma.es\/de\/wp-json\/wp\/v2\/comments\/?post=22596"}],"version-history":[{"count":0,"href":"https:\/\/www.starsislandlapalma.es\/de\/wp-json\/wp\/v2\/posts\/22596\/revisions\/"}],"wp:featuredmedia":[{"embeddable":true,"href":"https:\/\/www.starsislandlapalma.es\/de\/wp-json\/wp\/v2\/media\/21509\/"}],"wp:attachment":[{"href":"https:\/\/www.starsislandlapalma.es\/de\/wp-json\/wp\/v2\/media\/?parent=22596"}],"wp:term":[{"taxonomy":"category","embeddable":true,"href":"https:\/\/www.starsislandlapalma.es\/de\/wp-json\/wp\/v2\/categories\/?post=22596"},{"taxonomy":"post_tag","embeddable":true,"href":"https:\/\/www.starsislandlapalma.es\/de\/wp-json\/wp\/v2\/tags\/?post=22596"}],"curies":[{"name":"wp","href":"https:\/\/api.w.org\/{rel}","templated":true}]}}