{"id":22606,"date":"2020-02-28T15:22:42","date_gmt":"2020-02-28T15:22:42","guid":{"rendered":"https:\/\/www.starsislandlapalma.es\/el-cabildo-y-el-grantecan-promocionan-los-cielos-de-la-isla-con-una-ultramaraton-de-observacion-de-objetos-celestes\/"},"modified":"2021-05-25T14:10:47","modified_gmt":"2021-05-25T14:10:47","slug":"el-cabildo-y-el-grantecan-promocionan-los-cielos-de-la-isla-con-una-ultramaraton-de-observacion-de-objetos-celestes","status":"publish","type":"post","link":"https:\/\/www.starsislandlapalma.es\/de\/el-cabildo-y-el-grantecan-promocionan-los-cielos-de-la-isla-con-una-ultramaraton-de-observacion-de-objetos-celestes\/","title":{"rendered":"El Cabildo y el Grantecan promocionan los cielos de la isla con una \u2018ultramarat\u00f3n\u2019 de observaci\u00f3n de objetos celestes"},"content":{"rendered":"<p style=\"text-align: justify;\">Este singular evento tendr\u00e1 lugar el 21 de marzo, coincidiendo con el equinoccio de primavera, en el Centro de Interpretaci\u00f3n \u2018Ca\u00f1os de Fuego\u2019<\/p>\n<p>El Servicio de Turismo del Cabildo de La Palma, que dirige Ra\u00fal Camacho, Grantecan, la empresa p\u00fablica responsable del Gran Telescopio CANARIAS, y las empresas emprendedoras en astroturismo de la isla se al\u00edan para poner en valor la excelente calidad del cielo de La Palma para la observaci\u00f3n de los astros. En este sentido, se celebrar\u00e1 una singular ultramarat\u00f3n de observaci\u00f3n de objetos celestes que se tendr\u00e1 lugar el pr\u00f3ximo 21 de marzo en el Centro de Interpretaci\u00f3n \u2018Ca\u00f1os de Fuego\u2019 financiada por la instituci\u00f3n insular, promovida por Grantecan y bajo la organizaci\u00f3n de Astronorte y Cielos-lapalma.es .<\/p>\n<p>La Ultramarat\u00f3n Messier La Palma 2020 ser\u00e1 un encuentro en el que los asistentes se enfrentar\u00e1n al desaf\u00edo de localizar en una noche los 110 objetos celestes que catalog\u00f3 el astr\u00f3nomo franc\u00e9s Charles Messier en 1781. Para ello, cada participante deber\u00e1 llevar su propio equipo de observaci\u00f3n (desde unos prism\u00e1ticos sobre un tr\u00edpode hasta telescopios). En todo momento, las personas asistentes contar\u00e1n con personal de apoyo para que su integraci\u00f3n en la actividad resulte una experiencia fruct\u00edfera. El periodo de inscripciones en este encuentro divulgativo ya est\u00e1 abierto a trav\u00e9s de la p\u00e1gina web\u00a0<a href=\"http:\/\/www.astrodesafiolapalma.com\/\" target=\"_blank\" rel=\"noopener noreferrer\">www.astrodesafiolapalma.com<\/a>.<\/p>\n<p>Ra\u00fal Camacho destaca y valora la apuesta del Cabildo a trav\u00e9s de Turismo La Palma, Grantecan y las referidas empresas del sello Starsisland para \u201cunir un concepto deportivo como el de \u2018marat\u00f3n\u2019 a un evento de observaci\u00f3n astron\u00f3mica, lo que hace reforzar dos valores destacados y en auge en nuestra isla. Esta es una muestra de que en La Palma podemos hacer una gran fiesta de la observaci\u00f3n del cielo uniendo y manteniendo un gran ambiente de colaboraci\u00f3n entre la comunidad cient\u00edfica, a trav\u00e9s del instrumento tecnol\u00f3gico astrof\u00edsico m\u00e1s potente del mundo, y la gran cantidad de aficionados amateur que se dedican a descubrir las singularidades del firmamento y el universo a trav\u00e9s de sus telescopios\u201d.<\/p>\n<p>\u201cLa marat\u00f3n se plantea como el reto de observar el mayor n\u00famero de objetos astron\u00f3micos del Cat\u00e1logo Messier posibles. No habr\u00e1 ganadores, ya que la idea es entusiasmar a los participantes en el conocimiento del Universo que nos rodea\u201d, se\u00f1alan desde la organizaci\u00f3n.<\/p>\n<p>Los organizadores han elegido el prefijo ultra, que indica \u201cm\u00e1s all\u00e1\u201d o como aumentativo aplicado a la mayor escala posible. En este sentido, este encuentro evoca la famosa prueba de Transvulcania, pero cambiando los kil\u00f3metros por a\u00f1os luz; pretende ir m\u00e1s all\u00e1 de los aficionados a la astronom\u00eda intentando captar la atenci\u00f3n de quienes nunca han usado un telescopio amateur; y llegar\u00e1 m\u00e1s all\u00e1 al contar con la participaci\u00f3n del Grantecan.<\/p>\n<p>Generalmente el Marat\u00f3n Messier tiene lugar durante el mes de marzo, en los d\u00edas cercanos al equinoccio de primavera. Este a\u00f1o, la realizaci\u00f3n del mismo, adem\u00e1s de por las condiciones meteorol\u00f3gicas, viene condicionada porque la noche del s\u00e1bado 21 de marzo coincide con la Luna Nueva.<\/p>\n<p><strong>Programa<\/strong><\/p>\n<p>El evento que financia el Cabildo y promueve Grantecan no se limita a la observaci\u00f3n, sino que arrancar\u00e1 desde las 18:00 horas con un programa de actos organizado por Astronorte y Cielos-lapalma.es, que incluye una charla sobre Charles Messier y sus descubrimientos y un taller expr\u00e9ss sobre el uso de cartas celestes y equipos de observaci\u00f3n.<br \/>\nUno de los alicientes m\u00e1s destacados de esta cita es la colaboraci\u00f3n del instrumento de investigaci\u00f3n cient\u00edfica astrof\u00edsica m\u00e1s avanzado del mundo como es el Gran Telescopio CANARIAS del Observatorio del Roque de los Muchachos. As\u00ed, gracias a la involucraci\u00f3n de Grantecan, se har\u00e1n conexiones en vivo con dicho telescopio, que tambi\u00e9n escudri\u00f1ar\u00e1 el firmamento en busca de los objetos del Cat\u00e1logo Messier, y alguna que otra sorpresa m\u00e1s.<\/p>\n<p>La Ultramarat\u00f3n Messier La Palma 2020 se enmarca en el plan de acci\u00f3n del proyecto Interreg europeo Night Light del Cabildo de La Palma, en el que participan territorios de Holanda, Hungr\u00eda, Espa\u00f1a, Luxemburgo, Dinamarca, Eslovenia e Italia, uniendo fuerzas para mejorar sus pol\u00edticas para la prevenci\u00f3n de la contaminaci\u00f3n lum\u00ednica, la preservaci\u00f3n de los cielos oscuros y la explotaci\u00f3n sostenible de los lugares oscuros; y donde juega un papel esencial la educaci\u00f3n y concienciaci\u00f3n a la poblaci\u00f3n.<\/p>\n","protected":false},"excerpt":{"rendered":"<p>Este singular evento tendr\u00e1 lugar el 21 de marzo, coincidiendo con el equinoccio de primavera, en el Centro de Interpretaci\u00f3n \u2018Ca\u00f1os de Fuego\u2019 El Servicio de Turismo del Cabildo de La Palma, que dirige Ra\u00fal Camacho, Grantecan, la empresa p\u00fablica responsable del Gran Telescopio CANARIAS,&#8230;<\/p>\n","protected":false},"author":2,"featured_media":21493,"comment_status":"open","ping_status":"open","sticky":false,"template":"","format":"standard","meta":{"footnotes":""},"categories":[140,135],"tags":[],"yoast_head":"<!-- This site is optimized with the Yoast SEO plugin v24.5 - https:\/\/yoast.com\/wordpress\/plugins\/seo\/ -->\n<title>El Cabildo y el Grantecan promocionan los cielos de la isla con una \u2018ultramarat\u00f3n\u2019 de observaci\u00f3n de objetos celestes &#8902; Stars Island La Palma<\/title>\n<meta name=\"robots\" content=\"index, follow, max-snippet:-1, max-image-preview:large, max-video-preview:-1\" \/>\n<link rel=\"canonical\" href=\"https:\/\/www.starsislandlapalma.es\/de\/el-cabildo-y-el-grantecan-promocionan-los-cielos-de-la-isla-con-una-ultramaraton-de-observacion-de-objetos-celestes\/\" \/>\n<meta property=\"og:locale\" content=\"de_DE\" \/>\n<meta property=\"og:type\" content=\"article\" \/>\n<meta property=\"og:title\" content=\"El Cabildo y el Grantecan promocionan los cielos de la isla con una \u2018ultramarat\u00f3n\u2019 de observaci\u00f3n de objetos celestes &#8902; Stars Island La Palma\" \/>\n<meta property=\"og:description\" content=\"Este singular evento tendr\u00e1 lugar el 21 de marzo, coincidiendo con el equinoccio de primavera, en el Centro de Interpretaci\u00f3n \u2018Ca\u00f1os de Fuego\u2019 El Servicio de Turismo del Cabildo de La Palma, que dirige Ra\u00fal Camacho, Grantecan, la empresa p\u00fablica responsable del Gran Telescopio CANARIAS,...\" \/>\n<meta property=\"og:url\" content=\"https:\/\/www.starsislandlapalma.es\/de\/el-cabildo-y-el-grantecan-promocionan-los-cielos-de-la-isla-con-una-ultramaraton-de-observacion-de-objetos-celestes\/\" \/>\n<meta property=\"og:site_name\" content=\"Stars Island La Palma\" \/>\n<meta property=\"article:publisher\" content=\"https:\/\/www.facebook.com\/pages\/Starsisland-La-Palma\/210888162375006?ref=hl\" \/>\n<meta property=\"article:published_time\" content=\"2020-02-28T15:22:42+00:00\" \/>\n<meta property=\"article:modified_time\" content=\"2021-05-25T14:10:47+00:00\" \/>\n<meta property=\"og:image\" content=\"https:\/\/www.starsislandlapalma.es\/wp-content\/uploads\/2020\/02\/Cartel-Ultramaraton-Messier.jpeg\" \/>\n\t<meta property=\"og:image:width\" content=\"702\" \/>\n\t<meta property=\"og:image:height\" content=\"993\" \/>\n\t<meta property=\"og:image:type\" content=\"image\/jpeg\" \/>\n<meta name=\"author\" content=\"StarIsland\" \/>\n<meta name=\"twitter:label1\" content=\"Verfasst von\" \/>\n\t<meta name=\"twitter:data1\" content=\"StarIsland\" \/>\n\t<meta name=\"twitter:label2\" content=\"Gesch\u00e4tzte Lesezeit\" \/>\n\t<meta name=\"twitter:data2\" content=\"4\u00a0Minuten\" \/>\n<script type=\"application\/ld+json\" class=\"yoast-schema-graph\">{\"@context\":\"https:\/\/schema.org\",\"@graph\":[{\"@type\":\"Article\",\"@id\":\"https:\/\/www.starsislandlapalma.es\/de\/el-cabildo-y-el-grantecan-promocionan-los-cielos-de-la-isla-con-una-ultramaraton-de-observacion-de-objetos-celestes\/#article\",\"isPartOf\":{\"@id\":\"https:\/\/www.starsislandlapalma.es\/de\/el-cabildo-y-el-grantecan-promocionan-los-cielos-de-la-isla-con-una-ultramaraton-de-observacion-de-objetos-celestes\/\"},\"author\":{\"name\":\"StarIsland\",\"@id\":\"https:\/\/www.starsislandlapalma.es\/#\/schema\/person\/f13229a3b841af335ecd3f1dbd12ac3a\"},\"headline\":\"El Cabildo y el Grantecan promocionan los cielos de la isla con una \u2018ultramarat\u00f3n\u2019 de observaci\u00f3n de objetos celestes\",\"datePublished\":\"2020-02-28T15:22:42+00:00\",\"dateModified\":\"2021-05-25T14:10:47+00:00\",\"mainEntityOfPage\":{\"@id\":\"https:\/\/www.starsislandlapalma.es\/de\/el-cabildo-y-el-grantecan-promocionan-los-cielos-de-la-isla-con-una-ultramaraton-de-observacion-de-objetos-celestes\/\"},\"wordCount\":800,\"commentCount\":0,\"publisher\":{\"@id\":\"https:\/\/www.starsislandlapalma.es\/#organization\"},\"image\":{\"@id\":\"https:\/\/www.starsislandlapalma.es\/de\/el-cabildo-y-el-grantecan-promocionan-los-cielos-de-la-isla-con-una-ultramaraton-de-observacion-de-objetos-celestes\/#primaryimage\"},\"thumbnailUrl\":\"https:\/\/www.starsislandlapalma.es\/wp-content\/uploads\/2020\/02\/Cartel-Ultramaraton-Messier.jpeg\",\"articleSection\":[\"Event\",\"Nachricht\"],\"inLanguage\":\"de\",\"potentialAction\":[{\"@type\":\"CommentAction\",\"name\":\"Comment\",\"target\":[\"https:\/\/www.starsislandlapalma.es\/de\/el-cabildo-y-el-grantecan-promocionan-los-cielos-de-la-isla-con-una-ultramaraton-de-observacion-de-objetos-celestes\/#respond\"]}]},{\"@type\":\"WebPage\",\"@id\":\"https:\/\/www.starsislandlapalma.es\/de\/el-cabildo-y-el-grantecan-promocionan-los-cielos-de-la-isla-con-una-ultramaraton-de-observacion-de-objetos-celestes\/\",\"url\":\"https:\/\/www.starsislandlapalma.es\/de\/el-cabildo-y-el-grantecan-promocionan-los-cielos-de-la-isla-con-una-ultramaraton-de-observacion-de-objetos-celestes\/\",\"name\":\"El Cabildo y el Grantecan promocionan los cielos de la isla con una \u2018ultramarat\u00f3n\u2019 de observaci\u00f3n de objetos celestes &#8902; Stars Island La Palma\",\"isPartOf\":{\"@id\":\"https:\/\/www.starsislandlapalma.es\/#website\"},\"primaryImageOfPage\":{\"@id\":\"https:\/\/www.starsislandlapalma.es\/de\/el-cabildo-y-el-grantecan-promocionan-los-cielos-de-la-isla-con-una-ultramaraton-de-observacion-de-objetos-celestes\/#primaryimage\"},\"image\":{\"@id\":\"https:\/\/www.starsislandlapalma.es\/de\/el-cabildo-y-el-grantecan-promocionan-los-cielos-de-la-isla-con-una-ultramaraton-de-observacion-de-objetos-celestes\/#primaryimage\"},\"thumbnailUrl\":\"https:\/\/www.starsislandlapalma.es\/wp-content\/uploads\/2020\/02\/Cartel-Ultramaraton-Messier.jpeg\",\"datePublished\":\"2020-02-28T15:22:42+00:00\",\"dateModified\":\"2021-05-25T14:10:47+00:00\",\"breadcrumb\":{\"@id\":\"https:\/\/www.starsislandlapalma.es\/de\/el-cabildo-y-el-grantecan-promocionan-los-cielos-de-la-isla-con-una-ultramaraton-de-observacion-de-objetos-celestes\/#breadcrumb\"},\"inLanguage\":\"de\",\"potentialAction\":[{\"@type\":\"ReadAction\",\"target\":[\"https:\/\/www.starsislandlapalma.es\/de\/el-cabildo-y-el-grantecan-promocionan-los-cielos-de-la-isla-con-una-ultramaraton-de-observacion-de-objetos-celestes\/\"]}]},{\"@type\":\"ImageObject\",\"inLanguage\":\"de\",\"@id\":\"https:\/\/www.starsislandlapalma.es\/de\/el-cabildo-y-el-grantecan-promocionan-los-cielos-de-la-isla-con-una-ultramaraton-de-observacion-de-objetos-celestes\/#primaryimage\",\"url\":\"https:\/\/www.starsislandlapalma.es\/wp-content\/uploads\/2020\/02\/Cartel-Ultramaraton-Messier.jpeg\",\"contentUrl\":\"https:\/\/www.starsislandlapalma.es\/wp-content\/uploads\/2020\/02\/Cartel-Ultramaraton-Messier.jpeg\",\"width\":702,\"height\":993},{\"@type\":\"BreadcrumbList\",\"@id\":\"https:\/\/www.starsislandlapalma.es\/de\/el-cabildo-y-el-grantecan-promocionan-los-cielos-de-la-isla-con-una-ultramaraton-de-observacion-de-objetos-celestes\/#breadcrumb\",\"itemListElement\":[{\"@type\":\"ListItem\",\"position\":1,\"name\":\"Portada\",\"item\":\"https:\/\/www.starsislandlapalma.es\/de\/\"},{\"@type\":\"ListItem\",\"position\":2,\"name\":\"El Cabildo y el Grantecan promocionan los cielos de la isla con una \u2018ultramarat\u00f3n\u2019 de observaci\u00f3n de objetos celestes\"}]},{\"@type\":\"WebSite\",\"@id\":\"https:\/\/www.starsislandlapalma.es\/#website\",\"url\":\"https:\/\/www.starsislandlapalma.es\/\",\"name\":\"Stars Island La Palma\",\"description\":\"La Palma, el lugar perfecto para disfrutar del universo. Primera Reserva Starlight del mundo, en 2012 se reconoce como Destino Tur\u00edstico Starlight\",\"publisher\":{\"@id\":\"https:\/\/www.starsislandlapalma.es\/#organization\"},\"potentialAction\":[{\"@type\":\"SearchAction\",\"target\":{\"@type\":\"EntryPoint\",\"urlTemplate\":\"https:\/\/www.starsislandlapalma.es\/?s={search_term_string}\"},\"query-input\":{\"@type\":\"PropertyValueSpecification\",\"valueRequired\":true,\"valueName\":\"search_term_string\"}}],\"inLanguage\":\"de\"},{\"@type\":\"Organization\",\"@id\":\"https:\/\/www.starsislandlapalma.es\/#organization\",\"name\":\"Star Island La Palma\",\"url\":\"https:\/\/www.starsislandlapalma.es\/\",\"logo\":{\"@type\":\"ImageObject\",\"inLanguage\":\"de\",\"@id\":\"https:\/\/www.starsislandlapalma.es\/#\/schema\/logo\/image\/\",\"url\":\"https:\/\/www.starsislandlapalma.es\/wp-content\/uploads\/2022\/01\/logo_starisland.png\",\"contentUrl\":\"https:\/\/www.starsislandlapalma.es\/wp-content\/uploads\/2022\/01\/logo_starisland.png\",\"width\":172,\"height\":139,\"caption\":\"Star Island La Palma\"},\"image\":{\"@id\":\"https:\/\/www.starsislandlapalma.es\/#\/schema\/logo\/image\/\"},\"sameAs\":[\"https:\/\/www.facebook.com\/pages\/Starsisland-La-Palma\/210888162375006?ref=hl\",\"https:\/\/x.com\/starsislandlapa\",\"https:\/\/www.pinterest.com\/astroturismo\/\",\"https:\/\/www.youtube.com\/channel\/UCV7sju1ggcBpJG39HQCBtsA\"]},{\"@type\":\"Person\",\"@id\":\"https:\/\/www.starsislandlapalma.es\/#\/schema\/person\/f13229a3b841af335ecd3f1dbd12ac3a\",\"name\":\"StarIsland\",\"image\":{\"@type\":\"ImageObject\",\"inLanguage\":\"de\",\"@id\":\"https:\/\/www.starsislandlapalma.es\/#\/schema\/person\/image\/\",\"url\":\"https:\/\/secure.gravatar.com\/avatar\/3cfee98e8471f9b7d33d9e257374fe5d?s=96&d=mm&r=g\",\"contentUrl\":\"https:\/\/secure.gravatar.com\/avatar\/3cfee98e8471f9b7d33d9e257374fe5d?s=96&d=mm&r=g\",\"caption\":\"StarIsland\"},\"url\":\"https:\/\/www.starsislandlapalma.es\/de\/author\/starisland\/\"}]}<\/script>\n<!-- \/ Yoast SEO plugin. -->","yoast_head_json":{"title":"El Cabildo y el Grantecan promocionan los cielos de la isla con una \u2018ultramarat\u00f3n\u2019 de observaci\u00f3n de objetos celestes &#8902; Stars Island La Palma","robots":{"index":"index","follow":"follow","max-snippet":"max-snippet:-1","max-image-preview":"max-image-preview:large","max-video-preview":"max-video-preview:-1"},"canonical":"https:\/\/www.starsislandlapalma.es\/de\/el-cabildo-y-el-grantecan-promocionan-los-cielos-de-la-isla-con-una-ultramaraton-de-observacion-de-objetos-celestes\/","og_locale":"de_DE","og_type":"article","og_title":"El Cabildo y el Grantecan promocionan los cielos de la isla con una \u2018ultramarat\u00f3n\u2019 de observaci\u00f3n de objetos celestes &#8902; Stars Island La Palma","og_description":"Este singular evento tendr\u00e1 lugar el 21 de marzo, coincidiendo con el equinoccio de primavera, en el Centro de Interpretaci\u00f3n \u2018Ca\u00f1os de Fuego\u2019 El Servicio de Turismo del Cabildo de La Palma, que dirige Ra\u00fal Camacho, Grantecan, la empresa p\u00fablica responsable del Gran Telescopio CANARIAS,...","og_url":"https:\/\/www.starsislandlapalma.es\/de\/el-cabildo-y-el-grantecan-promocionan-los-cielos-de-la-isla-con-una-ultramaraton-de-observacion-de-objetos-celestes\/","og_site_name":"Stars Island La Palma","article_publisher":"https:\/\/www.facebook.com\/pages\/Starsisland-La-Palma\/210888162375006?ref=hl","article_published_time":"2020-02-28T15:22:42+00:00","article_modified_time":"2021-05-25T14:10:47+00:00","og_image":[{"width":702,"height":993,"url":"https:\/\/www.starsislandlapalma.es\/wp-content\/uploads\/2020\/02\/Cartel-Ultramaraton-Messier.jpeg","type":"image\/jpeg"}],"author":"StarIsland","twitter_misc":{"Verfasst von":"StarIsland","Gesch\u00e4tzte Lesezeit":"4\u00a0Minuten"},"schema":{"@context":"https:\/\/schema.org","@graph":[{"@type":"Article","@id":"https:\/\/www.starsislandlapalma.es\/de\/el-cabildo-y-el-grantecan-promocionan-los-cielos-de-la-isla-con-una-ultramaraton-de-observacion-de-objetos-celestes\/#article","isPartOf":{"@id":"https:\/\/www.starsislandlapalma.es\/de\/el-cabildo-y-el-grantecan-promocionan-los-cielos-de-la-isla-con-una-ultramaraton-de-observacion-de-objetos-celestes\/"},"author":{"name":"StarIsland","@id":"https:\/\/www.starsislandlapalma.es\/#\/schema\/person\/f13229a3b841af335ecd3f1dbd12ac3a"},"headline":"El Cabildo y el Grantecan promocionan los cielos de la isla con una \u2018ultramarat\u00f3n\u2019 de observaci\u00f3n de objetos celestes","datePublished":"2020-02-28T15:22:42+00:00","dateModified":"2021-05-25T14:10:47+00:00","mainEntityOfPage":{"@id":"https:\/\/www.starsislandlapalma.es\/de\/el-cabildo-y-el-grantecan-promocionan-los-cielos-de-la-isla-con-una-ultramaraton-de-observacion-de-objetos-celestes\/"},"wordCount":800,"commentCount":0,"publisher":{"@id":"https:\/\/www.starsislandlapalma.es\/#organization"},"image":{"@id":"https:\/\/www.starsislandlapalma.es\/de\/el-cabildo-y-el-grantecan-promocionan-los-cielos-de-la-isla-con-una-ultramaraton-de-observacion-de-objetos-celestes\/#primaryimage"},"thumbnailUrl":"https:\/\/www.starsislandlapalma.es\/wp-content\/uploads\/2020\/02\/Cartel-Ultramaraton-Messier.jpeg","articleSection":["Event","Nachricht"],"inLanguage":"de","potentialAction":[{"@type":"CommentAction","name":"Comment","target":["https:\/\/www.starsislandlapalma.es\/de\/el-cabildo-y-el-grantecan-promocionan-los-cielos-de-la-isla-con-una-ultramaraton-de-observacion-de-objetos-celestes\/#respond"]}]},{"@type":"WebPage","@id":"https:\/\/www.starsislandlapalma.es\/de\/el-cabildo-y-el-grantecan-promocionan-los-cielos-de-la-isla-con-una-ultramaraton-de-observacion-de-objetos-celestes\/","url":"https:\/\/www.starsislandlapalma.es\/de\/el-cabildo-y-el-grantecan-promocionan-los-cielos-de-la-isla-con-una-ultramaraton-de-observacion-de-objetos-celestes\/","name":"El Cabildo y el Grantecan promocionan los cielos de la isla con una \u2018ultramarat\u00f3n\u2019 de observaci\u00f3n de objetos celestes &#8902; Stars Island La Palma","isPartOf":{"@id":"https:\/\/www.starsislandlapalma.es\/#website"},"primaryImageOfPage":{"@id":"https:\/\/www.starsislandlapalma.es\/de\/el-cabildo-y-el-grantecan-promocionan-los-cielos-de-la-isla-con-una-ultramaraton-de-observacion-de-objetos-celestes\/#primaryimage"},"image":{"@id":"https:\/\/www.starsislandlapalma.es\/de\/el-cabildo-y-el-grantecan-promocionan-los-cielos-de-la-isla-con-una-ultramaraton-de-observacion-de-objetos-celestes\/#primaryimage"},"thumbnailUrl":"https:\/\/www.starsislandlapalma.es\/wp-content\/uploads\/2020\/02\/Cartel-Ultramaraton-Messier.jpeg","datePublished":"2020-02-28T15:22:42+00:00","dateModified":"2021-05-25T14:10:47+00:00","breadcrumb":{"@id":"https:\/\/www.starsislandlapalma.es\/de\/el-cabildo-y-el-grantecan-promocionan-los-cielos-de-la-isla-con-una-ultramaraton-de-observacion-de-objetos-celestes\/#breadcrumb"},"inLanguage":"de","potentialAction":[{"@type":"ReadAction","target":["https:\/\/www.starsislandlapalma.es\/de\/el-cabildo-y-el-grantecan-promocionan-los-cielos-de-la-isla-con-una-ultramaraton-de-observacion-de-objetos-celestes\/"]}]},{"@type":"ImageObject","inLanguage":"de","@id":"https:\/\/www.starsislandlapalma.es\/de\/el-cabildo-y-el-grantecan-promocionan-los-cielos-de-la-isla-con-una-ultramaraton-de-observacion-de-objetos-celestes\/#primaryimage","url":"https:\/\/www.starsislandlapalma.es\/wp-content\/uploads\/2020\/02\/Cartel-Ultramaraton-Messier.jpeg","contentUrl":"https:\/\/www.starsislandlapalma.es\/wp-content\/uploads\/2020\/02\/Cartel-Ultramaraton-Messier.jpeg","width":702,"height":993},{"@type":"BreadcrumbList","@id":"https:\/\/www.starsislandlapalma.es\/de\/el-cabildo-y-el-grantecan-promocionan-los-cielos-de-la-isla-con-una-ultramaraton-de-observacion-de-objetos-celestes\/#breadcrumb","itemListElement":[{"@type":"ListItem","position":1,"name":"Portada","item":"https:\/\/www.starsislandlapalma.es\/de\/"},{"@type":"ListItem","position":2,"name":"El Cabildo y el Grantecan promocionan los cielos de la isla con una \u2018ultramarat\u00f3n\u2019 de observaci\u00f3n de objetos celestes"}]},{"@type":"WebSite","@id":"https:\/\/www.starsislandlapalma.es\/#website","url":"https:\/\/www.starsislandlapalma.es\/","name":"Stars Island La Palma","description":"La Palma, el lugar perfecto para disfrutar del universo. Primera Reserva Starlight del mundo, en 2012 se reconoce como Destino Tur\u00edstico Starlight","publisher":{"@id":"https:\/\/www.starsislandlapalma.es\/#organization"},"potentialAction":[{"@type":"SearchAction","target":{"@type":"EntryPoint","urlTemplate":"https:\/\/www.starsislandlapalma.es\/?s={search_term_string}"},"query-input":{"@type":"PropertyValueSpecification","valueRequired":true,"valueName":"search_term_string"}}],"inLanguage":"de"},{"@type":"Organization","@id":"https:\/\/www.starsislandlapalma.es\/#organization","name":"Star Island La Palma","url":"https:\/\/www.starsislandlapalma.es\/","logo":{"@type":"ImageObject","inLanguage":"de","@id":"https:\/\/www.starsislandlapalma.es\/#\/schema\/logo\/image\/","url":"https:\/\/www.starsislandlapalma.es\/wp-content\/uploads\/2022\/01\/logo_starisland.png","contentUrl":"https:\/\/www.starsislandlapalma.es\/wp-content\/uploads\/2022\/01\/logo_starisland.png","width":172,"height":139,"caption":"Star Island La Palma"},"image":{"@id":"https:\/\/www.starsislandlapalma.es\/#\/schema\/logo\/image\/"},"sameAs":["https:\/\/www.facebook.com\/pages\/Starsisland-La-Palma\/210888162375006?ref=hl","https:\/\/x.com\/starsislandlapa","https:\/\/www.pinterest.com\/astroturismo\/","https:\/\/www.youtube.com\/channel\/UCV7sju1ggcBpJG39HQCBtsA"]},{"@type":"Person","@id":"https:\/\/www.starsislandlapalma.es\/#\/schema\/person\/f13229a3b841af335ecd3f1dbd12ac3a","name":"StarIsland","image":{"@type":"ImageObject","inLanguage":"de","@id":"https:\/\/www.starsislandlapalma.es\/#\/schema\/person\/image\/","url":"https:\/\/secure.gravatar.com\/avatar\/3cfee98e8471f9b7d33d9e257374fe5d?s=96&d=mm&r=g","contentUrl":"https:\/\/secure.gravatar.com\/avatar\/3cfee98e8471f9b7d33d9e257374fe5d?s=96&d=mm&r=g","caption":"StarIsland"},"url":"https:\/\/www.starsislandlapalma.es\/de\/author\/starisland\/"}]}},"_links":{"self":[{"href":"https:\/\/www.starsislandlapalma.es\/de\/wp-json\/wp\/v2\/posts\/22606\/"}],"collection":[{"href":"https:\/\/www.starsislandlapalma.es\/de\/wp-json\/wp\/v2\/posts\/"}],"about":[{"href":"https:\/\/www.starsislandlapalma.es\/de\/wp-json\/wp\/v2\/types\/post\/"}],"author":[{"embeddable":true,"href":"https:\/\/www.starsislandlapalma.es\/de\/wp-json\/wp\/v2\/users\/2\/"}],"replies":[{"embeddable":true,"href":"https:\/\/www.starsislandlapalma.es\/de\/wp-json\/wp\/v2\/comments\/?post=22606"}],"version-history":[{"count":0,"href":"https:\/\/www.starsislandlapalma.es\/de\/wp-json\/wp\/v2\/posts\/22606\/revisions\/"}],"wp:featuredmedia":[{"embeddable":true,"href":"https:\/\/www.starsislandlapalma.es\/de\/wp-json\/wp\/v2\/media\/21493\/"}],"wp:attachment":[{"href":"https:\/\/www.starsislandlapalma.es\/de\/wp-json\/wp\/v2\/media\/?parent=22606"}],"wp:term":[{"taxonomy":"category","embeddable":true,"href":"https:\/\/www.starsislandlapalma.es\/de\/wp-json\/wp\/v2\/categories\/?post=22606"},{"taxonomy":"post_tag","embeddable":true,"href":"https:\/\/www.starsislandlapalma.es\/de\/wp-json\/wp\/v2\/tags\/?post=22606"}],"curies":[{"name":"wp","href":"https:\/\/api.w.org\/{rel}","templated":true}]}}