{"id":22685,"date":"2016-09-24T09:30:32","date_gmt":"2016-09-24T09:30:32","guid":{"rendered":"https:\/\/www.starsislandlapalma.es\/el-cabildo-colabora-con-la-celebracion-del-taller-intensivo-para-profesionales-de-la-astrofotografia-astromaster\/"},"modified":"2021-05-25T14:13:56","modified_gmt":"2021-05-25T14:13:56","slug":"el-cabildo-colabora-con-la-celebracion-del-taller-intensivo-para-profesionales-de-la-astrofotografia-astromaster","status":"publish","type":"post","link":"https:\/\/www.starsislandlapalma.es\/de\/el-cabildo-colabora-con-la-celebracion-del-taller-intensivo-para-profesionales-de-la-astrofotografia-astromaster\/","title":{"rendered":"El Cabildo colabora con la celebraci\u00f3n del taller intensivo para profesionales de la astrofotograf\u00eda \u2018Astromaster\u2019"},"content":{"rendered":"<p style=\"text-align: center;\">Se trata de un curso avanzado para fot\u00f3grafos y astr\u00f3nomos que este a\u00f1o cuenta con Babak Tafreshi, fundador de TWAN, como instructor<\/p>\n<p>&nbsp;<\/p>\n<p style=\"text-align: justify;\">El Cabildo de La Palma, a trav\u00e9s del Servicio de Turismo que dirige Alicia Vanoostende, colabora con la quinta edici\u00f3n del taller intensivo para profesionales de la astrofotograf\u00eda <em>Astromaster<\/em>, un evento organizado por Astrolapalma y el colectivo internacional TWAN (The World at Night) que se celebra hasta el pr\u00f3ximo lunes, 26 de septiembre.<\/p>\n<p style=\"text-align: justify;\">En esta quinta edici\u00f3n, <em>Astromaster<\/em> cuenta con Babak Tafreshi como instructor. El fundador y director de TWAN y fot\u00f3grafo de National Geographic formar\u00e1 a los alumnos en un\u00a0taller intensivo de 5 d\u00edas\u00a0que abarcar\u00e1 t\u00e9cnicas de astrofotograf\u00eda de paisajes nocturnos, procesamiento de im\u00e1genes y\u00a0<em>timelapse<\/em>, entre otros.<\/p>\n<p style=\"text-align: justify;\">El programa se desarrolla en el hotel Las Olas, en Los Cancajos (Bre\u00f1a Baja), e incluye visitas a varios puntos de la Isla, incluyendo el Observatorio del Roque de Los Muchachos.<\/p>\n<p style=\"text-align: justify;\">Alicia Vanoostende ha destacado que el Cabildo apoya la celebraci\u00f3n de este evento \u201cpor su consolidaci\u00f3n como un encuentro de trabajo de excelente calidad dado el m\u00e1ximo reconocimiento profesional internacional de los instructores del mismo\u201d.<\/p>\n<p style=\"text-align: justify;\">En este mismo sentido, la consejera insular de Turismo tambi\u00e9n ha apuntado que \u201cgracias a <em>Astromaster<\/em> muchos profesionales de la astrofotograf\u00eda de todo el mundo han encontrado en La Palma el emplazamiento id\u00f3neo para desarrollar su trabajo dado el prestigio y buen nombre internacional de los cielos nocturnos de la Isla de La Palma, que permiten una excelente observaci\u00f3n del firmamento y los astros: la mejor posible en todo el hemisferio norte\u201d.<\/p>\n","protected":false},"excerpt":{"rendered":"<p>Se trata de un curso avanzado para fot\u00f3grafos y astr\u00f3nomos que este a\u00f1o cuenta con Babak Tafreshi, fundador de TWAN, como instructor &nbsp; El Cabildo de La Palma, a trav\u00e9s del Servicio de Turismo que dirige Alicia Vanoostende, colabora con la quinta edici\u00f3n del taller&#8230;<\/p>\n","protected":false},"author":1,"featured_media":22686,"comment_status":"open","ping_status":"open","sticky":false,"template":"","format":"standard","meta":{"footnotes":""},"categories":[140,135],"tags":[505,674,675,676,677,605],"yoast_head":"<!-- This site is optimized with the Yoast SEO plugin v24.5 - https:\/\/yoast.com\/wordpress\/plugins\/seo\/ -->\n<title>El Cabildo colabora con la celebraci\u00f3n del taller intensivo para profesionales de la astrofotograf\u00eda \u2018Astromaster\u2019 &#8902; Stars Island La Palma<\/title>\n<meta name=\"robots\" content=\"index, follow, max-snippet:-1, max-image-preview:large, max-video-preview:-1\" \/>\n<link rel=\"canonical\" href=\"https:\/\/www.starsislandlapalma.es\/de\/el-cabildo-colabora-con-la-celebracion-del-taller-intensivo-para-profesionales-de-la-astrofotografia-astromaster\/\" \/>\n<meta property=\"og:locale\" content=\"de_DE\" \/>\n<meta property=\"og:type\" content=\"article\" \/>\n<meta property=\"og:title\" content=\"El Cabildo colabora con la celebraci\u00f3n del taller intensivo para profesionales de la astrofotograf\u00eda \u2018Astromaster\u2019 &#8902; Stars Island La Palma\" \/>\n<meta property=\"og:description\" content=\"Se trata de un curso avanzado para fot\u00f3grafos y astr\u00f3nomos que este a\u00f1o cuenta con Babak Tafreshi, fundador de TWAN, como instructor &nbsp; El Cabildo de La Palma, a trav\u00e9s del Servicio de Turismo que dirige Alicia Vanoostende, colabora con la quinta edici\u00f3n del taller...\" \/>\n<meta property=\"og:url\" content=\"https:\/\/www.starsislandlapalma.es\/de\/el-cabildo-colabora-con-la-celebracion-del-taller-intensivo-para-profesionales-de-la-astrofotografia-astromaster\/\" \/>\n<meta property=\"og:site_name\" content=\"Stars Island La Palma\" \/>\n<meta property=\"article:publisher\" content=\"https:\/\/www.facebook.com\/pages\/Starsisland-La-Palma\/210888162375006?ref=hl\" \/>\n<meta property=\"article:published_time\" content=\"2016-09-24T09:30:32+00:00\" \/>\n<meta property=\"article:modified_time\" content=\"2021-05-25T14:13:56+00:00\" \/>\n<meta property=\"og:image\" content=\"https:\/\/www.starsislandlapalma.es\/wp-content\/uploads\/2016\/09\/240916-Astromaster-2016-Babak-Tafreshi.jpg\" \/>\n\t<meta property=\"og:image:width\" content=\"1024\" \/>\n\t<meta property=\"og:image:height\" content=\"768\" \/>\n\t<meta property=\"og:image:type\" content=\"image\/jpeg\" \/>\n<meta name=\"author\" content=\"Stars Island La Palma\" \/>\n<meta name=\"twitter:label1\" content=\"Verfasst von\" \/>\n\t<meta name=\"twitter:data1\" content=\"Stars Island La Palma\" \/>\n\t<meta name=\"twitter:label2\" content=\"Gesch\u00e4tzte Lesezeit\" \/>\n\t<meta name=\"twitter:data2\" content=\"1\u00a0Minute\" \/>\n<script type=\"application\/ld+json\" class=\"yoast-schema-graph\">{\"@context\":\"https:\/\/schema.org\",\"@graph\":[{\"@type\":\"Article\",\"@id\":\"https:\/\/www.starsislandlapalma.es\/de\/el-cabildo-colabora-con-la-celebracion-del-taller-intensivo-para-profesionales-de-la-astrofotografia-astromaster\/#article\",\"isPartOf\":{\"@id\":\"https:\/\/www.starsislandlapalma.es\/de\/el-cabildo-colabora-con-la-celebracion-del-taller-intensivo-para-profesionales-de-la-astrofotografia-astromaster\/\"},\"author\":{\"name\":\"Stars Island La Palma\",\"@id\":\"https:\/\/www.starsislandlapalma.es\/#\/schema\/person\/9043f5bd4f379ca7532bf525fa88073b\"},\"headline\":\"El Cabildo colabora con la celebraci\u00f3n del taller intensivo para profesionales de la astrofotograf\u00eda \u2018Astromaster\u2019\",\"datePublished\":\"2016-09-24T09:30:32+00:00\",\"dateModified\":\"2021-05-25T14:13:56+00:00\",\"mainEntityOfPage\":{\"@id\":\"https:\/\/www.starsislandlapalma.es\/de\/el-cabildo-colabora-con-la-celebracion-del-taller-intensivo-para-profesionales-de-la-astrofotografia-astromaster\/\"},\"wordCount\":298,\"commentCount\":0,\"publisher\":{\"@id\":\"https:\/\/www.starsislandlapalma.es\/#organization\"},\"image\":{\"@id\":\"https:\/\/www.starsislandlapalma.es\/de\/el-cabildo-colabora-con-la-celebracion-del-taller-intensivo-para-profesionales-de-la-astrofotografia-astromaster\/#primaryimage\"},\"thumbnailUrl\":\"https:\/\/www.starsislandlapalma.es\/wp-content\/uploads\/2016\/09\/240916-Astromaster-2016-Babak-Tafreshi.jpg\",\"keywords\":[\"astrofotografia\",\"astromaster\",\"babak tafreshi\",\"Bre\u00f1a Baja\",\"cielos nocturnos\",\"observatorio del roque de los muchachos\"],\"articleSection\":[\"Event\",\"Nachricht\"],\"inLanguage\":\"de\",\"potentialAction\":[{\"@type\":\"CommentAction\",\"name\":\"Comment\",\"target\":[\"https:\/\/www.starsislandlapalma.es\/de\/el-cabildo-colabora-con-la-celebracion-del-taller-intensivo-para-profesionales-de-la-astrofotografia-astromaster\/#respond\"]}]},{\"@type\":\"WebPage\",\"@id\":\"https:\/\/www.starsislandlapalma.es\/de\/el-cabildo-colabora-con-la-celebracion-del-taller-intensivo-para-profesionales-de-la-astrofotografia-astromaster\/\",\"url\":\"https:\/\/www.starsislandlapalma.es\/de\/el-cabildo-colabora-con-la-celebracion-del-taller-intensivo-para-profesionales-de-la-astrofotografia-astromaster\/\",\"name\":\"El Cabildo colabora con la celebraci\u00f3n del taller intensivo para profesionales de la astrofotograf\u00eda \u2018Astromaster\u2019 &#8902; Stars Island La Palma\",\"isPartOf\":{\"@id\":\"https:\/\/www.starsislandlapalma.es\/#website\"},\"primaryImageOfPage\":{\"@id\":\"https:\/\/www.starsislandlapalma.es\/de\/el-cabildo-colabora-con-la-celebracion-del-taller-intensivo-para-profesionales-de-la-astrofotografia-astromaster\/#primaryimage\"},\"image\":{\"@id\":\"https:\/\/www.starsislandlapalma.es\/de\/el-cabildo-colabora-con-la-celebracion-del-taller-intensivo-para-profesionales-de-la-astrofotografia-astromaster\/#primaryimage\"},\"thumbnailUrl\":\"https:\/\/www.starsislandlapalma.es\/wp-content\/uploads\/2016\/09\/240916-Astromaster-2016-Babak-Tafreshi.jpg\",\"datePublished\":\"2016-09-24T09:30:32+00:00\",\"dateModified\":\"2021-05-25T14:13:56+00:00\",\"breadcrumb\":{\"@id\":\"https:\/\/www.starsislandlapalma.es\/de\/el-cabildo-colabora-con-la-celebracion-del-taller-intensivo-para-profesionales-de-la-astrofotografia-astromaster\/#breadcrumb\"},\"inLanguage\":\"de\",\"potentialAction\":[{\"@type\":\"ReadAction\",\"target\":[\"https:\/\/www.starsislandlapalma.es\/de\/el-cabildo-colabora-con-la-celebracion-del-taller-intensivo-para-profesionales-de-la-astrofotografia-astromaster\/\"]}]},{\"@type\":\"ImageObject\",\"inLanguage\":\"de\",\"@id\":\"https:\/\/www.starsislandlapalma.es\/de\/el-cabildo-colabora-con-la-celebracion-del-taller-intensivo-para-profesionales-de-la-astrofotografia-astromaster\/#primaryimage\",\"url\":\"https:\/\/www.starsislandlapalma.es\/wp-content\/uploads\/2016\/09\/240916-Astromaster-2016-Babak-Tafreshi.jpg\",\"contentUrl\":\"https:\/\/www.starsislandlapalma.es\/wp-content\/uploads\/2016\/09\/240916-Astromaster-2016-Babak-Tafreshi.jpg\",\"width\":1024,\"height\":768},{\"@type\":\"BreadcrumbList\",\"@id\":\"https:\/\/www.starsislandlapalma.es\/de\/el-cabildo-colabora-con-la-celebracion-del-taller-intensivo-para-profesionales-de-la-astrofotografia-astromaster\/#breadcrumb\",\"itemListElement\":[{\"@type\":\"ListItem\",\"position\":1,\"name\":\"Portada\",\"item\":\"https:\/\/www.starsislandlapalma.es\/de\/\"},{\"@type\":\"ListItem\",\"position\":2,\"name\":\"El Cabildo colabora con la celebraci\u00f3n del taller intensivo para profesionales de la astrofotograf\u00eda \u2018Astromaster\u2019\"}]},{\"@type\":\"WebSite\",\"@id\":\"https:\/\/www.starsislandlapalma.es\/#website\",\"url\":\"https:\/\/www.starsislandlapalma.es\/\",\"name\":\"Stars Island La Palma\",\"description\":\"La Palma, el lugar perfecto para disfrutar del universo. Primera Reserva Starlight del mundo, en 2012 se reconoce como Destino Tur\u00edstico Starlight\",\"publisher\":{\"@id\":\"https:\/\/www.starsislandlapalma.es\/#organization\"},\"potentialAction\":[{\"@type\":\"SearchAction\",\"target\":{\"@type\":\"EntryPoint\",\"urlTemplate\":\"https:\/\/www.starsislandlapalma.es\/?s={search_term_string}\"},\"query-input\":{\"@type\":\"PropertyValueSpecification\",\"valueRequired\":true,\"valueName\":\"search_term_string\"}}],\"inLanguage\":\"de\"},{\"@type\":\"Organization\",\"@id\":\"https:\/\/www.starsislandlapalma.es\/#organization\",\"name\":\"Star Island La Palma\",\"url\":\"https:\/\/www.starsislandlapalma.es\/\",\"logo\":{\"@type\":\"ImageObject\",\"inLanguage\":\"de\",\"@id\":\"https:\/\/www.starsislandlapalma.es\/#\/schema\/logo\/image\/\",\"url\":\"https:\/\/www.starsislandlapalma.es\/wp-content\/uploads\/2022\/01\/logo_starisland.png\",\"contentUrl\":\"https:\/\/www.starsislandlapalma.es\/wp-content\/uploads\/2022\/01\/logo_starisland.png\",\"width\":172,\"height\":139,\"caption\":\"Star Island La Palma\"},\"image\":{\"@id\":\"https:\/\/www.starsislandlapalma.es\/#\/schema\/logo\/image\/\"},\"sameAs\":[\"https:\/\/www.facebook.com\/pages\/Starsisland-La-Palma\/210888162375006?ref=hl\",\"https:\/\/x.com\/starsislandlapa\",\"https:\/\/www.pinterest.com\/astroturismo\/\",\"https:\/\/www.youtube.com\/channel\/UCV7sju1ggcBpJG39HQCBtsA\"]},{\"@type\":\"Person\",\"@id\":\"https:\/\/www.starsislandlapalma.es\/#\/schema\/person\/9043f5bd4f379ca7532bf525fa88073b\",\"name\":\"Stars Island La Palma\",\"image\":{\"@type\":\"ImageObject\",\"inLanguage\":\"de\",\"@id\":\"https:\/\/www.starsislandlapalma.es\/#\/schema\/person\/image\/\",\"url\":\"https:\/\/secure.gravatar.com\/avatar\/214edfeae37af83662fa1058aeebfb41?s=96&d=mm&r=g\",\"contentUrl\":\"https:\/\/secure.gravatar.com\/avatar\/214edfeae37af83662fa1058aeebfb41?s=96&d=mm&r=g\",\"caption\":\"Stars Island La Palma\"},\"url\":\"https:\/\/www.starsislandlapalma.es\/de\/author\/star\/\"}]}<\/script>\n<!-- \/ Yoast SEO plugin. -->","yoast_head_json":{"title":"El Cabildo colabora con la celebraci\u00f3n del taller intensivo para profesionales de la astrofotograf\u00eda \u2018Astromaster\u2019 &#8902; Stars Island La Palma","robots":{"index":"index","follow":"follow","max-snippet":"max-snippet:-1","max-image-preview":"max-image-preview:large","max-video-preview":"max-video-preview:-1"},"canonical":"https:\/\/www.starsislandlapalma.es\/de\/el-cabildo-colabora-con-la-celebracion-del-taller-intensivo-para-profesionales-de-la-astrofotografia-astromaster\/","og_locale":"de_DE","og_type":"article","og_title":"El Cabildo colabora con la celebraci\u00f3n del taller intensivo para profesionales de la astrofotograf\u00eda \u2018Astromaster\u2019 &#8902; Stars Island La Palma","og_description":"Se trata de un curso avanzado para fot\u00f3grafos y astr\u00f3nomos que este a\u00f1o cuenta con Babak Tafreshi, fundador de TWAN, como instructor &nbsp; El Cabildo de La Palma, a trav\u00e9s del Servicio de Turismo que dirige Alicia Vanoostende, colabora con la quinta edici\u00f3n del taller...","og_url":"https:\/\/www.starsislandlapalma.es\/de\/el-cabildo-colabora-con-la-celebracion-del-taller-intensivo-para-profesionales-de-la-astrofotografia-astromaster\/","og_site_name":"Stars Island La Palma","article_publisher":"https:\/\/www.facebook.com\/pages\/Starsisland-La-Palma\/210888162375006?ref=hl","article_published_time":"2016-09-24T09:30:32+00:00","article_modified_time":"2021-05-25T14:13:56+00:00","og_image":[{"width":1024,"height":768,"url":"https:\/\/www.starsislandlapalma.es\/wp-content\/uploads\/2016\/09\/240916-Astromaster-2016-Babak-Tafreshi.jpg","type":"image\/jpeg"}],"author":"Stars Island La Palma","twitter_misc":{"Verfasst von":"Stars Island La Palma","Gesch\u00e4tzte Lesezeit":"1\u00a0Minute"},"schema":{"@context":"https:\/\/schema.org","@graph":[{"@type":"Article","@id":"https:\/\/www.starsislandlapalma.es\/de\/el-cabildo-colabora-con-la-celebracion-del-taller-intensivo-para-profesionales-de-la-astrofotografia-astromaster\/#article","isPartOf":{"@id":"https:\/\/www.starsislandlapalma.es\/de\/el-cabildo-colabora-con-la-celebracion-del-taller-intensivo-para-profesionales-de-la-astrofotografia-astromaster\/"},"author":{"name":"Stars Island La Palma","@id":"https:\/\/www.starsislandlapalma.es\/#\/schema\/person\/9043f5bd4f379ca7532bf525fa88073b"},"headline":"El Cabildo colabora con la celebraci\u00f3n del taller intensivo para profesionales de la astrofotograf\u00eda \u2018Astromaster\u2019","datePublished":"2016-09-24T09:30:32+00:00","dateModified":"2021-05-25T14:13:56+00:00","mainEntityOfPage":{"@id":"https:\/\/www.starsislandlapalma.es\/de\/el-cabildo-colabora-con-la-celebracion-del-taller-intensivo-para-profesionales-de-la-astrofotografia-astromaster\/"},"wordCount":298,"commentCount":0,"publisher":{"@id":"https:\/\/www.starsislandlapalma.es\/#organization"},"image":{"@id":"https:\/\/www.starsislandlapalma.es\/de\/el-cabildo-colabora-con-la-celebracion-del-taller-intensivo-para-profesionales-de-la-astrofotografia-astromaster\/#primaryimage"},"thumbnailUrl":"https:\/\/www.starsislandlapalma.es\/wp-content\/uploads\/2016\/09\/240916-Astromaster-2016-Babak-Tafreshi.jpg","keywords":["astrofotografia","astromaster","babak tafreshi","Bre\u00f1a Baja","cielos nocturnos","observatorio del roque de los muchachos"],"articleSection":["Event","Nachricht"],"inLanguage":"de","potentialAction":[{"@type":"CommentAction","name":"Comment","target":["https:\/\/www.starsislandlapalma.es\/de\/el-cabildo-colabora-con-la-celebracion-del-taller-intensivo-para-profesionales-de-la-astrofotografia-astromaster\/#respond"]}]},{"@type":"WebPage","@id":"https:\/\/www.starsislandlapalma.es\/de\/el-cabildo-colabora-con-la-celebracion-del-taller-intensivo-para-profesionales-de-la-astrofotografia-astromaster\/","url":"https:\/\/www.starsislandlapalma.es\/de\/el-cabildo-colabora-con-la-celebracion-del-taller-intensivo-para-profesionales-de-la-astrofotografia-astromaster\/","name":"El Cabildo colabora con la celebraci\u00f3n del taller intensivo para profesionales de la astrofotograf\u00eda \u2018Astromaster\u2019 &#8902; Stars Island La Palma","isPartOf":{"@id":"https:\/\/www.starsislandlapalma.es\/#website"},"primaryImageOfPage":{"@id":"https:\/\/www.starsislandlapalma.es\/de\/el-cabildo-colabora-con-la-celebracion-del-taller-intensivo-para-profesionales-de-la-astrofotografia-astromaster\/#primaryimage"},"image":{"@id":"https:\/\/www.starsislandlapalma.es\/de\/el-cabildo-colabora-con-la-celebracion-del-taller-intensivo-para-profesionales-de-la-astrofotografia-astromaster\/#primaryimage"},"thumbnailUrl":"https:\/\/www.starsislandlapalma.es\/wp-content\/uploads\/2016\/09\/240916-Astromaster-2016-Babak-Tafreshi.jpg","datePublished":"2016-09-24T09:30:32+00:00","dateModified":"2021-05-25T14:13:56+00:00","breadcrumb":{"@id":"https:\/\/www.starsislandlapalma.es\/de\/el-cabildo-colabora-con-la-celebracion-del-taller-intensivo-para-profesionales-de-la-astrofotografia-astromaster\/#breadcrumb"},"inLanguage":"de","potentialAction":[{"@type":"ReadAction","target":["https:\/\/www.starsislandlapalma.es\/de\/el-cabildo-colabora-con-la-celebracion-del-taller-intensivo-para-profesionales-de-la-astrofotografia-astromaster\/"]}]},{"@type":"ImageObject","inLanguage":"de","@id":"https:\/\/www.starsislandlapalma.es\/de\/el-cabildo-colabora-con-la-celebracion-del-taller-intensivo-para-profesionales-de-la-astrofotografia-astromaster\/#primaryimage","url":"https:\/\/www.starsislandlapalma.es\/wp-content\/uploads\/2016\/09\/240916-Astromaster-2016-Babak-Tafreshi.jpg","contentUrl":"https:\/\/www.starsislandlapalma.es\/wp-content\/uploads\/2016\/09\/240916-Astromaster-2016-Babak-Tafreshi.jpg","width":1024,"height":768},{"@type":"BreadcrumbList","@id":"https:\/\/www.starsislandlapalma.es\/de\/el-cabildo-colabora-con-la-celebracion-del-taller-intensivo-para-profesionales-de-la-astrofotografia-astromaster\/#breadcrumb","itemListElement":[{"@type":"ListItem","position":1,"name":"Portada","item":"https:\/\/www.starsislandlapalma.es\/de\/"},{"@type":"ListItem","position":2,"name":"El Cabildo colabora con la celebraci\u00f3n del taller intensivo para profesionales de la astrofotograf\u00eda \u2018Astromaster\u2019"}]},{"@type":"WebSite","@id":"https:\/\/www.starsislandlapalma.es\/#website","url":"https:\/\/www.starsislandlapalma.es\/","name":"Stars Island La Palma","description":"La Palma, el lugar perfecto para disfrutar del universo. Primera Reserva Starlight del mundo, en 2012 se reconoce como Destino Tur\u00edstico Starlight","publisher":{"@id":"https:\/\/www.starsislandlapalma.es\/#organization"},"potentialAction":[{"@type":"SearchAction","target":{"@type":"EntryPoint","urlTemplate":"https:\/\/www.starsislandlapalma.es\/?s={search_term_string}"},"query-input":{"@type":"PropertyValueSpecification","valueRequired":true,"valueName":"search_term_string"}}],"inLanguage":"de"},{"@type":"Organization","@id":"https:\/\/www.starsislandlapalma.es\/#organization","name":"Star Island La Palma","url":"https:\/\/www.starsislandlapalma.es\/","logo":{"@type":"ImageObject","inLanguage":"de","@id":"https:\/\/www.starsislandlapalma.es\/#\/schema\/logo\/image\/","url":"https:\/\/www.starsislandlapalma.es\/wp-content\/uploads\/2022\/01\/logo_starisland.png","contentUrl":"https:\/\/www.starsislandlapalma.es\/wp-content\/uploads\/2022\/01\/logo_starisland.png","width":172,"height":139,"caption":"Star Island La Palma"},"image":{"@id":"https:\/\/www.starsislandlapalma.es\/#\/schema\/logo\/image\/"},"sameAs":["https:\/\/www.facebook.com\/pages\/Starsisland-La-Palma\/210888162375006?ref=hl","https:\/\/x.com\/starsislandlapa","https:\/\/www.pinterest.com\/astroturismo\/","https:\/\/www.youtube.com\/channel\/UCV7sju1ggcBpJG39HQCBtsA"]},{"@type":"Person","@id":"https:\/\/www.starsislandlapalma.es\/#\/schema\/person\/9043f5bd4f379ca7532bf525fa88073b","name":"Stars Island La Palma","image":{"@type":"ImageObject","inLanguage":"de","@id":"https:\/\/www.starsislandlapalma.es\/#\/schema\/person\/image\/","url":"https:\/\/secure.gravatar.com\/avatar\/214edfeae37af83662fa1058aeebfb41?s=96&d=mm&r=g","contentUrl":"https:\/\/secure.gravatar.com\/avatar\/214edfeae37af83662fa1058aeebfb41?s=96&d=mm&r=g","caption":"Stars Island La Palma"},"url":"https:\/\/www.starsislandlapalma.es\/de\/author\/star\/"}]}},"_links":{"self":[{"href":"https:\/\/www.starsislandlapalma.es\/de\/wp-json\/wp\/v2\/posts\/22685\/"}],"collection":[{"href":"https:\/\/www.starsislandlapalma.es\/de\/wp-json\/wp\/v2\/posts\/"}],"about":[{"href":"https:\/\/www.starsislandlapalma.es\/de\/wp-json\/wp\/v2\/types\/post\/"}],"author":[{"embeddable":true,"href":"https:\/\/www.starsislandlapalma.es\/de\/wp-json\/wp\/v2\/users\/1\/"}],"replies":[{"embeddable":true,"href":"https:\/\/www.starsislandlapalma.es\/de\/wp-json\/wp\/v2\/comments\/?post=22685"}],"version-history":[{"count":0,"href":"https:\/\/www.starsislandlapalma.es\/de\/wp-json\/wp\/v2\/posts\/22685\/revisions\/"}],"wp:featuredmedia":[{"embeddable":true,"href":"https:\/\/www.starsislandlapalma.es\/de\/wp-json\/wp\/v2\/media\/22686\/"}],"wp:attachment":[{"href":"https:\/\/www.starsislandlapalma.es\/de\/wp-json\/wp\/v2\/media\/?parent=22685"}],"wp:term":[{"taxonomy":"category","embeddable":true,"href":"https:\/\/www.starsislandlapalma.es\/de\/wp-json\/wp\/v2\/categories\/?post=22685"},{"taxonomy":"post_tag","embeddable":true,"href":"https:\/\/www.starsislandlapalma.es\/de\/wp-json\/wp\/v2\/tags\/?post=22685"}],"curies":[{"name":"wp","href":"https:\/\/api.w.org\/{rel}","templated":true}]}}