{"id":22692,"date":"2016-09-22T11:39:33","date_gmt":"2016-09-22T11:39:33","guid":{"rendered":"https:\/\/www.starsislandlapalma.es\/fotonature-la-palma-celebra-este-fin-de-semana-su-tercer-taller-profesional-dedicado-a-la-astrofotografia\/"},"modified":"2021-05-25T14:14:09","modified_gmt":"2021-05-25T14:14:09","slug":"fotonature-la-palma-celebra-este-fin-de-semana-su-tercer-taller-profesional-dedicado-a-la-astrofotografia","status":"publish","type":"post","link":"https:\/\/www.starsislandlapalma.es\/de\/fotonature-la-palma-celebra-este-fin-de-semana-su-tercer-taller-profesional-dedicado-a-la-astrofotografia\/","title":{"rendered":"\u2018Fotonature La Palma\u2019 celebra este fin de semana su tercer taller profesional, dedicado a la astrofotograf\u00eda"},"content":{"rendered":"<p style=\"text-align: justify;\"><em>Fotonature La Palma 2016<\/em>, el encuentro especializado en fotograf\u00eda que organiza el Cabildo de La Palma a trav\u00e9s de la empresa p\u00fablica Sodepal, celebra este fin de semana en San Antonio del Monte, en Garaf\u00eda, su tercer taller profesional que est\u00e1 dedicado a la astrofotograf\u00eda.<\/p>\n<p style=\"text-align: justify;\">El consejero responsable de Sodepal, Jordi P\u00e9rez Camacho, ha recordado que su Consejer\u00eda ha recuperado este a\u00f1o la celebraci\u00f3n de Fotonature como evento destacados en la agenda del Cabildo de La Palma. \u201cEl programa se abre con <em>Fotonature Pro<\/em>, que consiste en tres talleres profesionales en septiembre, y contin\u00faa en un fin de semana de octubre en el que tendremos ponencias de distintas especialidades fotogr\u00e1ficas abiertas a la participaci\u00f3n de un p\u00fablico m\u00e1s amplio\u201d, recuerda el consejero.<\/p>\n<p style=\"text-align: justify;\">El taller de astrofotograf\u00eda se desarrolla desde este viernes y hasta el domingo en el albergue de San Antonio del Monte, en Garaf\u00eda, y corre a cargo de Juan Carlos Casado y Antonio Gonz\u00e1lez.<\/p>\n<p style=\"text-align: justify;\">El avance y mejora de las c\u00e1maras digitales han hecho que numerosos aficionados a la fotograf\u00eda y a la astronom\u00eda deseen plasmar un cachito de cielo en sus pantallas. La alta sensibilidad y largas exposiciones, junto a otros m\u00e9todos, hacen que las estrellas y, en especial, la V\u00eda L\u00e1ctea impregnen de colores las fotos. Palabras como fotograf\u00eda nocturna paisaj\u00edstica, <em>lightpainting<\/em>, <em>timelapses<\/em>, astrofotograf\u00eda&#8230; comienzan a ser ya muy conocidas, aumentando el inter\u00e9s de muchos en adentrarse en estas t\u00e9cnicas. Este curso pretende ser una iniciaci\u00f3n a este tipo de fotograf\u00eda y sus t\u00e9cnicas, mediante una metodolog\u00eda sencilla, did\u00e1ctica y pr\u00e1ctica.<\/p>\n<p style=\"text-align: justify;\">Juan Carlos Casado es astrofot\u00f3grafo colaborador del Instituto de Astrof\u00edsica de Canarias (IAC) y del proyecto europeo Stars4all. Actualmente es coordinador del portal de Internet Starryearth, colaborador del proyecto de telescopio rob\u00f3tico TAD, y \u00fanico miembro espa\u00f1ol del programa internacional TWAN (The World At Night), reconocido por la UNESCO, que agrupa a los mejores astrofot\u00f3grafos del mundo.<\/p>\n<p style=\"text-align: justify;\">Casado colabora desde 2002 con el grupo <em>Shelios Expediciones Cient\u00edficas<\/em> y desde su creaci\u00f3n con el proyecto educativo <em>Ruta de las Estrellas<\/em>, que realizan viajes por todo el globo con motivo de grandes eventos celestes, como eclipses o auroras polares. Hasta el momento ha observado m\u00e1s de 40 eclipses de todo tipo.<\/p>\n<p style=\"text-align: justify;\">Sus im\u00e1genes han recorrido el mundo, contando con varios galardones APOD de la NASA, adem\u00e1s de divulgar en numerosos medios especializados. En mayo de 2011 public\u00f3 el libro \u2018Fotograf\u00eda Astron\u00f3mica y Atmosf\u00e9rica\u2019.<\/p>\n<p style=\"text-align: justify;\">Antonio Gonz\u00e1lez ser\u00e1 el profesor de apoyo en este taller de astrofotograf\u00eda. Natural de la isla de La Palma, comenz\u00f3 en la astronom\u00eda hace 30 a\u00f1os. Es miembro de la Agrupaci\u00f3n Astron\u00f3mica Isla de La Palma (presidente durante m\u00e1s de 10 a\u00f1os). Transform\u00f3 su afici\u00f3n en profesi\u00f3n creando la primera empresa especializada de la Isla. Es divulgador y monitor de astronom\u00eda, gu\u00eda Starlight y del observatorio del Roque de Los Muchachos.<\/p>\n<p style=\"text-align: justify;\">Gonz\u00e1lez dise\u00f1a y promueve productos tematizados en astroturismo: senderos y rutas, productos de merchandising, alojamientos, bodegas, comidas G-Astron\u00f3micas\u2026 Es conocedor de t\u00e9cnicas audiovisuales (fotograf\u00eda paisaj\u00edstica nocturna, 360\u00ba, timelapses y edici\u00f3n de v\u00eddeo) y responsable de varios proyectos del Cabildo Insular de La Palma.<\/p>\n<p style=\"text-align: justify;\">Desde 2007 Antonio Gonz\u00e1lez colabora con la Fundaci\u00f3n Starlight y actualmente es uno de sus profesores homologados. Ha sido docente en ediciones de cursos de verano de la Universidad Ambiental de La Palma y en congresos y jornadas de astroturismo,\u00a0clases\u00a0 de\u00a0 iniciaci\u00f3n en la\u00a0fotograf\u00eda paisaj\u00edstica nocturna. Colabora en medios de comunicaci\u00f3n y ha publicado en revistas especializadas. Sus im\u00e1genes y v\u00eddeos nocturnos tambi\u00e9n han sido publicados en distintos medios.<\/p>\n<p style=\"text-align: justify;\">En 2014 recibi\u00f3 el primer premio nacional de atrofotograf\u00eda, en categor\u00eda de\u00a0Paisaje Astron\u00f3mico en el concurso Turismo Estelar en Espa\u00f1a. Sus im\u00e1genes han obtenido menci\u00f3n en varias ediciones del Concurso Internacional de Astrofotograf\u00eda del Cabildo Insular de La Palma. Actualmente trabaja en Cielos-LaPalma.com.<\/p>\n","protected":false},"excerpt":{"rendered":"<p>Fotonature La Palma 2016, el encuentro especializado en fotograf\u00eda que organiza el Cabildo de La Palma a trav\u00e9s de la empresa p\u00fablica Sodepal, celebra este fin de semana en San Antonio del Monte, en Garaf\u00eda, su tercer taller profesional que est\u00e1 dedicado a la astrofotograf\u00eda&#8230;.<\/p>\n","protected":false},"author":1,"featured_media":22693,"comment_status":"open","ping_status":"open","sticky":false,"template":"","format":"standard","meta":{"footnotes":""},"categories":[135],"tags":[680,600,681],"yoast_head":"<!-- This site is optimized with the Yoast SEO plugin v24.5 - https:\/\/yoast.com\/wordpress\/plugins\/seo\/ -->\n<title>\u2018Fotonature La Palma\u2019 celebra este fin de semana su tercer taller profesional, dedicado a la astrofotograf\u00eda &#8902; Stars Island La Palma<\/title>\n<meta name=\"robots\" content=\"index, follow, max-snippet:-1, max-image-preview:large, max-video-preview:-1\" \/>\n<link rel=\"canonical\" href=\"https:\/\/www.starsislandlapalma.es\/de\/fotonature-la-palma-celebra-este-fin-de-semana-su-tercer-taller-profesional-dedicado-a-la-astrofotografia\/\" \/>\n<meta property=\"og:locale\" content=\"de_DE\" \/>\n<meta property=\"og:type\" content=\"article\" \/>\n<meta property=\"og:title\" content=\"\u2018Fotonature La Palma\u2019 celebra este fin de semana su tercer taller profesional, dedicado a la astrofotograf\u00eda &#8902; Stars Island La Palma\" \/>\n<meta property=\"og:description\" content=\"Fotonature La Palma 2016, el encuentro especializado en fotograf\u00eda que organiza el Cabildo de La Palma a trav\u00e9s de la empresa p\u00fablica Sodepal, celebra este fin de semana en San Antonio del Monte, en Garaf\u00eda, su tercer taller profesional que est\u00e1 dedicado a la astrofotograf\u00eda....\" \/>\n<meta property=\"og:url\" content=\"https:\/\/www.starsislandlapalma.es\/de\/fotonature-la-palma-celebra-este-fin-de-semana-su-tercer-taller-profesional-dedicado-a-la-astrofotografia\/\" \/>\n<meta property=\"og:site_name\" content=\"Stars Island La Palma\" \/>\n<meta property=\"article:publisher\" content=\"https:\/\/www.facebook.com\/pages\/Starsisland-La-Palma\/210888162375006?ref=hl\" \/>\n<meta property=\"article:published_time\" content=\"2016-09-22T11:39:33+00:00\" \/>\n<meta property=\"article:modified_time\" content=\"2021-05-25T14:14:09+00:00\" \/>\n<meta property=\"og:image\" content=\"https:\/\/www.starsislandlapalma.es\/wp-content\/uploads\/2016\/09\/fotonature.jpg\" \/>\n\t<meta property=\"og:image:width\" content=\"547\" \/>\n\t<meta property=\"og:image:height\" content=\"231\" \/>\n\t<meta property=\"og:image:type\" content=\"image\/jpeg\" \/>\n<meta name=\"author\" content=\"Stars Island La Palma\" \/>\n<meta name=\"twitter:label1\" content=\"Verfasst von\" \/>\n\t<meta name=\"twitter:data1\" content=\"Stars Island La Palma\" \/>\n\t<meta name=\"twitter:label2\" content=\"Gesch\u00e4tzte Lesezeit\" \/>\n\t<meta name=\"twitter:data2\" content=\"4\u00a0Minuten\" \/>\n<script type=\"application\/ld+json\" class=\"yoast-schema-graph\">{\"@context\":\"https:\/\/schema.org\",\"@graph\":[{\"@type\":\"Article\",\"@id\":\"https:\/\/www.starsislandlapalma.es\/de\/fotonature-la-palma-celebra-este-fin-de-semana-su-tercer-taller-profesional-dedicado-a-la-astrofotografia\/#article\",\"isPartOf\":{\"@id\":\"https:\/\/www.starsislandlapalma.es\/de\/fotonature-la-palma-celebra-este-fin-de-semana-su-tercer-taller-profesional-dedicado-a-la-astrofotografia\/\"},\"author\":{\"name\":\"Stars Island La Palma\",\"@id\":\"https:\/\/www.starsislandlapalma.es\/#\/schema\/person\/9043f5bd4f379ca7532bf525fa88073b\"},\"headline\":\"\u2018Fotonature La Palma\u2019 celebra este fin de semana su tercer taller profesional, dedicado a la astrofotograf\u00eda\",\"datePublished\":\"2016-09-22T11:39:33+00:00\",\"dateModified\":\"2021-05-25T14:14:09+00:00\",\"mainEntityOfPage\":{\"@id\":\"https:\/\/www.starsislandlapalma.es\/de\/fotonature-la-palma-celebra-este-fin-de-semana-su-tercer-taller-profesional-dedicado-a-la-astrofotografia\/\"},\"wordCount\":718,\"commentCount\":0,\"publisher\":{\"@id\":\"https:\/\/www.starsislandlapalma.es\/#organization\"},\"image\":{\"@id\":\"https:\/\/www.starsislandlapalma.es\/de\/fotonature-la-palma-celebra-este-fin-de-semana-su-tercer-taller-profesional-dedicado-a-la-astrofotografia\/#primaryimage\"},\"thumbnailUrl\":\"https:\/\/www.starsislandlapalma.es\/wp-content\/uploads\/2016\/09\/fotonature.jpg\",\"keywords\":[\"fotograf\u00eda y astonom\u00eda\",\"Fotonature\",\"Taller astrofotograf\u00eda\"],\"articleSection\":[\"Nachricht\"],\"inLanguage\":\"de\",\"potentialAction\":[{\"@type\":\"CommentAction\",\"name\":\"Comment\",\"target\":[\"https:\/\/www.starsislandlapalma.es\/de\/fotonature-la-palma-celebra-este-fin-de-semana-su-tercer-taller-profesional-dedicado-a-la-astrofotografia\/#respond\"]}]},{\"@type\":\"WebPage\",\"@id\":\"https:\/\/www.starsislandlapalma.es\/de\/fotonature-la-palma-celebra-este-fin-de-semana-su-tercer-taller-profesional-dedicado-a-la-astrofotografia\/\",\"url\":\"https:\/\/www.starsislandlapalma.es\/de\/fotonature-la-palma-celebra-este-fin-de-semana-su-tercer-taller-profesional-dedicado-a-la-astrofotografia\/\",\"name\":\"\u2018Fotonature La Palma\u2019 celebra este fin de semana su tercer taller profesional, dedicado a la astrofotograf\u00eda &#8902; Stars Island La Palma\",\"isPartOf\":{\"@id\":\"https:\/\/www.starsislandlapalma.es\/#website\"},\"primaryImageOfPage\":{\"@id\":\"https:\/\/www.starsislandlapalma.es\/de\/fotonature-la-palma-celebra-este-fin-de-semana-su-tercer-taller-profesional-dedicado-a-la-astrofotografia\/#primaryimage\"},\"image\":{\"@id\":\"https:\/\/www.starsislandlapalma.es\/de\/fotonature-la-palma-celebra-este-fin-de-semana-su-tercer-taller-profesional-dedicado-a-la-astrofotografia\/#primaryimage\"},\"thumbnailUrl\":\"https:\/\/www.starsislandlapalma.es\/wp-content\/uploads\/2016\/09\/fotonature.jpg\",\"datePublished\":\"2016-09-22T11:39:33+00:00\",\"dateModified\":\"2021-05-25T14:14:09+00:00\",\"breadcrumb\":{\"@id\":\"https:\/\/www.starsislandlapalma.es\/de\/fotonature-la-palma-celebra-este-fin-de-semana-su-tercer-taller-profesional-dedicado-a-la-astrofotografia\/#breadcrumb\"},\"inLanguage\":\"de\",\"potentialAction\":[{\"@type\":\"ReadAction\",\"target\":[\"https:\/\/www.starsislandlapalma.es\/de\/fotonature-la-palma-celebra-este-fin-de-semana-su-tercer-taller-profesional-dedicado-a-la-astrofotografia\/\"]}]},{\"@type\":\"ImageObject\",\"inLanguage\":\"de\",\"@id\":\"https:\/\/www.starsislandlapalma.es\/de\/fotonature-la-palma-celebra-este-fin-de-semana-su-tercer-taller-profesional-dedicado-a-la-astrofotografia\/#primaryimage\",\"url\":\"https:\/\/www.starsislandlapalma.es\/wp-content\/uploads\/2016\/09\/fotonature.jpg\",\"contentUrl\":\"https:\/\/www.starsislandlapalma.es\/wp-content\/uploads\/2016\/09\/fotonature.jpg\",\"width\":547,\"height\":231},{\"@type\":\"BreadcrumbList\",\"@id\":\"https:\/\/www.starsislandlapalma.es\/de\/fotonature-la-palma-celebra-este-fin-de-semana-su-tercer-taller-profesional-dedicado-a-la-astrofotografia\/#breadcrumb\",\"itemListElement\":[{\"@type\":\"ListItem\",\"position\":1,\"name\":\"Portada\",\"item\":\"https:\/\/www.starsislandlapalma.es\/de\/\"},{\"@type\":\"ListItem\",\"position\":2,\"name\":\"\u2018Fotonature La Palma\u2019 celebra este fin de semana su tercer taller profesional, dedicado a la astrofotograf\u00eda\"}]},{\"@type\":\"WebSite\",\"@id\":\"https:\/\/www.starsislandlapalma.es\/#website\",\"url\":\"https:\/\/www.starsislandlapalma.es\/\",\"name\":\"Stars Island La Palma\",\"description\":\"La Palma, el lugar perfecto para disfrutar del universo. Primera Reserva Starlight del mundo, en 2012 se reconoce como Destino Tur\u00edstico Starlight\",\"publisher\":{\"@id\":\"https:\/\/www.starsislandlapalma.es\/#organization\"},\"potentialAction\":[{\"@type\":\"SearchAction\",\"target\":{\"@type\":\"EntryPoint\",\"urlTemplate\":\"https:\/\/www.starsislandlapalma.es\/?s={search_term_string}\"},\"query-input\":{\"@type\":\"PropertyValueSpecification\",\"valueRequired\":true,\"valueName\":\"search_term_string\"}}],\"inLanguage\":\"de\"},{\"@type\":\"Organization\",\"@id\":\"https:\/\/www.starsislandlapalma.es\/#organization\",\"name\":\"Star Island La Palma\",\"url\":\"https:\/\/www.starsislandlapalma.es\/\",\"logo\":{\"@type\":\"ImageObject\",\"inLanguage\":\"de\",\"@id\":\"https:\/\/www.starsislandlapalma.es\/#\/schema\/logo\/image\/\",\"url\":\"https:\/\/www.starsislandlapalma.es\/wp-content\/uploads\/2022\/01\/logo_starisland.png\",\"contentUrl\":\"https:\/\/www.starsislandlapalma.es\/wp-content\/uploads\/2022\/01\/logo_starisland.png\",\"width\":172,\"height\":139,\"caption\":\"Star Island La Palma\"},\"image\":{\"@id\":\"https:\/\/www.starsislandlapalma.es\/#\/schema\/logo\/image\/\"},\"sameAs\":[\"https:\/\/www.facebook.com\/pages\/Starsisland-La-Palma\/210888162375006?ref=hl\",\"https:\/\/x.com\/starsislandlapa\",\"https:\/\/www.pinterest.com\/astroturismo\/\",\"https:\/\/www.youtube.com\/channel\/UCV7sju1ggcBpJG39HQCBtsA\"]},{\"@type\":\"Person\",\"@id\":\"https:\/\/www.starsislandlapalma.es\/#\/schema\/person\/9043f5bd4f379ca7532bf525fa88073b\",\"name\":\"Stars Island La Palma\",\"image\":{\"@type\":\"ImageObject\",\"inLanguage\":\"de\",\"@id\":\"https:\/\/www.starsislandlapalma.es\/#\/schema\/person\/image\/\",\"url\":\"https:\/\/secure.gravatar.com\/avatar\/214edfeae37af83662fa1058aeebfb41?s=96&d=mm&r=g\",\"contentUrl\":\"https:\/\/secure.gravatar.com\/avatar\/214edfeae37af83662fa1058aeebfb41?s=96&d=mm&r=g\",\"caption\":\"Stars Island La Palma\"},\"url\":\"https:\/\/www.starsislandlapalma.es\/de\/author\/star\/\"}]}<\/script>\n<!-- \/ Yoast SEO plugin. -->","yoast_head_json":{"title":"\u2018Fotonature La Palma\u2019 celebra este fin de semana su tercer taller profesional, dedicado a la astrofotograf\u00eda &#8902; Stars Island La Palma","robots":{"index":"index","follow":"follow","max-snippet":"max-snippet:-1","max-image-preview":"max-image-preview:large","max-video-preview":"max-video-preview:-1"},"canonical":"https:\/\/www.starsislandlapalma.es\/de\/fotonature-la-palma-celebra-este-fin-de-semana-su-tercer-taller-profesional-dedicado-a-la-astrofotografia\/","og_locale":"de_DE","og_type":"article","og_title":"\u2018Fotonature La Palma\u2019 celebra este fin de semana su tercer taller profesional, dedicado a la astrofotograf\u00eda &#8902; Stars Island La Palma","og_description":"Fotonature La Palma 2016, el encuentro especializado en fotograf\u00eda que organiza el Cabildo de La Palma a trav\u00e9s de la empresa p\u00fablica Sodepal, celebra este fin de semana en San Antonio del Monte, en Garaf\u00eda, su tercer taller profesional que est\u00e1 dedicado a la astrofotograf\u00eda....","og_url":"https:\/\/www.starsislandlapalma.es\/de\/fotonature-la-palma-celebra-este-fin-de-semana-su-tercer-taller-profesional-dedicado-a-la-astrofotografia\/","og_site_name":"Stars Island La Palma","article_publisher":"https:\/\/www.facebook.com\/pages\/Starsisland-La-Palma\/210888162375006?ref=hl","article_published_time":"2016-09-22T11:39:33+00:00","article_modified_time":"2021-05-25T14:14:09+00:00","og_image":[{"width":547,"height":231,"url":"https:\/\/www.starsislandlapalma.es\/wp-content\/uploads\/2016\/09\/fotonature.jpg","type":"image\/jpeg"}],"author":"Stars Island La Palma","twitter_misc":{"Verfasst von":"Stars Island La Palma","Gesch\u00e4tzte Lesezeit":"4\u00a0Minuten"},"schema":{"@context":"https:\/\/schema.org","@graph":[{"@type":"Article","@id":"https:\/\/www.starsislandlapalma.es\/de\/fotonature-la-palma-celebra-este-fin-de-semana-su-tercer-taller-profesional-dedicado-a-la-astrofotografia\/#article","isPartOf":{"@id":"https:\/\/www.starsislandlapalma.es\/de\/fotonature-la-palma-celebra-este-fin-de-semana-su-tercer-taller-profesional-dedicado-a-la-astrofotografia\/"},"author":{"name":"Stars Island La Palma","@id":"https:\/\/www.starsislandlapalma.es\/#\/schema\/person\/9043f5bd4f379ca7532bf525fa88073b"},"headline":"\u2018Fotonature La Palma\u2019 celebra este fin de semana su tercer taller profesional, dedicado a la astrofotograf\u00eda","datePublished":"2016-09-22T11:39:33+00:00","dateModified":"2021-05-25T14:14:09+00:00","mainEntityOfPage":{"@id":"https:\/\/www.starsislandlapalma.es\/de\/fotonature-la-palma-celebra-este-fin-de-semana-su-tercer-taller-profesional-dedicado-a-la-astrofotografia\/"},"wordCount":718,"commentCount":0,"publisher":{"@id":"https:\/\/www.starsislandlapalma.es\/#organization"},"image":{"@id":"https:\/\/www.starsislandlapalma.es\/de\/fotonature-la-palma-celebra-este-fin-de-semana-su-tercer-taller-profesional-dedicado-a-la-astrofotografia\/#primaryimage"},"thumbnailUrl":"https:\/\/www.starsislandlapalma.es\/wp-content\/uploads\/2016\/09\/fotonature.jpg","keywords":["fotograf\u00eda y astonom\u00eda","Fotonature","Taller astrofotograf\u00eda"],"articleSection":["Nachricht"],"inLanguage":"de","potentialAction":[{"@type":"CommentAction","name":"Comment","target":["https:\/\/www.starsislandlapalma.es\/de\/fotonature-la-palma-celebra-este-fin-de-semana-su-tercer-taller-profesional-dedicado-a-la-astrofotografia\/#respond"]}]},{"@type":"WebPage","@id":"https:\/\/www.starsislandlapalma.es\/de\/fotonature-la-palma-celebra-este-fin-de-semana-su-tercer-taller-profesional-dedicado-a-la-astrofotografia\/","url":"https:\/\/www.starsislandlapalma.es\/de\/fotonature-la-palma-celebra-este-fin-de-semana-su-tercer-taller-profesional-dedicado-a-la-astrofotografia\/","name":"\u2018Fotonature La Palma\u2019 celebra este fin de semana su tercer taller profesional, dedicado a la astrofotograf\u00eda &#8902; Stars Island La Palma","isPartOf":{"@id":"https:\/\/www.starsislandlapalma.es\/#website"},"primaryImageOfPage":{"@id":"https:\/\/www.starsislandlapalma.es\/de\/fotonature-la-palma-celebra-este-fin-de-semana-su-tercer-taller-profesional-dedicado-a-la-astrofotografia\/#primaryimage"},"image":{"@id":"https:\/\/www.starsislandlapalma.es\/de\/fotonature-la-palma-celebra-este-fin-de-semana-su-tercer-taller-profesional-dedicado-a-la-astrofotografia\/#primaryimage"},"thumbnailUrl":"https:\/\/www.starsislandlapalma.es\/wp-content\/uploads\/2016\/09\/fotonature.jpg","datePublished":"2016-09-22T11:39:33+00:00","dateModified":"2021-05-25T14:14:09+00:00","breadcrumb":{"@id":"https:\/\/www.starsislandlapalma.es\/de\/fotonature-la-palma-celebra-este-fin-de-semana-su-tercer-taller-profesional-dedicado-a-la-astrofotografia\/#breadcrumb"},"inLanguage":"de","potentialAction":[{"@type":"ReadAction","target":["https:\/\/www.starsislandlapalma.es\/de\/fotonature-la-palma-celebra-este-fin-de-semana-su-tercer-taller-profesional-dedicado-a-la-astrofotografia\/"]}]},{"@type":"ImageObject","inLanguage":"de","@id":"https:\/\/www.starsislandlapalma.es\/de\/fotonature-la-palma-celebra-este-fin-de-semana-su-tercer-taller-profesional-dedicado-a-la-astrofotografia\/#primaryimage","url":"https:\/\/www.starsislandlapalma.es\/wp-content\/uploads\/2016\/09\/fotonature.jpg","contentUrl":"https:\/\/www.starsislandlapalma.es\/wp-content\/uploads\/2016\/09\/fotonature.jpg","width":547,"height":231},{"@type":"BreadcrumbList","@id":"https:\/\/www.starsislandlapalma.es\/de\/fotonature-la-palma-celebra-este-fin-de-semana-su-tercer-taller-profesional-dedicado-a-la-astrofotografia\/#breadcrumb","itemListElement":[{"@type":"ListItem","position":1,"name":"Portada","item":"https:\/\/www.starsislandlapalma.es\/de\/"},{"@type":"ListItem","position":2,"name":"\u2018Fotonature La Palma\u2019 celebra este fin de semana su tercer taller profesional, dedicado a la astrofotograf\u00eda"}]},{"@type":"WebSite","@id":"https:\/\/www.starsislandlapalma.es\/#website","url":"https:\/\/www.starsislandlapalma.es\/","name":"Stars Island La Palma","description":"La Palma, el lugar perfecto para disfrutar del universo. Primera Reserva Starlight del mundo, en 2012 se reconoce como Destino Tur\u00edstico Starlight","publisher":{"@id":"https:\/\/www.starsislandlapalma.es\/#organization"},"potentialAction":[{"@type":"SearchAction","target":{"@type":"EntryPoint","urlTemplate":"https:\/\/www.starsislandlapalma.es\/?s={search_term_string}"},"query-input":{"@type":"PropertyValueSpecification","valueRequired":true,"valueName":"search_term_string"}}],"inLanguage":"de"},{"@type":"Organization","@id":"https:\/\/www.starsislandlapalma.es\/#organization","name":"Star Island La Palma","url":"https:\/\/www.starsislandlapalma.es\/","logo":{"@type":"ImageObject","inLanguage":"de","@id":"https:\/\/www.starsislandlapalma.es\/#\/schema\/logo\/image\/","url":"https:\/\/www.starsislandlapalma.es\/wp-content\/uploads\/2022\/01\/logo_starisland.png","contentUrl":"https:\/\/www.starsislandlapalma.es\/wp-content\/uploads\/2022\/01\/logo_starisland.png","width":172,"height":139,"caption":"Star Island La Palma"},"image":{"@id":"https:\/\/www.starsislandlapalma.es\/#\/schema\/logo\/image\/"},"sameAs":["https:\/\/www.facebook.com\/pages\/Starsisland-La-Palma\/210888162375006?ref=hl","https:\/\/x.com\/starsislandlapa","https:\/\/www.pinterest.com\/astroturismo\/","https:\/\/www.youtube.com\/channel\/UCV7sju1ggcBpJG39HQCBtsA"]},{"@type":"Person","@id":"https:\/\/www.starsislandlapalma.es\/#\/schema\/person\/9043f5bd4f379ca7532bf525fa88073b","name":"Stars Island La Palma","image":{"@type":"ImageObject","inLanguage":"de","@id":"https:\/\/www.starsislandlapalma.es\/#\/schema\/person\/image\/","url":"https:\/\/secure.gravatar.com\/avatar\/214edfeae37af83662fa1058aeebfb41?s=96&d=mm&r=g","contentUrl":"https:\/\/secure.gravatar.com\/avatar\/214edfeae37af83662fa1058aeebfb41?s=96&d=mm&r=g","caption":"Stars Island La Palma"},"url":"https:\/\/www.starsislandlapalma.es\/de\/author\/star\/"}]}},"_links":{"self":[{"href":"https:\/\/www.starsislandlapalma.es\/de\/wp-json\/wp\/v2\/posts\/22692\/"}],"collection":[{"href":"https:\/\/www.starsislandlapalma.es\/de\/wp-json\/wp\/v2\/posts\/"}],"about":[{"href":"https:\/\/www.starsislandlapalma.es\/de\/wp-json\/wp\/v2\/types\/post\/"}],"author":[{"embeddable":true,"href":"https:\/\/www.starsislandlapalma.es\/de\/wp-json\/wp\/v2\/users\/1\/"}],"replies":[{"embeddable":true,"href":"https:\/\/www.starsislandlapalma.es\/de\/wp-json\/wp\/v2\/comments\/?post=22692"}],"version-history":[{"count":0,"href":"https:\/\/www.starsislandlapalma.es\/de\/wp-json\/wp\/v2\/posts\/22692\/revisions\/"}],"wp:featuredmedia":[{"embeddable":true,"href":"https:\/\/www.starsislandlapalma.es\/de\/wp-json\/wp\/v2\/media\/22693\/"}],"wp:attachment":[{"href":"https:\/\/www.starsislandlapalma.es\/de\/wp-json\/wp\/v2\/media\/?parent=22692"}],"wp:term":[{"taxonomy":"category","embeddable":true,"href":"https:\/\/www.starsislandlapalma.es\/de\/wp-json\/wp\/v2\/categories\/?post=22692"},{"taxonomy":"post_tag","embeddable":true,"href":"https:\/\/www.starsislandlapalma.es\/de\/wp-json\/wp\/v2\/tags\/?post=22692"}],"curies":[{"name":"wp","href":"https:\/\/api.w.org\/{rel}","templated":true}]}}