{"id":22828,"date":"2016-01-21T12:36:52","date_gmt":"2016-01-21T12:36:52","guid":{"rendered":"https:\/\/www.starsislandlapalma.es\/la-palma-y-chile-comienzan-a-definir-sus-lineas-de-trabajo-conjunto-en-materia-de-astroturismo\/"},"modified":"2021-05-25T14:18:56","modified_gmt":"2021-05-25T14:18:56","slug":"la-palma-y-chile-comienzan-a-definir-sus-lineas-de-trabajo-conjunto-en-materia-de-astroturismo","status":"publish","type":"post","link":"https:\/\/www.starsislandlapalma.es\/de\/la-palma-y-chile-comienzan-a-definir-sus-lineas-de-trabajo-conjunto-en-materia-de-astroturismo\/","title":{"rendered":"La Palma y Chile comienzan a definir sus l\u00edneas de trabajo conjunto en materia de astroturismo"},"content":{"rendered":"<p style=\"text-align: center;\"><img decoding=\"async\" class=\"size-full wp-image-20411 aligncenter\" src=\"http:\/\/www.starsislandlapalma.es\/wp-content\/uploads\/2016\/01\/210116-Reunion-FITUR-Astroturismo-Coquimbo-Chile.gif\" alt=\"210116-Reunion-FITUR-Astroturismo-Coquimbo-Chile\" width=\"1024\" height=\"576\" \/><\/p>\n<p style=\"text-align: center;\"><em>La consejera de Turismo mantiene un encuentro en FITUR con el director regional de Turismo de Coquimbo<\/em><\/p>\n<p>&nbsp;<\/p>\n<p style=\"text-align: justify;\">La Isla de La Palma y Chile han comenzado a definir sus l\u00edneas de trabajo conjunto en materia de astroturismo despu\u00e9s de que hoy la consejera de Turismo, Alicia Vanoostende, mantuviera hoy una reuni\u00f3n con este fin con el director regional de Turismo de Coquimbo, Alberto Duarde Pardo, en el marco de la Feria Internacional de Turismo (FITUR).<\/p>\n<p style=\"text-align: justify;\">Alicia Vanoostende ha destacado que en este encuentro se han empezado a concretar las acciones a desarrollar, \u201cponiendo sobre la mesa propuestas que dan contenido al convenio suscrito el pasado mes de septiembre, en el que las instituciones p\u00fablicas de La Palma y la regi\u00f3n de Coquimbo nos compromet\u00edamos a impulsar la creaci\u00f3n de una red de destinos de astroturismo a nivel internacional\u201d.<\/p>\n<p style=\"text-align: justify;\">La consejera de Turismo del Cabildo de La Palma ha aludido al papel consolidado y principal que la Isla ha asumido en cuanto a astroturismo y que en 2015 le vali\u00f3 una distinci\u00f3n por parte del Ministerio de Turismo como destino emergente. \u201cSi acaso existe una caracter\u00edstica de nuestro territorio que nos hace \u00fanicos y destacadamente atractivos a nivel nacional e internacional, esa es sin duda la excelente calidad de nuestros cielos para la observaci\u00f3n astron\u00f3mica.\u00a0 Afortunadamente, en torno a esa cualidad y con el paso del tiempo, se ha desarrollado con \u00e9xito por parte de la administraci\u00f3n p\u00fablica y de los agentes tur\u00edsticos privados palmeros un impulso del astroturismo que hoy nos lleva a establecer conexiones con otras regiones y pa\u00edses del mundo\u201d.<\/p>\n<p style=\"text-align: justify;\">Alicia Vanoostende tambi\u00e9n ha destacado como el segmento del astroturismo tambi\u00e9n est\u00e1 presente en la promoci\u00f3n que durante estos d\u00edas se hace de La Palma en FITUR. \u201cSe trata, sin duda, de un baluarte para nuestra Isla y ese es el motivo por el que desde el Cabildo se impuls\u00f3 el a\u00f1o pasado un gran evento como fue Astrofest que, a trav\u00e9s de distintos foros, actividades y encuentros situ\u00f3 a\u00fan m\u00e1s si cabe a La Palma como epicentro de la actividad astrotur\u00edstica. Astrofest tendr\u00e1 continuidad y as\u00ed se lo hacemos saber a quienes se acercan a recabar informaci\u00f3n de nuestra Isla en las ferias promocionales tur\u00edsticas buscando la posibilidad de disfrutar de una experiencia diferente\u201d, ha explicado la consejera.<\/p>\n<p style=\"text-align: justify;\">La Palma combina su condici\u00f3n de reserva y destino Starlight, que le confieren un car\u00e1cter y atractivo \u00fanicos en el mundo. En cuanto a la apuesta p\u00fablica por el desarrollo del astroturismo, el Cabildo Insular de La Palma ha impulsado en este 2016 la puesta en marcha efectiva de la edificaci\u00f3n de un Centro de Visitantes en el Roque de Los Muchachos a la vez que mantiene entre sus proyectos la creaci\u00f3n de un observatorio amateur en Mendo. Asimismo La Palma dispone de una red de miradores astron\u00f3micos y senderos tematizados en torno a la observaci\u00f3n de las estrellas.<\/p>\n","protected":false},"excerpt":{"rendered":"<p>La consejera de Turismo mantiene un encuentro en FITUR con el director regional de Turismo de Coquimbo &nbsp; La Isla de La Palma y Chile han comenzado a definir sus l\u00edneas de trabajo conjunto en materia de astroturismo despu\u00e9s de que hoy la consejera de&#8230;<\/p>\n","protected":false},"author":1,"featured_media":22829,"comment_status":"open","ping_status":"open","sticky":false,"template":"","format":"standard","meta":{"footnotes":""},"categories":[135],"tags":[167,170,266,223,180],"yoast_head":"<!-- This site is optimized with the Yoast SEO plugin v24.5 - https:\/\/yoast.com\/wordpress\/plugins\/seo\/ -->\n<title>La Palma y Chile comienzan a definir sus l\u00edneas de trabajo conjunto en materia de astroturismo &#8902; Stars Island La Palma<\/title>\n<meta name=\"robots\" content=\"index, follow, max-snippet:-1, max-image-preview:large, max-video-preview:-1\" \/>\n<link rel=\"canonical\" href=\"https:\/\/www.starsislandlapalma.es\/de\/la-palma-y-chile-comienzan-a-definir-sus-lineas-de-trabajo-conjunto-en-materia-de-astroturismo\/\" \/>\n<meta property=\"og:locale\" content=\"de_DE\" \/>\n<meta property=\"og:type\" content=\"article\" \/>\n<meta property=\"og:title\" content=\"La Palma y Chile comienzan a definir sus l\u00edneas de trabajo conjunto en materia de astroturismo &#8902; Stars Island La Palma\" \/>\n<meta property=\"og:description\" content=\"La consejera de Turismo mantiene un encuentro en FITUR con el director regional de Turismo de Coquimbo &nbsp; La Isla de La Palma y Chile han comenzado a definir sus l\u00edneas de trabajo conjunto en materia de astroturismo despu\u00e9s de que hoy la consejera de...\" \/>\n<meta property=\"og:url\" content=\"https:\/\/www.starsislandlapalma.es\/de\/la-palma-y-chile-comienzan-a-definir-sus-lineas-de-trabajo-conjunto-en-materia-de-astroturismo\/\" \/>\n<meta property=\"og:site_name\" content=\"Stars Island La Palma\" \/>\n<meta property=\"article:publisher\" content=\"https:\/\/www.facebook.com\/pages\/Starsisland-La-Palma\/210888162375006?ref=hl\" \/>\n<meta property=\"article:published_time\" content=\"2016-01-21T12:36:52+00:00\" \/>\n<meta property=\"article:modified_time\" content=\"2021-05-25T14:18:56+00:00\" \/>\n<meta property=\"og:image\" content=\"https:\/\/www.starsislandlapalma.es\/wp-content\/uploads\/2016\/01\/210116-Reunion-FITUR-Astroturismo-Coquimbo-Chile.gif\" \/>\n\t<meta property=\"og:image:width\" content=\"1024\" \/>\n\t<meta property=\"og:image:height\" content=\"576\" \/>\n\t<meta property=\"og:image:type\" content=\"image\/gif\" \/>\n<meta name=\"author\" content=\"Stars Island La Palma\" \/>\n<meta name=\"twitter:label1\" content=\"Verfasst von\" \/>\n\t<meta name=\"twitter:data1\" content=\"Stars Island La Palma\" \/>\n\t<meta name=\"twitter:label2\" content=\"Gesch\u00e4tzte Lesezeit\" \/>\n\t<meta name=\"twitter:data2\" content=\"3\u00a0Minuten\" \/>\n<script type=\"application\/ld+json\" class=\"yoast-schema-graph\">{\"@context\":\"https:\/\/schema.org\",\"@graph\":[{\"@type\":\"Article\",\"@id\":\"https:\/\/www.starsislandlapalma.es\/de\/la-palma-y-chile-comienzan-a-definir-sus-lineas-de-trabajo-conjunto-en-materia-de-astroturismo\/#article\",\"isPartOf\":{\"@id\":\"https:\/\/www.starsislandlapalma.es\/de\/la-palma-y-chile-comienzan-a-definir-sus-lineas-de-trabajo-conjunto-en-materia-de-astroturismo\/\"},\"author\":{\"name\":\"Stars Island La Palma\",\"@id\":\"https:\/\/www.starsislandlapalma.es\/#\/schema\/person\/9043f5bd4f379ca7532bf525fa88073b\"},\"headline\":\"La Palma y Chile comienzan a definir sus l\u00edneas de trabajo conjunto en materia de astroturismo\",\"datePublished\":\"2016-01-21T12:36:52+00:00\",\"dateModified\":\"2021-05-25T14:18:56+00:00\",\"mainEntityOfPage\":{\"@id\":\"https:\/\/www.starsislandlapalma.es\/de\/la-palma-y-chile-comienzan-a-definir-sus-lineas-de-trabajo-conjunto-en-materia-de-astroturismo\/\"},\"wordCount\":529,\"commentCount\":0,\"publisher\":{\"@id\":\"https:\/\/www.starsislandlapalma.es\/#organization\"},\"image\":{\"@id\":\"https:\/\/www.starsislandlapalma.es\/de\/la-palma-y-chile-comienzan-a-definir-sus-lineas-de-trabajo-conjunto-en-materia-de-astroturismo\/#primaryimage\"},\"thumbnailUrl\":\"https:\/\/www.starsislandlapalma.es\/wp-content\/uploads\/2016\/01\/210116-Reunion-FITUR-Astroturismo-Coquimbo-Chile.gif\",\"keywords\":[\"la palma\",\"roque de los muchachos\",\"turismo\",\"turismo astron\u00f3mico\",\"turismo de estrellas\"],\"articleSection\":[\"Nachricht\"],\"inLanguage\":\"de\",\"potentialAction\":[{\"@type\":\"CommentAction\",\"name\":\"Comment\",\"target\":[\"https:\/\/www.starsislandlapalma.es\/de\/la-palma-y-chile-comienzan-a-definir-sus-lineas-de-trabajo-conjunto-en-materia-de-astroturismo\/#respond\"]}]},{\"@type\":\"WebPage\",\"@id\":\"https:\/\/www.starsislandlapalma.es\/de\/la-palma-y-chile-comienzan-a-definir-sus-lineas-de-trabajo-conjunto-en-materia-de-astroturismo\/\",\"url\":\"https:\/\/www.starsislandlapalma.es\/de\/la-palma-y-chile-comienzan-a-definir-sus-lineas-de-trabajo-conjunto-en-materia-de-astroturismo\/\",\"name\":\"La Palma y Chile comienzan a definir sus l\u00edneas de trabajo conjunto en materia de astroturismo &#8902; Stars Island La Palma\",\"isPartOf\":{\"@id\":\"https:\/\/www.starsislandlapalma.es\/#website\"},\"primaryImageOfPage\":{\"@id\":\"https:\/\/www.starsislandlapalma.es\/de\/la-palma-y-chile-comienzan-a-definir-sus-lineas-de-trabajo-conjunto-en-materia-de-astroturismo\/#primaryimage\"},\"image\":{\"@id\":\"https:\/\/www.starsislandlapalma.es\/de\/la-palma-y-chile-comienzan-a-definir-sus-lineas-de-trabajo-conjunto-en-materia-de-astroturismo\/#primaryimage\"},\"thumbnailUrl\":\"https:\/\/www.starsislandlapalma.es\/wp-content\/uploads\/2016\/01\/210116-Reunion-FITUR-Astroturismo-Coquimbo-Chile.gif\",\"datePublished\":\"2016-01-21T12:36:52+00:00\",\"dateModified\":\"2021-05-25T14:18:56+00:00\",\"breadcrumb\":{\"@id\":\"https:\/\/www.starsislandlapalma.es\/de\/la-palma-y-chile-comienzan-a-definir-sus-lineas-de-trabajo-conjunto-en-materia-de-astroturismo\/#breadcrumb\"},\"inLanguage\":\"de\",\"potentialAction\":[{\"@type\":\"ReadAction\",\"target\":[\"https:\/\/www.starsislandlapalma.es\/de\/la-palma-y-chile-comienzan-a-definir-sus-lineas-de-trabajo-conjunto-en-materia-de-astroturismo\/\"]}]},{\"@type\":\"ImageObject\",\"inLanguage\":\"de\",\"@id\":\"https:\/\/www.starsislandlapalma.es\/de\/la-palma-y-chile-comienzan-a-definir-sus-lineas-de-trabajo-conjunto-en-materia-de-astroturismo\/#primaryimage\",\"url\":\"https:\/\/www.starsislandlapalma.es\/wp-content\/uploads\/2016\/01\/210116-Reunion-FITUR-Astroturismo-Coquimbo-Chile.gif\",\"contentUrl\":\"https:\/\/www.starsislandlapalma.es\/wp-content\/uploads\/2016\/01\/210116-Reunion-FITUR-Astroturismo-Coquimbo-Chile.gif\",\"width\":1024,\"height\":576},{\"@type\":\"BreadcrumbList\",\"@id\":\"https:\/\/www.starsislandlapalma.es\/de\/la-palma-y-chile-comienzan-a-definir-sus-lineas-de-trabajo-conjunto-en-materia-de-astroturismo\/#breadcrumb\",\"itemListElement\":[{\"@type\":\"ListItem\",\"position\":1,\"name\":\"Portada\",\"item\":\"https:\/\/www.starsislandlapalma.es\/de\/\"},{\"@type\":\"ListItem\",\"position\":2,\"name\":\"La Palma y Chile comienzan a definir sus l\u00edneas de trabajo conjunto en materia de astroturismo\"}]},{\"@type\":\"WebSite\",\"@id\":\"https:\/\/www.starsislandlapalma.es\/#website\",\"url\":\"https:\/\/www.starsislandlapalma.es\/\",\"name\":\"Stars Island La Palma\",\"description\":\"La Palma, el lugar perfecto para disfrutar del universo. Primera Reserva Starlight del mundo, en 2012 se reconoce como Destino Tur\u00edstico Starlight\",\"publisher\":{\"@id\":\"https:\/\/www.starsislandlapalma.es\/#organization\"},\"potentialAction\":[{\"@type\":\"SearchAction\",\"target\":{\"@type\":\"EntryPoint\",\"urlTemplate\":\"https:\/\/www.starsislandlapalma.es\/?s={search_term_string}\"},\"query-input\":{\"@type\":\"PropertyValueSpecification\",\"valueRequired\":true,\"valueName\":\"search_term_string\"}}],\"inLanguage\":\"de\"},{\"@type\":\"Organization\",\"@id\":\"https:\/\/www.starsislandlapalma.es\/#organization\",\"name\":\"Star Island La Palma\",\"url\":\"https:\/\/www.starsislandlapalma.es\/\",\"logo\":{\"@type\":\"ImageObject\",\"inLanguage\":\"de\",\"@id\":\"https:\/\/www.starsislandlapalma.es\/#\/schema\/logo\/image\/\",\"url\":\"https:\/\/www.starsislandlapalma.es\/wp-content\/uploads\/2022\/01\/logo_starisland.png\",\"contentUrl\":\"https:\/\/www.starsislandlapalma.es\/wp-content\/uploads\/2022\/01\/logo_starisland.png\",\"width\":172,\"height\":139,\"caption\":\"Star Island La Palma\"},\"image\":{\"@id\":\"https:\/\/www.starsislandlapalma.es\/#\/schema\/logo\/image\/\"},\"sameAs\":[\"https:\/\/www.facebook.com\/pages\/Starsisland-La-Palma\/210888162375006?ref=hl\",\"https:\/\/x.com\/starsislandlapa\",\"https:\/\/www.pinterest.com\/astroturismo\/\",\"https:\/\/www.youtube.com\/channel\/UCV7sju1ggcBpJG39HQCBtsA\"]},{\"@type\":\"Person\",\"@id\":\"https:\/\/www.starsislandlapalma.es\/#\/schema\/person\/9043f5bd4f379ca7532bf525fa88073b\",\"name\":\"Stars Island La Palma\",\"image\":{\"@type\":\"ImageObject\",\"inLanguage\":\"de\",\"@id\":\"https:\/\/www.starsislandlapalma.es\/#\/schema\/person\/image\/\",\"url\":\"https:\/\/secure.gravatar.com\/avatar\/214edfeae37af83662fa1058aeebfb41?s=96&d=mm&r=g\",\"contentUrl\":\"https:\/\/secure.gravatar.com\/avatar\/214edfeae37af83662fa1058aeebfb41?s=96&d=mm&r=g\",\"caption\":\"Stars Island La Palma\"},\"url\":\"https:\/\/www.starsislandlapalma.es\/de\/author\/star\/\"}]}<\/script>\n<!-- \/ Yoast SEO plugin. -->","yoast_head_json":{"title":"La Palma y Chile comienzan a definir sus l\u00edneas de trabajo conjunto en materia de astroturismo &#8902; Stars Island La Palma","robots":{"index":"index","follow":"follow","max-snippet":"max-snippet:-1","max-image-preview":"max-image-preview:large","max-video-preview":"max-video-preview:-1"},"canonical":"https:\/\/www.starsislandlapalma.es\/de\/la-palma-y-chile-comienzan-a-definir-sus-lineas-de-trabajo-conjunto-en-materia-de-astroturismo\/","og_locale":"de_DE","og_type":"article","og_title":"La Palma y Chile comienzan a definir sus l\u00edneas de trabajo conjunto en materia de astroturismo &#8902; Stars Island La Palma","og_description":"La consejera de Turismo mantiene un encuentro en FITUR con el director regional de Turismo de Coquimbo &nbsp; La Isla de La Palma y Chile han comenzado a definir sus l\u00edneas de trabajo conjunto en materia de astroturismo despu\u00e9s de que hoy la consejera de...","og_url":"https:\/\/www.starsislandlapalma.es\/de\/la-palma-y-chile-comienzan-a-definir-sus-lineas-de-trabajo-conjunto-en-materia-de-astroturismo\/","og_site_name":"Stars Island La Palma","article_publisher":"https:\/\/www.facebook.com\/pages\/Starsisland-La-Palma\/210888162375006?ref=hl","article_published_time":"2016-01-21T12:36:52+00:00","article_modified_time":"2021-05-25T14:18:56+00:00","og_image":[{"width":1024,"height":576,"url":"https:\/\/www.starsislandlapalma.es\/wp-content\/uploads\/2016\/01\/210116-Reunion-FITUR-Astroturismo-Coquimbo-Chile.gif","type":"image\/gif"}],"author":"Stars Island La Palma","twitter_misc":{"Verfasst von":"Stars Island La Palma","Gesch\u00e4tzte Lesezeit":"3\u00a0Minuten"},"schema":{"@context":"https:\/\/schema.org","@graph":[{"@type":"Article","@id":"https:\/\/www.starsislandlapalma.es\/de\/la-palma-y-chile-comienzan-a-definir-sus-lineas-de-trabajo-conjunto-en-materia-de-astroturismo\/#article","isPartOf":{"@id":"https:\/\/www.starsislandlapalma.es\/de\/la-palma-y-chile-comienzan-a-definir-sus-lineas-de-trabajo-conjunto-en-materia-de-astroturismo\/"},"author":{"name":"Stars Island La Palma","@id":"https:\/\/www.starsislandlapalma.es\/#\/schema\/person\/9043f5bd4f379ca7532bf525fa88073b"},"headline":"La Palma y Chile comienzan a definir sus l\u00edneas de trabajo conjunto en materia de astroturismo","datePublished":"2016-01-21T12:36:52+00:00","dateModified":"2021-05-25T14:18:56+00:00","mainEntityOfPage":{"@id":"https:\/\/www.starsislandlapalma.es\/de\/la-palma-y-chile-comienzan-a-definir-sus-lineas-de-trabajo-conjunto-en-materia-de-astroturismo\/"},"wordCount":529,"commentCount":0,"publisher":{"@id":"https:\/\/www.starsislandlapalma.es\/#organization"},"image":{"@id":"https:\/\/www.starsislandlapalma.es\/de\/la-palma-y-chile-comienzan-a-definir-sus-lineas-de-trabajo-conjunto-en-materia-de-astroturismo\/#primaryimage"},"thumbnailUrl":"https:\/\/www.starsislandlapalma.es\/wp-content\/uploads\/2016\/01\/210116-Reunion-FITUR-Astroturismo-Coquimbo-Chile.gif","keywords":["la palma","roque de los muchachos","turismo","turismo astron\u00f3mico","turismo de estrellas"],"articleSection":["Nachricht"],"inLanguage":"de","potentialAction":[{"@type":"CommentAction","name":"Comment","target":["https:\/\/www.starsislandlapalma.es\/de\/la-palma-y-chile-comienzan-a-definir-sus-lineas-de-trabajo-conjunto-en-materia-de-astroturismo\/#respond"]}]},{"@type":"WebPage","@id":"https:\/\/www.starsislandlapalma.es\/de\/la-palma-y-chile-comienzan-a-definir-sus-lineas-de-trabajo-conjunto-en-materia-de-astroturismo\/","url":"https:\/\/www.starsislandlapalma.es\/de\/la-palma-y-chile-comienzan-a-definir-sus-lineas-de-trabajo-conjunto-en-materia-de-astroturismo\/","name":"La Palma y Chile comienzan a definir sus l\u00edneas de trabajo conjunto en materia de astroturismo &#8902; Stars Island La Palma","isPartOf":{"@id":"https:\/\/www.starsislandlapalma.es\/#website"},"primaryImageOfPage":{"@id":"https:\/\/www.starsislandlapalma.es\/de\/la-palma-y-chile-comienzan-a-definir-sus-lineas-de-trabajo-conjunto-en-materia-de-astroturismo\/#primaryimage"},"image":{"@id":"https:\/\/www.starsislandlapalma.es\/de\/la-palma-y-chile-comienzan-a-definir-sus-lineas-de-trabajo-conjunto-en-materia-de-astroturismo\/#primaryimage"},"thumbnailUrl":"https:\/\/www.starsislandlapalma.es\/wp-content\/uploads\/2016\/01\/210116-Reunion-FITUR-Astroturismo-Coquimbo-Chile.gif","datePublished":"2016-01-21T12:36:52+00:00","dateModified":"2021-05-25T14:18:56+00:00","breadcrumb":{"@id":"https:\/\/www.starsislandlapalma.es\/de\/la-palma-y-chile-comienzan-a-definir-sus-lineas-de-trabajo-conjunto-en-materia-de-astroturismo\/#breadcrumb"},"inLanguage":"de","potentialAction":[{"@type":"ReadAction","target":["https:\/\/www.starsislandlapalma.es\/de\/la-palma-y-chile-comienzan-a-definir-sus-lineas-de-trabajo-conjunto-en-materia-de-astroturismo\/"]}]},{"@type":"ImageObject","inLanguage":"de","@id":"https:\/\/www.starsislandlapalma.es\/de\/la-palma-y-chile-comienzan-a-definir-sus-lineas-de-trabajo-conjunto-en-materia-de-astroturismo\/#primaryimage","url":"https:\/\/www.starsislandlapalma.es\/wp-content\/uploads\/2016\/01\/210116-Reunion-FITUR-Astroturismo-Coquimbo-Chile.gif","contentUrl":"https:\/\/www.starsislandlapalma.es\/wp-content\/uploads\/2016\/01\/210116-Reunion-FITUR-Astroturismo-Coquimbo-Chile.gif","width":1024,"height":576},{"@type":"BreadcrumbList","@id":"https:\/\/www.starsislandlapalma.es\/de\/la-palma-y-chile-comienzan-a-definir-sus-lineas-de-trabajo-conjunto-en-materia-de-astroturismo\/#breadcrumb","itemListElement":[{"@type":"ListItem","position":1,"name":"Portada","item":"https:\/\/www.starsislandlapalma.es\/de\/"},{"@type":"ListItem","position":2,"name":"La Palma y Chile comienzan a definir sus l\u00edneas de trabajo conjunto en materia de astroturismo"}]},{"@type":"WebSite","@id":"https:\/\/www.starsislandlapalma.es\/#website","url":"https:\/\/www.starsislandlapalma.es\/","name":"Stars Island La Palma","description":"La Palma, el lugar perfecto para disfrutar del universo. Primera Reserva Starlight del mundo, en 2012 se reconoce como Destino Tur\u00edstico Starlight","publisher":{"@id":"https:\/\/www.starsislandlapalma.es\/#organization"},"potentialAction":[{"@type":"SearchAction","target":{"@type":"EntryPoint","urlTemplate":"https:\/\/www.starsislandlapalma.es\/?s={search_term_string}"},"query-input":{"@type":"PropertyValueSpecification","valueRequired":true,"valueName":"search_term_string"}}],"inLanguage":"de"},{"@type":"Organization","@id":"https:\/\/www.starsislandlapalma.es\/#organization","name":"Star Island La Palma","url":"https:\/\/www.starsislandlapalma.es\/","logo":{"@type":"ImageObject","inLanguage":"de","@id":"https:\/\/www.starsislandlapalma.es\/#\/schema\/logo\/image\/","url":"https:\/\/www.starsislandlapalma.es\/wp-content\/uploads\/2022\/01\/logo_starisland.png","contentUrl":"https:\/\/www.starsislandlapalma.es\/wp-content\/uploads\/2022\/01\/logo_starisland.png","width":172,"height":139,"caption":"Star Island La Palma"},"image":{"@id":"https:\/\/www.starsislandlapalma.es\/#\/schema\/logo\/image\/"},"sameAs":["https:\/\/www.facebook.com\/pages\/Starsisland-La-Palma\/210888162375006?ref=hl","https:\/\/x.com\/starsislandlapa","https:\/\/www.pinterest.com\/astroturismo\/","https:\/\/www.youtube.com\/channel\/UCV7sju1ggcBpJG39HQCBtsA"]},{"@type":"Person","@id":"https:\/\/www.starsislandlapalma.es\/#\/schema\/person\/9043f5bd4f379ca7532bf525fa88073b","name":"Stars Island La Palma","image":{"@type":"ImageObject","inLanguage":"de","@id":"https:\/\/www.starsislandlapalma.es\/#\/schema\/person\/image\/","url":"https:\/\/secure.gravatar.com\/avatar\/214edfeae37af83662fa1058aeebfb41?s=96&d=mm&r=g","contentUrl":"https:\/\/secure.gravatar.com\/avatar\/214edfeae37af83662fa1058aeebfb41?s=96&d=mm&r=g","caption":"Stars Island La Palma"},"url":"https:\/\/www.starsislandlapalma.es\/de\/author\/star\/"}]}},"_links":{"self":[{"href":"https:\/\/www.starsislandlapalma.es\/de\/wp-json\/wp\/v2\/posts\/22828\/"}],"collection":[{"href":"https:\/\/www.starsislandlapalma.es\/de\/wp-json\/wp\/v2\/posts\/"}],"about":[{"href":"https:\/\/www.starsislandlapalma.es\/de\/wp-json\/wp\/v2\/types\/post\/"}],"author":[{"embeddable":true,"href":"https:\/\/www.starsislandlapalma.es\/de\/wp-json\/wp\/v2\/users\/1\/"}],"replies":[{"embeddable":true,"href":"https:\/\/www.starsislandlapalma.es\/de\/wp-json\/wp\/v2\/comments\/?post=22828"}],"version-history":[{"count":0,"href":"https:\/\/www.starsislandlapalma.es\/de\/wp-json\/wp\/v2\/posts\/22828\/revisions\/"}],"wp:featuredmedia":[{"embeddable":true,"href":"https:\/\/www.starsislandlapalma.es\/de\/wp-json\/wp\/v2\/media\/22829\/"}],"wp:attachment":[{"href":"https:\/\/www.starsislandlapalma.es\/de\/wp-json\/wp\/v2\/media\/?parent=22828"}],"wp:term":[{"taxonomy":"category","embeddable":true,"href":"https:\/\/www.starsislandlapalma.es\/de\/wp-json\/wp\/v2\/categories\/?post=22828"},{"taxonomy":"post_tag","embeddable":true,"href":"https:\/\/www.starsislandlapalma.es\/de\/wp-json\/wp\/v2\/tags\/?post=22828"}],"curies":[{"name":"wp","href":"https:\/\/api.w.org\/{rel}","templated":true}]}}