{"id":22841,"date":"2015-09-08T08:00:19","date_gmt":"2015-09-08T08:00:19","guid":{"rendered":"https:\/\/www.starsislandlapalma.es\/la-palma-logra-una-amplia-repercusion-nacional-e-internacional-con-la-celebracion-de-la-primera-edicion-de-astrofest\/"},"modified":"2021-05-25T14:19:22","modified_gmt":"2021-05-25T14:19:22","slug":"la-palma-logra-una-amplia-repercusion-nacional-e-internacional-con-la-celebracion-de-la-primera-edicion-de-astrofest","status":"publish","type":"post","link":"https:\/\/www.starsislandlapalma.es\/de\/la-palma-logra-una-amplia-repercusion-nacional-e-internacional-con-la-celebracion-de-la-primera-edicion-de-astrofest\/","title":{"rendered":"La Palma logra una amplia repercusi\u00f3n nacional e internacional con la celebraci\u00f3n de la primera edici\u00f3n de &#8222;Astrofest&#8220;"},"content":{"rendered":"<p>La primera edici\u00f3n del festival <em>Astrofest<\/em>, que tendr\u00e1 lugar en La Palma entre el 25 de septiembre y el 8 de octubre y que ha sido promovido por el Cabildo Insular, est\u00e1 despertando grandes expectativas entre los profesionales de la astronom\u00eda, el astroturismo y la astrofotograf\u00eda.<\/p>\n<p>Fuente: <a href=\"http:\/\/astrofestlapalma.com\/es\/la-palma-logra-una-amplia-repercusion-nacional-e-internacional-con-la-celebracion-de-la-primera-edicion-de-astrofest\/\" target=\"_blank\" rel=\"noopener noreferrer\">Astrofest La Palma<\/a><\/p>\n","protected":false},"excerpt":{"rendered":"<p>La primera edici\u00f3n del festival Astrofest, que tendr\u00e1 lugar en La Palma entre el 25 de septiembre y el 8 de octubre y que ha sido promovido por el Cabildo Insular, est\u00e1 despertando grandes expectativas entre los profesionales de la astronom\u00eda, el astroturismo y la&#8230;<\/p>\n","protected":false},"author":1,"featured_media":22842,"comment_status":"open","ping_status":"open","sticky":false,"template":"","format":"standard","meta":{"footnotes":""},"categories":[135],"tags":[484,252,178,273,167,168,170],"yoast_head":"<!-- This site is optimized with the Yoast SEO plugin v24.5 - https:\/\/yoast.com\/wordpress\/plugins\/seo\/ -->\n<title>La Palma logra una amplia repercusi\u00f3n nacional e internacional con la celebraci\u00f3n de la primera edici\u00f3n de &quot;Astrofest&quot; &#8902; Stars Island La Palma<\/title>\n<meta name=\"robots\" content=\"index, follow, max-snippet:-1, max-image-preview:large, max-video-preview:-1\" \/>\n<link rel=\"canonical\" href=\"https:\/\/www.starsislandlapalma.es\/de\/la-palma-logra-una-amplia-repercusion-nacional-e-internacional-con-la-celebracion-de-la-primera-edicion-de-astrofest\/\" \/>\n<meta property=\"og:locale\" content=\"de_DE\" \/>\n<meta property=\"og:type\" content=\"article\" \/>\n<meta property=\"og:title\" content=\"La Palma logra una amplia repercusi\u00f3n nacional e internacional con la celebraci\u00f3n de la primera edici\u00f3n de &quot;Astrofest&quot; &#8902; Stars Island La Palma\" \/>\n<meta property=\"og:description\" content=\"La primera edici\u00f3n del festival Astrofest, que tendr\u00e1 lugar en La Palma entre el 25 de septiembre y el 8 de octubre y que ha sido promovido por el Cabildo Insular, est\u00e1 despertando grandes expectativas entre los profesionales de la astronom\u00eda, el astroturismo y la...\" \/>\n<meta property=\"og:url\" content=\"https:\/\/www.starsislandlapalma.es\/de\/la-palma-logra-una-amplia-repercusion-nacional-e-internacional-con-la-celebracion-de-la-primera-edicion-de-astrofest\/\" \/>\n<meta property=\"og:site_name\" content=\"Stars Island La Palma\" \/>\n<meta property=\"article:publisher\" content=\"https:\/\/www.facebook.com\/pages\/Starsisland-La-Palma\/210888162375006?ref=hl\" \/>\n<meta property=\"article:published_time\" content=\"2015-09-08T08:00:19+00:00\" \/>\n<meta property=\"article:modified_time\" content=\"2021-05-25T14:19:22+00:00\" \/>\n<meta property=\"og:image\" content=\"https:\/\/www.starsislandlapalma.es\/wp-content\/uploads\/2015\/09\/astrofest-lapalma-logoMovil.png\" \/>\n\t<meta property=\"og:image:width\" content=\"287\" \/>\n\t<meta property=\"og:image:height\" content=\"200\" \/>\n\t<meta property=\"og:image:type\" content=\"image\/png\" \/>\n<meta name=\"author\" content=\"Stars Island La Palma\" \/>\n<meta name=\"twitter:label1\" content=\"Verfasst von\" \/>\n\t<meta name=\"twitter:data1\" content=\"Stars Island La Palma\" \/>\n<script type=\"application\/ld+json\" class=\"yoast-schema-graph\">{\"@context\":\"https:\/\/schema.org\",\"@graph\":[{\"@type\":\"Article\",\"@id\":\"https:\/\/www.starsislandlapalma.es\/de\/la-palma-logra-una-amplia-repercusion-nacional-e-internacional-con-la-celebracion-de-la-primera-edicion-de-astrofest\/#article\",\"isPartOf\":{\"@id\":\"https:\/\/www.starsislandlapalma.es\/de\/la-palma-logra-una-amplia-repercusion-nacional-e-internacional-con-la-celebracion-de-la-primera-edicion-de-astrofest\/\"},\"author\":{\"name\":\"Stars Island La Palma\",\"@id\":\"https:\/\/www.starsislandlapalma.es\/#\/schema\/person\/9043f5bd4f379ca7532bf525fa88073b\"},\"headline\":\"La Palma logra una amplia repercusi\u00f3n nacional e internacional con la celebraci\u00f3n de la primera edici\u00f3n de &#8222;Astrofest&#8220;\",\"datePublished\":\"2015-09-08T08:00:19+00:00\",\"dateModified\":\"2021-05-25T14:19:22+00:00\",\"mainEntityOfPage\":{\"@id\":\"https:\/\/www.starsislandlapalma.es\/de\/la-palma-logra-una-amplia-repercusion-nacional-e-internacional-con-la-celebracion-de-la-primera-edicion-de-astrofest\/\"},\"wordCount\":72,\"commentCount\":0,\"publisher\":{\"@id\":\"https:\/\/www.starsislandlapalma.es\/#organization\"},\"image\":{\"@id\":\"https:\/\/www.starsislandlapalma.es\/de\/la-palma-logra-una-amplia-repercusion-nacional-e-internacional-con-la-celebracion-de-la-primera-edicion-de-astrofest\/#primaryimage\"},\"thumbnailUrl\":\"https:\/\/www.starsislandlapalma.es\/wp-content\/uploads\/2015\/09\/astrofest-lapalma-logoMovil.png\",\"keywords\":[\"astrofest\",\"astronom\u00eda\",\"astroturismo\",\"isla bonita\",\"la palma\",\"Observaci\u00f3n de estrellas\",\"roque de los muchachos\"],\"articleSection\":[\"Nachricht\"],\"inLanguage\":\"de\",\"potentialAction\":[{\"@type\":\"CommentAction\",\"name\":\"Comment\",\"target\":[\"https:\/\/www.starsislandlapalma.es\/de\/la-palma-logra-una-amplia-repercusion-nacional-e-internacional-con-la-celebracion-de-la-primera-edicion-de-astrofest\/#respond\"]}]},{\"@type\":\"WebPage\",\"@id\":\"https:\/\/www.starsislandlapalma.es\/de\/la-palma-logra-una-amplia-repercusion-nacional-e-internacional-con-la-celebracion-de-la-primera-edicion-de-astrofest\/\",\"url\":\"https:\/\/www.starsislandlapalma.es\/de\/la-palma-logra-una-amplia-repercusion-nacional-e-internacional-con-la-celebracion-de-la-primera-edicion-de-astrofest\/\",\"name\":\"La Palma logra una amplia repercusi\u00f3n nacional e internacional con la celebraci\u00f3n de la primera edici\u00f3n de \\\"Astrofest\\\" &#8902; Stars Island La Palma\",\"isPartOf\":{\"@id\":\"https:\/\/www.starsislandlapalma.es\/#website\"},\"primaryImageOfPage\":{\"@id\":\"https:\/\/www.starsislandlapalma.es\/de\/la-palma-logra-una-amplia-repercusion-nacional-e-internacional-con-la-celebracion-de-la-primera-edicion-de-astrofest\/#primaryimage\"},\"image\":{\"@id\":\"https:\/\/www.starsislandlapalma.es\/de\/la-palma-logra-una-amplia-repercusion-nacional-e-internacional-con-la-celebracion-de-la-primera-edicion-de-astrofest\/#primaryimage\"},\"thumbnailUrl\":\"https:\/\/www.starsislandlapalma.es\/wp-content\/uploads\/2015\/09\/astrofest-lapalma-logoMovil.png\",\"datePublished\":\"2015-09-08T08:00:19+00:00\",\"dateModified\":\"2021-05-25T14:19:22+00:00\",\"breadcrumb\":{\"@id\":\"https:\/\/www.starsislandlapalma.es\/de\/la-palma-logra-una-amplia-repercusion-nacional-e-internacional-con-la-celebracion-de-la-primera-edicion-de-astrofest\/#breadcrumb\"},\"inLanguage\":\"de\",\"potentialAction\":[{\"@type\":\"ReadAction\",\"target\":[\"https:\/\/www.starsislandlapalma.es\/de\/la-palma-logra-una-amplia-repercusion-nacional-e-internacional-con-la-celebracion-de-la-primera-edicion-de-astrofest\/\"]}]},{\"@type\":\"ImageObject\",\"inLanguage\":\"de\",\"@id\":\"https:\/\/www.starsislandlapalma.es\/de\/la-palma-logra-una-amplia-repercusion-nacional-e-internacional-con-la-celebracion-de-la-primera-edicion-de-astrofest\/#primaryimage\",\"url\":\"https:\/\/www.starsislandlapalma.es\/wp-content\/uploads\/2015\/09\/astrofest-lapalma-logoMovil.png\",\"contentUrl\":\"https:\/\/www.starsislandlapalma.es\/wp-content\/uploads\/2015\/09\/astrofest-lapalma-logoMovil.png\",\"width\":287,\"height\":200},{\"@type\":\"BreadcrumbList\",\"@id\":\"https:\/\/www.starsislandlapalma.es\/de\/la-palma-logra-una-amplia-repercusion-nacional-e-internacional-con-la-celebracion-de-la-primera-edicion-de-astrofest\/#breadcrumb\",\"itemListElement\":[{\"@type\":\"ListItem\",\"position\":1,\"name\":\"Portada\",\"item\":\"https:\/\/www.starsislandlapalma.es\/de\/\"},{\"@type\":\"ListItem\",\"position\":2,\"name\":\"La Palma logra una amplia repercusi\u00f3n nacional e internacional con la celebraci\u00f3n de la primera edici\u00f3n de \u00abAstrofest\u00bb\"}]},{\"@type\":\"WebSite\",\"@id\":\"https:\/\/www.starsislandlapalma.es\/#website\",\"url\":\"https:\/\/www.starsislandlapalma.es\/\",\"name\":\"Stars Island La Palma\",\"description\":\"La Palma, el lugar perfecto para disfrutar del universo. Primera Reserva Starlight del mundo, en 2012 se reconoce como Destino Tur\u00edstico Starlight\",\"publisher\":{\"@id\":\"https:\/\/www.starsislandlapalma.es\/#organization\"},\"potentialAction\":[{\"@type\":\"SearchAction\",\"target\":{\"@type\":\"EntryPoint\",\"urlTemplate\":\"https:\/\/www.starsislandlapalma.es\/?s={search_term_string}\"},\"query-input\":{\"@type\":\"PropertyValueSpecification\",\"valueRequired\":true,\"valueName\":\"search_term_string\"}}],\"inLanguage\":\"de\"},{\"@type\":\"Organization\",\"@id\":\"https:\/\/www.starsislandlapalma.es\/#organization\",\"name\":\"Star Island La Palma\",\"url\":\"https:\/\/www.starsislandlapalma.es\/\",\"logo\":{\"@type\":\"ImageObject\",\"inLanguage\":\"de\",\"@id\":\"https:\/\/www.starsislandlapalma.es\/#\/schema\/logo\/image\/\",\"url\":\"https:\/\/www.starsislandlapalma.es\/wp-content\/uploads\/2022\/01\/logo_starisland.png\",\"contentUrl\":\"https:\/\/www.starsislandlapalma.es\/wp-content\/uploads\/2022\/01\/logo_starisland.png\",\"width\":172,\"height\":139,\"caption\":\"Star Island La Palma\"},\"image\":{\"@id\":\"https:\/\/www.starsislandlapalma.es\/#\/schema\/logo\/image\/\"},\"sameAs\":[\"https:\/\/www.facebook.com\/pages\/Starsisland-La-Palma\/210888162375006?ref=hl\",\"https:\/\/x.com\/starsislandlapa\",\"https:\/\/www.pinterest.com\/astroturismo\/\",\"https:\/\/www.youtube.com\/channel\/UCV7sju1ggcBpJG39HQCBtsA\"]},{\"@type\":\"Person\",\"@id\":\"https:\/\/www.starsislandlapalma.es\/#\/schema\/person\/9043f5bd4f379ca7532bf525fa88073b\",\"name\":\"Stars Island La Palma\",\"image\":{\"@type\":\"ImageObject\",\"inLanguage\":\"de\",\"@id\":\"https:\/\/www.starsislandlapalma.es\/#\/schema\/person\/image\/\",\"url\":\"https:\/\/secure.gravatar.com\/avatar\/214edfeae37af83662fa1058aeebfb41?s=96&d=mm&r=g\",\"contentUrl\":\"https:\/\/secure.gravatar.com\/avatar\/214edfeae37af83662fa1058aeebfb41?s=96&d=mm&r=g\",\"caption\":\"Stars Island La Palma\"},\"url\":\"https:\/\/www.starsislandlapalma.es\/de\/author\/star\/\"}]}<\/script>\n<!-- \/ Yoast SEO plugin. -->","yoast_head_json":{"title":"La Palma logra una amplia repercusi\u00f3n nacional e internacional con la celebraci\u00f3n de la primera edici\u00f3n de \"Astrofest\" &#8902; Stars Island La Palma","robots":{"index":"index","follow":"follow","max-snippet":"max-snippet:-1","max-image-preview":"max-image-preview:large","max-video-preview":"max-video-preview:-1"},"canonical":"https:\/\/www.starsislandlapalma.es\/de\/la-palma-logra-una-amplia-repercusion-nacional-e-internacional-con-la-celebracion-de-la-primera-edicion-de-astrofest\/","og_locale":"de_DE","og_type":"article","og_title":"La Palma logra una amplia repercusi\u00f3n nacional e internacional con la celebraci\u00f3n de la primera edici\u00f3n de \"Astrofest\" &#8902; Stars Island La Palma","og_description":"La primera edici\u00f3n del festival Astrofest, que tendr\u00e1 lugar en La Palma entre el 25 de septiembre y el 8 de octubre y que ha sido promovido por el Cabildo Insular, est\u00e1 despertando grandes expectativas entre los profesionales de la astronom\u00eda, el astroturismo y la...","og_url":"https:\/\/www.starsislandlapalma.es\/de\/la-palma-logra-una-amplia-repercusion-nacional-e-internacional-con-la-celebracion-de-la-primera-edicion-de-astrofest\/","og_site_name":"Stars Island La Palma","article_publisher":"https:\/\/www.facebook.com\/pages\/Starsisland-La-Palma\/210888162375006?ref=hl","article_published_time":"2015-09-08T08:00:19+00:00","article_modified_time":"2021-05-25T14:19:22+00:00","og_image":[{"width":287,"height":200,"url":"https:\/\/www.starsislandlapalma.es\/wp-content\/uploads\/2015\/09\/astrofest-lapalma-logoMovil.png","type":"image\/png"}],"author":"Stars Island La Palma","twitter_misc":{"Verfasst von":"Stars Island La Palma"},"schema":{"@context":"https:\/\/schema.org","@graph":[{"@type":"Article","@id":"https:\/\/www.starsislandlapalma.es\/de\/la-palma-logra-una-amplia-repercusion-nacional-e-internacional-con-la-celebracion-de-la-primera-edicion-de-astrofest\/#article","isPartOf":{"@id":"https:\/\/www.starsislandlapalma.es\/de\/la-palma-logra-una-amplia-repercusion-nacional-e-internacional-con-la-celebracion-de-la-primera-edicion-de-astrofest\/"},"author":{"name":"Stars Island La Palma","@id":"https:\/\/www.starsislandlapalma.es\/#\/schema\/person\/9043f5bd4f379ca7532bf525fa88073b"},"headline":"La Palma logra una amplia repercusi\u00f3n nacional e internacional con la celebraci\u00f3n de la primera edici\u00f3n de &#8222;Astrofest&#8220;","datePublished":"2015-09-08T08:00:19+00:00","dateModified":"2021-05-25T14:19:22+00:00","mainEntityOfPage":{"@id":"https:\/\/www.starsislandlapalma.es\/de\/la-palma-logra-una-amplia-repercusion-nacional-e-internacional-con-la-celebracion-de-la-primera-edicion-de-astrofest\/"},"wordCount":72,"commentCount":0,"publisher":{"@id":"https:\/\/www.starsislandlapalma.es\/#organization"},"image":{"@id":"https:\/\/www.starsislandlapalma.es\/de\/la-palma-logra-una-amplia-repercusion-nacional-e-internacional-con-la-celebracion-de-la-primera-edicion-de-astrofest\/#primaryimage"},"thumbnailUrl":"https:\/\/www.starsislandlapalma.es\/wp-content\/uploads\/2015\/09\/astrofest-lapalma-logoMovil.png","keywords":["astrofest","astronom\u00eda","astroturismo","isla bonita","la palma","Observaci\u00f3n de estrellas","roque de los muchachos"],"articleSection":["Nachricht"],"inLanguage":"de","potentialAction":[{"@type":"CommentAction","name":"Comment","target":["https:\/\/www.starsislandlapalma.es\/de\/la-palma-logra-una-amplia-repercusion-nacional-e-internacional-con-la-celebracion-de-la-primera-edicion-de-astrofest\/#respond"]}]},{"@type":"WebPage","@id":"https:\/\/www.starsislandlapalma.es\/de\/la-palma-logra-una-amplia-repercusion-nacional-e-internacional-con-la-celebracion-de-la-primera-edicion-de-astrofest\/","url":"https:\/\/www.starsislandlapalma.es\/de\/la-palma-logra-una-amplia-repercusion-nacional-e-internacional-con-la-celebracion-de-la-primera-edicion-de-astrofest\/","name":"La Palma logra una amplia repercusi\u00f3n nacional e internacional con la celebraci\u00f3n de la primera edici\u00f3n de \"Astrofest\" &#8902; Stars Island La Palma","isPartOf":{"@id":"https:\/\/www.starsislandlapalma.es\/#website"},"primaryImageOfPage":{"@id":"https:\/\/www.starsislandlapalma.es\/de\/la-palma-logra-una-amplia-repercusion-nacional-e-internacional-con-la-celebracion-de-la-primera-edicion-de-astrofest\/#primaryimage"},"image":{"@id":"https:\/\/www.starsislandlapalma.es\/de\/la-palma-logra-una-amplia-repercusion-nacional-e-internacional-con-la-celebracion-de-la-primera-edicion-de-astrofest\/#primaryimage"},"thumbnailUrl":"https:\/\/www.starsislandlapalma.es\/wp-content\/uploads\/2015\/09\/astrofest-lapalma-logoMovil.png","datePublished":"2015-09-08T08:00:19+00:00","dateModified":"2021-05-25T14:19:22+00:00","breadcrumb":{"@id":"https:\/\/www.starsislandlapalma.es\/de\/la-palma-logra-una-amplia-repercusion-nacional-e-internacional-con-la-celebracion-de-la-primera-edicion-de-astrofest\/#breadcrumb"},"inLanguage":"de","potentialAction":[{"@type":"ReadAction","target":["https:\/\/www.starsislandlapalma.es\/de\/la-palma-logra-una-amplia-repercusion-nacional-e-internacional-con-la-celebracion-de-la-primera-edicion-de-astrofest\/"]}]},{"@type":"ImageObject","inLanguage":"de","@id":"https:\/\/www.starsislandlapalma.es\/de\/la-palma-logra-una-amplia-repercusion-nacional-e-internacional-con-la-celebracion-de-la-primera-edicion-de-astrofest\/#primaryimage","url":"https:\/\/www.starsislandlapalma.es\/wp-content\/uploads\/2015\/09\/astrofest-lapalma-logoMovil.png","contentUrl":"https:\/\/www.starsislandlapalma.es\/wp-content\/uploads\/2015\/09\/astrofest-lapalma-logoMovil.png","width":287,"height":200},{"@type":"BreadcrumbList","@id":"https:\/\/www.starsislandlapalma.es\/de\/la-palma-logra-una-amplia-repercusion-nacional-e-internacional-con-la-celebracion-de-la-primera-edicion-de-astrofest\/#breadcrumb","itemListElement":[{"@type":"ListItem","position":1,"name":"Portada","item":"https:\/\/www.starsislandlapalma.es\/de\/"},{"@type":"ListItem","position":2,"name":"La Palma logra una amplia repercusi\u00f3n nacional e internacional con la celebraci\u00f3n de la primera edici\u00f3n de \u00abAstrofest\u00bb"}]},{"@type":"WebSite","@id":"https:\/\/www.starsislandlapalma.es\/#website","url":"https:\/\/www.starsislandlapalma.es\/","name":"Stars Island La Palma","description":"La Palma, el lugar perfecto para disfrutar del universo. Primera Reserva Starlight del mundo, en 2012 se reconoce como Destino Tur\u00edstico Starlight","publisher":{"@id":"https:\/\/www.starsislandlapalma.es\/#organization"},"potentialAction":[{"@type":"SearchAction","target":{"@type":"EntryPoint","urlTemplate":"https:\/\/www.starsislandlapalma.es\/?s={search_term_string}"},"query-input":{"@type":"PropertyValueSpecification","valueRequired":true,"valueName":"search_term_string"}}],"inLanguage":"de"},{"@type":"Organization","@id":"https:\/\/www.starsislandlapalma.es\/#organization","name":"Star Island La Palma","url":"https:\/\/www.starsislandlapalma.es\/","logo":{"@type":"ImageObject","inLanguage":"de","@id":"https:\/\/www.starsislandlapalma.es\/#\/schema\/logo\/image\/","url":"https:\/\/www.starsislandlapalma.es\/wp-content\/uploads\/2022\/01\/logo_starisland.png","contentUrl":"https:\/\/www.starsislandlapalma.es\/wp-content\/uploads\/2022\/01\/logo_starisland.png","width":172,"height":139,"caption":"Star Island La Palma"},"image":{"@id":"https:\/\/www.starsislandlapalma.es\/#\/schema\/logo\/image\/"},"sameAs":["https:\/\/www.facebook.com\/pages\/Starsisland-La-Palma\/210888162375006?ref=hl","https:\/\/x.com\/starsislandlapa","https:\/\/www.pinterest.com\/astroturismo\/","https:\/\/www.youtube.com\/channel\/UCV7sju1ggcBpJG39HQCBtsA"]},{"@type":"Person","@id":"https:\/\/www.starsislandlapalma.es\/#\/schema\/person\/9043f5bd4f379ca7532bf525fa88073b","name":"Stars Island La Palma","image":{"@type":"ImageObject","inLanguage":"de","@id":"https:\/\/www.starsislandlapalma.es\/#\/schema\/person\/image\/","url":"https:\/\/secure.gravatar.com\/avatar\/214edfeae37af83662fa1058aeebfb41?s=96&d=mm&r=g","contentUrl":"https:\/\/secure.gravatar.com\/avatar\/214edfeae37af83662fa1058aeebfb41?s=96&d=mm&r=g","caption":"Stars Island La Palma"},"url":"https:\/\/www.starsislandlapalma.es\/de\/author\/star\/"}]}},"_links":{"self":[{"href":"https:\/\/www.starsislandlapalma.es\/de\/wp-json\/wp\/v2\/posts\/22841\/"}],"collection":[{"href":"https:\/\/www.starsislandlapalma.es\/de\/wp-json\/wp\/v2\/posts\/"}],"about":[{"href":"https:\/\/www.starsislandlapalma.es\/de\/wp-json\/wp\/v2\/types\/post\/"}],"author":[{"embeddable":true,"href":"https:\/\/www.starsislandlapalma.es\/de\/wp-json\/wp\/v2\/users\/1\/"}],"replies":[{"embeddable":true,"href":"https:\/\/www.starsislandlapalma.es\/de\/wp-json\/wp\/v2\/comments\/?post=22841"}],"version-history":[{"count":0,"href":"https:\/\/www.starsislandlapalma.es\/de\/wp-json\/wp\/v2\/posts\/22841\/revisions\/"}],"wp:featuredmedia":[{"embeddable":true,"href":"https:\/\/www.starsislandlapalma.es\/de\/wp-json\/wp\/v2\/media\/22842\/"}],"wp:attachment":[{"href":"https:\/\/www.starsislandlapalma.es\/de\/wp-json\/wp\/v2\/media\/?parent=22841"}],"wp:term":[{"taxonomy":"category","embeddable":true,"href":"https:\/\/www.starsislandlapalma.es\/de\/wp-json\/wp\/v2\/categories\/?post=22841"},{"taxonomy":"post_tag","embeddable":true,"href":"https:\/\/www.starsislandlapalma.es\/de\/wp-json\/wp\/v2\/tags\/?post=22841"}],"curies":[{"name":"wp","href":"https:\/\/api.w.org\/{rel}","templated":true}]}}