{"id":22882,"date":"2021-05-26T07:43:46","date_gmt":"2021-05-26T07:43:46","guid":{"rendered":"https:\/\/www.starsislandlapalma.es\/una-imagen-de-la-palma-entre-las-mejores-de-la-via-lactea\/"},"modified":"2021-05-26T07:50:44","modified_gmt":"2021-05-26T07:50:44","slug":"una-imagen-de-la-palma-entre-las-mejores-de-la-via-lactea","status":"publish","type":"post","link":"https:\/\/www.starsislandlapalma.es\/de\/una-imagen-de-la-palma-entre-las-mejores-de-la-via-lactea\/","title":{"rendered":"Una imagen de La Palma entre las mejores de la V\u00eda L\u00e1ctea"},"content":{"rendered":"<p style=\"text-align: justify;\">El cielo oscuro de La Palma sigue &#8222;deslumbrando&#8220; al mundo y prueba de ello es que una fotograf\u00eda del GranTecan realizada por Antonio Solano ha sido premiada en el concurso &#8222;<span style=\"text-decoration: underline;\"><a href=\"https:\/\/capturetheatlas.com\/es\/milky-way-photographer-of-the-year\/\" target=\"_blank\" rel=\"noopener noreferrer\">Milky Way photographer of the Year<\/span><\/a>&#8220; del blog de fotograf\u00eda y viajes <span style=\"text-decoration: underline;\"><a href=\"https:\/\/capturetheatlas.com\/es\/\" target=\"_blank\" rel=\"noopener noreferrer\"><strong>Capture the Atlas<\/strong><\/span><\/a>\u00a0donde se recopilan las mejores im\u00e1genes de nuestra galaxia.<\/p>\n<p style=\"text-align: justify;\"><span style=\"text-decoration: underline;\"><a href=\"https:\/\/capturetheatlas.com\/es\/\" target=\"_blank\" rel=\"noopener noreferrer\"><strong>Capture the Atlas<\/strong><\/span><\/a> ha publicado la \u00faltima edici\u00f3n de su colecci\u00f3n anual del <span style=\"text-decoration: underline;\"><a href=\"https:\/\/capturetheatlas.com\/es\/milky-way-photographer-of-the-year\/\" target=\"_blank\" rel=\"noopener noreferrer\"><strong>&#8222;Milky Way Photographer of the Year&#8220;<\/strong><\/span><\/a> con las 25 mejores im\u00e1genes de la V\u00eda L\u00e1ctea. Esta compilaci\u00f3n siempre se publica a finales de mayo\/principios de junio coincidiendo con el pico de la temporada de la V\u00eda L\u00e1ctea, y tiene como objetivo inspirar y compartir la belleza de nuestra galaxia.<\/p>\n<p style=\"text-align: justify;\">La lista de este a\u00f1o incluye im\u00e1genes tomadas en todo el mundo en pa\u00edses como Espa\u00f1a, Estados Unidos, Chile, Australia, Nueva Zelanda, Brasil, Ir\u00e1n, Turqu\u00eda, Italia, Eslovenia, Suiza, y Grecia, por 25 fot\u00f3grafos de 14 nacionalidades.<\/p>\n<p style=\"text-align: justify;\">La calidad de la imagen, la historia detr\u00e1s de la toma y, en general, la capacidad de inspirar de las fotograf\u00edas son los principales factores para seleccionar las im\u00e1genes cada a\u00f1o. El art\u00edculo no solo ayuda a otros fot\u00f3grafos que quieren <span style=\"text-decoration: underline;\"><a href=\"https:\/\/capturetheatlas.com\/es\/como-fotografiar-la-via-lactea\/\" target=\"_blank\" rel=\"noopener noreferrer\"><strong>fotografiar la V\u00eda L\u00e1ctea<\/strong><\/span><\/a>, sino que tambi\u00e9n acerca nuestro universo al p\u00fablico general para aprender y descubrir m\u00e1s sobre la galaxia en la que nos encontramos.<\/p>\n<p style=\"text-align: justify;\">La temporada de V\u00eda L\u00e1ctea abarca de febrero a octubre en el hemisferio norte y de enero a noviembre en el hemisferio sur, siendo el mejor momento para verla y fotografiarla en mayo y junio coincidiendo con el m\u00e1ximo n\u00famero de horas de visibilidad en ambos hemisferios.<\/p>\n<p style=\"text-align: justify;\">Adem\u00e1s de ser necesarias unas fechas muy concretas, el otro requisito para ver la V\u00eda L\u00e1ctea son cielos oscuros lejos de la contaminaci\u00f3n lum\u00ednica. Por ello, siempre se recomienda salir lo m\u00e1s lejos posible de ciudades y otros centros de contaminaci\u00f3n y visitar \u00e1reas con una mayor elevaci\u00f3n.<\/p>\n<p style=\"text-align: justify;\">Dan Zafra, editor de Capture the Atlas, cura estas fotos durante todo el a\u00f1o buscando no solo im\u00e1genes tomadas por algunos de los fot\u00f3grafos m\u00e1s reconocidos del mundo, sino que tambi\u00e9n busca nuevos talentos y lugares donde la V\u00eda L\u00e1ctea no se haya fotografiado antes, como la imagen de las cataratas de Iguaz\u00fa en la edici\u00f3n de este a\u00f1o.<\/p>\n<p style=\"text-align: justify;\">Capture the Atlas es un blog de viajes y fotograf\u00eda que publica recursos para organizar viajes y aprender fotograf\u00eda. En concreto, se centra en fotograf\u00eda de paisaje y astrofotograf\u00eda y sus art\u00edculos cubren principalmente gu\u00edas de fotograf\u00eda, tutoriales, e inspiraci\u00f3n.<\/p>\n<p style=\"text-align: justify;\">M\u00e1s informaci\u00f3n y lista completa de im\u00e1genes en\u00a0<span style=\"text-decoration: underline;\"><a href=\"https:\/\/capturetheatlas.com\/\" target=\"_blank\" rel=\"noopener noreferrer\">Capture the Atlas<\/a><\/span>.<\/p>\n","protected":false},"excerpt":{"rendered":"<p>El cielo oscuro de La Palma sigue &#8222;deslumbrando&#8220; al mundo y prueba de ello es que una fotograf\u00eda del GranTecan realizada por Antonio Solano ha sido premiada en el concurso &#8222;Milky Way photographer of the Year&#8220; del blog de fotograf\u00eda y viajes Capture the Atlas\u00a0donde&#8230;<\/p>\n","protected":false},"author":4,"featured_media":22879,"comment_status":"open","ping_status":"open","sticky":false,"template":"","format":"standard","meta":{"footnotes":""},"categories":[135],"tags":[772,773],"yoast_head":"<!-- This site is optimized with the Yoast SEO plugin v24.5 - https:\/\/yoast.com\/wordpress\/plugins\/seo\/ -->\n<title>Una imagen de La Palma entre las mejores de la V\u00eda L\u00e1ctea &#8902; Stars Island La Palma<\/title>\n<meta name=\"robots\" content=\"index, follow, max-snippet:-1, max-image-preview:large, max-video-preview:-1\" \/>\n<link rel=\"canonical\" href=\"https:\/\/www.starsislandlapalma.es\/de\/una-imagen-de-la-palma-entre-las-mejores-de-la-via-lactea\/\" \/>\n<meta property=\"og:locale\" content=\"de_DE\" \/>\n<meta property=\"og:type\" content=\"article\" \/>\n<meta property=\"og:title\" content=\"Una imagen de La Palma entre las mejores de la V\u00eda L\u00e1ctea &#8902; Stars Island La Palma\" \/>\n<meta property=\"og:description\" content=\"El cielo oscuro de La Palma sigue &#8222;deslumbrando&#8220; al mundo y prueba de ello es que una fotograf\u00eda del GranTecan realizada por Antonio Solano ha sido premiada en el concurso &#8222;Milky Way photographer of the Year&#8220; del blog de fotograf\u00eda y viajes Capture the Atlas\u00a0donde...\" \/>\n<meta property=\"og:url\" content=\"https:\/\/www.starsislandlapalma.es\/de\/una-imagen-de-la-palma-entre-las-mejores-de-la-via-lactea\/\" \/>\n<meta property=\"og:site_name\" content=\"Stars Island La Palma\" \/>\n<meta property=\"article:publisher\" content=\"https:\/\/www.facebook.com\/pages\/Starsisland-La-Palma\/210888162375006?ref=hl\" \/>\n<meta property=\"article:published_time\" content=\"2021-05-26T07:43:46+00:00\" \/>\n<meta property=\"article:modified_time\" content=\"2021-05-26T07:50:44+00:00\" \/>\n<meta property=\"og:image\" content=\"https:\/\/www.starsislandlapalma.es\/wp-content\/uploads\/2021\/05\/Grantecan-Antonio_Solano.png\" \/>\n\t<meta property=\"og:image:width\" content=\"689\" \/>\n\t<meta property=\"og:image:height\" content=\"955\" \/>\n\t<meta property=\"og:image:type\" content=\"image\/png\" \/>\n<meta name=\"author\" content=\"StarsIsland\" \/>\n<meta name=\"twitter:label1\" content=\"Verfasst von\" \/>\n\t<meta name=\"twitter:data1\" content=\"StarsIsland\" \/>\n\t<meta name=\"twitter:label2\" content=\"Gesch\u00e4tzte Lesezeit\" \/>\n\t<meta name=\"twitter:data2\" content=\"2\u00a0Minuten\" \/>\n<script type=\"application\/ld+json\" class=\"yoast-schema-graph\">{\"@context\":\"https:\/\/schema.org\",\"@graph\":[{\"@type\":\"Article\",\"@id\":\"https:\/\/www.starsislandlapalma.es\/de\/una-imagen-de-la-palma-entre-las-mejores-de-la-via-lactea\/#article\",\"isPartOf\":{\"@id\":\"https:\/\/www.starsislandlapalma.es\/de\/una-imagen-de-la-palma-entre-las-mejores-de-la-via-lactea\/\"},\"author\":{\"name\":\"StarsIsland\",\"@id\":\"https:\/\/www.starsislandlapalma.es\/#\/schema\/person\/d2618b46c3dc5c031ddd56a658f9ab25\"},\"headline\":\"Una imagen de La Palma entre las mejores de la V\u00eda L\u00e1ctea\",\"datePublished\":\"2021-05-26T07:43:46+00:00\",\"dateModified\":\"2021-05-26T07:50:44+00:00\",\"mainEntityOfPage\":{\"@id\":\"https:\/\/www.starsislandlapalma.es\/de\/una-imagen-de-la-palma-entre-las-mejores-de-la-via-lactea\/\"},\"wordCount\":497,\"commentCount\":0,\"publisher\":{\"@id\":\"https:\/\/www.starsislandlapalma.es\/#organization\"},\"image\":{\"@id\":\"https:\/\/www.starsislandlapalma.es\/de\/una-imagen-de-la-palma-entre-las-mejores-de-la-via-lactea\/#primaryimage\"},\"thumbnailUrl\":\"https:\/\/www.starsislandlapalma.es\/wp-content\/uploads\/2021\/05\/Grantecan-Antonio_Solano.png\",\"keywords\":[\"GranTeCan\",\"Mejor fotograf\u00eda\"],\"articleSection\":[\"Nachricht\"],\"inLanguage\":\"de\",\"potentialAction\":[{\"@type\":\"CommentAction\",\"name\":\"Comment\",\"target\":[\"https:\/\/www.starsislandlapalma.es\/de\/una-imagen-de-la-palma-entre-las-mejores-de-la-via-lactea\/#respond\"]}]},{\"@type\":\"WebPage\",\"@id\":\"https:\/\/www.starsislandlapalma.es\/de\/una-imagen-de-la-palma-entre-las-mejores-de-la-via-lactea\/\",\"url\":\"https:\/\/www.starsislandlapalma.es\/de\/una-imagen-de-la-palma-entre-las-mejores-de-la-via-lactea\/\",\"name\":\"Una imagen de La Palma entre las mejores de la V\u00eda L\u00e1ctea &#8902; Stars Island La Palma\",\"isPartOf\":{\"@id\":\"https:\/\/www.starsislandlapalma.es\/#website\"},\"primaryImageOfPage\":{\"@id\":\"https:\/\/www.starsislandlapalma.es\/de\/una-imagen-de-la-palma-entre-las-mejores-de-la-via-lactea\/#primaryimage\"},\"image\":{\"@id\":\"https:\/\/www.starsislandlapalma.es\/de\/una-imagen-de-la-palma-entre-las-mejores-de-la-via-lactea\/#primaryimage\"},\"thumbnailUrl\":\"https:\/\/www.starsislandlapalma.es\/wp-content\/uploads\/2021\/05\/Grantecan-Antonio_Solano.png\",\"datePublished\":\"2021-05-26T07:43:46+00:00\",\"dateModified\":\"2021-05-26T07:50:44+00:00\",\"breadcrumb\":{\"@id\":\"https:\/\/www.starsislandlapalma.es\/de\/una-imagen-de-la-palma-entre-las-mejores-de-la-via-lactea\/#breadcrumb\"},\"inLanguage\":\"de\",\"potentialAction\":[{\"@type\":\"ReadAction\",\"target\":[\"https:\/\/www.starsislandlapalma.es\/de\/una-imagen-de-la-palma-entre-las-mejores-de-la-via-lactea\/\"]}]},{\"@type\":\"ImageObject\",\"inLanguage\":\"de\",\"@id\":\"https:\/\/www.starsislandlapalma.es\/de\/una-imagen-de-la-palma-entre-las-mejores-de-la-via-lactea\/#primaryimage\",\"url\":\"https:\/\/www.starsislandlapalma.es\/wp-content\/uploads\/2021\/05\/Grantecan-Antonio_Solano.png\",\"contentUrl\":\"https:\/\/www.starsislandlapalma.es\/wp-content\/uploads\/2021\/05\/Grantecan-Antonio_Solano.png\",\"width\":689,\"height\":955},{\"@type\":\"BreadcrumbList\",\"@id\":\"https:\/\/www.starsislandlapalma.es\/de\/una-imagen-de-la-palma-entre-las-mejores-de-la-via-lactea\/#breadcrumb\",\"itemListElement\":[{\"@type\":\"ListItem\",\"position\":1,\"name\":\"Portada\",\"item\":\"https:\/\/www.starsislandlapalma.es\/de\/\"},{\"@type\":\"ListItem\",\"position\":2,\"name\":\"Una imagen de La Palma entre las mejores de la V\u00eda L\u00e1ctea\"}]},{\"@type\":\"WebSite\",\"@id\":\"https:\/\/www.starsislandlapalma.es\/#website\",\"url\":\"https:\/\/www.starsislandlapalma.es\/\",\"name\":\"Stars Island La Palma\",\"description\":\"La Palma, el lugar perfecto para disfrutar del universo. Primera Reserva Starlight del mundo, en 2012 se reconoce como Destino Tur\u00edstico Starlight\",\"publisher\":{\"@id\":\"https:\/\/www.starsislandlapalma.es\/#organization\"},\"potentialAction\":[{\"@type\":\"SearchAction\",\"target\":{\"@type\":\"EntryPoint\",\"urlTemplate\":\"https:\/\/www.starsislandlapalma.es\/?s={search_term_string}\"},\"query-input\":{\"@type\":\"PropertyValueSpecification\",\"valueRequired\":true,\"valueName\":\"search_term_string\"}}],\"inLanguage\":\"de\"},{\"@type\":\"Organization\",\"@id\":\"https:\/\/www.starsislandlapalma.es\/#organization\",\"name\":\"Star Island La Palma\",\"url\":\"https:\/\/www.starsislandlapalma.es\/\",\"logo\":{\"@type\":\"ImageObject\",\"inLanguage\":\"de\",\"@id\":\"https:\/\/www.starsislandlapalma.es\/#\/schema\/logo\/image\/\",\"url\":\"https:\/\/www.starsislandlapalma.es\/wp-content\/uploads\/2022\/01\/logo_starisland.png\",\"contentUrl\":\"https:\/\/www.starsislandlapalma.es\/wp-content\/uploads\/2022\/01\/logo_starisland.png\",\"width\":172,\"height\":139,\"caption\":\"Star Island La Palma\"},\"image\":{\"@id\":\"https:\/\/www.starsislandlapalma.es\/#\/schema\/logo\/image\/\"},\"sameAs\":[\"https:\/\/www.facebook.com\/pages\/Starsisland-La-Palma\/210888162375006?ref=hl\",\"https:\/\/x.com\/starsislandlapa\",\"https:\/\/www.pinterest.com\/astroturismo\/\",\"https:\/\/www.youtube.com\/channel\/UCV7sju1ggcBpJG39HQCBtsA\"]},{\"@type\":\"Person\",\"@id\":\"https:\/\/www.starsislandlapalma.es\/#\/schema\/person\/d2618b46c3dc5c031ddd56a658f9ab25\",\"name\":\"StarsIsland\",\"image\":{\"@type\":\"ImageObject\",\"inLanguage\":\"de\",\"@id\":\"https:\/\/www.starsislandlapalma.es\/#\/schema\/person\/image\/\",\"url\":\"https:\/\/secure.gravatar.com\/avatar\/30a35f2b7b8f976566433f1ab7d6402f?s=96&d=mm&r=g\",\"contentUrl\":\"https:\/\/secure.gravatar.com\/avatar\/30a35f2b7b8f976566433f1ab7d6402f?s=96&d=mm&r=g\",\"caption\":\"StarsIsland\"},\"url\":\"https:\/\/www.starsislandlapalma.es\/de\/author\/starsisland\/\"}]}<\/script>\n<!-- \/ Yoast SEO plugin. -->","yoast_head_json":{"title":"Una imagen de La Palma entre las mejores de la V\u00eda L\u00e1ctea &#8902; Stars Island La Palma","robots":{"index":"index","follow":"follow","max-snippet":"max-snippet:-1","max-image-preview":"max-image-preview:large","max-video-preview":"max-video-preview:-1"},"canonical":"https:\/\/www.starsislandlapalma.es\/de\/una-imagen-de-la-palma-entre-las-mejores-de-la-via-lactea\/","og_locale":"de_DE","og_type":"article","og_title":"Una imagen de La Palma entre las mejores de la V\u00eda L\u00e1ctea &#8902; Stars Island La Palma","og_description":"El cielo oscuro de La Palma sigue &#8222;deslumbrando&#8220; al mundo y prueba de ello es que una fotograf\u00eda del GranTecan realizada por Antonio Solano ha sido premiada en el concurso &#8222;Milky Way photographer of the Year&#8220; del blog de fotograf\u00eda y viajes Capture the Atlas\u00a0donde...","og_url":"https:\/\/www.starsislandlapalma.es\/de\/una-imagen-de-la-palma-entre-las-mejores-de-la-via-lactea\/","og_site_name":"Stars Island La Palma","article_publisher":"https:\/\/www.facebook.com\/pages\/Starsisland-La-Palma\/210888162375006?ref=hl","article_published_time":"2021-05-26T07:43:46+00:00","article_modified_time":"2021-05-26T07:50:44+00:00","og_image":[{"width":689,"height":955,"url":"https:\/\/www.starsislandlapalma.es\/wp-content\/uploads\/2021\/05\/Grantecan-Antonio_Solano.png","type":"image\/png"}],"author":"StarsIsland","twitter_misc":{"Verfasst von":"StarsIsland","Gesch\u00e4tzte Lesezeit":"2\u00a0Minuten"},"schema":{"@context":"https:\/\/schema.org","@graph":[{"@type":"Article","@id":"https:\/\/www.starsislandlapalma.es\/de\/una-imagen-de-la-palma-entre-las-mejores-de-la-via-lactea\/#article","isPartOf":{"@id":"https:\/\/www.starsislandlapalma.es\/de\/una-imagen-de-la-palma-entre-las-mejores-de-la-via-lactea\/"},"author":{"name":"StarsIsland","@id":"https:\/\/www.starsislandlapalma.es\/#\/schema\/person\/d2618b46c3dc5c031ddd56a658f9ab25"},"headline":"Una imagen de La Palma entre las mejores de la V\u00eda L\u00e1ctea","datePublished":"2021-05-26T07:43:46+00:00","dateModified":"2021-05-26T07:50:44+00:00","mainEntityOfPage":{"@id":"https:\/\/www.starsislandlapalma.es\/de\/una-imagen-de-la-palma-entre-las-mejores-de-la-via-lactea\/"},"wordCount":497,"commentCount":0,"publisher":{"@id":"https:\/\/www.starsislandlapalma.es\/#organization"},"image":{"@id":"https:\/\/www.starsislandlapalma.es\/de\/una-imagen-de-la-palma-entre-las-mejores-de-la-via-lactea\/#primaryimage"},"thumbnailUrl":"https:\/\/www.starsislandlapalma.es\/wp-content\/uploads\/2021\/05\/Grantecan-Antonio_Solano.png","keywords":["GranTeCan","Mejor fotograf\u00eda"],"articleSection":["Nachricht"],"inLanguage":"de","potentialAction":[{"@type":"CommentAction","name":"Comment","target":["https:\/\/www.starsislandlapalma.es\/de\/una-imagen-de-la-palma-entre-las-mejores-de-la-via-lactea\/#respond"]}]},{"@type":"WebPage","@id":"https:\/\/www.starsislandlapalma.es\/de\/una-imagen-de-la-palma-entre-las-mejores-de-la-via-lactea\/","url":"https:\/\/www.starsislandlapalma.es\/de\/una-imagen-de-la-palma-entre-las-mejores-de-la-via-lactea\/","name":"Una imagen de La Palma entre las mejores de la V\u00eda L\u00e1ctea &#8902; Stars Island La Palma","isPartOf":{"@id":"https:\/\/www.starsislandlapalma.es\/#website"},"primaryImageOfPage":{"@id":"https:\/\/www.starsislandlapalma.es\/de\/una-imagen-de-la-palma-entre-las-mejores-de-la-via-lactea\/#primaryimage"},"image":{"@id":"https:\/\/www.starsislandlapalma.es\/de\/una-imagen-de-la-palma-entre-las-mejores-de-la-via-lactea\/#primaryimage"},"thumbnailUrl":"https:\/\/www.starsislandlapalma.es\/wp-content\/uploads\/2021\/05\/Grantecan-Antonio_Solano.png","datePublished":"2021-05-26T07:43:46+00:00","dateModified":"2021-05-26T07:50:44+00:00","breadcrumb":{"@id":"https:\/\/www.starsislandlapalma.es\/de\/una-imagen-de-la-palma-entre-las-mejores-de-la-via-lactea\/#breadcrumb"},"inLanguage":"de","potentialAction":[{"@type":"ReadAction","target":["https:\/\/www.starsislandlapalma.es\/de\/una-imagen-de-la-palma-entre-las-mejores-de-la-via-lactea\/"]}]},{"@type":"ImageObject","inLanguage":"de","@id":"https:\/\/www.starsislandlapalma.es\/de\/una-imagen-de-la-palma-entre-las-mejores-de-la-via-lactea\/#primaryimage","url":"https:\/\/www.starsislandlapalma.es\/wp-content\/uploads\/2021\/05\/Grantecan-Antonio_Solano.png","contentUrl":"https:\/\/www.starsislandlapalma.es\/wp-content\/uploads\/2021\/05\/Grantecan-Antonio_Solano.png","width":689,"height":955},{"@type":"BreadcrumbList","@id":"https:\/\/www.starsislandlapalma.es\/de\/una-imagen-de-la-palma-entre-las-mejores-de-la-via-lactea\/#breadcrumb","itemListElement":[{"@type":"ListItem","position":1,"name":"Portada","item":"https:\/\/www.starsislandlapalma.es\/de\/"},{"@type":"ListItem","position":2,"name":"Una imagen de La Palma entre las mejores de la V\u00eda L\u00e1ctea"}]},{"@type":"WebSite","@id":"https:\/\/www.starsislandlapalma.es\/#website","url":"https:\/\/www.starsislandlapalma.es\/","name":"Stars Island La Palma","description":"La Palma, el lugar perfecto para disfrutar del universo. Primera Reserva Starlight del mundo, en 2012 se reconoce como Destino Tur\u00edstico Starlight","publisher":{"@id":"https:\/\/www.starsislandlapalma.es\/#organization"},"potentialAction":[{"@type":"SearchAction","target":{"@type":"EntryPoint","urlTemplate":"https:\/\/www.starsislandlapalma.es\/?s={search_term_string}"},"query-input":{"@type":"PropertyValueSpecification","valueRequired":true,"valueName":"search_term_string"}}],"inLanguage":"de"},{"@type":"Organization","@id":"https:\/\/www.starsislandlapalma.es\/#organization","name":"Star Island La Palma","url":"https:\/\/www.starsislandlapalma.es\/","logo":{"@type":"ImageObject","inLanguage":"de","@id":"https:\/\/www.starsislandlapalma.es\/#\/schema\/logo\/image\/","url":"https:\/\/www.starsislandlapalma.es\/wp-content\/uploads\/2022\/01\/logo_starisland.png","contentUrl":"https:\/\/www.starsislandlapalma.es\/wp-content\/uploads\/2022\/01\/logo_starisland.png","width":172,"height":139,"caption":"Star Island La Palma"},"image":{"@id":"https:\/\/www.starsislandlapalma.es\/#\/schema\/logo\/image\/"},"sameAs":["https:\/\/www.facebook.com\/pages\/Starsisland-La-Palma\/210888162375006?ref=hl","https:\/\/x.com\/starsislandlapa","https:\/\/www.pinterest.com\/astroturismo\/","https:\/\/www.youtube.com\/channel\/UCV7sju1ggcBpJG39HQCBtsA"]},{"@type":"Person","@id":"https:\/\/www.starsislandlapalma.es\/#\/schema\/person\/d2618b46c3dc5c031ddd56a658f9ab25","name":"StarsIsland","image":{"@type":"ImageObject","inLanguage":"de","@id":"https:\/\/www.starsislandlapalma.es\/#\/schema\/person\/image\/","url":"https:\/\/secure.gravatar.com\/avatar\/30a35f2b7b8f976566433f1ab7d6402f?s=96&d=mm&r=g","contentUrl":"https:\/\/secure.gravatar.com\/avatar\/30a35f2b7b8f976566433f1ab7d6402f?s=96&d=mm&r=g","caption":"StarsIsland"},"url":"https:\/\/www.starsislandlapalma.es\/de\/author\/starsisland\/"}]}},"_links":{"self":[{"href":"https:\/\/www.starsislandlapalma.es\/de\/wp-json\/wp\/v2\/posts\/22882\/"}],"collection":[{"href":"https:\/\/www.starsislandlapalma.es\/de\/wp-json\/wp\/v2\/posts\/"}],"about":[{"href":"https:\/\/www.starsislandlapalma.es\/de\/wp-json\/wp\/v2\/types\/post\/"}],"author":[{"embeddable":true,"href":"https:\/\/www.starsislandlapalma.es\/de\/wp-json\/wp\/v2\/users\/4\/"}],"replies":[{"embeddable":true,"href":"https:\/\/www.starsislandlapalma.es\/de\/wp-json\/wp\/v2\/comments\/?post=22882"}],"version-history":[{"count":0,"href":"https:\/\/www.starsislandlapalma.es\/de\/wp-json\/wp\/v2\/posts\/22882\/revisions\/"}],"wp:featuredmedia":[{"embeddable":true,"href":"https:\/\/www.starsislandlapalma.es\/de\/wp-json\/wp\/v2\/media\/22879\/"}],"wp:attachment":[{"href":"https:\/\/www.starsislandlapalma.es\/de\/wp-json\/wp\/v2\/media\/?parent=22882"}],"wp:term":[{"taxonomy":"category","embeddable":true,"href":"https:\/\/www.starsislandlapalma.es\/de\/wp-json\/wp\/v2\/categories\/?post=22882"},{"taxonomy":"post_tag","embeddable":true,"href":"https:\/\/www.starsislandlapalma.es\/de\/wp-json\/wp\/v2\/tags\/?post=22882"}],"curies":[{"name":"wp","href":"https:\/\/api.w.org\/{rel}","templated":true}]}}