{"id":22975,"date":"2021-06-30T07:45:47","date_gmt":"2021-06-30T07:45:47","guid":{"rendered":"https:\/\/www.starsislandlapalma.es\/el-cabildo-y-las-escuelas-unitarias-designan-el-jardin-del-centro-de-visitantes-del-roque-como-rincon-insular-por-la-paz\/"},"modified":"2021-06-30T07:46:39","modified_gmt":"2021-06-30T07:46:39","slug":"el-cabildo-y-las-escuelas-unitarias-designan-el-jardin-del-centro-de-visitantes-del-roque-como-rincon-insular-por-la-paz","status":"publish","type":"post","link":"https:\/\/www.starsislandlapalma.es\/de\/el-cabildo-y-las-escuelas-unitarias-designan-el-jardin-del-centro-de-visitantes-del-roque-como-rincon-insular-por-la-paz\/","title":{"rendered":"El Cabildo y las Escuelas Unitarias designan el jard\u00edn del Centro de Visitantes del Roque como Rinc\u00f3n Insular por la Paz"},"content":{"rendered":"<p style=\"text-align: justify;\">El Cabildo de La Palma y el Colectivo de Escuelas Unitarias de la Isla dieron cumplimiento al acuerdo institucional para habilitar un espacio en las cumbres palmeras como Rinc\u00f3n Insular de la Paz. Para ello, ha sido elegido el jard\u00edn del futuro Centro de Visitantes del Roque de Los Muchachos, donde los miles de visitantes con los que contar\u00e1 esta infraestructura podr\u00e1n apreciar el compromiso de la comunidad educativa palmera con los valores de igualdad, respeto y solidaridad.<\/p>\n<p style=\"text-align: justify;\">El acto cont\u00f3 con la participaci\u00f3n del presidente del Cabildo de La Palma, Mariano Zapata; la consejera insular de Educaci\u00f3n, Susana Mach\u00edn; el director general de Ordenaci\u00f3n, Innovaci\u00f3n y Calidad del Gobierno de Canarias, Gregorio Jos\u00e9 Cabrera; la directora general de Centros, Infraestructuras y Promoci\u00f3n Educativa del Gobierno de Canarias, Mar\u00eda Candelaria Gonz\u00e1lez Morales, y del director del Colectivo de Escuelas Unitarias de La Palma, Sebasti\u00e1n Acosta.<\/p>\n<p style=\"text-align: justify;\">Mariano Hern\u00e1ndez Zapata puso en valor el trabajo realizado por las escuelas rurales en la Isla, contribuyendo de forma decidida, a lo largo de su dilatada trayectoria hist\u00f3rica, al sostenimiento, progreso y desarrollo de las zonas rurales, actuando como un aut\u00e9ntico dique de contenci\u00f3n demogr\u00e1fica, fijando poblaci\u00f3n en el medio rural y evitando, por tanto, el \u00e9xodo masivo a los grandes n\u00facleos urbanos.<\/p>\n<p style=\"text-align: justify;\">En esa labor, destac\u00f3 el presidente insular, el Colectivo de Escuelas Unitarias de La Palma ha sido mod\u00e9lico en su labor pedag\u00f3gica, cultural y social en el entorno rural de la Isla, donde ha configurado todo un modelo de defensa y promoci\u00f3n de un sistema educativo adaptado al territorio.<\/p>\n<p style=\"text-align: justify;\">Por su parte, Susana Mach\u00edn destac\u00f3 que el Colectivo ha conseguido mantener la coordinaci\u00f3n docente y de sus recursos, as\u00ed como el intercambio de la informaci\u00f3n, al tiempo que ha desarrollado las experiencias referidas a la relaci\u00f3n familia-escuela, la preservaci\u00f3n de las se\u00f1as de identidad insulares y un intenso trabajo en el cultivo de la cultura de la Paz. Acciones, a\u00f1adi\u00f3 la consejera, que han tenido una proyecci\u00f3n insular y, en muchas ocasiones, auton\u00f3micas.<\/p>\n<p style=\"text-align: justify;\">As\u00ed, el Colectivo de Escuelas Unitarias de La Palma desarrolla su labor desde un di\u00e1logo constante con la sociedad, sus retos y desaf\u00edos, y convirtiendo en realidad el firme prop\u00f3sito de seguir caminando hacia la educaci\u00f3n en valores.<\/p>\n<p style=\"text-align: justify;\">El presidente del Colectivo, Sebasti\u00e1n Acosta record\u00f3 que desde enero de 1995, cuando se celebraron las primeras jornadas insulares por la Paz, se ha desarrollado una propagaci\u00f3n de la cultura de la Paz, haciendo visible en los catorce municipios de La Palma un rinc\u00f3n dedicado a este motivo, con el lema \u201cCampa\u00f1a de ni\u00f1os\/as por La Paz\u201d. Para ello se han elegido diferentes rincones de la geograf\u00eda insular desde el a\u00f1o 2002, instalando una serie de placas conmemorativas, iguales, en todos los municipios.<\/p>\n<p style=\"text-align: justify;\">Igualmente, desde el a\u00f1o 2010, el Colectivo realiza este evento en Santa Cruz de La Palma, dedicado a un tema concreto cada a\u00f1o, destacando Acosta que la Escuela Unitaria, solidaria, luchadora, inclusiva y con car\u00e1cter propio dentro de la Escuela P\u00fablica Canaria, sigue as\u00ed dando muestras de su compromiso con una Educaci\u00f3n en valores y por la Paz.<\/p>\n<p style=\"text-align: justify;\">Ahora, tras la valoraci\u00f3n y aceptaci\u00f3n por parte del Comit\u00e9 del Centro de Visitantes del Roque de Los Muchachos, tambi\u00e9n en este enclave situado en lo m\u00e1s alto de la Isla podr\u00e1 conmemorarse el compromiso con las Escuelas Unitarias de La Palma en la lucha por la Paz.<\/p>\n","protected":false},"excerpt":{"rendered":"<p>El Cabildo de La Palma y el Colectivo de Escuelas Unitarias de la Isla dieron cumplimiento al acuerdo institucional para habilitar un espacio en las cumbres palmeras como Rinc\u00f3n Insular de la Paz. Para ello, ha sido elegido el jard\u00edn del futuro Centro de Visitantes&#8230;<\/p>\n","protected":false},"author":4,"featured_media":22972,"comment_status":"open","ping_status":"open","sticky":false,"template":"","format":"standard","meta":{"footnotes":""},"categories":[135],"tags":[786,787],"yoast_head":"<!-- This site is optimized with the Yoast SEO plugin v24.5 - https:\/\/yoast.com\/wordpress\/plugins\/seo\/ -->\n<title>El Cabildo y las Escuelas Unitarias designan el jard\u00edn del Centro de Visitantes del Roque como Rinc\u00f3n Insular por la Paz &#8902; Stars Island La Palma<\/title>\n<meta name=\"robots\" content=\"index, follow, max-snippet:-1, max-image-preview:large, max-video-preview:-1\" \/>\n<link rel=\"canonical\" href=\"https:\/\/www.starsislandlapalma.es\/de\/el-cabildo-y-las-escuelas-unitarias-designan-el-jardin-del-centro-de-visitantes-del-roque-como-rincon-insular-por-la-paz\/\" \/>\n<meta property=\"og:locale\" content=\"de_DE\" \/>\n<meta property=\"og:type\" content=\"article\" \/>\n<meta property=\"og:title\" content=\"El Cabildo y las Escuelas Unitarias designan el jard\u00edn del Centro de Visitantes del Roque como Rinc\u00f3n Insular por la Paz &#8902; Stars Island La Palma\" \/>\n<meta property=\"og:description\" content=\"El Cabildo de La Palma y el Colectivo de Escuelas Unitarias de la Isla dieron cumplimiento al acuerdo institucional para habilitar un espacio en las cumbres palmeras como Rinc\u00f3n Insular de la Paz. Para ello, ha sido elegido el jard\u00edn del futuro Centro de Visitantes...\" \/>\n<meta property=\"og:url\" content=\"https:\/\/www.starsislandlapalma.es\/de\/el-cabildo-y-las-escuelas-unitarias-designan-el-jardin-del-centro-de-visitantes-del-roque-como-rincon-insular-por-la-paz\/\" \/>\n<meta property=\"og:site_name\" content=\"Stars Island La Palma\" \/>\n<meta property=\"article:publisher\" content=\"https:\/\/www.facebook.com\/pages\/Starsisland-La-Palma\/210888162375006?ref=hl\" \/>\n<meta property=\"article:published_time\" content=\"2021-06-30T07:45:47+00:00\" \/>\n<meta property=\"article:modified_time\" content=\"2021-06-30T07:46:39+00:00\" \/>\n<meta property=\"og:image\" content=\"https:\/\/www.starsislandlapalma.es\/wp-content\/uploads\/2021\/06\/Rincon-de-la-Paz-2.jpeg\" \/>\n\t<meta property=\"og:image:width\" content=\"900\" \/>\n\t<meta property=\"og:image:height\" content=\"665\" \/>\n\t<meta property=\"og:image:type\" content=\"image\/jpeg\" \/>\n<meta name=\"author\" content=\"StarsIsland\" \/>\n<meta name=\"twitter:label1\" content=\"Verfasst von\" \/>\n\t<meta name=\"twitter:data1\" content=\"StarsIsland\" \/>\n\t<meta name=\"twitter:label2\" content=\"Gesch\u00e4tzte Lesezeit\" \/>\n\t<meta name=\"twitter:data2\" content=\"3\u00a0Minuten\" \/>\n<script type=\"application\/ld+json\" class=\"yoast-schema-graph\">{\"@context\":\"https:\/\/schema.org\",\"@graph\":[{\"@type\":\"Article\",\"@id\":\"https:\/\/www.starsislandlapalma.es\/de\/el-cabildo-y-las-escuelas-unitarias-designan-el-jardin-del-centro-de-visitantes-del-roque-como-rincon-insular-por-la-paz\/#article\",\"isPartOf\":{\"@id\":\"https:\/\/www.starsislandlapalma.es\/de\/el-cabildo-y-las-escuelas-unitarias-designan-el-jardin-del-centro-de-visitantes-del-roque-como-rincon-insular-por-la-paz\/\"},\"author\":{\"name\":\"StarsIsland\",\"@id\":\"https:\/\/www.starsislandlapalma.es\/#\/schema\/person\/d2618b46c3dc5c031ddd56a658f9ab25\"},\"headline\":\"El Cabildo y las Escuelas Unitarias designan el jard\u00edn del Centro de Visitantes del Roque como Rinc\u00f3n Insular por la Paz\",\"datePublished\":\"2021-06-30T07:45:47+00:00\",\"dateModified\":\"2021-06-30T07:46:39+00:00\",\"mainEntityOfPage\":{\"@id\":\"https:\/\/www.starsislandlapalma.es\/de\/el-cabildo-y-las-escuelas-unitarias-designan-el-jardin-del-centro-de-visitantes-del-roque-como-rincon-insular-por-la-paz\/\"},\"wordCount\":630,\"commentCount\":0,\"publisher\":{\"@id\":\"https:\/\/www.starsislandlapalma.es\/#organization\"},\"image\":{\"@id\":\"https:\/\/www.starsislandlapalma.es\/de\/el-cabildo-y-las-escuelas-unitarias-designan-el-jardin-del-centro-de-visitantes-del-roque-como-rincon-insular-por-la-paz\/#primaryimage\"},\"thumbnailUrl\":\"https:\/\/www.starsislandlapalma.es\/wp-content\/uploads\/2021\/06\/Rincon-de-la-Paz-2.jpeg\",\"keywords\":[\"Centro de Visitantes del Roque\",\"Rinc\u00f3n Insular por la Paz\"],\"articleSection\":[\"Nachricht\"],\"inLanguage\":\"de\",\"potentialAction\":[{\"@type\":\"CommentAction\",\"name\":\"Comment\",\"target\":[\"https:\/\/www.starsislandlapalma.es\/de\/el-cabildo-y-las-escuelas-unitarias-designan-el-jardin-del-centro-de-visitantes-del-roque-como-rincon-insular-por-la-paz\/#respond\"]}]},{\"@type\":\"WebPage\",\"@id\":\"https:\/\/www.starsislandlapalma.es\/de\/el-cabildo-y-las-escuelas-unitarias-designan-el-jardin-del-centro-de-visitantes-del-roque-como-rincon-insular-por-la-paz\/\",\"url\":\"https:\/\/www.starsislandlapalma.es\/de\/el-cabildo-y-las-escuelas-unitarias-designan-el-jardin-del-centro-de-visitantes-del-roque-como-rincon-insular-por-la-paz\/\",\"name\":\"El Cabildo y las Escuelas Unitarias designan el jard\u00edn del Centro de Visitantes del Roque como Rinc\u00f3n Insular por la Paz &#8902; Stars Island La Palma\",\"isPartOf\":{\"@id\":\"https:\/\/www.starsislandlapalma.es\/#website\"},\"primaryImageOfPage\":{\"@id\":\"https:\/\/www.starsislandlapalma.es\/de\/el-cabildo-y-las-escuelas-unitarias-designan-el-jardin-del-centro-de-visitantes-del-roque-como-rincon-insular-por-la-paz\/#primaryimage\"},\"image\":{\"@id\":\"https:\/\/www.starsislandlapalma.es\/de\/el-cabildo-y-las-escuelas-unitarias-designan-el-jardin-del-centro-de-visitantes-del-roque-como-rincon-insular-por-la-paz\/#primaryimage\"},\"thumbnailUrl\":\"https:\/\/www.starsislandlapalma.es\/wp-content\/uploads\/2021\/06\/Rincon-de-la-Paz-2.jpeg\",\"datePublished\":\"2021-06-30T07:45:47+00:00\",\"dateModified\":\"2021-06-30T07:46:39+00:00\",\"breadcrumb\":{\"@id\":\"https:\/\/www.starsislandlapalma.es\/de\/el-cabildo-y-las-escuelas-unitarias-designan-el-jardin-del-centro-de-visitantes-del-roque-como-rincon-insular-por-la-paz\/#breadcrumb\"},\"inLanguage\":\"de\",\"potentialAction\":[{\"@type\":\"ReadAction\",\"target\":[\"https:\/\/www.starsislandlapalma.es\/de\/el-cabildo-y-las-escuelas-unitarias-designan-el-jardin-del-centro-de-visitantes-del-roque-como-rincon-insular-por-la-paz\/\"]}]},{\"@type\":\"ImageObject\",\"inLanguage\":\"de\",\"@id\":\"https:\/\/www.starsislandlapalma.es\/de\/el-cabildo-y-las-escuelas-unitarias-designan-el-jardin-del-centro-de-visitantes-del-roque-como-rincon-insular-por-la-paz\/#primaryimage\",\"url\":\"https:\/\/www.starsislandlapalma.es\/wp-content\/uploads\/2021\/06\/Rincon-de-la-Paz-2.jpeg\",\"contentUrl\":\"https:\/\/www.starsislandlapalma.es\/wp-content\/uploads\/2021\/06\/Rincon-de-la-Paz-2.jpeg\",\"width\":900,\"height\":665},{\"@type\":\"BreadcrumbList\",\"@id\":\"https:\/\/www.starsislandlapalma.es\/de\/el-cabildo-y-las-escuelas-unitarias-designan-el-jardin-del-centro-de-visitantes-del-roque-como-rincon-insular-por-la-paz\/#breadcrumb\",\"itemListElement\":[{\"@type\":\"ListItem\",\"position\":1,\"name\":\"Portada\",\"item\":\"https:\/\/www.starsislandlapalma.es\/de\/\"},{\"@type\":\"ListItem\",\"position\":2,\"name\":\"El Cabildo y las Escuelas Unitarias designan el jard\u00edn del Centro de Visitantes del Roque como Rinc\u00f3n Insular por la Paz\"}]},{\"@type\":\"WebSite\",\"@id\":\"https:\/\/www.starsislandlapalma.es\/#website\",\"url\":\"https:\/\/www.starsislandlapalma.es\/\",\"name\":\"Stars Island La Palma\",\"description\":\"La Palma, el lugar perfecto para disfrutar del universo. Primera Reserva Starlight del mundo, en 2012 se reconoce como Destino Tur\u00edstico Starlight\",\"publisher\":{\"@id\":\"https:\/\/www.starsislandlapalma.es\/#organization\"},\"potentialAction\":[{\"@type\":\"SearchAction\",\"target\":{\"@type\":\"EntryPoint\",\"urlTemplate\":\"https:\/\/www.starsislandlapalma.es\/?s={search_term_string}\"},\"query-input\":{\"@type\":\"PropertyValueSpecification\",\"valueRequired\":true,\"valueName\":\"search_term_string\"}}],\"inLanguage\":\"de\"},{\"@type\":\"Organization\",\"@id\":\"https:\/\/www.starsislandlapalma.es\/#organization\",\"name\":\"Star Island La Palma\",\"url\":\"https:\/\/www.starsislandlapalma.es\/\",\"logo\":{\"@type\":\"ImageObject\",\"inLanguage\":\"de\",\"@id\":\"https:\/\/www.starsislandlapalma.es\/#\/schema\/logo\/image\/\",\"url\":\"https:\/\/www.starsislandlapalma.es\/wp-content\/uploads\/2022\/01\/logo_starisland.png\",\"contentUrl\":\"https:\/\/www.starsislandlapalma.es\/wp-content\/uploads\/2022\/01\/logo_starisland.png\",\"width\":172,\"height\":139,\"caption\":\"Star Island La Palma\"},\"image\":{\"@id\":\"https:\/\/www.starsislandlapalma.es\/#\/schema\/logo\/image\/\"},\"sameAs\":[\"https:\/\/www.facebook.com\/pages\/Starsisland-La-Palma\/210888162375006?ref=hl\",\"https:\/\/x.com\/starsislandlapa\",\"https:\/\/www.pinterest.com\/astroturismo\/\",\"https:\/\/www.youtube.com\/channel\/UCV7sju1ggcBpJG39HQCBtsA\"]},{\"@type\":\"Person\",\"@id\":\"https:\/\/www.starsislandlapalma.es\/#\/schema\/person\/d2618b46c3dc5c031ddd56a658f9ab25\",\"name\":\"StarsIsland\",\"image\":{\"@type\":\"ImageObject\",\"inLanguage\":\"de\",\"@id\":\"https:\/\/www.starsislandlapalma.es\/#\/schema\/person\/image\/\",\"url\":\"https:\/\/secure.gravatar.com\/avatar\/30a35f2b7b8f976566433f1ab7d6402f?s=96&d=mm&r=g\",\"contentUrl\":\"https:\/\/secure.gravatar.com\/avatar\/30a35f2b7b8f976566433f1ab7d6402f?s=96&d=mm&r=g\",\"caption\":\"StarsIsland\"},\"url\":\"https:\/\/www.starsislandlapalma.es\/de\/author\/starsisland\/\"}]}<\/script>\n<!-- \/ Yoast SEO plugin. -->","yoast_head_json":{"title":"El Cabildo y las Escuelas Unitarias designan el jard\u00edn del Centro de Visitantes del Roque como Rinc\u00f3n Insular por la Paz &#8902; Stars Island La Palma","robots":{"index":"index","follow":"follow","max-snippet":"max-snippet:-1","max-image-preview":"max-image-preview:large","max-video-preview":"max-video-preview:-1"},"canonical":"https:\/\/www.starsislandlapalma.es\/de\/el-cabildo-y-las-escuelas-unitarias-designan-el-jardin-del-centro-de-visitantes-del-roque-como-rincon-insular-por-la-paz\/","og_locale":"de_DE","og_type":"article","og_title":"El Cabildo y las Escuelas Unitarias designan el jard\u00edn del Centro de Visitantes del Roque como Rinc\u00f3n Insular por la Paz &#8902; Stars Island La Palma","og_description":"El Cabildo de La Palma y el Colectivo de Escuelas Unitarias de la Isla dieron cumplimiento al acuerdo institucional para habilitar un espacio en las cumbres palmeras como Rinc\u00f3n Insular de la Paz. Para ello, ha sido elegido el jard\u00edn del futuro Centro de Visitantes...","og_url":"https:\/\/www.starsislandlapalma.es\/de\/el-cabildo-y-las-escuelas-unitarias-designan-el-jardin-del-centro-de-visitantes-del-roque-como-rincon-insular-por-la-paz\/","og_site_name":"Stars Island La Palma","article_publisher":"https:\/\/www.facebook.com\/pages\/Starsisland-La-Palma\/210888162375006?ref=hl","article_published_time":"2021-06-30T07:45:47+00:00","article_modified_time":"2021-06-30T07:46:39+00:00","og_image":[{"width":900,"height":665,"url":"https:\/\/www.starsislandlapalma.es\/wp-content\/uploads\/2021\/06\/Rincon-de-la-Paz-2.jpeg","type":"image\/jpeg"}],"author":"StarsIsland","twitter_misc":{"Verfasst von":"StarsIsland","Gesch\u00e4tzte Lesezeit":"3\u00a0Minuten"},"schema":{"@context":"https:\/\/schema.org","@graph":[{"@type":"Article","@id":"https:\/\/www.starsislandlapalma.es\/de\/el-cabildo-y-las-escuelas-unitarias-designan-el-jardin-del-centro-de-visitantes-del-roque-como-rincon-insular-por-la-paz\/#article","isPartOf":{"@id":"https:\/\/www.starsislandlapalma.es\/de\/el-cabildo-y-las-escuelas-unitarias-designan-el-jardin-del-centro-de-visitantes-del-roque-como-rincon-insular-por-la-paz\/"},"author":{"name":"StarsIsland","@id":"https:\/\/www.starsislandlapalma.es\/#\/schema\/person\/d2618b46c3dc5c031ddd56a658f9ab25"},"headline":"El Cabildo y las Escuelas Unitarias designan el jard\u00edn del Centro de Visitantes del Roque como Rinc\u00f3n Insular por la Paz","datePublished":"2021-06-30T07:45:47+00:00","dateModified":"2021-06-30T07:46:39+00:00","mainEntityOfPage":{"@id":"https:\/\/www.starsislandlapalma.es\/de\/el-cabildo-y-las-escuelas-unitarias-designan-el-jardin-del-centro-de-visitantes-del-roque-como-rincon-insular-por-la-paz\/"},"wordCount":630,"commentCount":0,"publisher":{"@id":"https:\/\/www.starsislandlapalma.es\/#organization"},"image":{"@id":"https:\/\/www.starsislandlapalma.es\/de\/el-cabildo-y-las-escuelas-unitarias-designan-el-jardin-del-centro-de-visitantes-del-roque-como-rincon-insular-por-la-paz\/#primaryimage"},"thumbnailUrl":"https:\/\/www.starsislandlapalma.es\/wp-content\/uploads\/2021\/06\/Rincon-de-la-Paz-2.jpeg","keywords":["Centro de Visitantes del Roque","Rinc\u00f3n Insular por la Paz"],"articleSection":["Nachricht"],"inLanguage":"de","potentialAction":[{"@type":"CommentAction","name":"Comment","target":["https:\/\/www.starsislandlapalma.es\/de\/el-cabildo-y-las-escuelas-unitarias-designan-el-jardin-del-centro-de-visitantes-del-roque-como-rincon-insular-por-la-paz\/#respond"]}]},{"@type":"WebPage","@id":"https:\/\/www.starsislandlapalma.es\/de\/el-cabildo-y-las-escuelas-unitarias-designan-el-jardin-del-centro-de-visitantes-del-roque-como-rincon-insular-por-la-paz\/","url":"https:\/\/www.starsislandlapalma.es\/de\/el-cabildo-y-las-escuelas-unitarias-designan-el-jardin-del-centro-de-visitantes-del-roque-como-rincon-insular-por-la-paz\/","name":"El Cabildo y las Escuelas Unitarias designan el jard\u00edn del Centro de Visitantes del Roque como Rinc\u00f3n Insular por la Paz &#8902; Stars Island La Palma","isPartOf":{"@id":"https:\/\/www.starsislandlapalma.es\/#website"},"primaryImageOfPage":{"@id":"https:\/\/www.starsislandlapalma.es\/de\/el-cabildo-y-las-escuelas-unitarias-designan-el-jardin-del-centro-de-visitantes-del-roque-como-rincon-insular-por-la-paz\/#primaryimage"},"image":{"@id":"https:\/\/www.starsislandlapalma.es\/de\/el-cabildo-y-las-escuelas-unitarias-designan-el-jardin-del-centro-de-visitantes-del-roque-como-rincon-insular-por-la-paz\/#primaryimage"},"thumbnailUrl":"https:\/\/www.starsislandlapalma.es\/wp-content\/uploads\/2021\/06\/Rincon-de-la-Paz-2.jpeg","datePublished":"2021-06-30T07:45:47+00:00","dateModified":"2021-06-30T07:46:39+00:00","breadcrumb":{"@id":"https:\/\/www.starsislandlapalma.es\/de\/el-cabildo-y-las-escuelas-unitarias-designan-el-jardin-del-centro-de-visitantes-del-roque-como-rincon-insular-por-la-paz\/#breadcrumb"},"inLanguage":"de","potentialAction":[{"@type":"ReadAction","target":["https:\/\/www.starsislandlapalma.es\/de\/el-cabildo-y-las-escuelas-unitarias-designan-el-jardin-del-centro-de-visitantes-del-roque-como-rincon-insular-por-la-paz\/"]}]},{"@type":"ImageObject","inLanguage":"de","@id":"https:\/\/www.starsislandlapalma.es\/de\/el-cabildo-y-las-escuelas-unitarias-designan-el-jardin-del-centro-de-visitantes-del-roque-como-rincon-insular-por-la-paz\/#primaryimage","url":"https:\/\/www.starsislandlapalma.es\/wp-content\/uploads\/2021\/06\/Rincon-de-la-Paz-2.jpeg","contentUrl":"https:\/\/www.starsislandlapalma.es\/wp-content\/uploads\/2021\/06\/Rincon-de-la-Paz-2.jpeg","width":900,"height":665},{"@type":"BreadcrumbList","@id":"https:\/\/www.starsislandlapalma.es\/de\/el-cabildo-y-las-escuelas-unitarias-designan-el-jardin-del-centro-de-visitantes-del-roque-como-rincon-insular-por-la-paz\/#breadcrumb","itemListElement":[{"@type":"ListItem","position":1,"name":"Portada","item":"https:\/\/www.starsislandlapalma.es\/de\/"},{"@type":"ListItem","position":2,"name":"El Cabildo y las Escuelas Unitarias designan el jard\u00edn del Centro de Visitantes del Roque como Rinc\u00f3n Insular por la Paz"}]},{"@type":"WebSite","@id":"https:\/\/www.starsislandlapalma.es\/#website","url":"https:\/\/www.starsislandlapalma.es\/","name":"Stars Island La Palma","description":"La Palma, el lugar perfecto para disfrutar del universo. Primera Reserva Starlight del mundo, en 2012 se reconoce como Destino Tur\u00edstico Starlight","publisher":{"@id":"https:\/\/www.starsislandlapalma.es\/#organization"},"potentialAction":[{"@type":"SearchAction","target":{"@type":"EntryPoint","urlTemplate":"https:\/\/www.starsislandlapalma.es\/?s={search_term_string}"},"query-input":{"@type":"PropertyValueSpecification","valueRequired":true,"valueName":"search_term_string"}}],"inLanguage":"de"},{"@type":"Organization","@id":"https:\/\/www.starsislandlapalma.es\/#organization","name":"Star Island La Palma","url":"https:\/\/www.starsislandlapalma.es\/","logo":{"@type":"ImageObject","inLanguage":"de","@id":"https:\/\/www.starsislandlapalma.es\/#\/schema\/logo\/image\/","url":"https:\/\/www.starsislandlapalma.es\/wp-content\/uploads\/2022\/01\/logo_starisland.png","contentUrl":"https:\/\/www.starsislandlapalma.es\/wp-content\/uploads\/2022\/01\/logo_starisland.png","width":172,"height":139,"caption":"Star Island La Palma"},"image":{"@id":"https:\/\/www.starsislandlapalma.es\/#\/schema\/logo\/image\/"},"sameAs":["https:\/\/www.facebook.com\/pages\/Starsisland-La-Palma\/210888162375006?ref=hl","https:\/\/x.com\/starsislandlapa","https:\/\/www.pinterest.com\/astroturismo\/","https:\/\/www.youtube.com\/channel\/UCV7sju1ggcBpJG39HQCBtsA"]},{"@type":"Person","@id":"https:\/\/www.starsislandlapalma.es\/#\/schema\/person\/d2618b46c3dc5c031ddd56a658f9ab25","name":"StarsIsland","image":{"@type":"ImageObject","inLanguage":"de","@id":"https:\/\/www.starsislandlapalma.es\/#\/schema\/person\/image\/","url":"https:\/\/secure.gravatar.com\/avatar\/30a35f2b7b8f976566433f1ab7d6402f?s=96&d=mm&r=g","contentUrl":"https:\/\/secure.gravatar.com\/avatar\/30a35f2b7b8f976566433f1ab7d6402f?s=96&d=mm&r=g","caption":"StarsIsland"},"url":"https:\/\/www.starsislandlapalma.es\/de\/author\/starsisland\/"}]}},"_links":{"self":[{"href":"https:\/\/www.starsislandlapalma.es\/de\/wp-json\/wp\/v2\/posts\/22975\/"}],"collection":[{"href":"https:\/\/www.starsislandlapalma.es\/de\/wp-json\/wp\/v2\/posts\/"}],"about":[{"href":"https:\/\/www.starsislandlapalma.es\/de\/wp-json\/wp\/v2\/types\/post\/"}],"author":[{"embeddable":true,"href":"https:\/\/www.starsislandlapalma.es\/de\/wp-json\/wp\/v2\/users\/4\/"}],"replies":[{"embeddable":true,"href":"https:\/\/www.starsislandlapalma.es\/de\/wp-json\/wp\/v2\/comments\/?post=22975"}],"version-history":[{"count":0,"href":"https:\/\/www.starsislandlapalma.es\/de\/wp-json\/wp\/v2\/posts\/22975\/revisions\/"}],"wp:featuredmedia":[{"embeddable":true,"href":"https:\/\/www.starsislandlapalma.es\/de\/wp-json\/wp\/v2\/media\/22972\/"}],"wp:attachment":[{"href":"https:\/\/www.starsislandlapalma.es\/de\/wp-json\/wp\/v2\/media\/?parent=22975"}],"wp:term":[{"taxonomy":"category","embeddable":true,"href":"https:\/\/www.starsislandlapalma.es\/de\/wp-json\/wp\/v2\/categories\/?post=22975"},{"taxonomy":"post_tag","embeddable":true,"href":"https:\/\/www.starsislandlapalma.es\/de\/wp-json\/wp\/v2\/tags\/?post=22975"}],"curies":[{"name":"wp","href":"https:\/\/api.w.org\/{rel}","templated":true}]}}