{"id":23099,"date":"2021-08-02T10:58:30","date_gmt":"2021-08-02T10:58:30","guid":{"rendered":"https:\/\/www.starsislandlapalma.es\/bono-u2-peter-gabriel-brian-may-y-jeff-bezos-amazon-previstos-en-el-starmus-palmero-del-verano-2022\/"},"modified":"2021-08-06T13:00:36","modified_gmt":"2021-08-06T13:00:36","slug":"bono-u2-peter-gabriel-brian-may-y-jeff-bezos-amazon-previstos-en-el-starmus-palmero-del-verano-2022","status":"publish","type":"post","link":"https:\/\/www.starsislandlapalma.es\/de\/bono-u2-peter-gabriel-brian-may-y-jeff-bezos-amazon-previstos-en-el-starmus-palmero-del-verano-2022\/","title":{"rendered":"Bono (U2), Peter Gabriel, Brian May y Jeff Bezos (Amazon), previstos en el Starmus palmero del verano 2022"},"content":{"rendered":"<p>Los protagonistas de la nueva carrera espacial, como el fundador de Space X y Tesla, Elon Musk; el presidente de Amazon y Origin, Jeff Bezos; el director de la Agencia Espacial de China, Zhang Kejian; as\u00ed como otras personalidades de referencia en el mundo del espacio, desde cient\u00edficos hasta premios nobeles. Esto, adem\u00e1s, estar\u00e1 aderezado con la voz de artistas que aman el espacio como Bono, Peter Gabriel y Brian May, todos ellos participaran en el Festival Internacional Starmus, previsto para el verano 2022 en La Palma.<\/p>\n<p>As\u00ed lo ha anunciado el promotor de la cita, Garik Israelian, quien ha facilitado estos nombres entre otras muchas personalidades relevantes de la ciencia, la aeron\u00e1utica y la m\u00fasica, que participaran en este festival con el fin de reivindicar la isla como referente mundial de la ciencia y la astronom\u00eda.<\/p>\n<p>Adem\u00e1s, asegura que su idea es celebrar una edici\u00f3n centrada en la pr\u00f3xima carrera espacial. \u201cQueremos montar un evento espectacular y \u00fanico. En dos, tres a\u00f1os, llegaremos a la Luna. Y puede que dentro de 10 estemos en Marte. Vienen a\u00f1os en los que el espacio ser\u00e1 una prioridad y queremos que ese debate se d\u00e9 en la isla de La Palma\u201d.<\/p>\n<p>Agrega israelian que el festival tambi\u00e9n ser\u00e1 una oportunidad para \u201cinspirar\u201d a la juventud. \u201cQueremos involucrar a 100.000 personas en reuniones con empresarios de tecnolog\u00eda para despertar pasiones entre los j\u00f3venes alrededor de la tecnolog\u00eda, la aeron\u00e1utica y el espacio\u201d.<\/p>\n","protected":false},"excerpt":{"rendered":"<p>Los protagonistas de la nueva carrera espacial, como el fundador de Space X y Tesla, Elon Musk; el presidente de Amazon y Origin, Jeff Bezos; el director de la Agencia Espacial de China, Zhang Kejian; as\u00ed como otras personalidades de referencia en el mundo del&#8230;<\/p>\n","protected":false},"author":1,"featured_media":23096,"comment_status":"open","ping_status":"open","sticky":false,"template":"","format":"standard","meta":{"footnotes":""},"categories":[140,135],"tags":[741],"yoast_head":"<!-- This site is optimized with the Yoast SEO plugin v24.5 - https:\/\/yoast.com\/wordpress\/plugins\/seo\/ -->\n<title>Bono (U2), Peter Gabriel, Brian May y Jeff Bezos (Amazon), previstos en el Starmus palmero del verano 2022 &#8902; Stars Island La Palma<\/title>\n<meta name=\"robots\" content=\"index, follow, max-snippet:-1, max-image-preview:large, max-video-preview:-1\" \/>\n<link rel=\"canonical\" href=\"https:\/\/www.starsislandlapalma.es\/de\/bono-u2-peter-gabriel-brian-may-y-jeff-bezos-amazon-previstos-en-el-starmus-palmero-del-verano-2022\/\" \/>\n<meta property=\"og:locale\" content=\"de_DE\" \/>\n<meta property=\"og:type\" content=\"article\" \/>\n<meta property=\"og:title\" content=\"Bono (U2), Peter Gabriel, Brian May y Jeff Bezos (Amazon), previstos en el Starmus palmero del verano 2022 &#8902; Stars Island La Palma\" \/>\n<meta property=\"og:description\" content=\"Los protagonistas de la nueva carrera espacial, como el fundador de Space X y Tesla, Elon Musk; el presidente de Amazon y Origin, Jeff Bezos; el director de la Agencia Espacial de China, Zhang Kejian; as\u00ed como otras personalidades de referencia en el mundo del...\" \/>\n<meta property=\"og:url\" content=\"https:\/\/www.starsislandlapalma.es\/de\/bono-u2-peter-gabriel-brian-may-y-jeff-bezos-amazon-previstos-en-el-starmus-palmero-del-verano-2022\/\" \/>\n<meta property=\"og:site_name\" content=\"Stars Island La Palma\" \/>\n<meta property=\"article:publisher\" content=\"https:\/\/www.facebook.com\/pages\/Starsisland-La-Palma\/210888162375006?ref=hl\" \/>\n<meta property=\"article:published_time\" content=\"2021-08-02T10:58:30+00:00\" \/>\n<meta property=\"article:modified_time\" content=\"2021-08-06T13:00:36+00:00\" \/>\n<meta property=\"og:image\" content=\"https:\/\/www.starsislandlapalma.es\/wp-content\/uploads\/2021\/08\/starus_2022.jpg\" \/>\n\t<meta property=\"og:image:width\" content=\"999\" \/>\n\t<meta property=\"og:image:height\" content=\"600\" \/>\n\t<meta property=\"og:image:type\" content=\"image\/jpeg\" \/>\n<meta name=\"author\" content=\"Stars Island La Palma\" \/>\n<meta name=\"twitter:label1\" content=\"Verfasst von\" \/>\n\t<meta name=\"twitter:data1\" content=\"Stars Island La Palma\" \/>\n\t<meta name=\"twitter:label2\" content=\"Gesch\u00e4tzte Lesezeit\" \/>\n\t<meta name=\"twitter:data2\" content=\"1\u00a0Minute\" \/>\n<script type=\"application\/ld+json\" class=\"yoast-schema-graph\">{\"@context\":\"https:\/\/schema.org\",\"@graph\":[{\"@type\":\"Article\",\"@id\":\"https:\/\/www.starsislandlapalma.es\/de\/bono-u2-peter-gabriel-brian-may-y-jeff-bezos-amazon-previstos-en-el-starmus-palmero-del-verano-2022\/#article\",\"isPartOf\":{\"@id\":\"https:\/\/www.starsislandlapalma.es\/de\/bono-u2-peter-gabriel-brian-may-y-jeff-bezos-amazon-previstos-en-el-starmus-palmero-del-verano-2022\/\"},\"author\":{\"name\":\"Stars Island La Palma\",\"@id\":\"https:\/\/www.starsislandlapalma.es\/#\/schema\/person\/9043f5bd4f379ca7532bf525fa88073b\"},\"headline\":\"Bono (U2), Peter Gabriel, Brian May y Jeff Bezos (Amazon), previstos en el Starmus palmero del verano 2022\",\"datePublished\":\"2021-08-02T10:58:30+00:00\",\"dateModified\":\"2021-08-06T13:00:36+00:00\",\"mainEntityOfPage\":{\"@id\":\"https:\/\/www.starsislandlapalma.es\/de\/bono-u2-peter-gabriel-brian-may-y-jeff-bezos-amazon-previstos-en-el-starmus-palmero-del-verano-2022\/\"},\"wordCount\":268,\"commentCount\":0,\"publisher\":{\"@id\":\"https:\/\/www.starsislandlapalma.es\/#organization\"},\"image\":{\"@id\":\"https:\/\/www.starsislandlapalma.es\/de\/bono-u2-peter-gabriel-brian-may-y-jeff-bezos-amazon-previstos-en-el-starmus-palmero-del-verano-2022\/#primaryimage\"},\"thumbnailUrl\":\"https:\/\/www.starsislandlapalma.es\/wp-content\/uploads\/2021\/08\/starus_2022.jpg\",\"keywords\":[\"Festival Starmus\"],\"articleSection\":[\"Event\",\"Nachricht\"],\"inLanguage\":\"de\",\"potentialAction\":[{\"@type\":\"CommentAction\",\"name\":\"Comment\",\"target\":[\"https:\/\/www.starsislandlapalma.es\/de\/bono-u2-peter-gabriel-brian-may-y-jeff-bezos-amazon-previstos-en-el-starmus-palmero-del-verano-2022\/#respond\"]}]},{\"@type\":\"WebPage\",\"@id\":\"https:\/\/www.starsislandlapalma.es\/de\/bono-u2-peter-gabriel-brian-may-y-jeff-bezos-amazon-previstos-en-el-starmus-palmero-del-verano-2022\/\",\"url\":\"https:\/\/www.starsislandlapalma.es\/de\/bono-u2-peter-gabriel-brian-may-y-jeff-bezos-amazon-previstos-en-el-starmus-palmero-del-verano-2022\/\",\"name\":\"Bono (U2), Peter Gabriel, Brian May y Jeff Bezos (Amazon), previstos en el Starmus palmero del verano 2022 &#8902; Stars Island La Palma\",\"isPartOf\":{\"@id\":\"https:\/\/www.starsislandlapalma.es\/#website\"},\"primaryImageOfPage\":{\"@id\":\"https:\/\/www.starsislandlapalma.es\/de\/bono-u2-peter-gabriel-brian-may-y-jeff-bezos-amazon-previstos-en-el-starmus-palmero-del-verano-2022\/#primaryimage\"},\"image\":{\"@id\":\"https:\/\/www.starsislandlapalma.es\/de\/bono-u2-peter-gabriel-brian-may-y-jeff-bezos-amazon-previstos-en-el-starmus-palmero-del-verano-2022\/#primaryimage\"},\"thumbnailUrl\":\"https:\/\/www.starsislandlapalma.es\/wp-content\/uploads\/2021\/08\/starus_2022.jpg\",\"datePublished\":\"2021-08-02T10:58:30+00:00\",\"dateModified\":\"2021-08-06T13:00:36+00:00\",\"breadcrumb\":{\"@id\":\"https:\/\/www.starsislandlapalma.es\/de\/bono-u2-peter-gabriel-brian-may-y-jeff-bezos-amazon-previstos-en-el-starmus-palmero-del-verano-2022\/#breadcrumb\"},\"inLanguage\":\"de\",\"potentialAction\":[{\"@type\":\"ReadAction\",\"target\":[\"https:\/\/www.starsislandlapalma.es\/de\/bono-u2-peter-gabriel-brian-may-y-jeff-bezos-amazon-previstos-en-el-starmus-palmero-del-verano-2022\/\"]}]},{\"@type\":\"ImageObject\",\"inLanguage\":\"de\",\"@id\":\"https:\/\/www.starsislandlapalma.es\/de\/bono-u2-peter-gabriel-brian-may-y-jeff-bezos-amazon-previstos-en-el-starmus-palmero-del-verano-2022\/#primaryimage\",\"url\":\"https:\/\/www.starsislandlapalma.es\/wp-content\/uploads\/2021\/08\/starus_2022.jpg\",\"contentUrl\":\"https:\/\/www.starsislandlapalma.es\/wp-content\/uploads\/2021\/08\/starus_2022.jpg\",\"width\":999,\"height\":600,\"caption\":\"Bezos, May y Bono estar\u00e1n en el Starmus 2022\"},{\"@type\":\"BreadcrumbList\",\"@id\":\"https:\/\/www.starsislandlapalma.es\/de\/bono-u2-peter-gabriel-brian-may-y-jeff-bezos-amazon-previstos-en-el-starmus-palmero-del-verano-2022\/#breadcrumb\",\"itemListElement\":[{\"@type\":\"ListItem\",\"position\":1,\"name\":\"Portada\",\"item\":\"https:\/\/www.starsislandlapalma.es\/de\/\"},{\"@type\":\"ListItem\",\"position\":2,\"name\":\"Bono (U2), Peter Gabriel, Brian May y Jeff Bezos (Amazon), previstos en el Starmus palmero del verano 2022\"}]},{\"@type\":\"WebSite\",\"@id\":\"https:\/\/www.starsislandlapalma.es\/#website\",\"url\":\"https:\/\/www.starsislandlapalma.es\/\",\"name\":\"Stars Island La Palma\",\"description\":\"La Palma, el lugar perfecto para disfrutar del universo. Primera Reserva Starlight del mundo, en 2012 se reconoce como Destino Tur\u00edstico Starlight\",\"publisher\":{\"@id\":\"https:\/\/www.starsislandlapalma.es\/#organization\"},\"potentialAction\":[{\"@type\":\"SearchAction\",\"target\":{\"@type\":\"EntryPoint\",\"urlTemplate\":\"https:\/\/www.starsislandlapalma.es\/?s={search_term_string}\"},\"query-input\":{\"@type\":\"PropertyValueSpecification\",\"valueRequired\":true,\"valueName\":\"search_term_string\"}}],\"inLanguage\":\"de\"},{\"@type\":\"Organization\",\"@id\":\"https:\/\/www.starsislandlapalma.es\/#organization\",\"name\":\"Star Island La Palma\",\"url\":\"https:\/\/www.starsislandlapalma.es\/\",\"logo\":{\"@type\":\"ImageObject\",\"inLanguage\":\"de\",\"@id\":\"https:\/\/www.starsislandlapalma.es\/#\/schema\/logo\/image\/\",\"url\":\"https:\/\/www.starsislandlapalma.es\/wp-content\/uploads\/2022\/01\/logo_starisland.png\",\"contentUrl\":\"https:\/\/www.starsislandlapalma.es\/wp-content\/uploads\/2022\/01\/logo_starisland.png\",\"width\":172,\"height\":139,\"caption\":\"Star Island La Palma\"},\"image\":{\"@id\":\"https:\/\/www.starsislandlapalma.es\/#\/schema\/logo\/image\/\"},\"sameAs\":[\"https:\/\/www.facebook.com\/pages\/Starsisland-La-Palma\/210888162375006?ref=hl\",\"https:\/\/x.com\/starsislandlapa\",\"https:\/\/www.pinterest.com\/astroturismo\/\",\"https:\/\/www.youtube.com\/channel\/UCV7sju1ggcBpJG39HQCBtsA\"]},{\"@type\":\"Person\",\"@id\":\"https:\/\/www.starsislandlapalma.es\/#\/schema\/person\/9043f5bd4f379ca7532bf525fa88073b\",\"name\":\"Stars Island La Palma\",\"image\":{\"@type\":\"ImageObject\",\"inLanguage\":\"de\",\"@id\":\"https:\/\/www.starsislandlapalma.es\/#\/schema\/person\/image\/\",\"url\":\"https:\/\/secure.gravatar.com\/avatar\/214edfeae37af83662fa1058aeebfb41?s=96&d=mm&r=g\",\"contentUrl\":\"https:\/\/secure.gravatar.com\/avatar\/214edfeae37af83662fa1058aeebfb41?s=96&d=mm&r=g\",\"caption\":\"Stars Island La Palma\"},\"url\":\"https:\/\/www.starsislandlapalma.es\/de\/author\/star\/\"}]}<\/script>\n<!-- \/ Yoast SEO plugin. -->","yoast_head_json":{"title":"Bono (U2), Peter Gabriel, Brian May y Jeff Bezos (Amazon), previstos en el Starmus palmero del verano 2022 &#8902; Stars Island La Palma","robots":{"index":"index","follow":"follow","max-snippet":"max-snippet:-1","max-image-preview":"max-image-preview:large","max-video-preview":"max-video-preview:-1"},"canonical":"https:\/\/www.starsislandlapalma.es\/de\/bono-u2-peter-gabriel-brian-may-y-jeff-bezos-amazon-previstos-en-el-starmus-palmero-del-verano-2022\/","og_locale":"de_DE","og_type":"article","og_title":"Bono (U2), Peter Gabriel, Brian May y Jeff Bezos (Amazon), previstos en el Starmus palmero del verano 2022 &#8902; Stars Island La Palma","og_description":"Los protagonistas de la nueva carrera espacial, como el fundador de Space X y Tesla, Elon Musk; el presidente de Amazon y Origin, Jeff Bezos; el director de la Agencia Espacial de China, Zhang Kejian; as\u00ed como otras personalidades de referencia en el mundo del...","og_url":"https:\/\/www.starsislandlapalma.es\/de\/bono-u2-peter-gabriel-brian-may-y-jeff-bezos-amazon-previstos-en-el-starmus-palmero-del-verano-2022\/","og_site_name":"Stars Island La Palma","article_publisher":"https:\/\/www.facebook.com\/pages\/Starsisland-La-Palma\/210888162375006?ref=hl","article_published_time":"2021-08-02T10:58:30+00:00","article_modified_time":"2021-08-06T13:00:36+00:00","og_image":[{"width":999,"height":600,"url":"https:\/\/www.starsislandlapalma.es\/wp-content\/uploads\/2021\/08\/starus_2022.jpg","type":"image\/jpeg"}],"author":"Stars Island La Palma","twitter_misc":{"Verfasst von":"Stars Island La Palma","Gesch\u00e4tzte Lesezeit":"1\u00a0Minute"},"schema":{"@context":"https:\/\/schema.org","@graph":[{"@type":"Article","@id":"https:\/\/www.starsislandlapalma.es\/de\/bono-u2-peter-gabriel-brian-may-y-jeff-bezos-amazon-previstos-en-el-starmus-palmero-del-verano-2022\/#article","isPartOf":{"@id":"https:\/\/www.starsislandlapalma.es\/de\/bono-u2-peter-gabriel-brian-may-y-jeff-bezos-amazon-previstos-en-el-starmus-palmero-del-verano-2022\/"},"author":{"name":"Stars Island La Palma","@id":"https:\/\/www.starsislandlapalma.es\/#\/schema\/person\/9043f5bd4f379ca7532bf525fa88073b"},"headline":"Bono (U2), Peter Gabriel, Brian May y Jeff Bezos (Amazon), previstos en el Starmus palmero del verano 2022","datePublished":"2021-08-02T10:58:30+00:00","dateModified":"2021-08-06T13:00:36+00:00","mainEntityOfPage":{"@id":"https:\/\/www.starsislandlapalma.es\/de\/bono-u2-peter-gabriel-brian-may-y-jeff-bezos-amazon-previstos-en-el-starmus-palmero-del-verano-2022\/"},"wordCount":268,"commentCount":0,"publisher":{"@id":"https:\/\/www.starsislandlapalma.es\/#organization"},"image":{"@id":"https:\/\/www.starsislandlapalma.es\/de\/bono-u2-peter-gabriel-brian-may-y-jeff-bezos-amazon-previstos-en-el-starmus-palmero-del-verano-2022\/#primaryimage"},"thumbnailUrl":"https:\/\/www.starsislandlapalma.es\/wp-content\/uploads\/2021\/08\/starus_2022.jpg","keywords":["Festival Starmus"],"articleSection":["Event","Nachricht"],"inLanguage":"de","potentialAction":[{"@type":"CommentAction","name":"Comment","target":["https:\/\/www.starsislandlapalma.es\/de\/bono-u2-peter-gabriel-brian-may-y-jeff-bezos-amazon-previstos-en-el-starmus-palmero-del-verano-2022\/#respond"]}]},{"@type":"WebPage","@id":"https:\/\/www.starsislandlapalma.es\/de\/bono-u2-peter-gabriel-brian-may-y-jeff-bezos-amazon-previstos-en-el-starmus-palmero-del-verano-2022\/","url":"https:\/\/www.starsislandlapalma.es\/de\/bono-u2-peter-gabriel-brian-may-y-jeff-bezos-amazon-previstos-en-el-starmus-palmero-del-verano-2022\/","name":"Bono (U2), Peter Gabriel, Brian May y Jeff Bezos (Amazon), previstos en el Starmus palmero del verano 2022 &#8902; Stars Island La Palma","isPartOf":{"@id":"https:\/\/www.starsislandlapalma.es\/#website"},"primaryImageOfPage":{"@id":"https:\/\/www.starsislandlapalma.es\/de\/bono-u2-peter-gabriel-brian-may-y-jeff-bezos-amazon-previstos-en-el-starmus-palmero-del-verano-2022\/#primaryimage"},"image":{"@id":"https:\/\/www.starsislandlapalma.es\/de\/bono-u2-peter-gabriel-brian-may-y-jeff-bezos-amazon-previstos-en-el-starmus-palmero-del-verano-2022\/#primaryimage"},"thumbnailUrl":"https:\/\/www.starsislandlapalma.es\/wp-content\/uploads\/2021\/08\/starus_2022.jpg","datePublished":"2021-08-02T10:58:30+00:00","dateModified":"2021-08-06T13:00:36+00:00","breadcrumb":{"@id":"https:\/\/www.starsislandlapalma.es\/de\/bono-u2-peter-gabriel-brian-may-y-jeff-bezos-amazon-previstos-en-el-starmus-palmero-del-verano-2022\/#breadcrumb"},"inLanguage":"de","potentialAction":[{"@type":"ReadAction","target":["https:\/\/www.starsislandlapalma.es\/de\/bono-u2-peter-gabriel-brian-may-y-jeff-bezos-amazon-previstos-en-el-starmus-palmero-del-verano-2022\/"]}]},{"@type":"ImageObject","inLanguage":"de","@id":"https:\/\/www.starsislandlapalma.es\/de\/bono-u2-peter-gabriel-brian-may-y-jeff-bezos-amazon-previstos-en-el-starmus-palmero-del-verano-2022\/#primaryimage","url":"https:\/\/www.starsislandlapalma.es\/wp-content\/uploads\/2021\/08\/starus_2022.jpg","contentUrl":"https:\/\/www.starsislandlapalma.es\/wp-content\/uploads\/2021\/08\/starus_2022.jpg","width":999,"height":600,"caption":"Bezos, May y Bono estar\u00e1n en el Starmus 2022"},{"@type":"BreadcrumbList","@id":"https:\/\/www.starsislandlapalma.es\/de\/bono-u2-peter-gabriel-brian-may-y-jeff-bezos-amazon-previstos-en-el-starmus-palmero-del-verano-2022\/#breadcrumb","itemListElement":[{"@type":"ListItem","position":1,"name":"Portada","item":"https:\/\/www.starsislandlapalma.es\/de\/"},{"@type":"ListItem","position":2,"name":"Bono (U2), Peter Gabriel, Brian May y Jeff Bezos (Amazon), previstos en el Starmus palmero del verano 2022"}]},{"@type":"WebSite","@id":"https:\/\/www.starsislandlapalma.es\/#website","url":"https:\/\/www.starsislandlapalma.es\/","name":"Stars Island La Palma","description":"La Palma, el lugar perfecto para disfrutar del universo. Primera Reserva Starlight del mundo, en 2012 se reconoce como Destino Tur\u00edstico Starlight","publisher":{"@id":"https:\/\/www.starsislandlapalma.es\/#organization"},"potentialAction":[{"@type":"SearchAction","target":{"@type":"EntryPoint","urlTemplate":"https:\/\/www.starsislandlapalma.es\/?s={search_term_string}"},"query-input":{"@type":"PropertyValueSpecification","valueRequired":true,"valueName":"search_term_string"}}],"inLanguage":"de"},{"@type":"Organization","@id":"https:\/\/www.starsislandlapalma.es\/#organization","name":"Star Island La Palma","url":"https:\/\/www.starsislandlapalma.es\/","logo":{"@type":"ImageObject","inLanguage":"de","@id":"https:\/\/www.starsislandlapalma.es\/#\/schema\/logo\/image\/","url":"https:\/\/www.starsislandlapalma.es\/wp-content\/uploads\/2022\/01\/logo_starisland.png","contentUrl":"https:\/\/www.starsislandlapalma.es\/wp-content\/uploads\/2022\/01\/logo_starisland.png","width":172,"height":139,"caption":"Star Island La Palma"},"image":{"@id":"https:\/\/www.starsislandlapalma.es\/#\/schema\/logo\/image\/"},"sameAs":["https:\/\/www.facebook.com\/pages\/Starsisland-La-Palma\/210888162375006?ref=hl","https:\/\/x.com\/starsislandlapa","https:\/\/www.pinterest.com\/astroturismo\/","https:\/\/www.youtube.com\/channel\/UCV7sju1ggcBpJG39HQCBtsA"]},{"@type":"Person","@id":"https:\/\/www.starsislandlapalma.es\/#\/schema\/person\/9043f5bd4f379ca7532bf525fa88073b","name":"Stars Island La Palma","image":{"@type":"ImageObject","inLanguage":"de","@id":"https:\/\/www.starsislandlapalma.es\/#\/schema\/person\/image\/","url":"https:\/\/secure.gravatar.com\/avatar\/214edfeae37af83662fa1058aeebfb41?s=96&d=mm&r=g","contentUrl":"https:\/\/secure.gravatar.com\/avatar\/214edfeae37af83662fa1058aeebfb41?s=96&d=mm&r=g","caption":"Stars Island La Palma"},"url":"https:\/\/www.starsislandlapalma.es\/de\/author\/star\/"}]}},"_links":{"self":[{"href":"https:\/\/www.starsislandlapalma.es\/de\/wp-json\/wp\/v2\/posts\/23099\/"}],"collection":[{"href":"https:\/\/www.starsislandlapalma.es\/de\/wp-json\/wp\/v2\/posts\/"}],"about":[{"href":"https:\/\/www.starsislandlapalma.es\/de\/wp-json\/wp\/v2\/types\/post\/"}],"author":[{"embeddable":true,"href":"https:\/\/www.starsislandlapalma.es\/de\/wp-json\/wp\/v2\/users\/1\/"}],"replies":[{"embeddable":true,"href":"https:\/\/www.starsislandlapalma.es\/de\/wp-json\/wp\/v2\/comments\/?post=23099"}],"version-history":[{"count":0,"href":"https:\/\/www.starsislandlapalma.es\/de\/wp-json\/wp\/v2\/posts\/23099\/revisions\/"}],"wp:featuredmedia":[{"embeddable":true,"href":"https:\/\/www.starsislandlapalma.es\/de\/wp-json\/wp\/v2\/media\/23096\/"}],"wp:attachment":[{"href":"https:\/\/www.starsislandlapalma.es\/de\/wp-json\/wp\/v2\/media\/?parent=23099"}],"wp:term":[{"taxonomy":"category","embeddable":true,"href":"https:\/\/www.starsislandlapalma.es\/de\/wp-json\/wp\/v2\/categories\/?post=23099"},{"taxonomy":"post_tag","embeddable":true,"href":"https:\/\/www.starsislandlapalma.es\/de\/wp-json\/wp\/v2\/tags\/?post=23099"}],"curies":[{"name":"wp","href":"https:\/\/api.w.org\/{rel}","templated":true}]}}