{"id":23745,"date":"2021-10-04T11:52:15","date_gmt":"2021-10-04T11:52:15","guid":{"rendered":"https:\/\/www.starsislandlapalma.es\/una-fotografia-del-volcan-de-la-palma-de-la-astrofisica-ana-garcia-bonus-de-imagen-del-dia-de-la-tierra\/"},"modified":"2021-10-04T11:52:15","modified_gmt":"2021-10-04T11:52:15","slug":"una-fotografia-del-volcan-de-la-palma-de-la-astrofisica-ana-garcia-bonus-de-imagen-del-dia-de-la-tierra","status":"publish","type":"post","link":"https:\/\/www.starsislandlapalma.es\/de\/una-fotografia-del-volcan-de-la-palma-de-la-astrofisica-ana-garcia-bonus-de-imagen-del-dia-de-la-tierra\/","title":{"rendered":"Una fotograf\u00eda del volc\u00e1n de La Palma de la astrof\u00edsica Ana Garc\u00eda, &#8218;Bonus&#8216; de &#8218;Imagen del D\u00eda de la Tierra&#8216;"},"content":{"rendered":"<p style=\"text-align: justify;\">Una fotograf\u00eda del volc\u00e1n de La Palma desde el Pico de la Cruz, realizada por la astrof\u00edsica Ana Garc\u00eda, ha logrado este lunes un <em>Bonus Earth Science Picture of the Day<\/em>\u00a0(Bono de Imagen del D\u00eda Ciencias de la Tierra, EPOD por sus siglas en ingl\u00e9s). En este caso se trata de una fotograf\u00eda extra de las Ciencias de la Tierra del D\u00eda de la Erupci\u00f3n Volc\u00e1nica de La Palma.<\/p>\n<p style=\"text-align: justify;\">\u201cUn nuevo volc\u00e1n entr\u00f3 en erupci\u00f3n en La Palma el 19 de septiembre y ha estado provocando cenizas y lava durante las \u00faltimas semanas. La Palma es una isla volc\u00e1nica de las Islas Canarias muy conocida por sus paisajes espectaculares, bosques exuberantes, rutas de senderismo y cielo oscuro\u201d, explica la USRA, una corporaci\u00f3n de investigaci\u00f3n independiente y sin fines de lucro donde los esfuerzos combinados del talento interno y la experiencia universitaria se fusionan para promover la ciencia y la tecnolog\u00eda espaciales.<\/p>\n<p style=\"text-align: justify;\">\u201cLa imagen muestra el volc\u00e1n a unas 10 millas (15 kil\u00f3metros) de distancia con la V\u00eda L\u00e1ctea visible en el lado derecho. Este nuevo volc\u00e1n (a\u00fan sin nombre) ya est\u00e1 cambiando el paisaje de parte de la isla. Est\u00e1 destruyendo lo que hab\u00eda antes, incluidas numerosas casas y plantaciones de pl\u00e1tano, y dejando tras de s\u00ed flujos de lava y paredes de lava fundida que han alcanzado hasta 50 pies (15 metros) de altura. A pesar del hambre y la crueldad del volc\u00e1n, es imposible no dejarse hipnotizar por la belleza de la naturaleza ya que siempre nos recuerda que, los humanos, estamos aqu\u00ed por poco tiempo, mientras que la Tierra permanecer\u00e1\u201d, recuerda.<\/p>\n","protected":false},"excerpt":{"rendered":"<p>Una fotograf\u00eda del volc\u00e1n de La Palma desde el Pico de la Cruz, realizada por la astrof\u00edsica Ana Garc\u00eda, ha logrado este lunes un Bonus Earth Science Picture of the Day\u00a0(Bono de Imagen del D\u00eda Ciencias de la Tierra, EPOD por sus siglas en ingl\u00e9s)&#8230;.<\/p>\n","protected":false},"author":4,"featured_media":23742,"comment_status":"open","ping_status":"open","sticky":false,"template":"","format":"standard","meta":{"footnotes":""},"categories":[135],"tags":[820],"yoast_head":"<!-- This site is optimized with the Yoast SEO plugin v24.5 - https:\/\/yoast.com\/wordpress\/plugins\/seo\/ -->\n<title>Una fotograf\u00eda del volc\u00e1n de La Palma de la astrof\u00edsica Ana Garc\u00eda, &#039;Bonus&#039; de &#039;Imagen del D\u00eda de la Tierra&#039; &#8902; Stars Island La Palma<\/title>\n<meta name=\"robots\" content=\"index, follow, max-snippet:-1, max-image-preview:large, max-video-preview:-1\" \/>\n<link rel=\"canonical\" href=\"https:\/\/www.starsislandlapalma.es\/de\/una-fotografia-del-volcan-de-la-palma-de-la-astrofisica-ana-garcia-bonus-de-imagen-del-dia-de-la-tierra\/\" \/>\n<meta property=\"og:locale\" content=\"de_DE\" \/>\n<meta property=\"og:type\" content=\"article\" \/>\n<meta property=\"og:title\" content=\"Una fotograf\u00eda del volc\u00e1n de La Palma de la astrof\u00edsica Ana Garc\u00eda, &#039;Bonus&#039; de &#039;Imagen del D\u00eda de la Tierra&#039; &#8902; Stars Island La Palma\" \/>\n<meta property=\"og:description\" content=\"Una fotograf\u00eda del volc\u00e1n de La Palma desde el Pico de la Cruz, realizada por la astrof\u00edsica Ana Garc\u00eda, ha logrado este lunes un Bonus Earth Science Picture of the Day\u00a0(Bono de Imagen del D\u00eda Ciencias de la Tierra, EPOD por sus siglas en ingl\u00e9s)....\" \/>\n<meta property=\"og:url\" content=\"https:\/\/www.starsislandlapalma.es\/de\/una-fotografia-del-volcan-de-la-palma-de-la-astrofisica-ana-garcia-bonus-de-imagen-del-dia-de-la-tierra\/\" \/>\n<meta property=\"og:site_name\" content=\"Stars Island La Palma\" \/>\n<meta property=\"article:publisher\" content=\"https:\/\/www.facebook.com\/pages\/Starsisland-La-Palma\/210888162375006?ref=hl\" \/>\n<meta property=\"article:published_time\" content=\"2021-10-04T11:52:15+00:00\" \/>\n<meta property=\"og:image\" content=\"https:\/\/www.starsislandlapalma.es\/wp-content\/uploads\/2021\/10\/volcan-desde-pico-de-la-cruz-autora-ana-garcia.jpg\" \/>\n\t<meta property=\"og:image:width\" content=\"1600\" \/>\n\t<meta property=\"og:image:height\" content=\"1066\" \/>\n\t<meta property=\"og:image:type\" content=\"image\/jpeg\" \/>\n<meta name=\"author\" content=\"StarsIsland\" \/>\n<meta name=\"twitter:label1\" content=\"Verfasst von\" \/>\n\t<meta name=\"twitter:data1\" content=\"StarsIsland\" \/>\n\t<meta name=\"twitter:label2\" content=\"Gesch\u00e4tzte Lesezeit\" \/>\n\t<meta name=\"twitter:data2\" content=\"1\u00a0Minute\" \/>\n<script type=\"application\/ld+json\" class=\"yoast-schema-graph\">{\"@context\":\"https:\/\/schema.org\",\"@graph\":[{\"@type\":\"Article\",\"@id\":\"https:\/\/www.starsislandlapalma.es\/de\/una-fotografia-del-volcan-de-la-palma-de-la-astrofisica-ana-garcia-bonus-de-imagen-del-dia-de-la-tierra\/#article\",\"isPartOf\":{\"@id\":\"https:\/\/www.starsislandlapalma.es\/de\/una-fotografia-del-volcan-de-la-palma-de-la-astrofisica-ana-garcia-bonus-de-imagen-del-dia-de-la-tierra\/\"},\"author\":{\"name\":\"StarsIsland\",\"@id\":\"https:\/\/www.starsislandlapalma.es\/#\/schema\/person\/d2618b46c3dc5c031ddd56a658f9ab25\"},\"headline\":\"Una fotograf\u00eda del volc\u00e1n de La Palma de la astrof\u00edsica Ana Garc\u00eda, &#8218;Bonus&#8216; de &#8218;Imagen del D\u00eda de la Tierra&#8216;\",\"datePublished\":\"2021-10-04T11:52:15+00:00\",\"mainEntityOfPage\":{\"@id\":\"https:\/\/www.starsislandlapalma.es\/de\/una-fotografia-del-volcan-de-la-palma-de-la-astrofisica-ana-garcia-bonus-de-imagen-del-dia-de-la-tierra\/\"},\"wordCount\":310,\"commentCount\":0,\"publisher\":{\"@id\":\"https:\/\/www.starsislandlapalma.es\/#organization\"},\"image\":{\"@id\":\"https:\/\/www.starsislandlapalma.es\/de\/una-fotografia-del-volcan-de-la-palma-de-la-astrofisica-ana-garcia-bonus-de-imagen-del-dia-de-la-tierra\/#primaryimage\"},\"thumbnailUrl\":\"https:\/\/www.starsislandlapalma.es\/wp-content\/uploads\/2021\/10\/volcan-desde-pico-de-la-cruz-autora-ana-garcia.jpg\",\"keywords\":[\"Imagen del D\u00eda de la Tierra\"],\"articleSection\":[\"Nachricht\"],\"inLanguage\":\"de\",\"potentialAction\":[{\"@type\":\"CommentAction\",\"name\":\"Comment\",\"target\":[\"https:\/\/www.starsislandlapalma.es\/de\/una-fotografia-del-volcan-de-la-palma-de-la-astrofisica-ana-garcia-bonus-de-imagen-del-dia-de-la-tierra\/#respond\"]}]},{\"@type\":\"WebPage\",\"@id\":\"https:\/\/www.starsislandlapalma.es\/de\/una-fotografia-del-volcan-de-la-palma-de-la-astrofisica-ana-garcia-bonus-de-imagen-del-dia-de-la-tierra\/\",\"url\":\"https:\/\/www.starsislandlapalma.es\/de\/una-fotografia-del-volcan-de-la-palma-de-la-astrofisica-ana-garcia-bonus-de-imagen-del-dia-de-la-tierra\/\",\"name\":\"Una fotograf\u00eda del volc\u00e1n de La Palma de la astrof\u00edsica Ana Garc\u00eda, 'Bonus' de 'Imagen del D\u00eda de la Tierra' &#8902; Stars Island La Palma\",\"isPartOf\":{\"@id\":\"https:\/\/www.starsislandlapalma.es\/#website\"},\"primaryImageOfPage\":{\"@id\":\"https:\/\/www.starsislandlapalma.es\/de\/una-fotografia-del-volcan-de-la-palma-de-la-astrofisica-ana-garcia-bonus-de-imagen-del-dia-de-la-tierra\/#primaryimage\"},\"image\":{\"@id\":\"https:\/\/www.starsislandlapalma.es\/de\/una-fotografia-del-volcan-de-la-palma-de-la-astrofisica-ana-garcia-bonus-de-imagen-del-dia-de-la-tierra\/#primaryimage\"},\"thumbnailUrl\":\"https:\/\/www.starsislandlapalma.es\/wp-content\/uploads\/2021\/10\/volcan-desde-pico-de-la-cruz-autora-ana-garcia.jpg\",\"datePublished\":\"2021-10-04T11:52:15+00:00\",\"breadcrumb\":{\"@id\":\"https:\/\/www.starsislandlapalma.es\/de\/una-fotografia-del-volcan-de-la-palma-de-la-astrofisica-ana-garcia-bonus-de-imagen-del-dia-de-la-tierra\/#breadcrumb\"},\"inLanguage\":\"de\",\"potentialAction\":[{\"@type\":\"ReadAction\",\"target\":[\"https:\/\/www.starsislandlapalma.es\/de\/una-fotografia-del-volcan-de-la-palma-de-la-astrofisica-ana-garcia-bonus-de-imagen-del-dia-de-la-tierra\/\"]}]},{\"@type\":\"ImageObject\",\"inLanguage\":\"de\",\"@id\":\"https:\/\/www.starsislandlapalma.es\/de\/una-fotografia-del-volcan-de-la-palma-de-la-astrofisica-ana-garcia-bonus-de-imagen-del-dia-de-la-tierra\/#primaryimage\",\"url\":\"https:\/\/www.starsislandlapalma.es\/wp-content\/uploads\/2021\/10\/volcan-desde-pico-de-la-cruz-autora-ana-garcia.jpg\",\"contentUrl\":\"https:\/\/www.starsislandlapalma.es\/wp-content\/uploads\/2021\/10\/volcan-desde-pico-de-la-cruz-autora-ana-garcia.jpg\",\"width\":1600,\"height\":1066},{\"@type\":\"BreadcrumbList\",\"@id\":\"https:\/\/www.starsislandlapalma.es\/de\/una-fotografia-del-volcan-de-la-palma-de-la-astrofisica-ana-garcia-bonus-de-imagen-del-dia-de-la-tierra\/#breadcrumb\",\"itemListElement\":[{\"@type\":\"ListItem\",\"position\":1,\"name\":\"Portada\",\"item\":\"https:\/\/www.starsislandlapalma.es\/de\/\"},{\"@type\":\"ListItem\",\"position\":2,\"name\":\"Una fotograf\u00eda del volc\u00e1n de La Palma de la astrof\u00edsica Ana Garc\u00eda, &#8216;Bonus&#8217; de &#8216;Imagen del D\u00eda de la Tierra&#8217;\"}]},{\"@type\":\"WebSite\",\"@id\":\"https:\/\/www.starsislandlapalma.es\/#website\",\"url\":\"https:\/\/www.starsislandlapalma.es\/\",\"name\":\"Stars Island La Palma\",\"description\":\"La Palma, el lugar perfecto para disfrutar del universo. Primera Reserva Starlight del mundo, en 2012 se reconoce como Destino Tur\u00edstico Starlight\",\"publisher\":{\"@id\":\"https:\/\/www.starsislandlapalma.es\/#organization\"},\"potentialAction\":[{\"@type\":\"SearchAction\",\"target\":{\"@type\":\"EntryPoint\",\"urlTemplate\":\"https:\/\/www.starsislandlapalma.es\/?s={search_term_string}\"},\"query-input\":{\"@type\":\"PropertyValueSpecification\",\"valueRequired\":true,\"valueName\":\"search_term_string\"}}],\"inLanguage\":\"de\"},{\"@type\":\"Organization\",\"@id\":\"https:\/\/www.starsislandlapalma.es\/#organization\",\"name\":\"Star Island La Palma\",\"url\":\"https:\/\/www.starsislandlapalma.es\/\",\"logo\":{\"@type\":\"ImageObject\",\"inLanguage\":\"de\",\"@id\":\"https:\/\/www.starsislandlapalma.es\/#\/schema\/logo\/image\/\",\"url\":\"https:\/\/www.starsislandlapalma.es\/wp-content\/uploads\/2022\/01\/logo_starisland.png\",\"contentUrl\":\"https:\/\/www.starsislandlapalma.es\/wp-content\/uploads\/2022\/01\/logo_starisland.png\",\"width\":172,\"height\":139,\"caption\":\"Star Island La Palma\"},\"image\":{\"@id\":\"https:\/\/www.starsislandlapalma.es\/#\/schema\/logo\/image\/\"},\"sameAs\":[\"https:\/\/www.facebook.com\/pages\/Starsisland-La-Palma\/210888162375006?ref=hl\",\"https:\/\/x.com\/starsislandlapa\",\"https:\/\/www.pinterest.com\/astroturismo\/\",\"https:\/\/www.youtube.com\/channel\/UCV7sju1ggcBpJG39HQCBtsA\"]},{\"@type\":\"Person\",\"@id\":\"https:\/\/www.starsislandlapalma.es\/#\/schema\/person\/d2618b46c3dc5c031ddd56a658f9ab25\",\"name\":\"StarsIsland\",\"image\":{\"@type\":\"ImageObject\",\"inLanguage\":\"de\",\"@id\":\"https:\/\/www.starsislandlapalma.es\/#\/schema\/person\/image\/\",\"url\":\"https:\/\/secure.gravatar.com\/avatar\/30a35f2b7b8f976566433f1ab7d6402f?s=96&d=mm&r=g\",\"contentUrl\":\"https:\/\/secure.gravatar.com\/avatar\/30a35f2b7b8f976566433f1ab7d6402f?s=96&d=mm&r=g\",\"caption\":\"StarsIsland\"},\"url\":\"https:\/\/www.starsislandlapalma.es\/de\/author\/starsisland\/\"}]}<\/script>\n<!-- \/ Yoast SEO plugin. -->","yoast_head_json":{"title":"Una fotograf\u00eda del volc\u00e1n de La Palma de la astrof\u00edsica Ana Garc\u00eda, 'Bonus' de 'Imagen del D\u00eda de la Tierra' &#8902; Stars Island La Palma","robots":{"index":"index","follow":"follow","max-snippet":"max-snippet:-1","max-image-preview":"max-image-preview:large","max-video-preview":"max-video-preview:-1"},"canonical":"https:\/\/www.starsislandlapalma.es\/de\/una-fotografia-del-volcan-de-la-palma-de-la-astrofisica-ana-garcia-bonus-de-imagen-del-dia-de-la-tierra\/","og_locale":"de_DE","og_type":"article","og_title":"Una fotograf\u00eda del volc\u00e1n de La Palma de la astrof\u00edsica Ana Garc\u00eda, 'Bonus' de 'Imagen del D\u00eda de la Tierra' &#8902; Stars Island La Palma","og_description":"Una fotograf\u00eda del volc\u00e1n de La Palma desde el Pico de la Cruz, realizada por la astrof\u00edsica Ana Garc\u00eda, ha logrado este lunes un Bonus Earth Science Picture of the Day\u00a0(Bono de Imagen del D\u00eda Ciencias de la Tierra, EPOD por sus siglas en ingl\u00e9s)....","og_url":"https:\/\/www.starsislandlapalma.es\/de\/una-fotografia-del-volcan-de-la-palma-de-la-astrofisica-ana-garcia-bonus-de-imagen-del-dia-de-la-tierra\/","og_site_name":"Stars Island La Palma","article_publisher":"https:\/\/www.facebook.com\/pages\/Starsisland-La-Palma\/210888162375006?ref=hl","article_published_time":"2021-10-04T11:52:15+00:00","og_image":[{"width":1600,"height":1066,"url":"https:\/\/www.starsislandlapalma.es\/wp-content\/uploads\/2021\/10\/volcan-desde-pico-de-la-cruz-autora-ana-garcia.jpg","type":"image\/jpeg"}],"author":"StarsIsland","twitter_misc":{"Verfasst von":"StarsIsland","Gesch\u00e4tzte Lesezeit":"1\u00a0Minute"},"schema":{"@context":"https:\/\/schema.org","@graph":[{"@type":"Article","@id":"https:\/\/www.starsislandlapalma.es\/de\/una-fotografia-del-volcan-de-la-palma-de-la-astrofisica-ana-garcia-bonus-de-imagen-del-dia-de-la-tierra\/#article","isPartOf":{"@id":"https:\/\/www.starsislandlapalma.es\/de\/una-fotografia-del-volcan-de-la-palma-de-la-astrofisica-ana-garcia-bonus-de-imagen-del-dia-de-la-tierra\/"},"author":{"name":"StarsIsland","@id":"https:\/\/www.starsislandlapalma.es\/#\/schema\/person\/d2618b46c3dc5c031ddd56a658f9ab25"},"headline":"Una fotograf\u00eda del volc\u00e1n de La Palma de la astrof\u00edsica Ana Garc\u00eda, &#8218;Bonus&#8216; de &#8218;Imagen del D\u00eda de la Tierra&#8216;","datePublished":"2021-10-04T11:52:15+00:00","mainEntityOfPage":{"@id":"https:\/\/www.starsislandlapalma.es\/de\/una-fotografia-del-volcan-de-la-palma-de-la-astrofisica-ana-garcia-bonus-de-imagen-del-dia-de-la-tierra\/"},"wordCount":310,"commentCount":0,"publisher":{"@id":"https:\/\/www.starsislandlapalma.es\/#organization"},"image":{"@id":"https:\/\/www.starsislandlapalma.es\/de\/una-fotografia-del-volcan-de-la-palma-de-la-astrofisica-ana-garcia-bonus-de-imagen-del-dia-de-la-tierra\/#primaryimage"},"thumbnailUrl":"https:\/\/www.starsislandlapalma.es\/wp-content\/uploads\/2021\/10\/volcan-desde-pico-de-la-cruz-autora-ana-garcia.jpg","keywords":["Imagen del D\u00eda de la Tierra"],"articleSection":["Nachricht"],"inLanguage":"de","potentialAction":[{"@type":"CommentAction","name":"Comment","target":["https:\/\/www.starsislandlapalma.es\/de\/una-fotografia-del-volcan-de-la-palma-de-la-astrofisica-ana-garcia-bonus-de-imagen-del-dia-de-la-tierra\/#respond"]}]},{"@type":"WebPage","@id":"https:\/\/www.starsislandlapalma.es\/de\/una-fotografia-del-volcan-de-la-palma-de-la-astrofisica-ana-garcia-bonus-de-imagen-del-dia-de-la-tierra\/","url":"https:\/\/www.starsislandlapalma.es\/de\/una-fotografia-del-volcan-de-la-palma-de-la-astrofisica-ana-garcia-bonus-de-imagen-del-dia-de-la-tierra\/","name":"Una fotograf\u00eda del volc\u00e1n de La Palma de la astrof\u00edsica Ana Garc\u00eda, 'Bonus' de 'Imagen del D\u00eda de la Tierra' &#8902; Stars Island La Palma","isPartOf":{"@id":"https:\/\/www.starsislandlapalma.es\/#website"},"primaryImageOfPage":{"@id":"https:\/\/www.starsislandlapalma.es\/de\/una-fotografia-del-volcan-de-la-palma-de-la-astrofisica-ana-garcia-bonus-de-imagen-del-dia-de-la-tierra\/#primaryimage"},"image":{"@id":"https:\/\/www.starsislandlapalma.es\/de\/una-fotografia-del-volcan-de-la-palma-de-la-astrofisica-ana-garcia-bonus-de-imagen-del-dia-de-la-tierra\/#primaryimage"},"thumbnailUrl":"https:\/\/www.starsislandlapalma.es\/wp-content\/uploads\/2021\/10\/volcan-desde-pico-de-la-cruz-autora-ana-garcia.jpg","datePublished":"2021-10-04T11:52:15+00:00","breadcrumb":{"@id":"https:\/\/www.starsislandlapalma.es\/de\/una-fotografia-del-volcan-de-la-palma-de-la-astrofisica-ana-garcia-bonus-de-imagen-del-dia-de-la-tierra\/#breadcrumb"},"inLanguage":"de","potentialAction":[{"@type":"ReadAction","target":["https:\/\/www.starsislandlapalma.es\/de\/una-fotografia-del-volcan-de-la-palma-de-la-astrofisica-ana-garcia-bonus-de-imagen-del-dia-de-la-tierra\/"]}]},{"@type":"ImageObject","inLanguage":"de","@id":"https:\/\/www.starsislandlapalma.es\/de\/una-fotografia-del-volcan-de-la-palma-de-la-astrofisica-ana-garcia-bonus-de-imagen-del-dia-de-la-tierra\/#primaryimage","url":"https:\/\/www.starsislandlapalma.es\/wp-content\/uploads\/2021\/10\/volcan-desde-pico-de-la-cruz-autora-ana-garcia.jpg","contentUrl":"https:\/\/www.starsislandlapalma.es\/wp-content\/uploads\/2021\/10\/volcan-desde-pico-de-la-cruz-autora-ana-garcia.jpg","width":1600,"height":1066},{"@type":"BreadcrumbList","@id":"https:\/\/www.starsislandlapalma.es\/de\/una-fotografia-del-volcan-de-la-palma-de-la-astrofisica-ana-garcia-bonus-de-imagen-del-dia-de-la-tierra\/#breadcrumb","itemListElement":[{"@type":"ListItem","position":1,"name":"Portada","item":"https:\/\/www.starsislandlapalma.es\/de\/"},{"@type":"ListItem","position":2,"name":"Una fotograf\u00eda del volc\u00e1n de La Palma de la astrof\u00edsica Ana Garc\u00eda, &#8216;Bonus&#8217; de &#8216;Imagen del D\u00eda de la Tierra&#8217;"}]},{"@type":"WebSite","@id":"https:\/\/www.starsislandlapalma.es\/#website","url":"https:\/\/www.starsislandlapalma.es\/","name":"Stars Island La Palma","description":"La Palma, el lugar perfecto para disfrutar del universo. Primera Reserva Starlight del mundo, en 2012 se reconoce como Destino Tur\u00edstico Starlight","publisher":{"@id":"https:\/\/www.starsislandlapalma.es\/#organization"},"potentialAction":[{"@type":"SearchAction","target":{"@type":"EntryPoint","urlTemplate":"https:\/\/www.starsislandlapalma.es\/?s={search_term_string}"},"query-input":{"@type":"PropertyValueSpecification","valueRequired":true,"valueName":"search_term_string"}}],"inLanguage":"de"},{"@type":"Organization","@id":"https:\/\/www.starsislandlapalma.es\/#organization","name":"Star Island La Palma","url":"https:\/\/www.starsislandlapalma.es\/","logo":{"@type":"ImageObject","inLanguage":"de","@id":"https:\/\/www.starsislandlapalma.es\/#\/schema\/logo\/image\/","url":"https:\/\/www.starsislandlapalma.es\/wp-content\/uploads\/2022\/01\/logo_starisland.png","contentUrl":"https:\/\/www.starsislandlapalma.es\/wp-content\/uploads\/2022\/01\/logo_starisland.png","width":172,"height":139,"caption":"Star Island La Palma"},"image":{"@id":"https:\/\/www.starsislandlapalma.es\/#\/schema\/logo\/image\/"},"sameAs":["https:\/\/www.facebook.com\/pages\/Starsisland-La-Palma\/210888162375006?ref=hl","https:\/\/x.com\/starsislandlapa","https:\/\/www.pinterest.com\/astroturismo\/","https:\/\/www.youtube.com\/channel\/UCV7sju1ggcBpJG39HQCBtsA"]},{"@type":"Person","@id":"https:\/\/www.starsislandlapalma.es\/#\/schema\/person\/d2618b46c3dc5c031ddd56a658f9ab25","name":"StarsIsland","image":{"@type":"ImageObject","inLanguage":"de","@id":"https:\/\/www.starsislandlapalma.es\/#\/schema\/person\/image\/","url":"https:\/\/secure.gravatar.com\/avatar\/30a35f2b7b8f976566433f1ab7d6402f?s=96&d=mm&r=g","contentUrl":"https:\/\/secure.gravatar.com\/avatar\/30a35f2b7b8f976566433f1ab7d6402f?s=96&d=mm&r=g","caption":"StarsIsland"},"url":"https:\/\/www.starsislandlapalma.es\/de\/author\/starsisland\/"}]}},"_links":{"self":[{"href":"https:\/\/www.starsislandlapalma.es\/de\/wp-json\/wp\/v2\/posts\/23745\/"}],"collection":[{"href":"https:\/\/www.starsislandlapalma.es\/de\/wp-json\/wp\/v2\/posts\/"}],"about":[{"href":"https:\/\/www.starsislandlapalma.es\/de\/wp-json\/wp\/v2\/types\/post\/"}],"author":[{"embeddable":true,"href":"https:\/\/www.starsislandlapalma.es\/de\/wp-json\/wp\/v2\/users\/4\/"}],"replies":[{"embeddable":true,"href":"https:\/\/www.starsislandlapalma.es\/de\/wp-json\/wp\/v2\/comments\/?post=23745"}],"version-history":[{"count":0,"href":"https:\/\/www.starsislandlapalma.es\/de\/wp-json\/wp\/v2\/posts\/23745\/revisions\/"}],"wp:featuredmedia":[{"embeddable":true,"href":"https:\/\/www.starsislandlapalma.es\/de\/wp-json\/wp\/v2\/media\/23742\/"}],"wp:attachment":[{"href":"https:\/\/www.starsislandlapalma.es\/de\/wp-json\/wp\/v2\/media\/?parent=23745"}],"wp:term":[{"taxonomy":"category","embeddable":true,"href":"https:\/\/www.starsislandlapalma.es\/de\/wp-json\/wp\/v2\/categories\/?post=23745"},{"taxonomy":"post_tag","embeddable":true,"href":"https:\/\/www.starsislandlapalma.es\/de\/wp-json\/wp\/v2\/tags\/?post=23745"}],"curies":[{"name":"wp","href":"https:\/\/api.w.org\/{rel}","templated":true}]}}