{"id":23794,"date":"2021-11-02T08:35:09","date_gmt":"2021-11-02T08:35:09","guid":{"rendered":"https:\/\/www.starsislandlapalma.es\/el-cabildo-adapta-la-promocion-de-la-palma-a-la-emergencia-que-vive-la-isla-por-el-volcan\/"},"modified":"2021-11-02T08:35:36","modified_gmt":"2021-11-02T08:35:36","slug":"el-cabildo-adapta-la-promocion-de-la-palma-a-la-emergencia-que-vive-la-isla-por-el-volcan","status":"publish","type":"post","link":"https:\/\/www.starsislandlapalma.es\/de\/el-cabildo-adapta-la-promocion-de-la-palma-a-la-emergencia-que-vive-la-isla-por-el-volcan\/","title":{"rendered":"El Cabildo adapta la promoci\u00f3n de La Palma a la emergencia que vive la isla por el volc\u00e1n"},"content":{"rendered":"<blockquote>\n<p style=\"text-align: justify;\"><em>El Cabildo apoya su campa\u00f1a de promoci\u00f3n en la World Travel Market de Londres con el v\u00eddeo \u2018Por mil razones, Bonita\u2019, en el que un viajero, conmocionado por la situaci\u00f3n que atraviesa la isla, dedica una carta en la que reivindica sus virtudes<\/em><\/p>\n<\/blockquote>\n<p style=\"text-align: justify;\">El Cabildo de La Palma, a trav\u00e9s del Servicio de Turismo, adapta la estrategia de promoci\u00f3n de la isla a la emergencia provocada por el volc\u00e1n. De ah\u00ed que en la World Travel Market (WTM) de Londres se apoye en el v\u00eddeo Por mil razones, Bonita, basado en la carta que un viajero le dedica a La Palma en un momento especialmente delicado para la isla. Una carta que reconoce las virtudes de La Palma y todo aquello que le ha hecho sentir durante sus visitas.<\/p>\n<p style=\"text-align: justify;\">El consejero insular de Turismo, Ra\u00fal Camacho, explica que la erupci\u00f3n les ha obligado a modificar la campa\u00f1a \u201cen tiempo r\u00e9cord\u201d, adaptando el producto a la situaci\u00f3n excepcional que vive la isla.<\/p>\n<p style=\"text-align: justify;\">\u201cEstamos absolutamente convencidos de que el sector tur\u00edstico ser\u00e1 fundamental en la recuperaci\u00f3n de La Palma en el futuro, pero tambi\u00e9n en el presente. El turismo es un dinamizador de la econom\u00eda en general, una fuente de ingresos muy importante para hoteles, apartamentos, tiendas, empresas de ocio, bares, restaurantes y taxistas. Somos un destino absolutamente seguro para el viajero y lo queremos demostrar para que todos formemos parte de la recuperaci\u00f3n\u201d, apunta Ra\u00fal Camacho.<\/p>\n<p style=\"text-align: justify;\">El consejero agrega que el v\u00eddeo Por mil razones, Bonita es \u201cel complemento perfecto a los esfuerzos\u201d que el Cabildo est\u00e1 realizando en la WTM de Londres para recuperar las plazas a\u00e9reas perdidas desde la erupci\u00f3n, al tiempo que se lanza un mensaje de tranquilidad y confianza al sector tur\u00edstico, reivindicando La Palma como un destino seguro, donde el d\u00eda a d\u00eda transcurre con normalidad en m\u00e1s del 90% de la isla.<\/p>\n<p style=\"text-align: justify;\">Para la creaci\u00f3n de Por mil razones, Bonita contaron con el apoyo del actor, escritor y c\u00f3mico, Hovik Keuchkerian, conocido por sus papeles en series de relevancia nacional e internacional como La Casa de Papel o Antidisturbios. \u201cComo se trata de la carta de un viajero, necesit\u00e1bamos una voz no canaria y, por tanto, buscamos una voz de alto nivel de conocimiento y alcance para promocionar la isla\u201d, apunta.<\/p>\n","protected":false},"excerpt":{"rendered":"<p>El Cabildo apoya su campa\u00f1a de promoci\u00f3n en la World Travel Market de Londres con el v\u00eddeo \u2018Por mil razones, Bonita\u2019, en el que un viajero, conmocionado por la situaci\u00f3n que atraviesa la isla, dedica una carta en la que reivindica sus virtudes<\/p>\n","protected":false},"author":4,"featured_media":23791,"comment_status":"open","ping_status":"open","sticky":false,"template":"","format":"standard","meta":{"footnotes":""},"categories":[135],"tags":[832],"yoast_head":"<!-- This site is optimized with the Yoast SEO plugin v24.5 - https:\/\/yoast.com\/wordpress\/plugins\/seo\/ -->\n<title>El Cabildo adapta la promoci\u00f3n de La Palma a la emergencia que vive la isla por el volc\u00e1n &#8902; Stars Island La Palma<\/title>\n<meta name=\"robots\" content=\"index, follow, max-snippet:-1, max-image-preview:large, max-video-preview:-1\" \/>\n<link rel=\"canonical\" href=\"https:\/\/www.starsislandlapalma.es\/de\/el-cabildo-adapta-la-promocion-de-la-palma-a-la-emergencia-que-vive-la-isla-por-el-volcan\/\" \/>\n<meta property=\"og:locale\" content=\"de_DE\" \/>\n<meta property=\"og:type\" content=\"article\" \/>\n<meta property=\"og:title\" content=\"El Cabildo adapta la promoci\u00f3n de La Palma a la emergencia que vive la isla por el volc\u00e1n &#8902; Stars Island La Palma\" \/>\n<meta property=\"og:description\" content=\"El Cabildo apoya su campa\u00f1a de promoci\u00f3n en la World Travel Market de Londres con el v\u00eddeo \u2018Por mil razones, Bonita\u2019, en el que un viajero, conmocionado por la situaci\u00f3n que atraviesa la isla, dedica una carta en la que reivindica sus virtudes\" \/>\n<meta property=\"og:url\" content=\"https:\/\/www.starsislandlapalma.es\/de\/el-cabildo-adapta-la-promocion-de-la-palma-a-la-emergencia-que-vive-la-isla-por-el-volcan\/\" \/>\n<meta property=\"og:site_name\" content=\"Stars Island La Palma\" \/>\n<meta property=\"article:publisher\" content=\"https:\/\/www.facebook.com\/pages\/Starsisland-La-Palma\/210888162375006?ref=hl\" \/>\n<meta property=\"article:published_time\" content=\"2021-11-02T08:35:09+00:00\" \/>\n<meta property=\"article:modified_time\" content=\"2021-11-02T08:35:36+00:00\" \/>\n<meta property=\"og:image\" content=\"https:\/\/www.starsislandlapalma.es\/wp-content\/uploads\/2021\/11\/Por-mil-razones_Bonita-Estrellas.jpg\" \/>\n\t<meta property=\"og:image:width\" content=\"1024\" \/>\n\t<meta property=\"og:image:height\" content=\"724\" \/>\n\t<meta property=\"og:image:type\" content=\"image\/jpeg\" \/>\n<meta name=\"author\" content=\"StarsIsland\" \/>\n<meta name=\"twitter:label1\" content=\"Verfasst von\" \/>\n\t<meta name=\"twitter:data1\" content=\"StarsIsland\" \/>\n\t<meta name=\"twitter:label2\" content=\"Gesch\u00e4tzte Lesezeit\" \/>\n\t<meta name=\"twitter:data2\" content=\"2\u00a0Minuten\" \/>\n<script type=\"application\/ld+json\" class=\"yoast-schema-graph\">{\"@context\":\"https:\/\/schema.org\",\"@graph\":[{\"@type\":\"Article\",\"@id\":\"https:\/\/www.starsislandlapalma.es\/de\/el-cabildo-adapta-la-promocion-de-la-palma-a-la-emergencia-que-vive-la-isla-por-el-volcan\/#article\",\"isPartOf\":{\"@id\":\"https:\/\/www.starsislandlapalma.es\/de\/el-cabildo-adapta-la-promocion-de-la-palma-a-la-emergencia-que-vive-la-isla-por-el-volcan\/\"},\"author\":{\"name\":\"StarsIsland\",\"@id\":\"https:\/\/www.starsislandlapalma.es\/#\/schema\/person\/d2618b46c3dc5c031ddd56a658f9ab25\"},\"headline\":\"El Cabildo adapta la promoci\u00f3n de La Palma a la emergencia que vive la isla por el volc\u00e1n\",\"datePublished\":\"2021-11-02T08:35:09+00:00\",\"dateModified\":\"2021-11-02T08:35:36+00:00\",\"mainEntityOfPage\":{\"@id\":\"https:\/\/www.starsislandlapalma.es\/de\/el-cabildo-adapta-la-promocion-de-la-palma-a-la-emergencia-que-vive-la-isla-por-el-volcan\/\"},\"wordCount\":424,\"commentCount\":0,\"publisher\":{\"@id\":\"https:\/\/www.starsislandlapalma.es\/#organization\"},\"image\":{\"@id\":\"https:\/\/www.starsislandlapalma.es\/de\/el-cabildo-adapta-la-promocion-de-la-palma-a-la-emergencia-que-vive-la-isla-por-el-volcan\/#primaryimage\"},\"thumbnailUrl\":\"https:\/\/www.starsislandlapalma.es\/wp-content\/uploads\/2021\/11\/Por-mil-razones_Bonita-Estrellas.jpg\",\"keywords\":[\"Por mil razones Bonita\"],\"articleSection\":[\"Nachricht\"],\"inLanguage\":\"de\",\"potentialAction\":[{\"@type\":\"CommentAction\",\"name\":\"Comment\",\"target\":[\"https:\/\/www.starsislandlapalma.es\/de\/el-cabildo-adapta-la-promocion-de-la-palma-a-la-emergencia-que-vive-la-isla-por-el-volcan\/#respond\"]}]},{\"@type\":\"WebPage\",\"@id\":\"https:\/\/www.starsislandlapalma.es\/de\/el-cabildo-adapta-la-promocion-de-la-palma-a-la-emergencia-que-vive-la-isla-por-el-volcan\/\",\"url\":\"https:\/\/www.starsislandlapalma.es\/de\/el-cabildo-adapta-la-promocion-de-la-palma-a-la-emergencia-que-vive-la-isla-por-el-volcan\/\",\"name\":\"El Cabildo adapta la promoci\u00f3n de La Palma a la emergencia que vive la isla por el volc\u00e1n &#8902; Stars Island La Palma\",\"isPartOf\":{\"@id\":\"https:\/\/www.starsislandlapalma.es\/#website\"},\"primaryImageOfPage\":{\"@id\":\"https:\/\/www.starsislandlapalma.es\/de\/el-cabildo-adapta-la-promocion-de-la-palma-a-la-emergencia-que-vive-la-isla-por-el-volcan\/#primaryimage\"},\"image\":{\"@id\":\"https:\/\/www.starsislandlapalma.es\/de\/el-cabildo-adapta-la-promocion-de-la-palma-a-la-emergencia-que-vive-la-isla-por-el-volcan\/#primaryimage\"},\"thumbnailUrl\":\"https:\/\/www.starsislandlapalma.es\/wp-content\/uploads\/2021\/11\/Por-mil-razones_Bonita-Estrellas.jpg\",\"datePublished\":\"2021-11-02T08:35:09+00:00\",\"dateModified\":\"2021-11-02T08:35:36+00:00\",\"breadcrumb\":{\"@id\":\"https:\/\/www.starsislandlapalma.es\/de\/el-cabildo-adapta-la-promocion-de-la-palma-a-la-emergencia-que-vive-la-isla-por-el-volcan\/#breadcrumb\"},\"inLanguage\":\"de\",\"potentialAction\":[{\"@type\":\"ReadAction\",\"target\":[\"https:\/\/www.starsislandlapalma.es\/de\/el-cabildo-adapta-la-promocion-de-la-palma-a-la-emergencia-que-vive-la-isla-por-el-volcan\/\"]}]},{\"@type\":\"ImageObject\",\"inLanguage\":\"de\",\"@id\":\"https:\/\/www.starsislandlapalma.es\/de\/el-cabildo-adapta-la-promocion-de-la-palma-a-la-emergencia-que-vive-la-isla-por-el-volcan\/#primaryimage\",\"url\":\"https:\/\/www.starsislandlapalma.es\/wp-content\/uploads\/2021\/11\/Por-mil-razones_Bonita-Estrellas.jpg\",\"contentUrl\":\"https:\/\/www.starsislandlapalma.es\/wp-content\/uploads\/2021\/11\/Por-mil-razones_Bonita-Estrellas.jpg\",\"width\":1024,\"height\":724},{\"@type\":\"BreadcrumbList\",\"@id\":\"https:\/\/www.starsislandlapalma.es\/de\/el-cabildo-adapta-la-promocion-de-la-palma-a-la-emergencia-que-vive-la-isla-por-el-volcan\/#breadcrumb\",\"itemListElement\":[{\"@type\":\"ListItem\",\"position\":1,\"name\":\"Portada\",\"item\":\"https:\/\/www.starsislandlapalma.es\/de\/\"},{\"@type\":\"ListItem\",\"position\":2,\"name\":\"El Cabildo adapta la promoci\u00f3n de La Palma a la emergencia que vive la isla por el volc\u00e1n\"}]},{\"@type\":\"WebSite\",\"@id\":\"https:\/\/www.starsislandlapalma.es\/#website\",\"url\":\"https:\/\/www.starsislandlapalma.es\/\",\"name\":\"Stars Island La Palma\",\"description\":\"La Palma, el lugar perfecto para disfrutar del universo. Primera Reserva Starlight del mundo, en 2012 se reconoce como Destino Tur\u00edstico Starlight\",\"publisher\":{\"@id\":\"https:\/\/www.starsislandlapalma.es\/#organization\"},\"potentialAction\":[{\"@type\":\"SearchAction\",\"target\":{\"@type\":\"EntryPoint\",\"urlTemplate\":\"https:\/\/www.starsislandlapalma.es\/?s={search_term_string}\"},\"query-input\":{\"@type\":\"PropertyValueSpecification\",\"valueRequired\":true,\"valueName\":\"search_term_string\"}}],\"inLanguage\":\"de\"},{\"@type\":\"Organization\",\"@id\":\"https:\/\/www.starsislandlapalma.es\/#organization\",\"name\":\"Star Island La Palma\",\"url\":\"https:\/\/www.starsislandlapalma.es\/\",\"logo\":{\"@type\":\"ImageObject\",\"inLanguage\":\"de\",\"@id\":\"https:\/\/www.starsislandlapalma.es\/#\/schema\/logo\/image\/\",\"url\":\"https:\/\/www.starsislandlapalma.es\/wp-content\/uploads\/2022\/01\/logo_starisland.png\",\"contentUrl\":\"https:\/\/www.starsislandlapalma.es\/wp-content\/uploads\/2022\/01\/logo_starisland.png\",\"width\":172,\"height\":139,\"caption\":\"Star Island La Palma\"},\"image\":{\"@id\":\"https:\/\/www.starsislandlapalma.es\/#\/schema\/logo\/image\/\"},\"sameAs\":[\"https:\/\/www.facebook.com\/pages\/Starsisland-La-Palma\/210888162375006?ref=hl\",\"https:\/\/x.com\/starsislandlapa\",\"https:\/\/www.pinterest.com\/astroturismo\/\",\"https:\/\/www.youtube.com\/channel\/UCV7sju1ggcBpJG39HQCBtsA\"]},{\"@type\":\"Person\",\"@id\":\"https:\/\/www.starsislandlapalma.es\/#\/schema\/person\/d2618b46c3dc5c031ddd56a658f9ab25\",\"name\":\"StarsIsland\",\"image\":{\"@type\":\"ImageObject\",\"inLanguage\":\"de\",\"@id\":\"https:\/\/www.starsislandlapalma.es\/#\/schema\/person\/image\/\",\"url\":\"https:\/\/secure.gravatar.com\/avatar\/30a35f2b7b8f976566433f1ab7d6402f?s=96&d=mm&r=g\",\"contentUrl\":\"https:\/\/secure.gravatar.com\/avatar\/30a35f2b7b8f976566433f1ab7d6402f?s=96&d=mm&r=g\",\"caption\":\"StarsIsland\"},\"url\":\"https:\/\/www.starsislandlapalma.es\/de\/author\/starsisland\/\"}]}<\/script>\n<!-- \/ Yoast SEO plugin. -->","yoast_head_json":{"title":"El Cabildo adapta la promoci\u00f3n de La Palma a la emergencia que vive la isla por el volc\u00e1n &#8902; Stars Island La Palma","robots":{"index":"index","follow":"follow","max-snippet":"max-snippet:-1","max-image-preview":"max-image-preview:large","max-video-preview":"max-video-preview:-1"},"canonical":"https:\/\/www.starsislandlapalma.es\/de\/el-cabildo-adapta-la-promocion-de-la-palma-a-la-emergencia-que-vive-la-isla-por-el-volcan\/","og_locale":"de_DE","og_type":"article","og_title":"El Cabildo adapta la promoci\u00f3n de La Palma a la emergencia que vive la isla por el volc\u00e1n &#8902; Stars Island La Palma","og_description":"El Cabildo apoya su campa\u00f1a de promoci\u00f3n en la World Travel Market de Londres con el v\u00eddeo \u2018Por mil razones, Bonita\u2019, en el que un viajero, conmocionado por la situaci\u00f3n que atraviesa la isla, dedica una carta en la que reivindica sus virtudes","og_url":"https:\/\/www.starsislandlapalma.es\/de\/el-cabildo-adapta-la-promocion-de-la-palma-a-la-emergencia-que-vive-la-isla-por-el-volcan\/","og_site_name":"Stars Island La Palma","article_publisher":"https:\/\/www.facebook.com\/pages\/Starsisland-La-Palma\/210888162375006?ref=hl","article_published_time":"2021-11-02T08:35:09+00:00","article_modified_time":"2021-11-02T08:35:36+00:00","og_image":[{"width":1024,"height":724,"url":"https:\/\/www.starsislandlapalma.es\/wp-content\/uploads\/2021\/11\/Por-mil-razones_Bonita-Estrellas.jpg","type":"image\/jpeg"}],"author":"StarsIsland","twitter_misc":{"Verfasst von":"StarsIsland","Gesch\u00e4tzte Lesezeit":"2\u00a0Minuten"},"schema":{"@context":"https:\/\/schema.org","@graph":[{"@type":"Article","@id":"https:\/\/www.starsislandlapalma.es\/de\/el-cabildo-adapta-la-promocion-de-la-palma-a-la-emergencia-que-vive-la-isla-por-el-volcan\/#article","isPartOf":{"@id":"https:\/\/www.starsislandlapalma.es\/de\/el-cabildo-adapta-la-promocion-de-la-palma-a-la-emergencia-que-vive-la-isla-por-el-volcan\/"},"author":{"name":"StarsIsland","@id":"https:\/\/www.starsislandlapalma.es\/#\/schema\/person\/d2618b46c3dc5c031ddd56a658f9ab25"},"headline":"El Cabildo adapta la promoci\u00f3n de La Palma a la emergencia que vive la isla por el volc\u00e1n","datePublished":"2021-11-02T08:35:09+00:00","dateModified":"2021-11-02T08:35:36+00:00","mainEntityOfPage":{"@id":"https:\/\/www.starsislandlapalma.es\/de\/el-cabildo-adapta-la-promocion-de-la-palma-a-la-emergencia-que-vive-la-isla-por-el-volcan\/"},"wordCount":424,"commentCount":0,"publisher":{"@id":"https:\/\/www.starsislandlapalma.es\/#organization"},"image":{"@id":"https:\/\/www.starsislandlapalma.es\/de\/el-cabildo-adapta-la-promocion-de-la-palma-a-la-emergencia-que-vive-la-isla-por-el-volcan\/#primaryimage"},"thumbnailUrl":"https:\/\/www.starsislandlapalma.es\/wp-content\/uploads\/2021\/11\/Por-mil-razones_Bonita-Estrellas.jpg","keywords":["Por mil razones Bonita"],"articleSection":["Nachricht"],"inLanguage":"de","potentialAction":[{"@type":"CommentAction","name":"Comment","target":["https:\/\/www.starsislandlapalma.es\/de\/el-cabildo-adapta-la-promocion-de-la-palma-a-la-emergencia-que-vive-la-isla-por-el-volcan\/#respond"]}]},{"@type":"WebPage","@id":"https:\/\/www.starsislandlapalma.es\/de\/el-cabildo-adapta-la-promocion-de-la-palma-a-la-emergencia-que-vive-la-isla-por-el-volcan\/","url":"https:\/\/www.starsislandlapalma.es\/de\/el-cabildo-adapta-la-promocion-de-la-palma-a-la-emergencia-que-vive-la-isla-por-el-volcan\/","name":"El Cabildo adapta la promoci\u00f3n de La Palma a la emergencia que vive la isla por el volc\u00e1n &#8902; Stars Island La Palma","isPartOf":{"@id":"https:\/\/www.starsislandlapalma.es\/#website"},"primaryImageOfPage":{"@id":"https:\/\/www.starsislandlapalma.es\/de\/el-cabildo-adapta-la-promocion-de-la-palma-a-la-emergencia-que-vive-la-isla-por-el-volcan\/#primaryimage"},"image":{"@id":"https:\/\/www.starsislandlapalma.es\/de\/el-cabildo-adapta-la-promocion-de-la-palma-a-la-emergencia-que-vive-la-isla-por-el-volcan\/#primaryimage"},"thumbnailUrl":"https:\/\/www.starsislandlapalma.es\/wp-content\/uploads\/2021\/11\/Por-mil-razones_Bonita-Estrellas.jpg","datePublished":"2021-11-02T08:35:09+00:00","dateModified":"2021-11-02T08:35:36+00:00","breadcrumb":{"@id":"https:\/\/www.starsislandlapalma.es\/de\/el-cabildo-adapta-la-promocion-de-la-palma-a-la-emergencia-que-vive-la-isla-por-el-volcan\/#breadcrumb"},"inLanguage":"de","potentialAction":[{"@type":"ReadAction","target":["https:\/\/www.starsislandlapalma.es\/de\/el-cabildo-adapta-la-promocion-de-la-palma-a-la-emergencia-que-vive-la-isla-por-el-volcan\/"]}]},{"@type":"ImageObject","inLanguage":"de","@id":"https:\/\/www.starsislandlapalma.es\/de\/el-cabildo-adapta-la-promocion-de-la-palma-a-la-emergencia-que-vive-la-isla-por-el-volcan\/#primaryimage","url":"https:\/\/www.starsislandlapalma.es\/wp-content\/uploads\/2021\/11\/Por-mil-razones_Bonita-Estrellas.jpg","contentUrl":"https:\/\/www.starsislandlapalma.es\/wp-content\/uploads\/2021\/11\/Por-mil-razones_Bonita-Estrellas.jpg","width":1024,"height":724},{"@type":"BreadcrumbList","@id":"https:\/\/www.starsislandlapalma.es\/de\/el-cabildo-adapta-la-promocion-de-la-palma-a-la-emergencia-que-vive-la-isla-por-el-volcan\/#breadcrumb","itemListElement":[{"@type":"ListItem","position":1,"name":"Portada","item":"https:\/\/www.starsislandlapalma.es\/de\/"},{"@type":"ListItem","position":2,"name":"El Cabildo adapta la promoci\u00f3n de La Palma a la emergencia que vive la isla por el volc\u00e1n"}]},{"@type":"WebSite","@id":"https:\/\/www.starsislandlapalma.es\/#website","url":"https:\/\/www.starsislandlapalma.es\/","name":"Stars Island La Palma","description":"La Palma, el lugar perfecto para disfrutar del universo. Primera Reserva Starlight del mundo, en 2012 se reconoce como Destino Tur\u00edstico Starlight","publisher":{"@id":"https:\/\/www.starsislandlapalma.es\/#organization"},"potentialAction":[{"@type":"SearchAction","target":{"@type":"EntryPoint","urlTemplate":"https:\/\/www.starsislandlapalma.es\/?s={search_term_string}"},"query-input":{"@type":"PropertyValueSpecification","valueRequired":true,"valueName":"search_term_string"}}],"inLanguage":"de"},{"@type":"Organization","@id":"https:\/\/www.starsislandlapalma.es\/#organization","name":"Star Island La Palma","url":"https:\/\/www.starsislandlapalma.es\/","logo":{"@type":"ImageObject","inLanguage":"de","@id":"https:\/\/www.starsislandlapalma.es\/#\/schema\/logo\/image\/","url":"https:\/\/www.starsislandlapalma.es\/wp-content\/uploads\/2022\/01\/logo_starisland.png","contentUrl":"https:\/\/www.starsislandlapalma.es\/wp-content\/uploads\/2022\/01\/logo_starisland.png","width":172,"height":139,"caption":"Star Island La Palma"},"image":{"@id":"https:\/\/www.starsislandlapalma.es\/#\/schema\/logo\/image\/"},"sameAs":["https:\/\/www.facebook.com\/pages\/Starsisland-La-Palma\/210888162375006?ref=hl","https:\/\/x.com\/starsislandlapa","https:\/\/www.pinterest.com\/astroturismo\/","https:\/\/www.youtube.com\/channel\/UCV7sju1ggcBpJG39HQCBtsA"]},{"@type":"Person","@id":"https:\/\/www.starsislandlapalma.es\/#\/schema\/person\/d2618b46c3dc5c031ddd56a658f9ab25","name":"StarsIsland","image":{"@type":"ImageObject","inLanguage":"de","@id":"https:\/\/www.starsislandlapalma.es\/#\/schema\/person\/image\/","url":"https:\/\/secure.gravatar.com\/avatar\/30a35f2b7b8f976566433f1ab7d6402f?s=96&d=mm&r=g","contentUrl":"https:\/\/secure.gravatar.com\/avatar\/30a35f2b7b8f976566433f1ab7d6402f?s=96&d=mm&r=g","caption":"StarsIsland"},"url":"https:\/\/www.starsislandlapalma.es\/de\/author\/starsisland\/"}]}},"_links":{"self":[{"href":"https:\/\/www.starsislandlapalma.es\/de\/wp-json\/wp\/v2\/posts\/23794\/"}],"collection":[{"href":"https:\/\/www.starsislandlapalma.es\/de\/wp-json\/wp\/v2\/posts\/"}],"about":[{"href":"https:\/\/www.starsislandlapalma.es\/de\/wp-json\/wp\/v2\/types\/post\/"}],"author":[{"embeddable":true,"href":"https:\/\/www.starsislandlapalma.es\/de\/wp-json\/wp\/v2\/users\/4\/"}],"replies":[{"embeddable":true,"href":"https:\/\/www.starsislandlapalma.es\/de\/wp-json\/wp\/v2\/comments\/?post=23794"}],"version-history":[{"count":0,"href":"https:\/\/www.starsislandlapalma.es\/de\/wp-json\/wp\/v2\/posts\/23794\/revisions\/"}],"wp:featuredmedia":[{"embeddable":true,"href":"https:\/\/www.starsislandlapalma.es\/de\/wp-json\/wp\/v2\/media\/23791\/"}],"wp:attachment":[{"href":"https:\/\/www.starsislandlapalma.es\/de\/wp-json\/wp\/v2\/media\/?parent=23794"}],"wp:term":[{"taxonomy":"category","embeddable":true,"href":"https:\/\/www.starsislandlapalma.es\/de\/wp-json\/wp\/v2\/categories\/?post=23794"},{"taxonomy":"post_tag","embeddable":true,"href":"https:\/\/www.starsislandlapalma.es\/de\/wp-json\/wp\/v2\/tags\/?post=23794"}],"curies":[{"name":"wp","href":"https:\/\/api.w.org\/{rel}","templated":true}]}}