{"id":24465,"date":"2021-12-07T07:44:43","date_gmt":"2021-12-07T07:44:43","guid":{"rendered":"https:\/\/www.starsislandlapalma.es\/incorporan-astrofest-la-palma-2022-al-programa-anual-de-la-organizacion-mundial-del-turismo\/"},"modified":"2022-01-13T11:49:21","modified_gmt":"2022-01-13T11:49:21","slug":"incorporan-astrofest-la-palma-2022-al-programa-anual-de-la-organizacion-mundial-del-turismo","status":"publish","type":"post","link":"https:\/\/www.starsislandlapalma.es\/de\/incorporan-astrofest-la-palma-2022-al-programa-anual-de-la-organizacion-mundial-del-turismo\/","title":{"rendered":"Incorporan &#8218;Astrofest La Palma 2022&#8216; al programa anual de la Organizaci\u00f3n Mundial del Turismo"},"content":{"rendered":"<p>El Cabildo de La Palma, a trav\u00e9s de la Consejer\u00eda de Turismo, refuerza el turismo cient\u00edfico y astron\u00f3mico mediante la incorporaci\u00f3n del \u2018Astrofest La Palma 2022\u2019 a la agenda anual de la Organizaci\u00f3n Mundial del Turismo (OMT).<\/p>\n<p>Este hecho es fruto de la reuni\u00f3n mantenida por el Servicio de Turismo palmero en la vigesimocuarta Asamblea General de la Organizaci\u00f3n Mundial del Turismo celebrada los primeros d\u00edas de diciembre en Madrid.<\/p>\n<p>El consejero, Ra\u00fal Camacho, destaca la importancia que tiene el sector tur\u00edstico y el astroturismo en la econom\u00eda insular, tanto en el desarrollo social como para creaci\u00f3n de empleo, \u201clo que lo convierte en un motor esencial para la recuperaci\u00f3n que, ahora m\u00e1s que nunca, se necesita impulsar en la isla para contrarrestar el impacto que est\u00e1 teniendo la erupci\u00f3n del volc\u00e1n\u201d.<\/p>\n<p>Tras la cuadrag\u00e9simotercera sesi\u00f3n plenaria de los Miembros Afiliados de la OMT, se ha concluido que para el programa de trabajo del a\u00f1o 2022 se quiere dar relevancia al turismo cient\u00edfico ya que la combinaci\u00f3n de ciencia y turismo en el horizonte de la industria tur\u00edstica brinda oportunidades a destinos desarrollados y los hace m\u00e1s sostenibles.<\/p>\n<p>Ra\u00fal Camacho asegura tambi\u00e9n que \u2018Astrofest La Palma 2022\u2019 \u201cser\u00e1 clave para promocionar la isla como destino de astroturismo diferenciado, gracias a la calidad de su cielo, un atractivo que, adem\u00e1s, se ver\u00e1 reforzado en los pr\u00f3ximos meses con la apertura del Centro de Visitantes del Roque de los Muchachos\u201d.<\/p>\n<p>De esta forma, subraya en una nota, \u201caumentaremos el perfil de La Palma como isla de referencia internacional en astronom\u00eda, astrof\u00edsica y astroturismo, al tiempo que se sensibiliza sobre el astroturismo como producto tur\u00edstico sostenible para destinos de todo el mundo\u201d.<\/p>\n<p>El grupo de trabajo de turismo cient\u00edfico de la OMT acord\u00f3 trabajar en 2022 en una gu\u00eda sobre la creaci\u00f3n del producto de astroturismo que sirva como manual de buenas pr\u00e1cticas y desarrollo de sus capacidades para las administraciones p\u00fablicas tur\u00edsticas que quieran diversificar su oferta.<\/p>\n<p>Adem\u00e1s, valorar todos los beneficios directos e indirectos derivados de la protecci\u00f3n del cielo como ambientales, culturales, cient\u00edficos, de biodiversidad, salud, calidad de vida, y socioecon\u00f3micos, a trav\u00e9s del astroturismo.<\/p>\n","protected":false},"excerpt":{"rendered":"<p>El Cabildo de La Palma, a trav\u00e9s de la Consejer\u00eda de Turismo, refuerza el turismo cient\u00edfico y astron\u00f3mico mediante la incorporaci\u00f3n del \u2018Astrofest La Palma 2022\u2019 a la agenda anual de la Organizaci\u00f3n Mundial del Turismo (OMT). Este hecho es fruto de la reuni\u00f3n mantenida&#8230;<\/p>\n","protected":false},"author":1,"featured_media":24321,"comment_status":"open","ping_status":"open","sticky":false,"template":"","format":"standard","meta":{"footnotes":""},"categories":[135],"tags":[484,178,295],"yoast_head":"<!-- This site is optimized with the Yoast SEO plugin v24.5 - https:\/\/yoast.com\/wordpress\/plugins\/seo\/ -->\n<title>Incorporan &#039;Astrofest La Palma 2022&#039; al programa anual de la Organizaci\u00f3n Mundial del Turismo &#8902; Stars Island La Palma<\/title>\n<meta name=\"robots\" content=\"index, follow, max-snippet:-1, max-image-preview:large, max-video-preview:-1\" \/>\n<link rel=\"canonical\" href=\"https:\/\/www.starsislandlapalma.es\/de\/incorporan-astrofest-la-palma-2022-al-programa-anual-de-la-organizacion-mundial-del-turismo\/\" \/>\n<meta property=\"og:locale\" content=\"de_DE\" \/>\n<meta property=\"og:type\" content=\"article\" \/>\n<meta property=\"og:title\" content=\"Incorporan &#039;Astrofest La Palma 2022&#039; al programa anual de la Organizaci\u00f3n Mundial del Turismo &#8902; Stars Island La Palma\" \/>\n<meta property=\"og:description\" content=\"El Cabildo de La Palma, a trav\u00e9s de la Consejer\u00eda de Turismo, refuerza el turismo cient\u00edfico y astron\u00f3mico mediante la incorporaci\u00f3n del \u2018Astrofest La Palma 2022\u2019 a la agenda anual de la Organizaci\u00f3n Mundial del Turismo (OMT). Este hecho es fruto de la reuni\u00f3n mantenida...\" \/>\n<meta property=\"og:url\" content=\"https:\/\/www.starsislandlapalma.es\/de\/incorporan-astrofest-la-palma-2022-al-programa-anual-de-la-organizacion-mundial-del-turismo\/\" \/>\n<meta property=\"og:site_name\" content=\"Stars Island La Palma\" \/>\n<meta property=\"article:publisher\" content=\"https:\/\/www.facebook.com\/pages\/Starsisland-La-Palma\/210888162375006?ref=hl\" \/>\n<meta property=\"article:published_time\" content=\"2021-12-07T07:44:43+00:00\" \/>\n<meta property=\"article:modified_time\" content=\"2022-01-13T11:49:21+00:00\" \/>\n<meta property=\"og:image\" content=\"https:\/\/www.starsislandlapalma.es\/wp-content\/uploads\/2021\/12\/Raul-Camacho-OMT.jpeg\" \/>\n\t<meta property=\"og:image:width\" content=\"900\" \/>\n\t<meta property=\"og:image:height\" content=\"600\" \/>\n\t<meta property=\"og:image:type\" content=\"image\/jpeg\" \/>\n<meta name=\"author\" content=\"Stars Island La Palma\" \/>\n<meta name=\"twitter:label1\" content=\"Verfasst von\" \/>\n\t<meta name=\"twitter:data1\" content=\"Stars Island La Palma\" \/>\n\t<meta name=\"twitter:label2\" content=\"Gesch\u00e4tzte Lesezeit\" \/>\n\t<meta name=\"twitter:data2\" content=\"2\u00a0Minuten\" \/>\n<script type=\"application\/ld+json\" class=\"yoast-schema-graph\">{\"@context\":\"https:\/\/schema.org\",\"@graph\":[{\"@type\":\"Article\",\"@id\":\"https:\/\/www.starsislandlapalma.es\/de\/incorporan-astrofest-la-palma-2022-al-programa-anual-de-la-organizacion-mundial-del-turismo\/#article\",\"isPartOf\":{\"@id\":\"https:\/\/www.starsislandlapalma.es\/de\/incorporan-astrofest-la-palma-2022-al-programa-anual-de-la-organizacion-mundial-del-turismo\/\"},\"author\":{\"name\":\"Stars Island La Palma\",\"@id\":\"https:\/\/www.starsislandlapalma.es\/#\/schema\/person\/9043f5bd4f379ca7532bf525fa88073b\"},\"headline\":\"Incorporan &#8218;Astrofest La Palma 2022&#8216; al programa anual de la Organizaci\u00f3n Mundial del Turismo\",\"datePublished\":\"2021-12-07T07:44:43+00:00\",\"dateModified\":\"2022-01-13T11:49:21+00:00\",\"mainEntityOfPage\":{\"@id\":\"https:\/\/www.starsislandlapalma.es\/de\/incorporan-astrofest-la-palma-2022-al-programa-anual-de-la-organizacion-mundial-del-turismo\/\"},\"wordCount\":408,\"commentCount\":0,\"publisher\":{\"@id\":\"https:\/\/www.starsislandlapalma.es\/#organization\"},\"image\":{\"@id\":\"https:\/\/www.starsislandlapalma.es\/de\/incorporan-astrofest-la-palma-2022-al-programa-anual-de-la-organizacion-mundial-del-turismo\/#primaryimage\"},\"thumbnailUrl\":\"https:\/\/www.starsislandlapalma.es\/wp-content\/uploads\/2021\/12\/Raul-Camacho-OMT.jpeg\",\"keywords\":[\"astrofest\",\"astroturismo\",\"Cabildo de La Palma\"],\"articleSection\":[\"Nachricht\"],\"inLanguage\":\"de\",\"potentialAction\":[{\"@type\":\"CommentAction\",\"name\":\"Comment\",\"target\":[\"https:\/\/www.starsislandlapalma.es\/de\/incorporan-astrofest-la-palma-2022-al-programa-anual-de-la-organizacion-mundial-del-turismo\/#respond\"]}]},{\"@type\":\"WebPage\",\"@id\":\"https:\/\/www.starsislandlapalma.es\/de\/incorporan-astrofest-la-palma-2022-al-programa-anual-de-la-organizacion-mundial-del-turismo\/\",\"url\":\"https:\/\/www.starsislandlapalma.es\/de\/incorporan-astrofest-la-palma-2022-al-programa-anual-de-la-organizacion-mundial-del-turismo\/\",\"name\":\"Incorporan 'Astrofest La Palma 2022' al programa anual de la Organizaci\u00f3n Mundial del Turismo &#8902; Stars Island La Palma\",\"isPartOf\":{\"@id\":\"https:\/\/www.starsislandlapalma.es\/#website\"},\"primaryImageOfPage\":{\"@id\":\"https:\/\/www.starsislandlapalma.es\/de\/incorporan-astrofest-la-palma-2022-al-programa-anual-de-la-organizacion-mundial-del-turismo\/#primaryimage\"},\"image\":{\"@id\":\"https:\/\/www.starsislandlapalma.es\/de\/incorporan-astrofest-la-palma-2022-al-programa-anual-de-la-organizacion-mundial-del-turismo\/#primaryimage\"},\"thumbnailUrl\":\"https:\/\/www.starsislandlapalma.es\/wp-content\/uploads\/2021\/12\/Raul-Camacho-OMT.jpeg\",\"datePublished\":\"2021-12-07T07:44:43+00:00\",\"dateModified\":\"2022-01-13T11:49:21+00:00\",\"breadcrumb\":{\"@id\":\"https:\/\/www.starsislandlapalma.es\/de\/incorporan-astrofest-la-palma-2022-al-programa-anual-de-la-organizacion-mundial-del-turismo\/#breadcrumb\"},\"inLanguage\":\"de\",\"potentialAction\":[{\"@type\":\"ReadAction\",\"target\":[\"https:\/\/www.starsislandlapalma.es\/de\/incorporan-astrofest-la-palma-2022-al-programa-anual-de-la-organizacion-mundial-del-turismo\/\"]}]},{\"@type\":\"ImageObject\",\"inLanguage\":\"de\",\"@id\":\"https:\/\/www.starsislandlapalma.es\/de\/incorporan-astrofest-la-palma-2022-al-programa-anual-de-la-organizacion-mundial-del-turismo\/#primaryimage\",\"url\":\"https:\/\/www.starsislandlapalma.es\/wp-content\/uploads\/2021\/12\/Raul-Camacho-OMT.jpeg\",\"contentUrl\":\"https:\/\/www.starsislandlapalma.es\/wp-content\/uploads\/2021\/12\/Raul-Camacho-OMT.jpeg\",\"width\":900,\"height\":600},{\"@type\":\"BreadcrumbList\",\"@id\":\"https:\/\/www.starsislandlapalma.es\/de\/incorporan-astrofest-la-palma-2022-al-programa-anual-de-la-organizacion-mundial-del-turismo\/#breadcrumb\",\"itemListElement\":[{\"@type\":\"ListItem\",\"position\":1,\"name\":\"Portada\",\"item\":\"https:\/\/www.starsislandlapalma.es\/de\/\"},{\"@type\":\"ListItem\",\"position\":2,\"name\":\"Incorporan &#8216;Astrofest La Palma 2022&#8217; al programa anual de la Organizaci\u00f3n Mundial del Turismo\"}]},{\"@type\":\"WebSite\",\"@id\":\"https:\/\/www.starsislandlapalma.es\/#website\",\"url\":\"https:\/\/www.starsislandlapalma.es\/\",\"name\":\"Stars Island La Palma\",\"description\":\"La Palma, el lugar perfecto para disfrutar del universo. Primera Reserva Starlight del mundo, en 2012 se reconoce como Destino Tur\u00edstico Starlight\",\"publisher\":{\"@id\":\"https:\/\/www.starsislandlapalma.es\/#organization\"},\"potentialAction\":[{\"@type\":\"SearchAction\",\"target\":{\"@type\":\"EntryPoint\",\"urlTemplate\":\"https:\/\/www.starsislandlapalma.es\/?s={search_term_string}\"},\"query-input\":{\"@type\":\"PropertyValueSpecification\",\"valueRequired\":true,\"valueName\":\"search_term_string\"}}],\"inLanguage\":\"de\"},{\"@type\":\"Organization\",\"@id\":\"https:\/\/www.starsislandlapalma.es\/#organization\",\"name\":\"Star Island La Palma\",\"url\":\"https:\/\/www.starsislandlapalma.es\/\",\"logo\":{\"@type\":\"ImageObject\",\"inLanguage\":\"de\",\"@id\":\"https:\/\/www.starsislandlapalma.es\/#\/schema\/logo\/image\/\",\"url\":\"https:\/\/www.starsislandlapalma.es\/wp-content\/uploads\/2022\/01\/logo_starisland.png\",\"contentUrl\":\"https:\/\/www.starsislandlapalma.es\/wp-content\/uploads\/2022\/01\/logo_starisland.png\",\"width\":172,\"height\":139,\"caption\":\"Star Island La Palma\"},\"image\":{\"@id\":\"https:\/\/www.starsislandlapalma.es\/#\/schema\/logo\/image\/\"},\"sameAs\":[\"https:\/\/www.facebook.com\/pages\/Starsisland-La-Palma\/210888162375006?ref=hl\",\"https:\/\/x.com\/starsislandlapa\",\"https:\/\/www.pinterest.com\/astroturismo\/\",\"https:\/\/www.youtube.com\/channel\/UCV7sju1ggcBpJG39HQCBtsA\"]},{\"@type\":\"Person\",\"@id\":\"https:\/\/www.starsislandlapalma.es\/#\/schema\/person\/9043f5bd4f379ca7532bf525fa88073b\",\"name\":\"Stars Island La Palma\",\"image\":{\"@type\":\"ImageObject\",\"inLanguage\":\"de\",\"@id\":\"https:\/\/www.starsislandlapalma.es\/#\/schema\/person\/image\/\",\"url\":\"https:\/\/secure.gravatar.com\/avatar\/214edfeae37af83662fa1058aeebfb41?s=96&d=mm&r=g\",\"contentUrl\":\"https:\/\/secure.gravatar.com\/avatar\/214edfeae37af83662fa1058aeebfb41?s=96&d=mm&r=g\",\"caption\":\"Stars Island La Palma\"},\"url\":\"https:\/\/www.starsislandlapalma.es\/de\/author\/star\/\"}]}<\/script>\n<!-- \/ Yoast SEO plugin. -->","yoast_head_json":{"title":"Incorporan 'Astrofest La Palma 2022' al programa anual de la Organizaci\u00f3n Mundial del Turismo &#8902; Stars Island La Palma","robots":{"index":"index","follow":"follow","max-snippet":"max-snippet:-1","max-image-preview":"max-image-preview:large","max-video-preview":"max-video-preview:-1"},"canonical":"https:\/\/www.starsislandlapalma.es\/de\/incorporan-astrofest-la-palma-2022-al-programa-anual-de-la-organizacion-mundial-del-turismo\/","og_locale":"de_DE","og_type":"article","og_title":"Incorporan 'Astrofest La Palma 2022' al programa anual de la Organizaci\u00f3n Mundial del Turismo &#8902; Stars Island La Palma","og_description":"El Cabildo de La Palma, a trav\u00e9s de la Consejer\u00eda de Turismo, refuerza el turismo cient\u00edfico y astron\u00f3mico mediante la incorporaci\u00f3n del \u2018Astrofest La Palma 2022\u2019 a la agenda anual de la Organizaci\u00f3n Mundial del Turismo (OMT). Este hecho es fruto de la reuni\u00f3n mantenida...","og_url":"https:\/\/www.starsislandlapalma.es\/de\/incorporan-astrofest-la-palma-2022-al-programa-anual-de-la-organizacion-mundial-del-turismo\/","og_site_name":"Stars Island La Palma","article_publisher":"https:\/\/www.facebook.com\/pages\/Starsisland-La-Palma\/210888162375006?ref=hl","article_published_time":"2021-12-07T07:44:43+00:00","article_modified_time":"2022-01-13T11:49:21+00:00","og_image":[{"width":900,"height":600,"url":"https:\/\/www.starsislandlapalma.es\/wp-content\/uploads\/2021\/12\/Raul-Camacho-OMT.jpeg","type":"image\/jpeg"}],"author":"Stars Island La Palma","twitter_misc":{"Verfasst von":"Stars Island La Palma","Gesch\u00e4tzte Lesezeit":"2\u00a0Minuten"},"schema":{"@context":"https:\/\/schema.org","@graph":[{"@type":"Article","@id":"https:\/\/www.starsislandlapalma.es\/de\/incorporan-astrofest-la-palma-2022-al-programa-anual-de-la-organizacion-mundial-del-turismo\/#article","isPartOf":{"@id":"https:\/\/www.starsislandlapalma.es\/de\/incorporan-astrofest-la-palma-2022-al-programa-anual-de-la-organizacion-mundial-del-turismo\/"},"author":{"name":"Stars Island La Palma","@id":"https:\/\/www.starsislandlapalma.es\/#\/schema\/person\/9043f5bd4f379ca7532bf525fa88073b"},"headline":"Incorporan &#8218;Astrofest La Palma 2022&#8216; al programa anual de la Organizaci\u00f3n Mundial del Turismo","datePublished":"2021-12-07T07:44:43+00:00","dateModified":"2022-01-13T11:49:21+00:00","mainEntityOfPage":{"@id":"https:\/\/www.starsislandlapalma.es\/de\/incorporan-astrofest-la-palma-2022-al-programa-anual-de-la-organizacion-mundial-del-turismo\/"},"wordCount":408,"commentCount":0,"publisher":{"@id":"https:\/\/www.starsislandlapalma.es\/#organization"},"image":{"@id":"https:\/\/www.starsislandlapalma.es\/de\/incorporan-astrofest-la-palma-2022-al-programa-anual-de-la-organizacion-mundial-del-turismo\/#primaryimage"},"thumbnailUrl":"https:\/\/www.starsislandlapalma.es\/wp-content\/uploads\/2021\/12\/Raul-Camacho-OMT.jpeg","keywords":["astrofest","astroturismo","Cabildo de La Palma"],"articleSection":["Nachricht"],"inLanguage":"de","potentialAction":[{"@type":"CommentAction","name":"Comment","target":["https:\/\/www.starsislandlapalma.es\/de\/incorporan-astrofest-la-palma-2022-al-programa-anual-de-la-organizacion-mundial-del-turismo\/#respond"]}]},{"@type":"WebPage","@id":"https:\/\/www.starsislandlapalma.es\/de\/incorporan-astrofest-la-palma-2022-al-programa-anual-de-la-organizacion-mundial-del-turismo\/","url":"https:\/\/www.starsislandlapalma.es\/de\/incorporan-astrofest-la-palma-2022-al-programa-anual-de-la-organizacion-mundial-del-turismo\/","name":"Incorporan 'Astrofest La Palma 2022' al programa anual de la Organizaci\u00f3n Mundial del Turismo &#8902; Stars Island La Palma","isPartOf":{"@id":"https:\/\/www.starsislandlapalma.es\/#website"},"primaryImageOfPage":{"@id":"https:\/\/www.starsislandlapalma.es\/de\/incorporan-astrofest-la-palma-2022-al-programa-anual-de-la-organizacion-mundial-del-turismo\/#primaryimage"},"image":{"@id":"https:\/\/www.starsislandlapalma.es\/de\/incorporan-astrofest-la-palma-2022-al-programa-anual-de-la-organizacion-mundial-del-turismo\/#primaryimage"},"thumbnailUrl":"https:\/\/www.starsislandlapalma.es\/wp-content\/uploads\/2021\/12\/Raul-Camacho-OMT.jpeg","datePublished":"2021-12-07T07:44:43+00:00","dateModified":"2022-01-13T11:49:21+00:00","breadcrumb":{"@id":"https:\/\/www.starsislandlapalma.es\/de\/incorporan-astrofest-la-palma-2022-al-programa-anual-de-la-organizacion-mundial-del-turismo\/#breadcrumb"},"inLanguage":"de","potentialAction":[{"@type":"ReadAction","target":["https:\/\/www.starsislandlapalma.es\/de\/incorporan-astrofest-la-palma-2022-al-programa-anual-de-la-organizacion-mundial-del-turismo\/"]}]},{"@type":"ImageObject","inLanguage":"de","@id":"https:\/\/www.starsislandlapalma.es\/de\/incorporan-astrofest-la-palma-2022-al-programa-anual-de-la-organizacion-mundial-del-turismo\/#primaryimage","url":"https:\/\/www.starsislandlapalma.es\/wp-content\/uploads\/2021\/12\/Raul-Camacho-OMT.jpeg","contentUrl":"https:\/\/www.starsislandlapalma.es\/wp-content\/uploads\/2021\/12\/Raul-Camacho-OMT.jpeg","width":900,"height":600},{"@type":"BreadcrumbList","@id":"https:\/\/www.starsislandlapalma.es\/de\/incorporan-astrofest-la-palma-2022-al-programa-anual-de-la-organizacion-mundial-del-turismo\/#breadcrumb","itemListElement":[{"@type":"ListItem","position":1,"name":"Portada","item":"https:\/\/www.starsislandlapalma.es\/de\/"},{"@type":"ListItem","position":2,"name":"Incorporan &#8216;Astrofest La Palma 2022&#8217; al programa anual de la Organizaci\u00f3n Mundial del Turismo"}]},{"@type":"WebSite","@id":"https:\/\/www.starsislandlapalma.es\/#website","url":"https:\/\/www.starsislandlapalma.es\/","name":"Stars Island La Palma","description":"La Palma, el lugar perfecto para disfrutar del universo. Primera Reserva Starlight del mundo, en 2012 se reconoce como Destino Tur\u00edstico Starlight","publisher":{"@id":"https:\/\/www.starsislandlapalma.es\/#organization"},"potentialAction":[{"@type":"SearchAction","target":{"@type":"EntryPoint","urlTemplate":"https:\/\/www.starsislandlapalma.es\/?s={search_term_string}"},"query-input":{"@type":"PropertyValueSpecification","valueRequired":true,"valueName":"search_term_string"}}],"inLanguage":"de"},{"@type":"Organization","@id":"https:\/\/www.starsislandlapalma.es\/#organization","name":"Star Island La Palma","url":"https:\/\/www.starsislandlapalma.es\/","logo":{"@type":"ImageObject","inLanguage":"de","@id":"https:\/\/www.starsislandlapalma.es\/#\/schema\/logo\/image\/","url":"https:\/\/www.starsislandlapalma.es\/wp-content\/uploads\/2022\/01\/logo_starisland.png","contentUrl":"https:\/\/www.starsislandlapalma.es\/wp-content\/uploads\/2022\/01\/logo_starisland.png","width":172,"height":139,"caption":"Star Island La Palma"},"image":{"@id":"https:\/\/www.starsislandlapalma.es\/#\/schema\/logo\/image\/"},"sameAs":["https:\/\/www.facebook.com\/pages\/Starsisland-La-Palma\/210888162375006?ref=hl","https:\/\/x.com\/starsislandlapa","https:\/\/www.pinterest.com\/astroturismo\/","https:\/\/www.youtube.com\/channel\/UCV7sju1ggcBpJG39HQCBtsA"]},{"@type":"Person","@id":"https:\/\/www.starsislandlapalma.es\/#\/schema\/person\/9043f5bd4f379ca7532bf525fa88073b","name":"Stars Island La Palma","image":{"@type":"ImageObject","inLanguage":"de","@id":"https:\/\/www.starsislandlapalma.es\/#\/schema\/person\/image\/","url":"https:\/\/secure.gravatar.com\/avatar\/214edfeae37af83662fa1058aeebfb41?s=96&d=mm&r=g","contentUrl":"https:\/\/secure.gravatar.com\/avatar\/214edfeae37af83662fa1058aeebfb41?s=96&d=mm&r=g","caption":"Stars Island La Palma"},"url":"https:\/\/www.starsislandlapalma.es\/de\/author\/star\/"}]}},"_links":{"self":[{"href":"https:\/\/www.starsislandlapalma.es\/de\/wp-json\/wp\/v2\/posts\/24465\/"}],"collection":[{"href":"https:\/\/www.starsislandlapalma.es\/de\/wp-json\/wp\/v2\/posts\/"}],"about":[{"href":"https:\/\/www.starsislandlapalma.es\/de\/wp-json\/wp\/v2\/types\/post\/"}],"author":[{"embeddable":true,"href":"https:\/\/www.starsislandlapalma.es\/de\/wp-json\/wp\/v2\/users\/1\/"}],"replies":[{"embeddable":true,"href":"https:\/\/www.starsislandlapalma.es\/de\/wp-json\/wp\/v2\/comments\/?post=24465"}],"version-history":[{"count":0,"href":"https:\/\/www.starsislandlapalma.es\/de\/wp-json\/wp\/v2\/posts\/24465\/revisions\/"}],"wp:featuredmedia":[{"embeddable":true,"href":"https:\/\/www.starsislandlapalma.es\/de\/wp-json\/wp\/v2\/media\/24321\/"}],"wp:attachment":[{"href":"https:\/\/www.starsislandlapalma.es\/de\/wp-json\/wp\/v2\/media\/?parent=24465"}],"wp:term":[{"taxonomy":"category","embeddable":true,"href":"https:\/\/www.starsislandlapalma.es\/de\/wp-json\/wp\/v2\/categories\/?post=24465"},{"taxonomy":"post_tag","embeddable":true,"href":"https:\/\/www.starsislandlapalma.es\/de\/wp-json\/wp\/v2\/tags\/?post=24465"}],"curies":[{"name":"wp","href":"https:\/\/api.w.org\/{rel}","templated":true}]}}