{"id":24480,"date":"2021-12-19T08:59:50","date_gmt":"2021-12-19T08:59:50","guid":{"rendered":"https:\/\/www.starsislandlapalma.es\/la-palma-acogera-el-starmus-festival-2022-y-torres-afirma-que-canarias-peleara-para-que-la-isla-albergue-el-tmt\/"},"modified":"2022-01-13T12:15:46","modified_gmt":"2022-01-13T12:15:46","slug":"la-palma-acogera-el-starmus-festival-2022-y-torres-afirma-que-canarias-peleara-para-que-la-isla-albergue-el-tmt","status":"publish","type":"post","link":"https:\/\/www.starsislandlapalma.es\/de\/la-palma-acogera-el-starmus-festival-2022-y-torres-afirma-que-canarias-peleara-para-que-la-isla-albergue-el-tmt\/","title":{"rendered":"La Palma acoger\u00e1 el Starmus Festival 2022 y Torres afirma que Canarias pelear\u00e1 para que la isla albergue el TMT"},"content":{"rendered":"<p style=\"text-align: justify;\">La Palma acoger\u00e1 el Starmus Festival 2022, un evento que vuelve a Canarias tras unos a\u00f1os y que \u201csumar\u00e1\u201d para que la isla albergue el Telescopio Treinta Metros (TMT), una candidatura sobre la que el presidente, \u00c1ngel V\u00edctor Torres, asegur\u00f3 que se pelear\u00e1 \u201chasta el \u00faltimo d\u00eda\u201d.<\/p>\n<p style=\"text-align: justify;\">As\u00ed lo indic\u00f3 en declaraciones a los medios de comunicaci\u00f3n tras la presentaci\u00f3n del \u2018Starmus Festival-La Palma, isla de las estrellas\u2019, cita que cont\u00f3 con la asistencia la ministra la ministra de Turismo, Reyes Maroto.<\/p>\n<p style=\"text-align: justify;\">\u201cSer\u00e1 un evento que sume para la consecuci\u00f3n, que vamos pelear hasta el \u00faltimo d\u00eda, del TMT en La Palma. Es una suma de acontecimientos y de eventos para que se conozca en el mundo la candidatura firme y rotunda de la isla\u201d, dijo.<\/p>\n<p style=\"text-align: justify;\">Torres expuso que Canarias acogi\u00f3 ya hace unos a\u00f1os el Starmus Festival, un evento musical, cient\u00edfico, social y cultural \u201cde primer nivel\u201d, recordando que fue meses antes del inicio de la erupci\u00f3n del volc\u00e1n cuando se plante\u00f3 llevar este evento a La Palma \u201crecuper\u00e1ndolo para las islas\u201d.<\/p>\n<p style=\"text-align: justify;\">\u201cY a partir de ah\u00ed \u2013continu\u00f3\u2013 se han realizado una serie de labores que no han quedado interrumpidas por el volc\u00e1n. Es una magn\u00edfica noticia que la isla, que ha sido noticia por el volc\u00e1n, lo vuelva a ser en 2022 por este festival\u201d.<\/p>\n<p style=\"text-align: justify;\">Al respecto, el presidente apunt\u00f3 que la pr\u00f3xima semana se prev\u00e9 que se aprueben los Presupuestos Auton\u00f3micos 2022, que recogen una partida ampliable para La Palma, por lo que mostr\u00f3 su compromiso para colaborar econ\u00f3micamente \u201cpara el \u00e9xito mayor\u201d de este evento.<\/p>\n","protected":false},"excerpt":{"rendered":"<p>La Palma acoger\u00e1 el Starmus Festival 2022, un evento que vuelve a Canarias tras unos a\u00f1os y que \u201csumar\u00e1\u201d para que la isla albergue el Telescopio Treinta Metros (TMT), una candidatura sobre la que el presidente, \u00c1ngel V\u00edctor Torres, asegur\u00f3 que se pelear\u00e1 \u201chasta el&#8230;<\/p>\n","protected":false},"author":4,"featured_media":24340,"comment_status":"open","ping_status":"open","sticky":false,"template":"","format":"standard","meta":{"footnotes":""},"categories":[140,135],"tags":[874],"yoast_head":"<!-- This site is optimized with the Yoast SEO plugin v24.5 - https:\/\/yoast.com\/wordpress\/plugins\/seo\/ -->\n<title>La Palma acoger\u00e1 el Starmus Festival 2022 y Torres afirma que Canarias pelear\u00e1 para que la isla albergue el TMT &#8902; Stars Island La Palma<\/title>\n<meta name=\"robots\" content=\"index, follow, max-snippet:-1, max-image-preview:large, max-video-preview:-1\" \/>\n<link rel=\"canonical\" href=\"https:\/\/www.starsislandlapalma.es\/de\/la-palma-acogera-el-starmus-festival-2022-y-torres-afirma-que-canarias-peleara-para-que-la-isla-albergue-el-tmt\/\" \/>\n<meta property=\"og:locale\" content=\"de_DE\" \/>\n<meta property=\"og:type\" content=\"article\" \/>\n<meta property=\"og:title\" content=\"La Palma acoger\u00e1 el Starmus Festival 2022 y Torres afirma que Canarias pelear\u00e1 para que la isla albergue el TMT &#8902; Stars Island La Palma\" \/>\n<meta property=\"og:description\" content=\"La Palma acoger\u00e1 el Starmus Festival 2022, un evento que vuelve a Canarias tras unos a\u00f1os y que \u201csumar\u00e1\u201d para que la isla albergue el Telescopio Treinta Metros (TMT), una candidatura sobre la que el presidente, \u00c1ngel V\u00edctor Torres, asegur\u00f3 que se pelear\u00e1 \u201chasta el...\" \/>\n<meta property=\"og:url\" content=\"https:\/\/www.starsislandlapalma.es\/de\/la-palma-acogera-el-starmus-festival-2022-y-torres-afirma-que-canarias-peleara-para-que-la-isla-albergue-el-tmt\/\" \/>\n<meta property=\"og:site_name\" content=\"Stars Island La Palma\" \/>\n<meta property=\"article:publisher\" content=\"https:\/\/www.facebook.com\/pages\/Starsisland-La-Palma\/210888162375006?ref=hl\" \/>\n<meta property=\"article:published_time\" content=\"2021-12-19T08:59:50+00:00\" \/>\n<meta property=\"article:modified_time\" content=\"2022-01-13T12:15:46+00:00\" \/>\n<meta property=\"og:image\" content=\"https:\/\/www.starsislandlapalma.es\/wp-content\/uploads\/2021\/12\/angel-victor-torres.jpg\" \/>\n\t<meta property=\"og:image:width\" content=\"900\" \/>\n\t<meta property=\"og:image:height\" content=\"601\" \/>\n\t<meta property=\"og:image:type\" content=\"image\/jpeg\" \/>\n<meta name=\"author\" content=\"StarsIsland\" \/>\n<meta name=\"twitter:label1\" content=\"Verfasst von\" \/>\n\t<meta name=\"twitter:data1\" content=\"StarsIsland\" \/>\n\t<meta name=\"twitter:label2\" content=\"Gesch\u00e4tzte Lesezeit\" \/>\n\t<meta name=\"twitter:data2\" content=\"1\u00a0Minute\" \/>\n<script type=\"application\/ld+json\" class=\"yoast-schema-graph\">{\"@context\":\"https:\/\/schema.org\",\"@graph\":[{\"@type\":\"Article\",\"@id\":\"https:\/\/www.starsislandlapalma.es\/de\/la-palma-acogera-el-starmus-festival-2022-y-torres-afirma-que-canarias-peleara-para-que-la-isla-albergue-el-tmt\/#article\",\"isPartOf\":{\"@id\":\"https:\/\/www.starsislandlapalma.es\/de\/la-palma-acogera-el-starmus-festival-2022-y-torres-afirma-que-canarias-peleara-para-que-la-isla-albergue-el-tmt\/\"},\"author\":{\"name\":\"StarsIsland\",\"@id\":\"https:\/\/www.starsislandlapalma.es\/#\/schema\/person\/d2618b46c3dc5c031ddd56a658f9ab25\"},\"headline\":\"La Palma acoger\u00e1 el Starmus Festival 2022 y Torres afirma que Canarias pelear\u00e1 para que la isla albergue el TMT\",\"datePublished\":\"2021-12-19T08:59:50+00:00\",\"dateModified\":\"2022-01-13T12:15:46+00:00\",\"mainEntityOfPage\":{\"@id\":\"https:\/\/www.starsislandlapalma.es\/de\/la-palma-acogera-el-starmus-festival-2022-y-torres-afirma-que-canarias-peleara-para-que-la-isla-albergue-el-tmt\/\"},\"wordCount\":293,\"commentCount\":0,\"publisher\":{\"@id\":\"https:\/\/www.starsislandlapalma.es\/#organization\"},\"image\":{\"@id\":\"https:\/\/www.starsislandlapalma.es\/de\/la-palma-acogera-el-starmus-festival-2022-y-torres-afirma-que-canarias-peleara-para-que-la-isla-albergue-el-tmt\/#primaryimage\"},\"thumbnailUrl\":\"https:\/\/www.starsislandlapalma.es\/wp-content\/uploads\/2021\/12\/angel-victor-torres.jpg\",\"keywords\":[\"Starmus Festival\"],\"articleSection\":[\"Event\",\"Nachricht\"],\"inLanguage\":\"de\",\"potentialAction\":[{\"@type\":\"CommentAction\",\"name\":\"Comment\",\"target\":[\"https:\/\/www.starsislandlapalma.es\/de\/la-palma-acogera-el-starmus-festival-2022-y-torres-afirma-que-canarias-peleara-para-que-la-isla-albergue-el-tmt\/#respond\"]}]},{\"@type\":\"WebPage\",\"@id\":\"https:\/\/www.starsislandlapalma.es\/de\/la-palma-acogera-el-starmus-festival-2022-y-torres-afirma-que-canarias-peleara-para-que-la-isla-albergue-el-tmt\/\",\"url\":\"https:\/\/www.starsislandlapalma.es\/de\/la-palma-acogera-el-starmus-festival-2022-y-torres-afirma-que-canarias-peleara-para-que-la-isla-albergue-el-tmt\/\",\"name\":\"La Palma acoger\u00e1 el Starmus Festival 2022 y Torres afirma que Canarias pelear\u00e1 para que la isla albergue el TMT &#8902; Stars Island La Palma\",\"isPartOf\":{\"@id\":\"https:\/\/www.starsislandlapalma.es\/#website\"},\"primaryImageOfPage\":{\"@id\":\"https:\/\/www.starsislandlapalma.es\/de\/la-palma-acogera-el-starmus-festival-2022-y-torres-afirma-que-canarias-peleara-para-que-la-isla-albergue-el-tmt\/#primaryimage\"},\"image\":{\"@id\":\"https:\/\/www.starsislandlapalma.es\/de\/la-palma-acogera-el-starmus-festival-2022-y-torres-afirma-que-canarias-peleara-para-que-la-isla-albergue-el-tmt\/#primaryimage\"},\"thumbnailUrl\":\"https:\/\/www.starsislandlapalma.es\/wp-content\/uploads\/2021\/12\/angel-victor-torres.jpg\",\"datePublished\":\"2021-12-19T08:59:50+00:00\",\"dateModified\":\"2022-01-13T12:15:46+00:00\",\"breadcrumb\":{\"@id\":\"https:\/\/www.starsislandlapalma.es\/de\/la-palma-acogera-el-starmus-festival-2022-y-torres-afirma-que-canarias-peleara-para-que-la-isla-albergue-el-tmt\/#breadcrumb\"},\"inLanguage\":\"de\",\"potentialAction\":[{\"@type\":\"ReadAction\",\"target\":[\"https:\/\/www.starsislandlapalma.es\/de\/la-palma-acogera-el-starmus-festival-2022-y-torres-afirma-que-canarias-peleara-para-que-la-isla-albergue-el-tmt\/\"]}]},{\"@type\":\"ImageObject\",\"inLanguage\":\"de\",\"@id\":\"https:\/\/www.starsislandlapalma.es\/de\/la-palma-acogera-el-starmus-festival-2022-y-torres-afirma-que-canarias-peleara-para-que-la-isla-albergue-el-tmt\/#primaryimage\",\"url\":\"https:\/\/www.starsislandlapalma.es\/wp-content\/uploads\/2021\/12\/angel-victor-torres.jpg\",\"contentUrl\":\"https:\/\/www.starsislandlapalma.es\/wp-content\/uploads\/2021\/12\/angel-victor-torres.jpg\",\"width\":900,\"height\":601,\"caption\":\"03-10-2021 El presidente de Canarias, \u00c1ngel V\u00edctor Torres, durante una rueda de prensa tras la reuni\u00f3n del Comit\u00e9 Director del Plan de Prevenci\u00f3n de Riesgo Volc\u00e1nico en Canarias (Pevolca), en la sede del Cabildo Insular de La Palma, a 3 de octubre de 2021, en La Palma, Islas Canarias (Espa\u00f1a). El presidente del Gobierno, Pedro S\u00e1nchez, viaja de nuevo este domingo a La Palma para realizar el seguimiento de los efectos causados por la erupci\u00f3n del volc\u00e1n de Cumbre Vieja. Esta visita del jefe del Ejecutivo a la isla de La Palma se produce cuando se cumplen dos semanas desde que se inici\u00f3 la erupci\u00f3n, el pasado 19 de septiembre, y que ya ha afectado a m\u00e1s de mil construcciones. SOCIEDAD Toni Cuadrado - Europa Press\"},{\"@type\":\"BreadcrumbList\",\"@id\":\"https:\/\/www.starsislandlapalma.es\/de\/la-palma-acogera-el-starmus-festival-2022-y-torres-afirma-que-canarias-peleara-para-que-la-isla-albergue-el-tmt\/#breadcrumb\",\"itemListElement\":[{\"@type\":\"ListItem\",\"position\":1,\"name\":\"Portada\",\"item\":\"https:\/\/www.starsislandlapalma.es\/de\/\"},{\"@type\":\"ListItem\",\"position\":2,\"name\":\"La Palma acoger\u00e1 el Starmus Festival 2022 y Torres afirma que Canarias pelear\u00e1 para que la isla albergue el TMT\"}]},{\"@type\":\"WebSite\",\"@id\":\"https:\/\/www.starsislandlapalma.es\/#website\",\"url\":\"https:\/\/www.starsislandlapalma.es\/\",\"name\":\"Stars Island La Palma\",\"description\":\"La Palma, el lugar perfecto para disfrutar del universo. Primera Reserva Starlight del mundo, en 2012 se reconoce como Destino Tur\u00edstico Starlight\",\"publisher\":{\"@id\":\"https:\/\/www.starsislandlapalma.es\/#organization\"},\"potentialAction\":[{\"@type\":\"SearchAction\",\"target\":{\"@type\":\"EntryPoint\",\"urlTemplate\":\"https:\/\/www.starsislandlapalma.es\/?s={search_term_string}\"},\"query-input\":{\"@type\":\"PropertyValueSpecification\",\"valueRequired\":true,\"valueName\":\"search_term_string\"}}],\"inLanguage\":\"de\"},{\"@type\":\"Organization\",\"@id\":\"https:\/\/www.starsislandlapalma.es\/#organization\",\"name\":\"Star Island La Palma\",\"url\":\"https:\/\/www.starsislandlapalma.es\/\",\"logo\":{\"@type\":\"ImageObject\",\"inLanguage\":\"de\",\"@id\":\"https:\/\/www.starsislandlapalma.es\/#\/schema\/logo\/image\/\",\"url\":\"https:\/\/www.starsislandlapalma.es\/wp-content\/uploads\/2022\/01\/logo_starisland.png\",\"contentUrl\":\"https:\/\/www.starsislandlapalma.es\/wp-content\/uploads\/2022\/01\/logo_starisland.png\",\"width\":172,\"height\":139,\"caption\":\"Star Island La Palma\"},\"image\":{\"@id\":\"https:\/\/www.starsislandlapalma.es\/#\/schema\/logo\/image\/\"},\"sameAs\":[\"https:\/\/www.facebook.com\/pages\/Starsisland-La-Palma\/210888162375006?ref=hl\",\"https:\/\/x.com\/starsislandlapa\",\"https:\/\/www.pinterest.com\/astroturismo\/\",\"https:\/\/www.youtube.com\/channel\/UCV7sju1ggcBpJG39HQCBtsA\"]},{\"@type\":\"Person\",\"@id\":\"https:\/\/www.starsislandlapalma.es\/#\/schema\/person\/d2618b46c3dc5c031ddd56a658f9ab25\",\"name\":\"StarsIsland\",\"image\":{\"@type\":\"ImageObject\",\"inLanguage\":\"de\",\"@id\":\"https:\/\/www.starsislandlapalma.es\/#\/schema\/person\/image\/\",\"url\":\"https:\/\/secure.gravatar.com\/avatar\/30a35f2b7b8f976566433f1ab7d6402f?s=96&d=mm&r=g\",\"contentUrl\":\"https:\/\/secure.gravatar.com\/avatar\/30a35f2b7b8f976566433f1ab7d6402f?s=96&d=mm&r=g\",\"caption\":\"StarsIsland\"},\"url\":\"https:\/\/www.starsislandlapalma.es\/de\/author\/starsisland\/\"}]}<\/script>\n<!-- \/ Yoast SEO plugin. -->","yoast_head_json":{"title":"La Palma acoger\u00e1 el Starmus Festival 2022 y Torres afirma que Canarias pelear\u00e1 para que la isla albergue el TMT &#8902; Stars Island La Palma","robots":{"index":"index","follow":"follow","max-snippet":"max-snippet:-1","max-image-preview":"max-image-preview:large","max-video-preview":"max-video-preview:-1"},"canonical":"https:\/\/www.starsislandlapalma.es\/de\/la-palma-acogera-el-starmus-festival-2022-y-torres-afirma-que-canarias-peleara-para-que-la-isla-albergue-el-tmt\/","og_locale":"de_DE","og_type":"article","og_title":"La Palma acoger\u00e1 el Starmus Festival 2022 y Torres afirma que Canarias pelear\u00e1 para que la isla albergue el TMT &#8902; Stars Island La Palma","og_description":"La Palma acoger\u00e1 el Starmus Festival 2022, un evento que vuelve a Canarias tras unos a\u00f1os y que \u201csumar\u00e1\u201d para que la isla albergue el Telescopio Treinta Metros (TMT), una candidatura sobre la que el presidente, \u00c1ngel V\u00edctor Torres, asegur\u00f3 que se pelear\u00e1 \u201chasta el...","og_url":"https:\/\/www.starsislandlapalma.es\/de\/la-palma-acogera-el-starmus-festival-2022-y-torres-afirma-que-canarias-peleara-para-que-la-isla-albergue-el-tmt\/","og_site_name":"Stars Island La Palma","article_publisher":"https:\/\/www.facebook.com\/pages\/Starsisland-La-Palma\/210888162375006?ref=hl","article_published_time":"2021-12-19T08:59:50+00:00","article_modified_time":"2022-01-13T12:15:46+00:00","og_image":[{"width":900,"height":601,"url":"https:\/\/www.starsislandlapalma.es\/wp-content\/uploads\/2021\/12\/angel-victor-torres.jpg","type":"image\/jpeg"}],"author":"StarsIsland","twitter_misc":{"Verfasst von":"StarsIsland","Gesch\u00e4tzte Lesezeit":"1\u00a0Minute"},"schema":{"@context":"https:\/\/schema.org","@graph":[{"@type":"Article","@id":"https:\/\/www.starsislandlapalma.es\/de\/la-palma-acogera-el-starmus-festival-2022-y-torres-afirma-que-canarias-peleara-para-que-la-isla-albergue-el-tmt\/#article","isPartOf":{"@id":"https:\/\/www.starsislandlapalma.es\/de\/la-palma-acogera-el-starmus-festival-2022-y-torres-afirma-que-canarias-peleara-para-que-la-isla-albergue-el-tmt\/"},"author":{"name":"StarsIsland","@id":"https:\/\/www.starsislandlapalma.es\/#\/schema\/person\/d2618b46c3dc5c031ddd56a658f9ab25"},"headline":"La Palma acoger\u00e1 el Starmus Festival 2022 y Torres afirma que Canarias pelear\u00e1 para que la isla albergue el TMT","datePublished":"2021-12-19T08:59:50+00:00","dateModified":"2022-01-13T12:15:46+00:00","mainEntityOfPage":{"@id":"https:\/\/www.starsislandlapalma.es\/de\/la-palma-acogera-el-starmus-festival-2022-y-torres-afirma-que-canarias-peleara-para-que-la-isla-albergue-el-tmt\/"},"wordCount":293,"commentCount":0,"publisher":{"@id":"https:\/\/www.starsislandlapalma.es\/#organization"},"image":{"@id":"https:\/\/www.starsislandlapalma.es\/de\/la-palma-acogera-el-starmus-festival-2022-y-torres-afirma-que-canarias-peleara-para-que-la-isla-albergue-el-tmt\/#primaryimage"},"thumbnailUrl":"https:\/\/www.starsislandlapalma.es\/wp-content\/uploads\/2021\/12\/angel-victor-torres.jpg","keywords":["Starmus Festival"],"articleSection":["Event","Nachricht"],"inLanguage":"de","potentialAction":[{"@type":"CommentAction","name":"Comment","target":["https:\/\/www.starsislandlapalma.es\/de\/la-palma-acogera-el-starmus-festival-2022-y-torres-afirma-que-canarias-peleara-para-que-la-isla-albergue-el-tmt\/#respond"]}]},{"@type":"WebPage","@id":"https:\/\/www.starsislandlapalma.es\/de\/la-palma-acogera-el-starmus-festival-2022-y-torres-afirma-que-canarias-peleara-para-que-la-isla-albergue-el-tmt\/","url":"https:\/\/www.starsislandlapalma.es\/de\/la-palma-acogera-el-starmus-festival-2022-y-torres-afirma-que-canarias-peleara-para-que-la-isla-albergue-el-tmt\/","name":"La Palma acoger\u00e1 el Starmus Festival 2022 y Torres afirma que Canarias pelear\u00e1 para que la isla albergue el TMT &#8902; Stars Island La Palma","isPartOf":{"@id":"https:\/\/www.starsislandlapalma.es\/#website"},"primaryImageOfPage":{"@id":"https:\/\/www.starsislandlapalma.es\/de\/la-palma-acogera-el-starmus-festival-2022-y-torres-afirma-que-canarias-peleara-para-que-la-isla-albergue-el-tmt\/#primaryimage"},"image":{"@id":"https:\/\/www.starsislandlapalma.es\/de\/la-palma-acogera-el-starmus-festival-2022-y-torres-afirma-que-canarias-peleara-para-que-la-isla-albergue-el-tmt\/#primaryimage"},"thumbnailUrl":"https:\/\/www.starsislandlapalma.es\/wp-content\/uploads\/2021\/12\/angel-victor-torres.jpg","datePublished":"2021-12-19T08:59:50+00:00","dateModified":"2022-01-13T12:15:46+00:00","breadcrumb":{"@id":"https:\/\/www.starsislandlapalma.es\/de\/la-palma-acogera-el-starmus-festival-2022-y-torres-afirma-que-canarias-peleara-para-que-la-isla-albergue-el-tmt\/#breadcrumb"},"inLanguage":"de","potentialAction":[{"@type":"ReadAction","target":["https:\/\/www.starsislandlapalma.es\/de\/la-palma-acogera-el-starmus-festival-2022-y-torres-afirma-que-canarias-peleara-para-que-la-isla-albergue-el-tmt\/"]}]},{"@type":"ImageObject","inLanguage":"de","@id":"https:\/\/www.starsislandlapalma.es\/de\/la-palma-acogera-el-starmus-festival-2022-y-torres-afirma-que-canarias-peleara-para-que-la-isla-albergue-el-tmt\/#primaryimage","url":"https:\/\/www.starsislandlapalma.es\/wp-content\/uploads\/2021\/12\/angel-victor-torres.jpg","contentUrl":"https:\/\/www.starsislandlapalma.es\/wp-content\/uploads\/2021\/12\/angel-victor-torres.jpg","width":900,"height":601,"caption":"03-10-2021 El presidente de Canarias, \u00c1ngel V\u00edctor Torres, durante una rueda de prensa tras la reuni\u00f3n del Comit\u00e9 Director del Plan de Prevenci\u00f3n de Riesgo Volc\u00e1nico en Canarias (Pevolca), en la sede del Cabildo Insular de La Palma, a 3 de octubre de 2021, en La Palma, Islas Canarias (Espa\u00f1a). El presidente del Gobierno, Pedro S\u00e1nchez, viaja de nuevo este domingo a La Palma para realizar el seguimiento de los efectos causados por la erupci\u00f3n del volc\u00e1n de Cumbre Vieja. Esta visita del jefe del Ejecutivo a la isla de La Palma se produce cuando se cumplen dos semanas desde que se inici\u00f3 la erupci\u00f3n, el pasado 19 de septiembre, y que ya ha afectado a m\u00e1s de mil construcciones. SOCIEDAD Toni Cuadrado - Europa Press"},{"@type":"BreadcrumbList","@id":"https:\/\/www.starsislandlapalma.es\/de\/la-palma-acogera-el-starmus-festival-2022-y-torres-afirma-que-canarias-peleara-para-que-la-isla-albergue-el-tmt\/#breadcrumb","itemListElement":[{"@type":"ListItem","position":1,"name":"Portada","item":"https:\/\/www.starsislandlapalma.es\/de\/"},{"@type":"ListItem","position":2,"name":"La Palma acoger\u00e1 el Starmus Festival 2022 y Torres afirma que Canarias pelear\u00e1 para que la isla albergue el TMT"}]},{"@type":"WebSite","@id":"https:\/\/www.starsislandlapalma.es\/#website","url":"https:\/\/www.starsislandlapalma.es\/","name":"Stars Island La Palma","description":"La Palma, el lugar perfecto para disfrutar del universo. Primera Reserva Starlight del mundo, en 2012 se reconoce como Destino Tur\u00edstico Starlight","publisher":{"@id":"https:\/\/www.starsislandlapalma.es\/#organization"},"potentialAction":[{"@type":"SearchAction","target":{"@type":"EntryPoint","urlTemplate":"https:\/\/www.starsislandlapalma.es\/?s={search_term_string}"},"query-input":{"@type":"PropertyValueSpecification","valueRequired":true,"valueName":"search_term_string"}}],"inLanguage":"de"},{"@type":"Organization","@id":"https:\/\/www.starsislandlapalma.es\/#organization","name":"Star Island La Palma","url":"https:\/\/www.starsislandlapalma.es\/","logo":{"@type":"ImageObject","inLanguage":"de","@id":"https:\/\/www.starsislandlapalma.es\/#\/schema\/logo\/image\/","url":"https:\/\/www.starsislandlapalma.es\/wp-content\/uploads\/2022\/01\/logo_starisland.png","contentUrl":"https:\/\/www.starsislandlapalma.es\/wp-content\/uploads\/2022\/01\/logo_starisland.png","width":172,"height":139,"caption":"Star Island La Palma"},"image":{"@id":"https:\/\/www.starsislandlapalma.es\/#\/schema\/logo\/image\/"},"sameAs":["https:\/\/www.facebook.com\/pages\/Starsisland-La-Palma\/210888162375006?ref=hl","https:\/\/x.com\/starsislandlapa","https:\/\/www.pinterest.com\/astroturismo\/","https:\/\/www.youtube.com\/channel\/UCV7sju1ggcBpJG39HQCBtsA"]},{"@type":"Person","@id":"https:\/\/www.starsislandlapalma.es\/#\/schema\/person\/d2618b46c3dc5c031ddd56a658f9ab25","name":"StarsIsland","image":{"@type":"ImageObject","inLanguage":"de","@id":"https:\/\/www.starsislandlapalma.es\/#\/schema\/person\/image\/","url":"https:\/\/secure.gravatar.com\/avatar\/30a35f2b7b8f976566433f1ab7d6402f?s=96&d=mm&r=g","contentUrl":"https:\/\/secure.gravatar.com\/avatar\/30a35f2b7b8f976566433f1ab7d6402f?s=96&d=mm&r=g","caption":"StarsIsland"},"url":"https:\/\/www.starsislandlapalma.es\/de\/author\/starsisland\/"}]}},"_links":{"self":[{"href":"https:\/\/www.starsislandlapalma.es\/de\/wp-json\/wp\/v2\/posts\/24480\/"}],"collection":[{"href":"https:\/\/www.starsislandlapalma.es\/de\/wp-json\/wp\/v2\/posts\/"}],"about":[{"href":"https:\/\/www.starsislandlapalma.es\/de\/wp-json\/wp\/v2\/types\/post\/"}],"author":[{"embeddable":true,"href":"https:\/\/www.starsislandlapalma.es\/de\/wp-json\/wp\/v2\/users\/4\/"}],"replies":[{"embeddable":true,"href":"https:\/\/www.starsislandlapalma.es\/de\/wp-json\/wp\/v2\/comments\/?post=24480"}],"version-history":[{"count":0,"href":"https:\/\/www.starsislandlapalma.es\/de\/wp-json\/wp\/v2\/posts\/24480\/revisions\/"}],"wp:featuredmedia":[{"embeddable":true,"href":"https:\/\/www.starsislandlapalma.es\/de\/wp-json\/wp\/v2\/media\/24340\/"}],"wp:attachment":[{"href":"https:\/\/www.starsislandlapalma.es\/de\/wp-json\/wp\/v2\/media\/?parent=24480"}],"wp:term":[{"taxonomy":"category","embeddable":true,"href":"https:\/\/www.starsislandlapalma.es\/de\/wp-json\/wp\/v2\/categories\/?post=24480"},{"taxonomy":"post_tag","embeddable":true,"href":"https:\/\/www.starsislandlapalma.es\/de\/wp-json\/wp\/v2\/tags\/?post=24480"}],"curies":[{"name":"wp","href":"https:\/\/api.w.org\/{rel}","templated":true}]}}