{"id":24546,"date":"2021-08-03T06:21:28","date_gmt":"2021-08-03T06:21:28","guid":{"rendered":"https:\/\/www.starsislandlapalma.es\/fuencaliente-se-posiciona-para-albergar-el-festival-starmus\/"},"modified":"2022-01-13T14:50:31","modified_gmt":"2022-01-13T14:50:31","slug":"fuencaliente-se-posiciona-para-albergar-el-festival-starmus","status":"publish","type":"post","link":"https:\/\/www.starsislandlapalma.es\/de\/fuencaliente-se-posiciona-para-albergar-el-festival-starmus\/","title":{"rendered":"Fuencaliente se posiciona para albergar el Festival Starmus"},"content":{"rendered":"<p>El municipio de Fuencaliente, en la l\u00ednea marcada de aunar las actividades cient\u00edficas con las potencialidades tur\u00edsticas del municipio, se posiciona como sede para acoger a los cient\u00edficos y artistas participantes, as\u00ed como muchas de las actividades paralelas que se desarrollen en el Festival Starmus que acoger\u00e1 la Isla en el verano de 2022.<\/p>\n<p>La concejala de Promoci\u00f3n Tur\u00edstica, Celia Santos, ha mantenido diversos encuentros con su promotor, Garik Israelian, poniendo a disposici\u00f3n los recursos del municipio para esta iniciativa.<\/p>\n<p>El Festival Starmus se inici\u00f3\u00a02011, y desde entonces ha crecido hasta convertirse en uno de los festivales astron\u00f3micos m\u00e1s importantes del mundo, describi\u00e9ndose como un evento en el que las mentes m\u00e1s grandes en la exploraci\u00f3n del espacio, la astronom\u00eda, la cosmolog\u00eda y la ciencia planetaria, se re\u00fanen para una semana de intercambio de informaci\u00f3n y de valoraci\u00f3n de conocimientos sobre el espacio y el universo.<\/p>\n<p>En el trabajo previo realizado entre la organizaci\u00f3n del festival y el Ayuntamiento de Fuencaliente, Garik Israelian ya ha visitado diferentes emplazamientos del municipio, acompa\u00f1ado de Celia Santos, poniendo en valor la capacidad alojativa en diferentes formatos con los que cuenta la localidad, tanto a trav\u00e9s de la planta hotelera, como villas tur\u00edsticas y casas rurales, as\u00ed como la oferta de actividades paralelas relacionadas con la cultura, el patrimonio y la tradici\u00f3n vitivin\u00edcola.<\/p>\n<p>En ese sentido, Celia Santos destaca que Fuencaliente tiene muchas posibilidades debido a esa capacidad alojativa para albergar a m\u00e1s de 1.000 personas que acudir\u00e1n de todo el mundo a este encuentro social, cultural y cient\u00edfico.<\/p>\n<p>As\u00ed, destaca el alcalde de Fuencaliente, Gregorio Alonso, este festival sigue la l\u00ednea de trabajo emprendida por el grupo de gobierno municipal, que persigue aunar paisaje, cultura, investigaci\u00f3n cient\u00edfica y los potenciales tur\u00edsticos con los que cuenta la localidad.<\/p>\n<p>Es adem\u00e1s, a\u00f1ade Gregorio Alonso, una oportunidad para seguir generando sinergias econ\u00f3micas para Fuencaliente que permitan contribuir al tejido social y empresarial del sur de la Isla, que ser\u00e1 fundamental en el desarrollo de todas y cada una de las actividades programadas y paralelas que se programen en el Starmus palmero.<\/p>\n","protected":false},"excerpt":{"rendered":"<p>El municipio de Fuencaliente, en la l\u00ednea marcada de aunar las actividades cient\u00edficas con las potencialidades tur\u00edsticas del municipio, se posiciona como sede para acoger a los cient\u00edficos y artistas participantes, as\u00ed como muchas de las actividades paralelas que se desarrollen en el Festival Starmus&#8230;<\/p>\n","protected":false},"author":1,"featured_media":23103,"comment_status":"open","ping_status":"open","sticky":false,"template":"","format":"standard","meta":{"footnotes":""},"categories":[140,135],"tags":[741],"yoast_head":"<!-- This site is optimized with the Yoast SEO plugin v24.5 - https:\/\/yoast.com\/wordpress\/plugins\/seo\/ -->\n<title>Fuencaliente se posiciona para albergar el Festival Starmus &#8902; Stars Island La Palma<\/title>\n<meta name=\"robots\" content=\"index, follow, max-snippet:-1, max-image-preview:large, max-video-preview:-1\" \/>\n<link rel=\"canonical\" href=\"https:\/\/www.starsislandlapalma.es\/de\/fuencaliente-se-posiciona-para-albergar-el-festival-starmus\/\" \/>\n<meta property=\"og:locale\" content=\"de_DE\" \/>\n<meta property=\"og:type\" content=\"article\" \/>\n<meta property=\"og:title\" content=\"Fuencaliente se posiciona para albergar el Festival Starmus &#8902; Stars Island La Palma\" \/>\n<meta property=\"og:description\" content=\"El municipio de Fuencaliente, en la l\u00ednea marcada de aunar las actividades cient\u00edficas con las potencialidades tur\u00edsticas del municipio, se posiciona como sede para acoger a los cient\u00edficos y artistas participantes, as\u00ed como muchas de las actividades paralelas que se desarrollen en el Festival Starmus...\" \/>\n<meta property=\"og:url\" content=\"https:\/\/www.starsislandlapalma.es\/de\/fuencaliente-se-posiciona-para-albergar-el-festival-starmus\/\" \/>\n<meta property=\"og:site_name\" content=\"Stars Island La Palma\" \/>\n<meta property=\"article:publisher\" content=\"https:\/\/www.facebook.com\/pages\/Starsisland-La-Palma\/210888162375006?ref=hl\" \/>\n<meta property=\"article:published_time\" content=\"2021-08-03T06:21:28+00:00\" \/>\n<meta property=\"article:modified_time\" content=\"2022-01-13T14:50:31+00:00\" \/>\n<meta property=\"og:image\" content=\"https:\/\/www.starsislandlapalma.es\/wp-content\/uploads\/2021\/08\/Garik-Israelian-y-Celia-Santos.jpg\" \/>\n\t<meta property=\"og:image:width\" content=\"900\" \/>\n\t<meta property=\"og:image:height\" content=\"506\" \/>\n\t<meta property=\"og:image:type\" content=\"image\/jpeg\" \/>\n<meta name=\"author\" content=\"Stars Island La Palma\" \/>\n<meta name=\"twitter:label1\" content=\"Verfasst von\" \/>\n\t<meta name=\"twitter:data1\" content=\"Stars Island La Palma\" \/>\n\t<meta name=\"twitter:label2\" content=\"Gesch\u00e4tzte Lesezeit\" \/>\n\t<meta name=\"twitter:data2\" content=\"2\u00a0Minuten\" \/>\n<script type=\"application\/ld+json\" class=\"yoast-schema-graph\">{\"@context\":\"https:\/\/schema.org\",\"@graph\":[{\"@type\":\"Article\",\"@id\":\"https:\/\/www.starsislandlapalma.es\/de\/fuencaliente-se-posiciona-para-albergar-el-festival-starmus\/#article\",\"isPartOf\":{\"@id\":\"https:\/\/www.starsislandlapalma.es\/de\/fuencaliente-se-posiciona-para-albergar-el-festival-starmus\/\"},\"author\":{\"name\":\"Stars Island La Palma\",\"@id\":\"https:\/\/www.starsislandlapalma.es\/#\/schema\/person\/9043f5bd4f379ca7532bf525fa88073b\"},\"headline\":\"Fuencaliente se posiciona para albergar el Festival Starmus\",\"datePublished\":\"2021-08-03T06:21:28+00:00\",\"dateModified\":\"2022-01-13T14:50:31+00:00\",\"mainEntityOfPage\":{\"@id\":\"https:\/\/www.starsislandlapalma.es\/de\/fuencaliente-se-posiciona-para-albergar-el-festival-starmus\/\"},\"wordCount\":384,\"commentCount\":0,\"publisher\":{\"@id\":\"https:\/\/www.starsislandlapalma.es\/#organization\"},\"image\":{\"@id\":\"https:\/\/www.starsislandlapalma.es\/de\/fuencaliente-se-posiciona-para-albergar-el-festival-starmus\/#primaryimage\"},\"thumbnailUrl\":\"https:\/\/www.starsislandlapalma.es\/wp-content\/uploads\/2021\/08\/Garik-Israelian-y-Celia-Santos.jpg\",\"keywords\":[\"Festival Starmus\"],\"articleSection\":[\"Event\",\"Nachricht\"],\"inLanguage\":\"de\",\"potentialAction\":[{\"@type\":\"CommentAction\",\"name\":\"Comment\",\"target\":[\"https:\/\/www.starsislandlapalma.es\/de\/fuencaliente-se-posiciona-para-albergar-el-festival-starmus\/#respond\"]}]},{\"@type\":\"WebPage\",\"@id\":\"https:\/\/www.starsislandlapalma.es\/de\/fuencaliente-se-posiciona-para-albergar-el-festival-starmus\/\",\"url\":\"https:\/\/www.starsislandlapalma.es\/de\/fuencaliente-se-posiciona-para-albergar-el-festival-starmus\/\",\"name\":\"Fuencaliente se posiciona para albergar el Festival Starmus &#8902; Stars Island La Palma\",\"isPartOf\":{\"@id\":\"https:\/\/www.starsislandlapalma.es\/#website\"},\"primaryImageOfPage\":{\"@id\":\"https:\/\/www.starsislandlapalma.es\/de\/fuencaliente-se-posiciona-para-albergar-el-festival-starmus\/#primaryimage\"},\"image\":{\"@id\":\"https:\/\/www.starsislandlapalma.es\/de\/fuencaliente-se-posiciona-para-albergar-el-festival-starmus\/#primaryimage\"},\"thumbnailUrl\":\"https:\/\/www.starsislandlapalma.es\/wp-content\/uploads\/2021\/08\/Garik-Israelian-y-Celia-Santos.jpg\",\"datePublished\":\"2021-08-03T06:21:28+00:00\",\"dateModified\":\"2022-01-13T14:50:31+00:00\",\"breadcrumb\":{\"@id\":\"https:\/\/www.starsislandlapalma.es\/de\/fuencaliente-se-posiciona-para-albergar-el-festival-starmus\/#breadcrumb\"},\"inLanguage\":\"de\",\"potentialAction\":[{\"@type\":\"ReadAction\",\"target\":[\"https:\/\/www.starsislandlapalma.es\/de\/fuencaliente-se-posiciona-para-albergar-el-festival-starmus\/\"]}]},{\"@type\":\"ImageObject\",\"inLanguage\":\"de\",\"@id\":\"https:\/\/www.starsislandlapalma.es\/de\/fuencaliente-se-posiciona-para-albergar-el-festival-starmus\/#primaryimage\",\"url\":\"https:\/\/www.starsislandlapalma.es\/wp-content\/uploads\/2021\/08\/Garik-Israelian-y-Celia-Santos.jpg\",\"contentUrl\":\"https:\/\/www.starsislandlapalma.es\/wp-content\/uploads\/2021\/08\/Garik-Israelian-y-Celia-Santos.jpg\",\"width\":900,\"height\":506},{\"@type\":\"BreadcrumbList\",\"@id\":\"https:\/\/www.starsislandlapalma.es\/de\/fuencaliente-se-posiciona-para-albergar-el-festival-starmus\/#breadcrumb\",\"itemListElement\":[{\"@type\":\"ListItem\",\"position\":1,\"name\":\"Portada\",\"item\":\"https:\/\/www.starsislandlapalma.es\/de\/\"},{\"@type\":\"ListItem\",\"position\":2,\"name\":\"Fuencaliente se posiciona para albergar el Festival Starmus\"}]},{\"@type\":\"WebSite\",\"@id\":\"https:\/\/www.starsislandlapalma.es\/#website\",\"url\":\"https:\/\/www.starsislandlapalma.es\/\",\"name\":\"Stars Island La Palma\",\"description\":\"La Palma, el lugar perfecto para disfrutar del universo. Primera Reserva Starlight del mundo, en 2012 se reconoce como Destino Tur\u00edstico Starlight\",\"publisher\":{\"@id\":\"https:\/\/www.starsislandlapalma.es\/#organization\"},\"potentialAction\":[{\"@type\":\"SearchAction\",\"target\":{\"@type\":\"EntryPoint\",\"urlTemplate\":\"https:\/\/www.starsislandlapalma.es\/?s={search_term_string}\"},\"query-input\":{\"@type\":\"PropertyValueSpecification\",\"valueRequired\":true,\"valueName\":\"search_term_string\"}}],\"inLanguage\":\"de\"},{\"@type\":\"Organization\",\"@id\":\"https:\/\/www.starsislandlapalma.es\/#organization\",\"name\":\"Star Island La Palma\",\"url\":\"https:\/\/www.starsislandlapalma.es\/\",\"logo\":{\"@type\":\"ImageObject\",\"inLanguage\":\"de\",\"@id\":\"https:\/\/www.starsislandlapalma.es\/#\/schema\/logo\/image\/\",\"url\":\"https:\/\/www.starsislandlapalma.es\/wp-content\/uploads\/2022\/01\/logo_starisland.png\",\"contentUrl\":\"https:\/\/www.starsislandlapalma.es\/wp-content\/uploads\/2022\/01\/logo_starisland.png\",\"width\":172,\"height\":139,\"caption\":\"Star Island La Palma\"},\"image\":{\"@id\":\"https:\/\/www.starsislandlapalma.es\/#\/schema\/logo\/image\/\"},\"sameAs\":[\"https:\/\/www.facebook.com\/pages\/Starsisland-La-Palma\/210888162375006?ref=hl\",\"https:\/\/x.com\/starsislandlapa\",\"https:\/\/www.pinterest.com\/astroturismo\/\",\"https:\/\/www.youtube.com\/channel\/UCV7sju1ggcBpJG39HQCBtsA\"]},{\"@type\":\"Person\",\"@id\":\"https:\/\/www.starsislandlapalma.es\/#\/schema\/person\/9043f5bd4f379ca7532bf525fa88073b\",\"name\":\"Stars Island La Palma\",\"image\":{\"@type\":\"ImageObject\",\"inLanguage\":\"de\",\"@id\":\"https:\/\/www.starsislandlapalma.es\/#\/schema\/person\/image\/\",\"url\":\"https:\/\/secure.gravatar.com\/avatar\/214edfeae37af83662fa1058aeebfb41?s=96&d=mm&r=g\",\"contentUrl\":\"https:\/\/secure.gravatar.com\/avatar\/214edfeae37af83662fa1058aeebfb41?s=96&d=mm&r=g\",\"caption\":\"Stars Island La Palma\"},\"url\":\"https:\/\/www.starsislandlapalma.es\/de\/author\/star\/\"}]}<\/script>\n<!-- \/ Yoast SEO plugin. -->","yoast_head_json":{"title":"Fuencaliente se posiciona para albergar el Festival Starmus &#8902; Stars Island La Palma","robots":{"index":"index","follow":"follow","max-snippet":"max-snippet:-1","max-image-preview":"max-image-preview:large","max-video-preview":"max-video-preview:-1"},"canonical":"https:\/\/www.starsislandlapalma.es\/de\/fuencaliente-se-posiciona-para-albergar-el-festival-starmus\/","og_locale":"de_DE","og_type":"article","og_title":"Fuencaliente se posiciona para albergar el Festival Starmus &#8902; Stars Island La Palma","og_description":"El municipio de Fuencaliente, en la l\u00ednea marcada de aunar las actividades cient\u00edficas con las potencialidades tur\u00edsticas del municipio, se posiciona como sede para acoger a los cient\u00edficos y artistas participantes, as\u00ed como muchas de las actividades paralelas que se desarrollen en el Festival Starmus...","og_url":"https:\/\/www.starsislandlapalma.es\/de\/fuencaliente-se-posiciona-para-albergar-el-festival-starmus\/","og_site_name":"Stars Island La Palma","article_publisher":"https:\/\/www.facebook.com\/pages\/Starsisland-La-Palma\/210888162375006?ref=hl","article_published_time":"2021-08-03T06:21:28+00:00","article_modified_time":"2022-01-13T14:50:31+00:00","og_image":[{"width":900,"height":506,"url":"https:\/\/www.starsislandlapalma.es\/wp-content\/uploads\/2021\/08\/Garik-Israelian-y-Celia-Santos.jpg","type":"image\/jpeg"}],"author":"Stars Island La Palma","twitter_misc":{"Verfasst von":"Stars Island La Palma","Gesch\u00e4tzte Lesezeit":"2\u00a0Minuten"},"schema":{"@context":"https:\/\/schema.org","@graph":[{"@type":"Article","@id":"https:\/\/www.starsislandlapalma.es\/de\/fuencaliente-se-posiciona-para-albergar-el-festival-starmus\/#article","isPartOf":{"@id":"https:\/\/www.starsislandlapalma.es\/de\/fuencaliente-se-posiciona-para-albergar-el-festival-starmus\/"},"author":{"name":"Stars Island La Palma","@id":"https:\/\/www.starsislandlapalma.es\/#\/schema\/person\/9043f5bd4f379ca7532bf525fa88073b"},"headline":"Fuencaliente se posiciona para albergar el Festival Starmus","datePublished":"2021-08-03T06:21:28+00:00","dateModified":"2022-01-13T14:50:31+00:00","mainEntityOfPage":{"@id":"https:\/\/www.starsislandlapalma.es\/de\/fuencaliente-se-posiciona-para-albergar-el-festival-starmus\/"},"wordCount":384,"commentCount":0,"publisher":{"@id":"https:\/\/www.starsislandlapalma.es\/#organization"},"image":{"@id":"https:\/\/www.starsislandlapalma.es\/de\/fuencaliente-se-posiciona-para-albergar-el-festival-starmus\/#primaryimage"},"thumbnailUrl":"https:\/\/www.starsislandlapalma.es\/wp-content\/uploads\/2021\/08\/Garik-Israelian-y-Celia-Santos.jpg","keywords":["Festival Starmus"],"articleSection":["Event","Nachricht"],"inLanguage":"de","potentialAction":[{"@type":"CommentAction","name":"Comment","target":["https:\/\/www.starsislandlapalma.es\/de\/fuencaliente-se-posiciona-para-albergar-el-festival-starmus\/#respond"]}]},{"@type":"WebPage","@id":"https:\/\/www.starsislandlapalma.es\/de\/fuencaliente-se-posiciona-para-albergar-el-festival-starmus\/","url":"https:\/\/www.starsislandlapalma.es\/de\/fuencaliente-se-posiciona-para-albergar-el-festival-starmus\/","name":"Fuencaliente se posiciona para albergar el Festival Starmus &#8902; Stars Island La Palma","isPartOf":{"@id":"https:\/\/www.starsislandlapalma.es\/#website"},"primaryImageOfPage":{"@id":"https:\/\/www.starsislandlapalma.es\/de\/fuencaliente-se-posiciona-para-albergar-el-festival-starmus\/#primaryimage"},"image":{"@id":"https:\/\/www.starsislandlapalma.es\/de\/fuencaliente-se-posiciona-para-albergar-el-festival-starmus\/#primaryimage"},"thumbnailUrl":"https:\/\/www.starsislandlapalma.es\/wp-content\/uploads\/2021\/08\/Garik-Israelian-y-Celia-Santos.jpg","datePublished":"2021-08-03T06:21:28+00:00","dateModified":"2022-01-13T14:50:31+00:00","breadcrumb":{"@id":"https:\/\/www.starsislandlapalma.es\/de\/fuencaliente-se-posiciona-para-albergar-el-festival-starmus\/#breadcrumb"},"inLanguage":"de","potentialAction":[{"@type":"ReadAction","target":["https:\/\/www.starsislandlapalma.es\/de\/fuencaliente-se-posiciona-para-albergar-el-festival-starmus\/"]}]},{"@type":"ImageObject","inLanguage":"de","@id":"https:\/\/www.starsislandlapalma.es\/de\/fuencaliente-se-posiciona-para-albergar-el-festival-starmus\/#primaryimage","url":"https:\/\/www.starsislandlapalma.es\/wp-content\/uploads\/2021\/08\/Garik-Israelian-y-Celia-Santos.jpg","contentUrl":"https:\/\/www.starsislandlapalma.es\/wp-content\/uploads\/2021\/08\/Garik-Israelian-y-Celia-Santos.jpg","width":900,"height":506},{"@type":"BreadcrumbList","@id":"https:\/\/www.starsislandlapalma.es\/de\/fuencaliente-se-posiciona-para-albergar-el-festival-starmus\/#breadcrumb","itemListElement":[{"@type":"ListItem","position":1,"name":"Portada","item":"https:\/\/www.starsislandlapalma.es\/de\/"},{"@type":"ListItem","position":2,"name":"Fuencaliente se posiciona para albergar el Festival Starmus"}]},{"@type":"WebSite","@id":"https:\/\/www.starsislandlapalma.es\/#website","url":"https:\/\/www.starsislandlapalma.es\/","name":"Stars Island La Palma","description":"La Palma, el lugar perfecto para disfrutar del universo. Primera Reserva Starlight del mundo, en 2012 se reconoce como Destino Tur\u00edstico Starlight","publisher":{"@id":"https:\/\/www.starsislandlapalma.es\/#organization"},"potentialAction":[{"@type":"SearchAction","target":{"@type":"EntryPoint","urlTemplate":"https:\/\/www.starsislandlapalma.es\/?s={search_term_string}"},"query-input":{"@type":"PropertyValueSpecification","valueRequired":true,"valueName":"search_term_string"}}],"inLanguage":"de"},{"@type":"Organization","@id":"https:\/\/www.starsislandlapalma.es\/#organization","name":"Star Island La Palma","url":"https:\/\/www.starsislandlapalma.es\/","logo":{"@type":"ImageObject","inLanguage":"de","@id":"https:\/\/www.starsislandlapalma.es\/#\/schema\/logo\/image\/","url":"https:\/\/www.starsislandlapalma.es\/wp-content\/uploads\/2022\/01\/logo_starisland.png","contentUrl":"https:\/\/www.starsislandlapalma.es\/wp-content\/uploads\/2022\/01\/logo_starisland.png","width":172,"height":139,"caption":"Star Island La Palma"},"image":{"@id":"https:\/\/www.starsislandlapalma.es\/#\/schema\/logo\/image\/"},"sameAs":["https:\/\/www.facebook.com\/pages\/Starsisland-La-Palma\/210888162375006?ref=hl","https:\/\/x.com\/starsislandlapa","https:\/\/www.pinterest.com\/astroturismo\/","https:\/\/www.youtube.com\/channel\/UCV7sju1ggcBpJG39HQCBtsA"]},{"@type":"Person","@id":"https:\/\/www.starsislandlapalma.es\/#\/schema\/person\/9043f5bd4f379ca7532bf525fa88073b","name":"Stars Island La Palma","image":{"@type":"ImageObject","inLanguage":"de","@id":"https:\/\/www.starsislandlapalma.es\/#\/schema\/person\/image\/","url":"https:\/\/secure.gravatar.com\/avatar\/214edfeae37af83662fa1058aeebfb41?s=96&d=mm&r=g","contentUrl":"https:\/\/secure.gravatar.com\/avatar\/214edfeae37af83662fa1058aeebfb41?s=96&d=mm&r=g","caption":"Stars Island La Palma"},"url":"https:\/\/www.starsislandlapalma.es\/de\/author\/star\/"}]}},"_links":{"self":[{"href":"https:\/\/www.starsislandlapalma.es\/de\/wp-json\/wp\/v2\/posts\/24546\/"}],"collection":[{"href":"https:\/\/www.starsislandlapalma.es\/de\/wp-json\/wp\/v2\/posts\/"}],"about":[{"href":"https:\/\/www.starsislandlapalma.es\/de\/wp-json\/wp\/v2\/types\/post\/"}],"author":[{"embeddable":true,"href":"https:\/\/www.starsislandlapalma.es\/de\/wp-json\/wp\/v2\/users\/1\/"}],"replies":[{"embeddable":true,"href":"https:\/\/www.starsislandlapalma.es\/de\/wp-json\/wp\/v2\/comments\/?post=24546"}],"version-history":[{"count":0,"href":"https:\/\/www.starsislandlapalma.es\/de\/wp-json\/wp\/v2\/posts\/24546\/revisions\/"}],"wp:featuredmedia":[{"embeddable":true,"href":"https:\/\/www.starsislandlapalma.es\/de\/wp-json\/wp\/v2\/media\/23103\/"}],"wp:attachment":[{"href":"https:\/\/www.starsislandlapalma.es\/de\/wp-json\/wp\/v2\/media\/?parent=24546"}],"wp:term":[{"taxonomy":"category","embeddable":true,"href":"https:\/\/www.starsislandlapalma.es\/de\/wp-json\/wp\/v2\/categories\/?post=24546"},{"taxonomy":"post_tag","embeddable":true,"href":"https:\/\/www.starsislandlapalma.es\/de\/wp-json\/wp\/v2\/tags\/?post=24546"}],"curies":[{"name":"wp","href":"https:\/\/api.w.org\/{rel}","templated":true}]}}