{"id":24552,"date":"2021-09-13T13:34:42","date_gmt":"2021-09-13T13:34:42","guid":{"rendered":"https:\/\/www.starsislandlapalma.es\/el-cabildo-lidera-la-apuesta-por-el-astroturismo-en-la-primera-conferencia-internacional-starlight-celebrada-en-portugal\/"},"modified":"2022-01-13T15:06:32","modified_gmt":"2022-01-13T15:06:32","slug":"el-cabildo-lidera-la-apuesta-por-el-astroturismo-en-la-primera-conferencia-internacional-starlight-celebrada-en-portugal","status":"publish","type":"post","link":"https:\/\/www.starsislandlapalma.es\/de\/el-cabildo-lidera-la-apuesta-por-el-astroturismo-en-la-primera-conferencia-internacional-starlight-celebrada-en-portugal\/","title":{"rendered":"El Cabildo lidera la apuesta por el Astroturismo en la primera Conferencia Internacional Starlight celebrada en Portugal"},"content":{"rendered":"<p>Ra\u00fal Camacho destaca que La Palma es uno de los lugares privilegiados para el desarrollo de las pol\u00edticas de conservaci\u00f3n, protecci\u00f3n y generaci\u00f3n de sinergias econ\u00f3micas alrededor del cielo estrellado.<\/p>\n<p>El Cabildo de La Palma, a trav\u00e9s de la Consejer\u00eda de Turismo que dirige Ra\u00fal Camacho, ha participado en la celebraci\u00f3n de la primera Conferencia Internacional Starlight, liderando la apuesta de la Isla por el sector vinculado a la protecci\u00f3n del cielo nocturno y su aprovechamiento.<\/p>\n<p>Celebrada en el Esp\u00edrito Santo College Auditorium de la Universidad de \u00c9vora hasta el pasado fin de semana, ha permitido dar a conocer y exponer las experiencias que desde diferentes perspectivas abordan los retos y oportunidades del astroturismo a nivel internacional.<\/p>\n<p>Ra\u00fal Camacho destaca que se trata de la primera conferencia internacional de Astroturismo organizada por el sello Starlight, contribuyendo a promover este segmento emergente, innovador y en la l\u00ednea de turismo responsable por la que apuesta el Cabildo de La Palma.<\/p>\n<p>Este ciclo de conferencias fue dise\u00f1ado para que sea un encuentro de aquellos destinos m\u00e1s representativos del turismo de estrellas, en el que participaron administraciones p\u00fablicas, universidades e instituciones cient\u00edficas.<\/p>\n<p>Sobre la mesa, la necesidad de proteger la oscuridad del cielo, realizando una labor de optimizaci\u00f3n de los recursos mitigando de alguna manera los efectos del cambio clim\u00e1tico, mientras se combinan las escapadas a observar estrellas en la naturaleza, teniendo en cuenta la cultura y biodiversidad cient\u00edfica en aquellos escenarios en los que se preocupan por los cielos, como es la isla de La Palma.<\/p>\n<p>Ra\u00fal Camacho hace hincapi\u00e9 en que las tem\u00e1ticas tratadas a lo largo de la conferencia internacional, a la que asistieron t\u00e9cnicos de la Consejer\u00eda de Turismo del Cabildo de La Palma, vincularon el cielo con los destinos, la contaminaci\u00f3n, la astronom\u00eda y el patrimonio, debatiendo sobre cada uno de ellos.<\/p>\n<p>Esta conferencia internacional est\u00e1 organizada y patrocinada por la Fundaci\u00f3n Starlight y la Asociaci\u00f3n Dark Sky, con la colaboraci\u00f3n de la Universidad de \u00c9vora y del Centro Interdisciplinario de Historia, Cultura y Sociedad (CIDEHUS, University of \u00c9vora), y con el apoyo del Working Group de Turismo Cient\u00edfico de miembros afiliados de la UNWTO.<\/p>\n<p>Ra\u00fal Camacho destaca que La Palma es uno de los lugares privilegiados para el desarrollo de las pol\u00edticas de conservaci\u00f3n, protecci\u00f3n y generaci\u00f3n de sinergias econ\u00f3micas alrededor del cielo estrellado, generando desde la administraci\u00f3n las pol\u00edticas necesarias para su desarrollo y dotando de un impulso a aquellas iniciativas privadas que tambi\u00e9n participan de los proyectos.<\/p>\n","protected":false},"excerpt":{"rendered":"<p>Ra\u00fal Camacho destaca que La Palma es uno de los lugares privilegiados para el desarrollo de las pol\u00edticas de conservaci\u00f3n, protecci\u00f3n y generaci\u00f3n de sinergias econ\u00f3micas alrededor del cielo estrellado. El Cabildo de La Palma, a trav\u00e9s de la Consejer\u00eda de Turismo que dirige Ra\u00fal&#8230;<\/p>\n","protected":false},"author":1,"featured_media":23306,"comment_status":"open","ping_status":"open","sticky":false,"template":"","format":"standard","meta":{"footnotes":""},"categories":[135],"tags":[900],"yoast_head":"<!-- This site is optimized with the Yoast SEO plugin v24.5 - https:\/\/yoast.com\/wordpress\/plugins\/seo\/ -->\n<title>El Cabildo lidera la apuesta por el Astroturismo en la primera Conferencia Internacional Starlight celebrada en Portugal &#8902; Stars Island La Palma<\/title>\n<meta name=\"robots\" content=\"index, follow, max-snippet:-1, max-image-preview:large, max-video-preview:-1\" \/>\n<link rel=\"canonical\" href=\"https:\/\/www.starsislandlapalma.es\/de\/el-cabildo-lidera-la-apuesta-por-el-astroturismo-en-la-primera-conferencia-internacional-starlight-celebrada-en-portugal\/\" \/>\n<meta property=\"og:locale\" content=\"de_DE\" \/>\n<meta property=\"og:type\" content=\"article\" \/>\n<meta property=\"og:title\" content=\"El Cabildo lidera la apuesta por el Astroturismo en la primera Conferencia Internacional Starlight celebrada en Portugal &#8902; Stars Island La Palma\" \/>\n<meta property=\"og:description\" content=\"Ra\u00fal Camacho destaca que La Palma es uno de los lugares privilegiados para el desarrollo de las pol\u00edticas de conservaci\u00f3n, protecci\u00f3n y generaci\u00f3n de sinergias econ\u00f3micas alrededor del cielo estrellado. El Cabildo de La Palma, a trav\u00e9s de la Consejer\u00eda de Turismo que dirige Ra\u00fal...\" \/>\n<meta property=\"og:url\" content=\"https:\/\/www.starsislandlapalma.es\/de\/el-cabildo-lidera-la-apuesta-por-el-astroturismo-en-la-primera-conferencia-internacional-starlight-celebrada-en-portugal\/\" \/>\n<meta property=\"og:site_name\" content=\"Stars Island La Palma\" \/>\n<meta property=\"article:publisher\" content=\"https:\/\/www.facebook.com\/pages\/Starsisland-La-Palma\/210888162375006?ref=hl\" \/>\n<meta property=\"article:published_time\" content=\"2021-09-13T13:34:42+00:00\" \/>\n<meta property=\"article:modified_time\" content=\"2022-01-13T15:06:32+00:00\" \/>\n<meta property=\"og:image\" content=\"https:\/\/www.starsislandlapalma.es\/wp-content\/uploads\/2021\/09\/Congreso-Stalight-Potugal.jpeg\" \/>\n\t<meta property=\"og:image:width\" content=\"1024\" \/>\n\t<meta property=\"og:image:height\" content=\"768\" \/>\n\t<meta property=\"og:image:type\" content=\"image\/jpeg\" \/>\n<meta name=\"author\" content=\"Stars Island La Palma\" \/>\n<meta name=\"twitter:label1\" content=\"Verfasst von\" \/>\n\t<meta name=\"twitter:data1\" content=\"Stars Island La Palma\" \/>\n\t<meta name=\"twitter:label2\" content=\"Gesch\u00e4tzte Lesezeit\" \/>\n\t<meta name=\"twitter:data2\" content=\"2\u00a0Minuten\" \/>\n<script type=\"application\/ld+json\" class=\"yoast-schema-graph\">{\"@context\":\"https:\/\/schema.org\",\"@graph\":[{\"@type\":\"Article\",\"@id\":\"https:\/\/www.starsislandlapalma.es\/de\/el-cabildo-lidera-la-apuesta-por-el-astroturismo-en-la-primera-conferencia-internacional-starlight-celebrada-en-portugal\/#article\",\"isPartOf\":{\"@id\":\"https:\/\/www.starsislandlapalma.es\/de\/el-cabildo-lidera-la-apuesta-por-el-astroturismo-en-la-primera-conferencia-internacional-starlight-celebrada-en-portugal\/\"},\"author\":{\"name\":\"Stars Island La Palma\",\"@id\":\"https:\/\/www.starsislandlapalma.es\/#\/schema\/person\/9043f5bd4f379ca7532bf525fa88073b\"},\"headline\":\"El Cabildo lidera la apuesta por el Astroturismo en la primera Conferencia Internacional Starlight celebrada en Portugal\",\"datePublished\":\"2021-09-13T13:34:42+00:00\",\"dateModified\":\"2022-01-13T15:06:32+00:00\",\"mainEntityOfPage\":{\"@id\":\"https:\/\/www.starsislandlapalma.es\/de\/el-cabildo-lidera-la-apuesta-por-el-astroturismo-en-la-primera-conferencia-internacional-starlight-celebrada-en-portugal\/\"},\"wordCount\":468,\"commentCount\":0,\"publisher\":{\"@id\":\"https:\/\/www.starsislandlapalma.es\/#organization\"},\"image\":{\"@id\":\"https:\/\/www.starsislandlapalma.es\/de\/el-cabildo-lidera-la-apuesta-por-el-astroturismo-en-la-primera-conferencia-internacional-starlight-celebrada-en-portugal\/#primaryimage\"},\"thumbnailUrl\":\"https:\/\/www.starsislandlapalma.es\/wp-content\/uploads\/2021\/09\/Congreso-Stalight-Potugal.jpeg\",\"keywords\":[\"Conferencia Internacional Starlight\"],\"articleSection\":[\"Nachricht\"],\"inLanguage\":\"de\",\"potentialAction\":[{\"@type\":\"CommentAction\",\"name\":\"Comment\",\"target\":[\"https:\/\/www.starsislandlapalma.es\/de\/el-cabildo-lidera-la-apuesta-por-el-astroturismo-en-la-primera-conferencia-internacional-starlight-celebrada-en-portugal\/#respond\"]}]},{\"@type\":\"WebPage\",\"@id\":\"https:\/\/www.starsislandlapalma.es\/de\/el-cabildo-lidera-la-apuesta-por-el-astroturismo-en-la-primera-conferencia-internacional-starlight-celebrada-en-portugal\/\",\"url\":\"https:\/\/www.starsislandlapalma.es\/de\/el-cabildo-lidera-la-apuesta-por-el-astroturismo-en-la-primera-conferencia-internacional-starlight-celebrada-en-portugal\/\",\"name\":\"El Cabildo lidera la apuesta por el Astroturismo en la primera Conferencia Internacional Starlight celebrada en Portugal &#8902; Stars Island La Palma\",\"isPartOf\":{\"@id\":\"https:\/\/www.starsislandlapalma.es\/#website\"},\"primaryImageOfPage\":{\"@id\":\"https:\/\/www.starsislandlapalma.es\/de\/el-cabildo-lidera-la-apuesta-por-el-astroturismo-en-la-primera-conferencia-internacional-starlight-celebrada-en-portugal\/#primaryimage\"},\"image\":{\"@id\":\"https:\/\/www.starsislandlapalma.es\/de\/el-cabildo-lidera-la-apuesta-por-el-astroturismo-en-la-primera-conferencia-internacional-starlight-celebrada-en-portugal\/#primaryimage\"},\"thumbnailUrl\":\"https:\/\/www.starsislandlapalma.es\/wp-content\/uploads\/2021\/09\/Congreso-Stalight-Potugal.jpeg\",\"datePublished\":\"2021-09-13T13:34:42+00:00\",\"dateModified\":\"2022-01-13T15:06:32+00:00\",\"breadcrumb\":{\"@id\":\"https:\/\/www.starsislandlapalma.es\/de\/el-cabildo-lidera-la-apuesta-por-el-astroturismo-en-la-primera-conferencia-internacional-starlight-celebrada-en-portugal\/#breadcrumb\"},\"inLanguage\":\"de\",\"potentialAction\":[{\"@type\":\"ReadAction\",\"target\":[\"https:\/\/www.starsislandlapalma.es\/de\/el-cabildo-lidera-la-apuesta-por-el-astroturismo-en-la-primera-conferencia-internacional-starlight-celebrada-en-portugal\/\"]}]},{\"@type\":\"ImageObject\",\"inLanguage\":\"de\",\"@id\":\"https:\/\/www.starsislandlapalma.es\/de\/el-cabildo-lidera-la-apuesta-por-el-astroturismo-en-la-primera-conferencia-internacional-starlight-celebrada-en-portugal\/#primaryimage\",\"url\":\"https:\/\/www.starsislandlapalma.es\/wp-content\/uploads\/2021\/09\/Congreso-Stalight-Potugal.jpeg\",\"contentUrl\":\"https:\/\/www.starsislandlapalma.es\/wp-content\/uploads\/2021\/09\/Congreso-Stalight-Potugal.jpeg\",\"width\":1024,\"height\":768},{\"@type\":\"BreadcrumbList\",\"@id\":\"https:\/\/www.starsislandlapalma.es\/de\/el-cabildo-lidera-la-apuesta-por-el-astroturismo-en-la-primera-conferencia-internacional-starlight-celebrada-en-portugal\/#breadcrumb\",\"itemListElement\":[{\"@type\":\"ListItem\",\"position\":1,\"name\":\"Portada\",\"item\":\"https:\/\/www.starsislandlapalma.es\/de\/\"},{\"@type\":\"ListItem\",\"position\":2,\"name\":\"El Cabildo lidera la apuesta por el Astroturismo en la primera Conferencia Internacional Starlight celebrada en Portugal\"}]},{\"@type\":\"WebSite\",\"@id\":\"https:\/\/www.starsislandlapalma.es\/#website\",\"url\":\"https:\/\/www.starsislandlapalma.es\/\",\"name\":\"Stars Island La Palma\",\"description\":\"La Palma, el lugar perfecto para disfrutar del universo. Primera Reserva Starlight del mundo, en 2012 se reconoce como Destino Tur\u00edstico Starlight\",\"publisher\":{\"@id\":\"https:\/\/www.starsislandlapalma.es\/#organization\"},\"potentialAction\":[{\"@type\":\"SearchAction\",\"target\":{\"@type\":\"EntryPoint\",\"urlTemplate\":\"https:\/\/www.starsislandlapalma.es\/?s={search_term_string}\"},\"query-input\":{\"@type\":\"PropertyValueSpecification\",\"valueRequired\":true,\"valueName\":\"search_term_string\"}}],\"inLanguage\":\"de\"},{\"@type\":\"Organization\",\"@id\":\"https:\/\/www.starsislandlapalma.es\/#organization\",\"name\":\"Star Island La Palma\",\"url\":\"https:\/\/www.starsislandlapalma.es\/\",\"logo\":{\"@type\":\"ImageObject\",\"inLanguage\":\"de\",\"@id\":\"https:\/\/www.starsislandlapalma.es\/#\/schema\/logo\/image\/\",\"url\":\"https:\/\/www.starsislandlapalma.es\/wp-content\/uploads\/2022\/01\/logo_starisland.png\",\"contentUrl\":\"https:\/\/www.starsislandlapalma.es\/wp-content\/uploads\/2022\/01\/logo_starisland.png\",\"width\":172,\"height\":139,\"caption\":\"Star Island La Palma\"},\"image\":{\"@id\":\"https:\/\/www.starsislandlapalma.es\/#\/schema\/logo\/image\/\"},\"sameAs\":[\"https:\/\/www.facebook.com\/pages\/Starsisland-La-Palma\/210888162375006?ref=hl\",\"https:\/\/x.com\/starsislandlapa\",\"https:\/\/www.pinterest.com\/astroturismo\/\",\"https:\/\/www.youtube.com\/channel\/UCV7sju1ggcBpJG39HQCBtsA\"]},{\"@type\":\"Person\",\"@id\":\"https:\/\/www.starsislandlapalma.es\/#\/schema\/person\/9043f5bd4f379ca7532bf525fa88073b\",\"name\":\"Stars Island La Palma\",\"image\":{\"@type\":\"ImageObject\",\"inLanguage\":\"de\",\"@id\":\"https:\/\/www.starsislandlapalma.es\/#\/schema\/person\/image\/\",\"url\":\"https:\/\/secure.gravatar.com\/avatar\/214edfeae37af83662fa1058aeebfb41?s=96&d=mm&r=g\",\"contentUrl\":\"https:\/\/secure.gravatar.com\/avatar\/214edfeae37af83662fa1058aeebfb41?s=96&d=mm&r=g\",\"caption\":\"Stars Island La Palma\"},\"url\":\"https:\/\/www.starsislandlapalma.es\/de\/author\/star\/\"}]}<\/script>\n<!-- \/ Yoast SEO plugin. -->","yoast_head_json":{"title":"El Cabildo lidera la apuesta por el Astroturismo en la primera Conferencia Internacional Starlight celebrada en Portugal &#8902; Stars Island La Palma","robots":{"index":"index","follow":"follow","max-snippet":"max-snippet:-1","max-image-preview":"max-image-preview:large","max-video-preview":"max-video-preview:-1"},"canonical":"https:\/\/www.starsislandlapalma.es\/de\/el-cabildo-lidera-la-apuesta-por-el-astroturismo-en-la-primera-conferencia-internacional-starlight-celebrada-en-portugal\/","og_locale":"de_DE","og_type":"article","og_title":"El Cabildo lidera la apuesta por el Astroturismo en la primera Conferencia Internacional Starlight celebrada en Portugal &#8902; Stars Island La Palma","og_description":"Ra\u00fal Camacho destaca que La Palma es uno de los lugares privilegiados para el desarrollo de las pol\u00edticas de conservaci\u00f3n, protecci\u00f3n y generaci\u00f3n de sinergias econ\u00f3micas alrededor del cielo estrellado. El Cabildo de La Palma, a trav\u00e9s de la Consejer\u00eda de Turismo que dirige Ra\u00fal...","og_url":"https:\/\/www.starsislandlapalma.es\/de\/el-cabildo-lidera-la-apuesta-por-el-astroturismo-en-la-primera-conferencia-internacional-starlight-celebrada-en-portugal\/","og_site_name":"Stars Island La Palma","article_publisher":"https:\/\/www.facebook.com\/pages\/Starsisland-La-Palma\/210888162375006?ref=hl","article_published_time":"2021-09-13T13:34:42+00:00","article_modified_time":"2022-01-13T15:06:32+00:00","og_image":[{"width":1024,"height":768,"url":"https:\/\/www.starsislandlapalma.es\/wp-content\/uploads\/2021\/09\/Congreso-Stalight-Potugal.jpeg","type":"image\/jpeg"}],"author":"Stars Island La Palma","twitter_misc":{"Verfasst von":"Stars Island La Palma","Gesch\u00e4tzte Lesezeit":"2\u00a0Minuten"},"schema":{"@context":"https:\/\/schema.org","@graph":[{"@type":"Article","@id":"https:\/\/www.starsislandlapalma.es\/de\/el-cabildo-lidera-la-apuesta-por-el-astroturismo-en-la-primera-conferencia-internacional-starlight-celebrada-en-portugal\/#article","isPartOf":{"@id":"https:\/\/www.starsislandlapalma.es\/de\/el-cabildo-lidera-la-apuesta-por-el-astroturismo-en-la-primera-conferencia-internacional-starlight-celebrada-en-portugal\/"},"author":{"name":"Stars Island La Palma","@id":"https:\/\/www.starsislandlapalma.es\/#\/schema\/person\/9043f5bd4f379ca7532bf525fa88073b"},"headline":"El Cabildo lidera la apuesta por el Astroturismo en la primera Conferencia Internacional Starlight celebrada en Portugal","datePublished":"2021-09-13T13:34:42+00:00","dateModified":"2022-01-13T15:06:32+00:00","mainEntityOfPage":{"@id":"https:\/\/www.starsislandlapalma.es\/de\/el-cabildo-lidera-la-apuesta-por-el-astroturismo-en-la-primera-conferencia-internacional-starlight-celebrada-en-portugal\/"},"wordCount":468,"commentCount":0,"publisher":{"@id":"https:\/\/www.starsislandlapalma.es\/#organization"},"image":{"@id":"https:\/\/www.starsislandlapalma.es\/de\/el-cabildo-lidera-la-apuesta-por-el-astroturismo-en-la-primera-conferencia-internacional-starlight-celebrada-en-portugal\/#primaryimage"},"thumbnailUrl":"https:\/\/www.starsislandlapalma.es\/wp-content\/uploads\/2021\/09\/Congreso-Stalight-Potugal.jpeg","keywords":["Conferencia Internacional Starlight"],"articleSection":["Nachricht"],"inLanguage":"de","potentialAction":[{"@type":"CommentAction","name":"Comment","target":["https:\/\/www.starsislandlapalma.es\/de\/el-cabildo-lidera-la-apuesta-por-el-astroturismo-en-la-primera-conferencia-internacional-starlight-celebrada-en-portugal\/#respond"]}]},{"@type":"WebPage","@id":"https:\/\/www.starsislandlapalma.es\/de\/el-cabildo-lidera-la-apuesta-por-el-astroturismo-en-la-primera-conferencia-internacional-starlight-celebrada-en-portugal\/","url":"https:\/\/www.starsislandlapalma.es\/de\/el-cabildo-lidera-la-apuesta-por-el-astroturismo-en-la-primera-conferencia-internacional-starlight-celebrada-en-portugal\/","name":"El Cabildo lidera la apuesta por el Astroturismo en la primera Conferencia Internacional Starlight celebrada en Portugal &#8902; Stars Island La Palma","isPartOf":{"@id":"https:\/\/www.starsislandlapalma.es\/#website"},"primaryImageOfPage":{"@id":"https:\/\/www.starsislandlapalma.es\/de\/el-cabildo-lidera-la-apuesta-por-el-astroturismo-en-la-primera-conferencia-internacional-starlight-celebrada-en-portugal\/#primaryimage"},"image":{"@id":"https:\/\/www.starsislandlapalma.es\/de\/el-cabildo-lidera-la-apuesta-por-el-astroturismo-en-la-primera-conferencia-internacional-starlight-celebrada-en-portugal\/#primaryimage"},"thumbnailUrl":"https:\/\/www.starsislandlapalma.es\/wp-content\/uploads\/2021\/09\/Congreso-Stalight-Potugal.jpeg","datePublished":"2021-09-13T13:34:42+00:00","dateModified":"2022-01-13T15:06:32+00:00","breadcrumb":{"@id":"https:\/\/www.starsislandlapalma.es\/de\/el-cabildo-lidera-la-apuesta-por-el-astroturismo-en-la-primera-conferencia-internacional-starlight-celebrada-en-portugal\/#breadcrumb"},"inLanguage":"de","potentialAction":[{"@type":"ReadAction","target":["https:\/\/www.starsislandlapalma.es\/de\/el-cabildo-lidera-la-apuesta-por-el-astroturismo-en-la-primera-conferencia-internacional-starlight-celebrada-en-portugal\/"]}]},{"@type":"ImageObject","inLanguage":"de","@id":"https:\/\/www.starsislandlapalma.es\/de\/el-cabildo-lidera-la-apuesta-por-el-astroturismo-en-la-primera-conferencia-internacional-starlight-celebrada-en-portugal\/#primaryimage","url":"https:\/\/www.starsislandlapalma.es\/wp-content\/uploads\/2021\/09\/Congreso-Stalight-Potugal.jpeg","contentUrl":"https:\/\/www.starsislandlapalma.es\/wp-content\/uploads\/2021\/09\/Congreso-Stalight-Potugal.jpeg","width":1024,"height":768},{"@type":"BreadcrumbList","@id":"https:\/\/www.starsislandlapalma.es\/de\/el-cabildo-lidera-la-apuesta-por-el-astroturismo-en-la-primera-conferencia-internacional-starlight-celebrada-en-portugal\/#breadcrumb","itemListElement":[{"@type":"ListItem","position":1,"name":"Portada","item":"https:\/\/www.starsislandlapalma.es\/de\/"},{"@type":"ListItem","position":2,"name":"El Cabildo lidera la apuesta por el Astroturismo en la primera Conferencia Internacional Starlight celebrada en Portugal"}]},{"@type":"WebSite","@id":"https:\/\/www.starsislandlapalma.es\/#website","url":"https:\/\/www.starsislandlapalma.es\/","name":"Stars Island La Palma","description":"La Palma, el lugar perfecto para disfrutar del universo. Primera Reserva Starlight del mundo, en 2012 se reconoce como Destino Tur\u00edstico Starlight","publisher":{"@id":"https:\/\/www.starsislandlapalma.es\/#organization"},"potentialAction":[{"@type":"SearchAction","target":{"@type":"EntryPoint","urlTemplate":"https:\/\/www.starsislandlapalma.es\/?s={search_term_string}"},"query-input":{"@type":"PropertyValueSpecification","valueRequired":true,"valueName":"search_term_string"}}],"inLanguage":"de"},{"@type":"Organization","@id":"https:\/\/www.starsislandlapalma.es\/#organization","name":"Star Island La Palma","url":"https:\/\/www.starsislandlapalma.es\/","logo":{"@type":"ImageObject","inLanguage":"de","@id":"https:\/\/www.starsislandlapalma.es\/#\/schema\/logo\/image\/","url":"https:\/\/www.starsislandlapalma.es\/wp-content\/uploads\/2022\/01\/logo_starisland.png","contentUrl":"https:\/\/www.starsislandlapalma.es\/wp-content\/uploads\/2022\/01\/logo_starisland.png","width":172,"height":139,"caption":"Star Island La Palma"},"image":{"@id":"https:\/\/www.starsislandlapalma.es\/#\/schema\/logo\/image\/"},"sameAs":["https:\/\/www.facebook.com\/pages\/Starsisland-La-Palma\/210888162375006?ref=hl","https:\/\/x.com\/starsislandlapa","https:\/\/www.pinterest.com\/astroturismo\/","https:\/\/www.youtube.com\/channel\/UCV7sju1ggcBpJG39HQCBtsA"]},{"@type":"Person","@id":"https:\/\/www.starsislandlapalma.es\/#\/schema\/person\/9043f5bd4f379ca7532bf525fa88073b","name":"Stars Island La Palma","image":{"@type":"ImageObject","inLanguage":"de","@id":"https:\/\/www.starsislandlapalma.es\/#\/schema\/person\/image\/","url":"https:\/\/secure.gravatar.com\/avatar\/214edfeae37af83662fa1058aeebfb41?s=96&d=mm&r=g","contentUrl":"https:\/\/secure.gravatar.com\/avatar\/214edfeae37af83662fa1058aeebfb41?s=96&d=mm&r=g","caption":"Stars Island La Palma"},"url":"https:\/\/www.starsislandlapalma.es\/de\/author\/star\/"}]}},"_links":{"self":[{"href":"https:\/\/www.starsislandlapalma.es\/de\/wp-json\/wp\/v2\/posts\/24552\/"}],"collection":[{"href":"https:\/\/www.starsislandlapalma.es\/de\/wp-json\/wp\/v2\/posts\/"}],"about":[{"href":"https:\/\/www.starsislandlapalma.es\/de\/wp-json\/wp\/v2\/types\/post\/"}],"author":[{"embeddable":true,"href":"https:\/\/www.starsislandlapalma.es\/de\/wp-json\/wp\/v2\/users\/1\/"}],"replies":[{"embeddable":true,"href":"https:\/\/www.starsislandlapalma.es\/de\/wp-json\/wp\/v2\/comments\/?post=24552"}],"version-history":[{"count":0,"href":"https:\/\/www.starsislandlapalma.es\/de\/wp-json\/wp\/v2\/posts\/24552\/revisions\/"}],"wp:featuredmedia":[{"embeddable":true,"href":"https:\/\/www.starsislandlapalma.es\/de\/wp-json\/wp\/v2\/media\/23306\/"}],"wp:attachment":[{"href":"https:\/\/www.starsislandlapalma.es\/de\/wp-json\/wp\/v2\/media\/?parent=24552"}],"wp:term":[{"taxonomy":"category","embeddable":true,"href":"https:\/\/www.starsislandlapalma.es\/de\/wp-json\/wp\/v2\/categories\/?post=24552"},{"taxonomy":"post_tag","embeddable":true,"href":"https:\/\/www.starsislandlapalma.es\/de\/wp-json\/wp\/v2\/tags\/?post=24552"}],"curies":[{"name":"wp","href":"https:\/\/api.w.org\/{rel}","templated":true}]}}