{"id":24647,"date":"2022-01-16T11:40:21","date_gmt":"2022-01-16T11:40:21","guid":{"rendered":"https:\/\/www.starsislandlapalma.es\/el-cabildo-busca-reforzar-la-conectividad-en-fitur-como-parte-fundamental-de-la-recuperacion-de-la-palma\/"},"modified":"2022-01-17T08:42:12","modified_gmt":"2022-01-17T08:42:12","slug":"el-cabildo-busca-reforzar-la-conectividad-en-fitur-como-parte-fundamental-de-la-recuperacion-de-la-palma","status":"publish","type":"post","link":"https:\/\/www.starsislandlapalma.es\/de\/el-cabildo-busca-reforzar-la-conectividad-en-fitur-como-parte-fundamental-de-la-recuperacion-de-la-palma\/","title":{"rendered":"El Cabildo busca reforzar la conectividad en Fitur como parte fundamental de la recuperaci\u00f3n de La Palma"},"content":{"rendered":"<blockquote>\n<p style=\"text-align: justify;\"><em>El presidente insular y el consejero de Turismo mantendr\u00e1n una intensa agenda de trabajo para incrementar las conexiones de la Isla<\/em><\/p>\n<\/blockquote>\n<p style=\"text-align: justify;\">El presidente del Cabildo de La Palma, Mariano Zapata, y el consejero de Turismo, Ra\u00fal Camacho, asisten a la Feria Internacional de Turismo (Fitur), que se celebrar\u00e1 en Ifema del 19 al 23 de enero, con el objetivo de reforzar el turismo nacional e internacional que llega a la Isla como parte de la estrategia para la recuperaci\u00f3n socioecon\u00f3mica de La Palma tras la erupci\u00f3n del volc\u00e1n.<\/p>\n<p style=\"text-align: justify;\">\u201cEn esta primera cita y una de las m\u00e1s importantes del sector, queremos agradecer el gran respaldo que hemos recibido durante el volc\u00e1n por parte de los agentes tur\u00edsticos y continuar trabajando en la promoci\u00f3n de nuestra isla, que contin\u00faa siendo un lugar seguro y con un sinf\u00edn de atractivos \u00a0y experiencias por ofrecer a quienes nos visitan\u201d, explica el presidente, quien insiste en que \u201cel turismo es clave para la econom\u00eda de La Palma y as\u00ed lo hemos demostrado durante la emergencia, que hemos trabajado sin cesar por reforzar las relaciones con los destinos tur\u00edsticos con los que ya cont\u00e1bamos e intentar atraer a nuevos mercados\u201d.<\/p>\n<p style=\"text-align: justify;\">Camacho expone que mantendr\u00e1n una intensa agenda de trabajo, de la mano del sector de la Isla, con los principales operadores del mercado nacional e internacional con el fin de dise\u00f1ar campa\u00f1as conjuntas que permitan que La Palma sea el destino elegido. \u201cEl turismo nacional e internacional son esenciales para la recuperaci\u00f3n de la Isla y, precisamente por eso es tan importante estar presentes en este encuentro que abre el a\u00f1o y donde tambi\u00e9n contaremos con el respaldo del Gobierno de Canarias y el Ministerio de Turismo\u201d, remarca el consejero.<\/p>\n<p style=\"text-align: justify;\">Adem\u00e1s, en esta edici\u00f3n, se celebrar\u00e1n varios actos institucionales de reconocimiento a La Palma como destino tur\u00edstico, organizados por el Ministerio de Turismo y otras instituciones quienes han invitado al Cabildo Insular a participar diferentes foros sobre turismo.<\/p>\n<p style=\"text-align: justify;\">Por\u00a0mil\u00a0razones\u00a0Bonita<\/p>\n<p style=\"text-align: justify;\">En el encuentro se dar\u00e1 continuidad a la campa\u00f1a que se puso en marcha durante la erupci\u00f3n, la campa\u00f1a Por mil razones Bonita, inspirada en la carta que un viajero le dedica a La Palma en un momento especialmente delicado para la isla. Una carta que reconoce las virtudes de La Palma y todo aquello que le ha hecho sentir durante sus visitas.<\/p>\n<p style=\"text-align: justify;\">En esta campa\u00f1a, el car\u00e1cter de los palmeros hace que la Isla tambi\u00e9n cuente con esa cercan\u00eda humana que, junto a sus recursos, la hacen Por mil razones Bonita.<\/p>\n","protected":false},"excerpt":{"rendered":"<p>El presidente insular y el consejero de Turismo mantendr\u00e1n una intensa agenda de trabajo para incrementar las conexiones de la Isla<\/p>\n","protected":false},"author":4,"featured_media":24644,"comment_status":"open","ping_status":"open","sticky":false,"template":"","format":"standard","meta":{"footnotes":""},"categories":[135],"tags":[],"yoast_head":"<!-- This site is optimized with the Yoast SEO plugin v24.5 - https:\/\/yoast.com\/wordpress\/plugins\/seo\/ -->\n<title>El Cabildo busca reforzar la conectividad en Fitur como parte fundamental de la recuperaci\u00f3n de La Palma &#8902; Stars Island La Palma<\/title>\n<meta name=\"robots\" content=\"index, follow, max-snippet:-1, max-image-preview:large, max-video-preview:-1\" \/>\n<link rel=\"canonical\" href=\"https:\/\/www.starsislandlapalma.es\/de\/el-cabildo-busca-reforzar-la-conectividad-en-fitur-como-parte-fundamental-de-la-recuperacion-de-la-palma\/\" \/>\n<meta property=\"og:locale\" content=\"de_DE\" \/>\n<meta property=\"og:type\" content=\"article\" \/>\n<meta property=\"og:title\" content=\"El Cabildo busca reforzar la conectividad en Fitur como parte fundamental de la recuperaci\u00f3n de La Palma &#8902; Stars Island La Palma\" \/>\n<meta property=\"og:description\" content=\"El presidente insular y el consejero de Turismo mantendr\u00e1n una intensa agenda de trabajo para incrementar las conexiones de la Isla\" \/>\n<meta property=\"og:url\" content=\"https:\/\/www.starsislandlapalma.es\/de\/el-cabildo-busca-reforzar-la-conectividad-en-fitur-como-parte-fundamental-de-la-recuperacion-de-la-palma\/\" \/>\n<meta property=\"og:site_name\" content=\"Stars Island La Palma\" \/>\n<meta property=\"article:publisher\" content=\"https:\/\/www.facebook.com\/pages\/Starsisland-La-Palma\/210888162375006?ref=hl\" \/>\n<meta property=\"article:published_time\" content=\"2022-01-16T11:40:21+00:00\" \/>\n<meta property=\"article:modified_time\" content=\"2022-01-17T08:42:12+00:00\" \/>\n<meta property=\"og:image\" content=\"https:\/\/www.starsislandlapalma.es\/wp-content\/uploads\/2022\/01\/Mariano-Zapata-y-Raul-Camacho-stand-La-Palma.jpg\" \/>\n\t<meta property=\"og:image:width\" content=\"1400\" \/>\n\t<meta property=\"og:image:height\" content=\"612\" \/>\n\t<meta property=\"og:image:type\" content=\"image\/jpeg\" \/>\n<meta name=\"author\" content=\"StarsIsland\" \/>\n<meta name=\"twitter:label1\" content=\"Verfasst von\" \/>\n\t<meta name=\"twitter:data1\" content=\"StarsIsland\" \/>\n\t<meta name=\"twitter:label2\" content=\"Gesch\u00e4tzte Lesezeit\" \/>\n\t<meta name=\"twitter:data2\" content=\"2\u00a0Minuten\" \/>\n<script type=\"application\/ld+json\" class=\"yoast-schema-graph\">{\"@context\":\"https:\/\/schema.org\",\"@graph\":[{\"@type\":\"Article\",\"@id\":\"https:\/\/www.starsislandlapalma.es\/de\/el-cabildo-busca-reforzar-la-conectividad-en-fitur-como-parte-fundamental-de-la-recuperacion-de-la-palma\/#article\",\"isPartOf\":{\"@id\":\"https:\/\/www.starsislandlapalma.es\/de\/el-cabildo-busca-reforzar-la-conectividad-en-fitur-como-parte-fundamental-de-la-recuperacion-de-la-palma\/\"},\"author\":{\"name\":\"StarsIsland\",\"@id\":\"https:\/\/www.starsislandlapalma.es\/#\/schema\/person\/d2618b46c3dc5c031ddd56a658f9ab25\"},\"headline\":\"El Cabildo busca reforzar la conectividad en Fitur como parte fundamental de la recuperaci\u00f3n de La Palma\",\"datePublished\":\"2022-01-16T11:40:21+00:00\",\"dateModified\":\"2022-01-17T08:42:12+00:00\",\"mainEntityOfPage\":{\"@id\":\"https:\/\/www.starsislandlapalma.es\/de\/el-cabildo-busca-reforzar-la-conectividad-en-fitur-como-parte-fundamental-de-la-recuperacion-de-la-palma\/\"},\"wordCount\":467,\"commentCount\":0,\"publisher\":{\"@id\":\"https:\/\/www.starsislandlapalma.es\/#organization\"},\"image\":{\"@id\":\"https:\/\/www.starsislandlapalma.es\/de\/el-cabildo-busca-reforzar-la-conectividad-en-fitur-como-parte-fundamental-de-la-recuperacion-de-la-palma\/#primaryimage\"},\"thumbnailUrl\":\"https:\/\/www.starsislandlapalma.es\/wp-content\/uploads\/2022\/01\/Mariano-Zapata-y-Raul-Camacho-stand-La-Palma.jpg\",\"articleSection\":[\"Nachricht\"],\"inLanguage\":\"de\",\"potentialAction\":[{\"@type\":\"CommentAction\",\"name\":\"Comment\",\"target\":[\"https:\/\/www.starsislandlapalma.es\/de\/el-cabildo-busca-reforzar-la-conectividad-en-fitur-como-parte-fundamental-de-la-recuperacion-de-la-palma\/#respond\"]}]},{\"@type\":\"WebPage\",\"@id\":\"https:\/\/www.starsislandlapalma.es\/de\/el-cabildo-busca-reforzar-la-conectividad-en-fitur-como-parte-fundamental-de-la-recuperacion-de-la-palma\/\",\"url\":\"https:\/\/www.starsislandlapalma.es\/de\/el-cabildo-busca-reforzar-la-conectividad-en-fitur-como-parte-fundamental-de-la-recuperacion-de-la-palma\/\",\"name\":\"El Cabildo busca reforzar la conectividad en Fitur como parte fundamental de la recuperaci\u00f3n de La Palma &#8902; Stars Island La Palma\",\"isPartOf\":{\"@id\":\"https:\/\/www.starsislandlapalma.es\/#website\"},\"primaryImageOfPage\":{\"@id\":\"https:\/\/www.starsislandlapalma.es\/de\/el-cabildo-busca-reforzar-la-conectividad-en-fitur-como-parte-fundamental-de-la-recuperacion-de-la-palma\/#primaryimage\"},\"image\":{\"@id\":\"https:\/\/www.starsislandlapalma.es\/de\/el-cabildo-busca-reforzar-la-conectividad-en-fitur-como-parte-fundamental-de-la-recuperacion-de-la-palma\/#primaryimage\"},\"thumbnailUrl\":\"https:\/\/www.starsislandlapalma.es\/wp-content\/uploads\/2022\/01\/Mariano-Zapata-y-Raul-Camacho-stand-La-Palma.jpg\",\"datePublished\":\"2022-01-16T11:40:21+00:00\",\"dateModified\":\"2022-01-17T08:42:12+00:00\",\"breadcrumb\":{\"@id\":\"https:\/\/www.starsislandlapalma.es\/de\/el-cabildo-busca-reforzar-la-conectividad-en-fitur-como-parte-fundamental-de-la-recuperacion-de-la-palma\/#breadcrumb\"},\"inLanguage\":\"de\",\"potentialAction\":[{\"@type\":\"ReadAction\",\"target\":[\"https:\/\/www.starsislandlapalma.es\/de\/el-cabildo-busca-reforzar-la-conectividad-en-fitur-como-parte-fundamental-de-la-recuperacion-de-la-palma\/\"]}]},{\"@type\":\"ImageObject\",\"inLanguage\":\"de\",\"@id\":\"https:\/\/www.starsislandlapalma.es\/de\/el-cabildo-busca-reforzar-la-conectividad-en-fitur-como-parte-fundamental-de-la-recuperacion-de-la-palma\/#primaryimage\",\"url\":\"https:\/\/www.starsislandlapalma.es\/wp-content\/uploads\/2022\/01\/Mariano-Zapata-y-Raul-Camacho-stand-La-Palma.jpg\",\"contentUrl\":\"https:\/\/www.starsislandlapalma.es\/wp-content\/uploads\/2022\/01\/Mariano-Zapata-y-Raul-Camacho-stand-La-Palma.jpg\",\"width\":1400,\"height\":612},{\"@type\":\"BreadcrumbList\",\"@id\":\"https:\/\/www.starsislandlapalma.es\/de\/el-cabildo-busca-reforzar-la-conectividad-en-fitur-como-parte-fundamental-de-la-recuperacion-de-la-palma\/#breadcrumb\",\"itemListElement\":[{\"@type\":\"ListItem\",\"position\":1,\"name\":\"Portada\",\"item\":\"https:\/\/www.starsislandlapalma.es\/de\/\"},{\"@type\":\"ListItem\",\"position\":2,\"name\":\"El Cabildo busca reforzar la conectividad en Fitur como parte fundamental de la recuperaci\u00f3n de La Palma\"}]},{\"@type\":\"WebSite\",\"@id\":\"https:\/\/www.starsislandlapalma.es\/#website\",\"url\":\"https:\/\/www.starsislandlapalma.es\/\",\"name\":\"Stars Island La Palma\",\"description\":\"La Palma, el lugar perfecto para disfrutar del universo. Primera Reserva Starlight del mundo, en 2012 se reconoce como Destino Tur\u00edstico Starlight\",\"publisher\":{\"@id\":\"https:\/\/www.starsislandlapalma.es\/#organization\"},\"potentialAction\":[{\"@type\":\"SearchAction\",\"target\":{\"@type\":\"EntryPoint\",\"urlTemplate\":\"https:\/\/www.starsislandlapalma.es\/?s={search_term_string}\"},\"query-input\":{\"@type\":\"PropertyValueSpecification\",\"valueRequired\":true,\"valueName\":\"search_term_string\"}}],\"inLanguage\":\"de\"},{\"@type\":\"Organization\",\"@id\":\"https:\/\/www.starsislandlapalma.es\/#organization\",\"name\":\"Star Island La Palma\",\"url\":\"https:\/\/www.starsislandlapalma.es\/\",\"logo\":{\"@type\":\"ImageObject\",\"inLanguage\":\"de\",\"@id\":\"https:\/\/www.starsislandlapalma.es\/#\/schema\/logo\/image\/\",\"url\":\"https:\/\/www.starsislandlapalma.es\/wp-content\/uploads\/2022\/01\/logo_starisland.png\",\"contentUrl\":\"https:\/\/www.starsislandlapalma.es\/wp-content\/uploads\/2022\/01\/logo_starisland.png\",\"width\":172,\"height\":139,\"caption\":\"Star Island La Palma\"},\"image\":{\"@id\":\"https:\/\/www.starsislandlapalma.es\/#\/schema\/logo\/image\/\"},\"sameAs\":[\"https:\/\/www.facebook.com\/pages\/Starsisland-La-Palma\/210888162375006?ref=hl\",\"https:\/\/x.com\/starsislandlapa\",\"https:\/\/www.pinterest.com\/astroturismo\/\",\"https:\/\/www.youtube.com\/channel\/UCV7sju1ggcBpJG39HQCBtsA\"]},{\"@type\":\"Person\",\"@id\":\"https:\/\/www.starsislandlapalma.es\/#\/schema\/person\/d2618b46c3dc5c031ddd56a658f9ab25\",\"name\":\"StarsIsland\",\"image\":{\"@type\":\"ImageObject\",\"inLanguage\":\"de\",\"@id\":\"https:\/\/www.starsislandlapalma.es\/#\/schema\/person\/image\/\",\"url\":\"https:\/\/secure.gravatar.com\/avatar\/30a35f2b7b8f976566433f1ab7d6402f?s=96&d=mm&r=g\",\"contentUrl\":\"https:\/\/secure.gravatar.com\/avatar\/30a35f2b7b8f976566433f1ab7d6402f?s=96&d=mm&r=g\",\"caption\":\"StarsIsland\"},\"url\":\"https:\/\/www.starsislandlapalma.es\/de\/author\/starsisland\/\"}]}<\/script>\n<!-- \/ Yoast SEO plugin. -->","yoast_head_json":{"title":"El Cabildo busca reforzar la conectividad en Fitur como parte fundamental de la recuperaci\u00f3n de La Palma &#8902; Stars Island La Palma","robots":{"index":"index","follow":"follow","max-snippet":"max-snippet:-1","max-image-preview":"max-image-preview:large","max-video-preview":"max-video-preview:-1"},"canonical":"https:\/\/www.starsislandlapalma.es\/de\/el-cabildo-busca-reforzar-la-conectividad-en-fitur-como-parte-fundamental-de-la-recuperacion-de-la-palma\/","og_locale":"de_DE","og_type":"article","og_title":"El Cabildo busca reforzar la conectividad en Fitur como parte fundamental de la recuperaci\u00f3n de La Palma &#8902; Stars Island La Palma","og_description":"El presidente insular y el consejero de Turismo mantendr\u00e1n una intensa agenda de trabajo para incrementar las conexiones de la Isla","og_url":"https:\/\/www.starsislandlapalma.es\/de\/el-cabildo-busca-reforzar-la-conectividad-en-fitur-como-parte-fundamental-de-la-recuperacion-de-la-palma\/","og_site_name":"Stars Island La Palma","article_publisher":"https:\/\/www.facebook.com\/pages\/Starsisland-La-Palma\/210888162375006?ref=hl","article_published_time":"2022-01-16T11:40:21+00:00","article_modified_time":"2022-01-17T08:42:12+00:00","og_image":[{"width":1400,"height":612,"url":"https:\/\/www.starsislandlapalma.es\/wp-content\/uploads\/2022\/01\/Mariano-Zapata-y-Raul-Camacho-stand-La-Palma.jpg","type":"image\/jpeg"}],"author":"StarsIsland","twitter_misc":{"Verfasst von":"StarsIsland","Gesch\u00e4tzte Lesezeit":"2\u00a0Minuten"},"schema":{"@context":"https:\/\/schema.org","@graph":[{"@type":"Article","@id":"https:\/\/www.starsislandlapalma.es\/de\/el-cabildo-busca-reforzar-la-conectividad-en-fitur-como-parte-fundamental-de-la-recuperacion-de-la-palma\/#article","isPartOf":{"@id":"https:\/\/www.starsislandlapalma.es\/de\/el-cabildo-busca-reforzar-la-conectividad-en-fitur-como-parte-fundamental-de-la-recuperacion-de-la-palma\/"},"author":{"name":"StarsIsland","@id":"https:\/\/www.starsislandlapalma.es\/#\/schema\/person\/d2618b46c3dc5c031ddd56a658f9ab25"},"headline":"El Cabildo busca reforzar la conectividad en Fitur como parte fundamental de la recuperaci\u00f3n de La Palma","datePublished":"2022-01-16T11:40:21+00:00","dateModified":"2022-01-17T08:42:12+00:00","mainEntityOfPage":{"@id":"https:\/\/www.starsislandlapalma.es\/de\/el-cabildo-busca-reforzar-la-conectividad-en-fitur-como-parte-fundamental-de-la-recuperacion-de-la-palma\/"},"wordCount":467,"commentCount":0,"publisher":{"@id":"https:\/\/www.starsislandlapalma.es\/#organization"},"image":{"@id":"https:\/\/www.starsislandlapalma.es\/de\/el-cabildo-busca-reforzar-la-conectividad-en-fitur-como-parte-fundamental-de-la-recuperacion-de-la-palma\/#primaryimage"},"thumbnailUrl":"https:\/\/www.starsislandlapalma.es\/wp-content\/uploads\/2022\/01\/Mariano-Zapata-y-Raul-Camacho-stand-La-Palma.jpg","articleSection":["Nachricht"],"inLanguage":"de","potentialAction":[{"@type":"CommentAction","name":"Comment","target":["https:\/\/www.starsislandlapalma.es\/de\/el-cabildo-busca-reforzar-la-conectividad-en-fitur-como-parte-fundamental-de-la-recuperacion-de-la-palma\/#respond"]}]},{"@type":"WebPage","@id":"https:\/\/www.starsislandlapalma.es\/de\/el-cabildo-busca-reforzar-la-conectividad-en-fitur-como-parte-fundamental-de-la-recuperacion-de-la-palma\/","url":"https:\/\/www.starsislandlapalma.es\/de\/el-cabildo-busca-reforzar-la-conectividad-en-fitur-como-parte-fundamental-de-la-recuperacion-de-la-palma\/","name":"El Cabildo busca reforzar la conectividad en Fitur como parte fundamental de la recuperaci\u00f3n de La Palma &#8902; Stars Island La Palma","isPartOf":{"@id":"https:\/\/www.starsislandlapalma.es\/#website"},"primaryImageOfPage":{"@id":"https:\/\/www.starsislandlapalma.es\/de\/el-cabildo-busca-reforzar-la-conectividad-en-fitur-como-parte-fundamental-de-la-recuperacion-de-la-palma\/#primaryimage"},"image":{"@id":"https:\/\/www.starsislandlapalma.es\/de\/el-cabildo-busca-reforzar-la-conectividad-en-fitur-como-parte-fundamental-de-la-recuperacion-de-la-palma\/#primaryimage"},"thumbnailUrl":"https:\/\/www.starsislandlapalma.es\/wp-content\/uploads\/2022\/01\/Mariano-Zapata-y-Raul-Camacho-stand-La-Palma.jpg","datePublished":"2022-01-16T11:40:21+00:00","dateModified":"2022-01-17T08:42:12+00:00","breadcrumb":{"@id":"https:\/\/www.starsislandlapalma.es\/de\/el-cabildo-busca-reforzar-la-conectividad-en-fitur-como-parte-fundamental-de-la-recuperacion-de-la-palma\/#breadcrumb"},"inLanguage":"de","potentialAction":[{"@type":"ReadAction","target":["https:\/\/www.starsislandlapalma.es\/de\/el-cabildo-busca-reforzar-la-conectividad-en-fitur-como-parte-fundamental-de-la-recuperacion-de-la-palma\/"]}]},{"@type":"ImageObject","inLanguage":"de","@id":"https:\/\/www.starsislandlapalma.es\/de\/el-cabildo-busca-reforzar-la-conectividad-en-fitur-como-parte-fundamental-de-la-recuperacion-de-la-palma\/#primaryimage","url":"https:\/\/www.starsislandlapalma.es\/wp-content\/uploads\/2022\/01\/Mariano-Zapata-y-Raul-Camacho-stand-La-Palma.jpg","contentUrl":"https:\/\/www.starsislandlapalma.es\/wp-content\/uploads\/2022\/01\/Mariano-Zapata-y-Raul-Camacho-stand-La-Palma.jpg","width":1400,"height":612},{"@type":"BreadcrumbList","@id":"https:\/\/www.starsislandlapalma.es\/de\/el-cabildo-busca-reforzar-la-conectividad-en-fitur-como-parte-fundamental-de-la-recuperacion-de-la-palma\/#breadcrumb","itemListElement":[{"@type":"ListItem","position":1,"name":"Portada","item":"https:\/\/www.starsislandlapalma.es\/de\/"},{"@type":"ListItem","position":2,"name":"El Cabildo busca reforzar la conectividad en Fitur como parte fundamental de la recuperaci\u00f3n de La Palma"}]},{"@type":"WebSite","@id":"https:\/\/www.starsislandlapalma.es\/#website","url":"https:\/\/www.starsislandlapalma.es\/","name":"Stars Island La Palma","description":"La Palma, el lugar perfecto para disfrutar del universo. Primera Reserva Starlight del mundo, en 2012 se reconoce como Destino Tur\u00edstico Starlight","publisher":{"@id":"https:\/\/www.starsislandlapalma.es\/#organization"},"potentialAction":[{"@type":"SearchAction","target":{"@type":"EntryPoint","urlTemplate":"https:\/\/www.starsislandlapalma.es\/?s={search_term_string}"},"query-input":{"@type":"PropertyValueSpecification","valueRequired":true,"valueName":"search_term_string"}}],"inLanguage":"de"},{"@type":"Organization","@id":"https:\/\/www.starsislandlapalma.es\/#organization","name":"Star Island La Palma","url":"https:\/\/www.starsislandlapalma.es\/","logo":{"@type":"ImageObject","inLanguage":"de","@id":"https:\/\/www.starsislandlapalma.es\/#\/schema\/logo\/image\/","url":"https:\/\/www.starsislandlapalma.es\/wp-content\/uploads\/2022\/01\/logo_starisland.png","contentUrl":"https:\/\/www.starsislandlapalma.es\/wp-content\/uploads\/2022\/01\/logo_starisland.png","width":172,"height":139,"caption":"Star Island La Palma"},"image":{"@id":"https:\/\/www.starsislandlapalma.es\/#\/schema\/logo\/image\/"},"sameAs":["https:\/\/www.facebook.com\/pages\/Starsisland-La-Palma\/210888162375006?ref=hl","https:\/\/x.com\/starsislandlapa","https:\/\/www.pinterest.com\/astroturismo\/","https:\/\/www.youtube.com\/channel\/UCV7sju1ggcBpJG39HQCBtsA"]},{"@type":"Person","@id":"https:\/\/www.starsislandlapalma.es\/#\/schema\/person\/d2618b46c3dc5c031ddd56a658f9ab25","name":"StarsIsland","image":{"@type":"ImageObject","inLanguage":"de","@id":"https:\/\/www.starsislandlapalma.es\/#\/schema\/person\/image\/","url":"https:\/\/secure.gravatar.com\/avatar\/30a35f2b7b8f976566433f1ab7d6402f?s=96&d=mm&r=g","contentUrl":"https:\/\/secure.gravatar.com\/avatar\/30a35f2b7b8f976566433f1ab7d6402f?s=96&d=mm&r=g","caption":"StarsIsland"},"url":"https:\/\/www.starsislandlapalma.es\/de\/author\/starsisland\/"}]}},"_links":{"self":[{"href":"https:\/\/www.starsislandlapalma.es\/de\/wp-json\/wp\/v2\/posts\/24647\/"}],"collection":[{"href":"https:\/\/www.starsislandlapalma.es\/de\/wp-json\/wp\/v2\/posts\/"}],"about":[{"href":"https:\/\/www.starsislandlapalma.es\/de\/wp-json\/wp\/v2\/types\/post\/"}],"author":[{"embeddable":true,"href":"https:\/\/www.starsislandlapalma.es\/de\/wp-json\/wp\/v2\/users\/4\/"}],"replies":[{"embeddable":true,"href":"https:\/\/www.starsislandlapalma.es\/de\/wp-json\/wp\/v2\/comments\/?post=24647"}],"version-history":[{"count":0,"href":"https:\/\/www.starsislandlapalma.es\/de\/wp-json\/wp\/v2\/posts\/24647\/revisions\/"}],"wp:featuredmedia":[{"embeddable":true,"href":"https:\/\/www.starsislandlapalma.es\/de\/wp-json\/wp\/v2\/media\/24644\/"}],"wp:attachment":[{"href":"https:\/\/www.starsislandlapalma.es\/de\/wp-json\/wp\/v2\/media\/?parent=24647"}],"wp:term":[{"taxonomy":"category","embeddable":true,"href":"https:\/\/www.starsislandlapalma.es\/de\/wp-json\/wp\/v2\/categories\/?post=24647"},{"taxonomy":"post_tag","embeddable":true,"href":"https:\/\/www.starsislandlapalma.es\/de\/wp-json\/wp\/v2\/tags\/?post=24647"}],"curies":[{"name":"wp","href":"https:\/\/api.w.org\/{rel}","templated":true}]}}