{"id":24682,"date":"2022-01-23T11:11:45","date_gmt":"2022-01-23T11:11:45","guid":{"rendered":"https:\/\/www.starsislandlapalma.es\/la-palma-cierra-su-participacion-en-fitur-confirmando-el-interes-general-por-la-isla-como-destino-turistico\/"},"modified":"2022-01-24T11:29:38","modified_gmt":"2022-01-24T11:29:38","slug":"la-palma-cierra-su-participacion-en-fitur-confirmando-el-interes-general-por-la-isla-como-destino-turistico","status":"publish","type":"post","link":"https:\/\/www.starsislandlapalma.es\/de\/la-palma-cierra-su-participacion-en-fitur-confirmando-el-interes-general-por-la-isla-como-destino-turistico\/","title":{"rendered":"La Palma cierra su participaci\u00f3n en Fitur confirmando el inter\u00e9s general por la Isla como destino tur\u00edstico"},"content":{"rendered":"<blockquote>\n<p style=\"text-align: justify;\">\u201cEl mensaje generalizado en todas las reuniones que hemos mantenido es que las empresas del sector tur\u00edstico quieren trabajar con La Palma\u201d, apunta el presidente del Cabildo, Mariano Zapata<\/p>\n<\/blockquote>\n<p style=\"text-align: justify;\">El Cabildo de La Palma celebra la buena acogida que ha tenido la Isla como destino en las jornadas profesionales de la Feria Internacional de Turismo de Madrid (Fitur), que se celebraron durante esta semana.<\/p>\n<p style=\"text-align: justify;\">El presidente de la Corporaci\u00f3n insular, Mariano Zapata, pone de relevancia los frutos obtenidos en las numerosas reuniones mantenidas con l\u00edneas a\u00e9reas del panorama nacional e internacional. Tambi\u00e9n con empresas especializadas en el sector tur\u00edstico, agencias de viajes y medios de comunicaci\u00f3n con el fin de transmitir que La Palma es un destino seguro, al tiempo que el sector tur\u00edstico ser\u00e1 un pilar de la recuperaci\u00f3n socioecon\u00f3mica tras el volc\u00e1n.<\/p>\n<p style=\"text-align: justify;\">\u201cEl mensaje generalizado en todas las reuniones que hemos mantenido es que las empresas del sector tur\u00edstico quieren trabajar con La Palma, que les gusta la Isla. Tenemos la firme convicci\u00f3n de que seremos un destino muy deseado, y que al mismo tiempo encaja mucho con eso que desean los viajeros en esta era post pand\u00e9mica: naturaleza, sostenibilidad y lugares ajenos a la masificaci\u00f3n\u201d, apunta el presidente.<\/p>\n<p style=\"text-align: justify;\">Por su parte, el consejero de Turismo del Cabildo, Ra\u00fal Camacho, recuerda que \u201cel volc\u00e1n ha colocado La Palma en el mapa mundial, al tiempo que ha despertado el inter\u00e9s de los viajeros de venir a visitarla y descubrir el que ahora es el territorio m\u00e1s joven de Espa\u00f1a\u201d.<\/p>\n<p style=\"text-align: justify;\">Camacho tambi\u00e9n apunta que ya se observa que en 2022 empieza a desaparecer el miedo a viajar, aunque se mantiene la tendencia de los turistas de permanecer en Espa\u00f1a y de no intentar largos viajes. \u201cEn este contexto, La Palma es un destino muy deseado\u201d, afirma.<\/p>\n<p style=\"text-align: justify;\">En este sentido, el consejero indica que se han incrementado las expectativas que la Isla llevaba a Fitur, ya que las conexiones con el mercado alem\u00e1n se retomar\u00e1n en febrero, a lo que se suma el anuncio de Vueling de establecer viajes entre La Palma y Par\u00eds. \u201cHemos podido confirmar el inter\u00e9s de los turoperadores y del p\u00fablico en general por nuestra Isla, que confiamos en que sea el destino elegido durante este 2022\u201d, a\u00f1ade.<\/p>\n<p style=\"text-align: justify;\">El mensaje esencial que se ha trasladado a todo el sector tur\u00edstico es el de un destino seguro, donde la vida transcurre con absoluta normalidad, exenta de masificaciones y contaminaci\u00f3n ambiental.<\/p>\n<p style=\"text-align: justify;\">La Palma busca un turismo responsable, comprometido, que valora lo que es aut\u00e9ntico y tiene respeto por el entorno que nos rodea. Con esta premisa, Raul Camacho tiene claro que \u201cqueremos consolidarnos como un destino sostenible, en el cual, el desarrollo se vea reflejado en todos: visitantes, residentes y entorno. La sostenibilidad es un factor de competitividad y un elemento de diferenciaci\u00f3n del producto. Por eso, cada vez m\u00e1s turistas lo valoran a la hora de elegir nuestro destino\u201d.<\/p>\n<p style=\"text-align: justify;\">Desde el d\u00eda de la inauguraci\u00f3n, el \u00e1rea de turismo y el sector tur\u00edstico insular han desarrollado una estrategia comercial y promocional, ofreciendo un importante apoyo y protagonismo a los profesionales del sector, tanto nacionales, como internacionales.<\/p>\n<p style=\"text-align: justify;\">Turismo de La Palma ha participado en Fitur para dar difusi\u00f3n a la estrategia promocional de la isla Por mil razones Bonita, una campa\u00f1a inspirada en la carta que un viajero le dedica a La Palma en un momento especialmente delicado para la isla, que invita a visitar nuestra isla, no solo por la curiosidad de la erupci\u00f3n volc\u00e1nica, sino tambi\u00e9n por la cantidad de experiencias inolvidables que nuestro territorio puede ofrecer.<\/p>\n","protected":false},"excerpt":{"rendered":"<p>El mensaje generalizado en todas las reuniones que hemos mantenido es que las empresas del sector tur\u00edstico quieren trabajar con La Palma<\/p>\n","protected":false},"author":4,"featured_media":24679,"comment_status":"open","ping_status":"open","sticky":false,"template":"","format":"standard","meta":{"footnotes":""},"categories":[135],"tags":[],"yoast_head":"<!-- This site is optimized with the Yoast SEO plugin v24.5 - https:\/\/yoast.com\/wordpress\/plugins\/seo\/ -->\n<title>La Palma cierra su participaci\u00f3n en Fitur confirmando el inter\u00e9s general por la Isla como destino tur\u00edstico &#8902; Stars Island La Palma<\/title>\n<meta name=\"robots\" content=\"index, follow, max-snippet:-1, max-image-preview:large, max-video-preview:-1\" \/>\n<link rel=\"canonical\" href=\"https:\/\/www.starsislandlapalma.es\/de\/la-palma-cierra-su-participacion-en-fitur-confirmando-el-interes-general-por-la-isla-como-destino-turistico\/\" \/>\n<meta property=\"og:locale\" content=\"de_DE\" \/>\n<meta property=\"og:type\" content=\"article\" \/>\n<meta property=\"og:title\" content=\"La Palma cierra su participaci\u00f3n en Fitur confirmando el inter\u00e9s general por la Isla como destino tur\u00edstico &#8902; Stars Island La Palma\" \/>\n<meta property=\"og:description\" content=\"El mensaje generalizado en todas las reuniones que hemos mantenido es que las empresas del sector tur\u00edstico quieren trabajar con La Palma\" \/>\n<meta property=\"og:url\" content=\"https:\/\/www.starsislandlapalma.es\/de\/la-palma-cierra-su-participacion-en-fitur-confirmando-el-interes-general-por-la-isla-como-destino-turistico\/\" \/>\n<meta property=\"og:site_name\" content=\"Stars Island La Palma\" \/>\n<meta property=\"article:publisher\" content=\"https:\/\/www.facebook.com\/pages\/Starsisland-La-Palma\/210888162375006?ref=hl\" \/>\n<meta property=\"article:published_time\" content=\"2022-01-23T11:11:45+00:00\" \/>\n<meta property=\"article:modified_time\" content=\"2022-01-24T11:29:38+00:00\" \/>\n<meta property=\"og:image\" content=\"https:\/\/www.starsislandlapalma.es\/wp-content\/uploads\/2022\/01\/presidente-y-consejero-fitur2022.jpg\" \/>\n\t<meta property=\"og:image:width\" content=\"1400\" \/>\n\t<meta property=\"og:image:height\" content=\"933\" \/>\n\t<meta property=\"og:image:type\" content=\"image\/jpeg\" \/>\n<meta name=\"author\" content=\"StarsIsland\" \/>\n<meta name=\"twitter:label1\" content=\"Verfasst von\" \/>\n\t<meta name=\"twitter:data1\" content=\"StarsIsland\" \/>\n\t<meta name=\"twitter:label2\" content=\"Gesch\u00e4tzte Lesezeit\" \/>\n\t<meta name=\"twitter:data2\" content=\"3\u00a0Minuten\" \/>\n<script type=\"application\/ld+json\" class=\"yoast-schema-graph\">{\"@context\":\"https:\/\/schema.org\",\"@graph\":[{\"@type\":\"Article\",\"@id\":\"https:\/\/www.starsislandlapalma.es\/de\/la-palma-cierra-su-participacion-en-fitur-confirmando-el-interes-general-por-la-isla-como-destino-turistico\/#article\",\"isPartOf\":{\"@id\":\"https:\/\/www.starsislandlapalma.es\/de\/la-palma-cierra-su-participacion-en-fitur-confirmando-el-interes-general-por-la-isla-como-destino-turistico\/\"},\"author\":{\"name\":\"StarsIsland\",\"@id\":\"https:\/\/www.starsislandlapalma.es\/#\/schema\/person\/d2618b46c3dc5c031ddd56a658f9ab25\"},\"headline\":\"La Palma cierra su participaci\u00f3n en Fitur confirmando el inter\u00e9s general por la Isla como destino tur\u00edstico\",\"datePublished\":\"2022-01-23T11:11:45+00:00\",\"dateModified\":\"2022-01-24T11:29:38+00:00\",\"mainEntityOfPage\":{\"@id\":\"https:\/\/www.starsislandlapalma.es\/de\/la-palma-cierra-su-participacion-en-fitur-confirmando-el-interes-general-por-la-isla-como-destino-turistico\/\"},\"wordCount\":649,\"commentCount\":0,\"publisher\":{\"@id\":\"https:\/\/www.starsislandlapalma.es\/#organization\"},\"image\":{\"@id\":\"https:\/\/www.starsislandlapalma.es\/de\/la-palma-cierra-su-participacion-en-fitur-confirmando-el-interes-general-por-la-isla-como-destino-turistico\/#primaryimage\"},\"thumbnailUrl\":\"https:\/\/www.starsislandlapalma.es\/wp-content\/uploads\/2022\/01\/presidente-y-consejero-fitur2022.jpg\",\"articleSection\":[\"Nachricht\"],\"inLanguage\":\"de\",\"potentialAction\":[{\"@type\":\"CommentAction\",\"name\":\"Comment\",\"target\":[\"https:\/\/www.starsislandlapalma.es\/de\/la-palma-cierra-su-participacion-en-fitur-confirmando-el-interes-general-por-la-isla-como-destino-turistico\/#respond\"]}]},{\"@type\":\"WebPage\",\"@id\":\"https:\/\/www.starsislandlapalma.es\/de\/la-palma-cierra-su-participacion-en-fitur-confirmando-el-interes-general-por-la-isla-como-destino-turistico\/\",\"url\":\"https:\/\/www.starsislandlapalma.es\/de\/la-palma-cierra-su-participacion-en-fitur-confirmando-el-interes-general-por-la-isla-como-destino-turistico\/\",\"name\":\"La Palma cierra su participaci\u00f3n en Fitur confirmando el inter\u00e9s general por la Isla como destino tur\u00edstico &#8902; Stars Island La Palma\",\"isPartOf\":{\"@id\":\"https:\/\/www.starsislandlapalma.es\/#website\"},\"primaryImageOfPage\":{\"@id\":\"https:\/\/www.starsislandlapalma.es\/de\/la-palma-cierra-su-participacion-en-fitur-confirmando-el-interes-general-por-la-isla-como-destino-turistico\/#primaryimage\"},\"image\":{\"@id\":\"https:\/\/www.starsislandlapalma.es\/de\/la-palma-cierra-su-participacion-en-fitur-confirmando-el-interes-general-por-la-isla-como-destino-turistico\/#primaryimage\"},\"thumbnailUrl\":\"https:\/\/www.starsislandlapalma.es\/wp-content\/uploads\/2022\/01\/presidente-y-consejero-fitur2022.jpg\",\"datePublished\":\"2022-01-23T11:11:45+00:00\",\"dateModified\":\"2022-01-24T11:29:38+00:00\",\"breadcrumb\":{\"@id\":\"https:\/\/www.starsislandlapalma.es\/de\/la-palma-cierra-su-participacion-en-fitur-confirmando-el-interes-general-por-la-isla-como-destino-turistico\/#breadcrumb\"},\"inLanguage\":\"de\",\"potentialAction\":[{\"@type\":\"ReadAction\",\"target\":[\"https:\/\/www.starsislandlapalma.es\/de\/la-palma-cierra-su-participacion-en-fitur-confirmando-el-interes-general-por-la-isla-como-destino-turistico\/\"]}]},{\"@type\":\"ImageObject\",\"inLanguage\":\"de\",\"@id\":\"https:\/\/www.starsislandlapalma.es\/de\/la-palma-cierra-su-participacion-en-fitur-confirmando-el-interes-general-por-la-isla-como-destino-turistico\/#primaryimage\",\"url\":\"https:\/\/www.starsislandlapalma.es\/wp-content\/uploads\/2022\/01\/presidente-y-consejero-fitur2022.jpg\",\"contentUrl\":\"https:\/\/www.starsislandlapalma.es\/wp-content\/uploads\/2022\/01\/presidente-y-consejero-fitur2022.jpg\",\"width\":1400,\"height\":933},{\"@type\":\"BreadcrumbList\",\"@id\":\"https:\/\/www.starsislandlapalma.es\/de\/la-palma-cierra-su-participacion-en-fitur-confirmando-el-interes-general-por-la-isla-como-destino-turistico\/#breadcrumb\",\"itemListElement\":[{\"@type\":\"ListItem\",\"position\":1,\"name\":\"Portada\",\"item\":\"https:\/\/www.starsislandlapalma.es\/de\/\"},{\"@type\":\"ListItem\",\"position\":2,\"name\":\"La Palma cierra su participaci\u00f3n en Fitur confirmando el inter\u00e9s general por la Isla como destino tur\u00edstico\"}]},{\"@type\":\"WebSite\",\"@id\":\"https:\/\/www.starsislandlapalma.es\/#website\",\"url\":\"https:\/\/www.starsislandlapalma.es\/\",\"name\":\"Stars Island La Palma\",\"description\":\"La Palma, el lugar perfecto para disfrutar del universo. Primera Reserva Starlight del mundo, en 2012 se reconoce como Destino Tur\u00edstico Starlight\",\"publisher\":{\"@id\":\"https:\/\/www.starsislandlapalma.es\/#organization\"},\"potentialAction\":[{\"@type\":\"SearchAction\",\"target\":{\"@type\":\"EntryPoint\",\"urlTemplate\":\"https:\/\/www.starsislandlapalma.es\/?s={search_term_string}\"},\"query-input\":{\"@type\":\"PropertyValueSpecification\",\"valueRequired\":true,\"valueName\":\"search_term_string\"}}],\"inLanguage\":\"de\"},{\"@type\":\"Organization\",\"@id\":\"https:\/\/www.starsislandlapalma.es\/#organization\",\"name\":\"Star Island La Palma\",\"url\":\"https:\/\/www.starsislandlapalma.es\/\",\"logo\":{\"@type\":\"ImageObject\",\"inLanguage\":\"de\",\"@id\":\"https:\/\/www.starsislandlapalma.es\/#\/schema\/logo\/image\/\",\"url\":\"https:\/\/www.starsislandlapalma.es\/wp-content\/uploads\/2022\/01\/logo_starisland.png\",\"contentUrl\":\"https:\/\/www.starsislandlapalma.es\/wp-content\/uploads\/2022\/01\/logo_starisland.png\",\"width\":172,\"height\":139,\"caption\":\"Star Island La Palma\"},\"image\":{\"@id\":\"https:\/\/www.starsislandlapalma.es\/#\/schema\/logo\/image\/\"},\"sameAs\":[\"https:\/\/www.facebook.com\/pages\/Starsisland-La-Palma\/210888162375006?ref=hl\",\"https:\/\/x.com\/starsislandlapa\",\"https:\/\/www.pinterest.com\/astroturismo\/\",\"https:\/\/www.youtube.com\/channel\/UCV7sju1ggcBpJG39HQCBtsA\"]},{\"@type\":\"Person\",\"@id\":\"https:\/\/www.starsislandlapalma.es\/#\/schema\/person\/d2618b46c3dc5c031ddd56a658f9ab25\",\"name\":\"StarsIsland\",\"image\":{\"@type\":\"ImageObject\",\"inLanguage\":\"de\",\"@id\":\"https:\/\/www.starsislandlapalma.es\/#\/schema\/person\/image\/\",\"url\":\"https:\/\/secure.gravatar.com\/avatar\/30a35f2b7b8f976566433f1ab7d6402f?s=96&d=mm&r=g\",\"contentUrl\":\"https:\/\/secure.gravatar.com\/avatar\/30a35f2b7b8f976566433f1ab7d6402f?s=96&d=mm&r=g\",\"caption\":\"StarsIsland\"},\"url\":\"https:\/\/www.starsislandlapalma.es\/de\/author\/starsisland\/\"}]}<\/script>\n<!-- \/ Yoast SEO plugin. -->","yoast_head_json":{"title":"La Palma cierra su participaci\u00f3n en Fitur confirmando el inter\u00e9s general por la Isla como destino tur\u00edstico &#8902; Stars Island La Palma","robots":{"index":"index","follow":"follow","max-snippet":"max-snippet:-1","max-image-preview":"max-image-preview:large","max-video-preview":"max-video-preview:-1"},"canonical":"https:\/\/www.starsislandlapalma.es\/de\/la-palma-cierra-su-participacion-en-fitur-confirmando-el-interes-general-por-la-isla-como-destino-turistico\/","og_locale":"de_DE","og_type":"article","og_title":"La Palma cierra su participaci\u00f3n en Fitur confirmando el inter\u00e9s general por la Isla como destino tur\u00edstico &#8902; Stars Island La Palma","og_description":"El mensaje generalizado en todas las reuniones que hemos mantenido es que las empresas del sector tur\u00edstico quieren trabajar con La Palma","og_url":"https:\/\/www.starsislandlapalma.es\/de\/la-palma-cierra-su-participacion-en-fitur-confirmando-el-interes-general-por-la-isla-como-destino-turistico\/","og_site_name":"Stars Island La Palma","article_publisher":"https:\/\/www.facebook.com\/pages\/Starsisland-La-Palma\/210888162375006?ref=hl","article_published_time":"2022-01-23T11:11:45+00:00","article_modified_time":"2022-01-24T11:29:38+00:00","og_image":[{"width":1400,"height":933,"url":"https:\/\/www.starsislandlapalma.es\/wp-content\/uploads\/2022\/01\/presidente-y-consejero-fitur2022.jpg","type":"image\/jpeg"}],"author":"StarsIsland","twitter_misc":{"Verfasst von":"StarsIsland","Gesch\u00e4tzte Lesezeit":"3\u00a0Minuten"},"schema":{"@context":"https:\/\/schema.org","@graph":[{"@type":"Article","@id":"https:\/\/www.starsislandlapalma.es\/de\/la-palma-cierra-su-participacion-en-fitur-confirmando-el-interes-general-por-la-isla-como-destino-turistico\/#article","isPartOf":{"@id":"https:\/\/www.starsislandlapalma.es\/de\/la-palma-cierra-su-participacion-en-fitur-confirmando-el-interes-general-por-la-isla-como-destino-turistico\/"},"author":{"name":"StarsIsland","@id":"https:\/\/www.starsislandlapalma.es\/#\/schema\/person\/d2618b46c3dc5c031ddd56a658f9ab25"},"headline":"La Palma cierra su participaci\u00f3n en Fitur confirmando el inter\u00e9s general por la Isla como destino tur\u00edstico","datePublished":"2022-01-23T11:11:45+00:00","dateModified":"2022-01-24T11:29:38+00:00","mainEntityOfPage":{"@id":"https:\/\/www.starsislandlapalma.es\/de\/la-palma-cierra-su-participacion-en-fitur-confirmando-el-interes-general-por-la-isla-como-destino-turistico\/"},"wordCount":649,"commentCount":0,"publisher":{"@id":"https:\/\/www.starsislandlapalma.es\/#organization"},"image":{"@id":"https:\/\/www.starsislandlapalma.es\/de\/la-palma-cierra-su-participacion-en-fitur-confirmando-el-interes-general-por-la-isla-como-destino-turistico\/#primaryimage"},"thumbnailUrl":"https:\/\/www.starsislandlapalma.es\/wp-content\/uploads\/2022\/01\/presidente-y-consejero-fitur2022.jpg","articleSection":["Nachricht"],"inLanguage":"de","potentialAction":[{"@type":"CommentAction","name":"Comment","target":["https:\/\/www.starsislandlapalma.es\/de\/la-palma-cierra-su-participacion-en-fitur-confirmando-el-interes-general-por-la-isla-como-destino-turistico\/#respond"]}]},{"@type":"WebPage","@id":"https:\/\/www.starsislandlapalma.es\/de\/la-palma-cierra-su-participacion-en-fitur-confirmando-el-interes-general-por-la-isla-como-destino-turistico\/","url":"https:\/\/www.starsislandlapalma.es\/de\/la-palma-cierra-su-participacion-en-fitur-confirmando-el-interes-general-por-la-isla-como-destino-turistico\/","name":"La Palma cierra su participaci\u00f3n en Fitur confirmando el inter\u00e9s general por la Isla como destino tur\u00edstico &#8902; Stars Island La Palma","isPartOf":{"@id":"https:\/\/www.starsislandlapalma.es\/#website"},"primaryImageOfPage":{"@id":"https:\/\/www.starsislandlapalma.es\/de\/la-palma-cierra-su-participacion-en-fitur-confirmando-el-interes-general-por-la-isla-como-destino-turistico\/#primaryimage"},"image":{"@id":"https:\/\/www.starsislandlapalma.es\/de\/la-palma-cierra-su-participacion-en-fitur-confirmando-el-interes-general-por-la-isla-como-destino-turistico\/#primaryimage"},"thumbnailUrl":"https:\/\/www.starsislandlapalma.es\/wp-content\/uploads\/2022\/01\/presidente-y-consejero-fitur2022.jpg","datePublished":"2022-01-23T11:11:45+00:00","dateModified":"2022-01-24T11:29:38+00:00","breadcrumb":{"@id":"https:\/\/www.starsislandlapalma.es\/de\/la-palma-cierra-su-participacion-en-fitur-confirmando-el-interes-general-por-la-isla-como-destino-turistico\/#breadcrumb"},"inLanguage":"de","potentialAction":[{"@type":"ReadAction","target":["https:\/\/www.starsislandlapalma.es\/de\/la-palma-cierra-su-participacion-en-fitur-confirmando-el-interes-general-por-la-isla-como-destino-turistico\/"]}]},{"@type":"ImageObject","inLanguage":"de","@id":"https:\/\/www.starsislandlapalma.es\/de\/la-palma-cierra-su-participacion-en-fitur-confirmando-el-interes-general-por-la-isla-como-destino-turistico\/#primaryimage","url":"https:\/\/www.starsislandlapalma.es\/wp-content\/uploads\/2022\/01\/presidente-y-consejero-fitur2022.jpg","contentUrl":"https:\/\/www.starsislandlapalma.es\/wp-content\/uploads\/2022\/01\/presidente-y-consejero-fitur2022.jpg","width":1400,"height":933},{"@type":"BreadcrumbList","@id":"https:\/\/www.starsislandlapalma.es\/de\/la-palma-cierra-su-participacion-en-fitur-confirmando-el-interes-general-por-la-isla-como-destino-turistico\/#breadcrumb","itemListElement":[{"@type":"ListItem","position":1,"name":"Portada","item":"https:\/\/www.starsislandlapalma.es\/de\/"},{"@type":"ListItem","position":2,"name":"La Palma cierra su participaci\u00f3n en Fitur confirmando el inter\u00e9s general por la Isla como destino tur\u00edstico"}]},{"@type":"WebSite","@id":"https:\/\/www.starsislandlapalma.es\/#website","url":"https:\/\/www.starsislandlapalma.es\/","name":"Stars Island La Palma","description":"La Palma, el lugar perfecto para disfrutar del universo. Primera Reserva Starlight del mundo, en 2012 se reconoce como Destino Tur\u00edstico Starlight","publisher":{"@id":"https:\/\/www.starsislandlapalma.es\/#organization"},"potentialAction":[{"@type":"SearchAction","target":{"@type":"EntryPoint","urlTemplate":"https:\/\/www.starsislandlapalma.es\/?s={search_term_string}"},"query-input":{"@type":"PropertyValueSpecification","valueRequired":true,"valueName":"search_term_string"}}],"inLanguage":"de"},{"@type":"Organization","@id":"https:\/\/www.starsislandlapalma.es\/#organization","name":"Star Island La Palma","url":"https:\/\/www.starsislandlapalma.es\/","logo":{"@type":"ImageObject","inLanguage":"de","@id":"https:\/\/www.starsislandlapalma.es\/#\/schema\/logo\/image\/","url":"https:\/\/www.starsislandlapalma.es\/wp-content\/uploads\/2022\/01\/logo_starisland.png","contentUrl":"https:\/\/www.starsislandlapalma.es\/wp-content\/uploads\/2022\/01\/logo_starisland.png","width":172,"height":139,"caption":"Star Island La Palma"},"image":{"@id":"https:\/\/www.starsislandlapalma.es\/#\/schema\/logo\/image\/"},"sameAs":["https:\/\/www.facebook.com\/pages\/Starsisland-La-Palma\/210888162375006?ref=hl","https:\/\/x.com\/starsislandlapa","https:\/\/www.pinterest.com\/astroturismo\/","https:\/\/www.youtube.com\/channel\/UCV7sju1ggcBpJG39HQCBtsA"]},{"@type":"Person","@id":"https:\/\/www.starsislandlapalma.es\/#\/schema\/person\/d2618b46c3dc5c031ddd56a658f9ab25","name":"StarsIsland","image":{"@type":"ImageObject","inLanguage":"de","@id":"https:\/\/www.starsislandlapalma.es\/#\/schema\/person\/image\/","url":"https:\/\/secure.gravatar.com\/avatar\/30a35f2b7b8f976566433f1ab7d6402f?s=96&d=mm&r=g","contentUrl":"https:\/\/secure.gravatar.com\/avatar\/30a35f2b7b8f976566433f1ab7d6402f?s=96&d=mm&r=g","caption":"StarsIsland"},"url":"https:\/\/www.starsislandlapalma.es\/de\/author\/starsisland\/"}]}},"_links":{"self":[{"href":"https:\/\/www.starsislandlapalma.es\/de\/wp-json\/wp\/v2\/posts\/24682\/"}],"collection":[{"href":"https:\/\/www.starsislandlapalma.es\/de\/wp-json\/wp\/v2\/posts\/"}],"about":[{"href":"https:\/\/www.starsislandlapalma.es\/de\/wp-json\/wp\/v2\/types\/post\/"}],"author":[{"embeddable":true,"href":"https:\/\/www.starsislandlapalma.es\/de\/wp-json\/wp\/v2\/users\/4\/"}],"replies":[{"embeddable":true,"href":"https:\/\/www.starsislandlapalma.es\/de\/wp-json\/wp\/v2\/comments\/?post=24682"}],"version-history":[{"count":0,"href":"https:\/\/www.starsislandlapalma.es\/de\/wp-json\/wp\/v2\/posts\/24682\/revisions\/"}],"wp:featuredmedia":[{"embeddable":true,"href":"https:\/\/www.starsislandlapalma.es\/de\/wp-json\/wp\/v2\/media\/24679\/"}],"wp:attachment":[{"href":"https:\/\/www.starsislandlapalma.es\/de\/wp-json\/wp\/v2\/media\/?parent=24682"}],"wp:term":[{"taxonomy":"category","embeddable":true,"href":"https:\/\/www.starsislandlapalma.es\/de\/wp-json\/wp\/v2\/categories\/?post=24682"},{"taxonomy":"post_tag","embeddable":true,"href":"https:\/\/www.starsislandlapalma.es\/de\/wp-json\/wp\/v2\/tags\/?post=24682"}],"curies":[{"name":"wp","href":"https:\/\/api.w.org\/{rel}","templated":true}]}}