{"id":24860,"date":"2022-05-04T11:30:03","date_gmt":"2022-05-04T11:30:03","guid":{"rendered":"https:\/\/www.starsislandlapalma.es\/el-cabildo-de-la-palma-estrena-big-bang-beethoven-el-documental-sobre-la-historica-grabacion-de-la-sinfonica-de-tenerife-en-el-gtc\/"},"modified":"2022-05-04T11:36:15","modified_gmt":"2022-05-04T11:36:15","slug":"el-cabildo-de-la-palma-estrena-big-bang-beethoven-el-documental-sobre-la-historica-grabacion-de-la-sinfonica-de-tenerife-en-el-gtc","status":"publish","type":"post","link":"https:\/\/www.starsislandlapalma.es\/de\/el-cabildo-de-la-palma-estrena-big-bang-beethoven-el-documental-sobre-la-historica-grabacion-de-la-sinfonica-de-tenerife-en-el-gtc\/","title":{"rendered":"El Cabildo de La Palma estrena \u2018Big Bang Beethoven\u2019, el documental sobre la hist\u00f3rica grabaci\u00f3n de la Sinf\u00f3nica de Tenerife en el GTC"},"content":{"rendered":"<blockquote>\n<p style=\"text-align: justify;\"><em>Jovita Monterrey se\u00f1ala que la presentaci\u00f3n ser\u00e1 este jueves, 5 de mayo, a trav\u00e9s del canal del prestigioso divulgador cient\u00edfico Javier Santaolalla, con la participaci\u00f3n de V\u00edctor Pablo P\u00e9rez y Casiana Mu\u00f1oz<\/em><\/p>\n<\/blockquote>\n<p style=\"text-align: justify;\">El Cabildo de La Palma estrena el pr\u00f3ximo jueves, 5 de mayo, a las 20:00 (hora canaria), el documental \u2018Big Bang Beethoven\u2019, basado en la grabaci\u00f3n que realiz\u00f3 la Orquesta Sinf\u00f3nica de Tenerife de la Sinfon\u00eda n\u00ba 3 en Mi bemol mayor op. 55 \u2018Heroica\u2019 de Ludwig Van Beethoven en el Gran Telescopio Canarias (GTC), bajo la direcci\u00f3n de su director honorario V\u00edctor Pablo P\u00e9rez.<\/p>\n<p style=\"text-align: justify;\">La consejera de Cultura y Patrimonio del Cabildo, Jovita Monterrey, se\u00f1ala que la presentaci\u00f3n se realizar\u00e1 \u2018online\u2019 en el canal del prestigioso divulgador cient\u00edfico Javier Santaolalla, a trav\u00e9s de la siguiente plataforma:\u00a0<strong> <a class=\"moz-txt-link-freetext\" href=\"https:\/\/amautas.com\/directos\/javier-santaolalla\/\">https:\/\/amautas.com\/directos\/javier-santaolalla\/<\/a><\/strong>. Adem\u00e1s de Santaolalla, que concentra m\u00e1s de tres millones de seguidores en sus redes sociales, participar\u00e1n en el directo de la presentaci\u00f3n V\u00edctor Pablo P\u00e9rez, Director honorario de la Sinf\u00f3nica de Tenerife, y Casiana Mu\u00f1oz, Subdirectora del Instituto de Astrof\u00edsica de Canarias. El documental tambi\u00e9n estar\u00e1 disponible en el canal de Cultura del Cabildo de La Palma en Youtube (<strong><a class=\"moz-txt-link-freetext\" href=\"https:\/\/youtu.be\/OSMvi70bOBIen\">https:\/\/youtu.be\/OSMvi70bOBIen<\/a><\/strong>) .<\/p>\n<p style=\"text-align: justify;\">Monterrey ha destacado la importancia de esta iniciativa, en la que ciencia y m\u00fasica se han dado la mano para fusionar el lenguaje universal del genio de Bonn con el de la astronom\u00eda, desde el telescopio \u00f3ptico mayor del mundo, situado en las cumbres de la isla de La Palma. \u201cUn documental que recoge una grabaci\u00f3n hist\u00f3rica, como la realizada por la Sinf\u00f3nica de Tenerife en el interior del Gran Telescopio Canarias, un hecho cultural sin precedentes\u201d, a\u00f1ade.<\/p>\n<p style=\"text-align: justify;\">La consejera ha indicado que este proyecto cultural, que se llev\u00f3 a cabo gracias a un esfuerzo notable de los participantes, en unas condiciones complejas debido a la evoluci\u00f3n de la pandemia, es fruto de un trabajo coordinado y la aportaci\u00f3n de distintas instituciones.<\/p>\n<p style=\"text-align: justify;\">En este sentido ha vuelto a agradecer a la Orquesta Sinf\u00f3nica y al Cabildo de Tenerife su implicaci\u00f3n en \u201chacer realidad este sue\u00f1o\u201d, al igual que a la Viceconsejer\u00eda de Cultura del Gobierno de Canarias, al Instituto de Astrof\u00edsica de Canarias y, por supuesto, al Grantecan, sin cuya participaci\u00f3n tampoco habr\u00eda sido posible esta grabaci\u00f3n, que se realiz\u00f3 en el marco de la celebraci\u00f3n del A\u00f1o Beethoven, que conmemora el 250 aniversario del nacimiento del m\u00fasico.<\/p>\n<p style=\"text-align: justify;\"><strong>Santaolalla<\/strong><br \/>\nJavier Santaolalla es un f\u00edsico, ingeniero, doctor en f\u00edsica de part\u00edculas y divulgador cient\u00edfico espa\u00f1ol. Ha trabajado en el Centro Nacional de Estudios Espaciales en Francia, el CIEMAT y la Organizaci\u00f3n Europea para la Investigaci\u00f3n Nuclear, donde form\u00f3 parte del equipo que descubri\u00f3 el bos\u00f3n de Higgs a trav\u00e9s del Experimento CMS del gran colisionador de hadrones.2.<\/p>\n<p style=\"text-align: justify;\">Es miembro junto con Santi Garc\u00eda Cremades, Ana Payo Payo y Eduardo S\u00e1enz de Cabez\u00f3n del grupo \u2018Big Van Ciencia\u2019 desde 2013, dedicados a los eventos de divulgaci\u00f3n cient\u00edfica. Participa en \u2018\u00d3rbita Laika,7\u2019, un late night show de divulgaci\u00f3n cient\u00edfica y humor emitido en La 2. Es el creador de los canales de YouTube \u2018Date un voltio\u2019, \u2018Date un vlog\u2019 y \u2018Date un m\u00ed\u2019. Desde febrero de 2021, presenta junto a La gata de Schr\u00f6dinger el programa \u2018Whaat!? T\u00fa c\u00f3mo lo ves\u2019, de la plataforma digital de RTVE, playz.<\/p>\n<p><iframe title=\"Trailer Big Bang Beethoven\" width=\"1060\" height=\"596\" src=\"https:\/\/www.youtube.com\/embed\/sv-jqk_UtRw?feature=oembed\" frameborder=\"0\" allow=\"accelerometer; autoplay; clipboard-write; encrypted-media; gyroscope; picture-in-picture\" allowfullscreen><\/iframe><\/p>\n","protected":false},"excerpt":{"rendered":"<p>La presentaci\u00f3n ser\u00e1 este jueves, 5 de mayo, a trav\u00e9s del canal del prestigioso divulgador cient\u00edfico Javier Santaolalla, con la participaci\u00f3n de V\u00edctor Pablo P\u00e9rez y Casiana Mu\u00f1oz<\/p>\n","protected":false},"author":4,"featured_media":24856,"comment_status":"open","ping_status":"open","sticky":false,"template":"","format":"standard","meta":{"footnotes":""},"categories":[140,135],"tags":[],"yoast_head":"<!-- This site is optimized with the Yoast SEO plugin v24.5 - https:\/\/yoast.com\/wordpress\/plugins\/seo\/ -->\n<title>El Cabildo de La Palma estrena \u2018Big Bang Beethoven\u2019, el documental sobre la hist\u00f3rica grabaci\u00f3n de la Sinf\u00f3nica de Tenerife en el GTC &#8902; Stars Island La Palma<\/title>\n<meta name=\"robots\" content=\"index, follow, max-snippet:-1, max-image-preview:large, max-video-preview:-1\" \/>\n<link rel=\"canonical\" href=\"https:\/\/www.starsislandlapalma.es\/de\/el-cabildo-de-la-palma-estrena-big-bang-beethoven-el-documental-sobre-la-historica-grabacion-de-la-sinfonica-de-tenerife-en-el-gtc\/\" \/>\n<meta property=\"og:locale\" content=\"de_DE\" \/>\n<meta property=\"og:type\" content=\"article\" \/>\n<meta property=\"og:title\" content=\"El Cabildo de La Palma estrena \u2018Big Bang Beethoven\u2019, el documental sobre la hist\u00f3rica grabaci\u00f3n de la Sinf\u00f3nica de Tenerife en el GTC\" \/>\n<meta property=\"og:description\" content=\"La presentaci\u00f3n ser\u00e1 este jueves, 5 de mayo, a trav\u00e9s del canal del prestigioso divulgador cient\u00edfico Javier Santaolalla, con la participaci\u00f3n de V\u00edctor Pablo P\u00e9rez y Casiana Mu\u00f1oz\" \/>\n<meta property=\"og:url\" content=\"https:\/\/www.starsislandlapalma.es\/de\/el-cabildo-de-la-palma-estrena-big-bang-beethoven-el-documental-sobre-la-historica-grabacion-de-la-sinfonica-de-tenerife-en-el-gtc\/\" \/>\n<meta property=\"og:site_name\" content=\"Stars Island La Palma\" \/>\n<meta property=\"article:publisher\" content=\"https:\/\/www.facebook.com\/pages\/Starsisland-La-Palma\/210888162375006?ref=hl\" \/>\n<meta property=\"article:published_time\" content=\"2022-05-04T11:30:03+00:00\" \/>\n<meta property=\"article:modified_time\" content=\"2022-05-04T11:36:15+00:00\" \/>\n<meta property=\"og:image\" content=\"https:\/\/www.starsislandlapalma.es\/wp-content\/uploads\/2022\/05\/Big-Bang-Beethoven.jpeg\" \/>\n\t<meta property=\"og:image:width\" content=\"828\" \/>\n\t<meta property=\"og:image:height\" content=\"859\" \/>\n\t<meta property=\"og:image:type\" content=\"image\/jpeg\" \/>\n<meta name=\"author\" content=\"StarsIsland\" \/>\n<meta name=\"twitter:label1\" content=\"Verfasst von\" \/>\n\t<meta name=\"twitter:data1\" content=\"StarsIsland\" \/>\n\t<meta name=\"twitter:label2\" content=\"Gesch\u00e4tzte Lesezeit\" \/>\n\t<meta name=\"twitter:data2\" content=\"3\u00a0Minuten\" \/>\n<script type=\"application\/ld+json\" class=\"yoast-schema-graph\">{\"@context\":\"https:\/\/schema.org\",\"@graph\":[{\"@type\":\"Article\",\"@id\":\"https:\/\/www.starsislandlapalma.es\/de\/el-cabildo-de-la-palma-estrena-big-bang-beethoven-el-documental-sobre-la-historica-grabacion-de-la-sinfonica-de-tenerife-en-el-gtc\/#article\",\"isPartOf\":{\"@id\":\"https:\/\/www.starsislandlapalma.es\/de\/el-cabildo-de-la-palma-estrena-big-bang-beethoven-el-documental-sobre-la-historica-grabacion-de-la-sinfonica-de-tenerife-en-el-gtc\/\"},\"author\":{\"name\":\"StarsIsland\",\"@id\":\"https:\/\/www.starsislandlapalma.es\/#\/schema\/person\/d2618b46c3dc5c031ddd56a658f9ab25\"},\"headline\":\"El Cabildo de La Palma estrena \u2018Big Bang Beethoven\u2019, el documental sobre la hist\u00f3rica grabaci\u00f3n de la Sinf\u00f3nica de Tenerife en el GTC\",\"datePublished\":\"2022-05-04T11:30:03+00:00\",\"dateModified\":\"2022-05-04T11:36:15+00:00\",\"mainEntityOfPage\":{\"@id\":\"https:\/\/www.starsislandlapalma.es\/de\/el-cabildo-de-la-palma-estrena-big-bang-beethoven-el-documental-sobre-la-historica-grabacion-de-la-sinfonica-de-tenerife-en-el-gtc\/\"},\"wordCount\":634,\"commentCount\":0,\"publisher\":{\"@id\":\"https:\/\/www.starsislandlapalma.es\/#organization\"},\"image\":{\"@id\":\"https:\/\/www.starsislandlapalma.es\/de\/el-cabildo-de-la-palma-estrena-big-bang-beethoven-el-documental-sobre-la-historica-grabacion-de-la-sinfonica-de-tenerife-en-el-gtc\/#primaryimage\"},\"thumbnailUrl\":\"https:\/\/www.starsislandlapalma.es\/wp-content\/uploads\/2022\/05\/Big-Bang-Beethoven.jpeg\",\"articleSection\":[\"Event\",\"Nachricht\"],\"inLanguage\":\"de\",\"potentialAction\":[{\"@type\":\"CommentAction\",\"name\":\"Comment\",\"target\":[\"https:\/\/www.starsislandlapalma.es\/de\/el-cabildo-de-la-palma-estrena-big-bang-beethoven-el-documental-sobre-la-historica-grabacion-de-la-sinfonica-de-tenerife-en-el-gtc\/#respond\"]}]},{\"@type\":\"WebPage\",\"@id\":\"https:\/\/www.starsislandlapalma.es\/de\/el-cabildo-de-la-palma-estrena-big-bang-beethoven-el-documental-sobre-la-historica-grabacion-de-la-sinfonica-de-tenerife-en-el-gtc\/\",\"url\":\"https:\/\/www.starsislandlapalma.es\/de\/el-cabildo-de-la-palma-estrena-big-bang-beethoven-el-documental-sobre-la-historica-grabacion-de-la-sinfonica-de-tenerife-en-el-gtc\/\",\"name\":\"El Cabildo de La Palma estrena \u2018Big Bang Beethoven\u2019, el documental sobre la hist\u00f3rica grabaci\u00f3n de la Sinf\u00f3nica de Tenerife en el GTC &#8902; Stars Island La Palma\",\"isPartOf\":{\"@id\":\"https:\/\/www.starsislandlapalma.es\/#website\"},\"primaryImageOfPage\":{\"@id\":\"https:\/\/www.starsislandlapalma.es\/de\/el-cabildo-de-la-palma-estrena-big-bang-beethoven-el-documental-sobre-la-historica-grabacion-de-la-sinfonica-de-tenerife-en-el-gtc\/#primaryimage\"},\"image\":{\"@id\":\"https:\/\/www.starsislandlapalma.es\/de\/el-cabildo-de-la-palma-estrena-big-bang-beethoven-el-documental-sobre-la-historica-grabacion-de-la-sinfonica-de-tenerife-en-el-gtc\/#primaryimage\"},\"thumbnailUrl\":\"https:\/\/www.starsislandlapalma.es\/wp-content\/uploads\/2022\/05\/Big-Bang-Beethoven.jpeg\",\"datePublished\":\"2022-05-04T11:30:03+00:00\",\"dateModified\":\"2022-05-04T11:36:15+00:00\",\"breadcrumb\":{\"@id\":\"https:\/\/www.starsislandlapalma.es\/de\/el-cabildo-de-la-palma-estrena-big-bang-beethoven-el-documental-sobre-la-historica-grabacion-de-la-sinfonica-de-tenerife-en-el-gtc\/#breadcrumb\"},\"inLanguage\":\"de\",\"potentialAction\":[{\"@type\":\"ReadAction\",\"target\":[\"https:\/\/www.starsislandlapalma.es\/de\/el-cabildo-de-la-palma-estrena-big-bang-beethoven-el-documental-sobre-la-historica-grabacion-de-la-sinfonica-de-tenerife-en-el-gtc\/\"]}]},{\"@type\":\"ImageObject\",\"inLanguage\":\"de\",\"@id\":\"https:\/\/www.starsislandlapalma.es\/de\/el-cabildo-de-la-palma-estrena-big-bang-beethoven-el-documental-sobre-la-historica-grabacion-de-la-sinfonica-de-tenerife-en-el-gtc\/#primaryimage\",\"url\":\"https:\/\/www.starsislandlapalma.es\/wp-content\/uploads\/2022\/05\/Big-Bang-Beethoven.jpeg\",\"contentUrl\":\"https:\/\/www.starsislandlapalma.es\/wp-content\/uploads\/2022\/05\/Big-Bang-Beethoven.jpeg\",\"width\":828,\"height\":859},{\"@type\":\"BreadcrumbList\",\"@id\":\"https:\/\/www.starsislandlapalma.es\/de\/el-cabildo-de-la-palma-estrena-big-bang-beethoven-el-documental-sobre-la-historica-grabacion-de-la-sinfonica-de-tenerife-en-el-gtc\/#breadcrumb\",\"itemListElement\":[{\"@type\":\"ListItem\",\"position\":1,\"name\":\"Portada\",\"item\":\"https:\/\/www.starsislandlapalma.es\/de\/\"},{\"@type\":\"ListItem\",\"position\":2,\"name\":\"El Cabildo de La Palma estrena \u2018Big Bang Beethoven\u2019, el documental sobre la hist\u00f3rica grabaci\u00f3n de la Sinf\u00f3nica de Tenerife en el GTC\"}]},{\"@type\":\"WebSite\",\"@id\":\"https:\/\/www.starsislandlapalma.es\/#website\",\"url\":\"https:\/\/www.starsislandlapalma.es\/\",\"name\":\"Stars Island La Palma\",\"description\":\"La Palma, el lugar perfecto para disfrutar del universo. Primera Reserva Starlight del mundo, en 2012 se reconoce como Destino Tur\u00edstico Starlight\",\"publisher\":{\"@id\":\"https:\/\/www.starsislandlapalma.es\/#organization\"},\"potentialAction\":[{\"@type\":\"SearchAction\",\"target\":{\"@type\":\"EntryPoint\",\"urlTemplate\":\"https:\/\/www.starsislandlapalma.es\/?s={search_term_string}\"},\"query-input\":{\"@type\":\"PropertyValueSpecification\",\"valueRequired\":true,\"valueName\":\"search_term_string\"}}],\"inLanguage\":\"de\"},{\"@type\":\"Organization\",\"@id\":\"https:\/\/www.starsislandlapalma.es\/#organization\",\"name\":\"Star Island La Palma\",\"url\":\"https:\/\/www.starsislandlapalma.es\/\",\"logo\":{\"@type\":\"ImageObject\",\"inLanguage\":\"de\",\"@id\":\"https:\/\/www.starsislandlapalma.es\/#\/schema\/logo\/image\/\",\"url\":\"https:\/\/www.starsislandlapalma.es\/wp-content\/uploads\/2022\/01\/logo_starisland.png\",\"contentUrl\":\"https:\/\/www.starsislandlapalma.es\/wp-content\/uploads\/2022\/01\/logo_starisland.png\",\"width\":172,\"height\":139,\"caption\":\"Star Island La Palma\"},\"image\":{\"@id\":\"https:\/\/www.starsislandlapalma.es\/#\/schema\/logo\/image\/\"},\"sameAs\":[\"https:\/\/www.facebook.com\/pages\/Starsisland-La-Palma\/210888162375006?ref=hl\",\"https:\/\/x.com\/starsislandlapa\",\"https:\/\/www.pinterest.com\/astroturismo\/\",\"https:\/\/www.youtube.com\/channel\/UCV7sju1ggcBpJG39HQCBtsA\"]},{\"@type\":\"Person\",\"@id\":\"https:\/\/www.starsislandlapalma.es\/#\/schema\/person\/d2618b46c3dc5c031ddd56a658f9ab25\",\"name\":\"StarsIsland\",\"image\":{\"@type\":\"ImageObject\",\"inLanguage\":\"de\",\"@id\":\"https:\/\/www.starsislandlapalma.es\/#\/schema\/person\/image\/\",\"url\":\"https:\/\/secure.gravatar.com\/avatar\/30a35f2b7b8f976566433f1ab7d6402f?s=96&d=mm&r=g\",\"contentUrl\":\"https:\/\/secure.gravatar.com\/avatar\/30a35f2b7b8f976566433f1ab7d6402f?s=96&d=mm&r=g\",\"caption\":\"StarsIsland\"},\"url\":\"https:\/\/www.starsislandlapalma.es\/de\/author\/starsisland\/\"}]}<\/script>\n<!-- \/ Yoast SEO plugin. -->","yoast_head_json":{"title":"El Cabildo de La Palma estrena \u2018Big Bang Beethoven\u2019, el documental sobre la hist\u00f3rica grabaci\u00f3n de la Sinf\u00f3nica de Tenerife en el GTC &#8902; Stars Island La Palma","robots":{"index":"index","follow":"follow","max-snippet":"max-snippet:-1","max-image-preview":"max-image-preview:large","max-video-preview":"max-video-preview:-1"},"canonical":"https:\/\/www.starsislandlapalma.es\/de\/el-cabildo-de-la-palma-estrena-big-bang-beethoven-el-documental-sobre-la-historica-grabacion-de-la-sinfonica-de-tenerife-en-el-gtc\/","og_locale":"de_DE","og_type":"article","og_title":"El Cabildo de La Palma estrena \u2018Big Bang Beethoven\u2019, el documental sobre la hist\u00f3rica grabaci\u00f3n de la Sinf\u00f3nica de Tenerife en el GTC","og_description":"La presentaci\u00f3n ser\u00e1 este jueves, 5 de mayo, a trav\u00e9s del canal del prestigioso divulgador cient\u00edfico Javier Santaolalla, con la participaci\u00f3n de V\u00edctor Pablo P\u00e9rez y Casiana Mu\u00f1oz","og_url":"https:\/\/www.starsislandlapalma.es\/de\/el-cabildo-de-la-palma-estrena-big-bang-beethoven-el-documental-sobre-la-historica-grabacion-de-la-sinfonica-de-tenerife-en-el-gtc\/","og_site_name":"Stars Island La Palma","article_publisher":"https:\/\/www.facebook.com\/pages\/Starsisland-La-Palma\/210888162375006?ref=hl","article_published_time":"2022-05-04T11:30:03+00:00","article_modified_time":"2022-05-04T11:36:15+00:00","og_image":[{"width":828,"height":859,"url":"https:\/\/www.starsislandlapalma.es\/wp-content\/uploads\/2022\/05\/Big-Bang-Beethoven.jpeg","type":"image\/jpeg"}],"author":"StarsIsland","twitter_misc":{"Verfasst von":"StarsIsland","Gesch\u00e4tzte Lesezeit":"3\u00a0Minuten"},"schema":{"@context":"https:\/\/schema.org","@graph":[{"@type":"Article","@id":"https:\/\/www.starsislandlapalma.es\/de\/el-cabildo-de-la-palma-estrena-big-bang-beethoven-el-documental-sobre-la-historica-grabacion-de-la-sinfonica-de-tenerife-en-el-gtc\/#article","isPartOf":{"@id":"https:\/\/www.starsislandlapalma.es\/de\/el-cabildo-de-la-palma-estrena-big-bang-beethoven-el-documental-sobre-la-historica-grabacion-de-la-sinfonica-de-tenerife-en-el-gtc\/"},"author":{"name":"StarsIsland","@id":"https:\/\/www.starsislandlapalma.es\/#\/schema\/person\/d2618b46c3dc5c031ddd56a658f9ab25"},"headline":"El Cabildo de La Palma estrena \u2018Big Bang Beethoven\u2019, el documental sobre la hist\u00f3rica grabaci\u00f3n de la Sinf\u00f3nica de Tenerife en el GTC","datePublished":"2022-05-04T11:30:03+00:00","dateModified":"2022-05-04T11:36:15+00:00","mainEntityOfPage":{"@id":"https:\/\/www.starsislandlapalma.es\/de\/el-cabildo-de-la-palma-estrena-big-bang-beethoven-el-documental-sobre-la-historica-grabacion-de-la-sinfonica-de-tenerife-en-el-gtc\/"},"wordCount":634,"commentCount":0,"publisher":{"@id":"https:\/\/www.starsislandlapalma.es\/#organization"},"image":{"@id":"https:\/\/www.starsislandlapalma.es\/de\/el-cabildo-de-la-palma-estrena-big-bang-beethoven-el-documental-sobre-la-historica-grabacion-de-la-sinfonica-de-tenerife-en-el-gtc\/#primaryimage"},"thumbnailUrl":"https:\/\/www.starsislandlapalma.es\/wp-content\/uploads\/2022\/05\/Big-Bang-Beethoven.jpeg","articleSection":["Event","Nachricht"],"inLanguage":"de","potentialAction":[{"@type":"CommentAction","name":"Comment","target":["https:\/\/www.starsislandlapalma.es\/de\/el-cabildo-de-la-palma-estrena-big-bang-beethoven-el-documental-sobre-la-historica-grabacion-de-la-sinfonica-de-tenerife-en-el-gtc\/#respond"]}]},{"@type":"WebPage","@id":"https:\/\/www.starsislandlapalma.es\/de\/el-cabildo-de-la-palma-estrena-big-bang-beethoven-el-documental-sobre-la-historica-grabacion-de-la-sinfonica-de-tenerife-en-el-gtc\/","url":"https:\/\/www.starsislandlapalma.es\/de\/el-cabildo-de-la-palma-estrena-big-bang-beethoven-el-documental-sobre-la-historica-grabacion-de-la-sinfonica-de-tenerife-en-el-gtc\/","name":"El Cabildo de La Palma estrena \u2018Big Bang Beethoven\u2019, el documental sobre la hist\u00f3rica grabaci\u00f3n de la Sinf\u00f3nica de Tenerife en el GTC &#8902; Stars Island La Palma","isPartOf":{"@id":"https:\/\/www.starsislandlapalma.es\/#website"},"primaryImageOfPage":{"@id":"https:\/\/www.starsislandlapalma.es\/de\/el-cabildo-de-la-palma-estrena-big-bang-beethoven-el-documental-sobre-la-historica-grabacion-de-la-sinfonica-de-tenerife-en-el-gtc\/#primaryimage"},"image":{"@id":"https:\/\/www.starsislandlapalma.es\/de\/el-cabildo-de-la-palma-estrena-big-bang-beethoven-el-documental-sobre-la-historica-grabacion-de-la-sinfonica-de-tenerife-en-el-gtc\/#primaryimage"},"thumbnailUrl":"https:\/\/www.starsislandlapalma.es\/wp-content\/uploads\/2022\/05\/Big-Bang-Beethoven.jpeg","datePublished":"2022-05-04T11:30:03+00:00","dateModified":"2022-05-04T11:36:15+00:00","breadcrumb":{"@id":"https:\/\/www.starsislandlapalma.es\/de\/el-cabildo-de-la-palma-estrena-big-bang-beethoven-el-documental-sobre-la-historica-grabacion-de-la-sinfonica-de-tenerife-en-el-gtc\/#breadcrumb"},"inLanguage":"de","potentialAction":[{"@type":"ReadAction","target":["https:\/\/www.starsislandlapalma.es\/de\/el-cabildo-de-la-palma-estrena-big-bang-beethoven-el-documental-sobre-la-historica-grabacion-de-la-sinfonica-de-tenerife-en-el-gtc\/"]}]},{"@type":"ImageObject","inLanguage":"de","@id":"https:\/\/www.starsislandlapalma.es\/de\/el-cabildo-de-la-palma-estrena-big-bang-beethoven-el-documental-sobre-la-historica-grabacion-de-la-sinfonica-de-tenerife-en-el-gtc\/#primaryimage","url":"https:\/\/www.starsislandlapalma.es\/wp-content\/uploads\/2022\/05\/Big-Bang-Beethoven.jpeg","contentUrl":"https:\/\/www.starsislandlapalma.es\/wp-content\/uploads\/2022\/05\/Big-Bang-Beethoven.jpeg","width":828,"height":859},{"@type":"BreadcrumbList","@id":"https:\/\/www.starsislandlapalma.es\/de\/el-cabildo-de-la-palma-estrena-big-bang-beethoven-el-documental-sobre-la-historica-grabacion-de-la-sinfonica-de-tenerife-en-el-gtc\/#breadcrumb","itemListElement":[{"@type":"ListItem","position":1,"name":"Portada","item":"https:\/\/www.starsislandlapalma.es\/de\/"},{"@type":"ListItem","position":2,"name":"El Cabildo de La Palma estrena \u2018Big Bang Beethoven\u2019, el documental sobre la hist\u00f3rica grabaci\u00f3n de la Sinf\u00f3nica de Tenerife en el GTC"}]},{"@type":"WebSite","@id":"https:\/\/www.starsislandlapalma.es\/#website","url":"https:\/\/www.starsislandlapalma.es\/","name":"Stars Island La Palma","description":"La Palma, el lugar perfecto para disfrutar del universo. Primera Reserva Starlight del mundo, en 2012 se reconoce como Destino Tur\u00edstico Starlight","publisher":{"@id":"https:\/\/www.starsislandlapalma.es\/#organization"},"potentialAction":[{"@type":"SearchAction","target":{"@type":"EntryPoint","urlTemplate":"https:\/\/www.starsislandlapalma.es\/?s={search_term_string}"},"query-input":{"@type":"PropertyValueSpecification","valueRequired":true,"valueName":"search_term_string"}}],"inLanguage":"de"},{"@type":"Organization","@id":"https:\/\/www.starsislandlapalma.es\/#organization","name":"Star Island La Palma","url":"https:\/\/www.starsislandlapalma.es\/","logo":{"@type":"ImageObject","inLanguage":"de","@id":"https:\/\/www.starsislandlapalma.es\/#\/schema\/logo\/image\/","url":"https:\/\/www.starsislandlapalma.es\/wp-content\/uploads\/2022\/01\/logo_starisland.png","contentUrl":"https:\/\/www.starsislandlapalma.es\/wp-content\/uploads\/2022\/01\/logo_starisland.png","width":172,"height":139,"caption":"Star Island La Palma"},"image":{"@id":"https:\/\/www.starsislandlapalma.es\/#\/schema\/logo\/image\/"},"sameAs":["https:\/\/www.facebook.com\/pages\/Starsisland-La-Palma\/210888162375006?ref=hl","https:\/\/x.com\/starsislandlapa","https:\/\/www.pinterest.com\/astroturismo\/","https:\/\/www.youtube.com\/channel\/UCV7sju1ggcBpJG39HQCBtsA"]},{"@type":"Person","@id":"https:\/\/www.starsislandlapalma.es\/#\/schema\/person\/d2618b46c3dc5c031ddd56a658f9ab25","name":"StarsIsland","image":{"@type":"ImageObject","inLanguage":"de","@id":"https:\/\/www.starsislandlapalma.es\/#\/schema\/person\/image\/","url":"https:\/\/secure.gravatar.com\/avatar\/30a35f2b7b8f976566433f1ab7d6402f?s=96&d=mm&r=g","contentUrl":"https:\/\/secure.gravatar.com\/avatar\/30a35f2b7b8f976566433f1ab7d6402f?s=96&d=mm&r=g","caption":"StarsIsland"},"url":"https:\/\/www.starsislandlapalma.es\/de\/author\/starsisland\/"}]}},"_links":{"self":[{"href":"https:\/\/www.starsislandlapalma.es\/de\/wp-json\/wp\/v2\/posts\/24860\/"}],"collection":[{"href":"https:\/\/www.starsislandlapalma.es\/de\/wp-json\/wp\/v2\/posts\/"}],"about":[{"href":"https:\/\/www.starsislandlapalma.es\/de\/wp-json\/wp\/v2\/types\/post\/"}],"author":[{"embeddable":true,"href":"https:\/\/www.starsislandlapalma.es\/de\/wp-json\/wp\/v2\/users\/4\/"}],"replies":[{"embeddable":true,"href":"https:\/\/www.starsislandlapalma.es\/de\/wp-json\/wp\/v2\/comments\/?post=24860"}],"version-history":[{"count":2,"href":"https:\/\/www.starsislandlapalma.es\/de\/wp-json\/wp\/v2\/posts\/24860\/revisions\/"}],"predecessor-version":[{"id":24863,"href":"https:\/\/www.starsislandlapalma.es\/de\/wp-json\/wp\/v2\/posts\/24860\/revisions\/24863\/"}],"wp:featuredmedia":[{"embeddable":true,"href":"https:\/\/www.starsislandlapalma.es\/de\/wp-json\/wp\/v2\/media\/24856\/"}],"wp:attachment":[{"href":"https:\/\/www.starsislandlapalma.es\/de\/wp-json\/wp\/v2\/media\/?parent=24860"}],"wp:term":[{"taxonomy":"category","embeddable":true,"href":"https:\/\/www.starsislandlapalma.es\/de\/wp-json\/wp\/v2\/categories\/?post=24860"},{"taxonomy":"post_tag","embeddable":true,"href":"https:\/\/www.starsislandlapalma.es\/de\/wp-json\/wp\/v2\/tags\/?post=24860"}],"curies":[{"name":"wp","href":"https:\/\/api.w.org\/{rel}","templated":true}]}}