{"id":25148,"date":"2022-09-07T07:11:51","date_gmt":"2022-09-07T07:11:51","guid":{"rendered":"https:\/\/www.starsislandlapalma.es\/aviso-actividad-javier-santaolalla-viernes-9-de-septiembre-1930-h\/"},"modified":"2022-09-07T07:18:59","modified_gmt":"2022-09-07T07:18:59","slug":"aviso-actividad-javier-santaolalla-viernes-9-de-septiembre-1930-h","status":"publish","type":"post","link":"https:\/\/www.starsislandlapalma.es\/de\/aviso-actividad-javier-santaolalla-viernes-9-de-septiembre-1930-h\/","title":{"rendered":"Aviso: Actividad Javier Santaolalla.  Viernes 9 de Septiembre.  19:30 h"},"content":{"rendered":"<p>Por causas ajenas a la organizaci\u00f3n del evento este se traslada al local de la Sociedad Juventud Espa\u00f1ola, en San Antonio &#8211; Bre\u00f1a Baja.<\/p>\n<p>El comienzo del acto se retrasar\u00e1 lo justo, para facilitar la llegada de quienes se hayan tenido que trasladar desde el lugar propuesto anteriormente hasta esta nueva ubicaci\u00f3n.<\/p>\n<p>Link Google Maps nueva localizaci\u00f3n: <a href=\"https:\/\/goo.gl\/maps\/uyS7VJjt7vfAHVdDA\" target=\"_blank\" rel=\"noopener\">https:\/\/goo.gl\/maps\/uyS7VJjt7vfAHVdDA<\/a><\/p>\n<p>Pedimos disculpas por las molestias que se puedan ocasionar.<\/p>\n","protected":false},"excerpt":{"rendered":"<p>Por causas ajenas a la organizaci\u00f3n del evento este se traslada al local de la Sociedad Juventud Espa\u00f1ola, en San Antonio &#8211; Bre\u00f1a Baja.<\/p>\n","protected":false},"author":4,"featured_media":25145,"comment_status":"open","ping_status":"open","sticky":false,"template":"","format":"standard","meta":{"footnotes":""},"categories":[140,135],"tags":[],"yoast_head":"<!-- This site is optimized with the Yoast SEO plugin v24.5 - https:\/\/yoast.com\/wordpress\/plugins\/seo\/ -->\n<title>Aviso: Actividad Javier Santaolalla. Viernes 9 de Septiembre. 19:30 h &#8902; Stars Island La Palma<\/title>\n<meta name=\"robots\" content=\"index, follow, max-snippet:-1, max-image-preview:large, max-video-preview:-1\" \/>\n<link rel=\"canonical\" href=\"https:\/\/www.starsislandlapalma.es\/de\/aviso-actividad-javier-santaolalla-viernes-9-de-septiembre-1930-h\/\" \/>\n<meta property=\"og:locale\" content=\"de_DE\" \/>\n<meta property=\"og:type\" content=\"article\" \/>\n<meta property=\"og:title\" content=\"Aviso: Actividad Javier Santaolalla. Viernes 9 de Septiembre. 19:30 h\" \/>\n<meta property=\"og:description\" content=\"Por causas ajenas a la organizaci\u00f3n del evento este se traslada al local de la Sociedad Juventud Espa\u00f1ola, en San Antonio - Bre\u00f1a Baja.\" \/>\n<meta property=\"og:url\" content=\"https:\/\/www.starsislandlapalma.es\/de\/aviso-actividad-javier-santaolalla-viernes-9-de-septiembre-1930-h\/\" \/>\n<meta property=\"og:site_name\" content=\"Stars Island La Palma\" \/>\n<meta property=\"article:publisher\" content=\"https:\/\/www.facebook.com\/pages\/Starsisland-La-Palma\/210888162375006?ref=hl\" \/>\n<meta property=\"article:published_time\" content=\"2022-09-07T07:11:51+00:00\" \/>\n<meta property=\"article:modified_time\" content=\"2022-09-07T07:18:59+00:00\" \/>\n<meta property=\"og:image\" content=\"https:\/\/www.starsislandlapalma.es\/wp-content\/uploads\/2022\/09\/Cartel-Vocaciones-Santaolalla-REPROGRAMA.jpg\" \/>\n\t<meta property=\"og:image:width\" content=\"1024\" \/>\n\t<meta property=\"og:image:height\" content=\"1448\" \/>\n\t<meta property=\"og:image:type\" content=\"image\/jpeg\" \/>\n<meta name=\"author\" content=\"StarsIsland\" \/>\n<meta name=\"twitter:label1\" content=\"Verfasst von\" \/>\n\t<meta name=\"twitter:data1\" content=\"StarsIsland\" \/>\n\t<meta name=\"twitter:label2\" content=\"Gesch\u00e4tzte Lesezeit\" \/>\n\t<meta name=\"twitter:data2\" content=\"1\u00a0Minute\" \/>\n<script type=\"application\/ld+json\" class=\"yoast-schema-graph\">{\"@context\":\"https:\/\/schema.org\",\"@graph\":[{\"@type\":\"Article\",\"@id\":\"https:\/\/www.starsislandlapalma.es\/de\/aviso-actividad-javier-santaolalla-viernes-9-de-septiembre-1930-h\/#article\",\"isPartOf\":{\"@id\":\"https:\/\/www.starsislandlapalma.es\/de\/aviso-actividad-javier-santaolalla-viernes-9-de-septiembre-1930-h\/\"},\"author\":{\"name\":\"StarsIsland\",\"@id\":\"https:\/\/www.starsislandlapalma.es\/#\/schema\/person\/d2618b46c3dc5c031ddd56a658f9ab25\"},\"headline\":\"Aviso: Actividad Javier Santaolalla. Viernes 9 de Septiembre. 19:30 h\",\"datePublished\":\"2022-09-07T07:11:51+00:00\",\"dateModified\":\"2022-09-07T07:18:59+00:00\",\"mainEntityOfPage\":{\"@id\":\"https:\/\/www.starsislandlapalma.es\/de\/aviso-actividad-javier-santaolalla-viernes-9-de-septiembre-1930-h\/\"},\"wordCount\":86,\"commentCount\":0,\"publisher\":{\"@id\":\"https:\/\/www.starsislandlapalma.es\/#organization\"},\"image\":{\"@id\":\"https:\/\/www.starsislandlapalma.es\/de\/aviso-actividad-javier-santaolalla-viernes-9-de-septiembre-1930-h\/#primaryimage\"},\"thumbnailUrl\":\"https:\/\/www.starsislandlapalma.es\/wp-content\/uploads\/2022\/09\/Cartel-Vocaciones-Santaolalla-REPROGRAMA.jpg\",\"articleSection\":[\"Event\",\"Nachricht\"],\"inLanguage\":\"de\",\"potentialAction\":[{\"@type\":\"CommentAction\",\"name\":\"Comment\",\"target\":[\"https:\/\/www.starsislandlapalma.es\/de\/aviso-actividad-javier-santaolalla-viernes-9-de-septiembre-1930-h\/#respond\"]}]},{\"@type\":\"WebPage\",\"@id\":\"https:\/\/www.starsislandlapalma.es\/de\/aviso-actividad-javier-santaolalla-viernes-9-de-septiembre-1930-h\/\",\"url\":\"https:\/\/www.starsislandlapalma.es\/de\/aviso-actividad-javier-santaolalla-viernes-9-de-septiembre-1930-h\/\",\"name\":\"Aviso: Actividad Javier Santaolalla. Viernes 9 de Septiembre. 19:30 h &#8902; Stars Island La Palma\",\"isPartOf\":{\"@id\":\"https:\/\/www.starsislandlapalma.es\/#website\"},\"primaryImageOfPage\":{\"@id\":\"https:\/\/www.starsislandlapalma.es\/de\/aviso-actividad-javier-santaolalla-viernes-9-de-septiembre-1930-h\/#primaryimage\"},\"image\":{\"@id\":\"https:\/\/www.starsislandlapalma.es\/de\/aviso-actividad-javier-santaolalla-viernes-9-de-septiembre-1930-h\/#primaryimage\"},\"thumbnailUrl\":\"https:\/\/www.starsislandlapalma.es\/wp-content\/uploads\/2022\/09\/Cartel-Vocaciones-Santaolalla-REPROGRAMA.jpg\",\"datePublished\":\"2022-09-07T07:11:51+00:00\",\"dateModified\":\"2022-09-07T07:18:59+00:00\",\"breadcrumb\":{\"@id\":\"https:\/\/www.starsislandlapalma.es\/de\/aviso-actividad-javier-santaolalla-viernes-9-de-septiembre-1930-h\/#breadcrumb\"},\"inLanguage\":\"de\",\"potentialAction\":[{\"@type\":\"ReadAction\",\"target\":[\"https:\/\/www.starsislandlapalma.es\/de\/aviso-actividad-javier-santaolalla-viernes-9-de-septiembre-1930-h\/\"]}]},{\"@type\":\"ImageObject\",\"inLanguage\":\"de\",\"@id\":\"https:\/\/www.starsislandlapalma.es\/de\/aviso-actividad-javier-santaolalla-viernes-9-de-septiembre-1930-h\/#primaryimage\",\"url\":\"https:\/\/www.starsislandlapalma.es\/wp-content\/uploads\/2022\/09\/Cartel-Vocaciones-Santaolalla-REPROGRAMA.jpg\",\"contentUrl\":\"https:\/\/www.starsislandlapalma.es\/wp-content\/uploads\/2022\/09\/Cartel-Vocaciones-Santaolalla-REPROGRAMA.jpg\",\"width\":1024,\"height\":1448},{\"@type\":\"BreadcrumbList\",\"@id\":\"https:\/\/www.starsislandlapalma.es\/de\/aviso-actividad-javier-santaolalla-viernes-9-de-septiembre-1930-h\/#breadcrumb\",\"itemListElement\":[{\"@type\":\"ListItem\",\"position\":1,\"name\":\"Portada\",\"item\":\"https:\/\/www.starsislandlapalma.es\/de\/\"},{\"@type\":\"ListItem\",\"position\":2,\"name\":\"Aviso: Actividad Javier Santaolalla. Viernes 9 de Septiembre. 19:30 h\"}]},{\"@type\":\"WebSite\",\"@id\":\"https:\/\/www.starsislandlapalma.es\/#website\",\"url\":\"https:\/\/www.starsislandlapalma.es\/\",\"name\":\"Stars Island La Palma\",\"description\":\"La Palma, el lugar perfecto para disfrutar del universo. Primera Reserva Starlight del mundo, en 2012 se reconoce como Destino Tur\u00edstico Starlight\",\"publisher\":{\"@id\":\"https:\/\/www.starsislandlapalma.es\/#organization\"},\"potentialAction\":[{\"@type\":\"SearchAction\",\"target\":{\"@type\":\"EntryPoint\",\"urlTemplate\":\"https:\/\/www.starsislandlapalma.es\/?s={search_term_string}\"},\"query-input\":{\"@type\":\"PropertyValueSpecification\",\"valueRequired\":true,\"valueName\":\"search_term_string\"}}],\"inLanguage\":\"de\"},{\"@type\":\"Organization\",\"@id\":\"https:\/\/www.starsislandlapalma.es\/#organization\",\"name\":\"Star Island La Palma\",\"url\":\"https:\/\/www.starsislandlapalma.es\/\",\"logo\":{\"@type\":\"ImageObject\",\"inLanguage\":\"de\",\"@id\":\"https:\/\/www.starsislandlapalma.es\/#\/schema\/logo\/image\/\",\"url\":\"https:\/\/www.starsislandlapalma.es\/wp-content\/uploads\/2022\/01\/logo_starisland.png\",\"contentUrl\":\"https:\/\/www.starsislandlapalma.es\/wp-content\/uploads\/2022\/01\/logo_starisland.png\",\"width\":172,\"height\":139,\"caption\":\"Star Island La Palma\"},\"image\":{\"@id\":\"https:\/\/www.starsislandlapalma.es\/#\/schema\/logo\/image\/\"},\"sameAs\":[\"https:\/\/www.facebook.com\/pages\/Starsisland-La-Palma\/210888162375006?ref=hl\",\"https:\/\/x.com\/starsislandlapa\",\"https:\/\/www.pinterest.com\/astroturismo\/\",\"https:\/\/www.youtube.com\/channel\/UCV7sju1ggcBpJG39HQCBtsA\"]},{\"@type\":\"Person\",\"@id\":\"https:\/\/www.starsislandlapalma.es\/#\/schema\/person\/d2618b46c3dc5c031ddd56a658f9ab25\",\"name\":\"StarsIsland\",\"image\":{\"@type\":\"ImageObject\",\"inLanguage\":\"de\",\"@id\":\"https:\/\/www.starsislandlapalma.es\/#\/schema\/person\/image\/\",\"url\":\"https:\/\/secure.gravatar.com\/avatar\/30a35f2b7b8f976566433f1ab7d6402f?s=96&d=mm&r=g\",\"contentUrl\":\"https:\/\/secure.gravatar.com\/avatar\/30a35f2b7b8f976566433f1ab7d6402f?s=96&d=mm&r=g\",\"caption\":\"StarsIsland\"},\"url\":\"https:\/\/www.starsislandlapalma.es\/de\/author\/starsisland\/\"}]}<\/script>\n<!-- \/ Yoast SEO plugin. -->","yoast_head_json":{"title":"Aviso: Actividad Javier Santaolalla. Viernes 9 de Septiembre. 19:30 h &#8902; Stars Island La Palma","robots":{"index":"index","follow":"follow","max-snippet":"max-snippet:-1","max-image-preview":"max-image-preview:large","max-video-preview":"max-video-preview:-1"},"canonical":"https:\/\/www.starsislandlapalma.es\/de\/aviso-actividad-javier-santaolalla-viernes-9-de-septiembre-1930-h\/","og_locale":"de_DE","og_type":"article","og_title":"Aviso: Actividad Javier Santaolalla. Viernes 9 de Septiembre. 19:30 h","og_description":"Por causas ajenas a la organizaci\u00f3n del evento este se traslada al local de la Sociedad Juventud Espa\u00f1ola, en San Antonio - Bre\u00f1a Baja.","og_url":"https:\/\/www.starsislandlapalma.es\/de\/aviso-actividad-javier-santaolalla-viernes-9-de-septiembre-1930-h\/","og_site_name":"Stars Island La Palma","article_publisher":"https:\/\/www.facebook.com\/pages\/Starsisland-La-Palma\/210888162375006?ref=hl","article_published_time":"2022-09-07T07:11:51+00:00","article_modified_time":"2022-09-07T07:18:59+00:00","og_image":[{"width":1024,"height":1448,"url":"https:\/\/www.starsislandlapalma.es\/wp-content\/uploads\/2022\/09\/Cartel-Vocaciones-Santaolalla-REPROGRAMA.jpg","type":"image\/jpeg"}],"author":"StarsIsland","twitter_misc":{"Verfasst von":"StarsIsland","Gesch\u00e4tzte Lesezeit":"1\u00a0Minute"},"schema":{"@context":"https:\/\/schema.org","@graph":[{"@type":"Article","@id":"https:\/\/www.starsislandlapalma.es\/de\/aviso-actividad-javier-santaolalla-viernes-9-de-septiembre-1930-h\/#article","isPartOf":{"@id":"https:\/\/www.starsislandlapalma.es\/de\/aviso-actividad-javier-santaolalla-viernes-9-de-septiembre-1930-h\/"},"author":{"name":"StarsIsland","@id":"https:\/\/www.starsislandlapalma.es\/#\/schema\/person\/d2618b46c3dc5c031ddd56a658f9ab25"},"headline":"Aviso: Actividad Javier Santaolalla. Viernes 9 de Septiembre. 19:30 h","datePublished":"2022-09-07T07:11:51+00:00","dateModified":"2022-09-07T07:18:59+00:00","mainEntityOfPage":{"@id":"https:\/\/www.starsislandlapalma.es\/de\/aviso-actividad-javier-santaolalla-viernes-9-de-septiembre-1930-h\/"},"wordCount":86,"commentCount":0,"publisher":{"@id":"https:\/\/www.starsislandlapalma.es\/#organization"},"image":{"@id":"https:\/\/www.starsislandlapalma.es\/de\/aviso-actividad-javier-santaolalla-viernes-9-de-septiembre-1930-h\/#primaryimage"},"thumbnailUrl":"https:\/\/www.starsislandlapalma.es\/wp-content\/uploads\/2022\/09\/Cartel-Vocaciones-Santaolalla-REPROGRAMA.jpg","articleSection":["Event","Nachricht"],"inLanguage":"de","potentialAction":[{"@type":"CommentAction","name":"Comment","target":["https:\/\/www.starsislandlapalma.es\/de\/aviso-actividad-javier-santaolalla-viernes-9-de-septiembre-1930-h\/#respond"]}]},{"@type":"WebPage","@id":"https:\/\/www.starsislandlapalma.es\/de\/aviso-actividad-javier-santaolalla-viernes-9-de-septiembre-1930-h\/","url":"https:\/\/www.starsislandlapalma.es\/de\/aviso-actividad-javier-santaolalla-viernes-9-de-septiembre-1930-h\/","name":"Aviso: Actividad Javier Santaolalla. Viernes 9 de Septiembre. 19:30 h &#8902; Stars Island La Palma","isPartOf":{"@id":"https:\/\/www.starsislandlapalma.es\/#website"},"primaryImageOfPage":{"@id":"https:\/\/www.starsislandlapalma.es\/de\/aviso-actividad-javier-santaolalla-viernes-9-de-septiembre-1930-h\/#primaryimage"},"image":{"@id":"https:\/\/www.starsislandlapalma.es\/de\/aviso-actividad-javier-santaolalla-viernes-9-de-septiembre-1930-h\/#primaryimage"},"thumbnailUrl":"https:\/\/www.starsislandlapalma.es\/wp-content\/uploads\/2022\/09\/Cartel-Vocaciones-Santaolalla-REPROGRAMA.jpg","datePublished":"2022-09-07T07:11:51+00:00","dateModified":"2022-09-07T07:18:59+00:00","breadcrumb":{"@id":"https:\/\/www.starsislandlapalma.es\/de\/aviso-actividad-javier-santaolalla-viernes-9-de-septiembre-1930-h\/#breadcrumb"},"inLanguage":"de","potentialAction":[{"@type":"ReadAction","target":["https:\/\/www.starsislandlapalma.es\/de\/aviso-actividad-javier-santaolalla-viernes-9-de-septiembre-1930-h\/"]}]},{"@type":"ImageObject","inLanguage":"de","@id":"https:\/\/www.starsislandlapalma.es\/de\/aviso-actividad-javier-santaolalla-viernes-9-de-septiembre-1930-h\/#primaryimage","url":"https:\/\/www.starsislandlapalma.es\/wp-content\/uploads\/2022\/09\/Cartel-Vocaciones-Santaolalla-REPROGRAMA.jpg","contentUrl":"https:\/\/www.starsislandlapalma.es\/wp-content\/uploads\/2022\/09\/Cartel-Vocaciones-Santaolalla-REPROGRAMA.jpg","width":1024,"height":1448},{"@type":"BreadcrumbList","@id":"https:\/\/www.starsislandlapalma.es\/de\/aviso-actividad-javier-santaolalla-viernes-9-de-septiembre-1930-h\/#breadcrumb","itemListElement":[{"@type":"ListItem","position":1,"name":"Portada","item":"https:\/\/www.starsislandlapalma.es\/de\/"},{"@type":"ListItem","position":2,"name":"Aviso: Actividad Javier Santaolalla. Viernes 9 de Septiembre. 19:30 h"}]},{"@type":"WebSite","@id":"https:\/\/www.starsislandlapalma.es\/#website","url":"https:\/\/www.starsislandlapalma.es\/","name":"Stars Island La Palma","description":"La Palma, el lugar perfecto para disfrutar del universo. Primera Reserva Starlight del mundo, en 2012 se reconoce como Destino Tur\u00edstico Starlight","publisher":{"@id":"https:\/\/www.starsislandlapalma.es\/#organization"},"potentialAction":[{"@type":"SearchAction","target":{"@type":"EntryPoint","urlTemplate":"https:\/\/www.starsislandlapalma.es\/?s={search_term_string}"},"query-input":{"@type":"PropertyValueSpecification","valueRequired":true,"valueName":"search_term_string"}}],"inLanguage":"de"},{"@type":"Organization","@id":"https:\/\/www.starsislandlapalma.es\/#organization","name":"Star Island La Palma","url":"https:\/\/www.starsislandlapalma.es\/","logo":{"@type":"ImageObject","inLanguage":"de","@id":"https:\/\/www.starsislandlapalma.es\/#\/schema\/logo\/image\/","url":"https:\/\/www.starsislandlapalma.es\/wp-content\/uploads\/2022\/01\/logo_starisland.png","contentUrl":"https:\/\/www.starsislandlapalma.es\/wp-content\/uploads\/2022\/01\/logo_starisland.png","width":172,"height":139,"caption":"Star Island La Palma"},"image":{"@id":"https:\/\/www.starsislandlapalma.es\/#\/schema\/logo\/image\/"},"sameAs":["https:\/\/www.facebook.com\/pages\/Starsisland-La-Palma\/210888162375006?ref=hl","https:\/\/x.com\/starsislandlapa","https:\/\/www.pinterest.com\/astroturismo\/","https:\/\/www.youtube.com\/channel\/UCV7sju1ggcBpJG39HQCBtsA"]},{"@type":"Person","@id":"https:\/\/www.starsislandlapalma.es\/#\/schema\/person\/d2618b46c3dc5c031ddd56a658f9ab25","name":"StarsIsland","image":{"@type":"ImageObject","inLanguage":"de","@id":"https:\/\/www.starsislandlapalma.es\/#\/schema\/person\/image\/","url":"https:\/\/secure.gravatar.com\/avatar\/30a35f2b7b8f976566433f1ab7d6402f?s=96&d=mm&r=g","contentUrl":"https:\/\/secure.gravatar.com\/avatar\/30a35f2b7b8f976566433f1ab7d6402f?s=96&d=mm&r=g","caption":"StarsIsland"},"url":"https:\/\/www.starsislandlapalma.es\/de\/author\/starsisland\/"}]}},"_links":{"self":[{"href":"https:\/\/www.starsislandlapalma.es\/de\/wp-json\/wp\/v2\/posts\/25148\/"}],"collection":[{"href":"https:\/\/www.starsislandlapalma.es\/de\/wp-json\/wp\/v2\/posts\/"}],"about":[{"href":"https:\/\/www.starsislandlapalma.es\/de\/wp-json\/wp\/v2\/types\/post\/"}],"author":[{"embeddable":true,"href":"https:\/\/www.starsislandlapalma.es\/de\/wp-json\/wp\/v2\/users\/4\/"}],"replies":[{"embeddable":true,"href":"https:\/\/www.starsislandlapalma.es\/de\/wp-json\/wp\/v2\/comments\/?post=25148"}],"version-history":[{"count":1,"href":"https:\/\/www.starsislandlapalma.es\/de\/wp-json\/wp\/v2\/posts\/25148\/revisions\/"}],"predecessor-version":[{"id":25150,"href":"https:\/\/www.starsislandlapalma.es\/de\/wp-json\/wp\/v2\/posts\/25148\/revisions\/25150\/"}],"wp:featuredmedia":[{"embeddable":true,"href":"https:\/\/www.starsislandlapalma.es\/de\/wp-json\/wp\/v2\/media\/25145\/"}],"wp:attachment":[{"href":"https:\/\/www.starsislandlapalma.es\/de\/wp-json\/wp\/v2\/media\/?parent=25148"}],"wp:term":[{"taxonomy":"category","embeddable":true,"href":"https:\/\/www.starsislandlapalma.es\/de\/wp-json\/wp\/v2\/categories\/?post=25148"},{"taxonomy":"post_tag","embeddable":true,"href":"https:\/\/www.starsislandlapalma.es\/de\/wp-json\/wp\/v2\/tags\/?post=25148"}],"curies":[{"name":"wp","href":"https:\/\/api.w.org\/{rel}","templated":true}]}}