{"id":25177,"date":"2022-09-09T08:55:38","date_gmt":"2022-09-09T08:55:38","guid":{"rendered":"https:\/\/www.starsislandlapalma.es\/paula-espinosa-en-vocaciones-cientificas-astrofest-2022\/"},"modified":"2022-09-12T07:57:39","modified_gmt":"2022-09-12T07:57:39","slug":"paula-espinosa-en-vocaciones-cientificas-astrofest-2022","status":"publish","type":"post","link":"https:\/\/www.starsislandlapalma.es\/de\/paula-espinosa-en-vocaciones-cientificas-astrofest-2022\/","title":{"rendered":"Paula Espinosa en &#8222;Vocaciones Cient\u00edficas \u2013 ASTROFEST 2022\u201d"},"content":{"rendered":"<p style=\"text-align: justify;\">\u201cEsp\u00edritu curioso y autodidacta, fuerza y sensibilidad, autenticidad, astronom\u00eda en libertad\u2026\u201d son algunas de las valoraciones p\u00fablicas que ha recibido y de las que hemos sido testigos.<\/p>\n<div id=\"attachment_25165\" style=\"width: 161px\" class=\"wp-caption alignleft\"><a href=\"https:\/\/www.starsislandlapalma.es\/wp-content\/uploads\/2022\/09\/Paula-Espinosa.jpg\"><img decoding=\"async\" aria-describedby=\"caption-attachment-25165\" class=\"wp-image-25165 size-medium\" src=\"https:\/\/www.starsislandlapalma.es\/wp-content\/uploads\/2022\/09\/Paula-Espinosa-151x300.jpg\" alt=\"\" width=\"151\" height=\"300\" srcset=\"https:\/\/www.starsislandlapalma.es\/wp-content\/uploads\/2022\/09\/Paula-Espinosa-151x300.jpg 151w, https:\/\/www.starsislandlapalma.es\/wp-content\/uploads\/2022\/09\/Paula-Espinosa.jpg 240w\" sizes=\"(max-width: 151px) 100vw, 151px\" \/><\/a><p id=\"caption-attachment-25165\" class=\"wp-caption-text\">Paula Espinosa<\/p><\/div>\n<p style=\"text-align: justify;\">La joven cantante grancanaria, Paula Espinosa, ha fortalecido su visibilidad gracias a su participaci\u00f3n en el programa la Voz, donde lleg\u00f3 a ser finalista.\u00a0 \u00a0En 2021 gan\u00f3 el IV Premio de M\u00fasica Joven Alberto Delgado de la Fundaci\u00f3n CajaCanarias.<\/p>\n<p style=\"text-align: justify;\">Comenz\u00f3 a tocar el piano a los 8 a\u00f1os y a los 15 se inici\u00f3 con la guitarra. Dos a\u00f1os despu\u00e9s, y de forma autodidacta, comenz\u00f3 sus primeras composiciones.<\/p>\n<p style=\"text-align: justify;\">Ha estudiado Astrof\u00edsica, y est\u00e1 comprometida con el proyecto Astr\u00f3nomAs, que lucha por reconocer el papel y el trabajo de las mujeres en la Astronom\u00eda, y al que le ha compuesto su <a href=\"https:\/\/www.youtube.com\/watch?v=tzsAYspAN0U\" target=\"_blank\" rel=\"noopener\">banda sonora<\/a>.<\/p>\n<div id=\"attachment_25169\" style=\"width: 160px\" class=\"wp-caption alignright\"><a href=\"https:\/\/www.starsislandlapalma.es\/wp-content\/uploads\/2022\/09\/Irene-Puerto.jpg\"><img decoding=\"async\" aria-describedby=\"caption-attachment-25169\" class=\"wp-image-25169 size-thumbnail\" src=\"https:\/\/www.starsislandlapalma.es\/wp-content\/uploads\/2022\/09\/Irene-Puerto-150x150.jpg\" alt=\"\" width=\"150\" height=\"150\" srcset=\"https:\/\/www.starsislandlapalma.es\/wp-content\/uploads\/2022\/09\/Irene-Puerto-150x150.jpg 150w, https:\/\/www.starsislandlapalma.es\/wp-content\/uploads\/2022\/09\/Irene-Puerto-300x300.jpg 300w, https:\/\/www.starsislandlapalma.es\/wp-content\/uploads\/2022\/09\/Irene-Puerto.jpg 462w\" sizes=\"(max-width: 150px) 100vw, 150px\" \/><\/a><p id=\"caption-attachment-25169\" class=\"wp-caption-text\">Irene Puerto<\/p><\/div>\n<p style=\"text-align: justify;\">Paula Espinosa estar\u00e1 acompa\u00f1ada por la dinamizadora Irene Puerto, doctora en Astrof\u00edsica y monologuista de \u201cBig Van Ciencia\u201d.<\/p>\n<p style=\"text-align: justify;\">Ambas nos presentar\u00e1n un espect\u00e1culo en que dos Astrof\u00edsicas hablar\u00e1n de sus vocaciones, donde se mezclar\u00e1n di\u00e1logos, an\u00e9cdotas y canciones.<\/p>\n<p style=\"text-align: justify;\">Viernes 16 de Septiembre, 20:00 h., en el Museo Arqueol\u00f3gico Benahoarita de Los Llanos de Aridane.<\/p>\n<p style=\"text-align: justify;\">RESERVA tus entradas GRATUITAS en: <strong><a href=\"https:\/\/paula-espinosa.eventbrite.es\">https:\/\/paula-espinosa.eventbrite.es<\/a><\/strong><\/p>\n<p style=\"text-align: justify;\">Esta actividad est\u00e1 financiada y promovida por el \u00c1rea de Turismo del Cabildo de La Palma y la Sociedad de Promoci\u00f3n y Desarrollo Econ\u00f3mico de La Palma (Sodepal), a trav\u00e9s del programa de Promoci\u00f3n de Astroturismo \u2013 PALP.<\/p>\n<p style=\"text-align: justify;\">Colabora el Instituto de Astrof\u00edsica de Canarias &#8211; IAC, el \u00e1rea de Cultura del Cabildo Insular de La Palma y el Museo Arqueol\u00f3gico Benahoarita.<\/p>\n","protected":false},"excerpt":{"rendered":"<p>Paula Espinosa e Irene Puerto presentar\u00e1n un espect\u00e1culo en que dos Astrof\u00edsicas hablar\u00e1n de sus vocaciones, donde se mezclar\u00e1n di\u00e1logos, an\u00e9cdotas y canciones<\/p>\n","protected":false},"author":4,"featured_media":25164,"comment_status":"open","ping_status":"open","sticky":false,"template":"","format":"standard","meta":{"footnotes":""},"categories":[140,135],"tags":[484,986,987],"yoast_head":"<!-- This site is optimized with the Yoast SEO plugin v24.5 - https:\/\/yoast.com\/wordpress\/plugins\/seo\/ -->\n<title>Paula Espinosa en &quot;Vocaciones Cient\u00edficas \u2013 ASTROFEST 2022\u201d &#8902; Stars Island La Palma<\/title>\n<meta name=\"robots\" content=\"index, follow, max-snippet:-1, max-image-preview:large, max-video-preview:-1\" \/>\n<link rel=\"canonical\" href=\"https:\/\/www.starsislandlapalma.es\/de\/paula-espinosa-en-vocaciones-cientificas-astrofest-2022\/\" \/>\n<meta property=\"og:locale\" content=\"de_DE\" \/>\n<meta property=\"og:type\" content=\"article\" \/>\n<meta property=\"og:title\" content=\"Paula Espinosa en &quot;Vocaciones Cient\u00edficas \u2013 ASTROFEST 2022\u201d\" \/>\n<meta property=\"og:description\" content=\"Paula Espinosa e Irene Puerto presentar\u00e1n un espect\u00e1culo en que dos Astrof\u00edsicas hablar\u00e1n de sus vocaciones, donde se mezclar\u00e1n di\u00e1logos, an\u00e9cdotas y canciones\" \/>\n<meta property=\"og:url\" content=\"https:\/\/www.starsislandlapalma.es\/de\/paula-espinosa-en-vocaciones-cientificas-astrofest-2022\/\" \/>\n<meta property=\"og:site_name\" content=\"Stars Island La Palma\" \/>\n<meta property=\"article:publisher\" content=\"https:\/\/www.facebook.com\/pages\/Starsisland-La-Palma\/210888162375006?ref=hl\" \/>\n<meta property=\"article:published_time\" content=\"2022-09-09T08:55:38+00:00\" \/>\n<meta property=\"article:modified_time\" content=\"2022-09-12T07:57:39+00:00\" \/>\n<meta property=\"og:image\" content=\"https:\/\/www.starsislandlapalma.es\/wp-content\/uploads\/2022\/09\/Carte-Vocaciones-Paula-Espinosa.jpg\" \/>\n\t<meta property=\"og:image:width\" content=\"724\" \/>\n\t<meta property=\"og:image:height\" content=\"1024\" \/>\n\t<meta property=\"og:image:type\" content=\"image\/jpeg\" \/>\n<meta name=\"author\" content=\"StarsIsland\" \/>\n<meta name=\"twitter:label1\" content=\"Verfasst von\" \/>\n\t<meta name=\"twitter:data1\" content=\"StarsIsland\" \/>\n\t<meta name=\"twitter:label2\" content=\"Gesch\u00e4tzte Lesezeit\" \/>\n\t<meta name=\"twitter:data2\" content=\"2\u00a0Minuten\" \/>\n<script type=\"application\/ld+json\" class=\"yoast-schema-graph\">{\"@context\":\"https:\/\/schema.org\",\"@graph\":[{\"@type\":\"Article\",\"@id\":\"https:\/\/www.starsislandlapalma.es\/de\/paula-espinosa-en-vocaciones-cientificas-astrofest-2022\/#article\",\"isPartOf\":{\"@id\":\"https:\/\/www.starsislandlapalma.es\/de\/paula-espinosa-en-vocaciones-cientificas-astrofest-2022\/\"},\"author\":{\"name\":\"StarsIsland\",\"@id\":\"https:\/\/www.starsislandlapalma.es\/#\/schema\/person\/d2618b46c3dc5c031ddd56a658f9ab25\"},\"headline\":\"Paula Espinosa en &#8222;Vocaciones Cient\u00edficas \u2013 ASTROFEST 2022\u201d\",\"datePublished\":\"2022-09-09T08:55:38+00:00\",\"dateModified\":\"2022-09-12T07:57:39+00:00\",\"mainEntityOfPage\":{\"@id\":\"https:\/\/www.starsislandlapalma.es\/de\/paula-espinosa-en-vocaciones-cientificas-astrofest-2022\/\"},\"wordCount\":301,\"commentCount\":0,\"publisher\":{\"@id\":\"https:\/\/www.starsislandlapalma.es\/#organization\"},\"image\":{\"@id\":\"https:\/\/www.starsislandlapalma.es\/de\/paula-espinosa-en-vocaciones-cientificas-astrofest-2022\/#primaryimage\"},\"thumbnailUrl\":\"https:\/\/www.starsislandlapalma.es\/wp-content\/uploads\/2022\/09\/Carte-Vocaciones-Paula-Espinosa.jpg\",\"keywords\":[\"astrofest\",\"Irene Puerto\",\"Paula Espinosa\"],\"articleSection\":[\"Event\",\"Nachricht\"],\"inLanguage\":\"de\",\"potentialAction\":[{\"@type\":\"CommentAction\",\"name\":\"Comment\",\"target\":[\"https:\/\/www.starsislandlapalma.es\/de\/paula-espinosa-en-vocaciones-cientificas-astrofest-2022\/#respond\"]}]},{\"@type\":\"WebPage\",\"@id\":\"https:\/\/www.starsislandlapalma.es\/de\/paula-espinosa-en-vocaciones-cientificas-astrofest-2022\/\",\"url\":\"https:\/\/www.starsislandlapalma.es\/de\/paula-espinosa-en-vocaciones-cientificas-astrofest-2022\/\",\"name\":\"Paula Espinosa en \\\"Vocaciones Cient\u00edficas \u2013 ASTROFEST 2022\u201d &#8902; Stars Island La Palma\",\"isPartOf\":{\"@id\":\"https:\/\/www.starsislandlapalma.es\/#website\"},\"primaryImageOfPage\":{\"@id\":\"https:\/\/www.starsislandlapalma.es\/de\/paula-espinosa-en-vocaciones-cientificas-astrofest-2022\/#primaryimage\"},\"image\":{\"@id\":\"https:\/\/www.starsislandlapalma.es\/de\/paula-espinosa-en-vocaciones-cientificas-astrofest-2022\/#primaryimage\"},\"thumbnailUrl\":\"https:\/\/www.starsislandlapalma.es\/wp-content\/uploads\/2022\/09\/Carte-Vocaciones-Paula-Espinosa.jpg\",\"datePublished\":\"2022-09-09T08:55:38+00:00\",\"dateModified\":\"2022-09-12T07:57:39+00:00\",\"breadcrumb\":{\"@id\":\"https:\/\/www.starsislandlapalma.es\/de\/paula-espinosa-en-vocaciones-cientificas-astrofest-2022\/#breadcrumb\"},\"inLanguage\":\"de\",\"potentialAction\":[{\"@type\":\"ReadAction\",\"target\":[\"https:\/\/www.starsislandlapalma.es\/de\/paula-espinosa-en-vocaciones-cientificas-astrofest-2022\/\"]}]},{\"@type\":\"ImageObject\",\"inLanguage\":\"de\",\"@id\":\"https:\/\/www.starsislandlapalma.es\/de\/paula-espinosa-en-vocaciones-cientificas-astrofest-2022\/#primaryimage\",\"url\":\"https:\/\/www.starsislandlapalma.es\/wp-content\/uploads\/2022\/09\/Carte-Vocaciones-Paula-Espinosa.jpg\",\"contentUrl\":\"https:\/\/www.starsislandlapalma.es\/wp-content\/uploads\/2022\/09\/Carte-Vocaciones-Paula-Espinosa.jpg\",\"width\":724,\"height\":1024},{\"@type\":\"BreadcrumbList\",\"@id\":\"https:\/\/www.starsislandlapalma.es\/de\/paula-espinosa-en-vocaciones-cientificas-astrofest-2022\/#breadcrumb\",\"itemListElement\":[{\"@type\":\"ListItem\",\"position\":1,\"name\":\"Portada\",\"item\":\"https:\/\/www.starsislandlapalma.es\/de\/\"},{\"@type\":\"ListItem\",\"position\":2,\"name\":\"Paula Espinosa en \u00abVocaciones Cient\u00edficas \u2013 ASTROFEST 2022\u201d\"}]},{\"@type\":\"WebSite\",\"@id\":\"https:\/\/www.starsislandlapalma.es\/#website\",\"url\":\"https:\/\/www.starsislandlapalma.es\/\",\"name\":\"Stars Island La Palma\",\"description\":\"La Palma, el lugar perfecto para disfrutar del universo. Primera Reserva Starlight del mundo, en 2012 se reconoce como Destino Tur\u00edstico Starlight\",\"publisher\":{\"@id\":\"https:\/\/www.starsislandlapalma.es\/#organization\"},\"potentialAction\":[{\"@type\":\"SearchAction\",\"target\":{\"@type\":\"EntryPoint\",\"urlTemplate\":\"https:\/\/www.starsislandlapalma.es\/?s={search_term_string}\"},\"query-input\":{\"@type\":\"PropertyValueSpecification\",\"valueRequired\":true,\"valueName\":\"search_term_string\"}}],\"inLanguage\":\"de\"},{\"@type\":\"Organization\",\"@id\":\"https:\/\/www.starsislandlapalma.es\/#organization\",\"name\":\"Star Island La Palma\",\"url\":\"https:\/\/www.starsislandlapalma.es\/\",\"logo\":{\"@type\":\"ImageObject\",\"inLanguage\":\"de\",\"@id\":\"https:\/\/www.starsislandlapalma.es\/#\/schema\/logo\/image\/\",\"url\":\"https:\/\/www.starsislandlapalma.es\/wp-content\/uploads\/2022\/01\/logo_starisland.png\",\"contentUrl\":\"https:\/\/www.starsislandlapalma.es\/wp-content\/uploads\/2022\/01\/logo_starisland.png\",\"width\":172,\"height\":139,\"caption\":\"Star Island La Palma\"},\"image\":{\"@id\":\"https:\/\/www.starsislandlapalma.es\/#\/schema\/logo\/image\/\"},\"sameAs\":[\"https:\/\/www.facebook.com\/pages\/Starsisland-La-Palma\/210888162375006?ref=hl\",\"https:\/\/x.com\/starsislandlapa\",\"https:\/\/www.pinterest.com\/astroturismo\/\",\"https:\/\/www.youtube.com\/channel\/UCV7sju1ggcBpJG39HQCBtsA\"]},{\"@type\":\"Person\",\"@id\":\"https:\/\/www.starsislandlapalma.es\/#\/schema\/person\/d2618b46c3dc5c031ddd56a658f9ab25\",\"name\":\"StarsIsland\",\"image\":{\"@type\":\"ImageObject\",\"inLanguage\":\"de\",\"@id\":\"https:\/\/www.starsislandlapalma.es\/#\/schema\/person\/image\/\",\"url\":\"https:\/\/secure.gravatar.com\/avatar\/30a35f2b7b8f976566433f1ab7d6402f?s=96&d=mm&r=g\",\"contentUrl\":\"https:\/\/secure.gravatar.com\/avatar\/30a35f2b7b8f976566433f1ab7d6402f?s=96&d=mm&r=g\",\"caption\":\"StarsIsland\"},\"url\":\"https:\/\/www.starsislandlapalma.es\/de\/author\/starsisland\/\"}]}<\/script>\n<!-- \/ Yoast SEO plugin. -->","yoast_head_json":{"title":"Paula Espinosa en \"Vocaciones Cient\u00edficas \u2013 ASTROFEST 2022\u201d &#8902; Stars Island La Palma","robots":{"index":"index","follow":"follow","max-snippet":"max-snippet:-1","max-image-preview":"max-image-preview:large","max-video-preview":"max-video-preview:-1"},"canonical":"https:\/\/www.starsislandlapalma.es\/de\/paula-espinosa-en-vocaciones-cientificas-astrofest-2022\/","og_locale":"de_DE","og_type":"article","og_title":"Paula Espinosa en \"Vocaciones Cient\u00edficas \u2013 ASTROFEST 2022\u201d","og_description":"Paula Espinosa e Irene Puerto presentar\u00e1n un espect\u00e1culo en que dos Astrof\u00edsicas hablar\u00e1n de sus vocaciones, donde se mezclar\u00e1n di\u00e1logos, an\u00e9cdotas y canciones","og_url":"https:\/\/www.starsislandlapalma.es\/de\/paula-espinosa-en-vocaciones-cientificas-astrofest-2022\/","og_site_name":"Stars Island La Palma","article_publisher":"https:\/\/www.facebook.com\/pages\/Starsisland-La-Palma\/210888162375006?ref=hl","article_published_time":"2022-09-09T08:55:38+00:00","article_modified_time":"2022-09-12T07:57:39+00:00","og_image":[{"width":724,"height":1024,"url":"https:\/\/www.starsislandlapalma.es\/wp-content\/uploads\/2022\/09\/Carte-Vocaciones-Paula-Espinosa.jpg","type":"image\/jpeg"}],"author":"StarsIsland","twitter_misc":{"Verfasst von":"StarsIsland","Gesch\u00e4tzte Lesezeit":"2\u00a0Minuten"},"schema":{"@context":"https:\/\/schema.org","@graph":[{"@type":"Article","@id":"https:\/\/www.starsislandlapalma.es\/de\/paula-espinosa-en-vocaciones-cientificas-astrofest-2022\/#article","isPartOf":{"@id":"https:\/\/www.starsislandlapalma.es\/de\/paula-espinosa-en-vocaciones-cientificas-astrofest-2022\/"},"author":{"name":"StarsIsland","@id":"https:\/\/www.starsislandlapalma.es\/#\/schema\/person\/d2618b46c3dc5c031ddd56a658f9ab25"},"headline":"Paula Espinosa en &#8222;Vocaciones Cient\u00edficas \u2013 ASTROFEST 2022\u201d","datePublished":"2022-09-09T08:55:38+00:00","dateModified":"2022-09-12T07:57:39+00:00","mainEntityOfPage":{"@id":"https:\/\/www.starsislandlapalma.es\/de\/paula-espinosa-en-vocaciones-cientificas-astrofest-2022\/"},"wordCount":301,"commentCount":0,"publisher":{"@id":"https:\/\/www.starsislandlapalma.es\/#organization"},"image":{"@id":"https:\/\/www.starsislandlapalma.es\/de\/paula-espinosa-en-vocaciones-cientificas-astrofest-2022\/#primaryimage"},"thumbnailUrl":"https:\/\/www.starsislandlapalma.es\/wp-content\/uploads\/2022\/09\/Carte-Vocaciones-Paula-Espinosa.jpg","keywords":["astrofest","Irene Puerto","Paula Espinosa"],"articleSection":["Event","Nachricht"],"inLanguage":"de","potentialAction":[{"@type":"CommentAction","name":"Comment","target":["https:\/\/www.starsislandlapalma.es\/de\/paula-espinosa-en-vocaciones-cientificas-astrofest-2022\/#respond"]}]},{"@type":"WebPage","@id":"https:\/\/www.starsislandlapalma.es\/de\/paula-espinosa-en-vocaciones-cientificas-astrofest-2022\/","url":"https:\/\/www.starsislandlapalma.es\/de\/paula-espinosa-en-vocaciones-cientificas-astrofest-2022\/","name":"Paula Espinosa en \"Vocaciones Cient\u00edficas \u2013 ASTROFEST 2022\u201d &#8902; Stars Island La Palma","isPartOf":{"@id":"https:\/\/www.starsislandlapalma.es\/#website"},"primaryImageOfPage":{"@id":"https:\/\/www.starsislandlapalma.es\/de\/paula-espinosa-en-vocaciones-cientificas-astrofest-2022\/#primaryimage"},"image":{"@id":"https:\/\/www.starsislandlapalma.es\/de\/paula-espinosa-en-vocaciones-cientificas-astrofest-2022\/#primaryimage"},"thumbnailUrl":"https:\/\/www.starsislandlapalma.es\/wp-content\/uploads\/2022\/09\/Carte-Vocaciones-Paula-Espinosa.jpg","datePublished":"2022-09-09T08:55:38+00:00","dateModified":"2022-09-12T07:57:39+00:00","breadcrumb":{"@id":"https:\/\/www.starsislandlapalma.es\/de\/paula-espinosa-en-vocaciones-cientificas-astrofest-2022\/#breadcrumb"},"inLanguage":"de","potentialAction":[{"@type":"ReadAction","target":["https:\/\/www.starsislandlapalma.es\/de\/paula-espinosa-en-vocaciones-cientificas-astrofest-2022\/"]}]},{"@type":"ImageObject","inLanguage":"de","@id":"https:\/\/www.starsislandlapalma.es\/de\/paula-espinosa-en-vocaciones-cientificas-astrofest-2022\/#primaryimage","url":"https:\/\/www.starsislandlapalma.es\/wp-content\/uploads\/2022\/09\/Carte-Vocaciones-Paula-Espinosa.jpg","contentUrl":"https:\/\/www.starsislandlapalma.es\/wp-content\/uploads\/2022\/09\/Carte-Vocaciones-Paula-Espinosa.jpg","width":724,"height":1024},{"@type":"BreadcrumbList","@id":"https:\/\/www.starsislandlapalma.es\/de\/paula-espinosa-en-vocaciones-cientificas-astrofest-2022\/#breadcrumb","itemListElement":[{"@type":"ListItem","position":1,"name":"Portada","item":"https:\/\/www.starsislandlapalma.es\/de\/"},{"@type":"ListItem","position":2,"name":"Paula Espinosa en \u00abVocaciones Cient\u00edficas \u2013 ASTROFEST 2022\u201d"}]},{"@type":"WebSite","@id":"https:\/\/www.starsislandlapalma.es\/#website","url":"https:\/\/www.starsislandlapalma.es\/","name":"Stars Island La Palma","description":"La Palma, el lugar perfecto para disfrutar del universo. Primera Reserva Starlight del mundo, en 2012 se reconoce como Destino Tur\u00edstico Starlight","publisher":{"@id":"https:\/\/www.starsislandlapalma.es\/#organization"},"potentialAction":[{"@type":"SearchAction","target":{"@type":"EntryPoint","urlTemplate":"https:\/\/www.starsislandlapalma.es\/?s={search_term_string}"},"query-input":{"@type":"PropertyValueSpecification","valueRequired":true,"valueName":"search_term_string"}}],"inLanguage":"de"},{"@type":"Organization","@id":"https:\/\/www.starsislandlapalma.es\/#organization","name":"Star Island La Palma","url":"https:\/\/www.starsislandlapalma.es\/","logo":{"@type":"ImageObject","inLanguage":"de","@id":"https:\/\/www.starsislandlapalma.es\/#\/schema\/logo\/image\/","url":"https:\/\/www.starsislandlapalma.es\/wp-content\/uploads\/2022\/01\/logo_starisland.png","contentUrl":"https:\/\/www.starsislandlapalma.es\/wp-content\/uploads\/2022\/01\/logo_starisland.png","width":172,"height":139,"caption":"Star Island La Palma"},"image":{"@id":"https:\/\/www.starsislandlapalma.es\/#\/schema\/logo\/image\/"},"sameAs":["https:\/\/www.facebook.com\/pages\/Starsisland-La-Palma\/210888162375006?ref=hl","https:\/\/x.com\/starsislandlapa","https:\/\/www.pinterest.com\/astroturismo\/","https:\/\/www.youtube.com\/channel\/UCV7sju1ggcBpJG39HQCBtsA"]},{"@type":"Person","@id":"https:\/\/www.starsislandlapalma.es\/#\/schema\/person\/d2618b46c3dc5c031ddd56a658f9ab25","name":"StarsIsland","image":{"@type":"ImageObject","inLanguage":"de","@id":"https:\/\/www.starsislandlapalma.es\/#\/schema\/person\/image\/","url":"https:\/\/secure.gravatar.com\/avatar\/30a35f2b7b8f976566433f1ab7d6402f?s=96&d=mm&r=g","contentUrl":"https:\/\/secure.gravatar.com\/avatar\/30a35f2b7b8f976566433f1ab7d6402f?s=96&d=mm&r=g","caption":"StarsIsland"},"url":"https:\/\/www.starsislandlapalma.es\/de\/author\/starsisland\/"}]}},"_links":{"self":[{"href":"https:\/\/www.starsislandlapalma.es\/de\/wp-json\/wp\/v2\/posts\/25177\/"}],"collection":[{"href":"https:\/\/www.starsislandlapalma.es\/de\/wp-json\/wp\/v2\/posts\/"}],"about":[{"href":"https:\/\/www.starsislandlapalma.es\/de\/wp-json\/wp\/v2\/types\/post\/"}],"author":[{"embeddable":true,"href":"https:\/\/www.starsislandlapalma.es\/de\/wp-json\/wp\/v2\/users\/4\/"}],"replies":[{"embeddable":true,"href":"https:\/\/www.starsislandlapalma.es\/de\/wp-json\/wp\/v2\/comments\/?post=25177"}],"version-history":[{"count":2,"href":"https:\/\/www.starsislandlapalma.es\/de\/wp-json\/wp\/v2\/posts\/25177\/revisions\/"}],"predecessor-version":[{"id":25183,"href":"https:\/\/www.starsislandlapalma.es\/de\/wp-json\/wp\/v2\/posts\/25177\/revisions\/25183\/"}],"wp:featuredmedia":[{"embeddable":true,"href":"https:\/\/www.starsislandlapalma.es\/de\/wp-json\/wp\/v2\/media\/25164\/"}],"wp:attachment":[{"href":"https:\/\/www.starsislandlapalma.es\/de\/wp-json\/wp\/v2\/media\/?parent=25177"}],"wp:term":[{"taxonomy":"category","embeddable":true,"href":"https:\/\/www.starsislandlapalma.es\/de\/wp-json\/wp\/v2\/categories\/?post=25177"},{"taxonomy":"post_tag","embeddable":true,"href":"https:\/\/www.starsislandlapalma.es\/de\/wp-json\/wp\/v2\/tags\/?post=25177"}],"curies":[{"name":"wp","href":"https:\/\/api.w.org\/{rel}","templated":true}]}}