{"id":25187,"date":"2022-09-14T07:39:06","date_gmt":"2022-09-14T07:39:06","guid":{"rendered":"https:\/\/www.starsislandlapalma.es\/paula-espinosa-finalista-de-la-voz-actuara-en-los-llanos-de-aridane\/"},"modified":"2022-09-14T07:46:07","modified_gmt":"2022-09-14T07:46:07","slug":"paula-espinosa-finalista-de-la-voz-actuara-en-los-llanos-de-aridane","status":"publish","type":"post","link":"https:\/\/www.starsislandlapalma.es\/de\/paula-espinosa-finalista-de-la-voz-actuara-en-los-llanos-de-aridane\/","title":{"rendered":"Paula Espinosa, finalista de La Voz, actuar\u00e1 en Los Llanos de Aridane"},"content":{"rendered":"<blockquote>\n<p style=\"text-align: justify;\"><em>El concierto se enmarca dentro de la cuarta edici\u00f3n de Astrofest La Palma y se celebrar\u00e1 el viernes 16 de septiembre a las 20.00 horas<\/em><\/p>\n<\/blockquote>\n<p style=\"text-align: justify;\">La joven cantante grancanaria, Paula Espinosa, actuar\u00e1 el pr\u00f3ximo viernes, 16 de septiembre, a partir de las 20.00 horas en Los Llanos de Aridane. Este concierto, que se ubicar\u00e1 en el Museo Arqueol\u00f3gico Benahorita, se enmarca dentro de las actuaciones desarrolladas en Astrofest La Palma, puesto en marcha por la Consejer\u00eda de Turismo del Cabildo insular y la Fundaci\u00f3n Starlight.<\/p>\n<p style=\"text-align: justify;\">Espinosa cuenta con una gran trayectoria musical, pero no fue hasta el a\u00f1o 2020 cuando consigui\u00f3 una gran visibilidad gracias a su participaci\u00f3n en el programa La Voz, donde consigui\u00f3 ser finalista. Adem\u00e1s, en 2021 fue galardonada con el IV Premio de M\u00fasica Joven Alberto Delgado de la Fundaci\u00f3n CajaCanarias.<\/p>\n<p style=\"text-align: justify;\">El consejero de Turismo de La Palma, Ra\u00fal Camacho, asegura que este concierto ayudar\u00e1 a fomentar la diversificaci\u00f3n tur\u00edstica de la isla ofreciendo a los visitantes eventos culturales diversos. Adem\u00e1s, invita a la asistencia para disfrutar de una de las voces m\u00e1s espectaculares del panorama musical canario.<\/p>\n<p style=\"text-align: justify;\">Ra\u00fal Camacho informa que tambi\u00e9n tendr\u00e1 lugar por la ma\u00f1ana en el municipio de Los Llanos de Aridane una actuaci\u00f3n para alumnos y alumnas de centros del Valle.<\/p>\n<p style=\"text-align: justify;\">Acompa\u00f1ada de la dinamizadora Irene Puerto, doctora en Astrof\u00edsica y monologuista de \u2018Big Van Ciencia\u2019, presentar\u00e1n un espect\u00e1culo diferente en el que dos astrof\u00edsicas hablar\u00e1n de sus vocaciones. La actuaci\u00f3n mezclar\u00e1 di\u00e1logos, an\u00e9cdotas y canciones.<\/p>\n","protected":false},"excerpt":{"rendered":"<p>El concierto se enmarca dentro de la cuarta edici\u00f3n de Astrofest La Palma y se celebrar\u00e1 el viernes 16 de septiembre a las 20.00 horas<\/p>\n","protected":false},"author":4,"featured_media":25164,"comment_status":"open","ping_status":"open","sticky":false,"template":"","format":"standard","meta":{"footnotes":""},"categories":[140,135],"tags":[990],"yoast_head":"<!-- This site is optimized with the Yoast SEO plugin v24.5 - https:\/\/yoast.com\/wordpress\/plugins\/seo\/ -->\n<title>Paula Espinosa, finalista de La Voz, actuar\u00e1 en Los Llanos de Aridane &#8902; Stars Island La Palma<\/title>\n<meta name=\"robots\" content=\"index, follow, max-snippet:-1, max-image-preview:large, max-video-preview:-1\" \/>\n<link rel=\"canonical\" href=\"https:\/\/www.starsislandlapalma.es\/de\/paula-espinosa-finalista-de-la-voz-actuara-en-los-llanos-de-aridane\/\" \/>\n<meta property=\"og:locale\" content=\"de_DE\" \/>\n<meta property=\"og:type\" content=\"article\" \/>\n<meta property=\"og:title\" content=\"Paula Espinosa, finalista de La Voz, actuar\u00e1 en Los Llanos de Aridane\" \/>\n<meta property=\"og:description\" content=\"El concierto se enmarca dentro de la cuarta edici\u00f3n de Astrofest La Palma y se celebrar\u00e1 el viernes 16 de septiembre a las 20.00 horas\" \/>\n<meta property=\"og:url\" content=\"https:\/\/www.starsislandlapalma.es\/de\/paula-espinosa-finalista-de-la-voz-actuara-en-los-llanos-de-aridane\/\" \/>\n<meta property=\"og:site_name\" content=\"Stars Island La Palma\" \/>\n<meta property=\"article:publisher\" content=\"https:\/\/www.facebook.com\/pages\/Starsisland-La-Palma\/210888162375006?ref=hl\" \/>\n<meta property=\"article:published_time\" content=\"2022-09-14T07:39:06+00:00\" \/>\n<meta property=\"article:modified_time\" content=\"2022-09-14T07:46:07+00:00\" \/>\n<meta property=\"og:image\" content=\"https:\/\/www.starsislandlapalma.es\/wp-content\/uploads\/2022\/09\/Carte-Vocaciones-Paula-Espinosa.jpg\" \/>\n\t<meta property=\"og:image:width\" content=\"724\" \/>\n\t<meta property=\"og:image:height\" content=\"1024\" \/>\n\t<meta property=\"og:image:type\" content=\"image\/jpeg\" \/>\n<meta name=\"author\" content=\"StarsIsland\" \/>\n<meta name=\"twitter:label1\" content=\"Verfasst von\" \/>\n\t<meta name=\"twitter:data1\" content=\"StarsIsland\" \/>\n\t<meta name=\"twitter:label2\" content=\"Gesch\u00e4tzte Lesezeit\" \/>\n\t<meta name=\"twitter:data2\" content=\"2\u00a0Minuten\" \/>\n<script type=\"application\/ld+json\" class=\"yoast-schema-graph\">{\"@context\":\"https:\/\/schema.org\",\"@graph\":[{\"@type\":\"Article\",\"@id\":\"https:\/\/www.starsislandlapalma.es\/de\/paula-espinosa-finalista-de-la-voz-actuara-en-los-llanos-de-aridane\/#article\",\"isPartOf\":{\"@id\":\"https:\/\/www.starsislandlapalma.es\/de\/paula-espinosa-finalista-de-la-voz-actuara-en-los-llanos-de-aridane\/\"},\"author\":{\"name\":\"StarsIsland\",\"@id\":\"https:\/\/www.starsislandlapalma.es\/#\/schema\/person\/d2618b46c3dc5c031ddd56a658f9ab25\"},\"headline\":\"Paula Espinosa, finalista de La Voz, actuar\u00e1 en Los Llanos de Aridane\",\"datePublished\":\"2022-09-14T07:39:06+00:00\",\"dateModified\":\"2022-09-14T07:46:07+00:00\",\"mainEntityOfPage\":{\"@id\":\"https:\/\/www.starsislandlapalma.es\/de\/paula-espinosa-finalista-de-la-voz-actuara-en-los-llanos-de-aridane\/\"},\"wordCount\":279,\"commentCount\":0,\"publisher\":{\"@id\":\"https:\/\/www.starsislandlapalma.es\/#organization\"},\"image\":{\"@id\":\"https:\/\/www.starsislandlapalma.es\/de\/paula-espinosa-finalista-de-la-voz-actuara-en-los-llanos-de-aridane\/#primaryimage\"},\"thumbnailUrl\":\"https:\/\/www.starsislandlapalma.es\/wp-content\/uploads\/2022\/09\/Carte-Vocaciones-Paula-Espinosa.jpg\",\"keywords\":[\"Paula Espinosa; Irene Puerto\"],\"articleSection\":[\"Event\",\"Nachricht\"],\"inLanguage\":\"de\",\"potentialAction\":[{\"@type\":\"CommentAction\",\"name\":\"Comment\",\"target\":[\"https:\/\/www.starsislandlapalma.es\/de\/paula-espinosa-finalista-de-la-voz-actuara-en-los-llanos-de-aridane\/#respond\"]}]},{\"@type\":\"WebPage\",\"@id\":\"https:\/\/www.starsislandlapalma.es\/de\/paula-espinosa-finalista-de-la-voz-actuara-en-los-llanos-de-aridane\/\",\"url\":\"https:\/\/www.starsislandlapalma.es\/de\/paula-espinosa-finalista-de-la-voz-actuara-en-los-llanos-de-aridane\/\",\"name\":\"Paula Espinosa, finalista de La Voz, actuar\u00e1 en Los Llanos de Aridane &#8902; Stars Island La Palma\",\"isPartOf\":{\"@id\":\"https:\/\/www.starsislandlapalma.es\/#website\"},\"primaryImageOfPage\":{\"@id\":\"https:\/\/www.starsislandlapalma.es\/de\/paula-espinosa-finalista-de-la-voz-actuara-en-los-llanos-de-aridane\/#primaryimage\"},\"image\":{\"@id\":\"https:\/\/www.starsislandlapalma.es\/de\/paula-espinosa-finalista-de-la-voz-actuara-en-los-llanos-de-aridane\/#primaryimage\"},\"thumbnailUrl\":\"https:\/\/www.starsislandlapalma.es\/wp-content\/uploads\/2022\/09\/Carte-Vocaciones-Paula-Espinosa.jpg\",\"datePublished\":\"2022-09-14T07:39:06+00:00\",\"dateModified\":\"2022-09-14T07:46:07+00:00\",\"breadcrumb\":{\"@id\":\"https:\/\/www.starsislandlapalma.es\/de\/paula-espinosa-finalista-de-la-voz-actuara-en-los-llanos-de-aridane\/#breadcrumb\"},\"inLanguage\":\"de\",\"potentialAction\":[{\"@type\":\"ReadAction\",\"target\":[\"https:\/\/www.starsislandlapalma.es\/de\/paula-espinosa-finalista-de-la-voz-actuara-en-los-llanos-de-aridane\/\"]}]},{\"@type\":\"ImageObject\",\"inLanguage\":\"de\",\"@id\":\"https:\/\/www.starsislandlapalma.es\/de\/paula-espinosa-finalista-de-la-voz-actuara-en-los-llanos-de-aridane\/#primaryimage\",\"url\":\"https:\/\/www.starsislandlapalma.es\/wp-content\/uploads\/2022\/09\/Carte-Vocaciones-Paula-Espinosa.jpg\",\"contentUrl\":\"https:\/\/www.starsislandlapalma.es\/wp-content\/uploads\/2022\/09\/Carte-Vocaciones-Paula-Espinosa.jpg\",\"width\":724,\"height\":1024},{\"@type\":\"BreadcrumbList\",\"@id\":\"https:\/\/www.starsislandlapalma.es\/de\/paula-espinosa-finalista-de-la-voz-actuara-en-los-llanos-de-aridane\/#breadcrumb\",\"itemListElement\":[{\"@type\":\"ListItem\",\"position\":1,\"name\":\"Portada\",\"item\":\"https:\/\/www.starsislandlapalma.es\/de\/\"},{\"@type\":\"ListItem\",\"position\":2,\"name\":\"Paula Espinosa, finalista de La Voz, actuar\u00e1 en Los Llanos de Aridane\"}]},{\"@type\":\"WebSite\",\"@id\":\"https:\/\/www.starsislandlapalma.es\/#website\",\"url\":\"https:\/\/www.starsislandlapalma.es\/\",\"name\":\"Stars Island La Palma\",\"description\":\"La Palma, el lugar perfecto para disfrutar del universo. Primera Reserva Starlight del mundo, en 2012 se reconoce como Destino Tur\u00edstico Starlight\",\"publisher\":{\"@id\":\"https:\/\/www.starsislandlapalma.es\/#organization\"},\"potentialAction\":[{\"@type\":\"SearchAction\",\"target\":{\"@type\":\"EntryPoint\",\"urlTemplate\":\"https:\/\/www.starsislandlapalma.es\/?s={search_term_string}\"},\"query-input\":{\"@type\":\"PropertyValueSpecification\",\"valueRequired\":true,\"valueName\":\"search_term_string\"}}],\"inLanguage\":\"de\"},{\"@type\":\"Organization\",\"@id\":\"https:\/\/www.starsislandlapalma.es\/#organization\",\"name\":\"Star Island La Palma\",\"url\":\"https:\/\/www.starsislandlapalma.es\/\",\"logo\":{\"@type\":\"ImageObject\",\"inLanguage\":\"de\",\"@id\":\"https:\/\/www.starsislandlapalma.es\/#\/schema\/logo\/image\/\",\"url\":\"https:\/\/www.starsislandlapalma.es\/wp-content\/uploads\/2022\/01\/logo_starisland.png\",\"contentUrl\":\"https:\/\/www.starsislandlapalma.es\/wp-content\/uploads\/2022\/01\/logo_starisland.png\",\"width\":172,\"height\":139,\"caption\":\"Star Island La Palma\"},\"image\":{\"@id\":\"https:\/\/www.starsislandlapalma.es\/#\/schema\/logo\/image\/\"},\"sameAs\":[\"https:\/\/www.facebook.com\/pages\/Starsisland-La-Palma\/210888162375006?ref=hl\",\"https:\/\/x.com\/starsislandlapa\",\"https:\/\/www.pinterest.com\/astroturismo\/\",\"https:\/\/www.youtube.com\/channel\/UCV7sju1ggcBpJG39HQCBtsA\"]},{\"@type\":\"Person\",\"@id\":\"https:\/\/www.starsislandlapalma.es\/#\/schema\/person\/d2618b46c3dc5c031ddd56a658f9ab25\",\"name\":\"StarsIsland\",\"image\":{\"@type\":\"ImageObject\",\"inLanguage\":\"de\",\"@id\":\"https:\/\/www.starsislandlapalma.es\/#\/schema\/person\/image\/\",\"url\":\"https:\/\/secure.gravatar.com\/avatar\/30a35f2b7b8f976566433f1ab7d6402f?s=96&d=mm&r=g\",\"contentUrl\":\"https:\/\/secure.gravatar.com\/avatar\/30a35f2b7b8f976566433f1ab7d6402f?s=96&d=mm&r=g\",\"caption\":\"StarsIsland\"},\"url\":\"https:\/\/www.starsislandlapalma.es\/de\/author\/starsisland\/\"}]}<\/script>\n<!-- \/ Yoast SEO plugin. -->","yoast_head_json":{"title":"Paula Espinosa, finalista de La Voz, actuar\u00e1 en Los Llanos de Aridane &#8902; Stars Island La Palma","robots":{"index":"index","follow":"follow","max-snippet":"max-snippet:-1","max-image-preview":"max-image-preview:large","max-video-preview":"max-video-preview:-1"},"canonical":"https:\/\/www.starsislandlapalma.es\/de\/paula-espinosa-finalista-de-la-voz-actuara-en-los-llanos-de-aridane\/","og_locale":"de_DE","og_type":"article","og_title":"Paula Espinosa, finalista de La Voz, actuar\u00e1 en Los Llanos de Aridane","og_description":"El concierto se enmarca dentro de la cuarta edici\u00f3n de Astrofest La Palma y se celebrar\u00e1 el viernes 16 de septiembre a las 20.00 horas","og_url":"https:\/\/www.starsislandlapalma.es\/de\/paula-espinosa-finalista-de-la-voz-actuara-en-los-llanos-de-aridane\/","og_site_name":"Stars Island La Palma","article_publisher":"https:\/\/www.facebook.com\/pages\/Starsisland-La-Palma\/210888162375006?ref=hl","article_published_time":"2022-09-14T07:39:06+00:00","article_modified_time":"2022-09-14T07:46:07+00:00","og_image":[{"width":724,"height":1024,"url":"https:\/\/www.starsislandlapalma.es\/wp-content\/uploads\/2022\/09\/Carte-Vocaciones-Paula-Espinosa.jpg","type":"image\/jpeg"}],"author":"StarsIsland","twitter_misc":{"Verfasst von":"StarsIsland","Gesch\u00e4tzte Lesezeit":"2\u00a0Minuten"},"schema":{"@context":"https:\/\/schema.org","@graph":[{"@type":"Article","@id":"https:\/\/www.starsislandlapalma.es\/de\/paula-espinosa-finalista-de-la-voz-actuara-en-los-llanos-de-aridane\/#article","isPartOf":{"@id":"https:\/\/www.starsislandlapalma.es\/de\/paula-espinosa-finalista-de-la-voz-actuara-en-los-llanos-de-aridane\/"},"author":{"name":"StarsIsland","@id":"https:\/\/www.starsislandlapalma.es\/#\/schema\/person\/d2618b46c3dc5c031ddd56a658f9ab25"},"headline":"Paula Espinosa, finalista de La Voz, actuar\u00e1 en Los Llanos de Aridane","datePublished":"2022-09-14T07:39:06+00:00","dateModified":"2022-09-14T07:46:07+00:00","mainEntityOfPage":{"@id":"https:\/\/www.starsislandlapalma.es\/de\/paula-espinosa-finalista-de-la-voz-actuara-en-los-llanos-de-aridane\/"},"wordCount":279,"commentCount":0,"publisher":{"@id":"https:\/\/www.starsislandlapalma.es\/#organization"},"image":{"@id":"https:\/\/www.starsislandlapalma.es\/de\/paula-espinosa-finalista-de-la-voz-actuara-en-los-llanos-de-aridane\/#primaryimage"},"thumbnailUrl":"https:\/\/www.starsislandlapalma.es\/wp-content\/uploads\/2022\/09\/Carte-Vocaciones-Paula-Espinosa.jpg","keywords":["Paula Espinosa; Irene Puerto"],"articleSection":["Event","Nachricht"],"inLanguage":"de","potentialAction":[{"@type":"CommentAction","name":"Comment","target":["https:\/\/www.starsislandlapalma.es\/de\/paula-espinosa-finalista-de-la-voz-actuara-en-los-llanos-de-aridane\/#respond"]}]},{"@type":"WebPage","@id":"https:\/\/www.starsislandlapalma.es\/de\/paula-espinosa-finalista-de-la-voz-actuara-en-los-llanos-de-aridane\/","url":"https:\/\/www.starsislandlapalma.es\/de\/paula-espinosa-finalista-de-la-voz-actuara-en-los-llanos-de-aridane\/","name":"Paula Espinosa, finalista de La Voz, actuar\u00e1 en Los Llanos de Aridane &#8902; Stars Island La Palma","isPartOf":{"@id":"https:\/\/www.starsislandlapalma.es\/#website"},"primaryImageOfPage":{"@id":"https:\/\/www.starsislandlapalma.es\/de\/paula-espinosa-finalista-de-la-voz-actuara-en-los-llanos-de-aridane\/#primaryimage"},"image":{"@id":"https:\/\/www.starsislandlapalma.es\/de\/paula-espinosa-finalista-de-la-voz-actuara-en-los-llanos-de-aridane\/#primaryimage"},"thumbnailUrl":"https:\/\/www.starsislandlapalma.es\/wp-content\/uploads\/2022\/09\/Carte-Vocaciones-Paula-Espinosa.jpg","datePublished":"2022-09-14T07:39:06+00:00","dateModified":"2022-09-14T07:46:07+00:00","breadcrumb":{"@id":"https:\/\/www.starsislandlapalma.es\/de\/paula-espinosa-finalista-de-la-voz-actuara-en-los-llanos-de-aridane\/#breadcrumb"},"inLanguage":"de","potentialAction":[{"@type":"ReadAction","target":["https:\/\/www.starsislandlapalma.es\/de\/paula-espinosa-finalista-de-la-voz-actuara-en-los-llanos-de-aridane\/"]}]},{"@type":"ImageObject","inLanguage":"de","@id":"https:\/\/www.starsislandlapalma.es\/de\/paula-espinosa-finalista-de-la-voz-actuara-en-los-llanos-de-aridane\/#primaryimage","url":"https:\/\/www.starsislandlapalma.es\/wp-content\/uploads\/2022\/09\/Carte-Vocaciones-Paula-Espinosa.jpg","contentUrl":"https:\/\/www.starsislandlapalma.es\/wp-content\/uploads\/2022\/09\/Carte-Vocaciones-Paula-Espinosa.jpg","width":724,"height":1024},{"@type":"BreadcrumbList","@id":"https:\/\/www.starsislandlapalma.es\/de\/paula-espinosa-finalista-de-la-voz-actuara-en-los-llanos-de-aridane\/#breadcrumb","itemListElement":[{"@type":"ListItem","position":1,"name":"Portada","item":"https:\/\/www.starsislandlapalma.es\/de\/"},{"@type":"ListItem","position":2,"name":"Paula Espinosa, finalista de La Voz, actuar\u00e1 en Los Llanos de Aridane"}]},{"@type":"WebSite","@id":"https:\/\/www.starsislandlapalma.es\/#website","url":"https:\/\/www.starsislandlapalma.es\/","name":"Stars Island La Palma","description":"La Palma, el lugar perfecto para disfrutar del universo. Primera Reserva Starlight del mundo, en 2012 se reconoce como Destino Tur\u00edstico Starlight","publisher":{"@id":"https:\/\/www.starsislandlapalma.es\/#organization"},"potentialAction":[{"@type":"SearchAction","target":{"@type":"EntryPoint","urlTemplate":"https:\/\/www.starsislandlapalma.es\/?s={search_term_string}"},"query-input":{"@type":"PropertyValueSpecification","valueRequired":true,"valueName":"search_term_string"}}],"inLanguage":"de"},{"@type":"Organization","@id":"https:\/\/www.starsislandlapalma.es\/#organization","name":"Star Island La Palma","url":"https:\/\/www.starsislandlapalma.es\/","logo":{"@type":"ImageObject","inLanguage":"de","@id":"https:\/\/www.starsislandlapalma.es\/#\/schema\/logo\/image\/","url":"https:\/\/www.starsislandlapalma.es\/wp-content\/uploads\/2022\/01\/logo_starisland.png","contentUrl":"https:\/\/www.starsislandlapalma.es\/wp-content\/uploads\/2022\/01\/logo_starisland.png","width":172,"height":139,"caption":"Star Island La Palma"},"image":{"@id":"https:\/\/www.starsislandlapalma.es\/#\/schema\/logo\/image\/"},"sameAs":["https:\/\/www.facebook.com\/pages\/Starsisland-La-Palma\/210888162375006?ref=hl","https:\/\/x.com\/starsislandlapa","https:\/\/www.pinterest.com\/astroturismo\/","https:\/\/www.youtube.com\/channel\/UCV7sju1ggcBpJG39HQCBtsA"]},{"@type":"Person","@id":"https:\/\/www.starsislandlapalma.es\/#\/schema\/person\/d2618b46c3dc5c031ddd56a658f9ab25","name":"StarsIsland","image":{"@type":"ImageObject","inLanguage":"de","@id":"https:\/\/www.starsislandlapalma.es\/#\/schema\/person\/image\/","url":"https:\/\/secure.gravatar.com\/avatar\/30a35f2b7b8f976566433f1ab7d6402f?s=96&d=mm&r=g","contentUrl":"https:\/\/secure.gravatar.com\/avatar\/30a35f2b7b8f976566433f1ab7d6402f?s=96&d=mm&r=g","caption":"StarsIsland"},"url":"https:\/\/www.starsislandlapalma.es\/de\/author\/starsisland\/"}]}},"_links":{"self":[{"href":"https:\/\/www.starsislandlapalma.es\/de\/wp-json\/wp\/v2\/posts\/25187\/"}],"collection":[{"href":"https:\/\/www.starsislandlapalma.es\/de\/wp-json\/wp\/v2\/posts\/"}],"about":[{"href":"https:\/\/www.starsislandlapalma.es\/de\/wp-json\/wp\/v2\/types\/post\/"}],"author":[{"embeddable":true,"href":"https:\/\/www.starsislandlapalma.es\/de\/wp-json\/wp\/v2\/users\/4\/"}],"replies":[{"embeddable":true,"href":"https:\/\/www.starsislandlapalma.es\/de\/wp-json\/wp\/v2\/comments\/?post=25187"}],"version-history":[{"count":1,"href":"https:\/\/www.starsislandlapalma.es\/de\/wp-json\/wp\/v2\/posts\/25187\/revisions\/"}],"predecessor-version":[{"id":25189,"href":"https:\/\/www.starsislandlapalma.es\/de\/wp-json\/wp\/v2\/posts\/25187\/revisions\/25189\/"}],"wp:featuredmedia":[{"embeddable":true,"href":"https:\/\/www.starsislandlapalma.es\/de\/wp-json\/wp\/v2\/media\/25164\/"}],"wp:attachment":[{"href":"https:\/\/www.starsislandlapalma.es\/de\/wp-json\/wp\/v2\/media\/?parent=25187"}],"wp:term":[{"taxonomy":"category","embeddable":true,"href":"https:\/\/www.starsislandlapalma.es\/de\/wp-json\/wp\/v2\/categories\/?post=25187"},{"taxonomy":"post_tag","embeddable":true,"href":"https:\/\/www.starsislandlapalma.es\/de\/wp-json\/wp\/v2\/tags\/?post=25187"}],"curies":[{"name":"wp","href":"https:\/\/api.w.org\/{rel}","templated":true}]}}