{"id":25424,"date":"2022-04-20T15:07:08","date_gmt":"2022-04-20T15:07:08","guid":{"rendered":"https:\/\/www.starsislandlapalma.es\/la-palma-acoge-la-cuarta-edicion-de-astrofest-en-el-xv-aniversario-de-la-declaracion-starlight\/"},"modified":"2023-02-23T10:33:04","modified_gmt":"2023-02-23T10:33:04","slug":"la-palma-acoge-la-cuarta-edicion-de-astrofest-en-el-xv-aniversario-de-la-declaracion-starlight","status":"publish","type":"post","link":"https:\/\/www.starsislandlapalma.es\/de\/la-palma-acoge-la-cuarta-edicion-de-astrofest-en-el-xv-aniversario-de-la-declaracion-starlight\/","title":{"rendered":"La Palma acoge la cuarta edici\u00f3n de Astrofest en el XV aniversario de la Declaraci\u00f3n Starlight"},"content":{"rendered":"<p>El vicepresidente del Cabildo y el responsable insular de Turismo, junto a la directora de la Fundaci\u00f3n Starlight, han presentado el programa de actividades previsto para este a\u00f1o, que se desarrollar\u00e1 entre los meses de abril y noviembre.<\/p>\n<h3>Astrofest se incorpora este a\u00f1o al plan de trabajo anual de la Organizaci\u00f3n Mundial del Turismo (OMT).<\/h3>\n<p>El Cabildo de La Palma y la Fundaci\u00f3n Starlight han comenzado hoy el programa de actividades de la cuarta edici\u00f3n de Astrofest La Palma con la presentaci\u00f3n de las diversas acciones que se desarrollar\u00e1n en el marco del festival, que se celebrar\u00e1 entre los meses de abril y noviembre. La presentaci\u00f3n del proyecto previsto para este a\u00f1o ha coincidido con la celebraci\u00f3n del XV aniversario de la Declaraci\u00f3n Starlight La Palma, que se firm\u00f3 en 2007.<br \/>\nEl vicepresidente de la Corporaci\u00f3n Insular, Borja Perdomo, destac\u00f3 la importancia que tiene para La Palma celebrar este evento que permite continuar posicionando a la Isla como referente a nivel internacional en materia de astronom\u00eda, astrof\u00edsica y, por supuesto, como destino cient\u00edfico y de astroturismo que contin\u00faa consolid\u00e1ndose alrededor del mundo.<\/p>\n<p>En este sentido, Perdomo destac\u00f3 el compromiso del Cabildo, especialmente del Servicio de Turismo, para seguir trabajando en esta l\u00ednea y continuar posicionando a La Palma como destino tur\u00edstico seguro e isla de estrellas. \u201cRecuperar la normalidad con estos eventos, tras la pandemia y la erupci\u00f3n volc\u00e1nica es esencial para seguir trabajando en la recuperaci\u00f3n de nuestra isla, un proceso en el que estamos inmersos y donde el sector tur\u00edstico juega un papel fundamental\u201d, expuso el vicepresidente.<\/p>\n<p>Por su parte, el consejero de Turismo, Ra\u00fal Camacho, anunci\u00f3 que la nueva edici\u00f3n de Astrofest se incorpora este a\u00f1o al plan de trabajo anual de la Organizaci\u00f3n Mundial del Turismo (OMT), \u201calgo que, sin duda, nos permitir\u00e1 continuar posicionando a nuestra isla en el panorama internacional contando con el respaldo de la OMT, como ya venimos haciendo desde hace tiempo\u201d.<\/p>\n<p>Camacho puso de relieve la importancia de este evento, \u201cque presentamos hoy aprovechando el aniversario de la \u2018Conferencia Internacional Starlight a common heritage\u2019, celebrada en 2007 en nuestra isla y donde se promulg\u00f3 la Declaraci\u00f3n de La Palma en Defensa del Cielo Nocturno y el derecho a observar las Estrellas\u201d, record\u00f3 el consejero, que a\u00f1adi\u00f3 que esto buscaba \u201cconsiderar el cielo una herencia universal a valorar como un recurso cultural, cient\u00edfico y paisaj\u00edstico, y establecer los criterios para ello, algo que nos ha permitido seguir trabajando en la conservaci\u00f3n de esta riqueza natural y convertirla en un atractivo tur\u00edstico m\u00e1s de nuestra isla\u201d.<\/p>\n<p>La directora de la Fundaci\u00f3n Starlight, Antonia Varela, record\u00f3 que La Palma vio nacer, hace m\u00e1s de 20 a\u00f1os, la ley del cielo, pionera a nivel mundial. \u201cAdem\u00e1s, celebramos este mes que la Isla se certific\u00f3 como primera Reserva Starlight internacional\u201d, manifest\u00f3.<\/p>\n<p>Varela expuso que la Fundaci\u00f3n Starlight, \u201cdesde sus or\u00edgenes, trabaja con tes\u00f3n en la protecci\u00f3n del cielo, con alumbrado inteligente y la difusi\u00f3n de la astronom\u00eda apoyados en el turismo, para lo que se ha creado una certificaci\u00f3n internacional\u201d.<\/p>\n<p>&nbsp;<\/p>\n<h3>El marat\u00f3n popular \u2018Estrellas y Telescopios\u2019 abre las actividades de Astrofest<\/h3>\n<p>El pr\u00f3ximo s\u00e1bado 23 de abril se celebrar\u00e1 el marat\u00f3n popular Estrellas y Telescopios, un evento que tendr\u00e1 lugar en la Casa de la Cultura Braulio Mart\u00edn, en El Paso.<br \/>\nEn el proyecto habr\u00e1 monitores que ense\u00f1ar\u00e1n a las personas que asistan el uso y manejo de telescopios. Tambi\u00e9n se celebrar\u00e1 una charla donde se mostrar\u00e1n programas y aplicaciones inform\u00e1ticas vinculadas a las estrellas y se conectar\u00e1 con el Gran Telescopio Canarias, donde una astr\u00f3noma y un astr\u00f3nomo nos hablar\u00e1n de su trabajo. La jornada finalizar\u00e1 con un encuentro de telescopios, en la plaza Gazmira, por lo que aquellas personas que tengan uno podr\u00e1n llevarlo o bien observar a trav\u00e9s de los que ofrece la organizaci\u00f3n del evento.<\/p>\n<p>La actividad est\u00e1 financiada y promovida por el Servicio de Turismo del Cabildo de La Palma y el Plan de Sostenibilidad Tur\u00edstica. Colaboran el Ayuntamiento de El Paso, el Gran Telescopio Canarias, el Programa de Promoci\u00f3n de AstroTurismo de la empresa p\u00fablica Sodepal y las empresas AstroNorte y AdAstra La Palma.<\/p>\n<p>&nbsp;<\/p>\n<h3>Programa de Astrofest La Palma 2022<\/h3>\n<p>En el marco del programa de actividades de Astrofest se desarrollar\u00e1n diversas acciones, como el astromaster de fotograf\u00eda nocturna, que tendr\u00e1 lugar del 22 al 29 de mayo. Del 23 de mayo al 3 de junio se celebrar\u00e1n las jornadas y talleres gastron\u00f3micos Saborea las estrellas, a trav\u00e9s de actividades dedicadas a los cocineros y alumnado de hosteler\u00eda del IES Virgen de Las Nieves.<\/p>\n<p>A esto le seguir\u00e1n, los d\u00edas 13 y 14 de octubre, el seminario internacional Inno-resset (innovaci\u00f3n y resiliencia del turismo) y el d\u00eda 15, se desarrollar\u00e1 la jornada de enoturismo estelar en la Macaronesia con maridaje de vino, estrellas y relatos.<\/p>\n<p>Del 24 al 29 de octubre se celebrar\u00e1 el V Encuentro Starlight y III Encuentro de Gu\u00edas y Monitores Starlight, en el municipio de Fuencaliente.<\/p>\n<p>En la parte m\u00e1s social y participativa de la agenda del Astrofest, se encuentran la celebraci\u00f3n de la Revent\u00f3n Trail del municipio de El Paso bajo el nombre La subida a las estrellas, que se celebra el 30 de junio; as\u00ed como el Festivalito de cine de las estrellas, entre el 8 y 16 de julio, y la Full Moon Trail del municipio de Tijarafe bajo el nombre Pon la luna a tus pies, el d\u00eda 16 de julio.<\/p>\n<p>En este sentido tambi\u00e9n se celebrar\u00e1 la iniciativa Apaga las luces, enciende las estrellas, que cuenta con la implicaci\u00f3n de los ayuntamientos de la Isla, y que tendr\u00e1 lugar el 29 de octubre.<\/p>\n<p>Tambi\u00e9n se celebrar\u00e1 el concurso de dibujos infantiles con las correspondientes exposiciones en los municipios que lo soliciten.<\/p>\n<p><img decoding=\"async\" class=\"alignleft size-full wp-image-24834\" src=\"https:\/\/www.starsislandlapalma.es\/wp-content\/uploads\/2022\/04\/Cartel-astrofest-2022.jpg\" alt=\"\" width=\"1525\" height=\"2165\" srcset=\"https:\/\/www.starsislandlapalma.es\/wp-content\/uploads\/2022\/04\/Cartel-astrofest-2022.jpg 1525w, https:\/\/www.starsislandlapalma.es\/wp-content\/uploads\/2022\/04\/Cartel-astrofest-2022-211x300.jpg 211w, https:\/\/www.starsislandlapalma.es\/wp-content\/uploads\/2022\/04\/Cartel-astrofest-2022-721x1024.jpg 721w, https:\/\/www.starsislandlapalma.es\/wp-content\/uploads\/2022\/04\/Cartel-astrofest-2022-768x1090.jpg 768w, https:\/\/www.starsislandlapalma.es\/wp-content\/uploads\/2022\/04\/Cartel-astrofest-2022-1082x1536.jpg 1082w, https:\/\/www.starsislandlapalma.es\/wp-content\/uploads\/2022\/04\/Cartel-astrofest-2022-1443x2048.jpg 1443w, https:\/\/www.starsislandlapalma.es\/wp-content\/uploads\/2022\/04\/Cartel-astrofest-2022-700x994.jpg 700w\" sizes=\"(max-width: 1525px) 100vw, 1525px\" \/><\/p>\n","protected":false},"excerpt":{"rendered":"<p>El vicepresidente del Cabildo y el responsable insular de Turismo, junto a la directora de la Fundaci\u00f3n Starlight, han presentado el programa de actividades previsto para este a\u00f1o, que se desarrollar\u00e1 entre los meses de abril y noviembre. Astrofest se incorpora este a\u00f1o al plan&#8230;<\/p>\n","protected":false},"author":1,"featured_media":24833,"comment_status":"open","ping_status":"open","sticky":false,"template":"","format":"standard","meta":{"footnotes":""},"categories":[140,135],"tags":[484,1023],"yoast_head":"<!-- This site is optimized with the Yoast SEO plugin v24.5 - https:\/\/yoast.com\/wordpress\/plugins\/seo\/ -->\n<title>La Palma acoge la cuarta edici\u00f3n de Astrofest en el XV aniversario de la Declaraci\u00f3n Starlight &#8902; Stars Island La Palma<\/title>\n<meta name=\"description\" content=\"Astrofest se incorpora este a\u00f1o al plan de trabajo anual de la Organizaci\u00f3n Mundial del Turismo (OMT)\" \/>\n<meta name=\"robots\" content=\"index, follow, max-snippet:-1, max-image-preview:large, max-video-preview:-1\" \/>\n<link rel=\"canonical\" href=\"https:\/\/www.starsislandlapalma.es\/de\/la-palma-acoge-la-cuarta-edicion-de-astrofest-en-el-xv-aniversario-de-la-declaracion-starlight\/\" \/>\n<meta property=\"og:locale\" content=\"de_DE\" \/>\n<meta property=\"og:type\" content=\"article\" \/>\n<meta property=\"og:title\" content=\"La Palma acoge la cuarta edici\u00f3n de Astrofest en el XV aniversario de la Declaraci\u00f3n Starlight &#8902; Stars Island La Palma\" \/>\n<meta property=\"og:description\" content=\"Astrofest se incorpora este a\u00f1o al plan de trabajo anual de la Organizaci\u00f3n Mundial del Turismo (OMT)\" \/>\n<meta property=\"og:url\" content=\"https:\/\/www.starsislandlapalma.es\/de\/la-palma-acoge-la-cuarta-edicion-de-astrofest-en-el-xv-aniversario-de-la-declaracion-starlight\/\" \/>\n<meta property=\"og:site_name\" content=\"Stars Island La Palma\" \/>\n<meta property=\"article:publisher\" content=\"https:\/\/www.facebook.com\/pages\/Starsisland-La-Palma\/210888162375006?ref=hl\" \/>\n<meta property=\"article:published_time\" content=\"2022-04-20T15:07:08+00:00\" \/>\n<meta property=\"article:modified_time\" content=\"2023-02-23T10:33:04+00:00\" \/>\n<meta property=\"og:image\" content=\"https:\/\/www.starsislandlapalma.es\/wp-content\/uploads\/2022\/04\/Astrofest.jpg\" \/>\n\t<meta property=\"og:image:width\" content=\"2560\" \/>\n\t<meta property=\"og:image:height\" content=\"1707\" \/>\n\t<meta property=\"og:image:type\" content=\"image\/jpeg\" \/>\n<meta name=\"author\" content=\"Stars Island La Palma\" \/>\n<meta name=\"twitter:label1\" content=\"Verfasst von\" \/>\n\t<meta name=\"twitter:data1\" content=\"Stars Island La Palma\" \/>\n\t<meta name=\"twitter:label2\" content=\"Gesch\u00e4tzte Lesezeit\" \/>\n\t<meta name=\"twitter:data2\" content=\"5\u00a0Minuten\" \/>\n<script type=\"application\/ld+json\" class=\"yoast-schema-graph\">{\"@context\":\"https:\/\/schema.org\",\"@graph\":[{\"@type\":\"Article\",\"@id\":\"https:\/\/www.starsislandlapalma.es\/de\/la-palma-acoge-la-cuarta-edicion-de-astrofest-en-el-xv-aniversario-de-la-declaracion-starlight\/#article\",\"isPartOf\":{\"@id\":\"https:\/\/www.starsislandlapalma.es\/de\/la-palma-acoge-la-cuarta-edicion-de-astrofest-en-el-xv-aniversario-de-la-declaracion-starlight\/\"},\"author\":{\"name\":\"Stars Island La Palma\",\"@id\":\"https:\/\/www.starsislandlapalma.es\/#\/schema\/person\/9043f5bd4f379ca7532bf525fa88073b\"},\"headline\":\"La Palma acoge la cuarta edici\u00f3n de Astrofest en el XV aniversario de la Declaraci\u00f3n Starlight\",\"datePublished\":\"2022-04-20T15:07:08+00:00\",\"dateModified\":\"2023-02-23T10:33:04+00:00\",\"mainEntityOfPage\":{\"@id\":\"https:\/\/www.starsislandlapalma.es\/de\/la-palma-acoge-la-cuarta-edicion-de-astrofest-en-el-xv-aniversario-de-la-declaracion-starlight\/\"},\"wordCount\":1034,\"commentCount\":0,\"publisher\":{\"@id\":\"https:\/\/www.starsislandlapalma.es\/#organization\"},\"image\":{\"@id\":\"https:\/\/www.starsislandlapalma.es\/de\/la-palma-acoge-la-cuarta-edicion-de-astrofest-en-el-xv-aniversario-de-la-declaracion-starlight\/#primaryimage\"},\"thumbnailUrl\":\"https:\/\/www.starsislandlapalma.es\/wp-content\/uploads\/2022\/04\/Astrofest.jpg\",\"keywords\":[\"astrofest\",\"Astrofest 2022\"],\"articleSection\":[\"Event\",\"Nachricht\"],\"inLanguage\":\"de\",\"potentialAction\":[{\"@type\":\"CommentAction\",\"name\":\"Comment\",\"target\":[\"https:\/\/www.starsislandlapalma.es\/de\/la-palma-acoge-la-cuarta-edicion-de-astrofest-en-el-xv-aniversario-de-la-declaracion-starlight\/#respond\"]}]},{\"@type\":\"WebPage\",\"@id\":\"https:\/\/www.starsislandlapalma.es\/de\/la-palma-acoge-la-cuarta-edicion-de-astrofest-en-el-xv-aniversario-de-la-declaracion-starlight\/\",\"url\":\"https:\/\/www.starsislandlapalma.es\/de\/la-palma-acoge-la-cuarta-edicion-de-astrofest-en-el-xv-aniversario-de-la-declaracion-starlight\/\",\"name\":\"La Palma acoge la cuarta edici\u00f3n de Astrofest en el XV aniversario de la Declaraci\u00f3n Starlight &#8902; Stars Island La Palma\",\"isPartOf\":{\"@id\":\"https:\/\/www.starsislandlapalma.es\/#website\"},\"primaryImageOfPage\":{\"@id\":\"https:\/\/www.starsislandlapalma.es\/de\/la-palma-acoge-la-cuarta-edicion-de-astrofest-en-el-xv-aniversario-de-la-declaracion-starlight\/#primaryimage\"},\"image\":{\"@id\":\"https:\/\/www.starsislandlapalma.es\/de\/la-palma-acoge-la-cuarta-edicion-de-astrofest-en-el-xv-aniversario-de-la-declaracion-starlight\/#primaryimage\"},\"thumbnailUrl\":\"https:\/\/www.starsislandlapalma.es\/wp-content\/uploads\/2022\/04\/Astrofest.jpg\",\"datePublished\":\"2022-04-20T15:07:08+00:00\",\"dateModified\":\"2023-02-23T10:33:04+00:00\",\"description\":\"Astrofest se incorpora este a\u00f1o al plan de trabajo anual de la Organizaci\u00f3n Mundial del Turismo (OMT)\",\"breadcrumb\":{\"@id\":\"https:\/\/www.starsislandlapalma.es\/de\/la-palma-acoge-la-cuarta-edicion-de-astrofest-en-el-xv-aniversario-de-la-declaracion-starlight\/#breadcrumb\"},\"inLanguage\":\"de\",\"potentialAction\":[{\"@type\":\"ReadAction\",\"target\":[\"https:\/\/www.starsislandlapalma.es\/de\/la-palma-acoge-la-cuarta-edicion-de-astrofest-en-el-xv-aniversario-de-la-declaracion-starlight\/\"]}]},{\"@type\":\"ImageObject\",\"inLanguage\":\"de\",\"@id\":\"https:\/\/www.starsislandlapalma.es\/de\/la-palma-acoge-la-cuarta-edicion-de-astrofest-en-el-xv-aniversario-de-la-declaracion-starlight\/#primaryimage\",\"url\":\"https:\/\/www.starsislandlapalma.es\/wp-content\/uploads\/2022\/04\/Astrofest.jpg\",\"contentUrl\":\"https:\/\/www.starsislandlapalma.es\/wp-content\/uploads\/2022\/04\/Astrofest.jpg\",\"width\":2560,\"height\":1707},{\"@type\":\"BreadcrumbList\",\"@id\":\"https:\/\/www.starsislandlapalma.es\/de\/la-palma-acoge-la-cuarta-edicion-de-astrofest-en-el-xv-aniversario-de-la-declaracion-starlight\/#breadcrumb\",\"itemListElement\":[{\"@type\":\"ListItem\",\"position\":1,\"name\":\"Portada\",\"item\":\"https:\/\/www.starsislandlapalma.es\/de\/\"},{\"@type\":\"ListItem\",\"position\":2,\"name\":\"La Palma acoge la cuarta edici\u00f3n de Astrofest en el XV aniversario de la Declaraci\u00f3n Starlight\"}]},{\"@type\":\"WebSite\",\"@id\":\"https:\/\/www.starsislandlapalma.es\/#website\",\"url\":\"https:\/\/www.starsislandlapalma.es\/\",\"name\":\"Stars Island La Palma\",\"description\":\"La Palma, el lugar perfecto para disfrutar del universo. Primera Reserva Starlight del mundo, en 2012 se reconoce como Destino Tur\u00edstico Starlight\",\"publisher\":{\"@id\":\"https:\/\/www.starsislandlapalma.es\/#organization\"},\"potentialAction\":[{\"@type\":\"SearchAction\",\"target\":{\"@type\":\"EntryPoint\",\"urlTemplate\":\"https:\/\/www.starsislandlapalma.es\/?s={search_term_string}\"},\"query-input\":{\"@type\":\"PropertyValueSpecification\",\"valueRequired\":true,\"valueName\":\"search_term_string\"}}],\"inLanguage\":\"de\"},{\"@type\":\"Organization\",\"@id\":\"https:\/\/www.starsislandlapalma.es\/#organization\",\"name\":\"Star Island La Palma\",\"url\":\"https:\/\/www.starsislandlapalma.es\/\",\"logo\":{\"@type\":\"ImageObject\",\"inLanguage\":\"de\",\"@id\":\"https:\/\/www.starsislandlapalma.es\/#\/schema\/logo\/image\/\",\"url\":\"https:\/\/www.starsislandlapalma.es\/wp-content\/uploads\/2022\/01\/logo_starisland.png\",\"contentUrl\":\"https:\/\/www.starsislandlapalma.es\/wp-content\/uploads\/2022\/01\/logo_starisland.png\",\"width\":172,\"height\":139,\"caption\":\"Star Island La Palma\"},\"image\":{\"@id\":\"https:\/\/www.starsislandlapalma.es\/#\/schema\/logo\/image\/\"},\"sameAs\":[\"https:\/\/www.facebook.com\/pages\/Starsisland-La-Palma\/210888162375006?ref=hl\",\"https:\/\/x.com\/starsislandlapa\",\"https:\/\/www.pinterest.com\/astroturismo\/\",\"https:\/\/www.youtube.com\/channel\/UCV7sju1ggcBpJG39HQCBtsA\"]},{\"@type\":\"Person\",\"@id\":\"https:\/\/www.starsislandlapalma.es\/#\/schema\/person\/9043f5bd4f379ca7532bf525fa88073b\",\"name\":\"Stars Island La Palma\",\"image\":{\"@type\":\"ImageObject\",\"inLanguage\":\"de\",\"@id\":\"https:\/\/www.starsislandlapalma.es\/#\/schema\/person\/image\/\",\"url\":\"https:\/\/secure.gravatar.com\/avatar\/214edfeae37af83662fa1058aeebfb41?s=96&d=mm&r=g\",\"contentUrl\":\"https:\/\/secure.gravatar.com\/avatar\/214edfeae37af83662fa1058aeebfb41?s=96&d=mm&r=g\",\"caption\":\"Stars Island La Palma\"},\"url\":\"https:\/\/www.starsislandlapalma.es\/de\/author\/star\/\"}]}<\/script>\n<!-- \/ Yoast SEO plugin. -->","yoast_head_json":{"title":"La Palma acoge la cuarta edici\u00f3n de Astrofest en el XV aniversario de la Declaraci\u00f3n Starlight &#8902; Stars Island La Palma","description":"Astrofest se incorpora este a\u00f1o al plan de trabajo anual de la Organizaci\u00f3n Mundial del Turismo (OMT)","robots":{"index":"index","follow":"follow","max-snippet":"max-snippet:-1","max-image-preview":"max-image-preview:large","max-video-preview":"max-video-preview:-1"},"canonical":"https:\/\/www.starsislandlapalma.es\/de\/la-palma-acoge-la-cuarta-edicion-de-astrofest-en-el-xv-aniversario-de-la-declaracion-starlight\/","og_locale":"de_DE","og_type":"article","og_title":"La Palma acoge la cuarta edici\u00f3n de Astrofest en el XV aniversario de la Declaraci\u00f3n Starlight &#8902; Stars Island La Palma","og_description":"Astrofest se incorpora este a\u00f1o al plan de trabajo anual de la Organizaci\u00f3n Mundial del Turismo (OMT)","og_url":"https:\/\/www.starsislandlapalma.es\/de\/la-palma-acoge-la-cuarta-edicion-de-astrofest-en-el-xv-aniversario-de-la-declaracion-starlight\/","og_site_name":"Stars Island La Palma","article_publisher":"https:\/\/www.facebook.com\/pages\/Starsisland-La-Palma\/210888162375006?ref=hl","article_published_time":"2022-04-20T15:07:08+00:00","article_modified_time":"2023-02-23T10:33:04+00:00","og_image":[{"width":2560,"height":1707,"url":"https:\/\/www.starsislandlapalma.es\/wp-content\/uploads\/2022\/04\/Astrofest.jpg","type":"image\/jpeg"}],"author":"Stars Island La Palma","twitter_misc":{"Verfasst von":"Stars Island La Palma","Gesch\u00e4tzte Lesezeit":"5\u00a0Minuten"},"schema":{"@context":"https:\/\/schema.org","@graph":[{"@type":"Article","@id":"https:\/\/www.starsislandlapalma.es\/de\/la-palma-acoge-la-cuarta-edicion-de-astrofest-en-el-xv-aniversario-de-la-declaracion-starlight\/#article","isPartOf":{"@id":"https:\/\/www.starsislandlapalma.es\/de\/la-palma-acoge-la-cuarta-edicion-de-astrofest-en-el-xv-aniversario-de-la-declaracion-starlight\/"},"author":{"name":"Stars Island La Palma","@id":"https:\/\/www.starsislandlapalma.es\/#\/schema\/person\/9043f5bd4f379ca7532bf525fa88073b"},"headline":"La Palma acoge la cuarta edici\u00f3n de Astrofest en el XV aniversario de la Declaraci\u00f3n Starlight","datePublished":"2022-04-20T15:07:08+00:00","dateModified":"2023-02-23T10:33:04+00:00","mainEntityOfPage":{"@id":"https:\/\/www.starsislandlapalma.es\/de\/la-palma-acoge-la-cuarta-edicion-de-astrofest-en-el-xv-aniversario-de-la-declaracion-starlight\/"},"wordCount":1034,"commentCount":0,"publisher":{"@id":"https:\/\/www.starsislandlapalma.es\/#organization"},"image":{"@id":"https:\/\/www.starsislandlapalma.es\/de\/la-palma-acoge-la-cuarta-edicion-de-astrofest-en-el-xv-aniversario-de-la-declaracion-starlight\/#primaryimage"},"thumbnailUrl":"https:\/\/www.starsislandlapalma.es\/wp-content\/uploads\/2022\/04\/Astrofest.jpg","keywords":["astrofest","Astrofest 2022"],"articleSection":["Event","Nachricht"],"inLanguage":"de","potentialAction":[{"@type":"CommentAction","name":"Comment","target":["https:\/\/www.starsislandlapalma.es\/de\/la-palma-acoge-la-cuarta-edicion-de-astrofest-en-el-xv-aniversario-de-la-declaracion-starlight\/#respond"]}]},{"@type":"WebPage","@id":"https:\/\/www.starsislandlapalma.es\/de\/la-palma-acoge-la-cuarta-edicion-de-astrofest-en-el-xv-aniversario-de-la-declaracion-starlight\/","url":"https:\/\/www.starsislandlapalma.es\/de\/la-palma-acoge-la-cuarta-edicion-de-astrofest-en-el-xv-aniversario-de-la-declaracion-starlight\/","name":"La Palma acoge la cuarta edici\u00f3n de Astrofest en el XV aniversario de la Declaraci\u00f3n Starlight &#8902; Stars Island La Palma","isPartOf":{"@id":"https:\/\/www.starsislandlapalma.es\/#website"},"primaryImageOfPage":{"@id":"https:\/\/www.starsislandlapalma.es\/de\/la-palma-acoge-la-cuarta-edicion-de-astrofest-en-el-xv-aniversario-de-la-declaracion-starlight\/#primaryimage"},"image":{"@id":"https:\/\/www.starsislandlapalma.es\/de\/la-palma-acoge-la-cuarta-edicion-de-astrofest-en-el-xv-aniversario-de-la-declaracion-starlight\/#primaryimage"},"thumbnailUrl":"https:\/\/www.starsislandlapalma.es\/wp-content\/uploads\/2022\/04\/Astrofest.jpg","datePublished":"2022-04-20T15:07:08+00:00","dateModified":"2023-02-23T10:33:04+00:00","description":"Astrofest se incorpora este a\u00f1o al plan de trabajo anual de la Organizaci\u00f3n Mundial del Turismo (OMT)","breadcrumb":{"@id":"https:\/\/www.starsislandlapalma.es\/de\/la-palma-acoge-la-cuarta-edicion-de-astrofest-en-el-xv-aniversario-de-la-declaracion-starlight\/#breadcrumb"},"inLanguage":"de","potentialAction":[{"@type":"ReadAction","target":["https:\/\/www.starsislandlapalma.es\/de\/la-palma-acoge-la-cuarta-edicion-de-astrofest-en-el-xv-aniversario-de-la-declaracion-starlight\/"]}]},{"@type":"ImageObject","inLanguage":"de","@id":"https:\/\/www.starsislandlapalma.es\/de\/la-palma-acoge-la-cuarta-edicion-de-astrofest-en-el-xv-aniversario-de-la-declaracion-starlight\/#primaryimage","url":"https:\/\/www.starsislandlapalma.es\/wp-content\/uploads\/2022\/04\/Astrofest.jpg","contentUrl":"https:\/\/www.starsislandlapalma.es\/wp-content\/uploads\/2022\/04\/Astrofest.jpg","width":2560,"height":1707},{"@type":"BreadcrumbList","@id":"https:\/\/www.starsislandlapalma.es\/de\/la-palma-acoge-la-cuarta-edicion-de-astrofest-en-el-xv-aniversario-de-la-declaracion-starlight\/#breadcrumb","itemListElement":[{"@type":"ListItem","position":1,"name":"Portada","item":"https:\/\/www.starsislandlapalma.es\/de\/"},{"@type":"ListItem","position":2,"name":"La Palma acoge la cuarta edici\u00f3n de Astrofest en el XV aniversario de la Declaraci\u00f3n Starlight"}]},{"@type":"WebSite","@id":"https:\/\/www.starsislandlapalma.es\/#website","url":"https:\/\/www.starsislandlapalma.es\/","name":"Stars Island La Palma","description":"La Palma, el lugar perfecto para disfrutar del universo. Primera Reserva Starlight del mundo, en 2012 se reconoce como Destino Tur\u00edstico Starlight","publisher":{"@id":"https:\/\/www.starsislandlapalma.es\/#organization"},"potentialAction":[{"@type":"SearchAction","target":{"@type":"EntryPoint","urlTemplate":"https:\/\/www.starsislandlapalma.es\/?s={search_term_string}"},"query-input":{"@type":"PropertyValueSpecification","valueRequired":true,"valueName":"search_term_string"}}],"inLanguage":"de"},{"@type":"Organization","@id":"https:\/\/www.starsislandlapalma.es\/#organization","name":"Star Island La Palma","url":"https:\/\/www.starsislandlapalma.es\/","logo":{"@type":"ImageObject","inLanguage":"de","@id":"https:\/\/www.starsislandlapalma.es\/#\/schema\/logo\/image\/","url":"https:\/\/www.starsislandlapalma.es\/wp-content\/uploads\/2022\/01\/logo_starisland.png","contentUrl":"https:\/\/www.starsislandlapalma.es\/wp-content\/uploads\/2022\/01\/logo_starisland.png","width":172,"height":139,"caption":"Star Island La Palma"},"image":{"@id":"https:\/\/www.starsislandlapalma.es\/#\/schema\/logo\/image\/"},"sameAs":["https:\/\/www.facebook.com\/pages\/Starsisland-La-Palma\/210888162375006?ref=hl","https:\/\/x.com\/starsislandlapa","https:\/\/www.pinterest.com\/astroturismo\/","https:\/\/www.youtube.com\/channel\/UCV7sju1ggcBpJG39HQCBtsA"]},{"@type":"Person","@id":"https:\/\/www.starsislandlapalma.es\/#\/schema\/person\/9043f5bd4f379ca7532bf525fa88073b","name":"Stars Island La Palma","image":{"@type":"ImageObject","inLanguage":"de","@id":"https:\/\/www.starsislandlapalma.es\/#\/schema\/person\/image\/","url":"https:\/\/secure.gravatar.com\/avatar\/214edfeae37af83662fa1058aeebfb41?s=96&d=mm&r=g","contentUrl":"https:\/\/secure.gravatar.com\/avatar\/214edfeae37af83662fa1058aeebfb41?s=96&d=mm&r=g","caption":"Stars Island La Palma"},"url":"https:\/\/www.starsislandlapalma.es\/de\/author\/star\/"}]}},"_links":{"self":[{"href":"https:\/\/www.starsislandlapalma.es\/de\/wp-json\/wp\/v2\/posts\/25424\/"}],"collection":[{"href":"https:\/\/www.starsislandlapalma.es\/de\/wp-json\/wp\/v2\/posts\/"}],"about":[{"href":"https:\/\/www.starsislandlapalma.es\/de\/wp-json\/wp\/v2\/types\/post\/"}],"author":[{"embeddable":true,"href":"https:\/\/www.starsislandlapalma.es\/de\/wp-json\/wp\/v2\/users\/1\/"}],"replies":[{"embeddable":true,"href":"https:\/\/www.starsislandlapalma.es\/de\/wp-json\/wp\/v2\/comments\/?post=25424"}],"version-history":[{"count":1,"href":"https:\/\/www.starsislandlapalma.es\/de\/wp-json\/wp\/v2\/posts\/25424\/revisions\/"}],"predecessor-version":[{"id":25426,"href":"https:\/\/www.starsislandlapalma.es\/de\/wp-json\/wp\/v2\/posts\/25424\/revisions\/25426\/"}],"wp:featuredmedia":[{"embeddable":true,"href":"https:\/\/www.starsislandlapalma.es\/de\/wp-json\/wp\/v2\/media\/24833\/"}],"wp:attachment":[{"href":"https:\/\/www.starsislandlapalma.es\/de\/wp-json\/wp\/v2\/media\/?parent=25424"}],"wp:term":[{"taxonomy":"category","embeddable":true,"href":"https:\/\/www.starsislandlapalma.es\/de\/wp-json\/wp\/v2\/categories\/?post=25424"},{"taxonomy":"post_tag","embeddable":true,"href":"https:\/\/www.starsislandlapalma.es\/de\/wp-json\/wp\/v2\/tags\/?post=25424"}],"curies":[{"name":"wp","href":"https:\/\/api.w.org\/{rel}","templated":true}]}}