{"id":25446,"date":"2022-08-31T07:36:09","date_gmt":"2022-08-31T07:36:09","guid":{"rendered":"https:\/\/www.starsislandlapalma.es\/vocaciones-cientificas-astrofest-2022\/"},"modified":"2023-02-23T11:26:11","modified_gmt":"2023-02-23T11:26:11","slug":"vocaciones-cientificas-astrofest-2022","status":"publish","type":"post","link":"https:\/\/www.starsislandlapalma.es\/de\/vocaciones-cientificas-astrofest-2022\/","title":{"rendered":"Vocaciones Cient\u00edficas \u2013 AstroFest 2022"},"content":{"rendered":"<p style=\"text-align: justify;\">Del <strong>7 de Septiembre al 7 de Octubre<\/strong> y enmarcadas dentro del <strong>AstroFest 2022<\/strong>, que desarrolla el \u00e1rea de Turismo del Cabildo de La Palma, se incluyen nuevas actividades vinculadas a las <strong>\u201cVocaciones cient\u00edficas\u201d<\/strong>.<\/p>\n<p style=\"text-align: justify;\">Se realizar\u00e1n actividades con t\u00edteres y sesiones con el planetario del \u00e1rea de Juventud en varios centros escolares. Se contar\u00e1 con la <strong>exposici\u00f3n Astr\u00f3nomAs<\/strong>, en el Museo Insular, que busca destacar el papel y el trabajo de las mujeres en la Astronom\u00eda.<\/p>\n<p style=\"text-align: justify;\">Se desarrollar\u00e1n, adem\u00e1s, actividades divulgativas destinadas a todos los p\u00fablicos, contando con la presencia de:<\/p>\n<div id=\"attachment_25114\" style=\"width: 242px\" class=\"wp-caption alignleft\"><a href=\"https:\/\/www.starsislandlapalma.es\/wp-content\/uploads\/2022\/08\/Javier-Santaolalla.jpg\"><img decoding=\"async\" aria-describedby=\"caption-attachment-25114\" class=\"wp-image-25114 size-medium\" src=\"https:\/\/www.starsislandlapalma.es\/wp-content\/uploads\/2022\/08\/Javier-Santaolalla-232x300.jpg\" alt=\"\" width=\"232\" height=\"300\" srcset=\"https:\/\/www.starsislandlapalma.es\/wp-content\/uploads\/2022\/08\/Javier-Santaolalla-232x300.jpg 232w, https:\/\/www.starsislandlapalma.es\/wp-content\/uploads\/2022\/08\/Javier-Santaolalla-793x1024.jpg 793w, https:\/\/www.starsislandlapalma.es\/wp-content\/uploads\/2022\/08\/Javier-Santaolalla-768x992.jpg 768w, https:\/\/www.starsislandlapalma.es\/wp-content\/uploads\/2022\/08\/Javier-Santaolalla-700x904.jpg 700w, https:\/\/www.starsislandlapalma.es\/wp-content\/uploads\/2022\/08\/Javier-Santaolalla.jpg 1024w\" sizes=\"(max-width: 232px) 100vw, 232px\" \/><\/a><p id=\"caption-attachment-25114\" class=\"wp-caption-text\">Javier Santaolalla<\/p><\/div>\n<p style=\"text-align: justify;\">&#8211; <strong>Javier Santaolalla<\/strong>, divulgador cient\u00edfico, ingeniero y Doctor en F\u00edsicas. Colaborador en \u201c\u00d3rbita Laika\u201d de TVE, premio Aquae 2015 por sus mon\u00f3logos cient\u00edficos y que un diario digital defini\u00f3 como \u201cEl mayor divulgador cient\u00edfico espa\u00f1ol en la red\u201d.\u00a0 Form\u00f3 parte del equipo que descubri\u00f3 el Bos\u00f3n de Higgs.\u00a0\u00a0 09 de Septiembre, 19:30 h. Plaza de las Madres, San Jos\u00e9, Bre\u00f1a Baja.\u00a0 En este acto participar\u00e1 el palmero <strong>Antonio Gonz\u00e1lez<\/strong>, narrador, divulgador y experto en Astroturismo.<\/p>\n<p style=\"text-align: justify;\">&#8211; Entrega de los <strong>premios Fernando Cabrera de Astronom\u00eda<\/strong>.\u00a0 13 de Septiembre, 18:00 h., Palacio Salazar, Santa Cruz de La Palma.<\/p>\n<div id=\"attachment_25111\" style=\"width: 219px\" class=\"wp-caption alignright\"><a href=\"https:\/\/www.starsislandlapalma.es\/wp-content\/uploads\/2022\/08\/Paula-Espinosa.jpg\"><img decoding=\"async\" aria-describedby=\"caption-attachment-25111\" class=\"wp-image-25111 size-medium\" src=\"https:\/\/www.starsislandlapalma.es\/wp-content\/uploads\/2022\/08\/Paula-Espinosa-209x300.jpg\" alt=\"\" width=\"209\" height=\"300\" srcset=\"https:\/\/www.starsislandlapalma.es\/wp-content\/uploads\/2022\/08\/Paula-Espinosa-209x300.jpg 209w, https:\/\/www.starsislandlapalma.es\/wp-content\/uploads\/2022\/08\/Paula-Espinosa-700x1007.jpg 700w, https:\/\/www.starsislandlapalma.es\/wp-content\/uploads\/2022\/08\/Paula-Espinosa.jpg 712w\" sizes=\"(max-width: 209px) 100vw, 209px\" \/><\/a><p id=\"caption-attachment-25111\" class=\"wp-caption-text\">Paula Espinosa<\/p><\/div>\n<p style=\"text-align: justify;\">&#8211; <strong>Paula Espinosa<\/strong>, astrof\u00edsica y cantante. Finalista en el programa \u201cLa Voz\u201d. Premio de M\u00fasica de Cajacanarias.\u00a0\u00a0 Que estar\u00e1 acompa\u00f1ada por <strong>Irene Puerto<\/strong>, tambi\u00e9n astrof\u00edsica y monologuista del grupo \u201cBig Van Ciencia\u201d.\u00a0 16 de Septiembre, 20:00 h., Museo Arqueol\u00f3gico Benahoarita, Los Llanos de Aridane.<\/p>\n<p style=\"text-align: justify;\">&#8211; Un <strong>\u201cEncuentro de mujeres en la Astronom\u00edA\u201d<\/strong>, vinculada a la exposici\u00f3n, y donde se desarrollar\u00e1 una mesa de debate con mujeres relacionadas con la astrof\u00edsica en Canarias.\u00a0 26 de Septiembre, 20:00 h., Museo Insular, Santa Cruz de La Palma.\u00a0 Tambi\u00e9n en Streaming.<\/p>\n<p style=\"text-align: justify;\">&#8211; <strong>Funci\u00f3n de T\u00edteres<\/strong>, \u201cEl Rey Estrellado \u2013 Un cuento de t\u00edteres con muchas luces\u201d, a cargo de la compa\u00f1\u00eda Tal Cual Troup.\u00a0 30 de Septiembre, 19:00 h., Casa de la Cultura Braulio Mart\u00edn, El Paso.<\/p>\n<p style=\"text-align: justify;\">Desde el \u00e1rea de Turismo se cree necesario este tipo de iniciativas para dar a conocer, entre las palmeras y palmeros, el potencial del que dispone nuestra isla, entre ellos nuestro cielo, y fortalecer no solo un turismo de naturaleza sino, adem\u00e1s, el turismo cient\u00edfico y divulgativo.<\/p>\n<p style=\"text-align: justify;\">Adem\u00e1s, durante este periodo, del 7 de Septiembre y hasta el 7 de Octubre y con motivo de la celebraci\u00f3n Vocaciones Cient\u00edficas AstroFest 2022, los j\u00f3venes residentes en la isla de La Palma, hasta 22 a\u00f1os de edad y acompa\u00f1ados de dos adultos, tendr\u00e1n derecho a <strong>ENTRADA GRATUITA<\/strong> para todos los <strong>Centros de Inter\u00e9s Tur\u00edsticos de La Palma<\/strong> (Centro de Visitantes del Roque de Los Muchachos, Ca\u00f1os de Fuego y el Parque Arqueol\u00f3gico El Tendal) , que podr\u00e1n ser solicitadas en la recepci\u00f3n del centro en el momento de la visita.<\/p>\n<p style=\"text-align: justify;\">Actividades financiadas y promovidas por <strong>el \u00e1rea de Turismo del Cabildo Insular de La Palma<\/strong> y por la <strong>Sociedad de promoci\u00f3n y Desarrollo Econ\u00f3mico de la isla de La Palma SODEPAL<\/strong>, con el <strong>Programa de Promoci\u00f3n de Astroturismo \u2013 PALP<\/strong>.<\/p>\n<p style=\"text-align: justify;\">Colaboran el <strong>Instituto de Astrof\u00edsica de Canarias<\/strong>, el <strong>Gran Telescopio Canarias<\/strong>, la <strong>Red de Centros de Inter\u00e9s Tur\u00edsticos<\/strong>, los <strong>ayuntamientos de la isla<\/strong>, as\u00ed como el <strong>Museo Insular<\/strong> y el <strong>Museo Arqueol\u00f3gico Benahoarita. <\/strong><\/p>\n","protected":false},"excerpt":{"rendered":"<p>Se realizar\u00e1n actividades con t\u00edteres y sesiones con el planetario del \u00e1rea de Juventud en varios centros escolares. Se contar\u00e1 con la exposici\u00f3n Astr\u00f3nomAs, en el Museo Insular, que busca destacar el papel y el trabajo de las mujeres en la Astronom\u00eda<\/p>\n","protected":false},"author":4,"featured_media":25110,"comment_status":"open","ping_status":"open","sticky":false,"template":"","format":"standard","meta":{"footnotes":""},"categories":[140,135],"tags":[1029],"yoast_head":"<!-- This site is optimized with the Yoast SEO plugin v24.5 - https:\/\/yoast.com\/wordpress\/plugins\/seo\/ -->\n<title>Vocaciones Cient\u00edficas \u2013 AstroFest 2022 &#8902; Stars Island La Palma<\/title>\n<meta name=\"robots\" content=\"index, follow, max-snippet:-1, max-image-preview:large, max-video-preview:-1\" \/>\n<link rel=\"canonical\" href=\"https:\/\/www.starsislandlapalma.es\/de\/vocaciones-cientificas-astrofest-2022\/\" \/>\n<meta property=\"og:locale\" content=\"de_DE\" \/>\n<meta property=\"og:type\" content=\"article\" \/>\n<meta property=\"og:title\" content=\"Vocaciones Cient\u00edficas \u2013 AstroFest 2022\" \/>\n<meta property=\"og:description\" content=\"Se realizar\u00e1n actividades con t\u00edteres y sesiones con el planetario del \u00e1rea de Juventud en varios centros escolares. Se contar\u00e1 con la exposici\u00f3n Astr\u00f3nomAs, en el Museo Insular, que busca destacar el papel y el trabajo de las mujeres en la Astronom\u00eda\" \/>\n<meta property=\"og:url\" content=\"https:\/\/www.starsislandlapalma.es\/de\/vocaciones-cientificas-astrofest-2022\/\" \/>\n<meta property=\"og:site_name\" content=\"Stars Island La Palma\" \/>\n<meta property=\"article:publisher\" content=\"https:\/\/www.facebook.com\/pages\/Starsisland-La-Palma\/210888162375006?ref=hl\" \/>\n<meta property=\"article:published_time\" content=\"2022-08-31T07:36:09+00:00\" \/>\n<meta property=\"article:modified_time\" content=\"2023-02-23T11:26:11+00:00\" \/>\n<meta property=\"og:image\" content=\"https:\/\/www.starsislandlapalma.es\/wp-content\/uploads\/2022\/08\/Cartel-Mes-Vocacional.jpg\" \/>\n\t<meta property=\"og:image:width\" content=\"1024\" \/>\n\t<meta property=\"og:image:height\" content=\"724\" \/>\n\t<meta property=\"og:image:type\" content=\"image\/jpeg\" \/>\n<meta name=\"author\" content=\"StarsIsland\" \/>\n<meta name=\"twitter:label1\" content=\"Verfasst von\" \/>\n\t<meta name=\"twitter:data1\" content=\"StarsIsland\" \/>\n\t<meta name=\"twitter:label2\" content=\"Gesch\u00e4tzte Lesezeit\" \/>\n\t<meta name=\"twitter:data2\" content=\"3\u00a0Minuten\" \/>\n<script type=\"application\/ld+json\" class=\"yoast-schema-graph\">{\"@context\":\"https:\/\/schema.org\",\"@graph\":[{\"@type\":\"Article\",\"@id\":\"https:\/\/www.starsislandlapalma.es\/de\/vocaciones-cientificas-astrofest-2022\/#article\",\"isPartOf\":{\"@id\":\"https:\/\/www.starsislandlapalma.es\/de\/vocaciones-cientificas-astrofest-2022\/\"},\"author\":{\"name\":\"StarsIsland\",\"@id\":\"https:\/\/www.starsislandlapalma.es\/#\/schema\/person\/d2618b46c3dc5c031ddd56a658f9ab25\"},\"headline\":\"Vocaciones Cient\u00edficas \u2013 AstroFest 2022\",\"datePublished\":\"2022-08-31T07:36:09+00:00\",\"dateModified\":\"2023-02-23T11:26:11+00:00\",\"mainEntityOfPage\":{\"@id\":\"https:\/\/www.starsislandlapalma.es\/de\/vocaciones-cientificas-astrofest-2022\/\"},\"wordCount\":578,\"commentCount\":0,\"publisher\":{\"@id\":\"https:\/\/www.starsislandlapalma.es\/#organization\"},\"image\":{\"@id\":\"https:\/\/www.starsislandlapalma.es\/de\/vocaciones-cientificas-astrofest-2022\/#primaryimage\"},\"thumbnailUrl\":\"https:\/\/www.starsislandlapalma.es\/wp-content\/uploads\/2022\/08\/Cartel-Mes-Vocacional.jpg\",\"keywords\":[\"Vocaciones cient\u00edficas\"],\"articleSection\":[\"Event\",\"Nachricht\"],\"inLanguage\":\"de\",\"potentialAction\":[{\"@type\":\"CommentAction\",\"name\":\"Comment\",\"target\":[\"https:\/\/www.starsislandlapalma.es\/de\/vocaciones-cientificas-astrofest-2022\/#respond\"]}]},{\"@type\":\"WebPage\",\"@id\":\"https:\/\/www.starsislandlapalma.es\/de\/vocaciones-cientificas-astrofest-2022\/\",\"url\":\"https:\/\/www.starsislandlapalma.es\/de\/vocaciones-cientificas-astrofest-2022\/\",\"name\":\"Vocaciones Cient\u00edficas \u2013 AstroFest 2022 &#8902; Stars Island La Palma\",\"isPartOf\":{\"@id\":\"https:\/\/www.starsislandlapalma.es\/#website\"},\"primaryImageOfPage\":{\"@id\":\"https:\/\/www.starsislandlapalma.es\/de\/vocaciones-cientificas-astrofest-2022\/#primaryimage\"},\"image\":{\"@id\":\"https:\/\/www.starsislandlapalma.es\/de\/vocaciones-cientificas-astrofest-2022\/#primaryimage\"},\"thumbnailUrl\":\"https:\/\/www.starsislandlapalma.es\/wp-content\/uploads\/2022\/08\/Cartel-Mes-Vocacional.jpg\",\"datePublished\":\"2022-08-31T07:36:09+00:00\",\"dateModified\":\"2023-02-23T11:26:11+00:00\",\"breadcrumb\":{\"@id\":\"https:\/\/www.starsislandlapalma.es\/de\/vocaciones-cientificas-astrofest-2022\/#breadcrumb\"},\"inLanguage\":\"de\",\"potentialAction\":[{\"@type\":\"ReadAction\",\"target\":[\"https:\/\/www.starsislandlapalma.es\/de\/vocaciones-cientificas-astrofest-2022\/\"]}]},{\"@type\":\"ImageObject\",\"inLanguage\":\"de\",\"@id\":\"https:\/\/www.starsislandlapalma.es\/de\/vocaciones-cientificas-astrofest-2022\/#primaryimage\",\"url\":\"https:\/\/www.starsislandlapalma.es\/wp-content\/uploads\/2022\/08\/Cartel-Mes-Vocacional.jpg\",\"contentUrl\":\"https:\/\/www.starsislandlapalma.es\/wp-content\/uploads\/2022\/08\/Cartel-Mes-Vocacional.jpg\",\"width\":1024,\"height\":724},{\"@type\":\"BreadcrumbList\",\"@id\":\"https:\/\/www.starsislandlapalma.es\/de\/vocaciones-cientificas-astrofest-2022\/#breadcrumb\",\"itemListElement\":[{\"@type\":\"ListItem\",\"position\":1,\"name\":\"Portada\",\"item\":\"https:\/\/www.starsislandlapalma.es\/de\/\"},{\"@type\":\"ListItem\",\"position\":2,\"name\":\"Vocaciones Cient\u00edficas \u2013 AstroFest 2022\"}]},{\"@type\":\"WebSite\",\"@id\":\"https:\/\/www.starsislandlapalma.es\/#website\",\"url\":\"https:\/\/www.starsislandlapalma.es\/\",\"name\":\"Stars Island La Palma\",\"description\":\"La Palma, el lugar perfecto para disfrutar del universo. Primera Reserva Starlight del mundo, en 2012 se reconoce como Destino Tur\u00edstico Starlight\",\"publisher\":{\"@id\":\"https:\/\/www.starsislandlapalma.es\/#organization\"},\"potentialAction\":[{\"@type\":\"SearchAction\",\"target\":{\"@type\":\"EntryPoint\",\"urlTemplate\":\"https:\/\/www.starsislandlapalma.es\/?s={search_term_string}\"},\"query-input\":{\"@type\":\"PropertyValueSpecification\",\"valueRequired\":true,\"valueName\":\"search_term_string\"}}],\"inLanguage\":\"de\"},{\"@type\":\"Organization\",\"@id\":\"https:\/\/www.starsislandlapalma.es\/#organization\",\"name\":\"Star Island La Palma\",\"url\":\"https:\/\/www.starsislandlapalma.es\/\",\"logo\":{\"@type\":\"ImageObject\",\"inLanguage\":\"de\",\"@id\":\"https:\/\/www.starsislandlapalma.es\/#\/schema\/logo\/image\/\",\"url\":\"https:\/\/www.starsislandlapalma.es\/wp-content\/uploads\/2022\/01\/logo_starisland.png\",\"contentUrl\":\"https:\/\/www.starsislandlapalma.es\/wp-content\/uploads\/2022\/01\/logo_starisland.png\",\"width\":172,\"height\":139,\"caption\":\"Star Island La Palma\"},\"image\":{\"@id\":\"https:\/\/www.starsislandlapalma.es\/#\/schema\/logo\/image\/\"},\"sameAs\":[\"https:\/\/www.facebook.com\/pages\/Starsisland-La-Palma\/210888162375006?ref=hl\",\"https:\/\/x.com\/starsislandlapa\",\"https:\/\/www.pinterest.com\/astroturismo\/\",\"https:\/\/www.youtube.com\/channel\/UCV7sju1ggcBpJG39HQCBtsA\"]},{\"@type\":\"Person\",\"@id\":\"https:\/\/www.starsislandlapalma.es\/#\/schema\/person\/d2618b46c3dc5c031ddd56a658f9ab25\",\"name\":\"StarsIsland\",\"image\":{\"@type\":\"ImageObject\",\"inLanguage\":\"de\",\"@id\":\"https:\/\/www.starsislandlapalma.es\/#\/schema\/person\/image\/\",\"url\":\"https:\/\/secure.gravatar.com\/avatar\/30a35f2b7b8f976566433f1ab7d6402f?s=96&d=mm&r=g\",\"contentUrl\":\"https:\/\/secure.gravatar.com\/avatar\/30a35f2b7b8f976566433f1ab7d6402f?s=96&d=mm&r=g\",\"caption\":\"StarsIsland\"},\"url\":\"https:\/\/www.starsislandlapalma.es\/de\/author\/starsisland\/\"}]}<\/script>\n<!-- \/ Yoast SEO plugin. -->","yoast_head_json":{"title":"Vocaciones Cient\u00edficas \u2013 AstroFest 2022 &#8902; Stars Island La Palma","robots":{"index":"index","follow":"follow","max-snippet":"max-snippet:-1","max-image-preview":"max-image-preview:large","max-video-preview":"max-video-preview:-1"},"canonical":"https:\/\/www.starsislandlapalma.es\/de\/vocaciones-cientificas-astrofest-2022\/","og_locale":"de_DE","og_type":"article","og_title":"Vocaciones Cient\u00edficas \u2013 AstroFest 2022","og_description":"Se realizar\u00e1n actividades con t\u00edteres y sesiones con el planetario del \u00e1rea de Juventud en varios centros escolares. Se contar\u00e1 con la exposici\u00f3n Astr\u00f3nomAs, en el Museo Insular, que busca destacar el papel y el trabajo de las mujeres en la Astronom\u00eda","og_url":"https:\/\/www.starsislandlapalma.es\/de\/vocaciones-cientificas-astrofest-2022\/","og_site_name":"Stars Island La Palma","article_publisher":"https:\/\/www.facebook.com\/pages\/Starsisland-La-Palma\/210888162375006?ref=hl","article_published_time":"2022-08-31T07:36:09+00:00","article_modified_time":"2023-02-23T11:26:11+00:00","og_image":[{"width":1024,"height":724,"url":"https:\/\/www.starsislandlapalma.es\/wp-content\/uploads\/2022\/08\/Cartel-Mes-Vocacional.jpg","type":"image\/jpeg"}],"author":"StarsIsland","twitter_misc":{"Verfasst von":"StarsIsland","Gesch\u00e4tzte Lesezeit":"3\u00a0Minuten"},"schema":{"@context":"https:\/\/schema.org","@graph":[{"@type":"Article","@id":"https:\/\/www.starsislandlapalma.es\/de\/vocaciones-cientificas-astrofest-2022\/#article","isPartOf":{"@id":"https:\/\/www.starsislandlapalma.es\/de\/vocaciones-cientificas-astrofest-2022\/"},"author":{"name":"StarsIsland","@id":"https:\/\/www.starsislandlapalma.es\/#\/schema\/person\/d2618b46c3dc5c031ddd56a658f9ab25"},"headline":"Vocaciones Cient\u00edficas \u2013 AstroFest 2022","datePublished":"2022-08-31T07:36:09+00:00","dateModified":"2023-02-23T11:26:11+00:00","mainEntityOfPage":{"@id":"https:\/\/www.starsislandlapalma.es\/de\/vocaciones-cientificas-astrofest-2022\/"},"wordCount":578,"commentCount":0,"publisher":{"@id":"https:\/\/www.starsislandlapalma.es\/#organization"},"image":{"@id":"https:\/\/www.starsislandlapalma.es\/de\/vocaciones-cientificas-astrofest-2022\/#primaryimage"},"thumbnailUrl":"https:\/\/www.starsislandlapalma.es\/wp-content\/uploads\/2022\/08\/Cartel-Mes-Vocacional.jpg","keywords":["Vocaciones cient\u00edficas"],"articleSection":["Event","Nachricht"],"inLanguage":"de","potentialAction":[{"@type":"CommentAction","name":"Comment","target":["https:\/\/www.starsislandlapalma.es\/de\/vocaciones-cientificas-astrofest-2022\/#respond"]}]},{"@type":"WebPage","@id":"https:\/\/www.starsislandlapalma.es\/de\/vocaciones-cientificas-astrofest-2022\/","url":"https:\/\/www.starsislandlapalma.es\/de\/vocaciones-cientificas-astrofest-2022\/","name":"Vocaciones Cient\u00edficas \u2013 AstroFest 2022 &#8902; Stars Island La Palma","isPartOf":{"@id":"https:\/\/www.starsislandlapalma.es\/#website"},"primaryImageOfPage":{"@id":"https:\/\/www.starsislandlapalma.es\/de\/vocaciones-cientificas-astrofest-2022\/#primaryimage"},"image":{"@id":"https:\/\/www.starsislandlapalma.es\/de\/vocaciones-cientificas-astrofest-2022\/#primaryimage"},"thumbnailUrl":"https:\/\/www.starsislandlapalma.es\/wp-content\/uploads\/2022\/08\/Cartel-Mes-Vocacional.jpg","datePublished":"2022-08-31T07:36:09+00:00","dateModified":"2023-02-23T11:26:11+00:00","breadcrumb":{"@id":"https:\/\/www.starsislandlapalma.es\/de\/vocaciones-cientificas-astrofest-2022\/#breadcrumb"},"inLanguage":"de","potentialAction":[{"@type":"ReadAction","target":["https:\/\/www.starsislandlapalma.es\/de\/vocaciones-cientificas-astrofest-2022\/"]}]},{"@type":"ImageObject","inLanguage":"de","@id":"https:\/\/www.starsislandlapalma.es\/de\/vocaciones-cientificas-astrofest-2022\/#primaryimage","url":"https:\/\/www.starsislandlapalma.es\/wp-content\/uploads\/2022\/08\/Cartel-Mes-Vocacional.jpg","contentUrl":"https:\/\/www.starsislandlapalma.es\/wp-content\/uploads\/2022\/08\/Cartel-Mes-Vocacional.jpg","width":1024,"height":724},{"@type":"BreadcrumbList","@id":"https:\/\/www.starsislandlapalma.es\/de\/vocaciones-cientificas-astrofest-2022\/#breadcrumb","itemListElement":[{"@type":"ListItem","position":1,"name":"Portada","item":"https:\/\/www.starsislandlapalma.es\/de\/"},{"@type":"ListItem","position":2,"name":"Vocaciones Cient\u00edficas \u2013 AstroFest 2022"}]},{"@type":"WebSite","@id":"https:\/\/www.starsislandlapalma.es\/#website","url":"https:\/\/www.starsislandlapalma.es\/","name":"Stars Island La Palma","description":"La Palma, el lugar perfecto para disfrutar del universo. Primera Reserva Starlight del mundo, en 2012 se reconoce como Destino Tur\u00edstico Starlight","publisher":{"@id":"https:\/\/www.starsislandlapalma.es\/#organization"},"potentialAction":[{"@type":"SearchAction","target":{"@type":"EntryPoint","urlTemplate":"https:\/\/www.starsislandlapalma.es\/?s={search_term_string}"},"query-input":{"@type":"PropertyValueSpecification","valueRequired":true,"valueName":"search_term_string"}}],"inLanguage":"de"},{"@type":"Organization","@id":"https:\/\/www.starsislandlapalma.es\/#organization","name":"Star Island La Palma","url":"https:\/\/www.starsislandlapalma.es\/","logo":{"@type":"ImageObject","inLanguage":"de","@id":"https:\/\/www.starsislandlapalma.es\/#\/schema\/logo\/image\/","url":"https:\/\/www.starsislandlapalma.es\/wp-content\/uploads\/2022\/01\/logo_starisland.png","contentUrl":"https:\/\/www.starsislandlapalma.es\/wp-content\/uploads\/2022\/01\/logo_starisland.png","width":172,"height":139,"caption":"Star Island La Palma"},"image":{"@id":"https:\/\/www.starsislandlapalma.es\/#\/schema\/logo\/image\/"},"sameAs":["https:\/\/www.facebook.com\/pages\/Starsisland-La-Palma\/210888162375006?ref=hl","https:\/\/x.com\/starsislandlapa","https:\/\/www.pinterest.com\/astroturismo\/","https:\/\/www.youtube.com\/channel\/UCV7sju1ggcBpJG39HQCBtsA"]},{"@type":"Person","@id":"https:\/\/www.starsislandlapalma.es\/#\/schema\/person\/d2618b46c3dc5c031ddd56a658f9ab25","name":"StarsIsland","image":{"@type":"ImageObject","inLanguage":"de","@id":"https:\/\/www.starsislandlapalma.es\/#\/schema\/person\/image\/","url":"https:\/\/secure.gravatar.com\/avatar\/30a35f2b7b8f976566433f1ab7d6402f?s=96&d=mm&r=g","contentUrl":"https:\/\/secure.gravatar.com\/avatar\/30a35f2b7b8f976566433f1ab7d6402f?s=96&d=mm&r=g","caption":"StarsIsland"},"url":"https:\/\/www.starsislandlapalma.es\/de\/author\/starsisland\/"}]}},"_links":{"self":[{"href":"https:\/\/www.starsislandlapalma.es\/de\/wp-json\/wp\/v2\/posts\/25446\/"}],"collection":[{"href":"https:\/\/www.starsislandlapalma.es\/de\/wp-json\/wp\/v2\/posts\/"}],"about":[{"href":"https:\/\/www.starsislandlapalma.es\/de\/wp-json\/wp\/v2\/types\/post\/"}],"author":[{"embeddable":true,"href":"https:\/\/www.starsislandlapalma.es\/de\/wp-json\/wp\/v2\/users\/4\/"}],"replies":[{"embeddable":true,"href":"https:\/\/www.starsislandlapalma.es\/de\/wp-json\/wp\/v2\/comments\/?post=25446"}],"version-history":[{"count":1,"href":"https:\/\/www.starsislandlapalma.es\/de\/wp-json\/wp\/v2\/posts\/25446\/revisions\/"}],"predecessor-version":[{"id":25448,"href":"https:\/\/www.starsislandlapalma.es\/de\/wp-json\/wp\/v2\/posts\/25446\/revisions\/25448\/"}],"wp:featuredmedia":[{"embeddable":true,"href":"https:\/\/www.starsislandlapalma.es\/de\/wp-json\/wp\/v2\/media\/25110\/"}],"wp:attachment":[{"href":"https:\/\/www.starsislandlapalma.es\/de\/wp-json\/wp\/v2\/media\/?parent=25446"}],"wp:term":[{"taxonomy":"category","embeddable":true,"href":"https:\/\/www.starsislandlapalma.es\/de\/wp-json\/wp\/v2\/categories\/?post=25446"},{"taxonomy":"post_tag","embeddable":true,"href":"https:\/\/www.starsislandlapalma.es\/de\/wp-json\/wp\/v2\/tags\/?post=25446"}],"curies":[{"name":"wp","href":"https:\/\/api.w.org\/{rel}","templated":true}]}}