{"id":25482,"date":"2022-06-14T11:57:16","date_gmt":"2022-06-14T11:57:16","guid":{"rendered":"https:\/\/www.starsislandlapalma.es\/turismo-de-la-palma-organiza-las-ii-jornadas-de-arqueoastronomia-y-cosmovision-del-mundo-indigena-de-canarias\/"},"modified":"2023-02-23T12:03:17","modified_gmt":"2023-02-23T12:03:17","slug":"turismo-de-la-palma-organiza-las-ii-jornadas-de-arqueoastronomia-y-cosmovision-del-mundo-indigena-de-canarias","status":"publish","type":"post","link":"https:\/\/www.starsislandlapalma.es\/de\/turismo-de-la-palma-organiza-las-ii-jornadas-de-arqueoastronomia-y-cosmovision-del-mundo-indigena-de-canarias\/","title":{"rendered":"Turismo de La Palma organiza las II Jornadas de Arqueoastronom\u00eda y Cosmovisi\u00f3n del mundo ind\u00edgena de Canarias"},"content":{"rendered":"<p><em>Se trata de una actividad enmarcada en el programa de Astrofest 2022 y se desarrollar\u00e1n del 16 al 18 de junio en el Teatro Monterrey de El Paso<\/em><\/p>\n<p>El Servicio de Turismo del Cabildo de La Palma, que dirige Ra\u00fal Camacho, organiza las II Jornadas de Arqueoastronom\u00eda y Cosmovisi\u00f3n del mundo ind\u00edgena de Canarias, una actividad enmarcada en el programa de Astrofest La Palma 2022 y que tendr\u00e1n lugar del 16 al 18 de junio en el Teatro Monterrey de El Paso. Esta iniciativa estar\u00e1 gestionada \u00a0por la Asociaci\u00f3n Iruene La Palma y de Astronorte, \u00a0bajo la financiaci\u00f3n de la Consejer\u00eda de Turismo del Cabildo, y cuenta con la colaboraci\u00f3n del Programa de Promoci\u00f3n de la Astronom\u00eda de La Palma, Sodepal y el Ayuntamiento de El Paso.<\/p>\n<p>Camacho indica que el objetivo de estas jornadas es incidir en la propia coherencia del pensamiento ind\u00edgena, partiendo de la forma que ten\u00edan de entender el mundo y c\u00f3mo interactuaban con todo lo que les rodeaba.<\/p>\n<p>Se trata de un evento abierto al p\u00fablico que desee participar en el mismo, hasta completar aforo, y que en esta edici\u00f3n contar\u00e1 con la catedr\u00e1tica de de Prehistoria y profesora Honoraria de la Universidad de La Laguna, Mar\u00eda del Carmen del Arco Aguilar, quien disertar\u00e1 sobre las teor\u00edas de la colonizaci\u00f3n de las islas a trav\u00e9s de las investigaciones arqueol\u00f3gicas llevadas a cabo recientemente en la Isla de Lobos en los yacimientos de los talleres romanos de obtenci\u00f3n de p\u00farpura.<\/p>\n<p>Tambi\u00e9n se presentar\u00e1 una novedosa investigaci\u00f3n realizada en el municipio de Barlovento en el yacimiento conocido como El Bocar\u00f3n, en el que se han realizado estudios que arrojan sorprendentes resultados acerca de la cosmovisi\u00f3n de los ind\u00edgenas que habitaron esa zona norte\u00f1a de la isla de La Palma.<\/p>\n<p>Otros dos elementos destacados de esta sesi\u00f3n ser\u00e1n los vinculadas con el solsticio de verano, ya que las personas que participen en las jornadas podr\u00e1 disfrutar de dos momentos \u00fanicos del orto y ocaso solar desde los enclaves de La Veta del Alm\u00e1cigo, el s\u00e1bado 18 y el viernes 17, respectivamente.<\/p>\n<p>Adem\u00e1s, estas jornadas ofrecen diferentes rutas guiadas a otros enclaves arqueol\u00f3gicos de visita p\u00fablica, como son el Centro de Interpretaci\u00f3n de Petroglifos Benehauno en El Paso, o la ruta etnogr\u00e1fica cultural entre Matos y Cruz de La Reina en Puntagorda.<\/p>\n<h4>Programa\u00a0de\u00a0las\u00a0jornadas<\/h4>\n<p><em><strong>Jueves\u00a016\u00a0de\u00a0junio,\u00a0en\u00a0el\u00a0Teatro\u00a0Monterrey\u00a0de\u00a0El\u00a0Paso<\/strong><\/em><br \/>\n<em>19:00 horas<\/em>: Presentaci\u00f3n de las Jornadas a cargo de Ra\u00fal Camacho Sosa, Consejero Insular de Turismo y Deportes del Cabildo de La Palma.<br \/>\n<em>19: 15 horas<\/em>: Presentaci\u00f3n del n\u00famero 13 de la Revista de Historia Antigua de las Islas Canarias \u201cIruene\u201d, a cargo de Miguel \u00c1ngel P\u00e9rez Calero, editor y CEO de Astronorte.<br \/>\n<em>19:30 horas<\/em>: Charla: \u201cEl Bocar\u00f3n en Barlovento, espacio de tr\u00e1nsito a la inmortalidad\u201d, por Miguel \u00c1ngel Mart\u00edn Gonz\u00e1lez, prehistoriador y presidente de la Asociaci\u00f3n Iruene La Palma; con la participaci\u00f3n de Lucas Rodr\u00edguez Vassau, descubridor del yacimiento.<br \/>\n<em>20:30 horas<\/em>: Charla: &#8222;Una mirada a la colonizaci\u00f3n antigua de Canarias desde el taller romano de p\u00farpura de la isla de Lobos&#8220;, a cargo de Mar\u00eda del Carmen del Arco Aguilar, Catedr\u00e1tica de Prehistoria, Profesora Honoraria de la Universidad de La Laguna.<\/p>\n<p><em><strong>Viernes\u00a017\u00a0de\u00a0Junio,\u00a0en\u00a0El\u00a0Paso<\/strong><\/em><br \/>\n17:30 horas: Visita guiada al Centro de Interpretaci\u00f3n de Petroglifos \u201cBenehauno\u201d. A continuaci\u00f3n ruta a pie a las estaciones de grabados rupestres de La Fajana y El Verde; a cargo Carlos Cecilio Rodr\u00edguez L\u00f3pez, t\u00e9cnico de Turismo y Medio Ambiente del Ayuntamiento de El Paso.<br \/>\n<em>20:00 horas<\/em>: Solsticio de verano en El Verde, con la participaci\u00f3n de Antonio Gonz\u00e1lez Hern\u00e1ndez, gu\u00eda Starlight y t\u00e9cnico de Sodepal y coordinador del Programa de Divulgaci\u00f3n y Promoci\u00f3n Astroturismo del Cabildo de La Palma.<\/p>\n<p><em><strong>S\u00e1bado\u00a018\u00a0de\u00a0junio,\u00a0en\u00a0Tijarafe\u00a0y\u00a0Puntagorda<\/strong><\/em><br \/>\n<em>07:00 horas<\/em>: \u00a0Solsticio de verano en el yacimiento cultural de La Veta del Alm\u00e1cigo, en Tijarafe. Visita guiada por Miguel A. Mart\u00edn Gonz\u00e1lez.<br \/>\n<em>11:00 horas<\/em>: Ruta a pie por el sendero arqueoastron\u00f3mico y cultural Matos-Cruz de La Reina. Visita guiada por Miguel A. Mart\u00edn Gonz\u00e1lez, y por N\u00e9stor Pellitero Lorenzo, gu\u00eda oficial de Turismo y experto en etnograf\u00eda.<\/p>\n","protected":false},"excerpt":{"rendered":"<p>Se trata de una actividad enmarcada en el programa de Astrofest 2022 y se desarrollar\u00e1n del 16 al 18 de junio en el Teatro Monterrey de El Paso<\/p>\n","protected":false},"author":4,"featured_media":24955,"comment_status":"open","ping_status":"open","sticky":false,"template":"","format":"standard","meta":{"footnotes":""},"categories":[140,135],"tags":[1041],"yoast_head":"<!-- This site is optimized with the Yoast SEO plugin v24.5 - https:\/\/yoast.com\/wordpress\/plugins\/seo\/ -->\n<title>Turismo de La Palma organiza las II Jornadas de Arqueoastronom\u00eda y Cosmovisi\u00f3n del mundo ind\u00edgena de Canarias &#8902; Stars Island La Palma<\/title>\n<meta name=\"robots\" content=\"index, follow, max-snippet:-1, max-image-preview:large, max-video-preview:-1\" \/>\n<link rel=\"canonical\" href=\"https:\/\/www.starsislandlapalma.es\/de\/turismo-de-la-palma-organiza-las-ii-jornadas-de-arqueoastronomia-y-cosmovision-del-mundo-indigena-de-canarias\/\" \/>\n<meta property=\"og:locale\" content=\"de_DE\" \/>\n<meta property=\"og:type\" content=\"article\" \/>\n<meta property=\"og:title\" content=\"Turismo de La Palma organiza las II Jornadas de Arqueoastronom\u00eda y Cosmovisi\u00f3n del mundo ind\u00edgena de Canarias\" \/>\n<meta property=\"og:description\" content=\"Se trata de una actividad enmarcada en el programa de Astrofest 2022 y se desarrollar\u00e1n del 16 al 18 de junio en el Teatro Monterrey de El Paso\" \/>\n<meta property=\"og:url\" content=\"https:\/\/www.starsislandlapalma.es\/de\/turismo-de-la-palma-organiza-las-ii-jornadas-de-arqueoastronomia-y-cosmovision-del-mundo-indigena-de-canarias\/\" \/>\n<meta property=\"og:site_name\" content=\"Stars Island La Palma\" \/>\n<meta property=\"article:publisher\" content=\"https:\/\/www.facebook.com\/pages\/Starsisland-La-Palma\/210888162375006?ref=hl\" \/>\n<meta property=\"article:published_time\" content=\"2022-06-14T11:57:16+00:00\" \/>\n<meta property=\"article:modified_time\" content=\"2023-02-23T12:03:17+00:00\" \/>\n<meta property=\"og:image\" content=\"https:\/\/www.starsislandlapalma.es\/wp-content\/uploads\/2022\/06\/arqueoastronomia2022.jpg\" \/>\n\t<meta property=\"og:image:width\" content=\"1024\" \/>\n\t<meta property=\"og:image:height\" content=\"1448\" \/>\n\t<meta property=\"og:image:type\" content=\"image\/jpeg\" \/>\n<meta name=\"author\" content=\"StarsIsland\" \/>\n<meta name=\"twitter:label1\" content=\"Verfasst von\" \/>\n\t<meta name=\"twitter:data1\" content=\"StarsIsland\" \/>\n\t<meta name=\"twitter:label2\" content=\"Gesch\u00e4tzte Lesezeit\" \/>\n\t<meta name=\"twitter:data2\" content=\"4\u00a0Minuten\" \/>\n<script type=\"application\/ld+json\" class=\"yoast-schema-graph\">{\"@context\":\"https:\/\/schema.org\",\"@graph\":[{\"@type\":\"Article\",\"@id\":\"https:\/\/www.starsislandlapalma.es\/de\/turismo-de-la-palma-organiza-las-ii-jornadas-de-arqueoastronomia-y-cosmovision-del-mundo-indigena-de-canarias\/#article\",\"isPartOf\":{\"@id\":\"https:\/\/www.starsislandlapalma.es\/de\/turismo-de-la-palma-organiza-las-ii-jornadas-de-arqueoastronomia-y-cosmovision-del-mundo-indigena-de-canarias\/\"},\"author\":{\"name\":\"StarsIsland\",\"@id\":\"https:\/\/www.starsislandlapalma.es\/#\/schema\/person\/d2618b46c3dc5c031ddd56a658f9ab25\"},\"headline\":\"Turismo de La Palma organiza las II Jornadas de Arqueoastronom\u00eda y Cosmovisi\u00f3n del mundo ind\u00edgena de Canarias\",\"datePublished\":\"2022-06-14T11:57:16+00:00\",\"dateModified\":\"2023-02-23T12:03:17+00:00\",\"mainEntityOfPage\":{\"@id\":\"https:\/\/www.starsislandlapalma.es\/de\/turismo-de-la-palma-organiza-las-ii-jornadas-de-arqueoastronomia-y-cosmovision-del-mundo-indigena-de-canarias\/\"},\"wordCount\":760,\"commentCount\":0,\"publisher\":{\"@id\":\"https:\/\/www.starsislandlapalma.es\/#organization\"},\"image\":{\"@id\":\"https:\/\/www.starsislandlapalma.es\/de\/turismo-de-la-palma-organiza-las-ii-jornadas-de-arqueoastronomia-y-cosmovision-del-mundo-indigena-de-canarias\/#primaryimage\"},\"thumbnailUrl\":\"https:\/\/www.starsislandlapalma.es\/wp-content\/uploads\/2022\/06\/arqueoastronomia2022.jpg\",\"keywords\":[\"Arqueoastronom\u00eda y Cosmovisi\u00f3n\"],\"articleSection\":[\"Event\",\"Nachricht\"],\"inLanguage\":\"de\",\"potentialAction\":[{\"@type\":\"CommentAction\",\"name\":\"Comment\",\"target\":[\"https:\/\/www.starsislandlapalma.es\/de\/turismo-de-la-palma-organiza-las-ii-jornadas-de-arqueoastronomia-y-cosmovision-del-mundo-indigena-de-canarias\/#respond\"]}]},{\"@type\":\"WebPage\",\"@id\":\"https:\/\/www.starsislandlapalma.es\/de\/turismo-de-la-palma-organiza-las-ii-jornadas-de-arqueoastronomia-y-cosmovision-del-mundo-indigena-de-canarias\/\",\"url\":\"https:\/\/www.starsislandlapalma.es\/de\/turismo-de-la-palma-organiza-las-ii-jornadas-de-arqueoastronomia-y-cosmovision-del-mundo-indigena-de-canarias\/\",\"name\":\"Turismo de La Palma organiza las II Jornadas de Arqueoastronom\u00eda y Cosmovisi\u00f3n del mundo ind\u00edgena de Canarias &#8902; Stars Island La Palma\",\"isPartOf\":{\"@id\":\"https:\/\/www.starsislandlapalma.es\/#website\"},\"primaryImageOfPage\":{\"@id\":\"https:\/\/www.starsislandlapalma.es\/de\/turismo-de-la-palma-organiza-las-ii-jornadas-de-arqueoastronomia-y-cosmovision-del-mundo-indigena-de-canarias\/#primaryimage\"},\"image\":{\"@id\":\"https:\/\/www.starsislandlapalma.es\/de\/turismo-de-la-palma-organiza-las-ii-jornadas-de-arqueoastronomia-y-cosmovision-del-mundo-indigena-de-canarias\/#primaryimage\"},\"thumbnailUrl\":\"https:\/\/www.starsislandlapalma.es\/wp-content\/uploads\/2022\/06\/arqueoastronomia2022.jpg\",\"datePublished\":\"2022-06-14T11:57:16+00:00\",\"dateModified\":\"2023-02-23T12:03:17+00:00\",\"breadcrumb\":{\"@id\":\"https:\/\/www.starsislandlapalma.es\/de\/turismo-de-la-palma-organiza-las-ii-jornadas-de-arqueoastronomia-y-cosmovision-del-mundo-indigena-de-canarias\/#breadcrumb\"},\"inLanguage\":\"de\",\"potentialAction\":[{\"@type\":\"ReadAction\",\"target\":[\"https:\/\/www.starsislandlapalma.es\/de\/turismo-de-la-palma-organiza-las-ii-jornadas-de-arqueoastronomia-y-cosmovision-del-mundo-indigena-de-canarias\/\"]}]},{\"@type\":\"ImageObject\",\"inLanguage\":\"de\",\"@id\":\"https:\/\/www.starsislandlapalma.es\/de\/turismo-de-la-palma-organiza-las-ii-jornadas-de-arqueoastronomia-y-cosmovision-del-mundo-indigena-de-canarias\/#primaryimage\",\"url\":\"https:\/\/www.starsislandlapalma.es\/wp-content\/uploads\/2022\/06\/arqueoastronomia2022.jpg\",\"contentUrl\":\"https:\/\/www.starsislandlapalma.es\/wp-content\/uploads\/2022\/06\/arqueoastronomia2022.jpg\",\"width\":1024,\"height\":1448},{\"@type\":\"BreadcrumbList\",\"@id\":\"https:\/\/www.starsislandlapalma.es\/de\/turismo-de-la-palma-organiza-las-ii-jornadas-de-arqueoastronomia-y-cosmovision-del-mundo-indigena-de-canarias\/#breadcrumb\",\"itemListElement\":[{\"@type\":\"ListItem\",\"position\":1,\"name\":\"Portada\",\"item\":\"https:\/\/www.starsislandlapalma.es\/de\/\"},{\"@type\":\"ListItem\",\"position\":2,\"name\":\"Turismo de La Palma organiza las II Jornadas de Arqueoastronom\u00eda y Cosmovisi\u00f3n del mundo ind\u00edgena de Canarias\"}]},{\"@type\":\"WebSite\",\"@id\":\"https:\/\/www.starsislandlapalma.es\/#website\",\"url\":\"https:\/\/www.starsislandlapalma.es\/\",\"name\":\"Stars Island La Palma\",\"description\":\"La Palma, el lugar perfecto para disfrutar del universo. Primera Reserva Starlight del mundo, en 2012 se reconoce como Destino Tur\u00edstico Starlight\",\"publisher\":{\"@id\":\"https:\/\/www.starsislandlapalma.es\/#organization\"},\"potentialAction\":[{\"@type\":\"SearchAction\",\"target\":{\"@type\":\"EntryPoint\",\"urlTemplate\":\"https:\/\/www.starsislandlapalma.es\/?s={search_term_string}\"},\"query-input\":{\"@type\":\"PropertyValueSpecification\",\"valueRequired\":true,\"valueName\":\"search_term_string\"}}],\"inLanguage\":\"de\"},{\"@type\":\"Organization\",\"@id\":\"https:\/\/www.starsislandlapalma.es\/#organization\",\"name\":\"Star Island La Palma\",\"url\":\"https:\/\/www.starsislandlapalma.es\/\",\"logo\":{\"@type\":\"ImageObject\",\"inLanguage\":\"de\",\"@id\":\"https:\/\/www.starsislandlapalma.es\/#\/schema\/logo\/image\/\",\"url\":\"https:\/\/www.starsislandlapalma.es\/wp-content\/uploads\/2022\/01\/logo_starisland.png\",\"contentUrl\":\"https:\/\/www.starsislandlapalma.es\/wp-content\/uploads\/2022\/01\/logo_starisland.png\",\"width\":172,\"height\":139,\"caption\":\"Star Island La Palma\"},\"image\":{\"@id\":\"https:\/\/www.starsislandlapalma.es\/#\/schema\/logo\/image\/\"},\"sameAs\":[\"https:\/\/www.facebook.com\/pages\/Starsisland-La-Palma\/210888162375006?ref=hl\",\"https:\/\/x.com\/starsislandlapa\",\"https:\/\/www.pinterest.com\/astroturismo\/\",\"https:\/\/www.youtube.com\/channel\/UCV7sju1ggcBpJG39HQCBtsA\"]},{\"@type\":\"Person\",\"@id\":\"https:\/\/www.starsislandlapalma.es\/#\/schema\/person\/d2618b46c3dc5c031ddd56a658f9ab25\",\"name\":\"StarsIsland\",\"image\":{\"@type\":\"ImageObject\",\"inLanguage\":\"de\",\"@id\":\"https:\/\/www.starsislandlapalma.es\/#\/schema\/person\/image\/\",\"url\":\"https:\/\/secure.gravatar.com\/avatar\/30a35f2b7b8f976566433f1ab7d6402f?s=96&d=mm&r=g\",\"contentUrl\":\"https:\/\/secure.gravatar.com\/avatar\/30a35f2b7b8f976566433f1ab7d6402f?s=96&d=mm&r=g\",\"caption\":\"StarsIsland\"},\"url\":\"https:\/\/www.starsislandlapalma.es\/de\/author\/starsisland\/\"}]}<\/script>\n<!-- \/ Yoast SEO plugin. -->","yoast_head_json":{"title":"Turismo de La Palma organiza las II Jornadas de Arqueoastronom\u00eda y Cosmovisi\u00f3n del mundo ind\u00edgena de Canarias &#8902; Stars Island La Palma","robots":{"index":"index","follow":"follow","max-snippet":"max-snippet:-1","max-image-preview":"max-image-preview:large","max-video-preview":"max-video-preview:-1"},"canonical":"https:\/\/www.starsislandlapalma.es\/de\/turismo-de-la-palma-organiza-las-ii-jornadas-de-arqueoastronomia-y-cosmovision-del-mundo-indigena-de-canarias\/","og_locale":"de_DE","og_type":"article","og_title":"Turismo de La Palma organiza las II Jornadas de Arqueoastronom\u00eda y Cosmovisi\u00f3n del mundo ind\u00edgena de Canarias","og_description":"Se trata de una actividad enmarcada en el programa de Astrofest 2022 y se desarrollar\u00e1n del 16 al 18 de junio en el Teatro Monterrey de El Paso","og_url":"https:\/\/www.starsislandlapalma.es\/de\/turismo-de-la-palma-organiza-las-ii-jornadas-de-arqueoastronomia-y-cosmovision-del-mundo-indigena-de-canarias\/","og_site_name":"Stars Island La Palma","article_publisher":"https:\/\/www.facebook.com\/pages\/Starsisland-La-Palma\/210888162375006?ref=hl","article_published_time":"2022-06-14T11:57:16+00:00","article_modified_time":"2023-02-23T12:03:17+00:00","og_image":[{"width":1024,"height":1448,"url":"https:\/\/www.starsislandlapalma.es\/wp-content\/uploads\/2022\/06\/arqueoastronomia2022.jpg","type":"image\/jpeg"}],"author":"StarsIsland","twitter_misc":{"Verfasst von":"StarsIsland","Gesch\u00e4tzte Lesezeit":"4\u00a0Minuten"},"schema":{"@context":"https:\/\/schema.org","@graph":[{"@type":"Article","@id":"https:\/\/www.starsislandlapalma.es\/de\/turismo-de-la-palma-organiza-las-ii-jornadas-de-arqueoastronomia-y-cosmovision-del-mundo-indigena-de-canarias\/#article","isPartOf":{"@id":"https:\/\/www.starsislandlapalma.es\/de\/turismo-de-la-palma-organiza-las-ii-jornadas-de-arqueoastronomia-y-cosmovision-del-mundo-indigena-de-canarias\/"},"author":{"name":"StarsIsland","@id":"https:\/\/www.starsislandlapalma.es\/#\/schema\/person\/d2618b46c3dc5c031ddd56a658f9ab25"},"headline":"Turismo de La Palma organiza las II Jornadas de Arqueoastronom\u00eda y Cosmovisi\u00f3n del mundo ind\u00edgena de Canarias","datePublished":"2022-06-14T11:57:16+00:00","dateModified":"2023-02-23T12:03:17+00:00","mainEntityOfPage":{"@id":"https:\/\/www.starsislandlapalma.es\/de\/turismo-de-la-palma-organiza-las-ii-jornadas-de-arqueoastronomia-y-cosmovision-del-mundo-indigena-de-canarias\/"},"wordCount":760,"commentCount":0,"publisher":{"@id":"https:\/\/www.starsislandlapalma.es\/#organization"},"image":{"@id":"https:\/\/www.starsislandlapalma.es\/de\/turismo-de-la-palma-organiza-las-ii-jornadas-de-arqueoastronomia-y-cosmovision-del-mundo-indigena-de-canarias\/#primaryimage"},"thumbnailUrl":"https:\/\/www.starsislandlapalma.es\/wp-content\/uploads\/2022\/06\/arqueoastronomia2022.jpg","keywords":["Arqueoastronom\u00eda y Cosmovisi\u00f3n"],"articleSection":["Event","Nachricht"],"inLanguage":"de","potentialAction":[{"@type":"CommentAction","name":"Comment","target":["https:\/\/www.starsislandlapalma.es\/de\/turismo-de-la-palma-organiza-las-ii-jornadas-de-arqueoastronomia-y-cosmovision-del-mundo-indigena-de-canarias\/#respond"]}]},{"@type":"WebPage","@id":"https:\/\/www.starsislandlapalma.es\/de\/turismo-de-la-palma-organiza-las-ii-jornadas-de-arqueoastronomia-y-cosmovision-del-mundo-indigena-de-canarias\/","url":"https:\/\/www.starsislandlapalma.es\/de\/turismo-de-la-palma-organiza-las-ii-jornadas-de-arqueoastronomia-y-cosmovision-del-mundo-indigena-de-canarias\/","name":"Turismo de La Palma organiza las II Jornadas de Arqueoastronom\u00eda y Cosmovisi\u00f3n del mundo ind\u00edgena de Canarias &#8902; Stars Island La Palma","isPartOf":{"@id":"https:\/\/www.starsislandlapalma.es\/#website"},"primaryImageOfPage":{"@id":"https:\/\/www.starsislandlapalma.es\/de\/turismo-de-la-palma-organiza-las-ii-jornadas-de-arqueoastronomia-y-cosmovision-del-mundo-indigena-de-canarias\/#primaryimage"},"image":{"@id":"https:\/\/www.starsislandlapalma.es\/de\/turismo-de-la-palma-organiza-las-ii-jornadas-de-arqueoastronomia-y-cosmovision-del-mundo-indigena-de-canarias\/#primaryimage"},"thumbnailUrl":"https:\/\/www.starsislandlapalma.es\/wp-content\/uploads\/2022\/06\/arqueoastronomia2022.jpg","datePublished":"2022-06-14T11:57:16+00:00","dateModified":"2023-02-23T12:03:17+00:00","breadcrumb":{"@id":"https:\/\/www.starsislandlapalma.es\/de\/turismo-de-la-palma-organiza-las-ii-jornadas-de-arqueoastronomia-y-cosmovision-del-mundo-indigena-de-canarias\/#breadcrumb"},"inLanguage":"de","potentialAction":[{"@type":"ReadAction","target":["https:\/\/www.starsislandlapalma.es\/de\/turismo-de-la-palma-organiza-las-ii-jornadas-de-arqueoastronomia-y-cosmovision-del-mundo-indigena-de-canarias\/"]}]},{"@type":"ImageObject","inLanguage":"de","@id":"https:\/\/www.starsislandlapalma.es\/de\/turismo-de-la-palma-organiza-las-ii-jornadas-de-arqueoastronomia-y-cosmovision-del-mundo-indigena-de-canarias\/#primaryimage","url":"https:\/\/www.starsislandlapalma.es\/wp-content\/uploads\/2022\/06\/arqueoastronomia2022.jpg","contentUrl":"https:\/\/www.starsislandlapalma.es\/wp-content\/uploads\/2022\/06\/arqueoastronomia2022.jpg","width":1024,"height":1448},{"@type":"BreadcrumbList","@id":"https:\/\/www.starsislandlapalma.es\/de\/turismo-de-la-palma-organiza-las-ii-jornadas-de-arqueoastronomia-y-cosmovision-del-mundo-indigena-de-canarias\/#breadcrumb","itemListElement":[{"@type":"ListItem","position":1,"name":"Portada","item":"https:\/\/www.starsislandlapalma.es\/de\/"},{"@type":"ListItem","position":2,"name":"Turismo de La Palma organiza las II Jornadas de Arqueoastronom\u00eda y Cosmovisi\u00f3n del mundo ind\u00edgena de Canarias"}]},{"@type":"WebSite","@id":"https:\/\/www.starsislandlapalma.es\/#website","url":"https:\/\/www.starsislandlapalma.es\/","name":"Stars Island La Palma","description":"La Palma, el lugar perfecto para disfrutar del universo. Primera Reserva Starlight del mundo, en 2012 se reconoce como Destino Tur\u00edstico Starlight","publisher":{"@id":"https:\/\/www.starsislandlapalma.es\/#organization"},"potentialAction":[{"@type":"SearchAction","target":{"@type":"EntryPoint","urlTemplate":"https:\/\/www.starsislandlapalma.es\/?s={search_term_string}"},"query-input":{"@type":"PropertyValueSpecification","valueRequired":true,"valueName":"search_term_string"}}],"inLanguage":"de"},{"@type":"Organization","@id":"https:\/\/www.starsislandlapalma.es\/#organization","name":"Star Island La Palma","url":"https:\/\/www.starsislandlapalma.es\/","logo":{"@type":"ImageObject","inLanguage":"de","@id":"https:\/\/www.starsislandlapalma.es\/#\/schema\/logo\/image\/","url":"https:\/\/www.starsislandlapalma.es\/wp-content\/uploads\/2022\/01\/logo_starisland.png","contentUrl":"https:\/\/www.starsislandlapalma.es\/wp-content\/uploads\/2022\/01\/logo_starisland.png","width":172,"height":139,"caption":"Star Island La Palma"},"image":{"@id":"https:\/\/www.starsislandlapalma.es\/#\/schema\/logo\/image\/"},"sameAs":["https:\/\/www.facebook.com\/pages\/Starsisland-La-Palma\/210888162375006?ref=hl","https:\/\/x.com\/starsislandlapa","https:\/\/www.pinterest.com\/astroturismo\/","https:\/\/www.youtube.com\/channel\/UCV7sju1ggcBpJG39HQCBtsA"]},{"@type":"Person","@id":"https:\/\/www.starsislandlapalma.es\/#\/schema\/person\/d2618b46c3dc5c031ddd56a658f9ab25","name":"StarsIsland","image":{"@type":"ImageObject","inLanguage":"de","@id":"https:\/\/www.starsislandlapalma.es\/#\/schema\/person\/image\/","url":"https:\/\/secure.gravatar.com\/avatar\/30a35f2b7b8f976566433f1ab7d6402f?s=96&d=mm&r=g","contentUrl":"https:\/\/secure.gravatar.com\/avatar\/30a35f2b7b8f976566433f1ab7d6402f?s=96&d=mm&r=g","caption":"StarsIsland"},"url":"https:\/\/www.starsislandlapalma.es\/de\/author\/starsisland\/"}]}},"_links":{"self":[{"href":"https:\/\/www.starsislandlapalma.es\/de\/wp-json\/wp\/v2\/posts\/25482\/"}],"collection":[{"href":"https:\/\/www.starsislandlapalma.es\/de\/wp-json\/wp\/v2\/posts\/"}],"about":[{"href":"https:\/\/www.starsislandlapalma.es\/de\/wp-json\/wp\/v2\/types\/post\/"}],"author":[{"embeddable":true,"href":"https:\/\/www.starsislandlapalma.es\/de\/wp-json\/wp\/v2\/users\/4\/"}],"replies":[{"embeddable":true,"href":"https:\/\/www.starsislandlapalma.es\/de\/wp-json\/wp\/v2\/comments\/?post=25482"}],"version-history":[{"count":1,"href":"https:\/\/www.starsislandlapalma.es\/de\/wp-json\/wp\/v2\/posts\/25482\/revisions\/"}],"predecessor-version":[{"id":25484,"href":"https:\/\/www.starsislandlapalma.es\/de\/wp-json\/wp\/v2\/posts\/25482\/revisions\/25484\/"}],"wp:featuredmedia":[{"embeddable":true,"href":"https:\/\/www.starsislandlapalma.es\/de\/wp-json\/wp\/v2\/media\/24955\/"}],"wp:attachment":[{"href":"https:\/\/www.starsislandlapalma.es\/de\/wp-json\/wp\/v2\/media\/?parent=25482"}],"wp:term":[{"taxonomy":"category","embeddable":true,"href":"https:\/\/www.starsislandlapalma.es\/de\/wp-json\/wp\/v2\/categories\/?post=25482"},{"taxonomy":"post_tag","embeddable":true,"href":"https:\/\/www.starsislandlapalma.es\/de\/wp-json\/wp\/v2\/tags\/?post=25482"}],"curies":[{"name":"wp","href":"https:\/\/api.w.org\/{rel}","templated":true}]}}