{"id":19607,"date":"2015-05-19T08:34:01","date_gmt":"2015-05-19T08:34:01","guid":{"rendered":"http:\/\/www.starsislandlapalma.es\/?p=19607"},"modified":"2015-07-07T13:25:51","modified_gmt":"2015-07-07T13:25:51","slug":"la-palma-celebra-del-dia-internacional-de-la-astronomia","status":"publish","type":"post","link":"https:\/\/www.starsislandlapalma.es\/en\/la-palma-celebra-del-dia-internacional-de-la-astronomia\/","title":{"rendered":"La Palma celebra el D\u00eda Internacional de la Astronom\u00eda"},"content":{"rendered":"<ul>\n<li style=\"text-align: justify;\"><em><span style=\"color: #999999;\">En una iniciativa conjunta con otros lugares del planeta como la comarca G\u00fadar Javalambre (Teruel), la regi\u00f3n chilena de Coquimbo, Medell\u00edn (Colombia), Lima y otras ciudades del interior (Per\u00fa) y Cuenca (Ecuador).<br \/>\n<\/span><\/em><\/li>\n<li style=\"text-align: justify;\"><em><span style=\"color: #999999;\">Este s\u00e1bado habr\u00e1 un tour nocturno en un mirador astron\u00f3mico y hasta el lunes se puede ver en la Casa Principal de Salazar la exposici\u00f3n sobre el octavo aniversario de la declaraci\u00f3n Starlight de la Isla de La Palma.<\/span><\/em><\/li>\n<\/ul>\n<p class=\"mce\" style=\"text-align: justify;\">La Palma se suma este s\u00e1bado, 25 de abril, al D\u00eda Internacional de la Astronom\u00eda, en una iniciativa conjunta con otros lugares del planeta como la comarca G\u00fadar Javalambre (Teruel), la regi\u00f3n chilena de Coquimbo, Medell\u00edn (Colombia), Lima y otras ciudades del interior (Per\u00fa) y Cuenca (Ecuador), se\u00f1ala el Cabildo en un comunicado.<\/p>\n<p class=\"mce\" style=\"text-align: justify;\">Seg\u00fan explica el consejero de Turismo del Cabildo, \u201cLa Palma ha querido unirse a esta iniciativa para reforzar nuestro compromiso con el desarrollo tur\u00edstico y la generaci\u00f3n de riqueza asociando de forma sostenible el recurso de nuestro cielo, considerado el mejor del mundo para la observaci\u00f3n de los astros de todo el hemisferio norte de la Tierra\u201d.<\/p>\n<p class=\"mce\" style=\"text-align: justify;\"><a href=\"http:\/\/www.starsislandlapalma.es\/wp-content\/uploads\/2015\/03\/starsislandlapalma5.jpg\"><img decoding=\"async\" class=\" size-full wp-image-19567 aligncenter\" src=\"http:\/\/www.starsislandlapalma.es\/wp-content\/uploads\/2015\/03\/starsislandlapalma5.jpg\" alt=\"Stars Island La Palma\" width=\"960\" height=\"640\" srcset=\"https:\/\/www.starsislandlapalma.es\/wp-content\/uploads\/2015\/03\/starsislandlapalma5.jpg 960w, https:\/\/www.starsislandlapalma.es\/wp-content\/uploads\/2015\/03\/starsislandlapalma5-300x200.jpg 300w, https:\/\/www.starsislandlapalma.es\/wp-content\/uploads\/2015\/03\/starsislandlapalma5-480x320.jpg 480w\" sizes=\"(max-width: 960px) 100vw, 960px\" \/><\/a><\/p>\n<p class=\"mce\" style=\"text-align: justify;\">El objetivo de las distintas zonas del mundo participantes en esta red \u201ces fomentar el debate sobre la importancia que la astronom\u00eda tiene en nuestra sociedad, no solo como disciplina cient\u00edfica, sino tambi\u00e9n como fuente de riqueza cultural, patrimonial y econ\u00f3mica\u201d.<\/p>\n<p class=\"mce\" style=\"text-align: justify;\">En La Palma, a\u00f1ade,\u00a0\u201cse han programado varias iniciativas que se unen a la celebraci\u00f3n del D\u00eda Internacional de la Astronom\u00eda\u201d. As\u00ed, hasta el lunes, 27 de abril, se puede visitar en el Palacio Salazar de Santa Cruz de La Palma la exposici\u00f3n con motivo del octavo aniversario de la declaraci\u00f3n Starlight de La Palma y la certificaci\u00f3n de la Isla como destino tur\u00edstico y primera Reserva Starlight del mundo, que pretende transmitir\u00a0a la poblaci\u00f3n la importancia de cuidar la calidad y transparencia del cielo\u00a0de cara a las\u00a0futuras generaciones, adem\u00e1s de concienciar sobre la potencialidad del cielo como recurso tur\u00edstico de car\u00e1cter diferenciador para La Palma.<\/p>\n<p class=\"mce\" style=\"text-align: justify;\">Adem\u00e1s, por la noche, la empresa AstroLaPalma, del grupo de emprendedores de astroturismo de la Isla, realizar\u00e1 un tour nocturno a trav\u00e9s del cielo en uno de los miradores astron\u00f3micos de la red insular, en el que participar\u00e1n vecinos y visitantes de la isla.<\/p>\n<p class=\"mce\" style=\"text-align: justify;\"><strong class=\"mce\">Actos en el resto de zonas de la red<\/strong><\/p>\n<p class=\"mce\" style=\"text-align: justify;\">En la comarca turolense de G\u00fadar Javalambre, la asociaci\u00f3n tur\u00edstica ha organizado un taller de astronom\u00eda para ni\u00f1os en La Puebla de Valverde, en el que tambi\u00e9n podr\u00e1 participar los visitantes alojados en los establecimientos tur\u00edsticos de la asociaci\u00f3n promotora. El taller dar\u00e1 a conocer c\u00f3mo el cielo nocturno cambia seg\u00fan desde el punto de la tierra desde el que se observe. Tambi\u00e9n se realizar\u00e1 una observaci\u00f3n nocturna popular.<\/p>\n<p class=\"mce\" style=\"text-align: justify;\">La capital de Per\u00fa, Lima, es la ciudad en la que m\u00e1s actos se van a desarrollar con motivo del D\u00eda Internacional de la Astronom\u00eda. Tambi\u00e9n habr\u00e1 actividades en otras zonas del interior del pa\u00eds. As\u00ed, los peruanos, y gracias a la entidad organizadora y promotora de esta red, la asociaci\u00f3n Ecovida y Universo, disfrutar\u00e1n de un programa diverso en el que las citas de car\u00e1cter cient\u00edfico se dar\u00e1n la mano con otras de car\u00e1cter cultural y art\u00edstico, siempre con la astronom\u00eda y el patrimonio celeste como hilo conductor.<\/p>\n<p class=\"mce\" style=\"text-align: justify;\">Por su parte, en la regi\u00f3n chilena de Coquimbo, conocida como la <em class=\"mce\">Regi\u00f3n Estrella<\/em>por ser el primer destino de astroturismo a nivel mundial, tambi\u00e9n albergar\u00e1 actividades en el mismo sentido, al igual que ocurrir\u00e1 en Medell\u00edn, Bogot\u00e1 y Maloka, en Colombia, y en Cuenca, Ecuador.<\/p>\n<p class=\"mce\" style=\"text-align: justify;\">En cada lugar, se indica en el comunicado, \u201cquienes participen en las actividades conocer\u00e1n tambi\u00e9n las celebraciones que se est\u00e1n desarrollando en el resto de pa\u00edses, para trasladar as\u00ed de forma concreta que todos formamos parte de un mismo planeta integrado en un Universo digno de ser conocido, protegido y disfrutado\u201d.<\/p>\n","protected":false},"excerpt":{"rendered":"<p>En una iniciativa conjunta con otros lugares del planeta como la comarca G\u00fadar Javalambre (Teruel), la regi\u00f3n chilena de Coquimbo, Medell\u00edn (Colombia), Lima y otras ciudades del interior (Per\u00fa) y Cuenca (Ecuador). Este s\u00e1bado habr\u00e1 un tour nocturno en un mirador astron\u00f3mico y hasta el&#8230;<\/p>\n","protected":false},"author":1,"featured_media":16480,"comment_status":"open","ping_status":"open","sticky":false,"template":"","format":"standard","meta":{"footnotes":""},"categories":[136],"tags":[],"yoast_head":"<!-- This site is optimized with the Yoast SEO plugin v24.5 - https:\/\/yoast.com\/wordpress\/plugins\/seo\/ -->\n<title>La Palma celebra el D\u00eda Internacional de la Astronom\u00eda &#8902; Stars Island La Palma<\/title>\n<meta name=\"robots\" content=\"index, follow, max-snippet:-1, max-image-preview:large, max-video-preview:-1\" \/>\n<link rel=\"canonical\" href=\"https:\/\/www.starsislandlapalma.es\/en\/la-palma-celebra-del-dia-internacional-de-la-astronomia\/\" \/>\n<meta property=\"og:locale\" content=\"en_US\" \/>\n<meta property=\"og:type\" content=\"article\" \/>\n<meta property=\"og:title\" content=\"La Palma celebra el D\u00eda Internacional de la Astronom\u00eda &#8902; Stars Island La Palma\" \/>\n<meta property=\"og:description\" content=\"En una iniciativa conjunta con otros lugares del planeta como la comarca G\u00fadar Javalambre (Teruel), la regi\u00f3n chilena de Coquimbo, Medell\u00edn (Colombia), Lima y otras ciudades del interior (Per\u00fa) y Cuenca (Ecuador). Este s\u00e1bado habr\u00e1 un tour nocturno en un mirador astron\u00f3mico y hasta el...\" \/>\n<meta property=\"og:url\" content=\"https:\/\/www.starsislandlapalma.es\/en\/la-palma-celebra-del-dia-internacional-de-la-astronomia\/\" \/>\n<meta property=\"og:site_name\" content=\"Stars Island La Palma\" \/>\n<meta property=\"article:publisher\" content=\"https:\/\/www.facebook.com\/pages\/Starsisland-La-Palma\/210888162375006?ref=hl\" \/>\n<meta property=\"article:published_time\" content=\"2015-05-19T08:34:01+00:00\" \/>\n<meta property=\"article:modified_time\" content=\"2015-07-07T13:25:51+00:00\" \/>\n<meta property=\"og:image\" content=\"https:\/\/www.starsislandlapalma.es\/wp-content\/uploads\/2014\/12\/monta\u00f1abre\u00f1a.jpg\" \/>\n\t<meta property=\"og:image:width\" content=\"347\" \/>\n\t<meta property=\"og:image:height\" content=\"200\" \/>\n\t<meta property=\"og:image:type\" content=\"image\/jpeg\" \/>\n<meta name=\"author\" content=\"Stars Island La Palma\" \/>\n<meta name=\"twitter:label1\" content=\"Written by\" \/>\n\t<meta name=\"twitter:data1\" content=\"Stars Island La Palma\" \/>\n\t<meta name=\"twitter:label2\" content=\"Est. reading time\" \/>\n\t<meta name=\"twitter:data2\" content=\"4 minutes\" \/>\n<script type=\"application\/ld+json\" class=\"yoast-schema-graph\">{\"@context\":\"https:\/\/schema.org\",\"@graph\":[{\"@type\":\"Article\",\"@id\":\"https:\/\/www.starsislandlapalma.es\/en\/la-palma-celebra-del-dia-internacional-de-la-astronomia\/#article\",\"isPartOf\":{\"@id\":\"https:\/\/www.starsislandlapalma.es\/en\/la-palma-celebra-del-dia-internacional-de-la-astronomia\/\"},\"author\":{\"name\":\"Stars Island La Palma\",\"@id\":\"https:\/\/www.starsislandlapalma.es\/#\/schema\/person\/9043f5bd4f379ca7532bf525fa88073b\"},\"headline\":\"La Palma celebra el D\u00eda Internacional de la Astronom\u00eda\",\"datePublished\":\"2015-05-19T08:34:01+00:00\",\"dateModified\":\"2015-07-07T13:25:51+00:00\",\"mainEntityOfPage\":{\"@id\":\"https:\/\/www.starsislandlapalma.es\/en\/la-palma-celebra-del-dia-internacional-de-la-astronomia\/\"},\"wordCount\":718,\"commentCount\":0,\"publisher\":{\"@id\":\"https:\/\/www.starsislandlapalma.es\/#organization\"},\"image\":{\"@id\":\"https:\/\/www.starsislandlapalma.es\/en\/la-palma-celebra-del-dia-internacional-de-la-astronomia\/#primaryimage\"},\"thumbnailUrl\":\"https:\/\/www.starsislandlapalma.es\/wp-content\/uploads\/2014\/12\/monta\u00f1abre\u00f1a.jpg\",\"articleSection\":[\"News\"],\"inLanguage\":\"en-US\",\"potentialAction\":[{\"@type\":\"CommentAction\",\"name\":\"Comment\",\"target\":[\"https:\/\/www.starsislandlapalma.es\/en\/la-palma-celebra-del-dia-internacional-de-la-astronomia\/#respond\"]}]},{\"@type\":\"WebPage\",\"@id\":\"https:\/\/www.starsislandlapalma.es\/en\/la-palma-celebra-del-dia-internacional-de-la-astronomia\/\",\"url\":\"https:\/\/www.starsislandlapalma.es\/en\/la-palma-celebra-del-dia-internacional-de-la-astronomia\/\",\"name\":\"La Palma celebra el D\u00eda Internacional de la Astronom\u00eda &#8902; Stars Island La Palma\",\"isPartOf\":{\"@id\":\"https:\/\/www.starsislandlapalma.es\/#website\"},\"primaryImageOfPage\":{\"@id\":\"https:\/\/www.starsislandlapalma.es\/en\/la-palma-celebra-del-dia-internacional-de-la-astronomia\/#primaryimage\"},\"image\":{\"@id\":\"https:\/\/www.starsislandlapalma.es\/en\/la-palma-celebra-del-dia-internacional-de-la-astronomia\/#primaryimage\"},\"thumbnailUrl\":\"https:\/\/www.starsislandlapalma.es\/wp-content\/uploads\/2014\/12\/monta\u00f1abre\u00f1a.jpg\",\"datePublished\":\"2015-05-19T08:34:01+00:00\",\"dateModified\":\"2015-07-07T13:25:51+00:00\",\"breadcrumb\":{\"@id\":\"https:\/\/www.starsislandlapalma.es\/en\/la-palma-celebra-del-dia-internacional-de-la-astronomia\/#breadcrumb\"},\"inLanguage\":\"en-US\",\"potentialAction\":[{\"@type\":\"ReadAction\",\"target\":[\"https:\/\/www.starsislandlapalma.es\/en\/la-palma-celebra-del-dia-internacional-de-la-astronomia\/\"]}]},{\"@type\":\"ImageObject\",\"inLanguage\":\"en-US\",\"@id\":\"https:\/\/www.starsislandlapalma.es\/en\/la-palma-celebra-del-dia-internacional-de-la-astronomia\/#primaryimage\",\"url\":\"https:\/\/www.starsislandlapalma.es\/wp-content\/uploads\/2014\/12\/monta\u00f1abre\u00f1a.jpg\",\"contentUrl\":\"https:\/\/www.starsislandlapalma.es\/wp-content\/uploads\/2014\/12\/monta\u00f1abre\u00f1a.jpg\",\"width\":347,\"height\":200},{\"@type\":\"BreadcrumbList\",\"@id\":\"https:\/\/www.starsislandlapalma.es\/en\/la-palma-celebra-del-dia-internacional-de-la-astronomia\/#breadcrumb\",\"itemListElement\":[{\"@type\":\"ListItem\",\"position\":1,\"name\":\"Portada\",\"item\":\"https:\/\/www.starsislandlapalma.es\/en\/\"},{\"@type\":\"ListItem\",\"position\":2,\"name\":\"La Palma celebra el D\u00eda Internacional de la Astronom\u00eda\"}]},{\"@type\":\"WebSite\",\"@id\":\"https:\/\/www.starsislandlapalma.es\/#website\",\"url\":\"https:\/\/www.starsislandlapalma.es\/\",\"name\":\"Stars Island La Palma\",\"description\":\"La Palma, el lugar perfecto para disfrutar del universo. Primera Reserva Starlight del mundo, en 2012 se reconoce como Destino Tur\u00edstico Starlight\",\"publisher\":{\"@id\":\"https:\/\/www.starsislandlapalma.es\/#organization\"},\"potentialAction\":[{\"@type\":\"SearchAction\",\"target\":{\"@type\":\"EntryPoint\",\"urlTemplate\":\"https:\/\/www.starsislandlapalma.es\/?s={search_term_string}\"},\"query-input\":{\"@type\":\"PropertyValueSpecification\",\"valueRequired\":true,\"valueName\":\"search_term_string\"}}],\"inLanguage\":\"en-US\"},{\"@type\":\"Organization\",\"@id\":\"https:\/\/www.starsislandlapalma.es\/#organization\",\"name\":\"Star Island La Palma\",\"url\":\"https:\/\/www.starsislandlapalma.es\/\",\"logo\":{\"@type\":\"ImageObject\",\"inLanguage\":\"en-US\",\"@id\":\"https:\/\/www.starsislandlapalma.es\/#\/schema\/logo\/image\/\",\"url\":\"https:\/\/www.starsislandlapalma.es\/wp-content\/uploads\/2022\/01\/logo_starisland.png\",\"contentUrl\":\"https:\/\/www.starsislandlapalma.es\/wp-content\/uploads\/2022\/01\/logo_starisland.png\",\"width\":172,\"height\":139,\"caption\":\"Star Island La Palma\"},\"image\":{\"@id\":\"https:\/\/www.starsislandlapalma.es\/#\/schema\/logo\/image\/\"},\"sameAs\":[\"https:\/\/www.facebook.com\/pages\/Starsisland-La-Palma\/210888162375006?ref=hl\",\"https:\/\/x.com\/starsislandlapa\",\"https:\/\/www.pinterest.com\/astroturismo\/\",\"https:\/\/www.youtube.com\/channel\/UCV7sju1ggcBpJG39HQCBtsA\"]},{\"@type\":\"Person\",\"@id\":\"https:\/\/www.starsislandlapalma.es\/#\/schema\/person\/9043f5bd4f379ca7532bf525fa88073b\",\"name\":\"Stars Island La Palma\",\"image\":{\"@type\":\"ImageObject\",\"inLanguage\":\"en-US\",\"@id\":\"https:\/\/www.starsislandlapalma.es\/#\/schema\/person\/image\/\",\"url\":\"https:\/\/secure.gravatar.com\/avatar\/214edfeae37af83662fa1058aeebfb41?s=96&d=mm&r=g\",\"contentUrl\":\"https:\/\/secure.gravatar.com\/avatar\/214edfeae37af83662fa1058aeebfb41?s=96&d=mm&r=g\",\"caption\":\"Stars Island La Palma\"},\"url\":\"https:\/\/www.starsislandlapalma.es\/en\/author\/star\/\"}]}<\/script>\n<!-- \/ Yoast SEO plugin. -->","yoast_head_json":{"title":"La Palma celebra el D\u00eda Internacional de la Astronom\u00eda &#8902; Stars Island La Palma","robots":{"index":"index","follow":"follow","max-snippet":"max-snippet:-1","max-image-preview":"max-image-preview:large","max-video-preview":"max-video-preview:-1"},"canonical":"https:\/\/www.starsislandlapalma.es\/en\/la-palma-celebra-del-dia-internacional-de-la-astronomia\/","og_locale":"en_US","og_type":"article","og_title":"La Palma celebra el D\u00eda Internacional de la Astronom\u00eda &#8902; Stars Island La Palma","og_description":"En una iniciativa conjunta con otros lugares del planeta como la comarca G\u00fadar Javalambre (Teruel), la regi\u00f3n chilena de Coquimbo, Medell\u00edn (Colombia), Lima y otras ciudades del interior (Per\u00fa) y Cuenca (Ecuador). Este s\u00e1bado habr\u00e1 un tour nocturno en un mirador astron\u00f3mico y hasta el...","og_url":"https:\/\/www.starsislandlapalma.es\/en\/la-palma-celebra-del-dia-internacional-de-la-astronomia\/","og_site_name":"Stars Island La Palma","article_publisher":"https:\/\/www.facebook.com\/pages\/Starsisland-La-Palma\/210888162375006?ref=hl","article_published_time":"2015-05-19T08:34:01+00:00","article_modified_time":"2015-07-07T13:25:51+00:00","og_image":[{"width":347,"height":200,"url":"https:\/\/www.starsislandlapalma.es\/wp-content\/uploads\/2014\/12\/monta\u00f1abre\u00f1a.jpg","type":"image\/jpeg"}],"author":"Stars Island La Palma","twitter_misc":{"Written by":"Stars Island La Palma","Est. reading time":"4 minutes"},"schema":{"@context":"https:\/\/schema.org","@graph":[{"@type":"Article","@id":"https:\/\/www.starsislandlapalma.es\/en\/la-palma-celebra-del-dia-internacional-de-la-astronomia\/#article","isPartOf":{"@id":"https:\/\/www.starsislandlapalma.es\/en\/la-palma-celebra-del-dia-internacional-de-la-astronomia\/"},"author":{"name":"Stars Island La Palma","@id":"https:\/\/www.starsislandlapalma.es\/#\/schema\/person\/9043f5bd4f379ca7532bf525fa88073b"},"headline":"La Palma celebra el D\u00eda Internacional de la Astronom\u00eda","datePublished":"2015-05-19T08:34:01+00:00","dateModified":"2015-07-07T13:25:51+00:00","mainEntityOfPage":{"@id":"https:\/\/www.starsislandlapalma.es\/en\/la-palma-celebra-del-dia-internacional-de-la-astronomia\/"},"wordCount":718,"commentCount":0,"publisher":{"@id":"https:\/\/www.starsislandlapalma.es\/#organization"},"image":{"@id":"https:\/\/www.starsislandlapalma.es\/en\/la-palma-celebra-del-dia-internacional-de-la-astronomia\/#primaryimage"},"thumbnailUrl":"https:\/\/www.starsislandlapalma.es\/wp-content\/uploads\/2014\/12\/monta\u00f1abre\u00f1a.jpg","articleSection":["News"],"inLanguage":"en-US","potentialAction":[{"@type":"CommentAction","name":"Comment","target":["https:\/\/www.starsislandlapalma.es\/en\/la-palma-celebra-del-dia-internacional-de-la-astronomia\/#respond"]}]},{"@type":"WebPage","@id":"https:\/\/www.starsislandlapalma.es\/en\/la-palma-celebra-del-dia-internacional-de-la-astronomia\/","url":"https:\/\/www.starsislandlapalma.es\/en\/la-palma-celebra-del-dia-internacional-de-la-astronomia\/","name":"La Palma celebra el D\u00eda Internacional de la Astronom\u00eda &#8902; Stars Island La Palma","isPartOf":{"@id":"https:\/\/www.starsislandlapalma.es\/#website"},"primaryImageOfPage":{"@id":"https:\/\/www.starsislandlapalma.es\/en\/la-palma-celebra-del-dia-internacional-de-la-astronomia\/#primaryimage"},"image":{"@id":"https:\/\/www.starsislandlapalma.es\/en\/la-palma-celebra-del-dia-internacional-de-la-astronomia\/#primaryimage"},"thumbnailUrl":"https:\/\/www.starsislandlapalma.es\/wp-content\/uploads\/2014\/12\/monta\u00f1abre\u00f1a.jpg","datePublished":"2015-05-19T08:34:01+00:00","dateModified":"2015-07-07T13:25:51+00:00","breadcrumb":{"@id":"https:\/\/www.starsislandlapalma.es\/en\/la-palma-celebra-del-dia-internacional-de-la-astronomia\/#breadcrumb"},"inLanguage":"en-US","potentialAction":[{"@type":"ReadAction","target":["https:\/\/www.starsislandlapalma.es\/en\/la-palma-celebra-del-dia-internacional-de-la-astronomia\/"]}]},{"@type":"ImageObject","inLanguage":"en-US","@id":"https:\/\/www.starsislandlapalma.es\/en\/la-palma-celebra-del-dia-internacional-de-la-astronomia\/#primaryimage","url":"https:\/\/www.starsislandlapalma.es\/wp-content\/uploads\/2014\/12\/monta\u00f1abre\u00f1a.jpg","contentUrl":"https:\/\/www.starsislandlapalma.es\/wp-content\/uploads\/2014\/12\/monta\u00f1abre\u00f1a.jpg","width":347,"height":200},{"@type":"BreadcrumbList","@id":"https:\/\/www.starsislandlapalma.es\/en\/la-palma-celebra-del-dia-internacional-de-la-astronomia\/#breadcrumb","itemListElement":[{"@type":"ListItem","position":1,"name":"Portada","item":"https:\/\/www.starsislandlapalma.es\/en\/"},{"@type":"ListItem","position":2,"name":"La Palma celebra el D\u00eda Internacional de la Astronom\u00eda"}]},{"@type":"WebSite","@id":"https:\/\/www.starsislandlapalma.es\/#website","url":"https:\/\/www.starsislandlapalma.es\/","name":"Stars Island La Palma","description":"La Palma, el lugar perfecto para disfrutar del universo. Primera Reserva Starlight del mundo, en 2012 se reconoce como Destino Tur\u00edstico Starlight","publisher":{"@id":"https:\/\/www.starsislandlapalma.es\/#organization"},"potentialAction":[{"@type":"SearchAction","target":{"@type":"EntryPoint","urlTemplate":"https:\/\/www.starsislandlapalma.es\/?s={search_term_string}"},"query-input":{"@type":"PropertyValueSpecification","valueRequired":true,"valueName":"search_term_string"}}],"inLanguage":"en-US"},{"@type":"Organization","@id":"https:\/\/www.starsislandlapalma.es\/#organization","name":"Star Island La Palma","url":"https:\/\/www.starsislandlapalma.es\/","logo":{"@type":"ImageObject","inLanguage":"en-US","@id":"https:\/\/www.starsislandlapalma.es\/#\/schema\/logo\/image\/","url":"https:\/\/www.starsislandlapalma.es\/wp-content\/uploads\/2022\/01\/logo_starisland.png","contentUrl":"https:\/\/www.starsislandlapalma.es\/wp-content\/uploads\/2022\/01\/logo_starisland.png","width":172,"height":139,"caption":"Star Island La Palma"},"image":{"@id":"https:\/\/www.starsislandlapalma.es\/#\/schema\/logo\/image\/"},"sameAs":["https:\/\/www.facebook.com\/pages\/Starsisland-La-Palma\/210888162375006?ref=hl","https:\/\/x.com\/starsislandlapa","https:\/\/www.pinterest.com\/astroturismo\/","https:\/\/www.youtube.com\/channel\/UCV7sju1ggcBpJG39HQCBtsA"]},{"@type":"Person","@id":"https:\/\/www.starsislandlapalma.es\/#\/schema\/person\/9043f5bd4f379ca7532bf525fa88073b","name":"Stars Island La Palma","image":{"@type":"ImageObject","inLanguage":"en-US","@id":"https:\/\/www.starsislandlapalma.es\/#\/schema\/person\/image\/","url":"https:\/\/secure.gravatar.com\/avatar\/214edfeae37af83662fa1058aeebfb41?s=96&d=mm&r=g","contentUrl":"https:\/\/secure.gravatar.com\/avatar\/214edfeae37af83662fa1058aeebfb41?s=96&d=mm&r=g","caption":"Stars Island La Palma"},"url":"https:\/\/www.starsislandlapalma.es\/en\/author\/star\/"}]}},"_links":{"self":[{"href":"https:\/\/www.starsislandlapalma.es\/en\/wp-json\/wp\/v2\/posts\/19607\/"}],"collection":[{"href":"https:\/\/www.starsislandlapalma.es\/en\/wp-json\/wp\/v2\/posts\/"}],"about":[{"href":"https:\/\/www.starsislandlapalma.es\/en\/wp-json\/wp\/v2\/types\/post\/"}],"author":[{"embeddable":true,"href":"https:\/\/www.starsislandlapalma.es\/en\/wp-json\/wp\/v2\/users\/1\/"}],"replies":[{"embeddable":true,"href":"https:\/\/www.starsislandlapalma.es\/en\/wp-json\/wp\/v2\/comments\/?post=19607"}],"version-history":[{"count":0,"href":"https:\/\/www.starsislandlapalma.es\/en\/wp-json\/wp\/v2\/posts\/19607\/revisions\/"}],"wp:featuredmedia":[{"embeddable":true,"href":"https:\/\/www.starsislandlapalma.es\/en\/wp-json\/wp\/v2\/media\/16480\/"}],"wp:attachment":[{"href":"https:\/\/www.starsislandlapalma.es\/en\/wp-json\/wp\/v2\/media\/?parent=19607"}],"wp:term":[{"taxonomy":"category","embeddable":true,"href":"https:\/\/www.starsislandlapalma.es\/en\/wp-json\/wp\/v2\/categories\/?post=19607"},{"taxonomy":"post_tag","embeddable":true,"href":"https:\/\/www.starsislandlapalma.es\/en\/wp-json\/wp\/v2\/tags\/?post=19607"}],"curies":[{"name":"wp","href":"https:\/\/api.w.org\/{rel}","templated":true}]}}