{"id":19635,"date":"2015-03-17T09:38:58","date_gmt":"2015-03-17T09:38:58","guid":{"rendered":"http:\/\/www.starsislandlapalma.es\/analizan-la-celebracion-del-encuentro-mundial-de-las-estrellas-en-la-isla-2\/"},"modified":"2020-10-08T08:42:58","modified_gmt":"2020-10-08T08:42:58","slug":"analizan-la-celebracion-del-encuentro-mundial-de-las-estrellas-en-la-isla","status":"publish","type":"post","link":"https:\/\/www.starsislandlapalma.es\/en\/analizan-la-celebracion-del-encuentro-mundial-de-las-estrellas-en-la-isla\/","title":{"rendered":"Analizan la celebraci\u00f3n del \u2018Encuentro Mundial de las Estrellas\u2019 en la Isla"},"content":{"rendered":"<p class=\"mce\" style=\"text-align: justify;\">El Cabildo de La Palma, a trav\u00e9s de su consejero de Turismo, Ra\u00fal Camacho; la senadora por la Isla, Mar\u00eda de Haro, y representantes de varias empresas de astroturismo han mantenido este martes, 17 de marzo, una reuni\u00f3n para intercambiar opiniones y valoraciones acerca de la celebraci\u00f3n del \u2018Encuentro Mundial de las Estrellas (EME)\u2019 en La Palma, informa la primera Corporaci\u00f3n en nota de prensa.<\/p>\n<p class=\"mce\" style=\"text-align: justify;\">El \u2018Encuentro Mundial de Estrellas\u2019 es \u201cun evento pionero declarado de \u2018Excepcional Inter\u00e9s P\u00fablico\u2019 que est\u00e1 registrado en los Presupuestos Generales del Estado, a trav\u00e9s del Ministerio de Industria, Energ\u00eda y Turismo\u201d, a\u00f1ade. Se celebrar\u00e1 en La Palma, Tenerife y El Hierro \u201ccon una programaci\u00f3n repartida durante tres a\u00f1os\u201d. En el comunicado se indica que \u201csu figura permite a las empresas invertir en este acontecimiento, donde se desarrollar\u00e1n iniciativas de car\u00e1cter cultural, cient\u00edfico, as\u00ed como el despliegue de infraestructuras y acogerse a los&nbsp;m\u00e1ximos beneficios fiscales&nbsp;previstos en la ley de mecenazgo.\u201d<\/p>\n<div class=\"no-adv-socios\" style=\"text-align: justify;\">\n<div id=\"SC_InPage.Layer.0.25850256881676614.singleton\" class=\"\">El consejero de Turismo, Ra\u00fal Camacho, ha asegurado que \u201cel EME va a ser una apuesta por la consolidaci\u00f3n de La Palma \u2013primera Reserva Starlight del mundo- como destino emergente de turismo de las estrellas. Que el Ministerio haya apostado por La Palma para el EME va a suponer un important\u00edsimo revulsivo para que en la Isla se siga impulsando la creaci\u00f3n de infraestructuras p\u00fablicas y privadas ligadas al turismo\u201d, ha afirmado.<\/div>\n<\/div>\n<p class=\"mce\" style=\"text-align: justify;\">La senadora Mar\u00eda de Haro record\u00f3 que la presentaci\u00f3n del \u2018Encuentro Mundial de Las Estrellas\u2019 tuvo lugar en Madrid durante la celebraci\u00f3n de la Feria Internacional de Turismo (Fitur), e hizo especial hincapi\u00e9 \u201cen el m\u00e1ximo apoyo mostrado por el Cabildo de La Palma, que es plenamente consciente de la categor\u00eda del EME como evento de excepcional inter\u00e9s p\u00fablico que implica aunar esfuerzos p\u00fablicos y privados\u201d.<\/p>\n","protected":false},"excerpt":{"rendered":"<p>El Cabildo de La Palma, a trav\u00e9s de su consejero de Turismo, Ra\u00fal Camacho; la senadora por la Isla, Mar\u00eda de Haro, y representantes de varias empresas de astroturismo han mantenido este martes, 17 de marzo, una reuni\u00f3n para intercambiar opiniones y valoraciones acerca de&#8230;<\/p>\n","protected":false},"author":1,"featured_media":21955,"comment_status":"open","ping_status":"open","sticky":false,"template":"","format":"standard","meta":{"footnotes":""},"categories":[136],"tags":[],"yoast_head":"<!-- This site is optimized with the Yoast SEO plugin v24.5 - https:\/\/yoast.com\/wordpress\/plugins\/seo\/ -->\n<title>Analizan la celebraci\u00f3n del \u2018Encuentro Mundial de las Estrellas\u2019 en la Isla &#8902; Stars Island La Palma<\/title>\n<meta name=\"robots\" content=\"index, follow, max-snippet:-1, max-image-preview:large, max-video-preview:-1\" \/>\n<link rel=\"canonical\" href=\"https:\/\/www.starsislandlapalma.es\/en\/analizan-la-celebracion-del-encuentro-mundial-de-las-estrellas-en-la-isla\/\" \/>\n<meta property=\"og:locale\" content=\"en_US\" \/>\n<meta property=\"og:type\" content=\"article\" \/>\n<meta property=\"og:title\" content=\"Analizan la celebraci\u00f3n del \u2018Encuentro Mundial de las Estrellas\u2019 en la Isla &#8902; Stars Island La Palma\" \/>\n<meta property=\"og:description\" content=\"El Cabildo de La Palma, a trav\u00e9s de su consejero de Turismo, Ra\u00fal Camacho; la senadora por la Isla, Mar\u00eda de Haro, y representantes de varias empresas de astroturismo han mantenido este martes, 17 de marzo, una reuni\u00f3n para intercambiar opiniones y valoraciones acerca de...\" \/>\n<meta property=\"og:url\" content=\"https:\/\/www.starsislandlapalma.es\/en\/analizan-la-celebracion-del-encuentro-mundial-de-las-estrellas-en-la-isla\/\" \/>\n<meta property=\"og:site_name\" content=\"Stars Island La Palma\" \/>\n<meta property=\"article:publisher\" content=\"https:\/\/www.facebook.com\/pages\/Starsisland-La-Palma\/210888162375006?ref=hl\" \/>\n<meta property=\"article:published_time\" content=\"2015-03-17T09:38:58+00:00\" \/>\n<meta property=\"article:modified_time\" content=\"2020-10-08T08:42:58+00:00\" \/>\n<meta property=\"og:image\" content=\"https:\/\/www.starsislandlapalma.es\/wp-content\/uploads\/2015\/05\/Analizan-Encuentro-Mundial-Estrellas-Isla_EDIIMA20150317_0913_13.jpg\" \/>\n\t<meta property=\"og:image:width\" content=\"643\" \/>\n\t<meta property=\"og:image:height\" content=\"362\" \/>\n\t<meta property=\"og:image:type\" content=\"image\/jpeg\" \/>\n<meta name=\"author\" content=\"Stars Island La Palma\" \/>\n<meta name=\"twitter:label1\" content=\"Written by\" \/>\n\t<meta name=\"twitter:data1\" content=\"Stars Island La Palma\" \/>\n\t<meta name=\"twitter:label2\" content=\"Est. reading time\" \/>\n\t<meta name=\"twitter:data2\" content=\"2 minutes\" \/>\n<script type=\"application\/ld+json\" class=\"yoast-schema-graph\">{\"@context\":\"https:\/\/schema.org\",\"@graph\":[{\"@type\":\"Article\",\"@id\":\"https:\/\/www.starsislandlapalma.es\/en\/analizan-la-celebracion-del-encuentro-mundial-de-las-estrellas-en-la-isla\/#article\",\"isPartOf\":{\"@id\":\"https:\/\/www.starsislandlapalma.es\/en\/analizan-la-celebracion-del-encuentro-mundial-de-las-estrellas-en-la-isla\/\"},\"author\":{\"name\":\"Stars Island La Palma\",\"@id\":\"https:\/\/www.starsislandlapalma.es\/#\/schema\/person\/9043f5bd4f379ca7532bf525fa88073b\"},\"headline\":\"Analizan la celebraci\u00f3n del \u2018Encuentro Mundial de las Estrellas\u2019 en la Isla\",\"datePublished\":\"2015-03-17T09:38:58+00:00\",\"dateModified\":\"2020-10-08T08:42:58+00:00\",\"mainEntityOfPage\":{\"@id\":\"https:\/\/www.starsislandlapalma.es\/en\/analizan-la-celebracion-del-encuentro-mundial-de-las-estrellas-en-la-isla\/\"},\"wordCount\":339,\"commentCount\":0,\"publisher\":{\"@id\":\"https:\/\/www.starsislandlapalma.es\/#organization\"},\"image\":{\"@id\":\"https:\/\/www.starsislandlapalma.es\/en\/analizan-la-celebracion-del-encuentro-mundial-de-las-estrellas-en-la-isla\/#primaryimage\"},\"thumbnailUrl\":\"https:\/\/www.starsislandlapalma.es\/wp-content\/uploads\/2015\/05\/Analizan-Encuentro-Mundial-Estrellas-Isla_EDIIMA20150317_0913_13.jpg\",\"articleSection\":[\"News\"],\"inLanguage\":\"en-US\",\"potentialAction\":[{\"@type\":\"CommentAction\",\"name\":\"Comment\",\"target\":[\"https:\/\/www.starsislandlapalma.es\/en\/analizan-la-celebracion-del-encuentro-mundial-de-las-estrellas-en-la-isla\/#respond\"]}]},{\"@type\":\"WebPage\",\"@id\":\"https:\/\/www.starsislandlapalma.es\/en\/analizan-la-celebracion-del-encuentro-mundial-de-las-estrellas-en-la-isla\/\",\"url\":\"https:\/\/www.starsislandlapalma.es\/en\/analizan-la-celebracion-del-encuentro-mundial-de-las-estrellas-en-la-isla\/\",\"name\":\"Analizan la celebraci\u00f3n del \u2018Encuentro Mundial de las Estrellas\u2019 en la Isla &#8902; Stars Island La Palma\",\"isPartOf\":{\"@id\":\"https:\/\/www.starsislandlapalma.es\/#website\"},\"primaryImageOfPage\":{\"@id\":\"https:\/\/www.starsislandlapalma.es\/en\/analizan-la-celebracion-del-encuentro-mundial-de-las-estrellas-en-la-isla\/#primaryimage\"},\"image\":{\"@id\":\"https:\/\/www.starsislandlapalma.es\/en\/analizan-la-celebracion-del-encuentro-mundial-de-las-estrellas-en-la-isla\/#primaryimage\"},\"thumbnailUrl\":\"https:\/\/www.starsislandlapalma.es\/wp-content\/uploads\/2015\/05\/Analizan-Encuentro-Mundial-Estrellas-Isla_EDIIMA20150317_0913_13.jpg\",\"datePublished\":\"2015-03-17T09:38:58+00:00\",\"dateModified\":\"2020-10-08T08:42:58+00:00\",\"breadcrumb\":{\"@id\":\"https:\/\/www.starsislandlapalma.es\/en\/analizan-la-celebracion-del-encuentro-mundial-de-las-estrellas-en-la-isla\/#breadcrumb\"},\"inLanguage\":\"en-US\",\"potentialAction\":[{\"@type\":\"ReadAction\",\"target\":[\"https:\/\/www.starsislandlapalma.es\/en\/analizan-la-celebracion-del-encuentro-mundial-de-las-estrellas-en-la-isla\/\"]}]},{\"@type\":\"ImageObject\",\"inLanguage\":\"en-US\",\"@id\":\"https:\/\/www.starsislandlapalma.es\/en\/analizan-la-celebracion-del-encuentro-mundial-de-las-estrellas-en-la-isla\/#primaryimage\",\"url\":\"https:\/\/www.starsislandlapalma.es\/wp-content\/uploads\/2015\/05\/Analizan-Encuentro-Mundial-Estrellas-Isla_EDIIMA20150317_0913_13.jpg\",\"contentUrl\":\"https:\/\/www.starsislandlapalma.es\/wp-content\/uploads\/2015\/05\/Analizan-Encuentro-Mundial-Estrellas-Isla_EDIIMA20150317_0913_13.jpg\",\"width\":643,\"height\":362},{\"@type\":\"BreadcrumbList\",\"@id\":\"https:\/\/www.starsislandlapalma.es\/en\/analizan-la-celebracion-del-encuentro-mundial-de-las-estrellas-en-la-isla\/#breadcrumb\",\"itemListElement\":[{\"@type\":\"ListItem\",\"position\":1,\"name\":\"Portada\",\"item\":\"https:\/\/www.starsislandlapalma.es\/en\/\"},{\"@type\":\"ListItem\",\"position\":2,\"name\":\"Analizan la celebraci\u00f3n del \u2018Encuentro Mundial de las Estrellas\u2019 en la Isla\"}]},{\"@type\":\"WebSite\",\"@id\":\"https:\/\/www.starsislandlapalma.es\/#website\",\"url\":\"https:\/\/www.starsislandlapalma.es\/\",\"name\":\"Stars Island La Palma\",\"description\":\"La Palma, el lugar perfecto para disfrutar del universo. Primera Reserva Starlight del mundo, en 2012 se reconoce como Destino Tur\u00edstico Starlight\",\"publisher\":{\"@id\":\"https:\/\/www.starsislandlapalma.es\/#organization\"},\"potentialAction\":[{\"@type\":\"SearchAction\",\"target\":{\"@type\":\"EntryPoint\",\"urlTemplate\":\"https:\/\/www.starsislandlapalma.es\/?s={search_term_string}\"},\"query-input\":{\"@type\":\"PropertyValueSpecification\",\"valueRequired\":true,\"valueName\":\"search_term_string\"}}],\"inLanguage\":\"en-US\"},{\"@type\":\"Organization\",\"@id\":\"https:\/\/www.starsislandlapalma.es\/#organization\",\"name\":\"Star Island La Palma\",\"url\":\"https:\/\/www.starsislandlapalma.es\/\",\"logo\":{\"@type\":\"ImageObject\",\"inLanguage\":\"en-US\",\"@id\":\"https:\/\/www.starsislandlapalma.es\/#\/schema\/logo\/image\/\",\"url\":\"https:\/\/www.starsislandlapalma.es\/wp-content\/uploads\/2022\/01\/logo_starisland.png\",\"contentUrl\":\"https:\/\/www.starsislandlapalma.es\/wp-content\/uploads\/2022\/01\/logo_starisland.png\",\"width\":172,\"height\":139,\"caption\":\"Star Island La Palma\"},\"image\":{\"@id\":\"https:\/\/www.starsislandlapalma.es\/#\/schema\/logo\/image\/\"},\"sameAs\":[\"https:\/\/www.facebook.com\/pages\/Starsisland-La-Palma\/210888162375006?ref=hl\",\"https:\/\/x.com\/starsislandlapa\",\"https:\/\/www.pinterest.com\/astroturismo\/\",\"https:\/\/www.youtube.com\/channel\/UCV7sju1ggcBpJG39HQCBtsA\"]},{\"@type\":\"Person\",\"@id\":\"https:\/\/www.starsislandlapalma.es\/#\/schema\/person\/9043f5bd4f379ca7532bf525fa88073b\",\"name\":\"Stars Island La Palma\",\"image\":{\"@type\":\"ImageObject\",\"inLanguage\":\"en-US\",\"@id\":\"https:\/\/www.starsislandlapalma.es\/#\/schema\/person\/image\/\",\"url\":\"https:\/\/secure.gravatar.com\/avatar\/214edfeae37af83662fa1058aeebfb41?s=96&d=mm&r=g\",\"contentUrl\":\"https:\/\/secure.gravatar.com\/avatar\/214edfeae37af83662fa1058aeebfb41?s=96&d=mm&r=g\",\"caption\":\"Stars Island La Palma\"},\"url\":\"https:\/\/www.starsislandlapalma.es\/en\/author\/star\/\"}]}<\/script>\n<!-- \/ Yoast SEO plugin. -->","yoast_head_json":{"title":"Analizan la celebraci\u00f3n del \u2018Encuentro Mundial de las Estrellas\u2019 en la Isla &#8902; Stars Island La Palma","robots":{"index":"index","follow":"follow","max-snippet":"max-snippet:-1","max-image-preview":"max-image-preview:large","max-video-preview":"max-video-preview:-1"},"canonical":"https:\/\/www.starsislandlapalma.es\/en\/analizan-la-celebracion-del-encuentro-mundial-de-las-estrellas-en-la-isla\/","og_locale":"en_US","og_type":"article","og_title":"Analizan la celebraci\u00f3n del \u2018Encuentro Mundial de las Estrellas\u2019 en la Isla &#8902; Stars Island La Palma","og_description":"El Cabildo de La Palma, a trav\u00e9s de su consejero de Turismo, Ra\u00fal Camacho; la senadora por la Isla, Mar\u00eda de Haro, y representantes de varias empresas de astroturismo han mantenido este martes, 17 de marzo, una reuni\u00f3n para intercambiar opiniones y valoraciones acerca de...","og_url":"https:\/\/www.starsislandlapalma.es\/en\/analizan-la-celebracion-del-encuentro-mundial-de-las-estrellas-en-la-isla\/","og_site_name":"Stars Island La Palma","article_publisher":"https:\/\/www.facebook.com\/pages\/Starsisland-La-Palma\/210888162375006?ref=hl","article_published_time":"2015-03-17T09:38:58+00:00","article_modified_time":"2020-10-08T08:42:58+00:00","og_image":[{"width":643,"height":362,"url":"https:\/\/www.starsislandlapalma.es\/wp-content\/uploads\/2015\/05\/Analizan-Encuentro-Mundial-Estrellas-Isla_EDIIMA20150317_0913_13.jpg","type":"image\/jpeg"}],"author":"Stars Island La Palma","twitter_misc":{"Written by":"Stars Island La Palma","Est. reading time":"2 minutes"},"schema":{"@context":"https:\/\/schema.org","@graph":[{"@type":"Article","@id":"https:\/\/www.starsislandlapalma.es\/en\/analizan-la-celebracion-del-encuentro-mundial-de-las-estrellas-en-la-isla\/#article","isPartOf":{"@id":"https:\/\/www.starsislandlapalma.es\/en\/analizan-la-celebracion-del-encuentro-mundial-de-las-estrellas-en-la-isla\/"},"author":{"name":"Stars Island La Palma","@id":"https:\/\/www.starsislandlapalma.es\/#\/schema\/person\/9043f5bd4f379ca7532bf525fa88073b"},"headline":"Analizan la celebraci\u00f3n del \u2018Encuentro Mundial de las Estrellas\u2019 en la Isla","datePublished":"2015-03-17T09:38:58+00:00","dateModified":"2020-10-08T08:42:58+00:00","mainEntityOfPage":{"@id":"https:\/\/www.starsislandlapalma.es\/en\/analizan-la-celebracion-del-encuentro-mundial-de-las-estrellas-en-la-isla\/"},"wordCount":339,"commentCount":0,"publisher":{"@id":"https:\/\/www.starsislandlapalma.es\/#organization"},"image":{"@id":"https:\/\/www.starsislandlapalma.es\/en\/analizan-la-celebracion-del-encuentro-mundial-de-las-estrellas-en-la-isla\/#primaryimage"},"thumbnailUrl":"https:\/\/www.starsislandlapalma.es\/wp-content\/uploads\/2015\/05\/Analizan-Encuentro-Mundial-Estrellas-Isla_EDIIMA20150317_0913_13.jpg","articleSection":["News"],"inLanguage":"en-US","potentialAction":[{"@type":"CommentAction","name":"Comment","target":["https:\/\/www.starsislandlapalma.es\/en\/analizan-la-celebracion-del-encuentro-mundial-de-las-estrellas-en-la-isla\/#respond"]}]},{"@type":"WebPage","@id":"https:\/\/www.starsislandlapalma.es\/en\/analizan-la-celebracion-del-encuentro-mundial-de-las-estrellas-en-la-isla\/","url":"https:\/\/www.starsislandlapalma.es\/en\/analizan-la-celebracion-del-encuentro-mundial-de-las-estrellas-en-la-isla\/","name":"Analizan la celebraci\u00f3n del \u2018Encuentro Mundial de las Estrellas\u2019 en la Isla &#8902; Stars Island La Palma","isPartOf":{"@id":"https:\/\/www.starsislandlapalma.es\/#website"},"primaryImageOfPage":{"@id":"https:\/\/www.starsislandlapalma.es\/en\/analizan-la-celebracion-del-encuentro-mundial-de-las-estrellas-en-la-isla\/#primaryimage"},"image":{"@id":"https:\/\/www.starsislandlapalma.es\/en\/analizan-la-celebracion-del-encuentro-mundial-de-las-estrellas-en-la-isla\/#primaryimage"},"thumbnailUrl":"https:\/\/www.starsislandlapalma.es\/wp-content\/uploads\/2015\/05\/Analizan-Encuentro-Mundial-Estrellas-Isla_EDIIMA20150317_0913_13.jpg","datePublished":"2015-03-17T09:38:58+00:00","dateModified":"2020-10-08T08:42:58+00:00","breadcrumb":{"@id":"https:\/\/www.starsislandlapalma.es\/en\/analizan-la-celebracion-del-encuentro-mundial-de-las-estrellas-en-la-isla\/#breadcrumb"},"inLanguage":"en-US","potentialAction":[{"@type":"ReadAction","target":["https:\/\/www.starsislandlapalma.es\/en\/analizan-la-celebracion-del-encuentro-mundial-de-las-estrellas-en-la-isla\/"]}]},{"@type":"ImageObject","inLanguage":"en-US","@id":"https:\/\/www.starsislandlapalma.es\/en\/analizan-la-celebracion-del-encuentro-mundial-de-las-estrellas-en-la-isla\/#primaryimage","url":"https:\/\/www.starsislandlapalma.es\/wp-content\/uploads\/2015\/05\/Analizan-Encuentro-Mundial-Estrellas-Isla_EDIIMA20150317_0913_13.jpg","contentUrl":"https:\/\/www.starsislandlapalma.es\/wp-content\/uploads\/2015\/05\/Analizan-Encuentro-Mundial-Estrellas-Isla_EDIIMA20150317_0913_13.jpg","width":643,"height":362},{"@type":"BreadcrumbList","@id":"https:\/\/www.starsislandlapalma.es\/en\/analizan-la-celebracion-del-encuentro-mundial-de-las-estrellas-en-la-isla\/#breadcrumb","itemListElement":[{"@type":"ListItem","position":1,"name":"Portada","item":"https:\/\/www.starsislandlapalma.es\/en\/"},{"@type":"ListItem","position":2,"name":"Analizan la celebraci\u00f3n del \u2018Encuentro Mundial de las Estrellas\u2019 en la Isla"}]},{"@type":"WebSite","@id":"https:\/\/www.starsislandlapalma.es\/#website","url":"https:\/\/www.starsislandlapalma.es\/","name":"Stars Island La Palma","description":"La Palma, el lugar perfecto para disfrutar del universo. Primera Reserva Starlight del mundo, en 2012 se reconoce como Destino Tur\u00edstico Starlight","publisher":{"@id":"https:\/\/www.starsislandlapalma.es\/#organization"},"potentialAction":[{"@type":"SearchAction","target":{"@type":"EntryPoint","urlTemplate":"https:\/\/www.starsislandlapalma.es\/?s={search_term_string}"},"query-input":{"@type":"PropertyValueSpecification","valueRequired":true,"valueName":"search_term_string"}}],"inLanguage":"en-US"},{"@type":"Organization","@id":"https:\/\/www.starsislandlapalma.es\/#organization","name":"Star Island La Palma","url":"https:\/\/www.starsislandlapalma.es\/","logo":{"@type":"ImageObject","inLanguage":"en-US","@id":"https:\/\/www.starsislandlapalma.es\/#\/schema\/logo\/image\/","url":"https:\/\/www.starsislandlapalma.es\/wp-content\/uploads\/2022\/01\/logo_starisland.png","contentUrl":"https:\/\/www.starsislandlapalma.es\/wp-content\/uploads\/2022\/01\/logo_starisland.png","width":172,"height":139,"caption":"Star Island La Palma"},"image":{"@id":"https:\/\/www.starsislandlapalma.es\/#\/schema\/logo\/image\/"},"sameAs":["https:\/\/www.facebook.com\/pages\/Starsisland-La-Palma\/210888162375006?ref=hl","https:\/\/x.com\/starsislandlapa","https:\/\/www.pinterest.com\/astroturismo\/","https:\/\/www.youtube.com\/channel\/UCV7sju1ggcBpJG39HQCBtsA"]},{"@type":"Person","@id":"https:\/\/www.starsislandlapalma.es\/#\/schema\/person\/9043f5bd4f379ca7532bf525fa88073b","name":"Stars Island La Palma","image":{"@type":"ImageObject","inLanguage":"en-US","@id":"https:\/\/www.starsislandlapalma.es\/#\/schema\/person\/image\/","url":"https:\/\/secure.gravatar.com\/avatar\/214edfeae37af83662fa1058aeebfb41?s=96&d=mm&r=g","contentUrl":"https:\/\/secure.gravatar.com\/avatar\/214edfeae37af83662fa1058aeebfb41?s=96&d=mm&r=g","caption":"Stars Island La Palma"},"url":"https:\/\/www.starsislandlapalma.es\/en\/author\/star\/"}]}},"_links":{"self":[{"href":"https:\/\/www.starsislandlapalma.es\/en\/wp-json\/wp\/v2\/posts\/19635\/"}],"collection":[{"href":"https:\/\/www.starsislandlapalma.es\/en\/wp-json\/wp\/v2\/posts\/"}],"about":[{"href":"https:\/\/www.starsislandlapalma.es\/en\/wp-json\/wp\/v2\/types\/post\/"}],"author":[{"embeddable":true,"href":"https:\/\/www.starsislandlapalma.es\/en\/wp-json\/wp\/v2\/users\/1\/"}],"replies":[{"embeddable":true,"href":"https:\/\/www.starsislandlapalma.es\/en\/wp-json\/wp\/v2\/comments\/?post=19635"}],"version-history":[{"count":0,"href":"https:\/\/www.starsislandlapalma.es\/en\/wp-json\/wp\/v2\/posts\/19635\/revisions\/"}],"wp:featuredmedia":[{"embeddable":true,"href":"https:\/\/www.starsislandlapalma.es\/en\/wp-json\/wp\/v2\/media\/21955\/"}],"wp:attachment":[{"href":"https:\/\/www.starsislandlapalma.es\/en\/wp-json\/wp\/v2\/media\/?parent=19635"}],"wp:term":[{"taxonomy":"category","embeddable":true,"href":"https:\/\/www.starsislandlapalma.es\/en\/wp-json\/wp\/v2\/categories\/?post=19635"},{"taxonomy":"post_tag","embeddable":true,"href":"https:\/\/www.starsislandlapalma.es\/en\/wp-json\/wp\/v2\/tags\/?post=19635"}],"curies":[{"name":"wp","href":"https:\/\/api.w.org\/{rel}","templated":true}]}}