{"id":20224,"date":"2015-09-08T14:09:28","date_gmt":"2015-09-08T14:09:28","guid":{"rendered":"http:\/\/www.starsislandlapalma.es\/?p=20224"},"modified":"2015-09-10T12:53:45","modified_gmt":"2015-09-10T12:53:45","slug":"luces-del-universo-30-anos-de-los-observatorios-de-canarias","status":"publish","type":"post","link":"https:\/\/www.starsislandlapalma.es\/en\/luces-del-universo-30-anos-de-los-observatorios-de-canarias\/","title":{"rendered":"Luces del Universo. 30 a\u00f1os de los Observatorios de Canarias."},"content":{"rendered":"<p><a href=\"http:\/\/www.starsislandlapalma.es\/wp-content\/uploads\/2015\/09\/30-aniversario-del-universo.jpg\"><img decoding=\"async\" class=\" size-full wp-image-20225 aligncenter\" src=\"http:\/\/www.starsislandlapalma.es\/wp-content\/uploads\/2015\/09\/30-aniversario-del-universo.jpg\" alt=\"30 aniversario del universo\" width=\"280\" height=\"1024\" srcset=\"https:\/\/www.starsislandlapalma.es\/wp-content\/uploads\/2015\/09\/30-aniversario-del-universo.jpg 280w, https:\/\/www.starsislandlapalma.es\/wp-content\/uploads\/2015\/09\/30-aniversario-del-universo-82x300.jpg 82w\" sizes=\"(max-width: 280px) 100vw, 280px\" \/><\/a><\/p>\n<p class=\"mce\">El Palacio Salazar de Santa Cruz de La Palma acoger\u00e1 a partir del pr\u00f3ximo mi\u00e9rcoles, 16 de septiembre, la exposici\u00f3n producida por el Instituto de Astrof\u00edsica de Canarias (IAC) con motivo del 30 aniversario de la instalaci\u00f3n de los observatorios de Canarias, seg\u00fan se informa en una nota de prensa. La muestra lleva por t\u00edtulo \u2018Luces del Universo\u2019.<\/p>\n<p class=\"mce\">Fuente: <a href=\"http:\/\/www.eldiario.es\/lapalmaahora\/sociedad\/exposicion-Luces_del_Universo-IAC_0_429407253.html\" target=\"_blank\">El Diario<\/a><\/p>\n<p class=\"mce\">\n","protected":false},"excerpt":{"rendered":"<p>El Palacio Salazar de Santa Cruz de La Palma acoger\u00e1 a partir del pr\u00f3ximo mi\u00e9rcoles, 16 de septiembre, la exposici\u00f3n producida por el Instituto de Astrof\u00edsica de Canarias (IAC) con motivo del 30 aniversario de la instalaci\u00f3n de los observatorios de Canarias, seg\u00fan se informa&#8230;<\/p>\n","protected":false},"author":1,"featured_media":20226,"comment_status":"open","ping_status":"open","sticky":false,"template":"","format":"standard","meta":{"footnotes":""},"categories":[139,136],"tags":[],"yoast_head":"<!-- This site is optimized with the Yoast SEO plugin v24.5 - https:\/\/yoast.com\/wordpress\/plugins\/seo\/ -->\n<title>Luces del Universo. 30 a\u00f1os de los Observatorios de Canarias. &#8902; Stars Island La Palma<\/title>\n<meta name=\"robots\" content=\"index, follow, max-snippet:-1, max-image-preview:large, max-video-preview:-1\" \/>\n<link rel=\"canonical\" href=\"https:\/\/www.starsislandlapalma.es\/en\/luces-del-universo-30-anos-de-los-observatorios-de-canarias\/\" \/>\n<meta property=\"og:locale\" content=\"en_US\" \/>\n<meta property=\"og:type\" content=\"article\" \/>\n<meta property=\"og:title\" content=\"Luces del Universo. 30 a\u00f1os de los Observatorios de Canarias. &#8902; Stars Island La Palma\" \/>\n<meta property=\"og:description\" content=\"El Palacio Salazar de Santa Cruz de La Palma acoger\u00e1 a partir del pr\u00f3ximo mi\u00e9rcoles, 16 de septiembre, la exposici\u00f3n producida por el Instituto de Astrof\u00edsica de Canarias (IAC) con motivo del 30 aniversario de la instalaci\u00f3n de los observatorios de Canarias, seg\u00fan se informa...\" \/>\n<meta property=\"og:url\" content=\"https:\/\/www.starsislandlapalma.es\/en\/luces-del-universo-30-anos-de-los-observatorios-de-canarias\/\" \/>\n<meta property=\"og:site_name\" content=\"Stars Island La Palma\" \/>\n<meta property=\"article:publisher\" content=\"https:\/\/www.facebook.com\/pages\/Starsisland-La-Palma\/210888162375006?ref=hl\" \/>\n<meta property=\"article:published_time\" content=\"2015-09-08T14:09:28+00:00\" \/>\n<meta property=\"article:modified_time\" content=\"2015-09-10T12:53:45+00:00\" \/>\n<meta property=\"og:image\" content=\"https:\/\/www.starsislandlapalma.es\/wp-content\/uploads\/2015\/09\/30-aniversario-del-universo-2.jpg\" \/>\n\t<meta property=\"og:image:width\" content=\"280\" \/>\n\t<meta property=\"og:image:height\" content=\"72\" \/>\n\t<meta property=\"og:image:type\" content=\"image\/jpeg\" \/>\n<meta name=\"author\" content=\"Stars Island La Palma\" \/>\n<meta name=\"twitter:label1\" content=\"Written by\" \/>\n\t<meta name=\"twitter:data1\" content=\"Stars Island La Palma\" \/>\n<script type=\"application\/ld+json\" class=\"yoast-schema-graph\">{\"@context\":\"https:\/\/schema.org\",\"@graph\":[{\"@type\":\"Article\",\"@id\":\"https:\/\/www.starsislandlapalma.es\/en\/luces-del-universo-30-anos-de-los-observatorios-de-canarias\/#article\",\"isPartOf\":{\"@id\":\"https:\/\/www.starsislandlapalma.es\/en\/luces-del-universo-30-anos-de-los-observatorios-de-canarias\/\"},\"author\":{\"name\":\"Stars Island La Palma\",\"@id\":\"https:\/\/www.starsislandlapalma.es\/#\/schema\/person\/9043f5bd4f379ca7532bf525fa88073b\"},\"headline\":\"Luces del Universo. 30 a\u00f1os de los Observatorios de Canarias.\",\"datePublished\":\"2015-09-08T14:09:28+00:00\",\"dateModified\":\"2015-09-10T12:53:45+00:00\",\"mainEntityOfPage\":{\"@id\":\"https:\/\/www.starsislandlapalma.es\/en\/luces-del-universo-30-anos-de-los-observatorios-de-canarias\/\"},\"wordCount\":76,\"commentCount\":0,\"publisher\":{\"@id\":\"https:\/\/www.starsislandlapalma.es\/#organization\"},\"image\":{\"@id\":\"https:\/\/www.starsislandlapalma.es\/en\/luces-del-universo-30-anos-de-los-observatorios-de-canarias\/#primaryimage\"},\"thumbnailUrl\":\"https:\/\/www.starsislandlapalma.es\/wp-content\/uploads\/2015\/09\/30-aniversario-del-universo-2.jpg\",\"articleSection\":[\"Events\",\"News\"],\"inLanguage\":\"en-US\",\"potentialAction\":[{\"@type\":\"CommentAction\",\"name\":\"Comment\",\"target\":[\"https:\/\/www.starsislandlapalma.es\/en\/luces-del-universo-30-anos-de-los-observatorios-de-canarias\/#respond\"]}]},{\"@type\":\"WebPage\",\"@id\":\"https:\/\/www.starsislandlapalma.es\/en\/luces-del-universo-30-anos-de-los-observatorios-de-canarias\/\",\"url\":\"https:\/\/www.starsislandlapalma.es\/en\/luces-del-universo-30-anos-de-los-observatorios-de-canarias\/\",\"name\":\"Luces del Universo. 30 a\u00f1os de los Observatorios de Canarias. &#8902; Stars Island La Palma\",\"isPartOf\":{\"@id\":\"https:\/\/www.starsislandlapalma.es\/#website\"},\"primaryImageOfPage\":{\"@id\":\"https:\/\/www.starsislandlapalma.es\/en\/luces-del-universo-30-anos-de-los-observatorios-de-canarias\/#primaryimage\"},\"image\":{\"@id\":\"https:\/\/www.starsislandlapalma.es\/en\/luces-del-universo-30-anos-de-los-observatorios-de-canarias\/#primaryimage\"},\"thumbnailUrl\":\"https:\/\/www.starsislandlapalma.es\/wp-content\/uploads\/2015\/09\/30-aniversario-del-universo-2.jpg\",\"datePublished\":\"2015-09-08T14:09:28+00:00\",\"dateModified\":\"2015-09-10T12:53:45+00:00\",\"breadcrumb\":{\"@id\":\"https:\/\/www.starsislandlapalma.es\/en\/luces-del-universo-30-anos-de-los-observatorios-de-canarias\/#breadcrumb\"},\"inLanguage\":\"en-US\",\"potentialAction\":[{\"@type\":\"ReadAction\",\"target\":[\"https:\/\/www.starsislandlapalma.es\/en\/luces-del-universo-30-anos-de-los-observatorios-de-canarias\/\"]}]},{\"@type\":\"ImageObject\",\"inLanguage\":\"en-US\",\"@id\":\"https:\/\/www.starsislandlapalma.es\/en\/luces-del-universo-30-anos-de-los-observatorios-de-canarias\/#primaryimage\",\"url\":\"https:\/\/www.starsislandlapalma.es\/wp-content\/uploads\/2015\/09\/30-aniversario-del-universo-2.jpg\",\"contentUrl\":\"https:\/\/www.starsislandlapalma.es\/wp-content\/uploads\/2015\/09\/30-aniversario-del-universo-2.jpg\",\"width\":280,\"height\":72},{\"@type\":\"BreadcrumbList\",\"@id\":\"https:\/\/www.starsislandlapalma.es\/en\/luces-del-universo-30-anos-de-los-observatorios-de-canarias\/#breadcrumb\",\"itemListElement\":[{\"@type\":\"ListItem\",\"position\":1,\"name\":\"Portada\",\"item\":\"https:\/\/www.starsislandlapalma.es\/en\/\"},{\"@type\":\"ListItem\",\"position\":2,\"name\":\"Luces del Universo. 30 a\u00f1os de los Observatorios de Canarias.\"}]},{\"@type\":\"WebSite\",\"@id\":\"https:\/\/www.starsislandlapalma.es\/#website\",\"url\":\"https:\/\/www.starsislandlapalma.es\/\",\"name\":\"Stars Island La Palma\",\"description\":\"La Palma, el lugar perfecto para disfrutar del universo. Primera Reserva Starlight del mundo, en 2012 se reconoce como Destino Tur\u00edstico Starlight\",\"publisher\":{\"@id\":\"https:\/\/www.starsislandlapalma.es\/#organization\"},\"potentialAction\":[{\"@type\":\"SearchAction\",\"target\":{\"@type\":\"EntryPoint\",\"urlTemplate\":\"https:\/\/www.starsislandlapalma.es\/?s={search_term_string}\"},\"query-input\":{\"@type\":\"PropertyValueSpecification\",\"valueRequired\":true,\"valueName\":\"search_term_string\"}}],\"inLanguage\":\"en-US\"},{\"@type\":\"Organization\",\"@id\":\"https:\/\/www.starsislandlapalma.es\/#organization\",\"name\":\"Star Island La Palma\",\"url\":\"https:\/\/www.starsislandlapalma.es\/\",\"logo\":{\"@type\":\"ImageObject\",\"inLanguage\":\"en-US\",\"@id\":\"https:\/\/www.starsislandlapalma.es\/#\/schema\/logo\/image\/\",\"url\":\"https:\/\/www.starsislandlapalma.es\/wp-content\/uploads\/2022\/01\/logo_starisland.png\",\"contentUrl\":\"https:\/\/www.starsislandlapalma.es\/wp-content\/uploads\/2022\/01\/logo_starisland.png\",\"width\":172,\"height\":139,\"caption\":\"Star Island La Palma\"},\"image\":{\"@id\":\"https:\/\/www.starsislandlapalma.es\/#\/schema\/logo\/image\/\"},\"sameAs\":[\"https:\/\/www.facebook.com\/pages\/Starsisland-La-Palma\/210888162375006?ref=hl\",\"https:\/\/x.com\/starsislandlapa\",\"https:\/\/www.pinterest.com\/astroturismo\/\",\"https:\/\/www.youtube.com\/channel\/UCV7sju1ggcBpJG39HQCBtsA\"]},{\"@type\":\"Person\",\"@id\":\"https:\/\/www.starsislandlapalma.es\/#\/schema\/person\/9043f5bd4f379ca7532bf525fa88073b\",\"name\":\"Stars Island La Palma\",\"image\":{\"@type\":\"ImageObject\",\"inLanguage\":\"en-US\",\"@id\":\"https:\/\/www.starsislandlapalma.es\/#\/schema\/person\/image\/\",\"url\":\"https:\/\/secure.gravatar.com\/avatar\/214edfeae37af83662fa1058aeebfb41?s=96&d=mm&r=g\",\"contentUrl\":\"https:\/\/secure.gravatar.com\/avatar\/214edfeae37af83662fa1058aeebfb41?s=96&d=mm&r=g\",\"caption\":\"Stars Island La Palma\"},\"url\":\"https:\/\/www.starsislandlapalma.es\/en\/author\/star\/\"}]}<\/script>\n<!-- \/ Yoast SEO plugin. -->","yoast_head_json":{"title":"Luces del Universo. 30 a\u00f1os de los Observatorios de Canarias. &#8902; Stars Island La Palma","robots":{"index":"index","follow":"follow","max-snippet":"max-snippet:-1","max-image-preview":"max-image-preview:large","max-video-preview":"max-video-preview:-1"},"canonical":"https:\/\/www.starsislandlapalma.es\/en\/luces-del-universo-30-anos-de-los-observatorios-de-canarias\/","og_locale":"en_US","og_type":"article","og_title":"Luces del Universo. 30 a\u00f1os de los Observatorios de Canarias. &#8902; Stars Island La Palma","og_description":"El Palacio Salazar de Santa Cruz de La Palma acoger\u00e1 a partir del pr\u00f3ximo mi\u00e9rcoles, 16 de septiembre, la exposici\u00f3n producida por el Instituto de Astrof\u00edsica de Canarias (IAC) con motivo del 30 aniversario de la instalaci\u00f3n de los observatorios de Canarias, seg\u00fan se informa...","og_url":"https:\/\/www.starsislandlapalma.es\/en\/luces-del-universo-30-anos-de-los-observatorios-de-canarias\/","og_site_name":"Stars Island La Palma","article_publisher":"https:\/\/www.facebook.com\/pages\/Starsisland-La-Palma\/210888162375006?ref=hl","article_published_time":"2015-09-08T14:09:28+00:00","article_modified_time":"2015-09-10T12:53:45+00:00","og_image":[{"width":280,"height":72,"url":"https:\/\/www.starsislandlapalma.es\/wp-content\/uploads\/2015\/09\/30-aniversario-del-universo-2.jpg","type":"image\/jpeg"}],"author":"Stars Island La Palma","twitter_misc":{"Written by":"Stars Island La Palma"},"schema":{"@context":"https:\/\/schema.org","@graph":[{"@type":"Article","@id":"https:\/\/www.starsislandlapalma.es\/en\/luces-del-universo-30-anos-de-los-observatorios-de-canarias\/#article","isPartOf":{"@id":"https:\/\/www.starsislandlapalma.es\/en\/luces-del-universo-30-anos-de-los-observatorios-de-canarias\/"},"author":{"name":"Stars Island La Palma","@id":"https:\/\/www.starsislandlapalma.es\/#\/schema\/person\/9043f5bd4f379ca7532bf525fa88073b"},"headline":"Luces del Universo. 30 a\u00f1os de los Observatorios de Canarias.","datePublished":"2015-09-08T14:09:28+00:00","dateModified":"2015-09-10T12:53:45+00:00","mainEntityOfPage":{"@id":"https:\/\/www.starsislandlapalma.es\/en\/luces-del-universo-30-anos-de-los-observatorios-de-canarias\/"},"wordCount":76,"commentCount":0,"publisher":{"@id":"https:\/\/www.starsislandlapalma.es\/#organization"},"image":{"@id":"https:\/\/www.starsislandlapalma.es\/en\/luces-del-universo-30-anos-de-los-observatorios-de-canarias\/#primaryimage"},"thumbnailUrl":"https:\/\/www.starsislandlapalma.es\/wp-content\/uploads\/2015\/09\/30-aniversario-del-universo-2.jpg","articleSection":["Events","News"],"inLanguage":"en-US","potentialAction":[{"@type":"CommentAction","name":"Comment","target":["https:\/\/www.starsislandlapalma.es\/en\/luces-del-universo-30-anos-de-los-observatorios-de-canarias\/#respond"]}]},{"@type":"WebPage","@id":"https:\/\/www.starsislandlapalma.es\/en\/luces-del-universo-30-anos-de-los-observatorios-de-canarias\/","url":"https:\/\/www.starsislandlapalma.es\/en\/luces-del-universo-30-anos-de-los-observatorios-de-canarias\/","name":"Luces del Universo. 30 a\u00f1os de los Observatorios de Canarias. &#8902; Stars Island La Palma","isPartOf":{"@id":"https:\/\/www.starsislandlapalma.es\/#website"},"primaryImageOfPage":{"@id":"https:\/\/www.starsislandlapalma.es\/en\/luces-del-universo-30-anos-de-los-observatorios-de-canarias\/#primaryimage"},"image":{"@id":"https:\/\/www.starsislandlapalma.es\/en\/luces-del-universo-30-anos-de-los-observatorios-de-canarias\/#primaryimage"},"thumbnailUrl":"https:\/\/www.starsislandlapalma.es\/wp-content\/uploads\/2015\/09\/30-aniversario-del-universo-2.jpg","datePublished":"2015-09-08T14:09:28+00:00","dateModified":"2015-09-10T12:53:45+00:00","breadcrumb":{"@id":"https:\/\/www.starsislandlapalma.es\/en\/luces-del-universo-30-anos-de-los-observatorios-de-canarias\/#breadcrumb"},"inLanguage":"en-US","potentialAction":[{"@type":"ReadAction","target":["https:\/\/www.starsislandlapalma.es\/en\/luces-del-universo-30-anos-de-los-observatorios-de-canarias\/"]}]},{"@type":"ImageObject","inLanguage":"en-US","@id":"https:\/\/www.starsislandlapalma.es\/en\/luces-del-universo-30-anos-de-los-observatorios-de-canarias\/#primaryimage","url":"https:\/\/www.starsislandlapalma.es\/wp-content\/uploads\/2015\/09\/30-aniversario-del-universo-2.jpg","contentUrl":"https:\/\/www.starsislandlapalma.es\/wp-content\/uploads\/2015\/09\/30-aniversario-del-universo-2.jpg","width":280,"height":72},{"@type":"BreadcrumbList","@id":"https:\/\/www.starsislandlapalma.es\/en\/luces-del-universo-30-anos-de-los-observatorios-de-canarias\/#breadcrumb","itemListElement":[{"@type":"ListItem","position":1,"name":"Portada","item":"https:\/\/www.starsislandlapalma.es\/en\/"},{"@type":"ListItem","position":2,"name":"Luces del Universo. 30 a\u00f1os de los Observatorios de Canarias."}]},{"@type":"WebSite","@id":"https:\/\/www.starsislandlapalma.es\/#website","url":"https:\/\/www.starsislandlapalma.es\/","name":"Stars Island La Palma","description":"La Palma, el lugar perfecto para disfrutar del universo. Primera Reserva Starlight del mundo, en 2012 se reconoce como Destino Tur\u00edstico Starlight","publisher":{"@id":"https:\/\/www.starsislandlapalma.es\/#organization"},"potentialAction":[{"@type":"SearchAction","target":{"@type":"EntryPoint","urlTemplate":"https:\/\/www.starsislandlapalma.es\/?s={search_term_string}"},"query-input":{"@type":"PropertyValueSpecification","valueRequired":true,"valueName":"search_term_string"}}],"inLanguage":"en-US"},{"@type":"Organization","@id":"https:\/\/www.starsislandlapalma.es\/#organization","name":"Star Island La Palma","url":"https:\/\/www.starsislandlapalma.es\/","logo":{"@type":"ImageObject","inLanguage":"en-US","@id":"https:\/\/www.starsislandlapalma.es\/#\/schema\/logo\/image\/","url":"https:\/\/www.starsislandlapalma.es\/wp-content\/uploads\/2022\/01\/logo_starisland.png","contentUrl":"https:\/\/www.starsislandlapalma.es\/wp-content\/uploads\/2022\/01\/logo_starisland.png","width":172,"height":139,"caption":"Star Island La Palma"},"image":{"@id":"https:\/\/www.starsislandlapalma.es\/#\/schema\/logo\/image\/"},"sameAs":["https:\/\/www.facebook.com\/pages\/Starsisland-La-Palma\/210888162375006?ref=hl","https:\/\/x.com\/starsislandlapa","https:\/\/www.pinterest.com\/astroturismo\/","https:\/\/www.youtube.com\/channel\/UCV7sju1ggcBpJG39HQCBtsA"]},{"@type":"Person","@id":"https:\/\/www.starsislandlapalma.es\/#\/schema\/person\/9043f5bd4f379ca7532bf525fa88073b","name":"Stars Island La Palma","image":{"@type":"ImageObject","inLanguage":"en-US","@id":"https:\/\/www.starsislandlapalma.es\/#\/schema\/person\/image\/","url":"https:\/\/secure.gravatar.com\/avatar\/214edfeae37af83662fa1058aeebfb41?s=96&d=mm&r=g","contentUrl":"https:\/\/secure.gravatar.com\/avatar\/214edfeae37af83662fa1058aeebfb41?s=96&d=mm&r=g","caption":"Stars Island La Palma"},"url":"https:\/\/www.starsislandlapalma.es\/en\/author\/star\/"}]}},"_links":{"self":[{"href":"https:\/\/www.starsislandlapalma.es\/en\/wp-json\/wp\/v2\/posts\/20224\/"}],"collection":[{"href":"https:\/\/www.starsislandlapalma.es\/en\/wp-json\/wp\/v2\/posts\/"}],"about":[{"href":"https:\/\/www.starsislandlapalma.es\/en\/wp-json\/wp\/v2\/types\/post\/"}],"author":[{"embeddable":true,"href":"https:\/\/www.starsislandlapalma.es\/en\/wp-json\/wp\/v2\/users\/1\/"}],"replies":[{"embeddable":true,"href":"https:\/\/www.starsislandlapalma.es\/en\/wp-json\/wp\/v2\/comments\/?post=20224"}],"version-history":[{"count":0,"href":"https:\/\/www.starsislandlapalma.es\/en\/wp-json\/wp\/v2\/posts\/20224\/revisions\/"}],"wp:featuredmedia":[{"embeddable":true,"href":"https:\/\/www.starsislandlapalma.es\/en\/wp-json\/wp\/v2\/media\/20226\/"}],"wp:attachment":[{"href":"https:\/\/www.starsislandlapalma.es\/en\/wp-json\/wp\/v2\/media\/?parent=20224"}],"wp:term":[{"taxonomy":"category","embeddable":true,"href":"https:\/\/www.starsislandlapalma.es\/en\/wp-json\/wp\/v2\/categories\/?post=20224"},{"taxonomy":"post_tag","embeddable":true,"href":"https:\/\/www.starsislandlapalma.es\/en\/wp-json\/wp\/v2\/tags\/?post=20224"}],"curies":[{"name":"wp","href":"https:\/\/api.w.org\/{rel}","templated":true}]}}