{"id":20231,"date":"2015-09-08T14:16:52","date_gmt":"2015-09-08T14:16:52","guid":{"rendered":"http:\/\/www.starsislandlapalma.es\/?p=20231"},"modified":"2015-09-25T07:54:12","modified_gmt":"2015-09-25T07:54:12","slug":"el-diario-frances-le-mond-elogia-el-cielo-de-la-palma","status":"publish","type":"post","link":"https:\/\/www.starsislandlapalma.es\/en\/el-diario-frances-le-mond-elogia-el-cielo-de-la-palma\/","title":{"rendered":"El diario franc\u00e9s &#8220;Le Monde&#8221; elogia el cielo de La Palma"},"content":{"rendered":"<p style=\"text-align: justify;\">Los cielos de La Palma no paran de sumar p\u00e1ginas en publicaciones prestigiosas en Europa, alabando su calidad inigualable para la observaci\u00f3n astron\u00f3mica en el hemisferio norte.<\/p>\n<p style=\"text-align: justify;\">Ahora le ha tocado el turno a la revista del diario franc\u00e9s <em>Le Monde<\/em>, con un art\u00edculo t\u00edtulado &#8220;<span style=\"text-decoration: underline;\"><a href=\"http:\/\/www.lemonde.fr\/m-voyage-le-lieu\/article\/2015\/09\/08\/la-palma-le-plus-beau-ciel-de-l-hemisphere-nord_4748972_4497643.html\" target=\"_blank\">La Palma, el cielo m\u00e1s bello del hemisferio norte<\/a>&#8220;.<\/span><\/p>\n","protected":false},"excerpt":{"rendered":"<p>Los cielos de La Palma no paran de sumar p\u00e1ginas en publicaciones prestigiosas en Europa, alabando su calidad inigualable para la observaci\u00f3n astron\u00f3mica en el hemisferio norte. Ahora le ha tocado el turno a la revista del diario franc\u00e9s Le Monde, con un art\u00edculo t\u00edtulado&#8230;<\/p>\n","protected":false},"author":1,"featured_media":20232,"comment_status":"open","ping_status":"open","sticky":false,"template":"","format":"standard","meta":{"footnotes":""},"categories":[136],"tags":[],"yoast_head":"<!-- This site is optimized with the Yoast SEO plugin v24.5 - https:\/\/yoast.com\/wordpress\/plugins\/seo\/ -->\n<title>El diario franc\u00e9s &quot;Le Monde&quot; elogia el cielo de La Palma &#8902; Stars Island La Palma<\/title>\n<meta name=\"robots\" content=\"index, follow, max-snippet:-1, max-image-preview:large, max-video-preview:-1\" \/>\n<link rel=\"canonical\" href=\"https:\/\/www.starsislandlapalma.es\/en\/el-diario-frances-le-mond-elogia-el-cielo-de-la-palma\/\" \/>\n<meta property=\"og:locale\" content=\"en_US\" \/>\n<meta property=\"og:type\" content=\"article\" \/>\n<meta property=\"og:title\" content=\"El diario franc\u00e9s &quot;Le Monde&quot; elogia el cielo de La Palma &#8902; Stars Island La Palma\" \/>\n<meta property=\"og:description\" content=\"Los cielos de La Palma no paran de sumar p\u00e1ginas en publicaciones prestigiosas en Europa, alabando su calidad inigualable para la observaci\u00f3n astron\u00f3mica en el hemisferio norte. Ahora le ha tocado el turno a la revista del diario franc\u00e9s Le Monde, con un art\u00edculo t\u00edtulado...\" \/>\n<meta property=\"og:url\" content=\"https:\/\/www.starsislandlapalma.es\/en\/el-diario-frances-le-mond-elogia-el-cielo-de-la-palma\/\" \/>\n<meta property=\"og:site_name\" content=\"Stars Island La Palma\" \/>\n<meta property=\"article:publisher\" content=\"https:\/\/www.facebook.com\/pages\/Starsisland-La-Palma\/210888162375006?ref=hl\" \/>\n<meta property=\"article:published_time\" content=\"2015-09-08T14:16:52+00:00\" \/>\n<meta property=\"article:modified_time\" content=\"2015-09-25T07:54:12+00:00\" \/>\n<meta property=\"og:image\" content=\"https:\/\/www.starsislandlapalma.es\/wp-content\/uploads\/2015\/09\/le-mond.png\" \/>\n\t<meta property=\"og:image:width\" content=\"829\" \/>\n\t<meta property=\"og:image:height\" content=\"592\" \/>\n\t<meta property=\"og:image:type\" content=\"image\/png\" \/>\n<meta name=\"author\" content=\"Stars Island La Palma\" \/>\n<meta name=\"twitter:label1\" content=\"Written by\" \/>\n\t<meta name=\"twitter:data1\" content=\"Stars Island La Palma\" \/>\n<script type=\"application\/ld+json\" class=\"yoast-schema-graph\">{\"@context\":\"https:\/\/schema.org\",\"@graph\":[{\"@type\":\"Article\",\"@id\":\"https:\/\/www.starsislandlapalma.es\/en\/el-diario-frances-le-mond-elogia-el-cielo-de-la-palma\/#article\",\"isPartOf\":{\"@id\":\"https:\/\/www.starsislandlapalma.es\/en\/el-diario-frances-le-mond-elogia-el-cielo-de-la-palma\/\"},\"author\":{\"name\":\"Stars Island La Palma\",\"@id\":\"https:\/\/www.starsislandlapalma.es\/#\/schema\/person\/9043f5bd4f379ca7532bf525fa88073b\"},\"headline\":\"El diario franc\u00e9s &#8220;Le Monde&#8221; elogia el cielo de La Palma\",\"datePublished\":\"2015-09-08T14:16:52+00:00\",\"dateModified\":\"2015-09-25T07:54:12+00:00\",\"mainEntityOfPage\":{\"@id\":\"https:\/\/www.starsislandlapalma.es\/en\/el-diario-frances-le-mond-elogia-el-cielo-de-la-palma\/\"},\"wordCount\":73,\"commentCount\":0,\"publisher\":{\"@id\":\"https:\/\/www.starsislandlapalma.es\/#organization\"},\"image\":{\"@id\":\"https:\/\/www.starsislandlapalma.es\/en\/el-diario-frances-le-mond-elogia-el-cielo-de-la-palma\/#primaryimage\"},\"thumbnailUrl\":\"https:\/\/www.starsislandlapalma.es\/wp-content\/uploads\/2015\/09\/le-mond.png\",\"articleSection\":[\"News\"],\"inLanguage\":\"en-US\",\"potentialAction\":[{\"@type\":\"CommentAction\",\"name\":\"Comment\",\"target\":[\"https:\/\/www.starsislandlapalma.es\/en\/el-diario-frances-le-mond-elogia-el-cielo-de-la-palma\/#respond\"]}]},{\"@type\":\"WebPage\",\"@id\":\"https:\/\/www.starsislandlapalma.es\/en\/el-diario-frances-le-mond-elogia-el-cielo-de-la-palma\/\",\"url\":\"https:\/\/www.starsislandlapalma.es\/en\/el-diario-frances-le-mond-elogia-el-cielo-de-la-palma\/\",\"name\":\"El diario franc\u00e9s \\\"Le Monde\\\" elogia el cielo de La Palma &#8902; Stars Island La Palma\",\"isPartOf\":{\"@id\":\"https:\/\/www.starsislandlapalma.es\/#website\"},\"primaryImageOfPage\":{\"@id\":\"https:\/\/www.starsislandlapalma.es\/en\/el-diario-frances-le-mond-elogia-el-cielo-de-la-palma\/#primaryimage\"},\"image\":{\"@id\":\"https:\/\/www.starsislandlapalma.es\/en\/el-diario-frances-le-mond-elogia-el-cielo-de-la-palma\/#primaryimage\"},\"thumbnailUrl\":\"https:\/\/www.starsislandlapalma.es\/wp-content\/uploads\/2015\/09\/le-mond.png\",\"datePublished\":\"2015-09-08T14:16:52+00:00\",\"dateModified\":\"2015-09-25T07:54:12+00:00\",\"breadcrumb\":{\"@id\":\"https:\/\/www.starsislandlapalma.es\/en\/el-diario-frances-le-mond-elogia-el-cielo-de-la-palma\/#breadcrumb\"},\"inLanguage\":\"en-US\",\"potentialAction\":[{\"@type\":\"ReadAction\",\"target\":[\"https:\/\/www.starsislandlapalma.es\/en\/el-diario-frances-le-mond-elogia-el-cielo-de-la-palma\/\"]}]},{\"@type\":\"ImageObject\",\"inLanguage\":\"en-US\",\"@id\":\"https:\/\/www.starsislandlapalma.es\/en\/el-diario-frances-le-mond-elogia-el-cielo-de-la-palma\/#primaryimage\",\"url\":\"https:\/\/www.starsislandlapalma.es\/wp-content\/uploads\/2015\/09\/le-mond.png\",\"contentUrl\":\"https:\/\/www.starsislandlapalma.es\/wp-content\/uploads\/2015\/09\/le-mond.png\",\"width\":829,\"height\":592},{\"@type\":\"BreadcrumbList\",\"@id\":\"https:\/\/www.starsislandlapalma.es\/en\/el-diario-frances-le-mond-elogia-el-cielo-de-la-palma\/#breadcrumb\",\"itemListElement\":[{\"@type\":\"ListItem\",\"position\":1,\"name\":\"Portada\",\"item\":\"https:\/\/www.starsislandlapalma.es\/en\/\"},{\"@type\":\"ListItem\",\"position\":2,\"name\":\"El diario franc\u00e9s \u00abLe Monde\u00bb elogia el cielo de La Palma\"}]},{\"@type\":\"WebSite\",\"@id\":\"https:\/\/www.starsislandlapalma.es\/#website\",\"url\":\"https:\/\/www.starsislandlapalma.es\/\",\"name\":\"Stars Island La Palma\",\"description\":\"La Palma, el lugar perfecto para disfrutar del universo. Primera Reserva Starlight del mundo, en 2012 se reconoce como Destino Tur\u00edstico Starlight\",\"publisher\":{\"@id\":\"https:\/\/www.starsislandlapalma.es\/#organization\"},\"potentialAction\":[{\"@type\":\"SearchAction\",\"target\":{\"@type\":\"EntryPoint\",\"urlTemplate\":\"https:\/\/www.starsislandlapalma.es\/?s={search_term_string}\"},\"query-input\":{\"@type\":\"PropertyValueSpecification\",\"valueRequired\":true,\"valueName\":\"search_term_string\"}}],\"inLanguage\":\"en-US\"},{\"@type\":\"Organization\",\"@id\":\"https:\/\/www.starsislandlapalma.es\/#organization\",\"name\":\"Star Island La Palma\",\"url\":\"https:\/\/www.starsislandlapalma.es\/\",\"logo\":{\"@type\":\"ImageObject\",\"inLanguage\":\"en-US\",\"@id\":\"https:\/\/www.starsislandlapalma.es\/#\/schema\/logo\/image\/\",\"url\":\"https:\/\/www.starsislandlapalma.es\/wp-content\/uploads\/2022\/01\/logo_starisland.png\",\"contentUrl\":\"https:\/\/www.starsislandlapalma.es\/wp-content\/uploads\/2022\/01\/logo_starisland.png\",\"width\":172,\"height\":139,\"caption\":\"Star Island La Palma\"},\"image\":{\"@id\":\"https:\/\/www.starsislandlapalma.es\/#\/schema\/logo\/image\/\"},\"sameAs\":[\"https:\/\/www.facebook.com\/pages\/Starsisland-La-Palma\/210888162375006?ref=hl\",\"https:\/\/x.com\/starsislandlapa\",\"https:\/\/www.pinterest.com\/astroturismo\/\",\"https:\/\/www.youtube.com\/channel\/UCV7sju1ggcBpJG39HQCBtsA\"]},{\"@type\":\"Person\",\"@id\":\"https:\/\/www.starsislandlapalma.es\/#\/schema\/person\/9043f5bd4f379ca7532bf525fa88073b\",\"name\":\"Stars Island La Palma\",\"image\":{\"@type\":\"ImageObject\",\"inLanguage\":\"en-US\",\"@id\":\"https:\/\/www.starsislandlapalma.es\/#\/schema\/person\/image\/\",\"url\":\"https:\/\/secure.gravatar.com\/avatar\/214edfeae37af83662fa1058aeebfb41?s=96&d=mm&r=g\",\"contentUrl\":\"https:\/\/secure.gravatar.com\/avatar\/214edfeae37af83662fa1058aeebfb41?s=96&d=mm&r=g\",\"caption\":\"Stars Island La Palma\"},\"url\":\"https:\/\/www.starsislandlapalma.es\/en\/author\/star\/\"}]}<\/script>\n<!-- \/ Yoast SEO plugin. -->","yoast_head_json":{"title":"El diario franc\u00e9s \"Le Monde\" elogia el cielo de La Palma &#8902; Stars Island La Palma","robots":{"index":"index","follow":"follow","max-snippet":"max-snippet:-1","max-image-preview":"max-image-preview:large","max-video-preview":"max-video-preview:-1"},"canonical":"https:\/\/www.starsislandlapalma.es\/en\/el-diario-frances-le-mond-elogia-el-cielo-de-la-palma\/","og_locale":"en_US","og_type":"article","og_title":"El diario franc\u00e9s \"Le Monde\" elogia el cielo de La Palma &#8902; Stars Island La Palma","og_description":"Los cielos de La Palma no paran de sumar p\u00e1ginas en publicaciones prestigiosas en Europa, alabando su calidad inigualable para la observaci\u00f3n astron\u00f3mica en el hemisferio norte. Ahora le ha tocado el turno a la revista del diario franc\u00e9s Le Monde, con un art\u00edculo t\u00edtulado...","og_url":"https:\/\/www.starsislandlapalma.es\/en\/el-diario-frances-le-mond-elogia-el-cielo-de-la-palma\/","og_site_name":"Stars Island La Palma","article_publisher":"https:\/\/www.facebook.com\/pages\/Starsisland-La-Palma\/210888162375006?ref=hl","article_published_time":"2015-09-08T14:16:52+00:00","article_modified_time":"2015-09-25T07:54:12+00:00","og_image":[{"width":829,"height":592,"url":"https:\/\/www.starsislandlapalma.es\/wp-content\/uploads\/2015\/09\/le-mond.png","type":"image\/png"}],"author":"Stars Island La Palma","twitter_misc":{"Written by":"Stars Island La Palma"},"schema":{"@context":"https:\/\/schema.org","@graph":[{"@type":"Article","@id":"https:\/\/www.starsislandlapalma.es\/en\/el-diario-frances-le-mond-elogia-el-cielo-de-la-palma\/#article","isPartOf":{"@id":"https:\/\/www.starsislandlapalma.es\/en\/el-diario-frances-le-mond-elogia-el-cielo-de-la-palma\/"},"author":{"name":"Stars Island La Palma","@id":"https:\/\/www.starsislandlapalma.es\/#\/schema\/person\/9043f5bd4f379ca7532bf525fa88073b"},"headline":"El diario franc\u00e9s &#8220;Le Monde&#8221; elogia el cielo de La Palma","datePublished":"2015-09-08T14:16:52+00:00","dateModified":"2015-09-25T07:54:12+00:00","mainEntityOfPage":{"@id":"https:\/\/www.starsislandlapalma.es\/en\/el-diario-frances-le-mond-elogia-el-cielo-de-la-palma\/"},"wordCount":73,"commentCount":0,"publisher":{"@id":"https:\/\/www.starsislandlapalma.es\/#organization"},"image":{"@id":"https:\/\/www.starsislandlapalma.es\/en\/el-diario-frances-le-mond-elogia-el-cielo-de-la-palma\/#primaryimage"},"thumbnailUrl":"https:\/\/www.starsislandlapalma.es\/wp-content\/uploads\/2015\/09\/le-mond.png","articleSection":["News"],"inLanguage":"en-US","potentialAction":[{"@type":"CommentAction","name":"Comment","target":["https:\/\/www.starsislandlapalma.es\/en\/el-diario-frances-le-mond-elogia-el-cielo-de-la-palma\/#respond"]}]},{"@type":"WebPage","@id":"https:\/\/www.starsislandlapalma.es\/en\/el-diario-frances-le-mond-elogia-el-cielo-de-la-palma\/","url":"https:\/\/www.starsislandlapalma.es\/en\/el-diario-frances-le-mond-elogia-el-cielo-de-la-palma\/","name":"El diario franc\u00e9s \"Le Monde\" elogia el cielo de La Palma &#8902; Stars Island La Palma","isPartOf":{"@id":"https:\/\/www.starsislandlapalma.es\/#website"},"primaryImageOfPage":{"@id":"https:\/\/www.starsislandlapalma.es\/en\/el-diario-frances-le-mond-elogia-el-cielo-de-la-palma\/#primaryimage"},"image":{"@id":"https:\/\/www.starsislandlapalma.es\/en\/el-diario-frances-le-mond-elogia-el-cielo-de-la-palma\/#primaryimage"},"thumbnailUrl":"https:\/\/www.starsislandlapalma.es\/wp-content\/uploads\/2015\/09\/le-mond.png","datePublished":"2015-09-08T14:16:52+00:00","dateModified":"2015-09-25T07:54:12+00:00","breadcrumb":{"@id":"https:\/\/www.starsislandlapalma.es\/en\/el-diario-frances-le-mond-elogia-el-cielo-de-la-palma\/#breadcrumb"},"inLanguage":"en-US","potentialAction":[{"@type":"ReadAction","target":["https:\/\/www.starsislandlapalma.es\/en\/el-diario-frances-le-mond-elogia-el-cielo-de-la-palma\/"]}]},{"@type":"ImageObject","inLanguage":"en-US","@id":"https:\/\/www.starsislandlapalma.es\/en\/el-diario-frances-le-mond-elogia-el-cielo-de-la-palma\/#primaryimage","url":"https:\/\/www.starsislandlapalma.es\/wp-content\/uploads\/2015\/09\/le-mond.png","contentUrl":"https:\/\/www.starsislandlapalma.es\/wp-content\/uploads\/2015\/09\/le-mond.png","width":829,"height":592},{"@type":"BreadcrumbList","@id":"https:\/\/www.starsislandlapalma.es\/en\/el-diario-frances-le-mond-elogia-el-cielo-de-la-palma\/#breadcrumb","itemListElement":[{"@type":"ListItem","position":1,"name":"Portada","item":"https:\/\/www.starsislandlapalma.es\/en\/"},{"@type":"ListItem","position":2,"name":"El diario franc\u00e9s \u00abLe Monde\u00bb elogia el cielo de La Palma"}]},{"@type":"WebSite","@id":"https:\/\/www.starsislandlapalma.es\/#website","url":"https:\/\/www.starsislandlapalma.es\/","name":"Stars Island La Palma","description":"La Palma, el lugar perfecto para disfrutar del universo. Primera Reserva Starlight del mundo, en 2012 se reconoce como Destino Tur\u00edstico Starlight","publisher":{"@id":"https:\/\/www.starsislandlapalma.es\/#organization"},"potentialAction":[{"@type":"SearchAction","target":{"@type":"EntryPoint","urlTemplate":"https:\/\/www.starsislandlapalma.es\/?s={search_term_string}"},"query-input":{"@type":"PropertyValueSpecification","valueRequired":true,"valueName":"search_term_string"}}],"inLanguage":"en-US"},{"@type":"Organization","@id":"https:\/\/www.starsislandlapalma.es\/#organization","name":"Star Island La Palma","url":"https:\/\/www.starsislandlapalma.es\/","logo":{"@type":"ImageObject","inLanguage":"en-US","@id":"https:\/\/www.starsislandlapalma.es\/#\/schema\/logo\/image\/","url":"https:\/\/www.starsislandlapalma.es\/wp-content\/uploads\/2022\/01\/logo_starisland.png","contentUrl":"https:\/\/www.starsislandlapalma.es\/wp-content\/uploads\/2022\/01\/logo_starisland.png","width":172,"height":139,"caption":"Star Island La Palma"},"image":{"@id":"https:\/\/www.starsislandlapalma.es\/#\/schema\/logo\/image\/"},"sameAs":["https:\/\/www.facebook.com\/pages\/Starsisland-La-Palma\/210888162375006?ref=hl","https:\/\/x.com\/starsislandlapa","https:\/\/www.pinterest.com\/astroturismo\/","https:\/\/www.youtube.com\/channel\/UCV7sju1ggcBpJG39HQCBtsA"]},{"@type":"Person","@id":"https:\/\/www.starsislandlapalma.es\/#\/schema\/person\/9043f5bd4f379ca7532bf525fa88073b","name":"Stars Island La Palma","image":{"@type":"ImageObject","inLanguage":"en-US","@id":"https:\/\/www.starsislandlapalma.es\/#\/schema\/person\/image\/","url":"https:\/\/secure.gravatar.com\/avatar\/214edfeae37af83662fa1058aeebfb41?s=96&d=mm&r=g","contentUrl":"https:\/\/secure.gravatar.com\/avatar\/214edfeae37af83662fa1058aeebfb41?s=96&d=mm&r=g","caption":"Stars Island La Palma"},"url":"https:\/\/www.starsislandlapalma.es\/en\/author\/star\/"}]}},"_links":{"self":[{"href":"https:\/\/www.starsislandlapalma.es\/en\/wp-json\/wp\/v2\/posts\/20231\/"}],"collection":[{"href":"https:\/\/www.starsislandlapalma.es\/en\/wp-json\/wp\/v2\/posts\/"}],"about":[{"href":"https:\/\/www.starsislandlapalma.es\/en\/wp-json\/wp\/v2\/types\/post\/"}],"author":[{"embeddable":true,"href":"https:\/\/www.starsislandlapalma.es\/en\/wp-json\/wp\/v2\/users\/1\/"}],"replies":[{"embeddable":true,"href":"https:\/\/www.starsislandlapalma.es\/en\/wp-json\/wp\/v2\/comments\/?post=20231"}],"version-history":[{"count":0,"href":"https:\/\/www.starsislandlapalma.es\/en\/wp-json\/wp\/v2\/posts\/20231\/revisions\/"}],"wp:featuredmedia":[{"embeddable":true,"href":"https:\/\/www.starsislandlapalma.es\/en\/wp-json\/wp\/v2\/media\/20232\/"}],"wp:attachment":[{"href":"https:\/\/www.starsislandlapalma.es\/en\/wp-json\/wp\/v2\/media\/?parent=20231"}],"wp:term":[{"taxonomy":"category","embeddable":true,"href":"https:\/\/www.starsislandlapalma.es\/en\/wp-json\/wp\/v2\/categories\/?post=20231"},{"taxonomy":"post_tag","embeddable":true,"href":"https:\/\/www.starsislandlapalma.es\/en\/wp-json\/wp\/v2\/tags\/?post=20231"}],"curies":[{"name":"wp","href":"https:\/\/api.w.org\/{rel}","templated":true}]}}