{"id":20490,"date":"2016-02-25T10:58:56","date_gmt":"2016-02-25T10:58:56","guid":{"rendered":"http:\/\/www.starsislandlapalma.es\/en\/el-xi-festivalitola-palma-festival-de-las-estrellas-se-celebra-del-13-al-21-de-mayo-de-2016\/"},"modified":"2020-10-08T08:09:21","modified_gmt":"2020-10-08T08:09:21","slug":"el-xi-festivalitola-palma-festival-de-las-estrellas-se-celebra-del-13-al-21-de-mayo-de-2016","status":"publish","type":"post","link":"https:\/\/www.starsislandlapalma.es\/en\/el-xi-festivalitola-palma-festival-de-las-estrellas-se-celebra-del-13-al-21-de-mayo-de-2016\/","title":{"rendered":"El XI FestivalitoLA PALMA\u2013 Festival de Las ESTRELLAS se celebra del 13 al 21 de mayo de 2016"},"content":{"rendered":"<ul>\n<li><em>Arte, Ciencia y Espiritualidad del 13 y el 21 de mayo, con una doble sede: Santa Cruz de La Palma y Los Llanos de Aridane.<\/em><\/li>\n<li><em>La Estrella Polar Homenaje del Festivalito La Palma recaer\u00e1 en Lloyd Kaufman, fundador del m\u00edtico sello de pel\u00edculas de serie \u2018Z\u2019 Troma y en el granmaestro espiritual Dhiravamsa.<\/em><\/li>\n<\/ul>\n<p style=\"text-align: justify;\">La isla de La Palma como punto de partida para una oleada creativa que pretende reinventar el mundo. Con esta propuesta vuelve el <em>Festivalito La Palma \u2013 Festival de Cine de las Estrellas<\/em>. Este a\u00f1o, la semana de actividades se adelanta y tendr\u00e1 lugar del <strong>13 al 21 de mayo<\/strong>. Adem\u00e1s, habr\u00e1 una doble sede: <strong>Santa Cruz de La Palma <\/strong>y<strong> Los Llanos de Aridane<\/strong>.<\/p>\n<p style=\"text-align: justify;\">Esta ma\u00f1ana se ha celebrado en el Teatro Chico <em>de Santa Cruz de La Palma la rueda de prensa de presentaci\u00f3n de la und\u00e9cima edici\u00f3n del Festivalito de La Palma \u2013 Festival de las Estrellas<\/em> con la asistencia de el presidente del Cabildo de La Palma, Anselmo Pestana; el consejero de Cultura del Cabildo de La Palma, Primitivo Jer\u00f3nimo; el alcalde de Santa Cruz de La Palma, Sergio Matos; la alcaldesa de Los Llanos de Aridane,&nbsp;Noelia Garc\u00eda Leal,&nbsp;y el director del certamen, Jose V\u00edctor Fuentes.<\/p>\n<p style=\"text-align: justify;\">El <em>Festivalito La Palma<\/em> est\u00e1 <strong>patrocinado<\/strong> por el Cabildo de La Palma, a trav\u00e9s de su Consejer\u00eda de Cultura y del Patronato de Turismo. Adem\u00e1s, cuenta con la <strong>colaboraci\u00f3n<\/strong> del Gobierno de Canarias, a trav\u00e9s de Canarias Cultura en Red, El Ayuntamiento de Santa Cruz de La Palma y el Ayuntamiento de Los Llanos de Aridane.<\/p>\n<p style=\"text-align: justify;\">Para esta nueva edici\u00f3n, la organizaci\u00f3n del <em>Festivalito La Palma <\/em>ha ideado un encuentro en el que se a\u00fana <strong>arte, ciencia y espiritualidad<\/strong>, con el objetivode <strong>comprender mejor el universo<\/strong><strong>&nbsp;<\/strong>y la relaci\u00f3n del <strong>hombre<\/strong>&nbsp;con la&nbsp;<strong>naturaleza<\/strong><strong>,<\/strong> a trav\u00e9s de actividades relacionadas con la&nbsp;<strong>creatividad<\/strong>y la&nbsp;<strong>consciencia<\/strong><strong>. <\/strong>&nbsp;Desde la organizaci\u00f3n se anima a todos los palmeros y a aquellos que se desplacen a la isla a ser part\u00edcipes de una aventura extraordinaria. \u201cSer\u00e1 un viaje \u00fanico, una experiencia tanto interior como exterior. Una semana de convivencia y experiencia vital, que no hay que esperar a que nos la cuenten\u201d, explica el director del certamen, Jose V\u00edctor Fuentes.<\/p>\n<p style=\"text-align: justify;\">De hecho, esta es la idea con la que se han ideado y desarrollado el cartel y la promo de esta nueva edici\u00f3n del certamen, que juegan con la imagen de un cohete, creado por la ilustradora Anu Jato, como s\u00edmbolo del viaje al que nos va a transportar el Festivalito de La Palma. Asimismo, el cartel es obra de la artista Vanessa Sancho y lapromo est\u00e1 dirigida por el cineasta Zac73dragon en colaboraci\u00f3n con laproductora palmera Enr\u00f3llate Films.<\/p>\n<p style=\"text-align: justify;\">El <em>Festivalito La Palma<\/em> es un <strong>festival multidisciplinar <\/strong>que ofrece cine, m\u00fasica, talleres espirituales, talleres de autoconocimiento y actividades cient\u00edficas, en entornos naturales de la isla. A lo largo de una semana se llevar\u00e1n a cabo rodajes de cine, proyecciones audiovisuales, conciertos de m\u00fasica, excursiones diurnas y nocturnas, acciones po\u00e9ticas, talleres vivenciales, conferencias, y encuentros con algunas de las grandes figuras del siglo XXI. Conoceremos y disfrutaremos de la obra y trabajo de grandes m\u00fasicos, cineastas, cient\u00edficos, fil\u00f3sofos, poetas, terapeutas, psic\u00f3logos, te\u00f3logos, soci\u00f3logos, l\u00edderes religosos, etc., que hablar\u00e1n en un lenguaje asequible para un p\u00fablico amplio, con la firme intenci\u00f3n de divulgar y expandir conocimiento.<\/p>\n<p style=\"text-align: justify;\">Entre todas las actividades del certamen destaca <strong><em>La Palma Rueda<\/em><\/strong>, el genuino <em>Concurso de Cortometrajes de Cine Xtremo<\/em>, que abre su inscripci\u00f3n a partir del 7 de marzo y con el se pretende convertir la isla de La Palma en un gran plat\u00f3 de cine. Directores, actores, t\u00e9cnicos y aficionados se enfrentar\u00e1n nuevamente al reto de idear, rodar y editar&nbsp; una pieza audiovisual durante la semana del festival. En la anterior edici\u00f3n, este concurso reuni\u00f3 a m\u00e1s de 280 personas, que rodaron un total de 84 piezas audiovisuales.<\/p>\n<p style=\"text-align: justify;\">A trav\u00e9s del <strong>Festivalito Play Cine<\/strong> se proyectar\u00e1n pel\u00edculas capaces de crear valores sociales y culturales, y que conciben el s\u00e9ptimo arte como un medio de expresi\u00f3n y difusi\u00f3n para el cambio social, el crecimiento personal y una nueva espiritualidad.<\/p>\n<p style=\"text-align: justify;\">El <strong>Festivalito Play Music<\/strong> llevar\u00e1 a la isla Conciertos de <em>WorldMusic<\/em> y <em>M\u00fasica Indi<\/em>e de reconocidos artistas nacionales y regionales con la intenci\u00f3n de ofrecer a los asistentes exploraci\u00f3n Sonora y experimentaci\u00f3n Audiovisual en plena naturaleza.<\/p>\n<p style=\"text-align: justify;\">El <strong>Festivalito Spirit<\/strong> lo conforman una serie de talleres vivencias que tienen la intenci\u00f3n de acercar al p\u00fablico asistente diferentes disciplinas, terapias y herramientas que nos ayudan a conocernos mejor y a descubrir facetas del cuerpo, de la mente y del esp\u00edritu que tal vez se desconocen.<\/p>\n<p style=\"text-align: justify;\">El objetivo del Festivalito es liberar <strong>energ\u00eda creativa<\/strong> a trav\u00e9s de un <strong>festival multidisciplinar <\/strong>lleno de actividades l\u00fadicas y que el p\u00fablico entienda que esta creatividad se puede desarrollar en todas las facetas de la vida. \u201cSer creativos no s\u00f3lo pertenece a los cineastas o a los m\u00fasicos\u201d, apunta Fuentes, \u201ccon el Festivalito queremos fomentar la creatividad en todos los rincones de la isla de La Palma\u201d<\/p>\n<p style=\"text-align: justify;\">El Premio Homenaje <strong><em>Estrella Polar del Festivalito<\/em><\/strong> recaer\u00e1 este a\u00f1os en dos grandes figuras internacionales septuagenarias: el cineasta Lloyd Kaufman y el maestro espiritual Dhiravamsa.<\/p>\n<p style=\"text-align: justify;\">El aclamado cineasta estadounidense <strong>Lloyd Kaufman<\/strong> es el fundador en 1974 de <strong>Troma,<\/strong> la m\u00edtica productora y distribuidora de producciones de <strong>serie \u2018Z\u2019, <\/strong>y responsable de la creaci\u00f3n de pel\u00edculas eternas como <em>El vengador t\u00f3ximo<\/em>. Este tipo de cine Z es venerado por directores como Quentin Tarantino, Robert Rodr\u00edguez, \u00c1lex de la Iglesia o Santiago Segura,&nbsp; ya que propone un cine comercial de bajo presupuesto con cintas realizadas con un alto grado de artesan\u00eda e ingenio est\u00e9tico. A lo largo de toda su carrera Lloyd Kaufman se ha caracterizado por producir, escribir y dirigir pel\u00edculas en\u00e9rgicas, sin las restricciones y convencionalismos impuestos a las producciones de mayor presupuesto. Ademas\ufdfd\ufdfd\ufdfd\ufdfd\ufdfd\ufdfd\ufdfd\ufdfddemn se ha caracterizado por producir, escribir y dirigirque tir la isla en un gran plat\u00e1s, sus pel\u00edculas, caracterizadas por ser un alarde de tripas y v\u00edsceras, al mismo tiempo siempre recogen un fuerte componente de trasfondo social y ecol\u00f3gico. Tanto Lloyd Kaufman, como el Universo Troma se han convertido en iconos del mundo del cine independiente.<\/p>\n<p style=\"text-align: justify;\">Por otro lado, <strong><em>Dhiravamsa<\/em><\/strong>es un maestro espiritualnacido en Tailandia, donde se form\u00f3 como monje budista y donde ha conseguido la m\u00e1s alta graduaci\u00f3n en Estudios Budistas, Religiones Comparadas y Temas de Actualidad, al tiempo que tambi\u00e9n ha sido instructor de psicolog\u00eda educativa. Desde el a\u00f1o 1971 y tras veinte a\u00f1os de retiro como monje en Tailandia, Dhiravamsa dej\u00f3 los h\u00e1bitos y se dedic\u00f3 a impartir sus ense\u00f1anzas y a prestar asesoramiento&nbsp;y asistencia psico-espiritual en Europa, Am\u00e9rica y Australia. Integra su pr\u00e1ctica y ense\u00f1anza de meditaci\u00f3n Vipassana, con el Eneagrama y otras terapias de crecimiento personal occidentalesy actividades relacionadas tales como el Trabajo de los Sue\u00f1os, la Imaginaci\u00f3n Activa y la Sanaci\u00f3n Hol\u00edstica.<\/p>\n<p style=\"text-align: justify;\">\u00a1Viajen con nosotros!<\/p>\n<p>\u00a1Vengan a vivir una aventura extraordinaria!<\/p>\n<p>\u00a1Est\u00e1n todos invitados!<\/p>\n<p>&nbsp;<\/p>\n<p><img decoding=\"async\" class=\"size-full wp-image-20487 aligncenter\" src=\"http:\/\/www.starsislandlapalma.es\/wp-content\/uploads\/2016\/02\/PosterXIFestivalitoV1_230216.jpg\" alt=\"PosterXIFestivalitoV1_230216\" width=\"600\" height=\"800\" srcset=\"https:\/\/www.starsislandlapalma.es\/wp-content\/uploads\/2016\/02\/PosterXIFestivalitoV1_230216.jpg 600w, https:\/\/www.starsislandlapalma.es\/wp-content\/uploads\/2016\/02\/PosterXIFestivalitoV1_230216-225x300.jpg 225w\" sizes=\"(max-width: 600px) 100vw, 600px\" \/><\/p>\n","protected":false},"excerpt":{"rendered":"<p>Arte, Ciencia y Espiritualidad del 13 y el 21 de mayo, con una doble sede: Santa Cruz de La Palma y Los Llanos de Aridane. La Estrella Polar Homenaje del Festivalito La Palma recaer\u00e1 en Lloyd Kaufman, fundador del m\u00edtico sello de pel\u00edculas de serie&#8230;<\/p>\n","protected":false},"author":1,"featured_media":21742,"comment_status":"open","ping_status":"open","sticky":false,"template":"","format":"standard","meta":{"footnotes":""},"categories":[139,136],"tags":[226,280,281,282,283],"yoast_head":"<!-- This site is optimized with the Yoast SEO plugin v24.5 - https:\/\/yoast.com\/wordpress\/plugins\/seo\/ -->\n<title>El XI FestivalitoLA PALMA\u2013 Festival de Las ESTRELLAS se celebra del 13 al 21 de mayo de 2016 &#8902; Stars Island La Palma<\/title>\n<meta name=\"robots\" content=\"index, follow, max-snippet:-1, max-image-preview:large, max-video-preview:-1\" \/>\n<link rel=\"canonical\" href=\"https:\/\/www.starsislandlapalma.es\/en\/el-xi-festivalitola-palma-festival-de-las-estrellas-se-celebra-del-13-al-21-de-mayo-de-2016\/\" \/>\n<meta property=\"og:locale\" content=\"en_US\" \/>\n<meta property=\"og:type\" content=\"article\" \/>\n<meta property=\"og:title\" content=\"El XI FestivalitoLA PALMA\u2013 Festival de Las ESTRELLAS se celebra del 13 al 21 de mayo de 2016 &#8902; Stars Island La Palma\" \/>\n<meta property=\"og:description\" content=\"Arte, Ciencia y Espiritualidad del 13 y el 21 de mayo, con una doble sede: Santa Cruz de La Palma y Los Llanos de Aridane. La Estrella Polar Homenaje del Festivalito La Palma recaer\u00e1 en Lloyd Kaufman, fundador del m\u00edtico sello de pel\u00edculas de serie...\" \/>\n<meta property=\"og:url\" content=\"https:\/\/www.starsislandlapalma.es\/en\/el-xi-festivalitola-palma-festival-de-las-estrellas-se-celebra-del-13-al-21-de-mayo-de-2016\/\" \/>\n<meta property=\"og:site_name\" content=\"Stars Island La Palma\" \/>\n<meta property=\"article:publisher\" content=\"https:\/\/www.facebook.com\/pages\/Starsisland-La-Palma\/210888162375006?ref=hl\" \/>\n<meta property=\"article:published_time\" content=\"2016-02-25T10:58:56+00:00\" \/>\n<meta property=\"article:modified_time\" content=\"2020-10-08T08:09:21+00:00\" \/>\n<meta property=\"og:image\" content=\"https:\/\/www.starsislandlapalma.es\/wp-content\/uploads\/2016\/02\/240216-Presentacon-XI-Festivalito.jpg\" \/>\n\t<meta property=\"og:image:width\" content=\"1024\" \/>\n\t<meta property=\"og:image:height\" content=\"431\" \/>\n\t<meta property=\"og:image:type\" content=\"image\/jpeg\" \/>\n<meta name=\"author\" content=\"Stars Island La Palma\" \/>\n<meta name=\"twitter:label1\" content=\"Written by\" \/>\n\t<meta name=\"twitter:data1\" content=\"Stars Island La Palma\" \/>\n\t<meta name=\"twitter:label2\" content=\"Est. reading time\" \/>\n\t<meta name=\"twitter:data2\" content=\"6 minutes\" \/>\n<script type=\"application\/ld+json\" class=\"yoast-schema-graph\">{\"@context\":\"https:\/\/schema.org\",\"@graph\":[{\"@type\":\"Article\",\"@id\":\"https:\/\/www.starsislandlapalma.es\/en\/el-xi-festivalitola-palma-festival-de-las-estrellas-se-celebra-del-13-al-21-de-mayo-de-2016\/#article\",\"isPartOf\":{\"@id\":\"https:\/\/www.starsislandlapalma.es\/en\/el-xi-festivalitola-palma-festival-de-las-estrellas-se-celebra-del-13-al-21-de-mayo-de-2016\/\"},\"author\":{\"name\":\"Stars Island La Palma\",\"@id\":\"https:\/\/www.starsislandlapalma.es\/#\/schema\/person\/9043f5bd4f379ca7532bf525fa88073b\"},\"headline\":\"El XI FestivalitoLA PALMA\u2013 Festival de Las ESTRELLAS se celebra del 13 al 21 de mayo de 2016\",\"datePublished\":\"2016-02-25T10:58:56+00:00\",\"dateModified\":\"2020-10-08T08:09:21+00:00\",\"mainEntityOfPage\":{\"@id\":\"https:\/\/www.starsislandlapalma.es\/en\/el-xi-festivalitola-palma-festival-de-las-estrellas-se-celebra-del-13-al-21-de-mayo-de-2016\/\"},\"wordCount\":1263,\"commentCount\":0,\"publisher\":{\"@id\":\"https:\/\/www.starsislandlapalma.es\/#organization\"},\"image\":{\"@id\":\"https:\/\/www.starsislandlapalma.es\/en\/el-xi-festivalitola-palma-festival-de-las-estrellas-se-celebra-del-13-al-21-de-mayo-de-2016\/#primaryimage\"},\"thumbnailUrl\":\"https:\/\/www.starsislandlapalma.es\/wp-content\/uploads\/2016\/02\/240216-Presentacon-XI-Festivalito.jpg\",\"keywords\":[\"estrellas\",\"Festivalito La Palma\",\"Los Llanos de Aridane\",\"Santa Cruz de La Palma\",\"Universo\"],\"articleSection\":[\"Events\",\"News\"],\"inLanguage\":\"en-US\",\"potentialAction\":[{\"@type\":\"CommentAction\",\"name\":\"Comment\",\"target\":[\"https:\/\/www.starsislandlapalma.es\/en\/el-xi-festivalitola-palma-festival-de-las-estrellas-se-celebra-del-13-al-21-de-mayo-de-2016\/#respond\"]}]},{\"@type\":\"WebPage\",\"@id\":\"https:\/\/www.starsislandlapalma.es\/en\/el-xi-festivalitola-palma-festival-de-las-estrellas-se-celebra-del-13-al-21-de-mayo-de-2016\/\",\"url\":\"https:\/\/www.starsislandlapalma.es\/en\/el-xi-festivalitola-palma-festival-de-las-estrellas-se-celebra-del-13-al-21-de-mayo-de-2016\/\",\"name\":\"El XI FestivalitoLA PALMA\u2013 Festival de Las ESTRELLAS se celebra del 13 al 21 de mayo de 2016 &#8902; Stars Island La Palma\",\"isPartOf\":{\"@id\":\"https:\/\/www.starsislandlapalma.es\/#website\"},\"primaryImageOfPage\":{\"@id\":\"https:\/\/www.starsislandlapalma.es\/en\/el-xi-festivalitola-palma-festival-de-las-estrellas-se-celebra-del-13-al-21-de-mayo-de-2016\/#primaryimage\"},\"image\":{\"@id\":\"https:\/\/www.starsislandlapalma.es\/en\/el-xi-festivalitola-palma-festival-de-las-estrellas-se-celebra-del-13-al-21-de-mayo-de-2016\/#primaryimage\"},\"thumbnailUrl\":\"https:\/\/www.starsislandlapalma.es\/wp-content\/uploads\/2016\/02\/240216-Presentacon-XI-Festivalito.jpg\",\"datePublished\":\"2016-02-25T10:58:56+00:00\",\"dateModified\":\"2020-10-08T08:09:21+00:00\",\"breadcrumb\":{\"@id\":\"https:\/\/www.starsislandlapalma.es\/en\/el-xi-festivalitola-palma-festival-de-las-estrellas-se-celebra-del-13-al-21-de-mayo-de-2016\/#breadcrumb\"},\"inLanguage\":\"en-US\",\"potentialAction\":[{\"@type\":\"ReadAction\",\"target\":[\"https:\/\/www.starsislandlapalma.es\/en\/el-xi-festivalitola-palma-festival-de-las-estrellas-se-celebra-del-13-al-21-de-mayo-de-2016\/\"]}]},{\"@type\":\"ImageObject\",\"inLanguage\":\"en-US\",\"@id\":\"https:\/\/www.starsislandlapalma.es\/en\/el-xi-festivalitola-palma-festival-de-las-estrellas-se-celebra-del-13-al-21-de-mayo-de-2016\/#primaryimage\",\"url\":\"https:\/\/www.starsislandlapalma.es\/wp-content\/uploads\/2016\/02\/240216-Presentacon-XI-Festivalito.jpg\",\"contentUrl\":\"https:\/\/www.starsislandlapalma.es\/wp-content\/uploads\/2016\/02\/240216-Presentacon-XI-Festivalito.jpg\",\"width\":1024,\"height\":431},{\"@type\":\"BreadcrumbList\",\"@id\":\"https:\/\/www.starsislandlapalma.es\/en\/el-xi-festivalitola-palma-festival-de-las-estrellas-se-celebra-del-13-al-21-de-mayo-de-2016\/#breadcrumb\",\"itemListElement\":[{\"@type\":\"ListItem\",\"position\":1,\"name\":\"Portada\",\"item\":\"https:\/\/www.starsislandlapalma.es\/en\/\"},{\"@type\":\"ListItem\",\"position\":2,\"name\":\"El XI FestivalitoLA PALMA\u2013 Festival de Las ESTRELLAS se celebra del 13 al 21 de mayo de 2016\"}]},{\"@type\":\"WebSite\",\"@id\":\"https:\/\/www.starsislandlapalma.es\/#website\",\"url\":\"https:\/\/www.starsislandlapalma.es\/\",\"name\":\"Stars Island La Palma\",\"description\":\"La Palma, el lugar perfecto para disfrutar del universo. Primera Reserva Starlight del mundo, en 2012 se reconoce como Destino Tur\u00edstico Starlight\",\"publisher\":{\"@id\":\"https:\/\/www.starsislandlapalma.es\/#organization\"},\"potentialAction\":[{\"@type\":\"SearchAction\",\"target\":{\"@type\":\"EntryPoint\",\"urlTemplate\":\"https:\/\/www.starsislandlapalma.es\/?s={search_term_string}\"},\"query-input\":{\"@type\":\"PropertyValueSpecification\",\"valueRequired\":true,\"valueName\":\"search_term_string\"}}],\"inLanguage\":\"en-US\"},{\"@type\":\"Organization\",\"@id\":\"https:\/\/www.starsislandlapalma.es\/#organization\",\"name\":\"Star Island La Palma\",\"url\":\"https:\/\/www.starsislandlapalma.es\/\",\"logo\":{\"@type\":\"ImageObject\",\"inLanguage\":\"en-US\",\"@id\":\"https:\/\/www.starsislandlapalma.es\/#\/schema\/logo\/image\/\",\"url\":\"https:\/\/www.starsislandlapalma.es\/wp-content\/uploads\/2022\/01\/logo_starisland.png\",\"contentUrl\":\"https:\/\/www.starsislandlapalma.es\/wp-content\/uploads\/2022\/01\/logo_starisland.png\",\"width\":172,\"height\":139,\"caption\":\"Star Island La Palma\"},\"image\":{\"@id\":\"https:\/\/www.starsislandlapalma.es\/#\/schema\/logo\/image\/\"},\"sameAs\":[\"https:\/\/www.facebook.com\/pages\/Starsisland-La-Palma\/210888162375006?ref=hl\",\"https:\/\/x.com\/starsislandlapa\",\"https:\/\/www.pinterest.com\/astroturismo\/\",\"https:\/\/www.youtube.com\/channel\/UCV7sju1ggcBpJG39HQCBtsA\"]},{\"@type\":\"Person\",\"@id\":\"https:\/\/www.starsislandlapalma.es\/#\/schema\/person\/9043f5bd4f379ca7532bf525fa88073b\",\"name\":\"Stars Island La Palma\",\"image\":{\"@type\":\"ImageObject\",\"inLanguage\":\"en-US\",\"@id\":\"https:\/\/www.starsislandlapalma.es\/#\/schema\/person\/image\/\",\"url\":\"https:\/\/secure.gravatar.com\/avatar\/214edfeae37af83662fa1058aeebfb41?s=96&d=mm&r=g\",\"contentUrl\":\"https:\/\/secure.gravatar.com\/avatar\/214edfeae37af83662fa1058aeebfb41?s=96&d=mm&r=g\",\"caption\":\"Stars Island La Palma\"},\"url\":\"https:\/\/www.starsislandlapalma.es\/en\/author\/star\/\"}]}<\/script>\n<!-- \/ Yoast SEO plugin. -->","yoast_head_json":{"title":"El XI FestivalitoLA PALMA\u2013 Festival de Las ESTRELLAS se celebra del 13 al 21 de mayo de 2016 &#8902; Stars Island La Palma","robots":{"index":"index","follow":"follow","max-snippet":"max-snippet:-1","max-image-preview":"max-image-preview:large","max-video-preview":"max-video-preview:-1"},"canonical":"https:\/\/www.starsislandlapalma.es\/en\/el-xi-festivalitola-palma-festival-de-las-estrellas-se-celebra-del-13-al-21-de-mayo-de-2016\/","og_locale":"en_US","og_type":"article","og_title":"El XI FestivalitoLA PALMA\u2013 Festival de Las ESTRELLAS se celebra del 13 al 21 de mayo de 2016 &#8902; Stars Island La Palma","og_description":"Arte, Ciencia y Espiritualidad del 13 y el 21 de mayo, con una doble sede: Santa Cruz de La Palma y Los Llanos de Aridane. La Estrella Polar Homenaje del Festivalito La Palma recaer\u00e1 en Lloyd Kaufman, fundador del m\u00edtico sello de pel\u00edculas de serie...","og_url":"https:\/\/www.starsislandlapalma.es\/en\/el-xi-festivalitola-palma-festival-de-las-estrellas-se-celebra-del-13-al-21-de-mayo-de-2016\/","og_site_name":"Stars Island La Palma","article_publisher":"https:\/\/www.facebook.com\/pages\/Starsisland-La-Palma\/210888162375006?ref=hl","article_published_time":"2016-02-25T10:58:56+00:00","article_modified_time":"2020-10-08T08:09:21+00:00","og_image":[{"width":1024,"height":431,"url":"https:\/\/www.starsislandlapalma.es\/wp-content\/uploads\/2016\/02\/240216-Presentacon-XI-Festivalito.jpg","type":"image\/jpeg"}],"author":"Stars Island La Palma","twitter_misc":{"Written by":"Stars Island La Palma","Est. reading time":"6 minutes"},"schema":{"@context":"https:\/\/schema.org","@graph":[{"@type":"Article","@id":"https:\/\/www.starsislandlapalma.es\/en\/el-xi-festivalitola-palma-festival-de-las-estrellas-se-celebra-del-13-al-21-de-mayo-de-2016\/#article","isPartOf":{"@id":"https:\/\/www.starsislandlapalma.es\/en\/el-xi-festivalitola-palma-festival-de-las-estrellas-se-celebra-del-13-al-21-de-mayo-de-2016\/"},"author":{"name":"Stars Island La Palma","@id":"https:\/\/www.starsislandlapalma.es\/#\/schema\/person\/9043f5bd4f379ca7532bf525fa88073b"},"headline":"El XI FestivalitoLA PALMA\u2013 Festival de Las ESTRELLAS se celebra del 13 al 21 de mayo de 2016","datePublished":"2016-02-25T10:58:56+00:00","dateModified":"2020-10-08T08:09:21+00:00","mainEntityOfPage":{"@id":"https:\/\/www.starsislandlapalma.es\/en\/el-xi-festivalitola-palma-festival-de-las-estrellas-se-celebra-del-13-al-21-de-mayo-de-2016\/"},"wordCount":1263,"commentCount":0,"publisher":{"@id":"https:\/\/www.starsislandlapalma.es\/#organization"},"image":{"@id":"https:\/\/www.starsislandlapalma.es\/en\/el-xi-festivalitola-palma-festival-de-las-estrellas-se-celebra-del-13-al-21-de-mayo-de-2016\/#primaryimage"},"thumbnailUrl":"https:\/\/www.starsislandlapalma.es\/wp-content\/uploads\/2016\/02\/240216-Presentacon-XI-Festivalito.jpg","keywords":["estrellas","Festivalito La Palma","Los Llanos de Aridane","Santa Cruz de La Palma","Universo"],"articleSection":["Events","News"],"inLanguage":"en-US","potentialAction":[{"@type":"CommentAction","name":"Comment","target":["https:\/\/www.starsislandlapalma.es\/en\/el-xi-festivalitola-palma-festival-de-las-estrellas-se-celebra-del-13-al-21-de-mayo-de-2016\/#respond"]}]},{"@type":"WebPage","@id":"https:\/\/www.starsislandlapalma.es\/en\/el-xi-festivalitola-palma-festival-de-las-estrellas-se-celebra-del-13-al-21-de-mayo-de-2016\/","url":"https:\/\/www.starsislandlapalma.es\/en\/el-xi-festivalitola-palma-festival-de-las-estrellas-se-celebra-del-13-al-21-de-mayo-de-2016\/","name":"El XI FestivalitoLA PALMA\u2013 Festival de Las ESTRELLAS se celebra del 13 al 21 de mayo de 2016 &#8902; Stars Island La Palma","isPartOf":{"@id":"https:\/\/www.starsislandlapalma.es\/#website"},"primaryImageOfPage":{"@id":"https:\/\/www.starsislandlapalma.es\/en\/el-xi-festivalitola-palma-festival-de-las-estrellas-se-celebra-del-13-al-21-de-mayo-de-2016\/#primaryimage"},"image":{"@id":"https:\/\/www.starsislandlapalma.es\/en\/el-xi-festivalitola-palma-festival-de-las-estrellas-se-celebra-del-13-al-21-de-mayo-de-2016\/#primaryimage"},"thumbnailUrl":"https:\/\/www.starsislandlapalma.es\/wp-content\/uploads\/2016\/02\/240216-Presentacon-XI-Festivalito.jpg","datePublished":"2016-02-25T10:58:56+00:00","dateModified":"2020-10-08T08:09:21+00:00","breadcrumb":{"@id":"https:\/\/www.starsislandlapalma.es\/en\/el-xi-festivalitola-palma-festival-de-las-estrellas-se-celebra-del-13-al-21-de-mayo-de-2016\/#breadcrumb"},"inLanguage":"en-US","potentialAction":[{"@type":"ReadAction","target":["https:\/\/www.starsislandlapalma.es\/en\/el-xi-festivalitola-palma-festival-de-las-estrellas-se-celebra-del-13-al-21-de-mayo-de-2016\/"]}]},{"@type":"ImageObject","inLanguage":"en-US","@id":"https:\/\/www.starsislandlapalma.es\/en\/el-xi-festivalitola-palma-festival-de-las-estrellas-se-celebra-del-13-al-21-de-mayo-de-2016\/#primaryimage","url":"https:\/\/www.starsislandlapalma.es\/wp-content\/uploads\/2016\/02\/240216-Presentacon-XI-Festivalito.jpg","contentUrl":"https:\/\/www.starsislandlapalma.es\/wp-content\/uploads\/2016\/02\/240216-Presentacon-XI-Festivalito.jpg","width":1024,"height":431},{"@type":"BreadcrumbList","@id":"https:\/\/www.starsislandlapalma.es\/en\/el-xi-festivalitola-palma-festival-de-las-estrellas-se-celebra-del-13-al-21-de-mayo-de-2016\/#breadcrumb","itemListElement":[{"@type":"ListItem","position":1,"name":"Portada","item":"https:\/\/www.starsislandlapalma.es\/en\/"},{"@type":"ListItem","position":2,"name":"El XI FestivalitoLA PALMA\u2013 Festival de Las ESTRELLAS se celebra del 13 al 21 de mayo de 2016"}]},{"@type":"WebSite","@id":"https:\/\/www.starsislandlapalma.es\/#website","url":"https:\/\/www.starsislandlapalma.es\/","name":"Stars Island La Palma","description":"La Palma, el lugar perfecto para disfrutar del universo. Primera Reserva Starlight del mundo, en 2012 se reconoce como Destino Tur\u00edstico Starlight","publisher":{"@id":"https:\/\/www.starsislandlapalma.es\/#organization"},"potentialAction":[{"@type":"SearchAction","target":{"@type":"EntryPoint","urlTemplate":"https:\/\/www.starsislandlapalma.es\/?s={search_term_string}"},"query-input":{"@type":"PropertyValueSpecification","valueRequired":true,"valueName":"search_term_string"}}],"inLanguage":"en-US"},{"@type":"Organization","@id":"https:\/\/www.starsislandlapalma.es\/#organization","name":"Star Island La Palma","url":"https:\/\/www.starsislandlapalma.es\/","logo":{"@type":"ImageObject","inLanguage":"en-US","@id":"https:\/\/www.starsislandlapalma.es\/#\/schema\/logo\/image\/","url":"https:\/\/www.starsislandlapalma.es\/wp-content\/uploads\/2022\/01\/logo_starisland.png","contentUrl":"https:\/\/www.starsislandlapalma.es\/wp-content\/uploads\/2022\/01\/logo_starisland.png","width":172,"height":139,"caption":"Star Island La Palma"},"image":{"@id":"https:\/\/www.starsislandlapalma.es\/#\/schema\/logo\/image\/"},"sameAs":["https:\/\/www.facebook.com\/pages\/Starsisland-La-Palma\/210888162375006?ref=hl","https:\/\/x.com\/starsislandlapa","https:\/\/www.pinterest.com\/astroturismo\/","https:\/\/www.youtube.com\/channel\/UCV7sju1ggcBpJG39HQCBtsA"]},{"@type":"Person","@id":"https:\/\/www.starsislandlapalma.es\/#\/schema\/person\/9043f5bd4f379ca7532bf525fa88073b","name":"Stars Island La Palma","image":{"@type":"ImageObject","inLanguage":"en-US","@id":"https:\/\/www.starsislandlapalma.es\/#\/schema\/person\/image\/","url":"https:\/\/secure.gravatar.com\/avatar\/214edfeae37af83662fa1058aeebfb41?s=96&d=mm&r=g","contentUrl":"https:\/\/secure.gravatar.com\/avatar\/214edfeae37af83662fa1058aeebfb41?s=96&d=mm&r=g","caption":"Stars Island La Palma"},"url":"https:\/\/www.starsislandlapalma.es\/en\/author\/star\/"}]}},"_links":{"self":[{"href":"https:\/\/www.starsislandlapalma.es\/en\/wp-json\/wp\/v2\/posts\/20490\/"}],"collection":[{"href":"https:\/\/www.starsislandlapalma.es\/en\/wp-json\/wp\/v2\/posts\/"}],"about":[{"href":"https:\/\/www.starsislandlapalma.es\/en\/wp-json\/wp\/v2\/types\/post\/"}],"author":[{"embeddable":true,"href":"https:\/\/www.starsislandlapalma.es\/en\/wp-json\/wp\/v2\/users\/1\/"}],"replies":[{"embeddable":true,"href":"https:\/\/www.starsislandlapalma.es\/en\/wp-json\/wp\/v2\/comments\/?post=20490"}],"version-history":[{"count":0,"href":"https:\/\/www.starsislandlapalma.es\/en\/wp-json\/wp\/v2\/posts\/20490\/revisions\/"}],"wp:featuredmedia":[{"embeddable":true,"href":"https:\/\/www.starsislandlapalma.es\/en\/wp-json\/wp\/v2\/media\/21742\/"}],"wp:attachment":[{"href":"https:\/\/www.starsislandlapalma.es\/en\/wp-json\/wp\/v2\/media\/?parent=20490"}],"wp:term":[{"taxonomy":"category","embeddable":true,"href":"https:\/\/www.starsislandlapalma.es\/en\/wp-json\/wp\/v2\/categories\/?post=20490"},{"taxonomy":"post_tag","embeddable":true,"href":"https:\/\/www.starsislandlapalma.es\/en\/wp-json\/wp\/v2\/tags\/?post=20490"}],"curies":[{"name":"wp","href":"https:\/\/api.w.org\/{rel}","templated":true}]}}