{"id":20743,"date":"2016-11-29T10:04:24","date_gmt":"2016-11-29T10:04:24","guid":{"rendered":"http:\/\/www.starsislandlapalma.es\/en\/el-proyecto-soul-of-sol-la-palma-llega-por-primera-vez-a-la-isla-con-la-exposicion-start-technarte\/"},"modified":"2017-02-21T17:22:39","modified_gmt":"2017-02-21T17:22:39","slug":"el-proyecto-soul-of-sol-la-palma-llega-por-primera-vez-a-la-isla-con-la-exposicion-start-technarte","status":"publish","type":"post","link":"https:\/\/www.starsislandlapalma.es\/en\/el-proyecto-soul-of-sol-la-palma-llega-por-primera-vez-a-la-isla-con-la-exposicion-start-technarte\/","title":{"rendered":"El proyecto \u2018Soul of Sol La Palma\u2019 llega por primera vez a la Isla con la exposici\u00f3n \u2018Start Technarte\u2019"},"content":{"rendered":"<p style=\"text-align: justify;\"><em>Hoy se ha inaugurado la muestra en la Casa Salazar que alberga la obra de la australiana Jessie Hughes que fusiona arte, ciencia y tecnolog\u00eda tras desarrollar una beca en el Observatorio del Roque de Los Muchachos<\/em><\/p>\n<p style=\"text-align: justify;\">El desarrollo y primer prototipo del proyecto de arte, ciencia y tecnolog\u00eda <em>Soul of Sol<\/em> <em>La Palma<\/em> que ha realizado la artista australiana Jessie Hughes ya se puede conocer en su totalidad gracias a la exposici\u00f3n <em>Start Technarte<\/em> que se ha inaugurado hoy en la Casa Principal de Salazar de Santa Cruz de La Palma, y que permanecer\u00e1 abierta al p\u00fablico hasta el pr\u00f3ximo 11 de diciembre.<\/p>\n<p style=\"text-align: justify;\"><em>Souf of Sol La Palma<\/em> es un proyecto que se desarroll\u00f3 en el marco de la beca Start Technarte La Palma, y que la joven artista concibi\u00f3 durante su estancia de casi un mes en el Observatorio del Roque de los Muchachos.<\/p>\n<p style=\"text-align: justify;\">En la inauguraci\u00f3n de la muestra <em>Start Technarte <\/em>han estado presentes hoy el presidente del Cabildo de La Palma, Anselmo Pestana, la consejera insular de Turismo, Alicia Vanoostende, el alcalde de Santa Cruz de La Palma, Sergio Matos, el director insular de la Administraci\u00f3n General del Estado en La Palma, Miguel \u00c1ngel Morcuende, el presidente del CIT \u2018Tedote\u2019, \u00d3scar Le\u00f3n, el administrador del Observatorio del Roque de Los Muchachos, Juan Carlos P\u00e9rez, el responsable de Cielos La Palma, Antonio Gonz\u00e1lez, y el responsable de Innnovalia, Antonio Collado.<\/p>\n<p style=\"text-align: justify;\">Anselmo Pestana ha destacado que esta iniciativa ha conseguido proyectar el nombre de La Palma \u201cgracias a una convocatoria internacional en torno a tres pilares tan atractivos como son arte, ciencia y tecnolog\u00eda. Sobre estos pilares el Cabildo de La Palma y otras entidades hemos unido esfuerzos por el bien de llevar el nombre de La Palma, as\u00ed como de la ciencia de primer nivel que se hace en nuestra Isla, fuera de nuestras fronteras, tal y como pas\u00f3 con la exposici\u00f3n del proyecto <em>Soul of Sol La Palma<\/em> en Bilbao, Londres y Los \u00c1ngeles, as\u00ed como los que puedan venir a partir de este momento\u201d.<\/p>\n<p style=\"text-align: justify;\">La exposici\u00f3n que hoy ha quedado abierta al p\u00fablico en la Casa Salazar marca un recorrido por todo el proceso de ejecuci\u00f3n del proyecto <em>Soul of Sol La Palma<\/em>, desde el lanzamiento de la convocatoria, pasando por las tecnolog\u00edas utilizadas, hasta la creaci\u00f3n del prototipo desarrollado por Jessie Hughes.<\/p>\n<p style=\"text-align: justify;\">Durante la inauguraci\u00f3n, las autoridades presentes y los representantes de las distintas entidades, han coincidido en se\u00f1alar como con esta exposici\u00f3n se cumple el objetivo com\u00fan de todos los implicados de acercar la cultura a los ciudadanos palmeros, generando atractivo tur\u00edstico mediante proyectos de arte, ciencia y tecnolog\u00eda desarrollados en la Isla.<\/p>\n<p style=\"text-align: justify;\"><em>Soul of Sol La Palma <\/em>es una instalaci\u00f3n en la que los \u2018fr\u00edos\u2019 datos se convierten en algo c\u00e1lido, comunicativo y hermoso. El sistema de la instalaci\u00f3n (software) se ha creado para procesar una serie de algoritmos y generar audio e imagen que son percibidos finalmente por el p\u00fablico en una escultura, cuyo prototipo se puede ver en estos d\u00edas en la Casa Salazar.<\/p>\n<p style=\"text-align: justify;\">La instalaci\u00f3n tiene un cuerpo central, una forma estructural org\u00e1nica en cuya superficie se pueden visualizar datos del sol reconvertidos en im\u00e1genes animadas. Las animaciones que fluyen se combinan con el audio para \u201cdar vida\u201d a la estructura inanimada, sugiriendo que la escultura se mueve y se moldea conforme a las visualizaciones y el audio. \u201cMi intenci\u00f3n es que el \u2018alma del sol\u2019 \u2013sus fascinantes procesos internos- tome otra escala y sea transformada en una estructura cercana y c\u00e1lida para el ser humano\u201d, asegur\u00f3 Hughes meses atr\u00e1s con motivo de su estancia en La Palma.<\/p>\n<p style=\"text-align: justify;\">El proyecto <em>Start Technarte <\/em>es una iniciativa internacional promovida por Technarte, y el Centro de Iniciativas Tur\u00edsticas \u2018Tedote\u2019, financiada por el Cabildo Insular de La Palma, el Ministerio de Educaci\u00f3n, Cultura y Deporte y que cuenta con la colaboraci\u00f3n del Instituto de Astrof\u00edsica de Canarias (IAC), Canarias 2.0 y Cielos La Palma.<\/p>\n","protected":false},"excerpt":{"rendered":"<p>Hoy se ha inaugurado la muestra en la Casa Salazar que alberga la obra de la australiana Jessie Hughes que fusiona arte, ciencia y tecnolog\u00eda tras desarrollar una beca en el Observatorio del Roque de Los Muchachos El desarrollo y primer prototipo del proyecto de&#8230;<\/p>\n","protected":false},"author":1,"featured_media":20712,"comment_status":"open","ping_status":"open","sticky":false,"template":"","format":"standard","meta":{"footnotes":""},"categories":[136],"tags":[418,419,420,421],"yoast_head":"<!-- This site is optimized with the Yoast SEO plugin v24.5 - https:\/\/yoast.com\/wordpress\/plugins\/seo\/ -->\n<title>El proyecto \u2018Soul of Sol La Palma\u2019 llega por primera vez a la Isla con la exposici\u00f3n \u2018Start Technarte\u2019 &#8902; Stars Island La Palma<\/title>\n<meta name=\"robots\" content=\"index, follow, max-snippet:-1, max-image-preview:large, max-video-preview:-1\" \/>\n<link rel=\"canonical\" href=\"https:\/\/www.starsislandlapalma.es\/en\/el-proyecto-soul-of-sol-la-palma-llega-por-primera-vez-a-la-isla-con-la-exposicion-start-technarte\/\" \/>\n<meta property=\"og:locale\" content=\"en_US\" \/>\n<meta property=\"og:type\" content=\"article\" \/>\n<meta property=\"og:title\" content=\"El proyecto \u2018Soul of Sol La Palma\u2019 llega por primera vez a la Isla con la exposici\u00f3n \u2018Start Technarte\u2019 &#8902; Stars Island La Palma\" \/>\n<meta property=\"og:description\" content=\"Hoy se ha inaugurado la muestra en la Casa Salazar que alberga la obra de la australiana Jessie Hughes que fusiona arte, ciencia y tecnolog\u00eda tras desarrollar una beca en el Observatorio del Roque de Los Muchachos El desarrollo y primer prototipo del proyecto de...\" \/>\n<meta property=\"og:url\" content=\"https:\/\/www.starsislandlapalma.es\/en\/el-proyecto-soul-of-sol-la-palma-llega-por-primera-vez-a-la-isla-con-la-exposicion-start-technarte\/\" \/>\n<meta property=\"og:site_name\" content=\"Stars Island La Palma\" \/>\n<meta property=\"article:publisher\" content=\"https:\/\/www.facebook.com\/pages\/Starsisland-La-Palma\/210888162375006?ref=hl\" \/>\n<meta property=\"article:published_time\" content=\"2016-11-29T10:04:24+00:00\" \/>\n<meta property=\"article:modified_time\" content=\"2017-02-21T17:22:39+00:00\" \/>\n<meta property=\"og:image\" content=\"https:\/\/www.starsislandlapalma.es\/wp-content\/uploads\/2016\/11\/291116-Expo-Start-Technarte-4.jpg\" \/>\n\t<meta property=\"og:image:width\" content=\"1024\" \/>\n\t<meta property=\"og:image:height\" content=\"575\" \/>\n\t<meta property=\"og:image:type\" content=\"image\/jpeg\" \/>\n<meta name=\"author\" content=\"Stars Island La Palma\" \/>\n<meta name=\"twitter:label1\" content=\"Written by\" \/>\n\t<meta name=\"twitter:data1\" content=\"Stars Island La Palma\" \/>\n\t<meta name=\"twitter:label2\" content=\"Est. reading time\" \/>\n\t<meta name=\"twitter:data2\" content=\"3 minutes\" \/>\n<script type=\"application\/ld+json\" class=\"yoast-schema-graph\">{\"@context\":\"https:\/\/schema.org\",\"@graph\":[{\"@type\":\"Article\",\"@id\":\"https:\/\/www.starsislandlapalma.es\/en\/el-proyecto-soul-of-sol-la-palma-llega-por-primera-vez-a-la-isla-con-la-exposicion-start-technarte\/#article\",\"isPartOf\":{\"@id\":\"https:\/\/www.starsislandlapalma.es\/en\/el-proyecto-soul-of-sol-la-palma-llega-por-primera-vez-a-la-isla-con-la-exposicion-start-technarte\/\"},\"author\":{\"name\":\"Stars Island La Palma\",\"@id\":\"https:\/\/www.starsislandlapalma.es\/#\/schema\/person\/9043f5bd4f379ca7532bf525fa88073b\"},\"headline\":\"El proyecto \u2018Soul of Sol La Palma\u2019 llega por primera vez a la Isla con la exposici\u00f3n \u2018Start Technarte\u2019\",\"datePublished\":\"2016-11-29T10:04:24+00:00\",\"dateModified\":\"2017-02-21T17:22:39+00:00\",\"mainEntityOfPage\":{\"@id\":\"https:\/\/www.starsislandlapalma.es\/en\/el-proyecto-soul-of-sol-la-palma-llega-por-primera-vez-a-la-isla-con-la-exposicion-start-technarte\/\"},\"wordCount\":708,\"commentCount\":0,\"publisher\":{\"@id\":\"https:\/\/www.starsislandlapalma.es\/#organization\"},\"image\":{\"@id\":\"https:\/\/www.starsislandlapalma.es\/en\/el-proyecto-soul-of-sol-la-palma-llega-por-primera-vez-a-la-isla-con-la-exposicion-start-technarte\/#primaryimage\"},\"thumbnailUrl\":\"https:\/\/www.starsislandlapalma.es\/wp-content\/uploads\/2016\/11\/291116-Expo-Start-Technarte-4.jpg\",\"keywords\":[\"ciencia y tecnolog\u00eda\",\"observatorio roque del roque de los muchachos\",\"soul of sol la palma\",\"start technarte\"],\"articleSection\":[\"News\"],\"inLanguage\":\"en-US\",\"potentialAction\":[{\"@type\":\"CommentAction\",\"name\":\"Comment\",\"target\":[\"https:\/\/www.starsislandlapalma.es\/en\/el-proyecto-soul-of-sol-la-palma-llega-por-primera-vez-a-la-isla-con-la-exposicion-start-technarte\/#respond\"]}]},{\"@type\":\"WebPage\",\"@id\":\"https:\/\/www.starsislandlapalma.es\/en\/el-proyecto-soul-of-sol-la-palma-llega-por-primera-vez-a-la-isla-con-la-exposicion-start-technarte\/\",\"url\":\"https:\/\/www.starsislandlapalma.es\/en\/el-proyecto-soul-of-sol-la-palma-llega-por-primera-vez-a-la-isla-con-la-exposicion-start-technarte\/\",\"name\":\"El proyecto \u2018Soul of Sol La Palma\u2019 llega por primera vez a la Isla con la exposici\u00f3n \u2018Start Technarte\u2019 &#8902; Stars Island La Palma\",\"isPartOf\":{\"@id\":\"https:\/\/www.starsislandlapalma.es\/#website\"},\"primaryImageOfPage\":{\"@id\":\"https:\/\/www.starsislandlapalma.es\/en\/el-proyecto-soul-of-sol-la-palma-llega-por-primera-vez-a-la-isla-con-la-exposicion-start-technarte\/#primaryimage\"},\"image\":{\"@id\":\"https:\/\/www.starsislandlapalma.es\/en\/el-proyecto-soul-of-sol-la-palma-llega-por-primera-vez-a-la-isla-con-la-exposicion-start-technarte\/#primaryimage\"},\"thumbnailUrl\":\"https:\/\/www.starsislandlapalma.es\/wp-content\/uploads\/2016\/11\/291116-Expo-Start-Technarte-4.jpg\",\"datePublished\":\"2016-11-29T10:04:24+00:00\",\"dateModified\":\"2017-02-21T17:22:39+00:00\",\"breadcrumb\":{\"@id\":\"https:\/\/www.starsislandlapalma.es\/en\/el-proyecto-soul-of-sol-la-palma-llega-por-primera-vez-a-la-isla-con-la-exposicion-start-technarte\/#breadcrumb\"},\"inLanguage\":\"en-US\",\"potentialAction\":[{\"@type\":\"ReadAction\",\"target\":[\"https:\/\/www.starsislandlapalma.es\/en\/el-proyecto-soul-of-sol-la-palma-llega-por-primera-vez-a-la-isla-con-la-exposicion-start-technarte\/\"]}]},{\"@type\":\"ImageObject\",\"inLanguage\":\"en-US\",\"@id\":\"https:\/\/www.starsislandlapalma.es\/en\/el-proyecto-soul-of-sol-la-palma-llega-por-primera-vez-a-la-isla-con-la-exposicion-start-technarte\/#primaryimage\",\"url\":\"https:\/\/www.starsislandlapalma.es\/wp-content\/uploads\/2016\/11\/291116-Expo-Start-Technarte-4.jpg\",\"contentUrl\":\"https:\/\/www.starsislandlapalma.es\/wp-content\/uploads\/2016\/11\/291116-Expo-Start-Technarte-4.jpg\",\"width\":1024,\"height\":575},{\"@type\":\"BreadcrumbList\",\"@id\":\"https:\/\/www.starsislandlapalma.es\/en\/el-proyecto-soul-of-sol-la-palma-llega-por-primera-vez-a-la-isla-con-la-exposicion-start-technarte\/#breadcrumb\",\"itemListElement\":[{\"@type\":\"ListItem\",\"position\":1,\"name\":\"Portada\",\"item\":\"https:\/\/www.starsislandlapalma.es\/en\/\"},{\"@type\":\"ListItem\",\"position\":2,\"name\":\"El proyecto \u2018Soul of Sol La Palma\u2019 llega por primera vez a la Isla con la exposici\u00f3n \u2018Start Technarte\u2019\"}]},{\"@type\":\"WebSite\",\"@id\":\"https:\/\/www.starsislandlapalma.es\/#website\",\"url\":\"https:\/\/www.starsislandlapalma.es\/\",\"name\":\"Stars Island La Palma\",\"description\":\"La Palma, el lugar perfecto para disfrutar del universo. Primera Reserva Starlight del mundo, en 2012 se reconoce como Destino Tur\u00edstico Starlight\",\"publisher\":{\"@id\":\"https:\/\/www.starsislandlapalma.es\/#organization\"},\"potentialAction\":[{\"@type\":\"SearchAction\",\"target\":{\"@type\":\"EntryPoint\",\"urlTemplate\":\"https:\/\/www.starsislandlapalma.es\/?s={search_term_string}\"},\"query-input\":{\"@type\":\"PropertyValueSpecification\",\"valueRequired\":true,\"valueName\":\"search_term_string\"}}],\"inLanguage\":\"en-US\"},{\"@type\":\"Organization\",\"@id\":\"https:\/\/www.starsislandlapalma.es\/#organization\",\"name\":\"Star Island La Palma\",\"url\":\"https:\/\/www.starsislandlapalma.es\/\",\"logo\":{\"@type\":\"ImageObject\",\"inLanguage\":\"en-US\",\"@id\":\"https:\/\/www.starsislandlapalma.es\/#\/schema\/logo\/image\/\",\"url\":\"https:\/\/www.starsislandlapalma.es\/wp-content\/uploads\/2022\/01\/logo_starisland.png\",\"contentUrl\":\"https:\/\/www.starsislandlapalma.es\/wp-content\/uploads\/2022\/01\/logo_starisland.png\",\"width\":172,\"height\":139,\"caption\":\"Star Island La Palma\"},\"image\":{\"@id\":\"https:\/\/www.starsislandlapalma.es\/#\/schema\/logo\/image\/\"},\"sameAs\":[\"https:\/\/www.facebook.com\/pages\/Starsisland-La-Palma\/210888162375006?ref=hl\",\"https:\/\/x.com\/starsislandlapa\",\"https:\/\/www.pinterest.com\/astroturismo\/\",\"https:\/\/www.youtube.com\/channel\/UCV7sju1ggcBpJG39HQCBtsA\"]},{\"@type\":\"Person\",\"@id\":\"https:\/\/www.starsislandlapalma.es\/#\/schema\/person\/9043f5bd4f379ca7532bf525fa88073b\",\"name\":\"Stars Island La Palma\",\"image\":{\"@type\":\"ImageObject\",\"inLanguage\":\"en-US\",\"@id\":\"https:\/\/www.starsislandlapalma.es\/#\/schema\/person\/image\/\",\"url\":\"https:\/\/secure.gravatar.com\/avatar\/214edfeae37af83662fa1058aeebfb41?s=96&d=mm&r=g\",\"contentUrl\":\"https:\/\/secure.gravatar.com\/avatar\/214edfeae37af83662fa1058aeebfb41?s=96&d=mm&r=g\",\"caption\":\"Stars Island La Palma\"},\"url\":\"https:\/\/www.starsislandlapalma.es\/en\/author\/star\/\"}]}<\/script>\n<!-- \/ Yoast SEO plugin. -->","yoast_head_json":{"title":"El proyecto \u2018Soul of Sol La Palma\u2019 llega por primera vez a la Isla con la exposici\u00f3n \u2018Start Technarte\u2019 &#8902; Stars Island La Palma","robots":{"index":"index","follow":"follow","max-snippet":"max-snippet:-1","max-image-preview":"max-image-preview:large","max-video-preview":"max-video-preview:-1"},"canonical":"https:\/\/www.starsislandlapalma.es\/en\/el-proyecto-soul-of-sol-la-palma-llega-por-primera-vez-a-la-isla-con-la-exposicion-start-technarte\/","og_locale":"en_US","og_type":"article","og_title":"El proyecto \u2018Soul of Sol La Palma\u2019 llega por primera vez a la Isla con la exposici\u00f3n \u2018Start Technarte\u2019 &#8902; Stars Island La Palma","og_description":"Hoy se ha inaugurado la muestra en la Casa Salazar que alberga la obra de la australiana Jessie Hughes que fusiona arte, ciencia y tecnolog\u00eda tras desarrollar una beca en el Observatorio del Roque de Los Muchachos El desarrollo y primer prototipo del proyecto de...","og_url":"https:\/\/www.starsislandlapalma.es\/en\/el-proyecto-soul-of-sol-la-palma-llega-por-primera-vez-a-la-isla-con-la-exposicion-start-technarte\/","og_site_name":"Stars Island La Palma","article_publisher":"https:\/\/www.facebook.com\/pages\/Starsisland-La-Palma\/210888162375006?ref=hl","article_published_time":"2016-11-29T10:04:24+00:00","article_modified_time":"2017-02-21T17:22:39+00:00","og_image":[{"width":1024,"height":575,"url":"https:\/\/www.starsislandlapalma.es\/wp-content\/uploads\/2016\/11\/291116-Expo-Start-Technarte-4.jpg","type":"image\/jpeg"}],"author":"Stars Island La Palma","twitter_misc":{"Written by":"Stars Island La Palma","Est. reading time":"3 minutes"},"schema":{"@context":"https:\/\/schema.org","@graph":[{"@type":"Article","@id":"https:\/\/www.starsislandlapalma.es\/en\/el-proyecto-soul-of-sol-la-palma-llega-por-primera-vez-a-la-isla-con-la-exposicion-start-technarte\/#article","isPartOf":{"@id":"https:\/\/www.starsislandlapalma.es\/en\/el-proyecto-soul-of-sol-la-palma-llega-por-primera-vez-a-la-isla-con-la-exposicion-start-technarte\/"},"author":{"name":"Stars Island La Palma","@id":"https:\/\/www.starsislandlapalma.es\/#\/schema\/person\/9043f5bd4f379ca7532bf525fa88073b"},"headline":"El proyecto \u2018Soul of Sol La Palma\u2019 llega por primera vez a la Isla con la exposici\u00f3n \u2018Start Technarte\u2019","datePublished":"2016-11-29T10:04:24+00:00","dateModified":"2017-02-21T17:22:39+00:00","mainEntityOfPage":{"@id":"https:\/\/www.starsislandlapalma.es\/en\/el-proyecto-soul-of-sol-la-palma-llega-por-primera-vez-a-la-isla-con-la-exposicion-start-technarte\/"},"wordCount":708,"commentCount":0,"publisher":{"@id":"https:\/\/www.starsislandlapalma.es\/#organization"},"image":{"@id":"https:\/\/www.starsislandlapalma.es\/en\/el-proyecto-soul-of-sol-la-palma-llega-por-primera-vez-a-la-isla-con-la-exposicion-start-technarte\/#primaryimage"},"thumbnailUrl":"https:\/\/www.starsislandlapalma.es\/wp-content\/uploads\/2016\/11\/291116-Expo-Start-Technarte-4.jpg","keywords":["ciencia y tecnolog\u00eda","observatorio roque del roque de los muchachos","soul of sol la palma","start technarte"],"articleSection":["News"],"inLanguage":"en-US","potentialAction":[{"@type":"CommentAction","name":"Comment","target":["https:\/\/www.starsislandlapalma.es\/en\/el-proyecto-soul-of-sol-la-palma-llega-por-primera-vez-a-la-isla-con-la-exposicion-start-technarte\/#respond"]}]},{"@type":"WebPage","@id":"https:\/\/www.starsislandlapalma.es\/en\/el-proyecto-soul-of-sol-la-palma-llega-por-primera-vez-a-la-isla-con-la-exposicion-start-technarte\/","url":"https:\/\/www.starsislandlapalma.es\/en\/el-proyecto-soul-of-sol-la-palma-llega-por-primera-vez-a-la-isla-con-la-exposicion-start-technarte\/","name":"El proyecto \u2018Soul of Sol La Palma\u2019 llega por primera vez a la Isla con la exposici\u00f3n \u2018Start Technarte\u2019 &#8902; Stars Island La Palma","isPartOf":{"@id":"https:\/\/www.starsislandlapalma.es\/#website"},"primaryImageOfPage":{"@id":"https:\/\/www.starsislandlapalma.es\/en\/el-proyecto-soul-of-sol-la-palma-llega-por-primera-vez-a-la-isla-con-la-exposicion-start-technarte\/#primaryimage"},"image":{"@id":"https:\/\/www.starsislandlapalma.es\/en\/el-proyecto-soul-of-sol-la-palma-llega-por-primera-vez-a-la-isla-con-la-exposicion-start-technarte\/#primaryimage"},"thumbnailUrl":"https:\/\/www.starsislandlapalma.es\/wp-content\/uploads\/2016\/11\/291116-Expo-Start-Technarte-4.jpg","datePublished":"2016-11-29T10:04:24+00:00","dateModified":"2017-02-21T17:22:39+00:00","breadcrumb":{"@id":"https:\/\/www.starsislandlapalma.es\/en\/el-proyecto-soul-of-sol-la-palma-llega-por-primera-vez-a-la-isla-con-la-exposicion-start-technarte\/#breadcrumb"},"inLanguage":"en-US","potentialAction":[{"@type":"ReadAction","target":["https:\/\/www.starsislandlapalma.es\/en\/el-proyecto-soul-of-sol-la-palma-llega-por-primera-vez-a-la-isla-con-la-exposicion-start-technarte\/"]}]},{"@type":"ImageObject","inLanguage":"en-US","@id":"https:\/\/www.starsislandlapalma.es\/en\/el-proyecto-soul-of-sol-la-palma-llega-por-primera-vez-a-la-isla-con-la-exposicion-start-technarte\/#primaryimage","url":"https:\/\/www.starsislandlapalma.es\/wp-content\/uploads\/2016\/11\/291116-Expo-Start-Technarte-4.jpg","contentUrl":"https:\/\/www.starsislandlapalma.es\/wp-content\/uploads\/2016\/11\/291116-Expo-Start-Technarte-4.jpg","width":1024,"height":575},{"@type":"BreadcrumbList","@id":"https:\/\/www.starsislandlapalma.es\/en\/el-proyecto-soul-of-sol-la-palma-llega-por-primera-vez-a-la-isla-con-la-exposicion-start-technarte\/#breadcrumb","itemListElement":[{"@type":"ListItem","position":1,"name":"Portada","item":"https:\/\/www.starsislandlapalma.es\/en\/"},{"@type":"ListItem","position":2,"name":"El proyecto \u2018Soul of Sol La Palma\u2019 llega por primera vez a la Isla con la exposici\u00f3n \u2018Start Technarte\u2019"}]},{"@type":"WebSite","@id":"https:\/\/www.starsislandlapalma.es\/#website","url":"https:\/\/www.starsislandlapalma.es\/","name":"Stars Island La Palma","description":"La Palma, el lugar perfecto para disfrutar del universo. Primera Reserva Starlight del mundo, en 2012 se reconoce como Destino Tur\u00edstico Starlight","publisher":{"@id":"https:\/\/www.starsislandlapalma.es\/#organization"},"potentialAction":[{"@type":"SearchAction","target":{"@type":"EntryPoint","urlTemplate":"https:\/\/www.starsislandlapalma.es\/?s={search_term_string}"},"query-input":{"@type":"PropertyValueSpecification","valueRequired":true,"valueName":"search_term_string"}}],"inLanguage":"en-US"},{"@type":"Organization","@id":"https:\/\/www.starsislandlapalma.es\/#organization","name":"Star Island La Palma","url":"https:\/\/www.starsislandlapalma.es\/","logo":{"@type":"ImageObject","inLanguage":"en-US","@id":"https:\/\/www.starsislandlapalma.es\/#\/schema\/logo\/image\/","url":"https:\/\/www.starsislandlapalma.es\/wp-content\/uploads\/2022\/01\/logo_starisland.png","contentUrl":"https:\/\/www.starsislandlapalma.es\/wp-content\/uploads\/2022\/01\/logo_starisland.png","width":172,"height":139,"caption":"Star Island La Palma"},"image":{"@id":"https:\/\/www.starsislandlapalma.es\/#\/schema\/logo\/image\/"},"sameAs":["https:\/\/www.facebook.com\/pages\/Starsisland-La-Palma\/210888162375006?ref=hl","https:\/\/x.com\/starsislandlapa","https:\/\/www.pinterest.com\/astroturismo\/","https:\/\/www.youtube.com\/channel\/UCV7sju1ggcBpJG39HQCBtsA"]},{"@type":"Person","@id":"https:\/\/www.starsislandlapalma.es\/#\/schema\/person\/9043f5bd4f379ca7532bf525fa88073b","name":"Stars Island La Palma","image":{"@type":"ImageObject","inLanguage":"en-US","@id":"https:\/\/www.starsislandlapalma.es\/#\/schema\/person\/image\/","url":"https:\/\/secure.gravatar.com\/avatar\/214edfeae37af83662fa1058aeebfb41?s=96&d=mm&r=g","contentUrl":"https:\/\/secure.gravatar.com\/avatar\/214edfeae37af83662fa1058aeebfb41?s=96&d=mm&r=g","caption":"Stars Island La Palma"},"url":"https:\/\/www.starsislandlapalma.es\/en\/author\/star\/"}]}},"_links":{"self":[{"href":"https:\/\/www.starsislandlapalma.es\/en\/wp-json\/wp\/v2\/posts\/20743\/"}],"collection":[{"href":"https:\/\/www.starsislandlapalma.es\/en\/wp-json\/wp\/v2\/posts\/"}],"about":[{"href":"https:\/\/www.starsislandlapalma.es\/en\/wp-json\/wp\/v2\/types\/post\/"}],"author":[{"embeddable":true,"href":"https:\/\/www.starsislandlapalma.es\/en\/wp-json\/wp\/v2\/users\/1\/"}],"replies":[{"embeddable":true,"href":"https:\/\/www.starsislandlapalma.es\/en\/wp-json\/wp\/v2\/comments\/?post=20743"}],"version-history":[{"count":0,"href":"https:\/\/www.starsislandlapalma.es\/en\/wp-json\/wp\/v2\/posts\/20743\/revisions\/"}],"wp:featuredmedia":[{"embeddable":true,"href":"https:\/\/www.starsislandlapalma.es\/en\/wp-json\/wp\/v2\/media\/20712\/"}],"wp:attachment":[{"href":"https:\/\/www.starsislandlapalma.es\/en\/wp-json\/wp\/v2\/media\/?parent=20743"}],"wp:term":[{"taxonomy":"category","embeddable":true,"href":"https:\/\/www.starsislandlapalma.es\/en\/wp-json\/wp\/v2\/categories\/?post=20743"},{"taxonomy":"post_tag","embeddable":true,"href":"https:\/\/www.starsislandlapalma.es\/en\/wp-json\/wp\/v2\/tags\/?post=20743"}],"curies":[{"name":"wp","href":"https:\/\/api.w.org\/{rel}","templated":true}]}}