{"id":20992,"date":"2018-06-07T11:13:11","date_gmt":"2018-06-07T11:13:11","guid":{"rendered":"http:\/\/www.starsislandlapalma.es\/astroturismo-la-palma-recoge-premio-fitur\/"},"modified":"2018-06-08T07:21:05","modified_gmt":"2018-06-08T07:21:05","slug":"astroturismo-la-palma-recoge-premio-fitur","status":"publish","type":"post","link":"https:\/\/www.starsislandlapalma.es\/en\/astroturismo-la-palma-recoge-premio-fitur\/","title":{"rendered":"El astroturismo de La Palma recoge el premio al mejor producto de turismo activo que concede Fitur"},"content":{"rendered":"<p style=\"text-align: justify;\">La consejera de Turismo del Cabildo de La Palma, Alicia Vanoostende, ha recogido hoy en el Instituto Ferial de\u00a0 Madrid (Ifema) el premio de la Feria Internacional de Turismo, Fitur, que acredita como mejor producto de turismo activo al modelo de colaboraci\u00f3n p\u00fablico-privado de astroturismo en la isla de La Palma<\/p>\n<p style=\"text-align: justify;\">Vanoostende ha asistido a la entrega de los galardones correspondientes al <em>XXIII Concurso al Mejor Producto de Turismo Activo<\/em>, un prestigioso certamen que, desde hace 23 a\u00f1os, convocan anualmente Fitur y la revista AireLibre.<\/p>\n<p style=\"text-align: justify;\">El presidente del Cabildo de La Palma, Anselmo Pestana, asegura que este premio \u201cacredita la consolidaci\u00f3n y la evoluci\u00f3n positiva de un segmento tur\u00edstico al que desde las instituciones p\u00fablicas, en coordinaci\u00f3n y sinton\u00eda con el trabajo de los emprendedores privados, hemos impulsado con la firme intenci\u00f3n de hacer de La Palma un referente del turismo de estrellas. Esto supone mucho para la singularidad de un destino territorialmente peque\u00f1o pero con mucho atractivo tur\u00edstico en cuanto a las posibilidades que ofrecen sus cielos y estrellas\u201d.<\/p>\n<p style=\"text-align: justify;\">La consejera de Turismo, Alicia Vanoostende, suscribe la opini\u00f3n del presidente, a la vez que se\u00f1ala que \u201cel astroturismo lleg\u00f3 a la isla de La Palma para quedarse\u201d. Al respecto, apunta a las destacadas sinergias alcanzadas ya no s\u00f3lo por la acci\u00f3n de las instituciones y de los empresarios privados especializados en astroturismo, sino tambi\u00e9n a la involucraci\u00f3n de los m\u00e1s variados sectores econ\u00f3micos que han apostado por la tematizaci\u00f3n en torno al cielo y las estrellas.<\/p>\n<p style=\"text-align: justify;\">\u201cDesde el Instituto de Astrof\u00edsica de Canarias y las grandes instalaciones cient\u00edficas que hacen gran ciencia desde las cumbres de nuestra isla, hasta los comercios a pie de calle, alojamientos tur\u00edsticos, eventos deportivos o colectivos fotogr\u00e1ficos, han sido muchos los esfuerzos que se han sumado a hacer de La Palma un destino de estrellas singular en el mundo, tal y como hac\u00edamos patente en la clausura de Astrofest. Precisamente este festival realza todos estos valores y les imprime una nueva marca de referencia\u201d.<\/p>\n<p style=\"text-align: justify;\">Vanoostende tambi\u00e9n ha recordado que en 2017 La Palma fue escogida por la Organizaci\u00f3n Mundial del Turismo (OMT) como ejemplo mundial de evoluci\u00f3n y afianzamiento del astroturismo, un denominador com\u00fan para m\u00e1s de 60 empresas de diferente \u00edndole en La Palma, que est\u00e1n tematizadas con este recurso y que ven c\u00f3mo a\u00f1o a a\u00f1o aumentan su volumen de negocio vinculado con este segmento.<\/p>\n","protected":false},"excerpt":{"rendered":"<p>La consejera de Turismo del Cabildo de La Palma, Alicia Vanoostende, ha recogido hoy en el Instituto Ferial de\u00a0 Madrid (Ifema) el premio de la Feria Internacional de Turismo, Fitur, que acredita como mejor producto de turismo activo al modelo de colaboraci\u00f3n p\u00fablico-privado de astroturismo&#8230;<\/p>\n","protected":false},"author":1,"featured_media":20989,"comment_status":"open","ping_status":"open","sticky":false,"template":"","format":"standard","meta":{"footnotes":""},"categories":[136,224],"tags":[489],"yoast_head":"<!-- This site is optimized with the Yoast SEO plugin v24.5 - https:\/\/yoast.com\/wordpress\/plugins\/seo\/ -->\n<title>El astroturismo de La Palma recoge el premio al mejor producto de turismo activo que concede Fitur &#8902; Stars Island La Palma<\/title>\n<meta name=\"robots\" content=\"index, follow, max-snippet:-1, max-image-preview:large, max-video-preview:-1\" \/>\n<link rel=\"canonical\" href=\"https:\/\/www.starsislandlapalma.es\/en\/astroturismo-la-palma-recoge-premio-fitur\/\" \/>\n<meta property=\"og:locale\" content=\"en_US\" \/>\n<meta property=\"og:type\" content=\"article\" \/>\n<meta property=\"og:title\" content=\"El astroturismo de La Palma recoge el premio al mejor producto de turismo activo que concede Fitur &#8902; Stars Island La Palma\" \/>\n<meta property=\"og:description\" content=\"La consejera de Turismo del Cabildo de La Palma, Alicia Vanoostende, ha recogido hoy en el Instituto Ferial de\u00a0 Madrid (Ifema) el premio de la Feria Internacional de Turismo, Fitur, que acredita como mejor producto de turismo activo al modelo de colaboraci\u00f3n p\u00fablico-privado de astroturismo...\" \/>\n<meta property=\"og:url\" content=\"https:\/\/www.starsislandlapalma.es\/en\/astroturismo-la-palma-recoge-premio-fitur\/\" \/>\n<meta property=\"og:site_name\" content=\"Stars Island La Palma\" \/>\n<meta property=\"article:publisher\" content=\"https:\/\/www.facebook.com\/pages\/Starsisland-La-Palma\/210888162375006?ref=hl\" \/>\n<meta property=\"article:published_time\" content=\"2018-06-07T11:13:11+00:00\" \/>\n<meta property=\"article:modified_time\" content=\"2018-06-08T07:21:05+00:00\" \/>\n<meta property=\"og:image\" content=\"https:\/\/www.starsislandlapalma.es\/wp-content\/uploads\/2018\/06\/Anselmo-Pestana-y-Alicia-Vanoostende-Turismo-Visit-La-Palma-Evento-en-Fitur-2018.jpg\" \/>\n\t<meta property=\"og:image:width\" content=\"1024\" \/>\n\t<meta property=\"og:image:height\" content=\"703\" \/>\n\t<meta property=\"og:image:type\" content=\"image\/jpeg\" \/>\n<meta name=\"author\" content=\"Stars Island La Palma\" \/>\n<meta name=\"twitter:label1\" content=\"Written by\" \/>\n\t<meta name=\"twitter:data1\" content=\"Stars Island La Palma\" \/>\n\t<meta name=\"twitter:label2\" content=\"Est. reading time\" \/>\n\t<meta name=\"twitter:data2\" content=\"2 minutes\" \/>\n<script type=\"application\/ld+json\" class=\"yoast-schema-graph\">{\"@context\":\"https:\/\/schema.org\",\"@graph\":[{\"@type\":\"Article\",\"@id\":\"https:\/\/www.starsislandlapalma.es\/en\/astroturismo-la-palma-recoge-premio-fitur\/#article\",\"isPartOf\":{\"@id\":\"https:\/\/www.starsislandlapalma.es\/en\/astroturismo-la-palma-recoge-premio-fitur\/\"},\"author\":{\"name\":\"Stars Island La Palma\",\"@id\":\"https:\/\/www.starsislandlapalma.es\/#\/schema\/person\/9043f5bd4f379ca7532bf525fa88073b\"},\"headline\":\"El astroturismo de La Palma recoge el premio al mejor producto de turismo activo que concede Fitur\",\"datePublished\":\"2018-06-07T11:13:11+00:00\",\"dateModified\":\"2018-06-08T07:21:05+00:00\",\"mainEntityOfPage\":{\"@id\":\"https:\/\/www.starsislandlapalma.es\/en\/astroturismo-la-palma-recoge-premio-fitur\/\"},\"wordCount\":442,\"commentCount\":0,\"publisher\":{\"@id\":\"https:\/\/www.starsislandlapalma.es\/#organization\"},\"image\":{\"@id\":\"https:\/\/www.starsislandlapalma.es\/en\/astroturismo-la-palma-recoge-premio-fitur\/#primaryimage\"},\"thumbnailUrl\":\"https:\/\/www.starsislandlapalma.es\/wp-content\/uploads\/2018\/06\/Anselmo-Pestana-y-Alicia-Vanoostende-Turismo-Visit-La-Palma-Evento-en-Fitur-2018.jpg\",\"keywords\":[\"Premio Astroturismo La Palma\"],\"articleSection\":[\"News\",\"Sin categor\u00eda\"],\"inLanguage\":\"en-US\",\"potentialAction\":[{\"@type\":\"CommentAction\",\"name\":\"Comment\",\"target\":[\"https:\/\/www.starsislandlapalma.es\/en\/astroturismo-la-palma-recoge-premio-fitur\/#respond\"]}]},{\"@type\":\"WebPage\",\"@id\":\"https:\/\/www.starsislandlapalma.es\/en\/astroturismo-la-palma-recoge-premio-fitur\/\",\"url\":\"https:\/\/www.starsislandlapalma.es\/en\/astroturismo-la-palma-recoge-premio-fitur\/\",\"name\":\"El astroturismo de La Palma recoge el premio al mejor producto de turismo activo que concede Fitur &#8902; Stars Island La Palma\",\"isPartOf\":{\"@id\":\"https:\/\/www.starsislandlapalma.es\/#website\"},\"primaryImageOfPage\":{\"@id\":\"https:\/\/www.starsislandlapalma.es\/en\/astroturismo-la-palma-recoge-premio-fitur\/#primaryimage\"},\"image\":{\"@id\":\"https:\/\/www.starsislandlapalma.es\/en\/astroturismo-la-palma-recoge-premio-fitur\/#primaryimage\"},\"thumbnailUrl\":\"https:\/\/www.starsislandlapalma.es\/wp-content\/uploads\/2018\/06\/Anselmo-Pestana-y-Alicia-Vanoostende-Turismo-Visit-La-Palma-Evento-en-Fitur-2018.jpg\",\"datePublished\":\"2018-06-07T11:13:11+00:00\",\"dateModified\":\"2018-06-08T07:21:05+00:00\",\"breadcrumb\":{\"@id\":\"https:\/\/www.starsislandlapalma.es\/en\/astroturismo-la-palma-recoge-premio-fitur\/#breadcrumb\"},\"inLanguage\":\"en-US\",\"potentialAction\":[{\"@type\":\"ReadAction\",\"target\":[\"https:\/\/www.starsislandlapalma.es\/en\/astroturismo-la-palma-recoge-premio-fitur\/\"]}]},{\"@type\":\"ImageObject\",\"inLanguage\":\"en-US\",\"@id\":\"https:\/\/www.starsislandlapalma.es\/en\/astroturismo-la-palma-recoge-premio-fitur\/#primaryimage\",\"url\":\"https:\/\/www.starsislandlapalma.es\/wp-content\/uploads\/2018\/06\/Anselmo-Pestana-y-Alicia-Vanoostende-Turismo-Visit-La-Palma-Evento-en-Fitur-2018.jpg\",\"contentUrl\":\"https:\/\/www.starsislandlapalma.es\/wp-content\/uploads\/2018\/06\/Anselmo-Pestana-y-Alicia-Vanoostende-Turismo-Visit-La-Palma-Evento-en-Fitur-2018.jpg\",\"width\":1024,\"height\":703},{\"@type\":\"BreadcrumbList\",\"@id\":\"https:\/\/www.starsislandlapalma.es\/en\/astroturismo-la-palma-recoge-premio-fitur\/#breadcrumb\",\"itemListElement\":[{\"@type\":\"ListItem\",\"position\":1,\"name\":\"Portada\",\"item\":\"https:\/\/www.starsislandlapalma.es\/en\/\"},{\"@type\":\"ListItem\",\"position\":2,\"name\":\"El astroturismo de La Palma recoge el premio al mejor producto de turismo activo que concede Fitur\"}]},{\"@type\":\"WebSite\",\"@id\":\"https:\/\/www.starsislandlapalma.es\/#website\",\"url\":\"https:\/\/www.starsislandlapalma.es\/\",\"name\":\"Stars Island La Palma\",\"description\":\"La Palma, el lugar perfecto para disfrutar del universo. Primera Reserva Starlight del mundo, en 2012 se reconoce como Destino Tur\u00edstico Starlight\",\"publisher\":{\"@id\":\"https:\/\/www.starsislandlapalma.es\/#organization\"},\"potentialAction\":[{\"@type\":\"SearchAction\",\"target\":{\"@type\":\"EntryPoint\",\"urlTemplate\":\"https:\/\/www.starsislandlapalma.es\/?s={search_term_string}\"},\"query-input\":{\"@type\":\"PropertyValueSpecification\",\"valueRequired\":true,\"valueName\":\"search_term_string\"}}],\"inLanguage\":\"en-US\"},{\"@type\":\"Organization\",\"@id\":\"https:\/\/www.starsislandlapalma.es\/#organization\",\"name\":\"Star Island La Palma\",\"url\":\"https:\/\/www.starsislandlapalma.es\/\",\"logo\":{\"@type\":\"ImageObject\",\"inLanguage\":\"en-US\",\"@id\":\"https:\/\/www.starsislandlapalma.es\/#\/schema\/logo\/image\/\",\"url\":\"https:\/\/www.starsislandlapalma.es\/wp-content\/uploads\/2022\/01\/logo_starisland.png\",\"contentUrl\":\"https:\/\/www.starsislandlapalma.es\/wp-content\/uploads\/2022\/01\/logo_starisland.png\",\"width\":172,\"height\":139,\"caption\":\"Star Island La Palma\"},\"image\":{\"@id\":\"https:\/\/www.starsislandlapalma.es\/#\/schema\/logo\/image\/\"},\"sameAs\":[\"https:\/\/www.facebook.com\/pages\/Starsisland-La-Palma\/210888162375006?ref=hl\",\"https:\/\/x.com\/starsislandlapa\",\"https:\/\/www.pinterest.com\/astroturismo\/\",\"https:\/\/www.youtube.com\/channel\/UCV7sju1ggcBpJG39HQCBtsA\"]},{\"@type\":\"Person\",\"@id\":\"https:\/\/www.starsislandlapalma.es\/#\/schema\/person\/9043f5bd4f379ca7532bf525fa88073b\",\"name\":\"Stars Island La Palma\",\"image\":{\"@type\":\"ImageObject\",\"inLanguage\":\"en-US\",\"@id\":\"https:\/\/www.starsislandlapalma.es\/#\/schema\/person\/image\/\",\"url\":\"https:\/\/secure.gravatar.com\/avatar\/214edfeae37af83662fa1058aeebfb41?s=96&d=mm&r=g\",\"contentUrl\":\"https:\/\/secure.gravatar.com\/avatar\/214edfeae37af83662fa1058aeebfb41?s=96&d=mm&r=g\",\"caption\":\"Stars Island La Palma\"},\"url\":\"https:\/\/www.starsislandlapalma.es\/en\/author\/star\/\"}]}<\/script>\n<!-- \/ Yoast SEO plugin. -->","yoast_head_json":{"title":"El astroturismo de La Palma recoge el premio al mejor producto de turismo activo que concede Fitur &#8902; Stars Island La Palma","robots":{"index":"index","follow":"follow","max-snippet":"max-snippet:-1","max-image-preview":"max-image-preview:large","max-video-preview":"max-video-preview:-1"},"canonical":"https:\/\/www.starsislandlapalma.es\/en\/astroturismo-la-palma-recoge-premio-fitur\/","og_locale":"en_US","og_type":"article","og_title":"El astroturismo de La Palma recoge el premio al mejor producto de turismo activo que concede Fitur &#8902; Stars Island La Palma","og_description":"La consejera de Turismo del Cabildo de La Palma, Alicia Vanoostende, ha recogido hoy en el Instituto Ferial de\u00a0 Madrid (Ifema) el premio de la Feria Internacional de Turismo, Fitur, que acredita como mejor producto de turismo activo al modelo de colaboraci\u00f3n p\u00fablico-privado de astroturismo...","og_url":"https:\/\/www.starsislandlapalma.es\/en\/astroturismo-la-palma-recoge-premio-fitur\/","og_site_name":"Stars Island La Palma","article_publisher":"https:\/\/www.facebook.com\/pages\/Starsisland-La-Palma\/210888162375006?ref=hl","article_published_time":"2018-06-07T11:13:11+00:00","article_modified_time":"2018-06-08T07:21:05+00:00","og_image":[{"width":1024,"height":703,"url":"https:\/\/www.starsislandlapalma.es\/wp-content\/uploads\/2018\/06\/Anselmo-Pestana-y-Alicia-Vanoostende-Turismo-Visit-La-Palma-Evento-en-Fitur-2018.jpg","type":"image\/jpeg"}],"author":"Stars Island La Palma","twitter_misc":{"Written by":"Stars Island La Palma","Est. reading time":"2 minutes"},"schema":{"@context":"https:\/\/schema.org","@graph":[{"@type":"Article","@id":"https:\/\/www.starsislandlapalma.es\/en\/astroturismo-la-palma-recoge-premio-fitur\/#article","isPartOf":{"@id":"https:\/\/www.starsislandlapalma.es\/en\/astroturismo-la-palma-recoge-premio-fitur\/"},"author":{"name":"Stars Island La Palma","@id":"https:\/\/www.starsislandlapalma.es\/#\/schema\/person\/9043f5bd4f379ca7532bf525fa88073b"},"headline":"El astroturismo de La Palma recoge el premio al mejor producto de turismo activo que concede Fitur","datePublished":"2018-06-07T11:13:11+00:00","dateModified":"2018-06-08T07:21:05+00:00","mainEntityOfPage":{"@id":"https:\/\/www.starsislandlapalma.es\/en\/astroturismo-la-palma-recoge-premio-fitur\/"},"wordCount":442,"commentCount":0,"publisher":{"@id":"https:\/\/www.starsislandlapalma.es\/#organization"},"image":{"@id":"https:\/\/www.starsislandlapalma.es\/en\/astroturismo-la-palma-recoge-premio-fitur\/#primaryimage"},"thumbnailUrl":"https:\/\/www.starsislandlapalma.es\/wp-content\/uploads\/2018\/06\/Anselmo-Pestana-y-Alicia-Vanoostende-Turismo-Visit-La-Palma-Evento-en-Fitur-2018.jpg","keywords":["Premio Astroturismo La Palma"],"articleSection":["News","Sin categor\u00eda"],"inLanguage":"en-US","potentialAction":[{"@type":"CommentAction","name":"Comment","target":["https:\/\/www.starsislandlapalma.es\/en\/astroturismo-la-palma-recoge-premio-fitur\/#respond"]}]},{"@type":"WebPage","@id":"https:\/\/www.starsislandlapalma.es\/en\/astroturismo-la-palma-recoge-premio-fitur\/","url":"https:\/\/www.starsislandlapalma.es\/en\/astroturismo-la-palma-recoge-premio-fitur\/","name":"El astroturismo de La Palma recoge el premio al mejor producto de turismo activo que concede Fitur &#8902; Stars Island La Palma","isPartOf":{"@id":"https:\/\/www.starsislandlapalma.es\/#website"},"primaryImageOfPage":{"@id":"https:\/\/www.starsislandlapalma.es\/en\/astroturismo-la-palma-recoge-premio-fitur\/#primaryimage"},"image":{"@id":"https:\/\/www.starsislandlapalma.es\/en\/astroturismo-la-palma-recoge-premio-fitur\/#primaryimage"},"thumbnailUrl":"https:\/\/www.starsislandlapalma.es\/wp-content\/uploads\/2018\/06\/Anselmo-Pestana-y-Alicia-Vanoostende-Turismo-Visit-La-Palma-Evento-en-Fitur-2018.jpg","datePublished":"2018-06-07T11:13:11+00:00","dateModified":"2018-06-08T07:21:05+00:00","breadcrumb":{"@id":"https:\/\/www.starsislandlapalma.es\/en\/astroturismo-la-palma-recoge-premio-fitur\/#breadcrumb"},"inLanguage":"en-US","potentialAction":[{"@type":"ReadAction","target":["https:\/\/www.starsislandlapalma.es\/en\/astroturismo-la-palma-recoge-premio-fitur\/"]}]},{"@type":"ImageObject","inLanguage":"en-US","@id":"https:\/\/www.starsislandlapalma.es\/en\/astroturismo-la-palma-recoge-premio-fitur\/#primaryimage","url":"https:\/\/www.starsislandlapalma.es\/wp-content\/uploads\/2018\/06\/Anselmo-Pestana-y-Alicia-Vanoostende-Turismo-Visit-La-Palma-Evento-en-Fitur-2018.jpg","contentUrl":"https:\/\/www.starsislandlapalma.es\/wp-content\/uploads\/2018\/06\/Anselmo-Pestana-y-Alicia-Vanoostende-Turismo-Visit-La-Palma-Evento-en-Fitur-2018.jpg","width":1024,"height":703},{"@type":"BreadcrumbList","@id":"https:\/\/www.starsislandlapalma.es\/en\/astroturismo-la-palma-recoge-premio-fitur\/#breadcrumb","itemListElement":[{"@type":"ListItem","position":1,"name":"Portada","item":"https:\/\/www.starsislandlapalma.es\/en\/"},{"@type":"ListItem","position":2,"name":"El astroturismo de La Palma recoge el premio al mejor producto de turismo activo que concede Fitur"}]},{"@type":"WebSite","@id":"https:\/\/www.starsislandlapalma.es\/#website","url":"https:\/\/www.starsislandlapalma.es\/","name":"Stars Island La Palma","description":"La Palma, el lugar perfecto para disfrutar del universo. Primera Reserva Starlight del mundo, en 2012 se reconoce como Destino Tur\u00edstico Starlight","publisher":{"@id":"https:\/\/www.starsislandlapalma.es\/#organization"},"potentialAction":[{"@type":"SearchAction","target":{"@type":"EntryPoint","urlTemplate":"https:\/\/www.starsislandlapalma.es\/?s={search_term_string}"},"query-input":{"@type":"PropertyValueSpecification","valueRequired":true,"valueName":"search_term_string"}}],"inLanguage":"en-US"},{"@type":"Organization","@id":"https:\/\/www.starsislandlapalma.es\/#organization","name":"Star Island La Palma","url":"https:\/\/www.starsislandlapalma.es\/","logo":{"@type":"ImageObject","inLanguage":"en-US","@id":"https:\/\/www.starsislandlapalma.es\/#\/schema\/logo\/image\/","url":"https:\/\/www.starsislandlapalma.es\/wp-content\/uploads\/2022\/01\/logo_starisland.png","contentUrl":"https:\/\/www.starsislandlapalma.es\/wp-content\/uploads\/2022\/01\/logo_starisland.png","width":172,"height":139,"caption":"Star Island La Palma"},"image":{"@id":"https:\/\/www.starsislandlapalma.es\/#\/schema\/logo\/image\/"},"sameAs":["https:\/\/www.facebook.com\/pages\/Starsisland-La-Palma\/210888162375006?ref=hl","https:\/\/x.com\/starsislandlapa","https:\/\/www.pinterest.com\/astroturismo\/","https:\/\/www.youtube.com\/channel\/UCV7sju1ggcBpJG39HQCBtsA"]},{"@type":"Person","@id":"https:\/\/www.starsislandlapalma.es\/#\/schema\/person\/9043f5bd4f379ca7532bf525fa88073b","name":"Stars Island La Palma","image":{"@type":"ImageObject","inLanguage":"en-US","@id":"https:\/\/www.starsislandlapalma.es\/#\/schema\/person\/image\/","url":"https:\/\/secure.gravatar.com\/avatar\/214edfeae37af83662fa1058aeebfb41?s=96&d=mm&r=g","contentUrl":"https:\/\/secure.gravatar.com\/avatar\/214edfeae37af83662fa1058aeebfb41?s=96&d=mm&r=g","caption":"Stars Island La Palma"},"url":"https:\/\/www.starsislandlapalma.es\/en\/author\/star\/"}]}},"_links":{"self":[{"href":"https:\/\/www.starsislandlapalma.es\/en\/wp-json\/wp\/v2\/posts\/20992\/"}],"collection":[{"href":"https:\/\/www.starsislandlapalma.es\/en\/wp-json\/wp\/v2\/posts\/"}],"about":[{"href":"https:\/\/www.starsislandlapalma.es\/en\/wp-json\/wp\/v2\/types\/post\/"}],"author":[{"embeddable":true,"href":"https:\/\/www.starsislandlapalma.es\/en\/wp-json\/wp\/v2\/users\/1\/"}],"replies":[{"embeddable":true,"href":"https:\/\/www.starsislandlapalma.es\/en\/wp-json\/wp\/v2\/comments\/?post=20992"}],"version-history":[{"count":0,"href":"https:\/\/www.starsislandlapalma.es\/en\/wp-json\/wp\/v2\/posts\/20992\/revisions\/"}],"wp:featuredmedia":[{"embeddable":true,"href":"https:\/\/www.starsislandlapalma.es\/en\/wp-json\/wp\/v2\/media\/20989\/"}],"wp:attachment":[{"href":"https:\/\/www.starsislandlapalma.es\/en\/wp-json\/wp\/v2\/media\/?parent=20992"}],"wp:term":[{"taxonomy":"category","embeddable":true,"href":"https:\/\/www.starsislandlapalma.es\/en\/wp-json\/wp\/v2\/categories\/?post=20992"},{"taxonomy":"post_tag","embeddable":true,"href":"https:\/\/www.starsislandlapalma.es\/en\/wp-json\/wp\/v2\/tags\/?post=20992"}],"curies":[{"name":"wp","href":"https:\/\/api.w.org\/{rel}","templated":true}]}}