{"id":21010,"date":"2018-06-08T07:39:53","date_gmt":"2018-06-08T07:39:53","guid":{"rendered":"http:\/\/www.starsislandlapalma.es\/pestana-recibe-al-director-del-gabinete-de-presidencia-de-la-junta-de-extremadura\/"},"modified":"2018-06-08T07:42:32","modified_gmt":"2018-06-08T07:42:32","slug":"pestana-recibe-al-director-del-gabinete-de-presidencia-de-la-junta-de-extremadura","status":"publish","type":"post","link":"https:\/\/www.starsislandlapalma.es\/en\/pestana-recibe-al-director-del-gabinete-de-presidencia-de-la-junta-de-extremadura\/","title":{"rendered":"Pestana recibe al director del Gabinete de Presidencia de la Junta de Extremadura"},"content":{"rendered":"<p style=\"text-align: justify;\">El presidente del Cabildo de La Palma, Anselmo Pestana, acompa\u00f1ado de la consejera de Turismo, Alicia Vanoostende, ha recibido hoy en el Palacio Insular la visita de Carlos Javier Rodr\u00edguez Jim\u00e9nez, director del Gabinete de Presidencia de la Junta de Extremadura.<\/p>\n<p style=\"text-align: justify;\">Rodr\u00edguez tom\u00f3 parte ayer como ponente en las jornadas formativas <em>La estrategia del cielo nocturno como oportunidad de desarrollo: ciencia, desarrollo econ\u00f3mico y astroturismo <\/em>organizadas por CajaCanarias<em>, <\/em>en las que expuso las directrices y caminos que se est\u00e1n abriendo en la regi\u00f3n extreme\u00f1a para el desarrollo del astroturismo. En su introducci\u00f3n, asegur\u00f3 que \u201cLa percepci\u00f3n para quienes estamos fuera de esta isla es que La Palma es la Capilla Sixtina del astroturismo\u201d. En este foro se exploraron y compartieron experiencias en astroturismo, un segmento tur\u00edstico en el que La Palma ostenta una posici\u00f3n sobresaliente a nivel nacional.<\/p>\n<p style=\"text-align: justify;\">Rodr\u00edguez ha visitado hoy al presidente acompa\u00f1ado por otros dos ponentes del Instituto de Astrof\u00edsica de Canarias (IAC) que tambi\u00e9n intervinieron ayer en el referido encuentro: Juan Carlos P\u00e9rez Arencibia, administrador del Observatorio del Roque de Los Muchachos, y Miquel Serra, administrador del Observatorio del Teide. Tambi\u00e9n han estado con Pestana el responsable de la Fundaci\u00f3n Starlight y ex director del Gran Telescopio de Canarias, Pedro Alvarez, el director del Seminario Internacional de Astroturismo de La Palma, Carlos Fern\u00e1ndez, y la jefa de secci\u00f3n del Servicio de Turismo del Cabildo, Ana Casta\u00f1eda.<\/p>\n","protected":false},"excerpt":{"rendered":"<p>El presidente del Cabildo de La Palma, Anselmo Pestana, acompa\u00f1ado de la consejera de Turismo, Alicia Vanoostende, ha recibido hoy en el Palacio Insular la visita de Carlos Javier Rodr\u00edguez Jim\u00e9nez, director del Gabinete de Presidencia de la Junta de Extremadura. Rodr\u00edguez tom\u00f3 parte ayer&#8230;<\/p>\n","protected":false},"author":1,"featured_media":21007,"comment_status":"open","ping_status":"open","sticky":false,"template":"","format":"standard","meta":{"footnotes":""},"categories":[136],"tags":[500],"yoast_head":"<!-- This site is optimized with the Yoast SEO plugin v24.5 - https:\/\/yoast.com\/wordpress\/plugins\/seo\/ -->\n<title>Pestana recibe al director del Gabinete de Presidencia de la Junta de Extremadura &#8902; Stars Island La Palma<\/title>\n<meta name=\"robots\" content=\"index, follow, max-snippet:-1, max-image-preview:large, max-video-preview:-1\" \/>\n<link rel=\"canonical\" href=\"https:\/\/www.starsislandlapalma.es\/en\/pestana-recibe-al-director-del-gabinete-de-presidencia-de-la-junta-de-extremadura\/\" \/>\n<meta property=\"og:locale\" content=\"en_US\" \/>\n<meta property=\"og:type\" content=\"article\" \/>\n<meta property=\"og:title\" content=\"Pestana recibe al director del Gabinete de Presidencia de la Junta de Extremadura &#8902; Stars Island La Palma\" \/>\n<meta property=\"og:description\" content=\"El presidente del Cabildo de La Palma, Anselmo Pestana, acompa\u00f1ado de la consejera de Turismo, Alicia Vanoostende, ha recibido hoy en el Palacio Insular la visita de Carlos Javier Rodr\u00edguez Jim\u00e9nez, director del Gabinete de Presidencia de la Junta de Extremadura. Rodr\u00edguez tom\u00f3 parte ayer...\" \/>\n<meta property=\"og:url\" content=\"https:\/\/www.starsislandlapalma.es\/en\/pestana-recibe-al-director-del-gabinete-de-presidencia-de-la-junta-de-extremadura\/\" \/>\n<meta property=\"og:site_name\" content=\"Stars Island La Palma\" \/>\n<meta property=\"article:publisher\" content=\"https:\/\/www.facebook.com\/pages\/Starsisland-La-Palma\/210888162375006?ref=hl\" \/>\n<meta property=\"article:published_time\" content=\"2018-06-08T07:39:53+00:00\" \/>\n<meta property=\"article:modified_time\" content=\"2018-06-08T07:42:32+00:00\" \/>\n<meta property=\"og:image\" content=\"https:\/\/www.starsislandlapalma.es\/wp-content\/uploads\/2018\/06\/070618-FN-Astroturismo-Extremadura-La-Palma.jpg\" \/>\n\t<meta property=\"og:image:width\" content=\"1024\" \/>\n\t<meta property=\"og:image:height\" content=\"683\" \/>\n\t<meta property=\"og:image:type\" content=\"image\/jpeg\" \/>\n<meta name=\"author\" content=\"Stars Island La Palma\" \/>\n<meta name=\"twitter:label1\" content=\"Written by\" \/>\n\t<meta name=\"twitter:data1\" content=\"Stars Island La Palma\" \/>\n\t<meta name=\"twitter:label2\" content=\"Est. reading time\" \/>\n\t<meta name=\"twitter:data2\" content=\"1 minute\" \/>\n<script type=\"application\/ld+json\" class=\"yoast-schema-graph\">{\"@context\":\"https:\/\/schema.org\",\"@graph\":[{\"@type\":\"Article\",\"@id\":\"https:\/\/www.starsislandlapalma.es\/en\/pestana-recibe-al-director-del-gabinete-de-presidencia-de-la-junta-de-extremadura\/#article\",\"isPartOf\":{\"@id\":\"https:\/\/www.starsislandlapalma.es\/en\/pestana-recibe-al-director-del-gabinete-de-presidencia-de-la-junta-de-extremadura\/\"},\"author\":{\"name\":\"Stars Island La Palma\",\"@id\":\"https:\/\/www.starsislandlapalma.es\/#\/schema\/person\/9043f5bd4f379ca7532bf525fa88073b\"},\"headline\":\"Pestana recibe al director del Gabinete de Presidencia de la Junta de Extremadura\",\"datePublished\":\"2018-06-08T07:39:53+00:00\",\"dateModified\":\"2018-06-08T07:42:32+00:00\",\"mainEntityOfPage\":{\"@id\":\"https:\/\/www.starsislandlapalma.es\/en\/pestana-recibe-al-director-del-gabinete-de-presidencia-de-la-junta-de-extremadura\/\"},\"wordCount\":265,\"commentCount\":0,\"publisher\":{\"@id\":\"https:\/\/www.starsislandlapalma.es\/#organization\"},\"image\":{\"@id\":\"https:\/\/www.starsislandlapalma.es\/en\/pestana-recibe-al-director-del-gabinete-de-presidencia-de-la-junta-de-extremadura\/#primaryimage\"},\"thumbnailUrl\":\"https:\/\/www.starsislandlapalma.es\/wp-content\/uploads\/2018\/06\/070618-FN-Astroturismo-Extremadura-La-Palma.jpg\",\"keywords\":[\"rot Astroturismo\"],\"articleSection\":[\"News\"],\"inLanguage\":\"en-US\",\"potentialAction\":[{\"@type\":\"CommentAction\",\"name\":\"Comment\",\"target\":[\"https:\/\/www.starsislandlapalma.es\/en\/pestana-recibe-al-director-del-gabinete-de-presidencia-de-la-junta-de-extremadura\/#respond\"]}]},{\"@type\":\"WebPage\",\"@id\":\"https:\/\/www.starsislandlapalma.es\/en\/pestana-recibe-al-director-del-gabinete-de-presidencia-de-la-junta-de-extremadura\/\",\"url\":\"https:\/\/www.starsislandlapalma.es\/en\/pestana-recibe-al-director-del-gabinete-de-presidencia-de-la-junta-de-extremadura\/\",\"name\":\"Pestana recibe al director del Gabinete de Presidencia de la Junta de Extremadura &#8902; Stars Island La Palma\",\"isPartOf\":{\"@id\":\"https:\/\/www.starsislandlapalma.es\/#website\"},\"primaryImageOfPage\":{\"@id\":\"https:\/\/www.starsislandlapalma.es\/en\/pestana-recibe-al-director-del-gabinete-de-presidencia-de-la-junta-de-extremadura\/#primaryimage\"},\"image\":{\"@id\":\"https:\/\/www.starsislandlapalma.es\/en\/pestana-recibe-al-director-del-gabinete-de-presidencia-de-la-junta-de-extremadura\/#primaryimage\"},\"thumbnailUrl\":\"https:\/\/www.starsislandlapalma.es\/wp-content\/uploads\/2018\/06\/070618-FN-Astroturismo-Extremadura-La-Palma.jpg\",\"datePublished\":\"2018-06-08T07:39:53+00:00\",\"dateModified\":\"2018-06-08T07:42:32+00:00\",\"breadcrumb\":{\"@id\":\"https:\/\/www.starsislandlapalma.es\/en\/pestana-recibe-al-director-del-gabinete-de-presidencia-de-la-junta-de-extremadura\/#breadcrumb\"},\"inLanguage\":\"en-US\",\"potentialAction\":[{\"@type\":\"ReadAction\",\"target\":[\"https:\/\/www.starsislandlapalma.es\/en\/pestana-recibe-al-director-del-gabinete-de-presidencia-de-la-junta-de-extremadura\/\"]}]},{\"@type\":\"ImageObject\",\"inLanguage\":\"en-US\",\"@id\":\"https:\/\/www.starsislandlapalma.es\/en\/pestana-recibe-al-director-del-gabinete-de-presidencia-de-la-junta-de-extremadura\/#primaryimage\",\"url\":\"https:\/\/www.starsislandlapalma.es\/wp-content\/uploads\/2018\/06\/070618-FN-Astroturismo-Extremadura-La-Palma.jpg\",\"contentUrl\":\"https:\/\/www.starsislandlapalma.es\/wp-content\/uploads\/2018\/06\/070618-FN-Astroturismo-Extremadura-La-Palma.jpg\",\"width\":1024,\"height\":683},{\"@type\":\"BreadcrumbList\",\"@id\":\"https:\/\/www.starsislandlapalma.es\/en\/pestana-recibe-al-director-del-gabinete-de-presidencia-de-la-junta-de-extremadura\/#breadcrumb\",\"itemListElement\":[{\"@type\":\"ListItem\",\"position\":1,\"name\":\"Portada\",\"item\":\"https:\/\/www.starsislandlapalma.es\/en\/\"},{\"@type\":\"ListItem\",\"position\":2,\"name\":\"Pestana recibe al director del Gabinete de Presidencia de la Junta de Extremadura\"}]},{\"@type\":\"WebSite\",\"@id\":\"https:\/\/www.starsislandlapalma.es\/#website\",\"url\":\"https:\/\/www.starsislandlapalma.es\/\",\"name\":\"Stars Island La Palma\",\"description\":\"La Palma, el lugar perfecto para disfrutar del universo. Primera Reserva Starlight del mundo, en 2012 se reconoce como Destino Tur\u00edstico Starlight\",\"publisher\":{\"@id\":\"https:\/\/www.starsislandlapalma.es\/#organization\"},\"potentialAction\":[{\"@type\":\"SearchAction\",\"target\":{\"@type\":\"EntryPoint\",\"urlTemplate\":\"https:\/\/www.starsislandlapalma.es\/?s={search_term_string}\"},\"query-input\":{\"@type\":\"PropertyValueSpecification\",\"valueRequired\":true,\"valueName\":\"search_term_string\"}}],\"inLanguage\":\"en-US\"},{\"@type\":\"Organization\",\"@id\":\"https:\/\/www.starsislandlapalma.es\/#organization\",\"name\":\"Star Island La Palma\",\"url\":\"https:\/\/www.starsislandlapalma.es\/\",\"logo\":{\"@type\":\"ImageObject\",\"inLanguage\":\"en-US\",\"@id\":\"https:\/\/www.starsislandlapalma.es\/#\/schema\/logo\/image\/\",\"url\":\"https:\/\/www.starsislandlapalma.es\/wp-content\/uploads\/2022\/01\/logo_starisland.png\",\"contentUrl\":\"https:\/\/www.starsislandlapalma.es\/wp-content\/uploads\/2022\/01\/logo_starisland.png\",\"width\":172,\"height\":139,\"caption\":\"Star Island La Palma\"},\"image\":{\"@id\":\"https:\/\/www.starsislandlapalma.es\/#\/schema\/logo\/image\/\"},\"sameAs\":[\"https:\/\/www.facebook.com\/pages\/Starsisland-La-Palma\/210888162375006?ref=hl\",\"https:\/\/x.com\/starsislandlapa\",\"https:\/\/www.pinterest.com\/astroturismo\/\",\"https:\/\/www.youtube.com\/channel\/UCV7sju1ggcBpJG39HQCBtsA\"]},{\"@type\":\"Person\",\"@id\":\"https:\/\/www.starsislandlapalma.es\/#\/schema\/person\/9043f5bd4f379ca7532bf525fa88073b\",\"name\":\"Stars Island La Palma\",\"image\":{\"@type\":\"ImageObject\",\"inLanguage\":\"en-US\",\"@id\":\"https:\/\/www.starsislandlapalma.es\/#\/schema\/person\/image\/\",\"url\":\"https:\/\/secure.gravatar.com\/avatar\/214edfeae37af83662fa1058aeebfb41?s=96&d=mm&r=g\",\"contentUrl\":\"https:\/\/secure.gravatar.com\/avatar\/214edfeae37af83662fa1058aeebfb41?s=96&d=mm&r=g\",\"caption\":\"Stars Island La Palma\"},\"url\":\"https:\/\/www.starsislandlapalma.es\/en\/author\/star\/\"}]}<\/script>\n<!-- \/ Yoast SEO plugin. -->","yoast_head_json":{"title":"Pestana recibe al director del Gabinete de Presidencia de la Junta de Extremadura &#8902; Stars Island La Palma","robots":{"index":"index","follow":"follow","max-snippet":"max-snippet:-1","max-image-preview":"max-image-preview:large","max-video-preview":"max-video-preview:-1"},"canonical":"https:\/\/www.starsislandlapalma.es\/en\/pestana-recibe-al-director-del-gabinete-de-presidencia-de-la-junta-de-extremadura\/","og_locale":"en_US","og_type":"article","og_title":"Pestana recibe al director del Gabinete de Presidencia de la Junta de Extremadura &#8902; Stars Island La Palma","og_description":"El presidente del Cabildo de La Palma, Anselmo Pestana, acompa\u00f1ado de la consejera de Turismo, Alicia Vanoostende, ha recibido hoy en el Palacio Insular la visita de Carlos Javier Rodr\u00edguez Jim\u00e9nez, director del Gabinete de Presidencia de la Junta de Extremadura. Rodr\u00edguez tom\u00f3 parte ayer...","og_url":"https:\/\/www.starsislandlapalma.es\/en\/pestana-recibe-al-director-del-gabinete-de-presidencia-de-la-junta-de-extremadura\/","og_site_name":"Stars Island La Palma","article_publisher":"https:\/\/www.facebook.com\/pages\/Starsisland-La-Palma\/210888162375006?ref=hl","article_published_time":"2018-06-08T07:39:53+00:00","article_modified_time":"2018-06-08T07:42:32+00:00","og_image":[{"width":1024,"height":683,"url":"https:\/\/www.starsislandlapalma.es\/wp-content\/uploads\/2018\/06\/070618-FN-Astroturismo-Extremadura-La-Palma.jpg","type":"image\/jpeg"}],"author":"Stars Island La Palma","twitter_misc":{"Written by":"Stars Island La Palma","Est. reading time":"1 minute"},"schema":{"@context":"https:\/\/schema.org","@graph":[{"@type":"Article","@id":"https:\/\/www.starsislandlapalma.es\/en\/pestana-recibe-al-director-del-gabinete-de-presidencia-de-la-junta-de-extremadura\/#article","isPartOf":{"@id":"https:\/\/www.starsislandlapalma.es\/en\/pestana-recibe-al-director-del-gabinete-de-presidencia-de-la-junta-de-extremadura\/"},"author":{"name":"Stars Island La Palma","@id":"https:\/\/www.starsislandlapalma.es\/#\/schema\/person\/9043f5bd4f379ca7532bf525fa88073b"},"headline":"Pestana recibe al director del Gabinete de Presidencia de la Junta de Extremadura","datePublished":"2018-06-08T07:39:53+00:00","dateModified":"2018-06-08T07:42:32+00:00","mainEntityOfPage":{"@id":"https:\/\/www.starsislandlapalma.es\/en\/pestana-recibe-al-director-del-gabinete-de-presidencia-de-la-junta-de-extremadura\/"},"wordCount":265,"commentCount":0,"publisher":{"@id":"https:\/\/www.starsislandlapalma.es\/#organization"},"image":{"@id":"https:\/\/www.starsislandlapalma.es\/en\/pestana-recibe-al-director-del-gabinete-de-presidencia-de-la-junta-de-extremadura\/#primaryimage"},"thumbnailUrl":"https:\/\/www.starsislandlapalma.es\/wp-content\/uploads\/2018\/06\/070618-FN-Astroturismo-Extremadura-La-Palma.jpg","keywords":["rot Astroturismo"],"articleSection":["News"],"inLanguage":"en-US","potentialAction":[{"@type":"CommentAction","name":"Comment","target":["https:\/\/www.starsislandlapalma.es\/en\/pestana-recibe-al-director-del-gabinete-de-presidencia-de-la-junta-de-extremadura\/#respond"]}]},{"@type":"WebPage","@id":"https:\/\/www.starsislandlapalma.es\/en\/pestana-recibe-al-director-del-gabinete-de-presidencia-de-la-junta-de-extremadura\/","url":"https:\/\/www.starsislandlapalma.es\/en\/pestana-recibe-al-director-del-gabinete-de-presidencia-de-la-junta-de-extremadura\/","name":"Pestana recibe al director del Gabinete de Presidencia de la Junta de Extremadura &#8902; Stars Island La Palma","isPartOf":{"@id":"https:\/\/www.starsislandlapalma.es\/#website"},"primaryImageOfPage":{"@id":"https:\/\/www.starsislandlapalma.es\/en\/pestana-recibe-al-director-del-gabinete-de-presidencia-de-la-junta-de-extremadura\/#primaryimage"},"image":{"@id":"https:\/\/www.starsislandlapalma.es\/en\/pestana-recibe-al-director-del-gabinete-de-presidencia-de-la-junta-de-extremadura\/#primaryimage"},"thumbnailUrl":"https:\/\/www.starsislandlapalma.es\/wp-content\/uploads\/2018\/06\/070618-FN-Astroturismo-Extremadura-La-Palma.jpg","datePublished":"2018-06-08T07:39:53+00:00","dateModified":"2018-06-08T07:42:32+00:00","breadcrumb":{"@id":"https:\/\/www.starsislandlapalma.es\/en\/pestana-recibe-al-director-del-gabinete-de-presidencia-de-la-junta-de-extremadura\/#breadcrumb"},"inLanguage":"en-US","potentialAction":[{"@type":"ReadAction","target":["https:\/\/www.starsislandlapalma.es\/en\/pestana-recibe-al-director-del-gabinete-de-presidencia-de-la-junta-de-extremadura\/"]}]},{"@type":"ImageObject","inLanguage":"en-US","@id":"https:\/\/www.starsislandlapalma.es\/en\/pestana-recibe-al-director-del-gabinete-de-presidencia-de-la-junta-de-extremadura\/#primaryimage","url":"https:\/\/www.starsislandlapalma.es\/wp-content\/uploads\/2018\/06\/070618-FN-Astroturismo-Extremadura-La-Palma.jpg","contentUrl":"https:\/\/www.starsislandlapalma.es\/wp-content\/uploads\/2018\/06\/070618-FN-Astroturismo-Extremadura-La-Palma.jpg","width":1024,"height":683},{"@type":"BreadcrumbList","@id":"https:\/\/www.starsislandlapalma.es\/en\/pestana-recibe-al-director-del-gabinete-de-presidencia-de-la-junta-de-extremadura\/#breadcrumb","itemListElement":[{"@type":"ListItem","position":1,"name":"Portada","item":"https:\/\/www.starsislandlapalma.es\/en\/"},{"@type":"ListItem","position":2,"name":"Pestana recibe al director del Gabinete de Presidencia de la Junta de Extremadura"}]},{"@type":"WebSite","@id":"https:\/\/www.starsislandlapalma.es\/#website","url":"https:\/\/www.starsislandlapalma.es\/","name":"Stars Island La Palma","description":"La Palma, el lugar perfecto para disfrutar del universo. Primera Reserva Starlight del mundo, en 2012 se reconoce como Destino Tur\u00edstico Starlight","publisher":{"@id":"https:\/\/www.starsislandlapalma.es\/#organization"},"potentialAction":[{"@type":"SearchAction","target":{"@type":"EntryPoint","urlTemplate":"https:\/\/www.starsislandlapalma.es\/?s={search_term_string}"},"query-input":{"@type":"PropertyValueSpecification","valueRequired":true,"valueName":"search_term_string"}}],"inLanguage":"en-US"},{"@type":"Organization","@id":"https:\/\/www.starsislandlapalma.es\/#organization","name":"Star Island La Palma","url":"https:\/\/www.starsislandlapalma.es\/","logo":{"@type":"ImageObject","inLanguage":"en-US","@id":"https:\/\/www.starsislandlapalma.es\/#\/schema\/logo\/image\/","url":"https:\/\/www.starsislandlapalma.es\/wp-content\/uploads\/2022\/01\/logo_starisland.png","contentUrl":"https:\/\/www.starsislandlapalma.es\/wp-content\/uploads\/2022\/01\/logo_starisland.png","width":172,"height":139,"caption":"Star Island La Palma"},"image":{"@id":"https:\/\/www.starsislandlapalma.es\/#\/schema\/logo\/image\/"},"sameAs":["https:\/\/www.facebook.com\/pages\/Starsisland-La-Palma\/210888162375006?ref=hl","https:\/\/x.com\/starsislandlapa","https:\/\/www.pinterest.com\/astroturismo\/","https:\/\/www.youtube.com\/channel\/UCV7sju1ggcBpJG39HQCBtsA"]},{"@type":"Person","@id":"https:\/\/www.starsislandlapalma.es\/#\/schema\/person\/9043f5bd4f379ca7532bf525fa88073b","name":"Stars Island La Palma","image":{"@type":"ImageObject","inLanguage":"en-US","@id":"https:\/\/www.starsislandlapalma.es\/#\/schema\/person\/image\/","url":"https:\/\/secure.gravatar.com\/avatar\/214edfeae37af83662fa1058aeebfb41?s=96&d=mm&r=g","contentUrl":"https:\/\/secure.gravatar.com\/avatar\/214edfeae37af83662fa1058aeebfb41?s=96&d=mm&r=g","caption":"Stars Island La Palma"},"url":"https:\/\/www.starsislandlapalma.es\/en\/author\/star\/"}]}},"_links":{"self":[{"href":"https:\/\/www.starsislandlapalma.es\/en\/wp-json\/wp\/v2\/posts\/21010\/"}],"collection":[{"href":"https:\/\/www.starsislandlapalma.es\/en\/wp-json\/wp\/v2\/posts\/"}],"about":[{"href":"https:\/\/www.starsislandlapalma.es\/en\/wp-json\/wp\/v2\/types\/post\/"}],"author":[{"embeddable":true,"href":"https:\/\/www.starsislandlapalma.es\/en\/wp-json\/wp\/v2\/users\/1\/"}],"replies":[{"embeddable":true,"href":"https:\/\/www.starsislandlapalma.es\/en\/wp-json\/wp\/v2\/comments\/?post=21010"}],"version-history":[{"count":0,"href":"https:\/\/www.starsislandlapalma.es\/en\/wp-json\/wp\/v2\/posts\/21010\/revisions\/"}],"wp:featuredmedia":[{"embeddable":true,"href":"https:\/\/www.starsislandlapalma.es\/en\/wp-json\/wp\/v2\/media\/21007\/"}],"wp:attachment":[{"href":"https:\/\/www.starsislandlapalma.es\/en\/wp-json\/wp\/v2\/media\/?parent=21010"}],"wp:term":[{"taxonomy":"category","embeddable":true,"href":"https:\/\/www.starsislandlapalma.es\/en\/wp-json\/wp\/v2\/categories\/?post=21010"},{"taxonomy":"post_tag","embeddable":true,"href":"https:\/\/www.starsislandlapalma.es\/en\/wp-json\/wp\/v2\/tags\/?post=21010"}],"curies":[{"name":"wp","href":"https:\/\/api.w.org\/{rel}","templated":true}]}}