{"id":21017,"date":"2018-06-08T13:25:12","date_gmt":"2018-06-08T13:25:12","guid":{"rendered":"http:\/\/www.starsislandlapalma.es\/anselmo-pestana-destaca-el-potencial-turistico-que-tendra-para-la-comarca-noroeste-el-mirador-del-universo\/"},"modified":"2018-06-08T13:27:32","modified_gmt":"2018-06-08T13:27:32","slug":"anselmo-pestana-destaca-el-potencial-turistico-que-tendra-para-la-comarca-noroeste-el-mirador-del-universo","status":"publish","type":"post","link":"https:\/\/www.starsislandlapalma.es\/en\/anselmo-pestana-destaca-el-potencial-turistico-que-tendra-para-la-comarca-noroeste-el-mirador-del-universo\/","title":{"rendered":"Anselmo Pestana destaca el potencial tur\u00edstico que tendr\u00e1 para la comarca noroeste el \u2018Mirador del Universo\u2019"},"content":{"rendered":"<p style=\"text-align: justify;\"><em>El presidente del Cabildo visit\u00f3 los trabajos de esta infraestructura que forma parte de un proyecto del artista palmero Luis Morera<\/em><\/p>\n<p style=\"text-align: justify;\">El presidente del Cabildo de La Palma, Anselmo Pestana, y el alcalde de Tijarafe, Marcos Lorenzo, han coincidido en destacar el atractivo tur\u00edstico que tendr\u00e1 para el noroeste de la isla el <em>Mirador del Univers<\/em>o, una infraestructura tur\u00edstica impulsada y financiada por la instituci\u00f3n insular que actualmente se est\u00e1 construyendo en el municipio.<\/p>\n<p style=\"text-align: justify;\">Pestana y Lorenzo han visitado las obras de este nuevo espacio emblem\u00e1tico y de esparcimiento acompa\u00f1ados por la consejera insular de Turismo, Alicia Vanoostende, y por la primera teniente de alcalde de Tijarafe, Jenny Garc\u00eda, as\u00ed como por el artista impulsor del proyecto, Luis Morera, y responsables de los trabajos.<\/p>\n<p style=\"text-align: justify;\">\u201cDesde el Cabildo Insular venimos impulsando la creaci\u00f3n de distintas infraestructuras p\u00fablicas atractivas desde un punto de vista tur\u00edstico, como es el caso de este mirador. Este espacio est\u00e1 avalado tanto por su ubicaci\u00f3n, con unas vistas privilegiadas y junto a un sendero muy transitado, como por la impronta art\u00edstica singular y reconocible de un creador como Luis Morera\u201d, asegura Anselmo Pestana.<\/p>\n<p style=\"text-align: justify;\">\u201cPara el pueblo de Tijarafe va a ser una gran satisfacci\u00f3n contar con un espacio como \u00e9ste gracias a la colaboraci\u00f3n entre administraciones y el gesto altruista de la familia que don\u00f3 los terrenos en los que se ubicar\u00e1 un mirador llamado a ser un hito tur\u00edstico de categor\u00eda, ya no solo para nuestra localidad, sino tambi\u00e9n para la comarca y para toda la isla\u201d, afirma por su parte Marcos Lorenzo.<\/p>\n<p style=\"text-align: justify;\">El <em>Mirador del Universo<\/em> es un proyecto enmarcado en un convenio de colaboraci\u00f3n entre el Cabildo y el Ayuntamiento, cuyo dise\u00f1o ha sido realizado por el artista palmero Luis Morera. Est\u00e1 ubicado en la zona de El Pinar, concretamente en el llano que se encuentra entre los barrancos de El Jurado y Los Gomeros, un \u00e1rea con espectaculares vistas de la comarca noroeste y desde donde parte un sendero muy frecuentado por quienes disfrutan de transitar por los caminos de la Isla.<\/p>\n<p style=\"text-align: justify;\">Debido a la complejidad de la obra, que adem\u00e1s de la parte civil recoge aspectos referidos a su car\u00e1cter art\u00edstico, el presupuesto se ver\u00e1 incrementado en casi 80.000 euros, as\u00ed como el plazo para la terminaci\u00f3n de la misma, que se prorrogar\u00e1 de forma que se prev\u00e9 que los trabajos concluyan antes de la primavera de 2019.<\/p>\n","protected":false},"excerpt":{"rendered":"<p>El presidente del Cabildo visit\u00f3 los trabajos de esta infraestructura que forma parte de un proyecto del artista palmero Luis Morera El presidente del Cabildo de La Palma, Anselmo Pestana, y el alcalde de Tijarafe, Marcos Lorenzo, han coincidido en destacar el atractivo tur\u00edstico que&#8230;<\/p>\n","protected":false},"author":1,"featured_media":21015,"comment_status":"open","ping_status":"open","sticky":false,"template":"","format":"standard","meta":{"footnotes":""},"categories":[136],"tags":[],"yoast_head":"<!-- This site is optimized with the Yoast SEO plugin v24.5 - https:\/\/yoast.com\/wordpress\/plugins\/seo\/ -->\n<title>Anselmo Pestana destaca el potencial tur\u00edstico que tendr\u00e1 para la comarca noroeste el \u2018Mirador del Universo\u2019 &#8902; Stars Island La Palma<\/title>\n<meta name=\"robots\" content=\"index, follow, max-snippet:-1, max-image-preview:large, max-video-preview:-1\" \/>\n<link rel=\"canonical\" href=\"https:\/\/www.starsislandlapalma.es\/en\/anselmo-pestana-destaca-el-potencial-turistico-que-tendra-para-la-comarca-noroeste-el-mirador-del-universo\/\" \/>\n<meta property=\"og:locale\" content=\"en_US\" \/>\n<meta property=\"og:type\" content=\"article\" \/>\n<meta property=\"og:title\" content=\"Anselmo Pestana destaca el potencial tur\u00edstico que tendr\u00e1 para la comarca noroeste el \u2018Mirador del Universo\u2019 &#8902; Stars Island La Palma\" \/>\n<meta property=\"og:description\" content=\"El presidente del Cabildo visit\u00f3 los trabajos de esta infraestructura que forma parte de un proyecto del artista palmero Luis Morera El presidente del Cabildo de La Palma, Anselmo Pestana, y el alcalde de Tijarafe, Marcos Lorenzo, han coincidido en destacar el atractivo tur\u00edstico que...\" \/>\n<meta property=\"og:url\" content=\"https:\/\/www.starsislandlapalma.es\/en\/anselmo-pestana-destaca-el-potencial-turistico-que-tendra-para-la-comarca-noroeste-el-mirador-del-universo\/\" \/>\n<meta property=\"og:site_name\" content=\"Stars Island La Palma\" \/>\n<meta property=\"article:publisher\" content=\"https:\/\/www.facebook.com\/pages\/Starsisland-La-Palma\/210888162375006?ref=hl\" \/>\n<meta property=\"article:published_time\" content=\"2018-06-08T13:25:12+00:00\" \/>\n<meta property=\"article:modified_time\" content=\"2018-06-08T13:27:32+00:00\" \/>\n<meta property=\"og:image\" content=\"https:\/\/www.starsislandlapalma.es\/wp-content\/uploads\/2018\/06\/080618-Visita-Mirador-del-Universo.jpg\" \/>\n\t<meta property=\"og:image:width\" content=\"1024\" \/>\n\t<meta property=\"og:image:height\" content=\"768\" \/>\n\t<meta property=\"og:image:type\" content=\"image\/jpeg\" \/>\n<meta name=\"author\" content=\"Stars Island La Palma\" \/>\n<meta name=\"twitter:label1\" content=\"Written by\" \/>\n\t<meta name=\"twitter:data1\" content=\"Stars Island La Palma\" \/>\n\t<meta name=\"twitter:label2\" content=\"Est. reading time\" \/>\n\t<meta name=\"twitter:data2\" content=\"2 minutes\" \/>\n<script type=\"application\/ld+json\" class=\"yoast-schema-graph\">{\"@context\":\"https:\/\/schema.org\",\"@graph\":[{\"@type\":\"Article\",\"@id\":\"https:\/\/www.starsislandlapalma.es\/en\/anselmo-pestana-destaca-el-potencial-turistico-que-tendra-para-la-comarca-noroeste-el-mirador-del-universo\/#article\",\"isPartOf\":{\"@id\":\"https:\/\/www.starsislandlapalma.es\/en\/anselmo-pestana-destaca-el-potencial-turistico-que-tendra-para-la-comarca-noroeste-el-mirador-del-universo\/\"},\"author\":{\"name\":\"Stars Island La Palma\",\"@id\":\"https:\/\/www.starsislandlapalma.es\/#\/schema\/person\/9043f5bd4f379ca7532bf525fa88073b\"},\"headline\":\"Anselmo Pestana destaca el potencial tur\u00edstico que tendr\u00e1 para la comarca noroeste el \u2018Mirador del Universo\u2019\",\"datePublished\":\"2018-06-08T13:25:12+00:00\",\"dateModified\":\"2018-06-08T13:27:32+00:00\",\"mainEntityOfPage\":{\"@id\":\"https:\/\/www.starsislandlapalma.es\/en\/anselmo-pestana-destaca-el-potencial-turistico-que-tendra-para-la-comarca-noroeste-el-mirador-del-universo\/\"},\"wordCount\":433,\"commentCount\":0,\"publisher\":{\"@id\":\"https:\/\/www.starsislandlapalma.es\/#organization\"},\"image\":{\"@id\":\"https:\/\/www.starsislandlapalma.es\/en\/anselmo-pestana-destaca-el-potencial-turistico-que-tendra-para-la-comarca-noroeste-el-mirador-del-universo\/#primaryimage\"},\"thumbnailUrl\":\"https:\/\/www.starsislandlapalma.es\/wp-content\/uploads\/2018\/06\/080618-Visita-Mirador-del-Universo.jpg\",\"articleSection\":[\"News\"],\"inLanguage\":\"en-US\",\"potentialAction\":[{\"@type\":\"CommentAction\",\"name\":\"Comment\",\"target\":[\"https:\/\/www.starsislandlapalma.es\/en\/anselmo-pestana-destaca-el-potencial-turistico-que-tendra-para-la-comarca-noroeste-el-mirador-del-universo\/#respond\"]}]},{\"@type\":\"WebPage\",\"@id\":\"https:\/\/www.starsislandlapalma.es\/en\/anselmo-pestana-destaca-el-potencial-turistico-que-tendra-para-la-comarca-noroeste-el-mirador-del-universo\/\",\"url\":\"https:\/\/www.starsislandlapalma.es\/en\/anselmo-pestana-destaca-el-potencial-turistico-que-tendra-para-la-comarca-noroeste-el-mirador-del-universo\/\",\"name\":\"Anselmo Pestana destaca el potencial tur\u00edstico que tendr\u00e1 para la comarca noroeste el \u2018Mirador del Universo\u2019 &#8902; Stars Island La Palma\",\"isPartOf\":{\"@id\":\"https:\/\/www.starsislandlapalma.es\/#website\"},\"primaryImageOfPage\":{\"@id\":\"https:\/\/www.starsislandlapalma.es\/en\/anselmo-pestana-destaca-el-potencial-turistico-que-tendra-para-la-comarca-noroeste-el-mirador-del-universo\/#primaryimage\"},\"image\":{\"@id\":\"https:\/\/www.starsislandlapalma.es\/en\/anselmo-pestana-destaca-el-potencial-turistico-que-tendra-para-la-comarca-noroeste-el-mirador-del-universo\/#primaryimage\"},\"thumbnailUrl\":\"https:\/\/www.starsislandlapalma.es\/wp-content\/uploads\/2018\/06\/080618-Visita-Mirador-del-Universo.jpg\",\"datePublished\":\"2018-06-08T13:25:12+00:00\",\"dateModified\":\"2018-06-08T13:27:32+00:00\",\"breadcrumb\":{\"@id\":\"https:\/\/www.starsislandlapalma.es\/en\/anselmo-pestana-destaca-el-potencial-turistico-que-tendra-para-la-comarca-noroeste-el-mirador-del-universo\/#breadcrumb\"},\"inLanguage\":\"en-US\",\"potentialAction\":[{\"@type\":\"ReadAction\",\"target\":[\"https:\/\/www.starsislandlapalma.es\/en\/anselmo-pestana-destaca-el-potencial-turistico-que-tendra-para-la-comarca-noroeste-el-mirador-del-universo\/\"]}]},{\"@type\":\"ImageObject\",\"inLanguage\":\"en-US\",\"@id\":\"https:\/\/www.starsislandlapalma.es\/en\/anselmo-pestana-destaca-el-potencial-turistico-que-tendra-para-la-comarca-noroeste-el-mirador-del-universo\/#primaryimage\",\"url\":\"https:\/\/www.starsislandlapalma.es\/wp-content\/uploads\/2018\/06\/080618-Visita-Mirador-del-Universo.jpg\",\"contentUrl\":\"https:\/\/www.starsislandlapalma.es\/wp-content\/uploads\/2018\/06\/080618-Visita-Mirador-del-Universo.jpg\",\"width\":1024,\"height\":768},{\"@type\":\"BreadcrumbList\",\"@id\":\"https:\/\/www.starsislandlapalma.es\/en\/anselmo-pestana-destaca-el-potencial-turistico-que-tendra-para-la-comarca-noroeste-el-mirador-del-universo\/#breadcrumb\",\"itemListElement\":[{\"@type\":\"ListItem\",\"position\":1,\"name\":\"Portada\",\"item\":\"https:\/\/www.starsislandlapalma.es\/en\/\"},{\"@type\":\"ListItem\",\"position\":2,\"name\":\"Anselmo Pestana destaca el potencial tur\u00edstico que tendr\u00e1 para la comarca noroeste el \u2018Mirador del Universo\u2019\"}]},{\"@type\":\"WebSite\",\"@id\":\"https:\/\/www.starsislandlapalma.es\/#website\",\"url\":\"https:\/\/www.starsislandlapalma.es\/\",\"name\":\"Stars Island La Palma\",\"description\":\"La Palma, el lugar perfecto para disfrutar del universo. Primera Reserva Starlight del mundo, en 2012 se reconoce como Destino Tur\u00edstico Starlight\",\"publisher\":{\"@id\":\"https:\/\/www.starsislandlapalma.es\/#organization\"},\"potentialAction\":[{\"@type\":\"SearchAction\",\"target\":{\"@type\":\"EntryPoint\",\"urlTemplate\":\"https:\/\/www.starsislandlapalma.es\/?s={search_term_string}\"},\"query-input\":{\"@type\":\"PropertyValueSpecification\",\"valueRequired\":true,\"valueName\":\"search_term_string\"}}],\"inLanguage\":\"en-US\"},{\"@type\":\"Organization\",\"@id\":\"https:\/\/www.starsislandlapalma.es\/#organization\",\"name\":\"Star Island La Palma\",\"url\":\"https:\/\/www.starsislandlapalma.es\/\",\"logo\":{\"@type\":\"ImageObject\",\"inLanguage\":\"en-US\",\"@id\":\"https:\/\/www.starsislandlapalma.es\/#\/schema\/logo\/image\/\",\"url\":\"https:\/\/www.starsislandlapalma.es\/wp-content\/uploads\/2022\/01\/logo_starisland.png\",\"contentUrl\":\"https:\/\/www.starsislandlapalma.es\/wp-content\/uploads\/2022\/01\/logo_starisland.png\",\"width\":172,\"height\":139,\"caption\":\"Star Island La Palma\"},\"image\":{\"@id\":\"https:\/\/www.starsislandlapalma.es\/#\/schema\/logo\/image\/\"},\"sameAs\":[\"https:\/\/www.facebook.com\/pages\/Starsisland-La-Palma\/210888162375006?ref=hl\",\"https:\/\/x.com\/starsislandlapa\",\"https:\/\/www.pinterest.com\/astroturismo\/\",\"https:\/\/www.youtube.com\/channel\/UCV7sju1ggcBpJG39HQCBtsA\"]},{\"@type\":\"Person\",\"@id\":\"https:\/\/www.starsislandlapalma.es\/#\/schema\/person\/9043f5bd4f379ca7532bf525fa88073b\",\"name\":\"Stars Island La Palma\",\"image\":{\"@type\":\"ImageObject\",\"inLanguage\":\"en-US\",\"@id\":\"https:\/\/www.starsislandlapalma.es\/#\/schema\/person\/image\/\",\"url\":\"https:\/\/secure.gravatar.com\/avatar\/214edfeae37af83662fa1058aeebfb41?s=96&d=mm&r=g\",\"contentUrl\":\"https:\/\/secure.gravatar.com\/avatar\/214edfeae37af83662fa1058aeebfb41?s=96&d=mm&r=g\",\"caption\":\"Stars Island La Palma\"},\"url\":\"https:\/\/www.starsislandlapalma.es\/en\/author\/star\/\"}]}<\/script>\n<!-- \/ Yoast SEO plugin. -->","yoast_head_json":{"title":"Anselmo Pestana destaca el potencial tur\u00edstico que tendr\u00e1 para la comarca noroeste el \u2018Mirador del Universo\u2019 &#8902; Stars Island La Palma","robots":{"index":"index","follow":"follow","max-snippet":"max-snippet:-1","max-image-preview":"max-image-preview:large","max-video-preview":"max-video-preview:-1"},"canonical":"https:\/\/www.starsislandlapalma.es\/en\/anselmo-pestana-destaca-el-potencial-turistico-que-tendra-para-la-comarca-noroeste-el-mirador-del-universo\/","og_locale":"en_US","og_type":"article","og_title":"Anselmo Pestana destaca el potencial tur\u00edstico que tendr\u00e1 para la comarca noroeste el \u2018Mirador del Universo\u2019 &#8902; Stars Island La Palma","og_description":"El presidente del Cabildo visit\u00f3 los trabajos de esta infraestructura que forma parte de un proyecto del artista palmero Luis Morera El presidente del Cabildo de La Palma, Anselmo Pestana, y el alcalde de Tijarafe, Marcos Lorenzo, han coincidido en destacar el atractivo tur\u00edstico que...","og_url":"https:\/\/www.starsislandlapalma.es\/en\/anselmo-pestana-destaca-el-potencial-turistico-que-tendra-para-la-comarca-noroeste-el-mirador-del-universo\/","og_site_name":"Stars Island La Palma","article_publisher":"https:\/\/www.facebook.com\/pages\/Starsisland-La-Palma\/210888162375006?ref=hl","article_published_time":"2018-06-08T13:25:12+00:00","article_modified_time":"2018-06-08T13:27:32+00:00","og_image":[{"width":1024,"height":768,"url":"https:\/\/www.starsislandlapalma.es\/wp-content\/uploads\/2018\/06\/080618-Visita-Mirador-del-Universo.jpg","type":"image\/jpeg"}],"author":"Stars Island La Palma","twitter_misc":{"Written by":"Stars Island La Palma","Est. reading time":"2 minutes"},"schema":{"@context":"https:\/\/schema.org","@graph":[{"@type":"Article","@id":"https:\/\/www.starsislandlapalma.es\/en\/anselmo-pestana-destaca-el-potencial-turistico-que-tendra-para-la-comarca-noroeste-el-mirador-del-universo\/#article","isPartOf":{"@id":"https:\/\/www.starsislandlapalma.es\/en\/anselmo-pestana-destaca-el-potencial-turistico-que-tendra-para-la-comarca-noroeste-el-mirador-del-universo\/"},"author":{"name":"Stars Island La Palma","@id":"https:\/\/www.starsislandlapalma.es\/#\/schema\/person\/9043f5bd4f379ca7532bf525fa88073b"},"headline":"Anselmo Pestana destaca el potencial tur\u00edstico que tendr\u00e1 para la comarca noroeste el \u2018Mirador del Universo\u2019","datePublished":"2018-06-08T13:25:12+00:00","dateModified":"2018-06-08T13:27:32+00:00","mainEntityOfPage":{"@id":"https:\/\/www.starsislandlapalma.es\/en\/anselmo-pestana-destaca-el-potencial-turistico-que-tendra-para-la-comarca-noroeste-el-mirador-del-universo\/"},"wordCount":433,"commentCount":0,"publisher":{"@id":"https:\/\/www.starsislandlapalma.es\/#organization"},"image":{"@id":"https:\/\/www.starsislandlapalma.es\/en\/anselmo-pestana-destaca-el-potencial-turistico-que-tendra-para-la-comarca-noroeste-el-mirador-del-universo\/#primaryimage"},"thumbnailUrl":"https:\/\/www.starsislandlapalma.es\/wp-content\/uploads\/2018\/06\/080618-Visita-Mirador-del-Universo.jpg","articleSection":["News"],"inLanguage":"en-US","potentialAction":[{"@type":"CommentAction","name":"Comment","target":["https:\/\/www.starsislandlapalma.es\/en\/anselmo-pestana-destaca-el-potencial-turistico-que-tendra-para-la-comarca-noroeste-el-mirador-del-universo\/#respond"]}]},{"@type":"WebPage","@id":"https:\/\/www.starsislandlapalma.es\/en\/anselmo-pestana-destaca-el-potencial-turistico-que-tendra-para-la-comarca-noroeste-el-mirador-del-universo\/","url":"https:\/\/www.starsislandlapalma.es\/en\/anselmo-pestana-destaca-el-potencial-turistico-que-tendra-para-la-comarca-noroeste-el-mirador-del-universo\/","name":"Anselmo Pestana destaca el potencial tur\u00edstico que tendr\u00e1 para la comarca noroeste el \u2018Mirador del Universo\u2019 &#8902; Stars Island La Palma","isPartOf":{"@id":"https:\/\/www.starsislandlapalma.es\/#website"},"primaryImageOfPage":{"@id":"https:\/\/www.starsislandlapalma.es\/en\/anselmo-pestana-destaca-el-potencial-turistico-que-tendra-para-la-comarca-noroeste-el-mirador-del-universo\/#primaryimage"},"image":{"@id":"https:\/\/www.starsislandlapalma.es\/en\/anselmo-pestana-destaca-el-potencial-turistico-que-tendra-para-la-comarca-noroeste-el-mirador-del-universo\/#primaryimage"},"thumbnailUrl":"https:\/\/www.starsislandlapalma.es\/wp-content\/uploads\/2018\/06\/080618-Visita-Mirador-del-Universo.jpg","datePublished":"2018-06-08T13:25:12+00:00","dateModified":"2018-06-08T13:27:32+00:00","breadcrumb":{"@id":"https:\/\/www.starsislandlapalma.es\/en\/anselmo-pestana-destaca-el-potencial-turistico-que-tendra-para-la-comarca-noroeste-el-mirador-del-universo\/#breadcrumb"},"inLanguage":"en-US","potentialAction":[{"@type":"ReadAction","target":["https:\/\/www.starsislandlapalma.es\/en\/anselmo-pestana-destaca-el-potencial-turistico-que-tendra-para-la-comarca-noroeste-el-mirador-del-universo\/"]}]},{"@type":"ImageObject","inLanguage":"en-US","@id":"https:\/\/www.starsislandlapalma.es\/en\/anselmo-pestana-destaca-el-potencial-turistico-que-tendra-para-la-comarca-noroeste-el-mirador-del-universo\/#primaryimage","url":"https:\/\/www.starsislandlapalma.es\/wp-content\/uploads\/2018\/06\/080618-Visita-Mirador-del-Universo.jpg","contentUrl":"https:\/\/www.starsislandlapalma.es\/wp-content\/uploads\/2018\/06\/080618-Visita-Mirador-del-Universo.jpg","width":1024,"height":768},{"@type":"BreadcrumbList","@id":"https:\/\/www.starsislandlapalma.es\/en\/anselmo-pestana-destaca-el-potencial-turistico-que-tendra-para-la-comarca-noroeste-el-mirador-del-universo\/#breadcrumb","itemListElement":[{"@type":"ListItem","position":1,"name":"Portada","item":"https:\/\/www.starsislandlapalma.es\/en\/"},{"@type":"ListItem","position":2,"name":"Anselmo Pestana destaca el potencial tur\u00edstico que tendr\u00e1 para la comarca noroeste el \u2018Mirador del Universo\u2019"}]},{"@type":"WebSite","@id":"https:\/\/www.starsislandlapalma.es\/#website","url":"https:\/\/www.starsislandlapalma.es\/","name":"Stars Island La Palma","description":"La Palma, el lugar perfecto para disfrutar del universo. Primera Reserva Starlight del mundo, en 2012 se reconoce como Destino Tur\u00edstico Starlight","publisher":{"@id":"https:\/\/www.starsislandlapalma.es\/#organization"},"potentialAction":[{"@type":"SearchAction","target":{"@type":"EntryPoint","urlTemplate":"https:\/\/www.starsislandlapalma.es\/?s={search_term_string}"},"query-input":{"@type":"PropertyValueSpecification","valueRequired":true,"valueName":"search_term_string"}}],"inLanguage":"en-US"},{"@type":"Organization","@id":"https:\/\/www.starsislandlapalma.es\/#organization","name":"Star Island La Palma","url":"https:\/\/www.starsislandlapalma.es\/","logo":{"@type":"ImageObject","inLanguage":"en-US","@id":"https:\/\/www.starsislandlapalma.es\/#\/schema\/logo\/image\/","url":"https:\/\/www.starsislandlapalma.es\/wp-content\/uploads\/2022\/01\/logo_starisland.png","contentUrl":"https:\/\/www.starsislandlapalma.es\/wp-content\/uploads\/2022\/01\/logo_starisland.png","width":172,"height":139,"caption":"Star Island La Palma"},"image":{"@id":"https:\/\/www.starsislandlapalma.es\/#\/schema\/logo\/image\/"},"sameAs":["https:\/\/www.facebook.com\/pages\/Starsisland-La-Palma\/210888162375006?ref=hl","https:\/\/x.com\/starsislandlapa","https:\/\/www.pinterest.com\/astroturismo\/","https:\/\/www.youtube.com\/channel\/UCV7sju1ggcBpJG39HQCBtsA"]},{"@type":"Person","@id":"https:\/\/www.starsislandlapalma.es\/#\/schema\/person\/9043f5bd4f379ca7532bf525fa88073b","name":"Stars Island La Palma","image":{"@type":"ImageObject","inLanguage":"en-US","@id":"https:\/\/www.starsislandlapalma.es\/#\/schema\/person\/image\/","url":"https:\/\/secure.gravatar.com\/avatar\/214edfeae37af83662fa1058aeebfb41?s=96&d=mm&r=g","contentUrl":"https:\/\/secure.gravatar.com\/avatar\/214edfeae37af83662fa1058aeebfb41?s=96&d=mm&r=g","caption":"Stars Island La Palma"},"url":"https:\/\/www.starsislandlapalma.es\/en\/author\/star\/"}]}},"_links":{"self":[{"href":"https:\/\/www.starsislandlapalma.es\/en\/wp-json\/wp\/v2\/posts\/21017\/"}],"collection":[{"href":"https:\/\/www.starsislandlapalma.es\/en\/wp-json\/wp\/v2\/posts\/"}],"about":[{"href":"https:\/\/www.starsislandlapalma.es\/en\/wp-json\/wp\/v2\/types\/post\/"}],"author":[{"embeddable":true,"href":"https:\/\/www.starsislandlapalma.es\/en\/wp-json\/wp\/v2\/users\/1\/"}],"replies":[{"embeddable":true,"href":"https:\/\/www.starsislandlapalma.es\/en\/wp-json\/wp\/v2\/comments\/?post=21017"}],"version-history":[{"count":0,"href":"https:\/\/www.starsislandlapalma.es\/en\/wp-json\/wp\/v2\/posts\/21017\/revisions\/"}],"wp:featuredmedia":[{"embeddable":true,"href":"https:\/\/www.starsislandlapalma.es\/en\/wp-json\/wp\/v2\/media\/21015\/"}],"wp:attachment":[{"href":"https:\/\/www.starsislandlapalma.es\/en\/wp-json\/wp\/v2\/media\/?parent=21017"}],"wp:term":[{"taxonomy":"category","embeddable":true,"href":"https:\/\/www.starsislandlapalma.es\/en\/wp-json\/wp\/v2\/categories\/?post=21017"},{"taxonomy":"post_tag","embeddable":true,"href":"https:\/\/www.starsislandlapalma.es\/en\/wp-json\/wp\/v2\/tags\/?post=21017"}],"curies":[{"name":"wp","href":"https:\/\/api.w.org\/{rel}","templated":true}]}}