{"id":21259,"date":"2019-04-05T09:56:59","date_gmt":"2019-04-05T09:56:59","guid":{"rendered":"http:\/\/www.starsislandlapalma.es\/proyecto-europeo-night-light-2\/"},"modified":"2019-04-10T08:39:08","modified_gmt":"2019-04-10T08:39:08","slug":"proyecto-europeo-night-light-2","status":"publish","type":"post","link":"https:\/\/www.starsislandlapalma.es\/en\/proyecto-europeo-night-light-2\/","title":{"rendered":"La Palma participa en \u00c1vila en la reuni\u00f3n del proyecto europeo \u2018Night Light\u2019 sobre contaminaci\u00f3n lum\u00ednica y astroturismo"},"content":{"rendered":"<p style=\"text-align: justify;\">La Isla de La Palma, a trav\u00e9s de la Consejer\u00eda de Turismo del Cabildo, est\u00e1 representada durante esta semana en una nueva reuni\u00f3n de trabajo del programa europeo Interreg <em>Night Light,<\/em> dedicado al control de la contaminaci\u00f3n lum\u00ednica y del astroturismo.<\/p>\n<p style=\"text-align: justify;\">La provincia castellano leonesa acoge una <em>peer review<\/em> (revisi\u00f3n por pares) de este programa en el que <em>La Isla Bonita<\/em> mantiene desde un principio un papel destacado por su doble condici\u00f3n de destino y reserva Starlight, as\u00ed como por su iniciativa pionera a nivel nacional tanto en astroturismo como en protecci\u00f3n de los cielos nocturnos.<\/p>\n<p style=\"text-align: justify;\">\u00a0\u201cDesde el comienzo de <em>Night Light<\/em>, La Palma ha sido un referente para el resto de regiones nacionales y europeas participantes en este programa como emplazamiento ejemplar en el control de la contaminaci\u00f3n lum\u00ednica y el desarrollo del astroturismo\u201d, se\u00f1ala Alicia Vanoostende.<\/p>\n<p style=\"text-align: justify;\">El presidente de la diputaci\u00f3n provincial de \u00c1vila dio la bienvenida al grupo de expertos que representan a sus respectivos territorios en este programa, que en septiembre del a\u00f1o pasado recal\u00f3, con gran \u00e9xito, en <em>La Isla Bonita<\/em>.<\/p>\n","protected":false},"excerpt":{"rendered":"<p>La Isla de La Palma, a trav\u00e9s de la Consejer\u00eda de Turismo del Cabildo, est\u00e1 representada durante esta semana en una nueva reuni\u00f3n de trabajo del programa europeo Interreg Night Light, dedicado al control de la contaminaci\u00f3n lum\u00ednica y del astroturismo. La provincia castellano leonesa&#8230;<\/p>\n","protected":false},"author":2,"featured_media":21251,"comment_status":"open","ping_status":"open","sticky":false,"template":"","format":"standard","meta":{"footnotes":""},"categories":[136],"tags":[175,532,533,443],"yoast_head":"<!-- This site is optimized with the Yoast SEO plugin v24.5 - https:\/\/yoast.com\/wordpress\/plugins\/seo\/ -->\n<title>La Palma participa en \u00c1vila en la reuni\u00f3n del proyecto europeo \u2018Night Light\u2019 sobre contaminaci\u00f3n lum\u00ednica y astroturismo &#8902; Stars Island La Palma<\/title>\n<meta name=\"robots\" content=\"index, follow, max-snippet:-1, max-image-preview:large, max-video-preview:-1\" \/>\n<link rel=\"canonical\" href=\"https:\/\/www.starsislandlapalma.es\/en\/proyecto-europeo-night-light-2\/\" \/>\n<meta property=\"og:locale\" content=\"en_US\" \/>\n<meta property=\"og:type\" content=\"article\" \/>\n<meta property=\"og:title\" content=\"La Palma participa en \u00c1vila en la reuni\u00f3n del proyecto europeo \u2018Night Light\u2019 sobre contaminaci\u00f3n lum\u00ednica y astroturismo &#8902; Stars Island La Palma\" \/>\n<meta property=\"og:description\" content=\"La Isla de La Palma, a trav\u00e9s de la Consejer\u00eda de Turismo del Cabildo, est\u00e1 representada durante esta semana en una nueva reuni\u00f3n de trabajo del programa europeo Interreg Night Light, dedicado al control de la contaminaci\u00f3n lum\u00ednica y del astroturismo. La provincia castellano leonesa...\" \/>\n<meta property=\"og:url\" content=\"https:\/\/www.starsislandlapalma.es\/en\/proyecto-europeo-night-light-2\/\" \/>\n<meta property=\"og:site_name\" content=\"Stars Island La Palma\" \/>\n<meta property=\"article:publisher\" content=\"https:\/\/www.facebook.com\/pages\/Starsisland-La-Palma\/210888162375006?ref=hl\" \/>\n<meta property=\"article:published_time\" content=\"2019-04-05T09:56:59+00:00\" \/>\n<meta property=\"article:modified_time\" content=\"2019-04-10T08:39:08+00:00\" \/>\n<meta property=\"og:image\" content=\"https:\/\/www.starsislandlapalma.es\/wp-content\/uploads\/2019\/04\/La-Palma-en-Interreg-Night-Light-en-Avila-1.jpg\" \/>\n\t<meta property=\"og:image:width\" content=\"1024\" \/>\n\t<meta property=\"og:image:height\" content=\"768\" \/>\n\t<meta property=\"og:image:type\" content=\"image\/jpeg\" \/>\n<meta name=\"author\" content=\"StarIsland\" \/>\n<meta name=\"twitter:label1\" content=\"Written by\" \/>\n\t<meta name=\"twitter:data1\" content=\"StarIsland\" \/>\n\t<meta name=\"twitter:label2\" content=\"Est. reading time\" \/>\n\t<meta name=\"twitter:data2\" content=\"1 minute\" \/>\n<script type=\"application\/ld+json\" class=\"yoast-schema-graph\">{\"@context\":\"https:\/\/schema.org\",\"@graph\":[{\"@type\":\"Article\",\"@id\":\"https:\/\/www.starsislandlapalma.es\/en\/proyecto-europeo-night-light-2\/#article\",\"isPartOf\":{\"@id\":\"https:\/\/www.starsislandlapalma.es\/en\/proyecto-europeo-night-light-2\/\"},\"author\":{\"name\":\"StarIsland\",\"@id\":\"https:\/\/www.starsislandlapalma.es\/#\/schema\/person\/f13229a3b841af335ecd3f1dbd12ac3a\"},\"headline\":\"La Palma participa en \u00c1vila en la reuni\u00f3n del proyecto europeo \u2018Night Light\u2019 sobre contaminaci\u00f3n lum\u00ednica y astroturismo\",\"datePublished\":\"2019-04-05T09:56:59+00:00\",\"dateModified\":\"2019-04-10T08:39:08+00:00\",\"mainEntityOfPage\":{\"@id\":\"https:\/\/www.starsislandlapalma.es\/en\/proyecto-europeo-night-light-2\/\"},\"wordCount\":210,\"commentCount\":0,\"publisher\":{\"@id\":\"https:\/\/www.starsislandlapalma.es\/#organization\"},\"image\":{\"@id\":\"https:\/\/www.starsislandlapalma.es\/en\/proyecto-europeo-night-light-2\/#primaryimage\"},\"thumbnailUrl\":\"https:\/\/www.starsislandlapalma.es\/wp-content\/uploads\/2019\/04\/La-Palma-en-Interreg-Night-Light-en-Avila-1.jpg\",\"keywords\":[\"astroturismo\",\"Contaminaci\u00f3n\",\"Lum\u00ednica\",\"night light\"],\"articleSection\":[\"News\"],\"inLanguage\":\"en-US\",\"potentialAction\":[{\"@type\":\"CommentAction\",\"name\":\"Comment\",\"target\":[\"https:\/\/www.starsislandlapalma.es\/en\/proyecto-europeo-night-light-2\/#respond\"]}]},{\"@type\":\"WebPage\",\"@id\":\"https:\/\/www.starsislandlapalma.es\/en\/proyecto-europeo-night-light-2\/\",\"url\":\"https:\/\/www.starsislandlapalma.es\/en\/proyecto-europeo-night-light-2\/\",\"name\":\"La Palma participa en \u00c1vila en la reuni\u00f3n del proyecto europeo \u2018Night Light\u2019 sobre contaminaci\u00f3n lum\u00ednica y astroturismo &#8902; Stars Island La Palma\",\"isPartOf\":{\"@id\":\"https:\/\/www.starsislandlapalma.es\/#website\"},\"primaryImageOfPage\":{\"@id\":\"https:\/\/www.starsislandlapalma.es\/en\/proyecto-europeo-night-light-2\/#primaryimage\"},\"image\":{\"@id\":\"https:\/\/www.starsislandlapalma.es\/en\/proyecto-europeo-night-light-2\/#primaryimage\"},\"thumbnailUrl\":\"https:\/\/www.starsislandlapalma.es\/wp-content\/uploads\/2019\/04\/La-Palma-en-Interreg-Night-Light-en-Avila-1.jpg\",\"datePublished\":\"2019-04-05T09:56:59+00:00\",\"dateModified\":\"2019-04-10T08:39:08+00:00\",\"breadcrumb\":{\"@id\":\"https:\/\/www.starsislandlapalma.es\/en\/proyecto-europeo-night-light-2\/#breadcrumb\"},\"inLanguage\":\"en-US\",\"potentialAction\":[{\"@type\":\"ReadAction\",\"target\":[\"https:\/\/www.starsislandlapalma.es\/en\/proyecto-europeo-night-light-2\/\"]}]},{\"@type\":\"ImageObject\",\"inLanguage\":\"en-US\",\"@id\":\"https:\/\/www.starsislandlapalma.es\/en\/proyecto-europeo-night-light-2\/#primaryimage\",\"url\":\"https:\/\/www.starsislandlapalma.es\/wp-content\/uploads\/2019\/04\/La-Palma-en-Interreg-Night-Light-en-Avila-1.jpg\",\"contentUrl\":\"https:\/\/www.starsislandlapalma.es\/wp-content\/uploads\/2019\/04\/La-Palma-en-Interreg-Night-Light-en-Avila-1.jpg\",\"width\":1024,\"height\":768},{\"@type\":\"BreadcrumbList\",\"@id\":\"https:\/\/www.starsislandlapalma.es\/en\/proyecto-europeo-night-light-2\/#breadcrumb\",\"itemListElement\":[{\"@type\":\"ListItem\",\"position\":1,\"name\":\"Portada\",\"item\":\"https:\/\/www.starsislandlapalma.es\/en\/\"},{\"@type\":\"ListItem\",\"position\":2,\"name\":\"La Palma participa en \u00c1vila en la reuni\u00f3n del proyecto europeo \u2018Night Light\u2019 sobre contaminaci\u00f3n lum\u00ednica y astroturismo\"}]},{\"@type\":\"WebSite\",\"@id\":\"https:\/\/www.starsislandlapalma.es\/#website\",\"url\":\"https:\/\/www.starsislandlapalma.es\/\",\"name\":\"Stars Island La Palma\",\"description\":\"La Palma, el lugar perfecto para disfrutar del universo. Primera Reserva Starlight del mundo, en 2012 se reconoce como Destino Tur\u00edstico Starlight\",\"publisher\":{\"@id\":\"https:\/\/www.starsislandlapalma.es\/#organization\"},\"potentialAction\":[{\"@type\":\"SearchAction\",\"target\":{\"@type\":\"EntryPoint\",\"urlTemplate\":\"https:\/\/www.starsislandlapalma.es\/?s={search_term_string}\"},\"query-input\":{\"@type\":\"PropertyValueSpecification\",\"valueRequired\":true,\"valueName\":\"search_term_string\"}}],\"inLanguage\":\"en-US\"},{\"@type\":\"Organization\",\"@id\":\"https:\/\/www.starsislandlapalma.es\/#organization\",\"name\":\"Star Island La Palma\",\"url\":\"https:\/\/www.starsislandlapalma.es\/\",\"logo\":{\"@type\":\"ImageObject\",\"inLanguage\":\"en-US\",\"@id\":\"https:\/\/www.starsislandlapalma.es\/#\/schema\/logo\/image\/\",\"url\":\"https:\/\/www.starsislandlapalma.es\/wp-content\/uploads\/2022\/01\/logo_starisland.png\",\"contentUrl\":\"https:\/\/www.starsislandlapalma.es\/wp-content\/uploads\/2022\/01\/logo_starisland.png\",\"width\":172,\"height\":139,\"caption\":\"Star Island La Palma\"},\"image\":{\"@id\":\"https:\/\/www.starsislandlapalma.es\/#\/schema\/logo\/image\/\"},\"sameAs\":[\"https:\/\/www.facebook.com\/pages\/Starsisland-La-Palma\/210888162375006?ref=hl\",\"https:\/\/x.com\/starsislandlapa\",\"https:\/\/www.pinterest.com\/astroturismo\/\",\"https:\/\/www.youtube.com\/channel\/UCV7sju1ggcBpJG39HQCBtsA\"]},{\"@type\":\"Person\",\"@id\":\"https:\/\/www.starsislandlapalma.es\/#\/schema\/person\/f13229a3b841af335ecd3f1dbd12ac3a\",\"name\":\"StarIsland\",\"image\":{\"@type\":\"ImageObject\",\"inLanguage\":\"en-US\",\"@id\":\"https:\/\/www.starsislandlapalma.es\/#\/schema\/person\/image\/\",\"url\":\"https:\/\/secure.gravatar.com\/avatar\/3cfee98e8471f9b7d33d9e257374fe5d?s=96&d=mm&r=g\",\"contentUrl\":\"https:\/\/secure.gravatar.com\/avatar\/3cfee98e8471f9b7d33d9e257374fe5d?s=96&d=mm&r=g\",\"caption\":\"StarIsland\"},\"url\":\"https:\/\/www.starsislandlapalma.es\/en\/author\/starisland\/\"}]}<\/script>\n<!-- \/ Yoast SEO plugin. -->","yoast_head_json":{"title":"La Palma participa en \u00c1vila en la reuni\u00f3n del proyecto europeo \u2018Night Light\u2019 sobre contaminaci\u00f3n lum\u00ednica y astroturismo &#8902; Stars Island La Palma","robots":{"index":"index","follow":"follow","max-snippet":"max-snippet:-1","max-image-preview":"max-image-preview:large","max-video-preview":"max-video-preview:-1"},"canonical":"https:\/\/www.starsislandlapalma.es\/en\/proyecto-europeo-night-light-2\/","og_locale":"en_US","og_type":"article","og_title":"La Palma participa en \u00c1vila en la reuni\u00f3n del proyecto europeo \u2018Night Light\u2019 sobre contaminaci\u00f3n lum\u00ednica y astroturismo &#8902; Stars Island La Palma","og_description":"La Isla de La Palma, a trav\u00e9s de la Consejer\u00eda de Turismo del Cabildo, est\u00e1 representada durante esta semana en una nueva reuni\u00f3n de trabajo del programa europeo Interreg Night Light, dedicado al control de la contaminaci\u00f3n lum\u00ednica y del astroturismo. La provincia castellano leonesa...","og_url":"https:\/\/www.starsislandlapalma.es\/en\/proyecto-europeo-night-light-2\/","og_site_name":"Stars Island La Palma","article_publisher":"https:\/\/www.facebook.com\/pages\/Starsisland-La-Palma\/210888162375006?ref=hl","article_published_time":"2019-04-05T09:56:59+00:00","article_modified_time":"2019-04-10T08:39:08+00:00","og_image":[{"width":1024,"height":768,"url":"https:\/\/www.starsislandlapalma.es\/wp-content\/uploads\/2019\/04\/La-Palma-en-Interreg-Night-Light-en-Avila-1.jpg","type":"image\/jpeg"}],"author":"StarIsland","twitter_misc":{"Written by":"StarIsland","Est. reading time":"1 minute"},"schema":{"@context":"https:\/\/schema.org","@graph":[{"@type":"Article","@id":"https:\/\/www.starsislandlapalma.es\/en\/proyecto-europeo-night-light-2\/#article","isPartOf":{"@id":"https:\/\/www.starsislandlapalma.es\/en\/proyecto-europeo-night-light-2\/"},"author":{"name":"StarIsland","@id":"https:\/\/www.starsislandlapalma.es\/#\/schema\/person\/f13229a3b841af335ecd3f1dbd12ac3a"},"headline":"La Palma participa en \u00c1vila en la reuni\u00f3n del proyecto europeo \u2018Night Light\u2019 sobre contaminaci\u00f3n lum\u00ednica y astroturismo","datePublished":"2019-04-05T09:56:59+00:00","dateModified":"2019-04-10T08:39:08+00:00","mainEntityOfPage":{"@id":"https:\/\/www.starsislandlapalma.es\/en\/proyecto-europeo-night-light-2\/"},"wordCount":210,"commentCount":0,"publisher":{"@id":"https:\/\/www.starsislandlapalma.es\/#organization"},"image":{"@id":"https:\/\/www.starsislandlapalma.es\/en\/proyecto-europeo-night-light-2\/#primaryimage"},"thumbnailUrl":"https:\/\/www.starsislandlapalma.es\/wp-content\/uploads\/2019\/04\/La-Palma-en-Interreg-Night-Light-en-Avila-1.jpg","keywords":["astroturismo","Contaminaci\u00f3n","Lum\u00ednica","night light"],"articleSection":["News"],"inLanguage":"en-US","potentialAction":[{"@type":"CommentAction","name":"Comment","target":["https:\/\/www.starsislandlapalma.es\/en\/proyecto-europeo-night-light-2\/#respond"]}]},{"@type":"WebPage","@id":"https:\/\/www.starsislandlapalma.es\/en\/proyecto-europeo-night-light-2\/","url":"https:\/\/www.starsislandlapalma.es\/en\/proyecto-europeo-night-light-2\/","name":"La Palma participa en \u00c1vila en la reuni\u00f3n del proyecto europeo \u2018Night Light\u2019 sobre contaminaci\u00f3n lum\u00ednica y astroturismo &#8902; Stars Island La Palma","isPartOf":{"@id":"https:\/\/www.starsislandlapalma.es\/#website"},"primaryImageOfPage":{"@id":"https:\/\/www.starsislandlapalma.es\/en\/proyecto-europeo-night-light-2\/#primaryimage"},"image":{"@id":"https:\/\/www.starsislandlapalma.es\/en\/proyecto-europeo-night-light-2\/#primaryimage"},"thumbnailUrl":"https:\/\/www.starsislandlapalma.es\/wp-content\/uploads\/2019\/04\/La-Palma-en-Interreg-Night-Light-en-Avila-1.jpg","datePublished":"2019-04-05T09:56:59+00:00","dateModified":"2019-04-10T08:39:08+00:00","breadcrumb":{"@id":"https:\/\/www.starsislandlapalma.es\/en\/proyecto-europeo-night-light-2\/#breadcrumb"},"inLanguage":"en-US","potentialAction":[{"@type":"ReadAction","target":["https:\/\/www.starsislandlapalma.es\/en\/proyecto-europeo-night-light-2\/"]}]},{"@type":"ImageObject","inLanguage":"en-US","@id":"https:\/\/www.starsislandlapalma.es\/en\/proyecto-europeo-night-light-2\/#primaryimage","url":"https:\/\/www.starsislandlapalma.es\/wp-content\/uploads\/2019\/04\/La-Palma-en-Interreg-Night-Light-en-Avila-1.jpg","contentUrl":"https:\/\/www.starsislandlapalma.es\/wp-content\/uploads\/2019\/04\/La-Palma-en-Interreg-Night-Light-en-Avila-1.jpg","width":1024,"height":768},{"@type":"BreadcrumbList","@id":"https:\/\/www.starsislandlapalma.es\/en\/proyecto-europeo-night-light-2\/#breadcrumb","itemListElement":[{"@type":"ListItem","position":1,"name":"Portada","item":"https:\/\/www.starsislandlapalma.es\/en\/"},{"@type":"ListItem","position":2,"name":"La Palma participa en \u00c1vila en la reuni\u00f3n del proyecto europeo \u2018Night Light\u2019 sobre contaminaci\u00f3n lum\u00ednica y astroturismo"}]},{"@type":"WebSite","@id":"https:\/\/www.starsislandlapalma.es\/#website","url":"https:\/\/www.starsislandlapalma.es\/","name":"Stars Island La Palma","description":"La Palma, el lugar perfecto para disfrutar del universo. Primera Reserva Starlight del mundo, en 2012 se reconoce como Destino Tur\u00edstico Starlight","publisher":{"@id":"https:\/\/www.starsislandlapalma.es\/#organization"},"potentialAction":[{"@type":"SearchAction","target":{"@type":"EntryPoint","urlTemplate":"https:\/\/www.starsislandlapalma.es\/?s={search_term_string}"},"query-input":{"@type":"PropertyValueSpecification","valueRequired":true,"valueName":"search_term_string"}}],"inLanguage":"en-US"},{"@type":"Organization","@id":"https:\/\/www.starsislandlapalma.es\/#organization","name":"Star Island La Palma","url":"https:\/\/www.starsislandlapalma.es\/","logo":{"@type":"ImageObject","inLanguage":"en-US","@id":"https:\/\/www.starsislandlapalma.es\/#\/schema\/logo\/image\/","url":"https:\/\/www.starsislandlapalma.es\/wp-content\/uploads\/2022\/01\/logo_starisland.png","contentUrl":"https:\/\/www.starsislandlapalma.es\/wp-content\/uploads\/2022\/01\/logo_starisland.png","width":172,"height":139,"caption":"Star Island La Palma"},"image":{"@id":"https:\/\/www.starsislandlapalma.es\/#\/schema\/logo\/image\/"},"sameAs":["https:\/\/www.facebook.com\/pages\/Starsisland-La-Palma\/210888162375006?ref=hl","https:\/\/x.com\/starsislandlapa","https:\/\/www.pinterest.com\/astroturismo\/","https:\/\/www.youtube.com\/channel\/UCV7sju1ggcBpJG39HQCBtsA"]},{"@type":"Person","@id":"https:\/\/www.starsislandlapalma.es\/#\/schema\/person\/f13229a3b841af335ecd3f1dbd12ac3a","name":"StarIsland","image":{"@type":"ImageObject","inLanguage":"en-US","@id":"https:\/\/www.starsislandlapalma.es\/#\/schema\/person\/image\/","url":"https:\/\/secure.gravatar.com\/avatar\/3cfee98e8471f9b7d33d9e257374fe5d?s=96&d=mm&r=g","contentUrl":"https:\/\/secure.gravatar.com\/avatar\/3cfee98e8471f9b7d33d9e257374fe5d?s=96&d=mm&r=g","caption":"StarIsland"},"url":"https:\/\/www.starsislandlapalma.es\/en\/author\/starisland\/"}]}},"_links":{"self":[{"href":"https:\/\/www.starsislandlapalma.es\/en\/wp-json\/wp\/v2\/posts\/21259\/"}],"collection":[{"href":"https:\/\/www.starsislandlapalma.es\/en\/wp-json\/wp\/v2\/posts\/"}],"about":[{"href":"https:\/\/www.starsislandlapalma.es\/en\/wp-json\/wp\/v2\/types\/post\/"}],"author":[{"embeddable":true,"href":"https:\/\/www.starsislandlapalma.es\/en\/wp-json\/wp\/v2\/users\/2\/"}],"replies":[{"embeddable":true,"href":"https:\/\/www.starsislandlapalma.es\/en\/wp-json\/wp\/v2\/comments\/?post=21259"}],"version-history":[{"count":0,"href":"https:\/\/www.starsislandlapalma.es\/en\/wp-json\/wp\/v2\/posts\/21259\/revisions\/"}],"wp:featuredmedia":[{"embeddable":true,"href":"https:\/\/www.starsislandlapalma.es\/en\/wp-json\/wp\/v2\/media\/21251\/"}],"wp:attachment":[{"href":"https:\/\/www.starsislandlapalma.es\/en\/wp-json\/wp\/v2\/media\/?parent=21259"}],"wp:term":[{"taxonomy":"category","embeddable":true,"href":"https:\/\/www.starsislandlapalma.es\/en\/wp-json\/wp\/v2\/categories\/?post=21259"},{"taxonomy":"post_tag","embeddable":true,"href":"https:\/\/www.starsislandlapalma.es\/en\/wp-json\/wp\/v2\/tags\/?post=21259"}],"curies":[{"name":"wp","href":"https:\/\/api.w.org\/{rel}","templated":true}]}}